{"id":5203,"date":"2024-08-27T15:58:39","date_gmt":"2024-08-27T20:58:39","guid":{"rendered":"https:\/\/ardigitalnoticias.com\/?p=5203"},"modified":"2024-08-27T15:58:40","modified_gmt":"2024-08-27T20:58:40","slug":"joven-barbero-fue-atacado-con-arma-de-fuego-en-la-ciudad-de-neiva","status":"publish","type":"post","link":"https:\/\/ardigitalnoticias.com\/index.php\/2024\/08\/27\/joven-barbero-fue-atacado-con-arma-de-fuego-en-la-ciudad-de-neiva\/","title":{"rendered":"JOVEN BARBERO FUE ATACADO CON ARMA DE FUEGO EN LA CIUDAD DE NEIVA"},"content":{"rendered":"\n<p>Un joven barbero, identificado como Jonathan Trujillo, fue v\u00edctima de un violento ataque con arma de fuego en su lugar de trabajo, ubicado en la calle 50 con carrera 19, en el barrio \u00c1lamos Norte de Neiva.<\/p>\n\n\n\n<p><strong>POR: ANDR\u00c9S RODR\u00cdGUEZ.<\/strong><\/p>\n\n\n<div class=\"wp-block-image\">\n<figure class=\"aligncenter size-full\"><img loading=\"lazy\" decoding=\"async\" width=\"669\" height=\"647\" src=\"https:\/\/ardigitalnoticias.com\/wp-content\/uploads\/2024\/08\/FB_IMG_1724778708249.jpg\" alt=\"\" class=\"wp-image-5204\" srcset=\"https:\/\/ardigitalnoticias.com\/wp-content\/uploads\/2024\/08\/FB_IMG_1724778708249.jpg 669w, https:\/\/ardigitalnoticias.com\/wp-content\/uploads\/2024\/08\/FB_IMG_1724778708249-300x290.jpg 300w, https:\/\/ardigitalnoticias.com\/wp-content\/uploads\/2024\/08\/FB_IMG_1724778708249-150x145.jpg 150w\" sizes=\"auto, (max-width: 669px) 100vw, 669px\" \/><figcaption class=\"wp-element-caption\"><strong>Jonathan Trujillo<\/strong><\/figcaption><\/figure>\n<\/div>\n\n\n<p>El hecho ocurri\u00f3 mientras Trujillo se encontraba atendiendo a un cliente en su establecimiento.<\/p>\n\n\n\n<p>El agresor, ingres\u00f3 al local sin mediar palabra, dispar\u00f3 varias veces contra la v\u00edctima y luego huy\u00f3 r\u00e1pidamente del lugar a bordo de una motocicleta. La rapidez con la que se desarrollaron los hechos dej\u00f3 sin reacci\u00f3n a las personas que se encontraban en las inmediaciones del lugar.<\/p>\n\n\n\n<figure class=\"wp-block-video aligncenter\"><video height=\"480\" style=\"aspect-ratio: 848 \/ 480;\" width=\"848\" controls src=\"https:\/\/ardigitalnoticias.com\/wp-content\/uploads\/2024\/08\/VID-20240827-WA0513.mp4\"><\/video><\/figure>\n\n\n\n<p>Jonathan Trujillo, gravemente herido, fue trasladado de inmediato al Hospital Universitario de Neiva, donde los m\u00e9dicos luchan por salvarle la vida. Su estado de salud es delicado y la comunidad permanece atenta a su evoluci\u00f3n.<\/p>\n\n\n\n<p>El ataque ha generado una profunda conmoci\u00f3n en el barrio \u00c1lamos Norte. Los vecinos, consternados por el hecho, expresaron su temor ante el aumento de la violencia en la zona, mientras que las autoridades locales han iniciado una investigaci\u00f3n para dar con el paradero del responsable.<\/p>\n\n\n\n<p>De momento, no se han revelado detalles sobre posibles m\u00f3viles del ataque, pero la polic\u00eda trabaja intensamente en la recolecci\u00f3n de evidencias y testimonios que permitan esclarecer lo sucedido y capturar al agresor.<\/p>\n\n\n\n<figure class=\"wp-block-image size-large\"><img loading=\"lazy\" decoding=\"async\" width=\"1024\" height=\"586\" src=\"https:\/\/ardigitalnoticias.com\/wp-content\/uploads\/2024\/08\/retouch_2024082715053609-1024x586.jpg\" alt=\"\" class=\"wp-image-5205\" srcset=\"https:\/\/ardigitalnoticias.com\/wp-content\/uploads\/2024\/08\/retouch_2024082715053609-1024x586.jpg 1024w, https:\/\/ardigitalnoticias.com\/wp-content\/uploads\/2024\/08\/retouch_2024082715053609-300x172.jpg 300w, https:\/\/ardigitalnoticias.com\/wp-content\/uploads\/2024\/08\/retouch_2024082715053609-768x439.jpg 768w, https:\/\/ardigitalnoticias.com\/wp-content\/uploads\/2024\/08\/retouch_2024082715053609-150x86.jpg 150w, https:\/\/ardigitalnoticias.com\/wp-content\/uploads\/2024\/08\/retouch_2024082715053609-696x398.jpg 696w, https:\/\/ardigitalnoticias.com\/wp-content\/uploads\/2024\/08\/retouch_2024082715053609-1068x611.jpg 1068w, https:\/\/ardigitalnoticias.com\/wp-content\/uploads\/2024\/08\/retouch_2024082715053609.jpg 1080w\" sizes=\"auto, (max-width: 1024px) 100vw, 1024px\" \/><\/figure>\n","protected":false},"excerpt":{"rendered":"<p>Un joven barbero, identificado como Jonathan Trujillo, fue v\u00edctima de un violento ataque con arma de fuego en su lugar de trabajo, ubicado en la calle 50 con carrera 19, en el barrio \u00c1lamos Norte de Neiva. POR: ANDR\u00c9S RODR\u00cdGUEZ. El hecho ocurri\u00f3 mientras Trujillo se encontraba atendiendo a un cliente en su establecimiento. El [&hellip;]<\/p>\n","protected":false},"author":3,"featured_media":5207,"comment_status":"open","ping_status":"open","sticky":false,"template":"","format":"standard","meta":{"_acf_changed":false,"_joinchat":[],"footnotes":""},"categories":[20,26,19],"tags":[],"class_list":{"0":"post-5203","1":"post","2":"type-post","3":"status-publish","4":"format-standard","5":"has-post-thumbnail","7":"category-judicial","8":"category-norte","9":"category-regional"},"acf":[],"yoast_head":"<!-- This site is optimized with the Yoast SEO plugin v27.4 - https:\/\/yoast.com\/product\/yoast-seo-wordpress\/ -->\n<title>JOVEN BARBERO FUE ATACADO CON ARMA DE FUEGO EN LA CIUDAD DE NEIVA - AR Digital Noticias<\/title>\n<meta name=\"robots\" content=\"index, follow, max-snippet:-1, max-image-preview:large, max-video-preview:-1\" \/>\n<link rel=\"canonical\" href=\"https:\/\/ardigitalnoticias.com\/index.php\/2024\/08\/27\/joven-barbero-fue-atacado-con-arma-de-fuego-en-la-ciudad-de-neiva\/\" \/>\n<meta property=\"og:locale\" content=\"es_ES\" \/>\n<meta property=\"og:type\" content=\"article\" \/>\n<meta property=\"og:title\" content=\"JOVEN BARBERO FUE ATACADO CON ARMA DE FUEGO EN LA CIUDAD DE NEIVA - AR Digital Noticias\" \/>\n<meta property=\"og:description\" content=\"Un joven barbero, identificado como Jonathan Trujillo, fue v\u00edctima de un violento ataque con arma de fuego en su lugar de trabajo, ubicado en la calle 50 con carrera 19, en el barrio \u00c1lamos Norte de Neiva. POR: ANDR\u00c9S RODR\u00cdGUEZ. El hecho ocurri\u00f3 mientras Trujillo se encontraba atendiendo a un cliente en su establecimiento. El [&hellip;]\" \/>\n<meta property=\"og:url\" content=\"https:\/\/ardigitalnoticias.com\/index.php\/2024\/08\/27\/joven-barbero-fue-atacado-con-arma-de-fuego-en-la-ciudad-de-neiva\/\" \/>\n<meta property=\"og:site_name\" content=\"AR Digital Noticias\" \/>\n<meta property=\"article:published_time\" content=\"2024-08-27T20:58:39+00:00\" \/>\n<meta property=\"article:modified_time\" content=\"2024-08-27T20:58:40+00:00\" \/>\n<meta property=\"og:image\" content=\"https:\/\/ardigitalnoticias.com\/wp-content\/uploads\/2024\/08\/InShot_20240827_152654313.jpg\" \/>\n\t<meta property=\"og:image:width\" content=\"1920\" \/>\n\t<meta property=\"og:image:height\" content=\"1079\" \/>\n\t<meta property=\"og:image:type\" content=\"image\/jpeg\" \/>\n<meta name=\"author\" content=\"Editor ArDigitalNoticias\" \/>\n<meta name=\"twitter:card\" content=\"summary_large_image\" \/>\n<meta name=\"twitter:label1\" content=\"Escrito por\" \/>\n\t<meta name=\"twitter:data1\" content=\"Editor ArDigitalNoticias\" \/>\n\t<meta name=\"twitter:label2\" content=\"Tiempo de lectura\" \/>\n\t<meta name=\"twitter:data2\" content=\"2 minutos\" \/>\n<script type=\"application\/ld+json\" class=\"yoast-schema-graph\">{\"@context\":\"https:\\\/\\\/schema.org\",\"@graph\":[{\"@type\":\"Article\",\"@id\":\"https:\\\/\\\/ardigitalnoticias.com\\\/index.php\\\/2024\\\/08\\\/27\\\/joven-barbero-fue-atacado-con-arma-de-fuego-en-la-ciudad-de-neiva\\\/#article\",\"isPartOf\":{\"@id\":\"https:\\\/\\\/ardigitalnoticias.com\\\/index.php\\\/2024\\\/08\\\/27\\\/joven-barbero-fue-atacado-con-arma-de-fuego-en-la-ciudad-de-neiva\\\/\"},\"author\":{\"name\":\"Editor ArDigitalNoticias\",\"@id\":\"https:\\\/\\\/ardigitalnoticias.com\\\/#\\\/schema\\\/person\\\/759c8138ebc77e85adb1aa750003a751\"},\"headline\":\"JOVEN BARBERO FUE ATACADO CON ARMA DE FUEGO EN LA CIUDAD DE NEIVA\",\"datePublished\":\"2024-08-27T20:58:39+00:00\",\"dateModified\":\"2024-08-27T20:58:40+00:00\",\"mainEntityOfPage\":{\"@id\":\"https:\\\/\\\/ardigitalnoticias.com\\\/index.php\\\/2024\\\/08\\\/27\\\/joven-barbero-fue-atacado-con-arma-de-fuego-en-la-ciudad-de-neiva\\\/\"},\"wordCount\":242,\"commentCount\":0,\"publisher\":{\"@id\":\"https:\\\/\\\/ardigitalnoticias.com\\\/#organization\"},\"image\":{\"@id\":\"https:\\\/\\\/ardigitalnoticias.com\\\/index.php\\\/2024\\\/08\\\/27\\\/joven-barbero-fue-atacado-con-arma-de-fuego-en-la-ciudad-de-neiva\\\/#primaryimage\"},\"thumbnailUrl\":\"https:\\\/\\\/ardigitalnoticias.com\\\/wp-content\\\/uploads\\\/2024\\\/08\\\/InShot_20240827_152654313.jpg\",\"articleSection\":[\"Judicial\",\"Norte\",\"Regional\"],\"inLanguage\":\"es\",\"potentialAction\":[{\"@type\":\"CommentAction\",\"name\":\"Comment\",\"target\":[\"https:\\\/\\\/ardigitalnoticias.com\\\/index.php\\\/2024\\\/08\\\/27\\\/joven-barbero-fue-atacado-con-arma-de-fuego-en-la-ciudad-de-neiva\\\/#respond\"]}]},{\"@type\":\"WebPage\",\"@id\":\"https:\\\/\\\/ardigitalnoticias.com\\\/index.php\\\/2024\\\/08\\\/27\\\/joven-barbero-fue-atacado-con-arma-de-fuego-en-la-ciudad-de-neiva\\\/\",\"url\":\"https:\\\/\\\/ardigitalnoticias.com\\\/index.php\\\/2024\\\/08\\\/27\\\/joven-barbero-fue-atacado-con-arma-de-fuego-en-la-ciudad-de-neiva\\\/\",\"name\":\"JOVEN BARBERO FUE ATACADO CON ARMA DE FUEGO EN LA CIUDAD DE NEIVA - AR Digital Noticias\",\"isPartOf\":{\"@id\":\"https:\\\/\\\/ardigitalnoticias.com\\\/#website\"},\"primaryImageOfPage\":{\"@id\":\"https:\\\/\\\/ardigitalnoticias.com\\\/index.php\\\/2024\\\/08\\\/27\\\/joven-barbero-fue-atacado-con-arma-de-fuego-en-la-ciudad-de-neiva\\\/#primaryimage\"},\"image\":{\"@id\":\"https:\\\/\\\/ardigitalnoticias.com\\\/index.php\\\/2024\\\/08\\\/27\\\/joven-barbero-fue-atacado-con-arma-de-fuego-en-la-ciudad-de-neiva\\\/#primaryimage\"},\"thumbnailUrl\":\"https:\\\/\\\/ardigitalnoticias.com\\\/wp-content\\\/uploads\\\/2024\\\/08\\\/InShot_20240827_152654313.jpg\",\"datePublished\":\"2024-08-27T20:58:39+00:00\",\"dateModified\":\"2024-08-27T20:58:40+00:00\",\"breadcrumb\":{\"@id\":\"https:\\\/\\\/ardigitalnoticias.com\\\/index.php\\\/2024\\\/08\\\/27\\\/joven-barbero-fue-atacado-con-arma-de-fuego-en-la-ciudad-de-neiva\\\/#breadcrumb\"},\"inLanguage\":\"es\",\"potentialAction\":[{\"@type\":\"ReadAction\",\"target\":[\"https:\\\/\\\/ardigitalnoticias.com\\\/index.php\\\/2024\\\/08\\\/27\\\/joven-barbero-fue-atacado-con-arma-de-fuego-en-la-ciudad-de-neiva\\\/\"]}]},{\"@type\":\"ImageObject\",\"inLanguage\":\"es\",\"@id\":\"https:\\\/\\\/ardigitalnoticias.com\\\/index.php\\\/2024\\\/08\\\/27\\\/joven-barbero-fue-atacado-con-arma-de-fuego-en-la-ciudad-de-neiva\\\/#primaryimage\",\"url\":\"https:\\\/\\\/ardigitalnoticias.com\\\/wp-content\\\/uploads\\\/2024\\\/08\\\/InShot_20240827_152654313.jpg\",\"contentUrl\":\"https:\\\/\\\/ardigitalnoticias.com\\\/wp-content\\\/uploads\\\/2024\\\/08\\\/InShot_20240827_152654313.jpg\",\"width\":1920,\"height\":1079},{\"@type\":\"BreadcrumbList\",\"@id\":\"https:\\\/\\\/ardigitalnoticias.com\\\/index.php\\\/2024\\\/08\\\/27\\\/joven-barbero-fue-atacado-con-arma-de-fuego-en-la-ciudad-de-neiva\\\/#breadcrumb\",\"itemListElement\":[{\"@type\":\"ListItem\",\"position\":1,\"name\":\"Portada\",\"item\":\"https:\\\/\\\/ardigitalnoticias.com\\\/\"},{\"@type\":\"ListItem\",\"position\":2,\"name\":\"JOVEN BARBERO FUE ATACADO CON ARMA DE FUEGO EN LA CIUDAD DE NEIVA\"}]},{\"@type\":\"WebSite\",\"@id\":\"https:\\\/\\\/ardigitalnoticias.com\\\/#website\",\"url\":\"https:\\\/\\\/ardigitalnoticias.com\\\/\",\"name\":\"AR Digital Noticias\",\"description\":\"\",\"publisher\":{\"@id\":\"https:\\\/\\\/ardigitalnoticias.com\\\/#organization\"},\"potentialAction\":[{\"@type\":\"SearchAction\",\"target\":{\"@type\":\"EntryPoint\",\"urlTemplate\":\"https:\\\/\\\/ardigitalnoticias.com\\\/?s={search_term_string}\"},\"query-input\":{\"@type\":\"PropertyValueSpecification\",\"valueRequired\":true,\"valueName\":\"search_term_string\"}}],\"inLanguage\":\"es\"},{\"@type\":\"Organization\",\"@id\":\"https:\\\/\\\/ardigitalnoticias.com\\\/#organization\",\"name\":\"AR Digital Noticias\",\"url\":\"https:\\\/\\\/ardigitalnoticias.com\\\/\",\"logo\":{\"@type\":\"ImageObject\",\"inLanguage\":\"es\",\"@id\":\"https:\\\/\\\/ardigitalnoticias.com\\\/#\\\/schema\\\/logo\\\/image\\\/\",\"url\":\"https:\\\/\\\/ardigitalnoticias.com\\\/wp-content\\\/uploads\\\/2023\\\/11\\\/cropped-cropped-cropped-cropped-AR-Digital-Noticias-1.png\",\"contentUrl\":\"https:\\\/\\\/ardigitalnoticias.com\\\/wp-content\\\/uploads\\\/2023\\\/11\\\/cropped-cropped-cropped-cropped-AR-Digital-Noticias-1.png\",\"width\":972,\"height\":306,\"caption\":\"AR Digital Noticias\"},\"image\":{\"@id\":\"https:\\\/\\\/ardigitalnoticias.com\\\/#\\\/schema\\\/logo\\\/image\\\/\"}},{\"@type\":\"Person\",\"@id\":\"https:\\\/\\\/ardigitalnoticias.com\\\/#\\\/schema\\\/person\\\/759c8138ebc77e85adb1aa750003a751\",\"name\":\"Editor ArDigitalNoticias\",\"image\":{\"@type\":\"ImageObject\",\"inLanguage\":\"es\",\"@id\":\"https:\\\/\\\/secure.gravatar.com\\\/avatar\\\/2c7f3656ea34567ef10422f22f4395b6cc422854a0b986ba788597ac36902f93?s=96&d=mm&r=g\",\"url\":\"https:\\\/\\\/secure.gravatar.com\\\/avatar\\\/2c7f3656ea34567ef10422f22f4395b6cc422854a0b986ba788597ac36902f93?s=96&d=mm&r=g\",\"contentUrl\":\"https:\\\/\\\/secure.gravatar.com\\\/avatar\\\/2c7f3656ea34567ef10422f22f4395b6cc422854a0b986ba788597ac36902f93?s=96&d=mm&r=g\",\"caption\":\"Editor ArDigitalNoticias\"},\"sameAs\":[\"http:\\\/\\\/ardigitalnoticias.com\"],\"url\":\"https:\\\/\\\/ardigitalnoticias.com\\\/index.php\\\/author\\\/editor\\\/\"}]}<\/script>\n<!-- \/ Yoast SEO plugin. -->","yoast_head_json":{"title":"JOVEN BARBERO FUE ATACADO CON ARMA DE FUEGO EN LA CIUDAD DE NEIVA - AR Digital Noticias","robots":{"index":"index","follow":"follow","max-snippet":"max-snippet:-1","max-image-preview":"max-image-preview:large","max-video-preview":"max-video-preview:-1"},"canonical":"https:\/\/ardigitalnoticias.com\/index.php\/2024\/08\/27\/joven-barbero-fue-atacado-con-arma-de-fuego-en-la-ciudad-de-neiva\/","og_locale":"es_ES","og_type":"article","og_title":"JOVEN BARBERO FUE ATACADO CON ARMA DE FUEGO EN LA CIUDAD DE NEIVA - AR Digital Noticias","og_description":"Un joven barbero, identificado como Jonathan Trujillo, fue v\u00edctima de un violento ataque con arma de fuego en su lugar de trabajo, ubicado en la calle 50 con carrera 19, en el barrio \u00c1lamos Norte de Neiva. POR: ANDR\u00c9S RODR\u00cdGUEZ. El hecho ocurri\u00f3 mientras Trujillo se encontraba atendiendo a un cliente en su establecimiento. El [&hellip;]","og_url":"https:\/\/ardigitalnoticias.com\/index.php\/2024\/08\/27\/joven-barbero-fue-atacado-con-arma-de-fuego-en-la-ciudad-de-neiva\/","og_site_name":"AR Digital Noticias","article_published_time":"2024-08-27T20:58:39+00:00","article_modified_time":"2024-08-27T20:58:40+00:00","og_image":[{"width":1920,"height":1079,"url":"https:\/\/ardigitalnoticias.com\/wp-content\/uploads\/2024\/08\/InShot_20240827_152654313.jpg","type":"image\/jpeg"}],"author":"Editor ArDigitalNoticias","twitter_card":"summary_large_image","twitter_misc":{"Escrito por":"Editor ArDigitalNoticias","Tiempo de lectura":"2 minutos"},"schema":{"@context":"https:\/\/schema.org","@graph":[{"@type":"Article","@id":"https:\/\/ardigitalnoticias.com\/index.php\/2024\/08\/27\/joven-barbero-fue-atacado-con-arma-de-fuego-en-la-ciudad-de-neiva\/#article","isPartOf":{"@id":"https:\/\/ardigitalnoticias.com\/index.php\/2024\/08\/27\/joven-barbero-fue-atacado-con-arma-de-fuego-en-la-ciudad-de-neiva\/"},"author":{"name":"Editor ArDigitalNoticias","@id":"https:\/\/ardigitalnoticias.com\/#\/schema\/person\/759c8138ebc77e85adb1aa750003a751"},"headline":"JOVEN BARBERO FUE ATACADO CON ARMA DE FUEGO EN LA CIUDAD DE NEIVA","datePublished":"2024-08-27T20:58:39+00:00","dateModified":"2024-08-27T20:58:40+00:00","mainEntityOfPage":{"@id":"https:\/\/ardigitalnoticias.com\/index.php\/2024\/08\/27\/joven-barbero-fue-atacado-con-arma-de-fuego-en-la-ciudad-de-neiva\/"},"wordCount":242,"commentCount":0,"publisher":{"@id":"https:\/\/ardigitalnoticias.com\/#organization"},"image":{"@id":"https:\/\/ardigitalnoticias.com\/index.php\/2024\/08\/27\/joven-barbero-fue-atacado-con-arma-de-fuego-en-la-ciudad-de-neiva\/#primaryimage"},"thumbnailUrl":"https:\/\/ardigitalnoticias.com\/wp-content\/uploads\/2024\/08\/InShot_20240827_152654313.jpg","articleSection":["Judicial","Norte","Regional"],"inLanguage":"es","potentialAction":[{"@type":"CommentAction","name":"Comment","target":["https:\/\/ardigitalnoticias.com\/index.php\/2024\/08\/27\/joven-barbero-fue-atacado-con-arma-de-fuego-en-la-ciudad-de-neiva\/#respond"]}]},{"@type":"WebPage","@id":"https:\/\/ardigitalnoticias.com\/index.php\/2024\/08\/27\/joven-barbero-fue-atacado-con-arma-de-fuego-en-la-ciudad-de-neiva\/","url":"https:\/\/ardigitalnoticias.com\/index.php\/2024\/08\/27\/joven-barbero-fue-atacado-con-arma-de-fuego-en-la-ciudad-de-neiva\/","name":"JOVEN BARBERO FUE ATACADO CON ARMA DE FUEGO EN LA CIUDAD DE NEIVA - AR Digital Noticias","isPartOf":{"@id":"https:\/\/ardigitalnoticias.com\/#website"},"primaryImageOfPage":{"@id":"https:\/\/ardigitalnoticias.com\/index.php\/2024\/08\/27\/joven-barbero-fue-atacado-con-arma-de-fuego-en-la-ciudad-de-neiva\/#primaryimage"},"image":{"@id":"https:\/\/ardigitalnoticias.com\/index.php\/2024\/08\/27\/joven-barbero-fue-atacado-con-arma-de-fuego-en-la-ciudad-de-neiva\/#primaryimage"},"thumbnailUrl":"https:\/\/ardigitalnoticias.com\/wp-content\/uploads\/2024\/08\/InShot_20240827_152654313.jpg","datePublished":"2024-08-27T20:58:39+00:00","dateModified":"2024-08-27T20:58:40+00:00","breadcrumb":{"@id":"https:\/\/ardigitalnoticias.com\/index.php\/2024\/08\/27\/joven-barbero-fue-atacado-con-arma-de-fuego-en-la-ciudad-de-neiva\/#breadcrumb"},"inLanguage":"es","potentialAction":[{"@type":"ReadAction","target":["https:\/\/ardigitalnoticias.com\/index.php\/2024\/08\/27\/joven-barbero-fue-atacado-con-arma-de-fuego-en-la-ciudad-de-neiva\/"]}]},{"@type":"ImageObject","inLanguage":"es","@id":"https:\/\/ardigitalnoticias.com\/index.php\/2024\/08\/27\/joven-barbero-fue-atacado-con-arma-de-fuego-en-la-ciudad-de-neiva\/#primaryimage","url":"https:\/\/ardigitalnoticias.com\/wp-content\/uploads\/2024\/08\/InShot_20240827_152654313.jpg","contentUrl":"https:\/\/ardigitalnoticias.com\/wp-content\/uploads\/2024\/08\/InShot_20240827_152654313.jpg","width":1920,"height":1079},{"@type":"BreadcrumbList","@id":"https:\/\/ardigitalnoticias.com\/index.php\/2024\/08\/27\/joven-barbero-fue-atacado-con-arma-de-fuego-en-la-ciudad-de-neiva\/#breadcrumb","itemListElement":[{"@type":"ListItem","position":1,"name":"Portada","item":"https:\/\/ardigitalnoticias.com\/"},{"@type":"ListItem","position":2,"name":"JOVEN BARBERO FUE ATACADO CON ARMA DE FUEGO EN LA CIUDAD DE NEIVA"}]},{"@type":"WebSite","@id":"https:\/\/ardigitalnoticias.com\/#website","url":"https:\/\/ardigitalnoticias.com\/","name":"AR Digital Noticias","description":"","publisher":{"@id":"https:\/\/ardigitalnoticias.com\/#organization"},"potentialAction":[{"@type":"SearchAction","target":{"@type":"EntryPoint","urlTemplate":"https:\/\/ardigitalnoticias.com\/?s={search_term_string}"},"query-input":{"@type":"PropertyValueSpecification","valueRequired":true,"valueName":"search_term_string"}}],"inLanguage":"es"},{"@type":"Organization","@id":"https:\/\/ardigitalnoticias.com\/#organization","name":"AR Digital Noticias","url":"https:\/\/ardigitalnoticias.com\/","logo":{"@type":"ImageObject","inLanguage":"es","@id":"https:\/\/ardigitalnoticias.com\/#\/schema\/logo\/image\/","url":"https:\/\/ardigitalnoticias.com\/wp-content\/uploads\/2023\/11\/cropped-cropped-cropped-cropped-AR-Digital-Noticias-1.png","contentUrl":"https:\/\/ardigitalnoticias.com\/wp-content\/uploads\/2023\/11\/cropped-cropped-cropped-cropped-AR-Digital-Noticias-1.png","width":972,"height":306,"caption":"AR Digital Noticias"},"image":{"@id":"https:\/\/ardigitalnoticias.com\/#\/schema\/logo\/image\/"}},{"@type":"Person","@id":"https:\/\/ardigitalnoticias.com\/#\/schema\/person\/759c8138ebc77e85adb1aa750003a751","name":"Editor ArDigitalNoticias","image":{"@type":"ImageObject","inLanguage":"es","@id":"https:\/\/secure.gravatar.com\/avatar\/2c7f3656ea34567ef10422f22f4395b6cc422854a0b986ba788597ac36902f93?s=96&d=mm&r=g","url":"https:\/\/secure.gravatar.com\/avatar\/2c7f3656ea34567ef10422f22f4395b6cc422854a0b986ba788597ac36902f93?s=96&d=mm&r=g","contentUrl":"https:\/\/secure.gravatar.com\/avatar\/2c7f3656ea34567ef10422f22f4395b6cc422854a0b986ba788597ac36902f93?s=96&d=mm&r=g","caption":"Editor ArDigitalNoticias"},"sameAs":["http:\/\/ardigitalnoticias.com"],"url":"https:\/\/ardigitalnoticias.com\/index.php\/author\/editor\/"}]}},"_links":{"self":[{"href":"https:\/\/ardigitalnoticias.com\/index.php\/wp-json\/wp\/v2\/posts\/5203","targetHints":{"allow":["GET"]}}],"collection":[{"href":"https:\/\/ardigitalnoticias.com\/index.php\/wp-json\/wp\/v2\/posts"}],"about":[{"href":"https:\/\/ardigitalnoticias.com\/index.php\/wp-json\/wp\/v2\/types\/post"}],"author":[{"embeddable":true,"href":"https:\/\/ardigitalnoticias.com\/index.php\/wp-json\/wp\/v2\/users\/3"}],"replies":[{"embeddable":true,"href":"https:\/\/ardigitalnoticias.com\/index.php\/wp-json\/wp\/v2\/comments?post=5203"}],"version-history":[{"count":1,"href":"https:\/\/ardigitalnoticias.com\/index.php\/wp-json\/wp\/v2\/posts\/5203\/revisions"}],"predecessor-version":[{"id":5208,"href":"https:\/\/ardigitalnoticias.com\/index.php\/wp-json\/wp\/v2\/posts\/5203\/revisions\/5208"}],"wp:featuredmedia":[{"embeddable":true,"href":"https:\/\/ardigitalnoticias.com\/index.php\/wp-json\/wp\/v2\/media\/5207"}],"wp:attachment":[{"href":"https:\/\/ardigitalnoticias.com\/index.php\/wp-json\/wp\/v2\/media?parent=5203"}],"wp:term":[{"taxonomy":"category","embeddable":true,"href":"https:\/\/ardigitalnoticias.com\/index.php\/wp-json\/wp\/v2\/categories?post=5203"},{"taxonomy":"post_tag","embeddable":true,"href":"https:\/\/ardigitalnoticias.com\/index.php\/wp-json\/wp\/v2\/tags?post=5203"}],"curies":[{"name":"wp","href":"https:\/\/api.w.org\/{rel}","templated":true}]}}