{"id":5191,"date":"2024-08-27T12:04:07","date_gmt":"2024-08-27T17:04:07","guid":{"rendered":"https:\/\/ardigitalnoticias.com\/?p=5191"},"modified":"2024-08-27T12:04:08","modified_gmt":"2024-08-27T17:04:08","slug":"joven-perdio-la-vida-en-tragico-accidente-en-la-avenida-circunvalar-de-neiva","status":"publish","type":"post","link":"https:\/\/ardigitalnoticias.com\/index.php\/2024\/08\/27\/joven-perdio-la-vida-en-tragico-accidente-en-la-avenida-circunvalar-de-neiva\/","title":{"rendered":"JOVEN PERDI\u00d3 LA VIDA EN TR\u00c1GICO ACCIDENTE EN LA AVENIDA CIRCUNVALAR DE NEIVA"},"content":{"rendered":"\n<p>En la madrugada del martes 27 de agosto, un tr\u00e1gico accidente de tr\u00e1nsito en la avenida Circunvalar de Neiva cobr\u00f3 la vida de Jeisnner Ma\u00f1ozca, un joven motociclista.<\/p>\n\n\n\n<p><strong>POR: ANDR\u00c9S RODR\u00cdGUEZ. <\/strong><\/p>\n\n\n<div class=\"wp-block-image\">\n<figure class=\"aligncenter size-large\"><img loading=\"lazy\" decoding=\"async\" width=\"819\" height=\"1024\" src=\"https:\/\/ardigitalnoticias.com\/wp-content\/uploads\/2024\/08\/FB_IMG_1724777660185-819x1024.jpg\" alt=\"\" class=\"wp-image-5192\" srcset=\"https:\/\/ardigitalnoticias.com\/wp-content\/uploads\/2024\/08\/FB_IMG_1724777660185-819x1024.jpg 819w, https:\/\/ardigitalnoticias.com\/wp-content\/uploads\/2024\/08\/FB_IMG_1724777660185-240x300.jpg 240w, https:\/\/ardigitalnoticias.com\/wp-content\/uploads\/2024\/08\/FB_IMG_1724777660185-768x960.jpg 768w, https:\/\/ardigitalnoticias.com\/wp-content\/uploads\/2024\/08\/FB_IMG_1724777660185-150x188.jpg 150w, https:\/\/ardigitalnoticias.com\/wp-content\/uploads\/2024\/08\/FB_IMG_1724777660185-300x375.jpg 300w, https:\/\/ardigitalnoticias.com\/wp-content\/uploads\/2024\/08\/FB_IMG_1724777660185-696x870.jpg 696w, https:\/\/ardigitalnoticias.com\/wp-content\/uploads\/2024\/08\/FB_IMG_1724777660185-1068x1335.jpg 1068w, https:\/\/ardigitalnoticias.com\/wp-content\/uploads\/2024\/08\/FB_IMG_1724777660185.jpg 1080w\" sizes=\"auto, (max-width: 819px) 100vw, 819px\" \/><figcaption class=\"wp-element-caption\"><strong>Jeisnner Ma\u00f1ozca Q.E.P.D<\/strong><\/figcaption><\/figure>\n<\/div>\n\n\n<p> El fat\u00eddico suceso tuvo lugar cerca del monumento El Moh\u00e1n, alrededor de las 5:30 a.m., generando una profunda conmoci\u00f3n en la comunidad.<\/p>\n\n\n\n<p>Seg\u00fan el relato de testigos, el accidente ocurri\u00f3 cuando Ma\u00f1ozca, quien conduc\u00eda una motocicleta Honda 125 de color negro, con placas PLM-12G, perdi\u00f3 el control del veh\u00edculo y se estrell\u00f3 violentamente contra un \u00e1rbol. A pesar de la pronta llegada de los equipos de emergencia, la gravedad del impacto result\u00f3 en el fallecimiento inmediato del joven en el lugar del accidente.<\/p>\n\n\n<div class=\"wp-block-image\">\n<figure class=\"aligncenter size-large\"><img loading=\"lazy\" decoding=\"async\" width=\"576\" height=\"1024\" src=\"https:\/\/ardigitalnoticias.com\/wp-content\/uploads\/2024\/08\/FB_IMG_1724765468215-576x1024.jpg\" alt=\"\" class=\"wp-image-5193\" srcset=\"https:\/\/ardigitalnoticias.com\/wp-content\/uploads\/2024\/08\/FB_IMG_1724765468215-576x1024.jpg 576w, https:\/\/ardigitalnoticias.com\/wp-content\/uploads\/2024\/08\/FB_IMG_1724765468215-169x300.jpg 169w, https:\/\/ardigitalnoticias.com\/wp-content\/uploads\/2024\/08\/FB_IMG_1724765468215-768x1365.jpg 768w, https:\/\/ardigitalnoticias.com\/wp-content\/uploads\/2024\/08\/FB_IMG_1724765468215-864x1536.jpg 864w, https:\/\/ardigitalnoticias.com\/wp-content\/uploads\/2024\/08\/FB_IMG_1724765468215-150x267.jpg 150w, https:\/\/ardigitalnoticias.com\/wp-content\/uploads\/2024\/08\/FB_IMG_1724765468215-300x533.jpg 300w, https:\/\/ardigitalnoticias.com\/wp-content\/uploads\/2024\/08\/FB_IMG_1724765468215-696x1237.jpg 696w, https:\/\/ardigitalnoticias.com\/wp-content\/uploads\/2024\/08\/FB_IMG_1724765468215.jpg 900w\" sizes=\"auto, (max-width: 576px) 100vw, 576px\" \/><\/figure>\n<\/div>\n\n\n<p>Las autoridades de tr\u00e1nsito han iniciado una investigaci\u00f3n exhaustiva para esclarecer las causas de la colisi\u00f3n. Aunque a\u00fan no se han determinado las razones exactas, no se descarta que un microsue\u00f1o o una falla mec\u00e1nica hayan contribuido al tr\u00e1gico desenlace.<\/p>\n\n\n\n<p>Paralelamente, las unidades de criminal\u00edstica realizaron el levantamiento del cuerpo, que fue trasladado a Medicina Legal para la confirmaci\u00f3n formal de la identidad de la v\u00edctima.<\/p>\n\n\n\n<p>La comunidad que presenci\u00f3 el accidente jug\u00f3 un papel crucial al evitar que habitantes de calle aprovecharan la situaci\u00f3n para robar las pertenencias del motociclista, frustrando as\u00ed el intento de hurto.<\/p>\n\n\n\n<p>Las autoridades contin\u00faan investigando para prevenir que tragedias similares ocurran en el futuro. En respuesta a este lamentable hecho, las autoridades hacen un llamado urgente a la prudencia en las v\u00edas y al estricto cumplimiento de las normas de tr\u00e1nsito, con el fin de salvaguardar vidas y evitar m\u00e1s p\u00e9rdidas irreparables.<\/p>\n\n\n<div class=\"wp-block-image\">\n<figure class=\"aligncenter size-large\"><img loading=\"lazy\" decoding=\"async\" width=\"576\" height=\"1024\" src=\"https:\/\/ardigitalnoticias.com\/wp-content\/uploads\/2024\/08\/FB_IMG_1724765465805-576x1024.jpg\" alt=\"\" class=\"wp-image-5194\" srcset=\"https:\/\/ardigitalnoticias.com\/wp-content\/uploads\/2024\/08\/FB_IMG_1724765465805-576x1024.jpg 576w, https:\/\/ardigitalnoticias.com\/wp-content\/uploads\/2024\/08\/FB_IMG_1724765465805-169x300.jpg 169w, https:\/\/ardigitalnoticias.com\/wp-content\/uploads\/2024\/08\/FB_IMG_1724765465805-768x1365.jpg 768w, https:\/\/ardigitalnoticias.com\/wp-content\/uploads\/2024\/08\/FB_IMG_1724765465805-864x1536.jpg 864w, https:\/\/ardigitalnoticias.com\/wp-content\/uploads\/2024\/08\/FB_IMG_1724765465805-150x267.jpg 150w, https:\/\/ardigitalnoticias.com\/wp-content\/uploads\/2024\/08\/FB_IMG_1724765465805-300x533.jpg 300w, https:\/\/ardigitalnoticias.com\/wp-content\/uploads\/2024\/08\/FB_IMG_1724765465805-696x1237.jpg 696w, https:\/\/ardigitalnoticias.com\/wp-content\/uploads\/2024\/08\/FB_IMG_1724765465805.jpg 900w\" sizes=\"auto, (max-width: 576px) 100vw, 576px\" \/><\/figure>\n<\/div>","protected":false},"excerpt":{"rendered":"<p>En la madrugada del martes 27 de agosto, un tr\u00e1gico accidente de tr\u00e1nsito en la avenida Circunvalar de Neiva cobr\u00f3 la vida de Jeisnner Ma\u00f1ozca, un joven motociclista. POR: ANDR\u00c9S RODR\u00cdGUEZ. El fat\u00eddico suceso tuvo lugar cerca del monumento El Moh\u00e1n, alrededor de las 5:30 a.m., generando una profunda conmoci\u00f3n en la comunidad. Seg\u00fan el [&hellip;]<\/p>\n","protected":false},"author":3,"featured_media":5195,"comment_status":"open","ping_status":"open","sticky":false,"template":"","format":"standard","meta":{"_acf_changed":false,"_joinchat":[],"footnotes":""},"categories":[20,26,19],"tags":[],"class_list":{"0":"post-5191","1":"post","2":"type-post","3":"status-publish","4":"format-standard","5":"has-post-thumbnail","7":"category-judicial","8":"category-norte","9":"category-regional"},"acf":[],"yoast_head":"<!-- This site is optimized with the Yoast SEO plugin v27.4 - https:\/\/yoast.com\/product\/yoast-seo-wordpress\/ -->\n<title>JOVEN PERDI\u00d3 LA VIDA EN TR\u00c1GICO ACCIDENTE EN LA AVENIDA CIRCUNVALAR DE NEIVA - AR Digital Noticias<\/title>\n<meta name=\"robots\" content=\"index, follow, max-snippet:-1, max-image-preview:large, max-video-preview:-1\" \/>\n<link rel=\"canonical\" href=\"https:\/\/www.ardigitalnoticias.com\/index.php\/2024\/08\/27\/joven-perdio-la-vida-en-tragico-accidente-en-la-avenida-circunvalar-de-neiva\/\" \/>\n<meta property=\"og:locale\" content=\"es_ES\" \/>\n<meta property=\"og:type\" content=\"article\" \/>\n<meta property=\"og:title\" content=\"JOVEN PERDI\u00d3 LA VIDA EN TR\u00c1GICO ACCIDENTE EN LA AVENIDA CIRCUNVALAR DE NEIVA - AR Digital Noticias\" \/>\n<meta property=\"og:description\" content=\"En la madrugada del martes 27 de agosto, un tr\u00e1gico accidente de tr\u00e1nsito en la avenida Circunvalar de Neiva cobr\u00f3 la vida de Jeisnner Ma\u00f1ozca, un joven motociclista. POR: ANDR\u00c9S RODR\u00cdGUEZ. El fat\u00eddico suceso tuvo lugar cerca del monumento El Moh\u00e1n, alrededor de las 5:30 a.m., generando una profunda conmoci\u00f3n en la comunidad. Seg\u00fan el [&hellip;]\" \/>\n<meta property=\"og:url\" content=\"https:\/\/www.ardigitalnoticias.com\/index.php\/2024\/08\/27\/joven-perdio-la-vida-en-tragico-accidente-en-la-avenida-circunvalar-de-neiva\/\" \/>\n<meta property=\"og:site_name\" content=\"AR Digital Noticias\" \/>\n<meta property=\"article:published_time\" content=\"2024-08-27T17:04:07+00:00\" \/>\n<meta property=\"article:modified_time\" content=\"2024-08-27T17:04:08+00:00\" \/>\n<meta property=\"og:image\" content=\"https:\/\/www.ardigitalnoticias.com\/wp-content\/uploads\/2024\/08\/InShot_20240827_115528026.jpg\" \/>\n\t<meta property=\"og:image:width\" content=\"1920\" \/>\n\t<meta property=\"og:image:height\" content=\"1079\" \/>\n\t<meta property=\"og:image:type\" content=\"image\/jpeg\" \/>\n<meta name=\"author\" content=\"Editor ArDigitalNoticias\" \/>\n<meta name=\"twitter:card\" content=\"summary_large_image\" \/>\n<meta name=\"twitter:label1\" content=\"Escrito por\" \/>\n\t<meta name=\"twitter:data1\" content=\"Editor ArDigitalNoticias\" \/>\n\t<meta name=\"twitter:label2\" content=\"Tiempo de lectura\" \/>\n\t<meta name=\"twitter:data2\" content=\"3 minutos\" \/>\n<script type=\"application\/ld+json\" class=\"yoast-schema-graph\">{\"@context\":\"https:\\\/\\\/schema.org\",\"@graph\":[{\"@type\":\"Article\",\"@id\":\"https:\\\/\\\/www.ardigitalnoticias.com\\\/index.php\\\/2024\\\/08\\\/27\\\/joven-perdio-la-vida-en-tragico-accidente-en-la-avenida-circunvalar-de-neiva\\\/#article\",\"isPartOf\":{\"@id\":\"https:\\\/\\\/www.ardigitalnoticias.com\\\/index.php\\\/2024\\\/08\\\/27\\\/joven-perdio-la-vida-en-tragico-accidente-en-la-avenida-circunvalar-de-neiva\\\/\"},\"author\":{\"name\":\"Editor ArDigitalNoticias\",\"@id\":\"https:\\\/\\\/ardigitalnoticias.com\\\/#\\\/schema\\\/person\\\/759c8138ebc77e85adb1aa750003a751\"},\"headline\":\"JOVEN PERDI\u00d3 LA VIDA EN TR\u00c1GICO ACCIDENTE EN LA AVENIDA CIRCUNVALAR DE NEIVA\",\"datePublished\":\"2024-08-27T17:04:07+00:00\",\"dateModified\":\"2024-08-27T17:04:08+00:00\",\"mainEntityOfPage\":{\"@id\":\"https:\\\/\\\/www.ardigitalnoticias.com\\\/index.php\\\/2024\\\/08\\\/27\\\/joven-perdio-la-vida-en-tragico-accidente-en-la-avenida-circunvalar-de-neiva\\\/\"},\"wordCount\":310,\"commentCount\":0,\"publisher\":{\"@id\":\"https:\\\/\\\/ardigitalnoticias.com\\\/#organization\"},\"image\":{\"@id\":\"https:\\\/\\\/www.ardigitalnoticias.com\\\/index.php\\\/2024\\\/08\\\/27\\\/joven-perdio-la-vida-en-tragico-accidente-en-la-avenida-circunvalar-de-neiva\\\/#primaryimage\"},\"thumbnailUrl\":\"https:\\\/\\\/ardigitalnoticias.com\\\/wp-content\\\/uploads\\\/2024\\\/08\\\/InShot_20240827_115528026.jpg\",\"articleSection\":[\"Judicial\",\"Norte\",\"Regional\"],\"inLanguage\":\"es\",\"potentialAction\":[{\"@type\":\"CommentAction\",\"name\":\"Comment\",\"target\":[\"https:\\\/\\\/www.ardigitalnoticias.com\\\/index.php\\\/2024\\\/08\\\/27\\\/joven-perdio-la-vida-en-tragico-accidente-en-la-avenida-circunvalar-de-neiva\\\/#respond\"]}]},{\"@type\":\"WebPage\",\"@id\":\"https:\\\/\\\/www.ardigitalnoticias.com\\\/index.php\\\/2024\\\/08\\\/27\\\/joven-perdio-la-vida-en-tragico-accidente-en-la-avenida-circunvalar-de-neiva\\\/\",\"url\":\"https:\\\/\\\/www.ardigitalnoticias.com\\\/index.php\\\/2024\\\/08\\\/27\\\/joven-perdio-la-vida-en-tragico-accidente-en-la-avenida-circunvalar-de-neiva\\\/\",\"name\":\"JOVEN PERDI\u00d3 LA VIDA EN TR\u00c1GICO ACCIDENTE EN LA AVENIDA CIRCUNVALAR DE NEIVA - AR Digital Noticias\",\"isPartOf\":{\"@id\":\"https:\\\/\\\/ardigitalnoticias.com\\\/#website\"},\"primaryImageOfPage\":{\"@id\":\"https:\\\/\\\/www.ardigitalnoticias.com\\\/index.php\\\/2024\\\/08\\\/27\\\/joven-perdio-la-vida-en-tragico-accidente-en-la-avenida-circunvalar-de-neiva\\\/#primaryimage\"},\"image\":{\"@id\":\"https:\\\/\\\/www.ardigitalnoticias.com\\\/index.php\\\/2024\\\/08\\\/27\\\/joven-perdio-la-vida-en-tragico-accidente-en-la-avenida-circunvalar-de-neiva\\\/#primaryimage\"},\"thumbnailUrl\":\"https:\\\/\\\/ardigitalnoticias.com\\\/wp-content\\\/uploads\\\/2024\\\/08\\\/InShot_20240827_115528026.jpg\",\"datePublished\":\"2024-08-27T17:04:07+00:00\",\"dateModified\":\"2024-08-27T17:04:08+00:00\",\"breadcrumb\":{\"@id\":\"https:\\\/\\\/www.ardigitalnoticias.com\\\/index.php\\\/2024\\\/08\\\/27\\\/joven-perdio-la-vida-en-tragico-accidente-en-la-avenida-circunvalar-de-neiva\\\/#breadcrumb\"},\"inLanguage\":\"es\",\"potentialAction\":[{\"@type\":\"ReadAction\",\"target\":[\"https:\\\/\\\/www.ardigitalnoticias.com\\\/index.php\\\/2024\\\/08\\\/27\\\/joven-perdio-la-vida-en-tragico-accidente-en-la-avenida-circunvalar-de-neiva\\\/\"]}]},{\"@type\":\"ImageObject\",\"inLanguage\":\"es\",\"@id\":\"https:\\\/\\\/www.ardigitalnoticias.com\\\/index.php\\\/2024\\\/08\\\/27\\\/joven-perdio-la-vida-en-tragico-accidente-en-la-avenida-circunvalar-de-neiva\\\/#primaryimage\",\"url\":\"https:\\\/\\\/ardigitalnoticias.com\\\/wp-content\\\/uploads\\\/2024\\\/08\\\/InShot_20240827_115528026.jpg\",\"contentUrl\":\"https:\\\/\\\/ardigitalnoticias.com\\\/wp-content\\\/uploads\\\/2024\\\/08\\\/InShot_20240827_115528026.jpg\",\"width\":1920,\"height\":1079},{\"@type\":\"BreadcrumbList\",\"@id\":\"https:\\\/\\\/www.ardigitalnoticias.com\\\/index.php\\\/2024\\\/08\\\/27\\\/joven-perdio-la-vida-en-tragico-accidente-en-la-avenida-circunvalar-de-neiva\\\/#breadcrumb\",\"itemListElement\":[{\"@type\":\"ListItem\",\"position\":1,\"name\":\"Portada\",\"item\":\"https:\\\/\\\/ardigitalnoticias.com\\\/\"},{\"@type\":\"ListItem\",\"position\":2,\"name\":\"JOVEN PERDI\u00d3 LA VIDA EN TR\u00c1GICO ACCIDENTE EN LA AVENIDA CIRCUNVALAR DE NEIVA\"}]},{\"@type\":\"WebSite\",\"@id\":\"https:\\\/\\\/ardigitalnoticias.com\\\/#website\",\"url\":\"https:\\\/\\\/ardigitalnoticias.com\\\/\",\"name\":\"AR Digital Noticias\",\"description\":\"\",\"publisher\":{\"@id\":\"https:\\\/\\\/ardigitalnoticias.com\\\/#organization\"},\"potentialAction\":[{\"@type\":\"SearchAction\",\"target\":{\"@type\":\"EntryPoint\",\"urlTemplate\":\"https:\\\/\\\/ardigitalnoticias.com\\\/?s={search_term_string}\"},\"query-input\":{\"@type\":\"PropertyValueSpecification\",\"valueRequired\":true,\"valueName\":\"search_term_string\"}}],\"inLanguage\":\"es\"},{\"@type\":\"Organization\",\"@id\":\"https:\\\/\\\/ardigitalnoticias.com\\\/#organization\",\"name\":\"AR Digital Noticias\",\"url\":\"https:\\\/\\\/ardigitalnoticias.com\\\/\",\"logo\":{\"@type\":\"ImageObject\",\"inLanguage\":\"es\",\"@id\":\"https:\\\/\\\/ardigitalnoticias.com\\\/#\\\/schema\\\/logo\\\/image\\\/\",\"url\":\"https:\\\/\\\/ardigitalnoticias.com\\\/wp-content\\\/uploads\\\/2023\\\/11\\\/cropped-cropped-cropped-cropped-AR-Digital-Noticias-1.png\",\"contentUrl\":\"https:\\\/\\\/ardigitalnoticias.com\\\/wp-content\\\/uploads\\\/2023\\\/11\\\/cropped-cropped-cropped-cropped-AR-Digital-Noticias-1.png\",\"width\":972,\"height\":306,\"caption\":\"AR Digital Noticias\"},\"image\":{\"@id\":\"https:\\\/\\\/ardigitalnoticias.com\\\/#\\\/schema\\\/logo\\\/image\\\/\"}},{\"@type\":\"Person\",\"@id\":\"https:\\\/\\\/ardigitalnoticias.com\\\/#\\\/schema\\\/person\\\/759c8138ebc77e85adb1aa750003a751\",\"name\":\"Editor ArDigitalNoticias\",\"image\":{\"@type\":\"ImageObject\",\"inLanguage\":\"es\",\"@id\":\"https:\\\/\\\/secure.gravatar.com\\\/avatar\\\/2c7f3656ea34567ef10422f22f4395b6cc422854a0b986ba788597ac36902f93?s=96&d=mm&r=g\",\"url\":\"https:\\\/\\\/secure.gravatar.com\\\/avatar\\\/2c7f3656ea34567ef10422f22f4395b6cc422854a0b986ba788597ac36902f93?s=96&d=mm&r=g\",\"contentUrl\":\"https:\\\/\\\/secure.gravatar.com\\\/avatar\\\/2c7f3656ea34567ef10422f22f4395b6cc422854a0b986ba788597ac36902f93?s=96&d=mm&r=g\",\"caption\":\"Editor ArDigitalNoticias\"},\"sameAs\":[\"http:\\\/\\\/ardigitalnoticias.com\"],\"url\":\"https:\\\/\\\/ardigitalnoticias.com\\\/index.php\\\/author\\\/editor\\\/\"}]}<\/script>\n<!-- \/ Yoast SEO plugin. -->","yoast_head_json":{"title":"JOVEN PERDI\u00d3 LA VIDA EN TR\u00c1GICO ACCIDENTE EN LA AVENIDA CIRCUNVALAR DE NEIVA - AR Digital Noticias","robots":{"index":"index","follow":"follow","max-snippet":"max-snippet:-1","max-image-preview":"max-image-preview:large","max-video-preview":"max-video-preview:-1"},"canonical":"https:\/\/www.ardigitalnoticias.com\/index.php\/2024\/08\/27\/joven-perdio-la-vida-en-tragico-accidente-en-la-avenida-circunvalar-de-neiva\/","og_locale":"es_ES","og_type":"article","og_title":"JOVEN PERDI\u00d3 LA VIDA EN TR\u00c1GICO ACCIDENTE EN LA AVENIDA CIRCUNVALAR DE NEIVA - AR Digital Noticias","og_description":"En la madrugada del martes 27 de agosto, un tr\u00e1gico accidente de tr\u00e1nsito en la avenida Circunvalar de Neiva cobr\u00f3 la vida de Jeisnner Ma\u00f1ozca, un joven motociclista. POR: ANDR\u00c9S RODR\u00cdGUEZ. El fat\u00eddico suceso tuvo lugar cerca del monumento El Moh\u00e1n, alrededor de las 5:30 a.m., generando una profunda conmoci\u00f3n en la comunidad. Seg\u00fan el [&hellip;]","og_url":"https:\/\/www.ardigitalnoticias.com\/index.php\/2024\/08\/27\/joven-perdio-la-vida-en-tragico-accidente-en-la-avenida-circunvalar-de-neiva\/","og_site_name":"AR Digital Noticias","article_published_time":"2024-08-27T17:04:07+00:00","article_modified_time":"2024-08-27T17:04:08+00:00","og_image":[{"width":1920,"height":1079,"url":"https:\/\/www.ardigitalnoticias.com\/wp-content\/uploads\/2024\/08\/InShot_20240827_115528026.jpg","type":"image\/jpeg"}],"author":"Editor ArDigitalNoticias","twitter_card":"summary_large_image","twitter_misc":{"Escrito por":"Editor ArDigitalNoticias","Tiempo de lectura":"3 minutos"},"schema":{"@context":"https:\/\/schema.org","@graph":[{"@type":"Article","@id":"https:\/\/www.ardigitalnoticias.com\/index.php\/2024\/08\/27\/joven-perdio-la-vida-en-tragico-accidente-en-la-avenida-circunvalar-de-neiva\/#article","isPartOf":{"@id":"https:\/\/www.ardigitalnoticias.com\/index.php\/2024\/08\/27\/joven-perdio-la-vida-en-tragico-accidente-en-la-avenida-circunvalar-de-neiva\/"},"author":{"name":"Editor ArDigitalNoticias","@id":"https:\/\/ardigitalnoticias.com\/#\/schema\/person\/759c8138ebc77e85adb1aa750003a751"},"headline":"JOVEN PERDI\u00d3 LA VIDA EN TR\u00c1GICO ACCIDENTE EN LA AVENIDA CIRCUNVALAR DE NEIVA","datePublished":"2024-08-27T17:04:07+00:00","dateModified":"2024-08-27T17:04:08+00:00","mainEntityOfPage":{"@id":"https:\/\/www.ardigitalnoticias.com\/index.php\/2024\/08\/27\/joven-perdio-la-vida-en-tragico-accidente-en-la-avenida-circunvalar-de-neiva\/"},"wordCount":310,"commentCount":0,"publisher":{"@id":"https:\/\/ardigitalnoticias.com\/#organization"},"image":{"@id":"https:\/\/www.ardigitalnoticias.com\/index.php\/2024\/08\/27\/joven-perdio-la-vida-en-tragico-accidente-en-la-avenida-circunvalar-de-neiva\/#primaryimage"},"thumbnailUrl":"https:\/\/ardigitalnoticias.com\/wp-content\/uploads\/2024\/08\/InShot_20240827_115528026.jpg","articleSection":["Judicial","Norte","Regional"],"inLanguage":"es","potentialAction":[{"@type":"CommentAction","name":"Comment","target":["https:\/\/www.ardigitalnoticias.com\/index.php\/2024\/08\/27\/joven-perdio-la-vida-en-tragico-accidente-en-la-avenida-circunvalar-de-neiva\/#respond"]}]},{"@type":"WebPage","@id":"https:\/\/www.ardigitalnoticias.com\/index.php\/2024\/08\/27\/joven-perdio-la-vida-en-tragico-accidente-en-la-avenida-circunvalar-de-neiva\/","url":"https:\/\/www.ardigitalnoticias.com\/index.php\/2024\/08\/27\/joven-perdio-la-vida-en-tragico-accidente-en-la-avenida-circunvalar-de-neiva\/","name":"JOVEN PERDI\u00d3 LA VIDA EN TR\u00c1GICO ACCIDENTE EN LA AVENIDA CIRCUNVALAR DE NEIVA - AR Digital Noticias","isPartOf":{"@id":"https:\/\/ardigitalnoticias.com\/#website"},"primaryImageOfPage":{"@id":"https:\/\/www.ardigitalnoticias.com\/index.php\/2024\/08\/27\/joven-perdio-la-vida-en-tragico-accidente-en-la-avenida-circunvalar-de-neiva\/#primaryimage"},"image":{"@id":"https:\/\/www.ardigitalnoticias.com\/index.php\/2024\/08\/27\/joven-perdio-la-vida-en-tragico-accidente-en-la-avenida-circunvalar-de-neiva\/#primaryimage"},"thumbnailUrl":"https:\/\/ardigitalnoticias.com\/wp-content\/uploads\/2024\/08\/InShot_20240827_115528026.jpg","datePublished":"2024-08-27T17:04:07+00:00","dateModified":"2024-08-27T17:04:08+00:00","breadcrumb":{"@id":"https:\/\/www.ardigitalnoticias.com\/index.php\/2024\/08\/27\/joven-perdio-la-vida-en-tragico-accidente-en-la-avenida-circunvalar-de-neiva\/#breadcrumb"},"inLanguage":"es","potentialAction":[{"@type":"ReadAction","target":["https:\/\/www.ardigitalnoticias.com\/index.php\/2024\/08\/27\/joven-perdio-la-vida-en-tragico-accidente-en-la-avenida-circunvalar-de-neiva\/"]}]},{"@type":"ImageObject","inLanguage":"es","@id":"https:\/\/www.ardigitalnoticias.com\/index.php\/2024\/08\/27\/joven-perdio-la-vida-en-tragico-accidente-en-la-avenida-circunvalar-de-neiva\/#primaryimage","url":"https:\/\/ardigitalnoticias.com\/wp-content\/uploads\/2024\/08\/InShot_20240827_115528026.jpg","contentUrl":"https:\/\/ardigitalnoticias.com\/wp-content\/uploads\/2024\/08\/InShot_20240827_115528026.jpg","width":1920,"height":1079},{"@type":"BreadcrumbList","@id":"https:\/\/www.ardigitalnoticias.com\/index.php\/2024\/08\/27\/joven-perdio-la-vida-en-tragico-accidente-en-la-avenida-circunvalar-de-neiva\/#breadcrumb","itemListElement":[{"@type":"ListItem","position":1,"name":"Portada","item":"https:\/\/ardigitalnoticias.com\/"},{"@type":"ListItem","position":2,"name":"JOVEN PERDI\u00d3 LA VIDA EN TR\u00c1GICO ACCIDENTE EN LA AVENIDA CIRCUNVALAR DE NEIVA"}]},{"@type":"WebSite","@id":"https:\/\/ardigitalnoticias.com\/#website","url":"https:\/\/ardigitalnoticias.com\/","name":"AR Digital Noticias","description":"","publisher":{"@id":"https:\/\/ardigitalnoticias.com\/#organization"},"potentialAction":[{"@type":"SearchAction","target":{"@type":"EntryPoint","urlTemplate":"https:\/\/ardigitalnoticias.com\/?s={search_term_string}"},"query-input":{"@type":"PropertyValueSpecification","valueRequired":true,"valueName":"search_term_string"}}],"inLanguage":"es"},{"@type":"Organization","@id":"https:\/\/ardigitalnoticias.com\/#organization","name":"AR Digital Noticias","url":"https:\/\/ardigitalnoticias.com\/","logo":{"@type":"ImageObject","inLanguage":"es","@id":"https:\/\/ardigitalnoticias.com\/#\/schema\/logo\/image\/","url":"https:\/\/ardigitalnoticias.com\/wp-content\/uploads\/2023\/11\/cropped-cropped-cropped-cropped-AR-Digital-Noticias-1.png","contentUrl":"https:\/\/ardigitalnoticias.com\/wp-content\/uploads\/2023\/11\/cropped-cropped-cropped-cropped-AR-Digital-Noticias-1.png","width":972,"height":306,"caption":"AR Digital Noticias"},"image":{"@id":"https:\/\/ardigitalnoticias.com\/#\/schema\/logo\/image\/"}},{"@type":"Person","@id":"https:\/\/ardigitalnoticias.com\/#\/schema\/person\/759c8138ebc77e85adb1aa750003a751","name":"Editor ArDigitalNoticias","image":{"@type":"ImageObject","inLanguage":"es","@id":"https:\/\/secure.gravatar.com\/avatar\/2c7f3656ea34567ef10422f22f4395b6cc422854a0b986ba788597ac36902f93?s=96&d=mm&r=g","url":"https:\/\/secure.gravatar.com\/avatar\/2c7f3656ea34567ef10422f22f4395b6cc422854a0b986ba788597ac36902f93?s=96&d=mm&r=g","contentUrl":"https:\/\/secure.gravatar.com\/avatar\/2c7f3656ea34567ef10422f22f4395b6cc422854a0b986ba788597ac36902f93?s=96&d=mm&r=g","caption":"Editor ArDigitalNoticias"},"sameAs":["http:\/\/ardigitalnoticias.com"],"url":"https:\/\/ardigitalnoticias.com\/index.php\/author\/editor\/"}]}},"_links":{"self":[{"href":"https:\/\/ardigitalnoticias.com\/index.php\/wp-json\/wp\/v2\/posts\/5191","targetHints":{"allow":["GET"]}}],"collection":[{"href":"https:\/\/ardigitalnoticias.com\/index.php\/wp-json\/wp\/v2\/posts"}],"about":[{"href":"https:\/\/ardigitalnoticias.com\/index.php\/wp-json\/wp\/v2\/types\/post"}],"author":[{"embeddable":true,"href":"https:\/\/ardigitalnoticias.com\/index.php\/wp-json\/wp\/v2\/users\/3"}],"replies":[{"embeddable":true,"href":"https:\/\/ardigitalnoticias.com\/index.php\/wp-json\/wp\/v2\/comments?post=5191"}],"version-history":[{"count":1,"href":"https:\/\/ardigitalnoticias.com\/index.php\/wp-json\/wp\/v2\/posts\/5191\/revisions"}],"predecessor-version":[{"id":5196,"href":"https:\/\/ardigitalnoticias.com\/index.php\/wp-json\/wp\/v2\/posts\/5191\/revisions\/5196"}],"wp:featuredmedia":[{"embeddable":true,"href":"https:\/\/ardigitalnoticias.com\/index.php\/wp-json\/wp\/v2\/media\/5195"}],"wp:attachment":[{"href":"https:\/\/ardigitalnoticias.com\/index.php\/wp-json\/wp\/v2\/media?parent=5191"}],"wp:term":[{"taxonomy":"category","embeddable":true,"href":"https:\/\/ardigitalnoticias.com\/index.php\/wp-json\/wp\/v2\/categories?post=5191"},{"taxonomy":"post_tag","embeddable":true,"href":"https:\/\/ardigitalnoticias.com\/index.php\/wp-json\/wp\/v2\/tags?post=5191"}],"curies":[{"name":"wp","href":"https:\/\/api.w.org\/{rel}","templated":true}]}}