{"id":5129,"date":"2024-08-20T06:39:06","date_gmt":"2024-08-20T11:39:06","guid":{"rendered":"https:\/\/ardigitalnoticias.com\/?p=5129"},"modified":"2024-08-20T06:39:07","modified_gmt":"2024-08-20T11:39:07","slug":"atentado-con-artefacto-explosivo-causa-danos-en-almacen-comercial-en-el-centro-de-la-ciudad-de-neiva","status":"publish","type":"post","link":"https:\/\/ardigitalnoticias.com\/index.php\/2024\/08\/20\/atentado-con-artefacto-explosivo-causa-danos-en-almacen-comercial-en-el-centro-de-la-ciudad-de-neiva\/","title":{"rendered":"ATENTADO CON ARTEFACTO EXPLOSIVO CAUSA DA\u00d1OS EN ALMACEN COMERCIAL EN EL CENTRO DE LA CIUDAD DE NEIVA"},"content":{"rendered":"\n<p>En la madrugada de hoy, el centro de Neiva fue sacudido por una explosi\u00f3n que gener\u00f3 alarma entre los habitantes de la zona.<\/p>\n\n\n\n<p><strong>POR: ANDR\u00c9S RODR\u00cdGUEZ. <\/strong><\/p>\n\n\n<div class=\"wp-block-image\">\n<figure class=\"aligncenter size-large\"><img loading=\"lazy\" decoding=\"async\" width=\"770\" height=\"1024\" src=\"https:\/\/ardigitalnoticias.com\/wp-content\/uploads\/2024\/08\/FB_IMG_1724152832918-770x1024.jpg\" alt=\"\" class=\"wp-image-5131\" srcset=\"https:\/\/ardigitalnoticias.com\/wp-content\/uploads\/2024\/08\/FB_IMG_1724152832918-770x1024.jpg 770w, https:\/\/ardigitalnoticias.com\/wp-content\/uploads\/2024\/08\/FB_IMG_1724152832918-226x300.jpg 226w, https:\/\/ardigitalnoticias.com\/wp-content\/uploads\/2024\/08\/FB_IMG_1724152832918-768x1021.jpg 768w, https:\/\/ardigitalnoticias.com\/wp-content\/uploads\/2024\/08\/FB_IMG_1724152832918-150x199.jpg 150w, https:\/\/ardigitalnoticias.com\/wp-content\/uploads\/2024\/08\/FB_IMG_1724152832918-300x399.jpg 300w, https:\/\/ardigitalnoticias.com\/wp-content\/uploads\/2024\/08\/FB_IMG_1724152832918-696x925.jpg 696w, https:\/\/ardigitalnoticias.com\/wp-content\/uploads\/2024\/08\/FB_IMG_1724152832918.jpg 963w\" sizes=\"auto, (max-width: 770px) 100vw, 770px\" \/><\/figure>\n<\/div>\n\n\n<p>Un paquete explosivo, lanzado desde una motocicleta en movimiento, impact\u00f3 contra un almac\u00e9n de repuestos para motocicletas, ubicado en la carrera Cuarta, entre las calles Cuarta y Quinta.<\/p>\n\n\n\n<p>El artefacto, de mediana intensidad, ocasion\u00f3 serios da\u00f1os en el establecimiento comercial y afect\u00f3 a varios locales cercanos. Afortunadamente, no se registraron heridos tras el ataque, lo que trajo cierto alivio en medio del p\u00e1nico causado por el incidente.<\/p>\n\n\n\n<p>Las primeras hip\u00f3tesis de las autoridades apuntan a que este ataque podr\u00eda estar relacionado con intentos de extorsi\u00f3n, aunque a\u00fan no se ha confirmado oficialmente. La Polic\u00eda de Neiva ha iniciado una investigaci\u00f3n exhaustiva y est\u00e1 revisando las grabaciones de las c\u00e1maras de seguridad del sector para tratar de identificar a los responsables del atentado.<\/p>\n\n\n\n<p>El hecho ha generado preocupaci\u00f3n entre los comerciantes del \u00e1rea, quienes temen por su seguridad y la de sus negocios. La comunidad pide a las autoridades locales mayor presencia y acciones contundentes para frenar la creciente ola de violencia que parece estar afectando a la ciudad.<\/p>\n\n\n\n<p>Por ahora, el almac\u00e9n afectado y los locales cercanos se encuentran cerrados mientras se eval\u00faan los da\u00f1os y se espera que las investigaciones arrojen resultados que permitan capturar a los culpables de este grave suceso.<\/p>\n\n\n<div class=\"wp-block-image\">\n<figure class=\"aligncenter size-full\"><img loading=\"lazy\" decoding=\"async\" width=\"720\" height=\"957\" src=\"https:\/\/ardigitalnoticias.com\/wp-content\/uploads\/2024\/08\/IMG-20240820-WA0039.jpg\" alt=\"\" class=\"wp-image-5130\" srcset=\"https:\/\/ardigitalnoticias.com\/wp-content\/uploads\/2024\/08\/IMG-20240820-WA0039.jpg 720w, https:\/\/ardigitalnoticias.com\/wp-content\/uploads\/2024\/08\/IMG-20240820-WA0039-226x300.jpg 226w, https:\/\/ardigitalnoticias.com\/wp-content\/uploads\/2024\/08\/IMG-20240820-WA0039-150x199.jpg 150w, https:\/\/ardigitalnoticias.com\/wp-content\/uploads\/2024\/08\/IMG-20240820-WA0039-300x399.jpg 300w, https:\/\/ardigitalnoticias.com\/wp-content\/uploads\/2024\/08\/IMG-20240820-WA0039-696x925.jpg 696w\" sizes=\"auto, (max-width: 720px) 100vw, 720px\" \/><\/figure>\n<\/div>","protected":false},"excerpt":{"rendered":"<p>En la madrugada de hoy, el centro de Neiva fue sacudido por una explosi\u00f3n que gener\u00f3 alarma entre los habitantes de la zona. POR: ANDR\u00c9S RODR\u00cdGUEZ. Un paquete explosivo, lanzado desde una motocicleta en movimiento, impact\u00f3 contra un almac\u00e9n de repuestos para motocicletas, ubicado en la carrera Cuarta, entre las calles Cuarta y Quinta. El [&hellip;]<\/p>\n","protected":false},"author":3,"featured_media":5132,"comment_status":"open","ping_status":"open","sticky":false,"template":"","format":"standard","meta":{"_acf_changed":false,"_joinchat":[],"footnotes":""},"categories":[1,20,26,19],"tags":[],"class_list":{"0":"post-5129","1":"post","2":"type-post","3":"status-publish","4":"format-standard","5":"has-post-thumbnail","7":"category-actualidad","8":"category-judicial","9":"category-norte","10":"category-regional"},"acf":[],"yoast_head":"<!-- This site is optimized with the Yoast SEO plugin v27.4 - https:\/\/yoast.com\/product\/yoast-seo-wordpress\/ -->\n<title>ATENTADO CON ARTEFACTO EXPLOSIVO CAUSA DA\u00d1OS EN ALMACEN COMERCIAL EN EL CENTRO DE LA CIUDAD DE NEIVA - AR Digital Noticias<\/title>\n<meta name=\"robots\" content=\"index, follow, max-snippet:-1, max-image-preview:large, max-video-preview:-1\" \/>\n<link rel=\"canonical\" href=\"https:\/\/www.ardigitalnoticias.com\/index.php\/2024\/08\/20\/atentado-con-artefacto-explosivo-causa-danos-en-almacen-comercial-en-el-centro-de-la-ciudad-de-neiva\/\" \/>\n<meta property=\"og:locale\" content=\"es_ES\" \/>\n<meta property=\"og:type\" content=\"article\" \/>\n<meta property=\"og:title\" content=\"ATENTADO CON ARTEFACTO EXPLOSIVO CAUSA DA\u00d1OS EN ALMACEN COMERCIAL EN EL CENTRO DE LA CIUDAD DE NEIVA - AR Digital Noticias\" \/>\n<meta property=\"og:description\" content=\"En la madrugada de hoy, el centro de Neiva fue sacudido por una explosi\u00f3n que gener\u00f3 alarma entre los habitantes de la zona. POR: ANDR\u00c9S RODR\u00cdGUEZ. Un paquete explosivo, lanzado desde una motocicleta en movimiento, impact\u00f3 contra un almac\u00e9n de repuestos para motocicletas, ubicado en la carrera Cuarta, entre las calles Cuarta y Quinta. El [&hellip;]\" \/>\n<meta property=\"og:url\" content=\"https:\/\/www.ardigitalnoticias.com\/index.php\/2024\/08\/20\/atentado-con-artefacto-explosivo-causa-danos-en-almacen-comercial-en-el-centro-de-la-ciudad-de-neiva\/\" \/>\n<meta property=\"og:site_name\" content=\"AR Digital Noticias\" \/>\n<meta property=\"article:published_time\" content=\"2024-08-20T11:39:06+00:00\" \/>\n<meta property=\"article:modified_time\" content=\"2024-08-20T11:39:07+00:00\" \/>\n<meta property=\"og:image\" content=\"https:\/\/www.ardigitalnoticias.com\/wp-content\/uploads\/2024\/08\/InShot_20240820_063222329.jpg\" \/>\n\t<meta property=\"og:image:width\" content=\"1920\" \/>\n\t<meta property=\"og:image:height\" content=\"1079\" \/>\n\t<meta property=\"og:image:type\" content=\"image\/jpeg\" \/>\n<meta name=\"author\" content=\"Editor ArDigitalNoticias\" \/>\n<meta name=\"twitter:card\" content=\"summary_large_image\" \/>\n<meta name=\"twitter:label1\" content=\"Escrito por\" \/>\n\t<meta name=\"twitter:data1\" content=\"Editor ArDigitalNoticias\" \/>\n\t<meta name=\"twitter:label2\" content=\"Tiempo de lectura\" \/>\n\t<meta name=\"twitter:data2\" content=\"2 minutos\" \/>\n<script type=\"application\/ld+json\" class=\"yoast-schema-graph\">{\"@context\":\"https:\\\/\\\/schema.org\",\"@graph\":[{\"@type\":\"Article\",\"@id\":\"https:\\\/\\\/www.ardigitalnoticias.com\\\/index.php\\\/2024\\\/08\\\/20\\\/atentado-con-artefacto-explosivo-causa-danos-en-almacen-comercial-en-el-centro-de-la-ciudad-de-neiva\\\/#article\",\"isPartOf\":{\"@id\":\"https:\\\/\\\/www.ardigitalnoticias.com\\\/index.php\\\/2024\\\/08\\\/20\\\/atentado-con-artefacto-explosivo-causa-danos-en-almacen-comercial-en-el-centro-de-la-ciudad-de-neiva\\\/\"},\"author\":{\"name\":\"Editor ArDigitalNoticias\",\"@id\":\"https:\\\/\\\/ardigitalnoticias.com\\\/#\\\/schema\\\/person\\\/759c8138ebc77e85adb1aa750003a751\"},\"headline\":\"ATENTADO CON ARTEFACTO EXPLOSIVO CAUSA DA\u00d1OS EN ALMACEN COMERCIAL EN EL CENTRO DE LA CIUDAD DE NEIVA\",\"datePublished\":\"2024-08-20T11:39:06+00:00\",\"dateModified\":\"2024-08-20T11:39:07+00:00\",\"mainEntityOfPage\":{\"@id\":\"https:\\\/\\\/www.ardigitalnoticias.com\\\/index.php\\\/2024\\\/08\\\/20\\\/atentado-con-artefacto-explosivo-causa-danos-en-almacen-comercial-en-el-centro-de-la-ciudad-de-neiva\\\/\"},\"wordCount\":264,\"commentCount\":0,\"publisher\":{\"@id\":\"https:\\\/\\\/ardigitalnoticias.com\\\/#organization\"},\"image\":{\"@id\":\"https:\\\/\\\/www.ardigitalnoticias.com\\\/index.php\\\/2024\\\/08\\\/20\\\/atentado-con-artefacto-explosivo-causa-danos-en-almacen-comercial-en-el-centro-de-la-ciudad-de-neiva\\\/#primaryimage\"},\"thumbnailUrl\":\"https:\\\/\\\/ardigitalnoticias.com\\\/wp-content\\\/uploads\\\/2024\\\/08\\\/InShot_20240820_063222329.jpg\",\"articleSection\":[\"Actualidad\",\"Judicial\",\"Norte\",\"Regional\"],\"inLanguage\":\"es\",\"potentialAction\":[{\"@type\":\"CommentAction\",\"name\":\"Comment\",\"target\":[\"https:\\\/\\\/www.ardigitalnoticias.com\\\/index.php\\\/2024\\\/08\\\/20\\\/atentado-con-artefacto-explosivo-causa-danos-en-almacen-comercial-en-el-centro-de-la-ciudad-de-neiva\\\/#respond\"]}]},{\"@type\":\"WebPage\",\"@id\":\"https:\\\/\\\/www.ardigitalnoticias.com\\\/index.php\\\/2024\\\/08\\\/20\\\/atentado-con-artefacto-explosivo-causa-danos-en-almacen-comercial-en-el-centro-de-la-ciudad-de-neiva\\\/\",\"url\":\"https:\\\/\\\/www.ardigitalnoticias.com\\\/index.php\\\/2024\\\/08\\\/20\\\/atentado-con-artefacto-explosivo-causa-danos-en-almacen-comercial-en-el-centro-de-la-ciudad-de-neiva\\\/\",\"name\":\"ATENTADO CON ARTEFACTO EXPLOSIVO CAUSA DA\u00d1OS EN ALMACEN COMERCIAL EN EL CENTRO DE LA CIUDAD DE NEIVA - AR Digital Noticias\",\"isPartOf\":{\"@id\":\"https:\\\/\\\/ardigitalnoticias.com\\\/#website\"},\"primaryImageOfPage\":{\"@id\":\"https:\\\/\\\/www.ardigitalnoticias.com\\\/index.php\\\/2024\\\/08\\\/20\\\/atentado-con-artefacto-explosivo-causa-danos-en-almacen-comercial-en-el-centro-de-la-ciudad-de-neiva\\\/#primaryimage\"},\"image\":{\"@id\":\"https:\\\/\\\/www.ardigitalnoticias.com\\\/index.php\\\/2024\\\/08\\\/20\\\/atentado-con-artefacto-explosivo-causa-danos-en-almacen-comercial-en-el-centro-de-la-ciudad-de-neiva\\\/#primaryimage\"},\"thumbnailUrl\":\"https:\\\/\\\/ardigitalnoticias.com\\\/wp-content\\\/uploads\\\/2024\\\/08\\\/InShot_20240820_063222329.jpg\",\"datePublished\":\"2024-08-20T11:39:06+00:00\",\"dateModified\":\"2024-08-20T11:39:07+00:00\",\"breadcrumb\":{\"@id\":\"https:\\\/\\\/www.ardigitalnoticias.com\\\/index.php\\\/2024\\\/08\\\/20\\\/atentado-con-artefacto-explosivo-causa-danos-en-almacen-comercial-en-el-centro-de-la-ciudad-de-neiva\\\/#breadcrumb\"},\"inLanguage\":\"es\",\"potentialAction\":[{\"@type\":\"ReadAction\",\"target\":[\"https:\\\/\\\/www.ardigitalnoticias.com\\\/index.php\\\/2024\\\/08\\\/20\\\/atentado-con-artefacto-explosivo-causa-danos-en-almacen-comercial-en-el-centro-de-la-ciudad-de-neiva\\\/\"]}]},{\"@type\":\"ImageObject\",\"inLanguage\":\"es\",\"@id\":\"https:\\\/\\\/www.ardigitalnoticias.com\\\/index.php\\\/2024\\\/08\\\/20\\\/atentado-con-artefacto-explosivo-causa-danos-en-almacen-comercial-en-el-centro-de-la-ciudad-de-neiva\\\/#primaryimage\",\"url\":\"https:\\\/\\\/ardigitalnoticias.com\\\/wp-content\\\/uploads\\\/2024\\\/08\\\/InShot_20240820_063222329.jpg\",\"contentUrl\":\"https:\\\/\\\/ardigitalnoticias.com\\\/wp-content\\\/uploads\\\/2024\\\/08\\\/InShot_20240820_063222329.jpg\",\"width\":1920,\"height\":1079},{\"@type\":\"BreadcrumbList\",\"@id\":\"https:\\\/\\\/www.ardigitalnoticias.com\\\/index.php\\\/2024\\\/08\\\/20\\\/atentado-con-artefacto-explosivo-causa-danos-en-almacen-comercial-en-el-centro-de-la-ciudad-de-neiva\\\/#breadcrumb\",\"itemListElement\":[{\"@type\":\"ListItem\",\"position\":1,\"name\":\"Portada\",\"item\":\"https:\\\/\\\/ardigitalnoticias.com\\\/\"},{\"@type\":\"ListItem\",\"position\":2,\"name\":\"ATENTADO CON ARTEFACTO EXPLOSIVO CAUSA DA\u00d1OS EN ALMACEN COMERCIAL EN EL CENTRO DE LA CIUDAD DE NEIVA\"}]},{\"@type\":\"WebSite\",\"@id\":\"https:\\\/\\\/ardigitalnoticias.com\\\/#website\",\"url\":\"https:\\\/\\\/ardigitalnoticias.com\\\/\",\"name\":\"AR Digital Noticias\",\"description\":\"\",\"publisher\":{\"@id\":\"https:\\\/\\\/ardigitalnoticias.com\\\/#organization\"},\"potentialAction\":[{\"@type\":\"SearchAction\",\"target\":{\"@type\":\"EntryPoint\",\"urlTemplate\":\"https:\\\/\\\/ardigitalnoticias.com\\\/?s={search_term_string}\"},\"query-input\":{\"@type\":\"PropertyValueSpecification\",\"valueRequired\":true,\"valueName\":\"search_term_string\"}}],\"inLanguage\":\"es\"},{\"@type\":\"Organization\",\"@id\":\"https:\\\/\\\/ardigitalnoticias.com\\\/#organization\",\"name\":\"AR Digital Noticias\",\"url\":\"https:\\\/\\\/ardigitalnoticias.com\\\/\",\"logo\":{\"@type\":\"ImageObject\",\"inLanguage\":\"es\",\"@id\":\"https:\\\/\\\/ardigitalnoticias.com\\\/#\\\/schema\\\/logo\\\/image\\\/\",\"url\":\"https:\\\/\\\/ardigitalnoticias.com\\\/wp-content\\\/uploads\\\/2023\\\/11\\\/cropped-cropped-cropped-cropped-AR-Digital-Noticias-1.png\",\"contentUrl\":\"https:\\\/\\\/ardigitalnoticias.com\\\/wp-content\\\/uploads\\\/2023\\\/11\\\/cropped-cropped-cropped-cropped-AR-Digital-Noticias-1.png\",\"width\":972,\"height\":306,\"caption\":\"AR Digital Noticias\"},\"image\":{\"@id\":\"https:\\\/\\\/ardigitalnoticias.com\\\/#\\\/schema\\\/logo\\\/image\\\/\"}},{\"@type\":\"Person\",\"@id\":\"https:\\\/\\\/ardigitalnoticias.com\\\/#\\\/schema\\\/person\\\/759c8138ebc77e85adb1aa750003a751\",\"name\":\"Editor ArDigitalNoticias\",\"image\":{\"@type\":\"ImageObject\",\"inLanguage\":\"es\",\"@id\":\"https:\\\/\\\/secure.gravatar.com\\\/avatar\\\/2c7f3656ea34567ef10422f22f4395b6cc422854a0b986ba788597ac36902f93?s=96&d=mm&r=g\",\"url\":\"https:\\\/\\\/secure.gravatar.com\\\/avatar\\\/2c7f3656ea34567ef10422f22f4395b6cc422854a0b986ba788597ac36902f93?s=96&d=mm&r=g\",\"contentUrl\":\"https:\\\/\\\/secure.gravatar.com\\\/avatar\\\/2c7f3656ea34567ef10422f22f4395b6cc422854a0b986ba788597ac36902f93?s=96&d=mm&r=g\",\"caption\":\"Editor ArDigitalNoticias\"},\"sameAs\":[\"http:\\\/\\\/ardigitalnoticias.com\"],\"url\":\"https:\\\/\\\/ardigitalnoticias.com\\\/index.php\\\/author\\\/editor\\\/\"}]}<\/script>\n<!-- \/ Yoast SEO plugin. -->","yoast_head_json":{"title":"ATENTADO CON ARTEFACTO EXPLOSIVO CAUSA DA\u00d1OS EN ALMACEN COMERCIAL EN EL CENTRO DE LA CIUDAD DE NEIVA - AR Digital Noticias","robots":{"index":"index","follow":"follow","max-snippet":"max-snippet:-1","max-image-preview":"max-image-preview:large","max-video-preview":"max-video-preview:-1"},"canonical":"https:\/\/www.ardigitalnoticias.com\/index.php\/2024\/08\/20\/atentado-con-artefacto-explosivo-causa-danos-en-almacen-comercial-en-el-centro-de-la-ciudad-de-neiva\/","og_locale":"es_ES","og_type":"article","og_title":"ATENTADO CON ARTEFACTO EXPLOSIVO CAUSA DA\u00d1OS EN ALMACEN COMERCIAL EN EL CENTRO DE LA CIUDAD DE NEIVA - AR Digital Noticias","og_description":"En la madrugada de hoy, el centro de Neiva fue sacudido por una explosi\u00f3n que gener\u00f3 alarma entre los habitantes de la zona. POR: ANDR\u00c9S RODR\u00cdGUEZ. Un paquete explosivo, lanzado desde una motocicleta en movimiento, impact\u00f3 contra un almac\u00e9n de repuestos para motocicletas, ubicado en la carrera Cuarta, entre las calles Cuarta y Quinta. El [&hellip;]","og_url":"https:\/\/www.ardigitalnoticias.com\/index.php\/2024\/08\/20\/atentado-con-artefacto-explosivo-causa-danos-en-almacen-comercial-en-el-centro-de-la-ciudad-de-neiva\/","og_site_name":"AR Digital Noticias","article_published_time":"2024-08-20T11:39:06+00:00","article_modified_time":"2024-08-20T11:39:07+00:00","og_image":[{"width":1920,"height":1079,"url":"https:\/\/www.ardigitalnoticias.com\/wp-content\/uploads\/2024\/08\/InShot_20240820_063222329.jpg","type":"image\/jpeg"}],"author":"Editor ArDigitalNoticias","twitter_card":"summary_large_image","twitter_misc":{"Escrito por":"Editor ArDigitalNoticias","Tiempo de lectura":"2 minutos"},"schema":{"@context":"https:\/\/schema.org","@graph":[{"@type":"Article","@id":"https:\/\/www.ardigitalnoticias.com\/index.php\/2024\/08\/20\/atentado-con-artefacto-explosivo-causa-danos-en-almacen-comercial-en-el-centro-de-la-ciudad-de-neiva\/#article","isPartOf":{"@id":"https:\/\/www.ardigitalnoticias.com\/index.php\/2024\/08\/20\/atentado-con-artefacto-explosivo-causa-danos-en-almacen-comercial-en-el-centro-de-la-ciudad-de-neiva\/"},"author":{"name":"Editor ArDigitalNoticias","@id":"https:\/\/ardigitalnoticias.com\/#\/schema\/person\/759c8138ebc77e85adb1aa750003a751"},"headline":"ATENTADO CON ARTEFACTO EXPLOSIVO CAUSA DA\u00d1OS EN ALMACEN COMERCIAL EN EL CENTRO DE LA CIUDAD DE NEIVA","datePublished":"2024-08-20T11:39:06+00:00","dateModified":"2024-08-20T11:39:07+00:00","mainEntityOfPage":{"@id":"https:\/\/www.ardigitalnoticias.com\/index.php\/2024\/08\/20\/atentado-con-artefacto-explosivo-causa-danos-en-almacen-comercial-en-el-centro-de-la-ciudad-de-neiva\/"},"wordCount":264,"commentCount":0,"publisher":{"@id":"https:\/\/ardigitalnoticias.com\/#organization"},"image":{"@id":"https:\/\/www.ardigitalnoticias.com\/index.php\/2024\/08\/20\/atentado-con-artefacto-explosivo-causa-danos-en-almacen-comercial-en-el-centro-de-la-ciudad-de-neiva\/#primaryimage"},"thumbnailUrl":"https:\/\/ardigitalnoticias.com\/wp-content\/uploads\/2024\/08\/InShot_20240820_063222329.jpg","articleSection":["Actualidad","Judicial","Norte","Regional"],"inLanguage":"es","potentialAction":[{"@type":"CommentAction","name":"Comment","target":["https:\/\/www.ardigitalnoticias.com\/index.php\/2024\/08\/20\/atentado-con-artefacto-explosivo-causa-danos-en-almacen-comercial-en-el-centro-de-la-ciudad-de-neiva\/#respond"]}]},{"@type":"WebPage","@id":"https:\/\/www.ardigitalnoticias.com\/index.php\/2024\/08\/20\/atentado-con-artefacto-explosivo-causa-danos-en-almacen-comercial-en-el-centro-de-la-ciudad-de-neiva\/","url":"https:\/\/www.ardigitalnoticias.com\/index.php\/2024\/08\/20\/atentado-con-artefacto-explosivo-causa-danos-en-almacen-comercial-en-el-centro-de-la-ciudad-de-neiva\/","name":"ATENTADO CON ARTEFACTO EXPLOSIVO CAUSA DA\u00d1OS EN ALMACEN COMERCIAL EN EL CENTRO DE LA CIUDAD DE NEIVA - AR Digital Noticias","isPartOf":{"@id":"https:\/\/ardigitalnoticias.com\/#website"},"primaryImageOfPage":{"@id":"https:\/\/www.ardigitalnoticias.com\/index.php\/2024\/08\/20\/atentado-con-artefacto-explosivo-causa-danos-en-almacen-comercial-en-el-centro-de-la-ciudad-de-neiva\/#primaryimage"},"image":{"@id":"https:\/\/www.ardigitalnoticias.com\/index.php\/2024\/08\/20\/atentado-con-artefacto-explosivo-causa-danos-en-almacen-comercial-en-el-centro-de-la-ciudad-de-neiva\/#primaryimage"},"thumbnailUrl":"https:\/\/ardigitalnoticias.com\/wp-content\/uploads\/2024\/08\/InShot_20240820_063222329.jpg","datePublished":"2024-08-20T11:39:06+00:00","dateModified":"2024-08-20T11:39:07+00:00","breadcrumb":{"@id":"https:\/\/www.ardigitalnoticias.com\/index.php\/2024\/08\/20\/atentado-con-artefacto-explosivo-causa-danos-en-almacen-comercial-en-el-centro-de-la-ciudad-de-neiva\/#breadcrumb"},"inLanguage":"es","potentialAction":[{"@type":"ReadAction","target":["https:\/\/www.ardigitalnoticias.com\/index.php\/2024\/08\/20\/atentado-con-artefacto-explosivo-causa-danos-en-almacen-comercial-en-el-centro-de-la-ciudad-de-neiva\/"]}]},{"@type":"ImageObject","inLanguage":"es","@id":"https:\/\/www.ardigitalnoticias.com\/index.php\/2024\/08\/20\/atentado-con-artefacto-explosivo-causa-danos-en-almacen-comercial-en-el-centro-de-la-ciudad-de-neiva\/#primaryimage","url":"https:\/\/ardigitalnoticias.com\/wp-content\/uploads\/2024\/08\/InShot_20240820_063222329.jpg","contentUrl":"https:\/\/ardigitalnoticias.com\/wp-content\/uploads\/2024\/08\/InShot_20240820_063222329.jpg","width":1920,"height":1079},{"@type":"BreadcrumbList","@id":"https:\/\/www.ardigitalnoticias.com\/index.php\/2024\/08\/20\/atentado-con-artefacto-explosivo-causa-danos-en-almacen-comercial-en-el-centro-de-la-ciudad-de-neiva\/#breadcrumb","itemListElement":[{"@type":"ListItem","position":1,"name":"Portada","item":"https:\/\/ardigitalnoticias.com\/"},{"@type":"ListItem","position":2,"name":"ATENTADO CON ARTEFACTO EXPLOSIVO CAUSA DA\u00d1OS EN ALMACEN COMERCIAL EN EL CENTRO DE LA CIUDAD DE NEIVA"}]},{"@type":"WebSite","@id":"https:\/\/ardigitalnoticias.com\/#website","url":"https:\/\/ardigitalnoticias.com\/","name":"AR Digital Noticias","description":"","publisher":{"@id":"https:\/\/ardigitalnoticias.com\/#organization"},"potentialAction":[{"@type":"SearchAction","target":{"@type":"EntryPoint","urlTemplate":"https:\/\/ardigitalnoticias.com\/?s={search_term_string}"},"query-input":{"@type":"PropertyValueSpecification","valueRequired":true,"valueName":"search_term_string"}}],"inLanguage":"es"},{"@type":"Organization","@id":"https:\/\/ardigitalnoticias.com\/#organization","name":"AR Digital Noticias","url":"https:\/\/ardigitalnoticias.com\/","logo":{"@type":"ImageObject","inLanguage":"es","@id":"https:\/\/ardigitalnoticias.com\/#\/schema\/logo\/image\/","url":"https:\/\/ardigitalnoticias.com\/wp-content\/uploads\/2023\/11\/cropped-cropped-cropped-cropped-AR-Digital-Noticias-1.png","contentUrl":"https:\/\/ardigitalnoticias.com\/wp-content\/uploads\/2023\/11\/cropped-cropped-cropped-cropped-AR-Digital-Noticias-1.png","width":972,"height":306,"caption":"AR Digital Noticias"},"image":{"@id":"https:\/\/ardigitalnoticias.com\/#\/schema\/logo\/image\/"}},{"@type":"Person","@id":"https:\/\/ardigitalnoticias.com\/#\/schema\/person\/759c8138ebc77e85adb1aa750003a751","name":"Editor ArDigitalNoticias","image":{"@type":"ImageObject","inLanguage":"es","@id":"https:\/\/secure.gravatar.com\/avatar\/2c7f3656ea34567ef10422f22f4395b6cc422854a0b986ba788597ac36902f93?s=96&d=mm&r=g","url":"https:\/\/secure.gravatar.com\/avatar\/2c7f3656ea34567ef10422f22f4395b6cc422854a0b986ba788597ac36902f93?s=96&d=mm&r=g","contentUrl":"https:\/\/secure.gravatar.com\/avatar\/2c7f3656ea34567ef10422f22f4395b6cc422854a0b986ba788597ac36902f93?s=96&d=mm&r=g","caption":"Editor ArDigitalNoticias"},"sameAs":["http:\/\/ardigitalnoticias.com"],"url":"https:\/\/ardigitalnoticias.com\/index.php\/author\/editor\/"}]}},"_links":{"self":[{"href":"https:\/\/ardigitalnoticias.com\/index.php\/wp-json\/wp\/v2\/posts\/5129","targetHints":{"allow":["GET"]}}],"collection":[{"href":"https:\/\/ardigitalnoticias.com\/index.php\/wp-json\/wp\/v2\/posts"}],"about":[{"href":"https:\/\/ardigitalnoticias.com\/index.php\/wp-json\/wp\/v2\/types\/post"}],"author":[{"embeddable":true,"href":"https:\/\/ardigitalnoticias.com\/index.php\/wp-json\/wp\/v2\/users\/3"}],"replies":[{"embeddable":true,"href":"https:\/\/ardigitalnoticias.com\/index.php\/wp-json\/wp\/v2\/comments?post=5129"}],"version-history":[{"count":1,"href":"https:\/\/ardigitalnoticias.com\/index.php\/wp-json\/wp\/v2\/posts\/5129\/revisions"}],"predecessor-version":[{"id":5133,"href":"https:\/\/ardigitalnoticias.com\/index.php\/wp-json\/wp\/v2\/posts\/5129\/revisions\/5133"}],"wp:featuredmedia":[{"embeddable":true,"href":"https:\/\/ardigitalnoticias.com\/index.php\/wp-json\/wp\/v2\/media\/5132"}],"wp:attachment":[{"href":"https:\/\/ardigitalnoticias.com\/index.php\/wp-json\/wp\/v2\/media?parent=5129"}],"wp:term":[{"taxonomy":"category","embeddable":true,"href":"https:\/\/ardigitalnoticias.com\/index.php\/wp-json\/wp\/v2\/categories?post=5129"},{"taxonomy":"post_tag","embeddable":true,"href":"https:\/\/ardigitalnoticias.com\/index.php\/wp-json\/wp\/v2\/tags?post=5129"}],"curies":[{"name":"wp","href":"https:\/\/api.w.org\/{rel}","templated":true}]}}