{"id":5118,"date":"2024-08-19T09:10:06","date_gmt":"2024-08-19T14:10:06","guid":{"rendered":"https:\/\/ardigitalnoticias.com\/?p=5118"},"modified":"2024-08-19T09:10:17","modified_gmt":"2024-08-19T14:10:17","slug":"la-senorita-garzon-maria-sofia-pimentel-plaza-es-la-nueva-reina-departamental-del-arroz","status":"publish","type":"post","link":"https:\/\/ardigitalnoticias.com\/index.php\/2024\/08\/19\/la-senorita-garzon-maria-sofia-pimentel-plaza-es-la-nueva-reina-departamental-del-arroz\/","title":{"rendered":"LA SE\u00d1ORITA GARZ\u00d3N MARIA SOF\u00cdA PIMENTEL PLAZA, ES LA NUEVA REINA DEPARTAMENTAL DEL ARROZ"},"content":{"rendered":"\n<p>Sof\u00eda Pimentel Plaza, representante del municipio de Garz\u00f3n, se ha coronado como la nueva Reina Departamental del Arroz certamen celebrando en el municipio de Campoalegre.<\/p>\n\n\n\n<p><strong>POR: ANDR\u00c9S RODR\u00cdGUEZ. <\/strong><\/p>\n\n\n<div class=\"wp-block-image\">\n<figure class=\"aligncenter size-large\"><img loading=\"lazy\" decoding=\"async\" width=\"768\" height=\"1024\" src=\"https:\/\/ardigitalnoticias.com\/wp-content\/uploads\/2024\/08\/FB_IMG_1724075370256-768x1024.jpg\" alt=\"\" class=\"wp-image-5122\" srcset=\"https:\/\/ardigitalnoticias.com\/wp-content\/uploads\/2024\/08\/FB_IMG_1724075370256-768x1024.jpg 768w, https:\/\/ardigitalnoticias.com\/wp-content\/uploads\/2024\/08\/FB_IMG_1724075370256-225x300.jpg 225w, https:\/\/ardigitalnoticias.com\/wp-content\/uploads\/2024\/08\/FB_IMG_1724075370256-150x200.jpg 150w, https:\/\/ardigitalnoticias.com\/wp-content\/uploads\/2024\/08\/FB_IMG_1724075370256-300x400.jpg 300w, https:\/\/ardigitalnoticias.com\/wp-content\/uploads\/2024\/08\/FB_IMG_1724075370256-696x928.jpg 696w, https:\/\/ardigitalnoticias.com\/wp-content\/uploads\/2024\/08\/FB_IMG_1724075370256-1068x1424.jpg 1068w, https:\/\/ardigitalnoticias.com\/wp-content\/uploads\/2024\/08\/FB_IMG_1724075370256.jpg 1080w\" sizes=\"auto, (max-width: 768px) 100vw, 768px\" \/><\/figure>\n<\/div>\n\n\n<p>La joven llevar\u00e1 el orgullo del Huila al Certamen Nacional, que se celebrar\u00e1 en el departamento de Casanare, donde competir\u00e1 con las reinas de otras regiones del pa\u00eds.<\/p>\n\n\n\n<figure class=\"wp-block-gallery aligncenter has-nested-images columns-default is-cropped wp-block-gallery-1 is-layout-flex wp-block-gallery-is-layout-flex\">\n<figure class=\"wp-block-image size-large\"><img loading=\"lazy\" decoding=\"async\" width=\"822\" height=\"1024\" data-id=\"5126\" src=\"https:\/\/ardigitalnoticias.com\/wp-content\/uploads\/2024\/08\/Screenshot_20240819_083516_Instagram-822x1024.png\" alt=\"\" class=\"wp-image-5126\" srcset=\"https:\/\/ardigitalnoticias.com\/wp-content\/uploads\/2024\/08\/Screenshot_20240819_083516_Instagram-822x1024.png 822w, https:\/\/ardigitalnoticias.com\/wp-content\/uploads\/2024\/08\/Screenshot_20240819_083516_Instagram-241x300.png 241w, https:\/\/ardigitalnoticias.com\/wp-content\/uploads\/2024\/08\/Screenshot_20240819_083516_Instagram-768x957.png 768w, https:\/\/ardigitalnoticias.com\/wp-content\/uploads\/2024\/08\/Screenshot_20240819_083516_Instagram-150x187.png 150w, https:\/\/ardigitalnoticias.com\/wp-content\/uploads\/2024\/08\/Screenshot_20240819_083516_Instagram-300x374.png 300w, https:\/\/ardigitalnoticias.com\/wp-content\/uploads\/2024\/08\/Screenshot_20240819_083516_Instagram-696x867.png 696w, https:\/\/ardigitalnoticias.com\/wp-content\/uploads\/2024\/08\/Screenshot_20240819_083516_Instagram-1068x1331.png 1068w, https:\/\/ardigitalnoticias.com\/wp-content\/uploads\/2024\/08\/Screenshot_20240819_083516_Instagram.png 1076w\" sizes=\"auto, (max-width: 822px) 100vw, 822px\" \/><\/figure>\n\n\n\n<figure class=\"wp-block-image size-large\"><img loading=\"lazy\" decoding=\"async\" width=\"822\" height=\"1024\" data-id=\"5125\" src=\"https:\/\/ardigitalnoticias.com\/wp-content\/uploads\/2024\/08\/Screenshot_20240819_083449_Instagram-822x1024.png\" alt=\"\" class=\"wp-image-5125\" srcset=\"https:\/\/ardigitalnoticias.com\/wp-content\/uploads\/2024\/08\/Screenshot_20240819_083449_Instagram-822x1024.png 822w, https:\/\/ardigitalnoticias.com\/wp-content\/uploads\/2024\/08\/Screenshot_20240819_083449_Instagram-241x300.png 241w, https:\/\/ardigitalnoticias.com\/wp-content\/uploads\/2024\/08\/Screenshot_20240819_083449_Instagram-768x957.png 768w, https:\/\/ardigitalnoticias.com\/wp-content\/uploads\/2024\/08\/Screenshot_20240819_083449_Instagram-150x187.png 150w, https:\/\/ardigitalnoticias.com\/wp-content\/uploads\/2024\/08\/Screenshot_20240819_083449_Instagram-300x374.png 300w, https:\/\/ardigitalnoticias.com\/wp-content\/uploads\/2024\/08\/Screenshot_20240819_083449_Instagram-696x867.png 696w, https:\/\/ardigitalnoticias.com\/wp-content\/uploads\/2024\/08\/Screenshot_20240819_083449_Instagram-1068x1330.png 1068w, https:\/\/ardigitalnoticias.com\/wp-content\/uploads\/2024\/08\/Screenshot_20240819_083449_Instagram.png 1079w\" sizes=\"auto, (max-width: 822px) 100vw, 822px\" \/><\/figure>\n\n\n\n<figure class=\"wp-block-image size-large\"><img loading=\"lazy\" decoding=\"async\" width=\"540\" height=\"960\" data-id=\"5123\" src=\"https:\/\/ardigitalnoticias.com\/wp-content\/uploads\/2024\/08\/FB_IMG_1724074201648.jpg\" alt=\"\" class=\"wp-image-5123\" srcset=\"https:\/\/ardigitalnoticias.com\/wp-content\/uploads\/2024\/08\/FB_IMG_1724074201648.jpg 540w, https:\/\/ardigitalnoticias.com\/wp-content\/uploads\/2024\/08\/FB_IMG_1724074201648-169x300.jpg 169w, https:\/\/ardigitalnoticias.com\/wp-content\/uploads\/2024\/08\/FB_IMG_1724074201648-150x267.jpg 150w, https:\/\/ardigitalnoticias.com\/wp-content\/uploads\/2024\/08\/FB_IMG_1724074201648-300x533.jpg 300w\" sizes=\"auto, (max-width: 540px) 100vw, 540px\" \/><\/figure>\n\n\n\n<figure class=\"wp-block-image size-large\"><img loading=\"lazy\" decoding=\"async\" width=\"596\" height=\"1024\" data-id=\"5124\" src=\"https:\/\/ardigitalnoticias.com\/wp-content\/uploads\/2024\/08\/Screenshot_20240819_083424_Instagram-596x1024.png\" alt=\"\" class=\"wp-image-5124\" srcset=\"https:\/\/ardigitalnoticias.com\/wp-content\/uploads\/2024\/08\/Screenshot_20240819_083424_Instagram-596x1024.png 596w, https:\/\/ardigitalnoticias.com\/wp-content\/uploads\/2024\/08\/Screenshot_20240819_083424_Instagram-175x300.png 175w, https:\/\/ardigitalnoticias.com\/wp-content\/uploads\/2024\/08\/Screenshot_20240819_083424_Instagram-768x1319.png 768w, https:\/\/ardigitalnoticias.com\/wp-content\/uploads\/2024\/08\/Screenshot_20240819_083424_Instagram-150x258.png 150w, https:\/\/ardigitalnoticias.com\/wp-content\/uploads\/2024\/08\/Screenshot_20240819_083424_Instagram-300x515.png 300w, https:\/\/ardigitalnoticias.com\/wp-content\/uploads\/2024\/08\/Screenshot_20240819_083424_Instagram-696x1195.png 696w, https:\/\/ardigitalnoticias.com\/wp-content\/uploads\/2024\/08\/Screenshot_20240819_083424_Instagram.png 786w\" sizes=\"auto, (max-width: 596px) 100vw, 596px\" \/><\/figure>\n<\/figure>\n\n\n\n<p>El t\u00edtulo de Virreina recay\u00f3 en Sara Milena Rivas Fl\u00f3rez, del municipio de Gigante.<\/p>\n\n\n<div class=\"wp-block-image\">\n<figure class=\"aligncenter size-large\"><img loading=\"lazy\" decoding=\"async\" width=\"819\" height=\"1024\" src=\"https:\/\/ardigitalnoticias.com\/wp-content\/uploads\/2024\/08\/retouch_2024081908425996-819x1024.jpg\" alt=\"\" class=\"wp-image-5121\" srcset=\"https:\/\/ardigitalnoticias.com\/wp-content\/uploads\/2024\/08\/retouch_2024081908425996-819x1024.jpg 819w, https:\/\/ardigitalnoticias.com\/wp-content\/uploads\/2024\/08\/retouch_2024081908425996-240x300.jpg 240w, https:\/\/ardigitalnoticias.com\/wp-content\/uploads\/2024\/08\/retouch_2024081908425996-768x960.jpg 768w, https:\/\/ardigitalnoticias.com\/wp-content\/uploads\/2024\/08\/retouch_2024081908425996-150x188.jpg 150w, https:\/\/ardigitalnoticias.com\/wp-content\/uploads\/2024\/08\/retouch_2024081908425996-300x375.jpg 300w, https:\/\/ardigitalnoticias.com\/wp-content\/uploads\/2024\/08\/retouch_2024081908425996-696x870.jpg 696w, https:\/\/ardigitalnoticias.com\/wp-content\/uploads\/2024\/08\/retouch_2024081908425996-1068x1335.jpg 1068w, https:\/\/ardigitalnoticias.com\/wp-content\/uploads\/2024\/08\/retouch_2024081908425996.jpg 1080w\" sizes=\"auto, (max-width: 819px) 100vw, 819px\" \/><\/figure>\n<\/div>\n\n\n<p>Mar\u00eda Fernanda Williamson Narv\u00e1ez, representante de Rivera, fue elegida como Princesa.<\/p>\n\n\n<div class=\"wp-block-image\">\n<figure class=\"aligncenter size-large\"><img loading=\"lazy\" decoding=\"async\" width=\"819\" height=\"1024\" src=\"https:\/\/ardigitalnoticias.com\/wp-content\/uploads\/2024\/08\/retouch_2024081908441994-819x1024.jpg\" alt=\"\" class=\"wp-image-5120\" srcset=\"https:\/\/ardigitalnoticias.com\/wp-content\/uploads\/2024\/08\/retouch_2024081908441994-819x1024.jpg 819w, https:\/\/ardigitalnoticias.com\/wp-content\/uploads\/2024\/08\/retouch_2024081908441994-240x300.jpg 240w, https:\/\/ardigitalnoticias.com\/wp-content\/uploads\/2024\/08\/retouch_2024081908441994-768x960.jpg 768w, https:\/\/ardigitalnoticias.com\/wp-content\/uploads\/2024\/08\/retouch_2024081908441994-150x188.jpg 150w, https:\/\/ardigitalnoticias.com\/wp-content\/uploads\/2024\/08\/retouch_2024081908441994-300x375.jpg 300w, https:\/\/ardigitalnoticias.com\/wp-content\/uploads\/2024\/08\/retouch_2024081908441994-696x870.jpg 696w, https:\/\/ardigitalnoticias.com\/wp-content\/uploads\/2024\/08\/retouch_2024081908441994-1068x1335.jpg 1068w, https:\/\/ardigitalnoticias.com\/wp-content\/uploads\/2024\/08\/retouch_2024081908441994.jpg 1080w\" sizes=\"auto, (max-width: 819px) 100vw, 819px\" \/><\/figure>\n<\/div>\n\n\n<p>Estas tres j\u00f3venes se destacaron entre las dem\u00e1s participantes, demostrando no solo su belleza, sino tambi\u00e9n su conocimiento y compromiso con la cultura y la producci\u00f3n arrocera de la regi\u00f3n.<\/p>\n\n\n\n<p>El evento, que es uno de los m\u00e1s importantes del Huila, tiene como objetivo destacar la importancia del arroz en la econom\u00eda departamental y promover las tradiciones culturales asociadas a este cultivo. Ahora, Sof\u00eda Pimentel Plaza se prepara para llevar el nombre de su departamento a un escenario nacional, donde espera dejar en alto el legado huilense.<\/p>\n\n\n<div class=\"wp-block-image\">\n<figure class=\"aligncenter size-large\"><img loading=\"lazy\" decoding=\"async\" width=\"738\" height=\"1024\" src=\"https:\/\/ardigitalnoticias.com\/wp-content\/uploads\/2024\/08\/Screenshot_20240819_083650_Instagram-738x1024.png\" alt=\"\" class=\"wp-image-5119\" srcset=\"https:\/\/ardigitalnoticias.com\/wp-content\/uploads\/2024\/08\/Screenshot_20240819_083650_Instagram-738x1024.png 738w, https:\/\/ardigitalnoticias.com\/wp-content\/uploads\/2024\/08\/Screenshot_20240819_083650_Instagram-216x300.png 216w, https:\/\/ardigitalnoticias.com\/wp-content\/uploads\/2024\/08\/Screenshot_20240819_083650_Instagram-768x1066.png 768w, https:\/\/ardigitalnoticias.com\/wp-content\/uploads\/2024\/08\/Screenshot_20240819_083650_Instagram-150x208.png 150w, https:\/\/ardigitalnoticias.com\/wp-content\/uploads\/2024\/08\/Screenshot_20240819_083650_Instagram-300x416.png 300w, https:\/\/ardigitalnoticias.com\/wp-content\/uploads\/2024\/08\/Screenshot_20240819_083650_Instagram-696x966.png 696w, https:\/\/ardigitalnoticias.com\/wp-content\/uploads\/2024\/08\/Screenshot_20240819_083650_Instagram.png 862w\" sizes=\"auto, (max-width: 738px) 100vw, 738px\" \/><\/figure>\n<\/div>","protected":false},"excerpt":{"rendered":"<p>Sof\u00eda Pimentel Plaza, representante del municipio de Garz\u00f3n, se ha coronado como la nueva Reina Departamental del Arroz certamen celebrando en el municipio de Campoalegre. POR: ANDR\u00c9S RODR\u00cdGUEZ. La joven llevar\u00e1 el orgullo del Huila al Certamen Nacional, que se celebrar\u00e1 en el departamento de Casanare, donde competir\u00e1 con las reinas de otras regiones del [&hellip;]<\/p>\n","protected":false},"author":3,"featured_media":5127,"comment_status":"open","ping_status":"open","sticky":false,"template":"","format":"standard","meta":{"_acf_changed":false,"_joinchat":[],"footnotes":""},"categories":[1,21,26,19],"tags":[],"class_list":{"0":"post-5118","1":"post","2":"type-post","3":"status-publish","4":"format-standard","5":"has-post-thumbnail","7":"category-actualidad","8":"category-locales","9":"category-norte","10":"category-regional"},"acf":[],"yoast_head":"<!-- This site is optimized with the Yoast SEO plugin v27.4 - https:\/\/yoast.com\/product\/yoast-seo-wordpress\/ -->\n<title>LA SE\u00d1ORITA GARZ\u00d3N MARIA SOF\u00cdA PIMENTEL PLAZA, ES LA NUEVA REINA DEPARTAMENTAL DEL ARROZ - AR Digital Noticias<\/title>\n<meta name=\"robots\" content=\"index, follow, max-snippet:-1, max-image-preview:large, max-video-preview:-1\" \/>\n<link rel=\"canonical\" href=\"https:\/\/ardigitalnoticias.com\/index.php\/2024\/08\/19\/la-senorita-garzon-maria-sofia-pimentel-plaza-es-la-nueva-reina-departamental-del-arroz\/\" \/>\n<meta property=\"og:locale\" content=\"es_ES\" \/>\n<meta property=\"og:type\" content=\"article\" \/>\n<meta property=\"og:title\" content=\"LA SE\u00d1ORITA GARZ\u00d3N MARIA SOF\u00cdA PIMENTEL PLAZA, ES LA NUEVA REINA DEPARTAMENTAL DEL ARROZ - AR Digital Noticias\" \/>\n<meta property=\"og:description\" content=\"Sof\u00eda Pimentel Plaza, representante del municipio de Garz\u00f3n, se ha coronado como la nueva Reina Departamental del Arroz certamen celebrando en el municipio de Campoalegre. POR: ANDR\u00c9S RODR\u00cdGUEZ. La joven llevar\u00e1 el orgullo del Huila al Certamen Nacional, que se celebrar\u00e1 en el departamento de Casanare, donde competir\u00e1 con las reinas de otras regiones del [&hellip;]\" \/>\n<meta property=\"og:url\" content=\"https:\/\/ardigitalnoticias.com\/index.php\/2024\/08\/19\/la-senorita-garzon-maria-sofia-pimentel-plaza-es-la-nueva-reina-departamental-del-arroz\/\" \/>\n<meta property=\"og:site_name\" content=\"AR Digital Noticias\" \/>\n<meta property=\"article:published_time\" content=\"2024-08-19T14:10:06+00:00\" \/>\n<meta property=\"article:modified_time\" content=\"2024-08-19T14:10:17+00:00\" \/>\n<meta property=\"og:image\" content=\"https:\/\/ardigitalnoticias.com\/wp-content\/uploads\/2024\/08\/InShot_20240819_085620188-scaled.jpg\" \/>\n\t<meta property=\"og:image:width\" content=\"2560\" \/>\n\t<meta property=\"og:image:height\" content=\"1439\" \/>\n\t<meta property=\"og:image:type\" content=\"image\/jpeg\" \/>\n<meta name=\"author\" content=\"Editor ArDigitalNoticias\" \/>\n<meta name=\"twitter:card\" content=\"summary_large_image\" \/>\n<meta name=\"twitter:label1\" content=\"Escrito por\" \/>\n\t<meta name=\"twitter:data1\" content=\"Editor ArDigitalNoticias\" \/>\n\t<meta name=\"twitter:label2\" content=\"Tiempo de lectura\" \/>\n\t<meta name=\"twitter:data2\" content=\"3 minutos\" \/>\n<script type=\"application\/ld+json\" class=\"yoast-schema-graph\">{\"@context\":\"https:\\\/\\\/schema.org\",\"@graph\":[{\"@type\":\"Article\",\"@id\":\"https:\\\/\\\/ardigitalnoticias.com\\\/index.php\\\/2024\\\/08\\\/19\\\/la-senorita-garzon-maria-sofia-pimentel-plaza-es-la-nueva-reina-departamental-del-arroz\\\/#article\",\"isPartOf\":{\"@id\":\"https:\\\/\\\/ardigitalnoticias.com\\\/index.php\\\/2024\\\/08\\\/19\\\/la-senorita-garzon-maria-sofia-pimentel-plaza-es-la-nueva-reina-departamental-del-arroz\\\/\"},\"author\":{\"name\":\"Editor ArDigitalNoticias\",\"@id\":\"https:\\\/\\\/ardigitalnoticias.com\\\/#\\\/schema\\\/person\\\/759c8138ebc77e85adb1aa750003a751\"},\"headline\":\"LA SE\u00d1ORITA GARZ\u00d3N MARIA SOF\u00cdA PIMENTEL PLAZA, ES LA NUEVA REINA DEPARTAMENTAL DEL ARROZ\",\"datePublished\":\"2024-08-19T14:10:06+00:00\",\"dateModified\":\"2024-08-19T14:10:17+00:00\",\"mainEntityOfPage\":{\"@id\":\"https:\\\/\\\/ardigitalnoticias.com\\\/index.php\\\/2024\\\/08\\\/19\\\/la-senorita-garzon-maria-sofia-pimentel-plaza-es-la-nueva-reina-departamental-del-arroz\\\/\"},\"wordCount\":202,\"commentCount\":0,\"publisher\":{\"@id\":\"https:\\\/\\\/ardigitalnoticias.com\\\/#organization\"},\"image\":{\"@id\":\"https:\\\/\\\/ardigitalnoticias.com\\\/index.php\\\/2024\\\/08\\\/19\\\/la-senorita-garzon-maria-sofia-pimentel-plaza-es-la-nueva-reina-departamental-del-arroz\\\/#primaryimage\"},\"thumbnailUrl\":\"https:\\\/\\\/ardigitalnoticias.com\\\/wp-content\\\/uploads\\\/2024\\\/08\\\/InShot_20240819_085620188-scaled.jpg\",\"articleSection\":[\"Actualidad\",\"Garz\u00f3n\",\"Norte\",\"Regional\"],\"inLanguage\":\"es\",\"potentialAction\":[{\"@type\":\"CommentAction\",\"name\":\"Comment\",\"target\":[\"https:\\\/\\\/ardigitalnoticias.com\\\/index.php\\\/2024\\\/08\\\/19\\\/la-senorita-garzon-maria-sofia-pimentel-plaza-es-la-nueva-reina-departamental-del-arroz\\\/#respond\"]}]},{\"@type\":\"WebPage\",\"@id\":\"https:\\\/\\\/ardigitalnoticias.com\\\/index.php\\\/2024\\\/08\\\/19\\\/la-senorita-garzon-maria-sofia-pimentel-plaza-es-la-nueva-reina-departamental-del-arroz\\\/\",\"url\":\"https:\\\/\\\/ardigitalnoticias.com\\\/index.php\\\/2024\\\/08\\\/19\\\/la-senorita-garzon-maria-sofia-pimentel-plaza-es-la-nueva-reina-departamental-del-arroz\\\/\",\"name\":\"LA SE\u00d1ORITA GARZ\u00d3N MARIA SOF\u00cdA PIMENTEL PLAZA, ES LA NUEVA REINA DEPARTAMENTAL DEL ARROZ - AR Digital Noticias\",\"isPartOf\":{\"@id\":\"https:\\\/\\\/ardigitalnoticias.com\\\/#website\"},\"primaryImageOfPage\":{\"@id\":\"https:\\\/\\\/ardigitalnoticias.com\\\/index.php\\\/2024\\\/08\\\/19\\\/la-senorita-garzon-maria-sofia-pimentel-plaza-es-la-nueva-reina-departamental-del-arroz\\\/#primaryimage\"},\"image\":{\"@id\":\"https:\\\/\\\/ardigitalnoticias.com\\\/index.php\\\/2024\\\/08\\\/19\\\/la-senorita-garzon-maria-sofia-pimentel-plaza-es-la-nueva-reina-departamental-del-arroz\\\/#primaryimage\"},\"thumbnailUrl\":\"https:\\\/\\\/ardigitalnoticias.com\\\/wp-content\\\/uploads\\\/2024\\\/08\\\/InShot_20240819_085620188-scaled.jpg\",\"datePublished\":\"2024-08-19T14:10:06+00:00\",\"dateModified\":\"2024-08-19T14:10:17+00:00\",\"breadcrumb\":{\"@id\":\"https:\\\/\\\/ardigitalnoticias.com\\\/index.php\\\/2024\\\/08\\\/19\\\/la-senorita-garzon-maria-sofia-pimentel-plaza-es-la-nueva-reina-departamental-del-arroz\\\/#breadcrumb\"},\"inLanguage\":\"es\",\"potentialAction\":[{\"@type\":\"ReadAction\",\"target\":[\"https:\\\/\\\/ardigitalnoticias.com\\\/index.php\\\/2024\\\/08\\\/19\\\/la-senorita-garzon-maria-sofia-pimentel-plaza-es-la-nueva-reina-departamental-del-arroz\\\/\"]}]},{\"@type\":\"ImageObject\",\"inLanguage\":\"es\",\"@id\":\"https:\\\/\\\/ardigitalnoticias.com\\\/index.php\\\/2024\\\/08\\\/19\\\/la-senorita-garzon-maria-sofia-pimentel-plaza-es-la-nueva-reina-departamental-del-arroz\\\/#primaryimage\",\"url\":\"https:\\\/\\\/ardigitalnoticias.com\\\/wp-content\\\/uploads\\\/2024\\\/08\\\/InShot_20240819_085620188-scaled.jpg\",\"contentUrl\":\"https:\\\/\\\/ardigitalnoticias.com\\\/wp-content\\\/uploads\\\/2024\\\/08\\\/InShot_20240819_085620188-scaled.jpg\",\"width\":2560,\"height\":1439},{\"@type\":\"BreadcrumbList\",\"@id\":\"https:\\\/\\\/ardigitalnoticias.com\\\/index.php\\\/2024\\\/08\\\/19\\\/la-senorita-garzon-maria-sofia-pimentel-plaza-es-la-nueva-reina-departamental-del-arroz\\\/#breadcrumb\",\"itemListElement\":[{\"@type\":\"ListItem\",\"position\":1,\"name\":\"Portada\",\"item\":\"https:\\\/\\\/ardigitalnoticias.com\\\/\"},{\"@type\":\"ListItem\",\"position\":2,\"name\":\"LA SE\u00d1ORITA GARZ\u00d3N MARIA SOF\u00cdA PIMENTEL PLAZA, ES LA NUEVA REINA DEPARTAMENTAL DEL ARROZ\"}]},{\"@type\":\"WebSite\",\"@id\":\"https:\\\/\\\/ardigitalnoticias.com\\\/#website\",\"url\":\"https:\\\/\\\/ardigitalnoticias.com\\\/\",\"name\":\"AR Digital Noticias\",\"description\":\"\",\"publisher\":{\"@id\":\"https:\\\/\\\/ardigitalnoticias.com\\\/#organization\"},\"potentialAction\":[{\"@type\":\"SearchAction\",\"target\":{\"@type\":\"EntryPoint\",\"urlTemplate\":\"https:\\\/\\\/ardigitalnoticias.com\\\/?s={search_term_string}\"},\"query-input\":{\"@type\":\"PropertyValueSpecification\",\"valueRequired\":true,\"valueName\":\"search_term_string\"}}],\"inLanguage\":\"es\"},{\"@type\":\"Organization\",\"@id\":\"https:\\\/\\\/ardigitalnoticias.com\\\/#organization\",\"name\":\"AR Digital Noticias\",\"url\":\"https:\\\/\\\/ardigitalnoticias.com\\\/\",\"logo\":{\"@type\":\"ImageObject\",\"inLanguage\":\"es\",\"@id\":\"https:\\\/\\\/ardigitalnoticias.com\\\/#\\\/schema\\\/logo\\\/image\\\/\",\"url\":\"https:\\\/\\\/ardigitalnoticias.com\\\/wp-content\\\/uploads\\\/2023\\\/11\\\/cropped-cropped-cropped-cropped-AR-Digital-Noticias-1.png\",\"contentUrl\":\"https:\\\/\\\/ardigitalnoticias.com\\\/wp-content\\\/uploads\\\/2023\\\/11\\\/cropped-cropped-cropped-cropped-AR-Digital-Noticias-1.png\",\"width\":972,\"height\":306,\"caption\":\"AR Digital Noticias\"},\"image\":{\"@id\":\"https:\\\/\\\/ardigitalnoticias.com\\\/#\\\/schema\\\/logo\\\/image\\\/\"}},{\"@type\":\"Person\",\"@id\":\"https:\\\/\\\/ardigitalnoticias.com\\\/#\\\/schema\\\/person\\\/759c8138ebc77e85adb1aa750003a751\",\"name\":\"Editor ArDigitalNoticias\",\"image\":{\"@type\":\"ImageObject\",\"inLanguage\":\"es\",\"@id\":\"https:\\\/\\\/secure.gravatar.com\\\/avatar\\\/2c7f3656ea34567ef10422f22f4395b6cc422854a0b986ba788597ac36902f93?s=96&d=mm&r=g\",\"url\":\"https:\\\/\\\/secure.gravatar.com\\\/avatar\\\/2c7f3656ea34567ef10422f22f4395b6cc422854a0b986ba788597ac36902f93?s=96&d=mm&r=g\",\"contentUrl\":\"https:\\\/\\\/secure.gravatar.com\\\/avatar\\\/2c7f3656ea34567ef10422f22f4395b6cc422854a0b986ba788597ac36902f93?s=96&d=mm&r=g\",\"caption\":\"Editor ArDigitalNoticias\"},\"sameAs\":[\"http:\\\/\\\/ardigitalnoticias.com\"],\"url\":\"https:\\\/\\\/ardigitalnoticias.com\\\/index.php\\\/author\\\/editor\\\/\"}]}<\/script>\n<!-- \/ Yoast SEO plugin. -->","yoast_head_json":{"title":"LA SE\u00d1ORITA GARZ\u00d3N MARIA SOF\u00cdA PIMENTEL PLAZA, ES LA NUEVA REINA DEPARTAMENTAL DEL ARROZ - AR Digital Noticias","robots":{"index":"index","follow":"follow","max-snippet":"max-snippet:-1","max-image-preview":"max-image-preview:large","max-video-preview":"max-video-preview:-1"},"canonical":"https:\/\/ardigitalnoticias.com\/index.php\/2024\/08\/19\/la-senorita-garzon-maria-sofia-pimentel-plaza-es-la-nueva-reina-departamental-del-arroz\/","og_locale":"es_ES","og_type":"article","og_title":"LA SE\u00d1ORITA GARZ\u00d3N MARIA SOF\u00cdA PIMENTEL PLAZA, ES LA NUEVA REINA DEPARTAMENTAL DEL ARROZ - AR Digital Noticias","og_description":"Sof\u00eda Pimentel Plaza, representante del municipio de Garz\u00f3n, se ha coronado como la nueva Reina Departamental del Arroz certamen celebrando en el municipio de Campoalegre. POR: ANDR\u00c9S RODR\u00cdGUEZ. La joven llevar\u00e1 el orgullo del Huila al Certamen Nacional, que se celebrar\u00e1 en el departamento de Casanare, donde competir\u00e1 con las reinas de otras regiones del [&hellip;]","og_url":"https:\/\/ardigitalnoticias.com\/index.php\/2024\/08\/19\/la-senorita-garzon-maria-sofia-pimentel-plaza-es-la-nueva-reina-departamental-del-arroz\/","og_site_name":"AR Digital Noticias","article_published_time":"2024-08-19T14:10:06+00:00","article_modified_time":"2024-08-19T14:10:17+00:00","og_image":[{"width":2560,"height":1439,"url":"https:\/\/ardigitalnoticias.com\/wp-content\/uploads\/2024\/08\/InShot_20240819_085620188-scaled.jpg","type":"image\/jpeg"}],"author":"Editor ArDigitalNoticias","twitter_card":"summary_large_image","twitter_misc":{"Escrito por":"Editor ArDigitalNoticias","Tiempo de lectura":"3 minutos"},"schema":{"@context":"https:\/\/schema.org","@graph":[{"@type":"Article","@id":"https:\/\/ardigitalnoticias.com\/index.php\/2024\/08\/19\/la-senorita-garzon-maria-sofia-pimentel-plaza-es-la-nueva-reina-departamental-del-arroz\/#article","isPartOf":{"@id":"https:\/\/ardigitalnoticias.com\/index.php\/2024\/08\/19\/la-senorita-garzon-maria-sofia-pimentel-plaza-es-la-nueva-reina-departamental-del-arroz\/"},"author":{"name":"Editor ArDigitalNoticias","@id":"https:\/\/ardigitalnoticias.com\/#\/schema\/person\/759c8138ebc77e85adb1aa750003a751"},"headline":"LA SE\u00d1ORITA GARZ\u00d3N MARIA SOF\u00cdA PIMENTEL PLAZA, ES LA NUEVA REINA DEPARTAMENTAL DEL ARROZ","datePublished":"2024-08-19T14:10:06+00:00","dateModified":"2024-08-19T14:10:17+00:00","mainEntityOfPage":{"@id":"https:\/\/ardigitalnoticias.com\/index.php\/2024\/08\/19\/la-senorita-garzon-maria-sofia-pimentel-plaza-es-la-nueva-reina-departamental-del-arroz\/"},"wordCount":202,"commentCount":0,"publisher":{"@id":"https:\/\/ardigitalnoticias.com\/#organization"},"image":{"@id":"https:\/\/ardigitalnoticias.com\/index.php\/2024\/08\/19\/la-senorita-garzon-maria-sofia-pimentel-plaza-es-la-nueva-reina-departamental-del-arroz\/#primaryimage"},"thumbnailUrl":"https:\/\/ardigitalnoticias.com\/wp-content\/uploads\/2024\/08\/InShot_20240819_085620188-scaled.jpg","articleSection":["Actualidad","Garz\u00f3n","Norte","Regional"],"inLanguage":"es","potentialAction":[{"@type":"CommentAction","name":"Comment","target":["https:\/\/ardigitalnoticias.com\/index.php\/2024\/08\/19\/la-senorita-garzon-maria-sofia-pimentel-plaza-es-la-nueva-reina-departamental-del-arroz\/#respond"]}]},{"@type":"WebPage","@id":"https:\/\/ardigitalnoticias.com\/index.php\/2024\/08\/19\/la-senorita-garzon-maria-sofia-pimentel-plaza-es-la-nueva-reina-departamental-del-arroz\/","url":"https:\/\/ardigitalnoticias.com\/index.php\/2024\/08\/19\/la-senorita-garzon-maria-sofia-pimentel-plaza-es-la-nueva-reina-departamental-del-arroz\/","name":"LA SE\u00d1ORITA GARZ\u00d3N MARIA SOF\u00cdA PIMENTEL PLAZA, ES LA NUEVA REINA DEPARTAMENTAL DEL ARROZ - AR Digital Noticias","isPartOf":{"@id":"https:\/\/ardigitalnoticias.com\/#website"},"primaryImageOfPage":{"@id":"https:\/\/ardigitalnoticias.com\/index.php\/2024\/08\/19\/la-senorita-garzon-maria-sofia-pimentel-plaza-es-la-nueva-reina-departamental-del-arroz\/#primaryimage"},"image":{"@id":"https:\/\/ardigitalnoticias.com\/index.php\/2024\/08\/19\/la-senorita-garzon-maria-sofia-pimentel-plaza-es-la-nueva-reina-departamental-del-arroz\/#primaryimage"},"thumbnailUrl":"https:\/\/ardigitalnoticias.com\/wp-content\/uploads\/2024\/08\/InShot_20240819_085620188-scaled.jpg","datePublished":"2024-08-19T14:10:06+00:00","dateModified":"2024-08-19T14:10:17+00:00","breadcrumb":{"@id":"https:\/\/ardigitalnoticias.com\/index.php\/2024\/08\/19\/la-senorita-garzon-maria-sofia-pimentel-plaza-es-la-nueva-reina-departamental-del-arroz\/#breadcrumb"},"inLanguage":"es","potentialAction":[{"@type":"ReadAction","target":["https:\/\/ardigitalnoticias.com\/index.php\/2024\/08\/19\/la-senorita-garzon-maria-sofia-pimentel-plaza-es-la-nueva-reina-departamental-del-arroz\/"]}]},{"@type":"ImageObject","inLanguage":"es","@id":"https:\/\/ardigitalnoticias.com\/index.php\/2024\/08\/19\/la-senorita-garzon-maria-sofia-pimentel-plaza-es-la-nueva-reina-departamental-del-arroz\/#primaryimage","url":"https:\/\/ardigitalnoticias.com\/wp-content\/uploads\/2024\/08\/InShot_20240819_085620188-scaled.jpg","contentUrl":"https:\/\/ardigitalnoticias.com\/wp-content\/uploads\/2024\/08\/InShot_20240819_085620188-scaled.jpg","width":2560,"height":1439},{"@type":"BreadcrumbList","@id":"https:\/\/ardigitalnoticias.com\/index.php\/2024\/08\/19\/la-senorita-garzon-maria-sofia-pimentel-plaza-es-la-nueva-reina-departamental-del-arroz\/#breadcrumb","itemListElement":[{"@type":"ListItem","position":1,"name":"Portada","item":"https:\/\/ardigitalnoticias.com\/"},{"@type":"ListItem","position":2,"name":"LA SE\u00d1ORITA GARZ\u00d3N MARIA SOF\u00cdA PIMENTEL PLAZA, ES LA NUEVA REINA DEPARTAMENTAL DEL ARROZ"}]},{"@type":"WebSite","@id":"https:\/\/ardigitalnoticias.com\/#website","url":"https:\/\/ardigitalnoticias.com\/","name":"AR Digital Noticias","description":"","publisher":{"@id":"https:\/\/ardigitalnoticias.com\/#organization"},"potentialAction":[{"@type":"SearchAction","target":{"@type":"EntryPoint","urlTemplate":"https:\/\/ardigitalnoticias.com\/?s={search_term_string}"},"query-input":{"@type":"PropertyValueSpecification","valueRequired":true,"valueName":"search_term_string"}}],"inLanguage":"es"},{"@type":"Organization","@id":"https:\/\/ardigitalnoticias.com\/#organization","name":"AR Digital Noticias","url":"https:\/\/ardigitalnoticias.com\/","logo":{"@type":"ImageObject","inLanguage":"es","@id":"https:\/\/ardigitalnoticias.com\/#\/schema\/logo\/image\/","url":"https:\/\/ardigitalnoticias.com\/wp-content\/uploads\/2023\/11\/cropped-cropped-cropped-cropped-AR-Digital-Noticias-1.png","contentUrl":"https:\/\/ardigitalnoticias.com\/wp-content\/uploads\/2023\/11\/cropped-cropped-cropped-cropped-AR-Digital-Noticias-1.png","width":972,"height":306,"caption":"AR Digital Noticias"},"image":{"@id":"https:\/\/ardigitalnoticias.com\/#\/schema\/logo\/image\/"}},{"@type":"Person","@id":"https:\/\/ardigitalnoticias.com\/#\/schema\/person\/759c8138ebc77e85adb1aa750003a751","name":"Editor ArDigitalNoticias","image":{"@type":"ImageObject","inLanguage":"es","@id":"https:\/\/secure.gravatar.com\/avatar\/2c7f3656ea34567ef10422f22f4395b6cc422854a0b986ba788597ac36902f93?s=96&d=mm&r=g","url":"https:\/\/secure.gravatar.com\/avatar\/2c7f3656ea34567ef10422f22f4395b6cc422854a0b986ba788597ac36902f93?s=96&d=mm&r=g","contentUrl":"https:\/\/secure.gravatar.com\/avatar\/2c7f3656ea34567ef10422f22f4395b6cc422854a0b986ba788597ac36902f93?s=96&d=mm&r=g","caption":"Editor ArDigitalNoticias"},"sameAs":["http:\/\/ardigitalnoticias.com"],"url":"https:\/\/ardigitalnoticias.com\/index.php\/author\/editor\/"}]}},"_links":{"self":[{"href":"https:\/\/ardigitalnoticias.com\/index.php\/wp-json\/wp\/v2\/posts\/5118","targetHints":{"allow":["GET"]}}],"collection":[{"href":"https:\/\/ardigitalnoticias.com\/index.php\/wp-json\/wp\/v2\/posts"}],"about":[{"href":"https:\/\/ardigitalnoticias.com\/index.php\/wp-json\/wp\/v2\/types\/post"}],"author":[{"embeddable":true,"href":"https:\/\/ardigitalnoticias.com\/index.php\/wp-json\/wp\/v2\/users\/3"}],"replies":[{"embeddable":true,"href":"https:\/\/ardigitalnoticias.com\/index.php\/wp-json\/wp\/v2\/comments?post=5118"}],"version-history":[{"count":1,"href":"https:\/\/ardigitalnoticias.com\/index.php\/wp-json\/wp\/v2\/posts\/5118\/revisions"}],"predecessor-version":[{"id":5128,"href":"https:\/\/ardigitalnoticias.com\/index.php\/wp-json\/wp\/v2\/posts\/5118\/revisions\/5128"}],"wp:featuredmedia":[{"embeddable":true,"href":"https:\/\/ardigitalnoticias.com\/index.php\/wp-json\/wp\/v2\/media\/5127"}],"wp:attachment":[{"href":"https:\/\/ardigitalnoticias.com\/index.php\/wp-json\/wp\/v2\/media?parent=5118"}],"wp:term":[{"taxonomy":"category","embeddable":true,"href":"https:\/\/ardigitalnoticias.com\/index.php\/wp-json\/wp\/v2\/categories?post=5118"},{"taxonomy":"post_tag","embeddable":true,"href":"https:\/\/ardigitalnoticias.com\/index.php\/wp-json\/wp\/v2\/tags?post=5118"}],"curies":[{"name":"wp","href":"https:\/\/api.w.org\/{rel}","templated":true}]}}