{"id":5011,"date":"2024-08-07T06:40:17","date_gmt":"2024-08-07T11:40:17","guid":{"rendered":"https:\/\/ardigitalnoticias.com\/?p=5011"},"modified":"2024-08-07T06:40:17","modified_gmt":"2024-08-07T11:40:17","slug":"investigadores-hallan-los-cuerpos-de-dos-nuevas-victimas-de-janer-ivan-morales-poveda-conocido-como-porcelana-o-satanas","status":"publish","type":"post","link":"https:\/\/ardigitalnoticias.com\/index.php\/2024\/08\/07\/investigadores-hallan-los-cuerpos-de-dos-nuevas-victimas-de-janer-ivan-morales-poveda-conocido-como-porcelana-o-satanas\/","title":{"rendered":"INVESTIGADORES HALLAN LOS CUERPOS DE DOS NUEVAS V\u00cdCTIMAS DE JANER IV\u00c1N MORALES POVEDA CONOCIDO COMO \u2018PORCELANA O SATAN\u00c1S\u2019"},"content":{"rendered":"\n<p>Las autoridades judiciales han descubierto los cuerpos de dos nuevas v\u00edctimas de Janer Iv\u00e1n Morales Poveda, alias &#8216;Porcelana&#8217;.<\/p>\n\n\n\n<p><strong>POR: ANDR\u00c9S RODR\u00cdGUEZ.<\/strong><\/p>\n\n\n\n<p>Los restos, identificados por personal forense del Instituto de Medicina Legal, esperan ser reclamados por sus familiares.<\/p>\n\n\n<div class=\"wp-block-image\">\n<figure class=\"aligncenter size-full\"><img loading=\"lazy\" decoding=\"async\" width=\"768\" height=\"576\" src=\"https:\/\/ardigitalnoticias.com\/wp-content\/uploads\/2024\/08\/QRUABVTIINJDZEUAHRKILFTICA.jpg\" alt=\"\" class=\"wp-image-5012\" srcset=\"https:\/\/ardigitalnoticias.com\/wp-content\/uploads\/2024\/08\/QRUABVTIINJDZEUAHRKILFTICA.jpg 768w, https:\/\/ardigitalnoticias.com\/wp-content\/uploads\/2024\/08\/QRUABVTIINJDZEUAHRKILFTICA-300x225.jpg 300w, https:\/\/ardigitalnoticias.com\/wp-content\/uploads\/2024\/08\/QRUABVTIINJDZEUAHRKILFTICA-150x113.jpg 150w, https:\/\/ardigitalnoticias.com\/wp-content\/uploads\/2024\/08\/QRUABVTIINJDZEUAHRKILFTICA-696x522.jpg 696w\" sizes=\"auto, (max-width: 768px) 100vw, 768px\" \/><figcaption class=\"wp-element-caption\"><strong>Imagen de apoyo <\/strong><\/figcaption><\/figure>\n<\/div>\n\n\n<p>Morales Poveda, capturado el pasado 30 de mayo en zona rural de Gigante, ten\u00eda en su poder un rev\u00f3lver, un celular, un arma blanca y bazuco. Seg\u00fan la investigaci\u00f3n conducida por un fiscal especializado de la Seccional Huila, &#8216;Porcelana&#8217; buscaba reclutar a sus v\u00edctimas para el fortalecer un grupo delincuencial, que controlaba el narcomenudeo en Silvania y Zuluaga, municipios de Gigante y Garz\u00f3n. Aquellos que rechazaban unirse eran asesinados.<\/p>\n\n\n\n<p>Informaci\u00f3n de la Fiscal\u00eda revela que el imputado tambi\u00e9n despojaba de sus tierras a campesinos y cafeteros. Se le imputaron los delitos de homicidio agravado, desplazamiento forzado, tr\u00e1fico, fabricaci\u00f3n o porte de estupefacientes, y fabricaci\u00f3n, tr\u00e1fico, porte o tenencia de armas de fuego. Sin embargo, Morales Poveda no acept\u00f3 los cargos. Posteriormente, un juez de control de garant\u00edas orden\u00f3 su encarcelamiento.<\/p>\n\n\n\n<p>Janer Iv\u00e1n, de 43 a\u00f1os, ser\u00eda responsable de al menos 40 asesinatos en Garz\u00f3n y Gigante. Seg\u00fan relatos de sus secuaces, desmembraba y decapitaba a sus v\u00edctimas, bebiendo su sangre como parte de un ritual. Las unidades del CTI de la Fiscal\u00eda del Huila y Bogot\u00e1 hallaron dos fosas comunes con cuerpos, uno de ellos decapitado.<\/p>\n\n\n\n<p>La unidad de Criminal\u00edstica traslad\u00f3 los restos al Instituto de Medicina Legal para los tr\u00e1mites correspondientes. Los cuerpos fueron identificados y esperan ser reclamados por sus familiares para una cristiana sepultura.<\/p>\n\n\n\n<p>Seg\u00fan inteligencia, alias &#8216;Porcelana&#8217; afirmaba tener un pacto con el diablo que le obligaba a asesinar y beber la sangre de al menos dos personas al mes. Morales Poveda tiene antecedentes por fabricaci\u00f3n, tr\u00e1fico y porte de armas, fuga de presos, lesiones, tr\u00e1fico de estupefacientes, desplazamiento forzado, desaparici\u00f3n forzada y homicidio.<\/p>\n\n\n\n<p>Entre abril y mayo de 2024, se captur\u00f3 a Armando Cerquera, alias \u2018Bartolo\u2019, y Nilson Odulfo Fajardo Sierra, alias \u2018El Carnicero\u2019 o \u2018Chichi\u2019. Ambos eran hombres de confianza de Janer Iv\u00e1n Morales y presuntamente responsables de desapariciones de recolectores de caf\u00e9 cuyos cuerpos fueron encontrados en fosas en Silvania.<\/p>\n\n\n\n<p>Las investigaciones revelaron que Morales Poveda, conocido tambi\u00e9n como &#8216;Porcelana&#8217;, huy\u00f3 de su casa en Tolima a los 14 a\u00f1os. Posteriormente, trabaj\u00f3 para l\u00edderes criminales en el Eje Cafetero y Antioquia, gan\u00e1ndose una reputaci\u00f3n de sanguinario. Su hermano intent\u00f3 seguir sus pasos, pero desisti\u00f3 tras presenciar tres asesinatos cometidos por Morales Poveda para apoderarse de un negocio de microtr\u00e1fico.<\/p>\n\n\n\n<p>&#8216;Porcelana&#8217; asesinaba a vendedores de drogas, especialmente andariegos, para controlar el negocio del microtr\u00e1fico en zonas cafeteras. Sus actividades criminales le permitieron acumular un historial de terror y violencia en la regi\u00f3n, donde su nombre se convirti\u00f3 en sin\u00f3nimo de muerte y desolaci\u00f3n.<\/p>\n\n\n<div class=\"wp-block-image\">\n<figure class=\"aligncenter size-large\"><img loading=\"lazy\" decoding=\"async\" width=\"665\" height=\"1024\" src=\"https:\/\/ardigitalnoticias.com\/wp-content\/uploads\/2024\/08\/FB_IMG_1723027077822-665x1024.jpg\" alt=\"\" class=\"wp-image-5013\" srcset=\"https:\/\/ardigitalnoticias.com\/wp-content\/uploads\/2024\/08\/FB_IMG_1723027077822-665x1024.jpg 665w, https:\/\/ardigitalnoticias.com\/wp-content\/uploads\/2024\/08\/FB_IMG_1723027077822-195x300.jpg 195w, https:\/\/ardigitalnoticias.com\/wp-content\/uploads\/2024\/08\/FB_IMG_1723027077822-768x1183.jpg 768w, https:\/\/ardigitalnoticias.com\/wp-content\/uploads\/2024\/08\/FB_IMG_1723027077822-150x231.jpg 150w, https:\/\/ardigitalnoticias.com\/wp-content\/uploads\/2024\/08\/FB_IMG_1723027077822-300x462.jpg 300w, https:\/\/ardigitalnoticias.com\/wp-content\/uploads\/2024\/08\/FB_IMG_1723027077822-696x1072.jpg 696w, https:\/\/ardigitalnoticias.com\/wp-content\/uploads\/2024\/08\/FB_IMG_1723027077822.jpg 992w\" sizes=\"auto, (max-width: 665px) 100vw, 665px\" \/><figcaption class=\"wp-element-caption\"><strong>Janer Iv\u00e1n Morales Poveda, \u00abSatan\u00e1s\u00bb<\/strong><\/figcaption><\/figure>\n<\/div>","protected":false},"excerpt":{"rendered":"<p>Las autoridades judiciales han descubierto los cuerpos de dos nuevas v\u00edctimas de Janer Iv\u00e1n Morales Poveda, alias &#8216;Porcelana&#8217;. POR: ANDR\u00c9S RODR\u00cdGUEZ. Los restos, identificados por personal forense del Instituto de Medicina Legal, esperan ser reclamados por sus familiares. Morales Poveda, capturado el pasado 30 de mayo en zona rural de Gigante, ten\u00eda en su poder [&hellip;]<\/p>\n","protected":false},"author":3,"featured_media":5014,"comment_status":"open","ping_status":"open","sticky":false,"template":"","format":"standard","meta":{"_acf_changed":false,"_joinchat":[],"footnotes":""},"categories":[25,21,20,19],"tags":[],"class_list":{"0":"post-5011","1":"post","2":"type-post","3":"status-publish","4":"format-standard","5":"has-post-thumbnail","7":"category-centro","8":"category-locales","9":"category-judicial","10":"category-regional"},"acf":[],"yoast_head":"<!-- This site is optimized with the Yoast SEO plugin v27.5 - https:\/\/yoast.com\/product\/yoast-seo-wordpress\/ -->\n<title>INVESTIGADORES HALLAN LOS CUERPOS DE DOS NUEVAS V\u00cdCTIMAS DE JANER IV\u00c1N MORALES POVEDA CONOCIDO COMO \u2018PORCELANA O SATAN\u00c1S\u2019 - AR Digital Noticias<\/title>\n<meta name=\"robots\" content=\"index, follow, max-snippet:-1, max-image-preview:large, max-video-preview:-1\" \/>\n<link rel=\"canonical\" href=\"https:\/\/ardigitalnoticias.com\/index.php\/2024\/08\/07\/investigadores-hallan-los-cuerpos-de-dos-nuevas-victimas-de-janer-ivan-morales-poveda-conocido-como-porcelana-o-satanas\/\" \/>\n<meta property=\"og:locale\" content=\"es_ES\" \/>\n<meta property=\"og:type\" content=\"article\" \/>\n<meta property=\"og:title\" content=\"INVESTIGADORES HALLAN LOS CUERPOS DE DOS NUEVAS V\u00cdCTIMAS DE JANER IV\u00c1N MORALES POVEDA CONOCIDO COMO \u2018PORCELANA O SATAN\u00c1S\u2019 - AR Digital Noticias\" \/>\n<meta property=\"og:description\" content=\"Las autoridades judiciales han descubierto los cuerpos de dos nuevas v\u00edctimas de Janer Iv\u00e1n Morales Poveda, alias &#8216;Porcelana&#8217;. POR: ANDR\u00c9S RODR\u00cdGUEZ. Los restos, identificados por personal forense del Instituto de Medicina Legal, esperan ser reclamados por sus familiares. Morales Poveda, capturado el pasado 30 de mayo en zona rural de Gigante, ten\u00eda en su poder [&hellip;]\" \/>\n<meta property=\"og:url\" content=\"https:\/\/ardigitalnoticias.com\/index.php\/2024\/08\/07\/investigadores-hallan-los-cuerpos-de-dos-nuevas-victimas-de-janer-ivan-morales-poveda-conocido-como-porcelana-o-satanas\/\" \/>\n<meta property=\"og:site_name\" content=\"AR Digital Noticias\" \/>\n<meta property=\"article:published_time\" content=\"2024-08-07T11:40:17+00:00\" \/>\n<meta property=\"og:image\" content=\"https:\/\/ardigitalnoticias.com\/wp-content\/uploads\/2024\/08\/InShot_20240807_062938254-scaled.jpg\" \/>\n\t<meta property=\"og:image:width\" content=\"2560\" \/>\n\t<meta property=\"og:image:height\" content=\"1439\" \/>\n\t<meta property=\"og:image:type\" content=\"image\/jpeg\" \/>\n<meta name=\"author\" content=\"Editor ArDigitalNoticias\" \/>\n<meta name=\"twitter:card\" content=\"summary_large_image\" \/>\n<meta name=\"twitter:label1\" content=\"Escrito por\" \/>\n\t<meta name=\"twitter:data1\" content=\"Editor ArDigitalNoticias\" \/>\n\t<meta name=\"twitter:label2\" content=\"Tiempo de lectura\" \/>\n\t<meta name=\"twitter:data2\" content=\"3 minutos\" \/>\n<script type=\"application\/ld+json\" class=\"yoast-schema-graph\">{\"@context\":\"https:\\\/\\\/schema.org\",\"@graph\":[{\"@type\":\"Article\",\"@id\":\"https:\\\/\\\/ardigitalnoticias.com\\\/index.php\\\/2024\\\/08\\\/07\\\/investigadores-hallan-los-cuerpos-de-dos-nuevas-victimas-de-janer-ivan-morales-poveda-conocido-como-porcelana-o-satanas\\\/#article\",\"isPartOf\":{\"@id\":\"https:\\\/\\\/ardigitalnoticias.com\\\/index.php\\\/2024\\\/08\\\/07\\\/investigadores-hallan-los-cuerpos-de-dos-nuevas-victimas-de-janer-ivan-morales-poveda-conocido-como-porcelana-o-satanas\\\/\"},\"author\":{\"name\":\"Editor ArDigitalNoticias\",\"@id\":\"https:\\\/\\\/ardigitalnoticias.com\\\/#\\\/schema\\\/person\\\/759c8138ebc77e85adb1aa750003a751\"},\"headline\":\"INVESTIGADORES HALLAN LOS CUERPOS DE DOS NUEVAS V\u00cdCTIMAS DE JANER IV\u00c1N MORALES POVEDA CONOCIDO COMO \u2018PORCELANA O SATAN\u00c1S\u2019\",\"datePublished\":\"2024-08-07T11:40:17+00:00\",\"mainEntityOfPage\":{\"@id\":\"https:\\\/\\\/ardigitalnoticias.com\\\/index.php\\\/2024\\\/08\\\/07\\\/investigadores-hallan-los-cuerpos-de-dos-nuevas-victimas-de-janer-ivan-morales-poveda-conocido-como-porcelana-o-satanas\\\/\"},\"wordCount\":526,\"commentCount\":0,\"publisher\":{\"@id\":\"https:\\\/\\\/ardigitalnoticias.com\\\/#organization\"},\"image\":{\"@id\":\"https:\\\/\\\/ardigitalnoticias.com\\\/index.php\\\/2024\\\/08\\\/07\\\/investigadores-hallan-los-cuerpos-de-dos-nuevas-victimas-de-janer-ivan-morales-poveda-conocido-como-porcelana-o-satanas\\\/#primaryimage\"},\"thumbnailUrl\":\"https:\\\/\\\/ardigitalnoticias.com\\\/wp-content\\\/uploads\\\/2024\\\/08\\\/InShot_20240807_062938254-scaled.jpg\",\"articleSection\":[\"Centro\",\"Garz\u00f3n\",\"Judicial\",\"Regional\"],\"inLanguage\":\"es\",\"potentialAction\":[{\"@type\":\"CommentAction\",\"name\":\"Comment\",\"target\":[\"https:\\\/\\\/ardigitalnoticias.com\\\/index.php\\\/2024\\\/08\\\/07\\\/investigadores-hallan-los-cuerpos-de-dos-nuevas-victimas-de-janer-ivan-morales-poveda-conocido-como-porcelana-o-satanas\\\/#respond\"]}]},{\"@type\":\"WebPage\",\"@id\":\"https:\\\/\\\/ardigitalnoticias.com\\\/index.php\\\/2024\\\/08\\\/07\\\/investigadores-hallan-los-cuerpos-de-dos-nuevas-victimas-de-janer-ivan-morales-poveda-conocido-como-porcelana-o-satanas\\\/\",\"url\":\"https:\\\/\\\/ardigitalnoticias.com\\\/index.php\\\/2024\\\/08\\\/07\\\/investigadores-hallan-los-cuerpos-de-dos-nuevas-victimas-de-janer-ivan-morales-poveda-conocido-como-porcelana-o-satanas\\\/\",\"name\":\"INVESTIGADORES HALLAN LOS CUERPOS DE DOS NUEVAS V\u00cdCTIMAS DE JANER IV\u00c1N MORALES POVEDA CONOCIDO COMO \u2018PORCELANA O SATAN\u00c1S\u2019 - AR Digital Noticias\",\"isPartOf\":{\"@id\":\"https:\\\/\\\/ardigitalnoticias.com\\\/#website\"},\"primaryImageOfPage\":{\"@id\":\"https:\\\/\\\/ardigitalnoticias.com\\\/index.php\\\/2024\\\/08\\\/07\\\/investigadores-hallan-los-cuerpos-de-dos-nuevas-victimas-de-janer-ivan-morales-poveda-conocido-como-porcelana-o-satanas\\\/#primaryimage\"},\"image\":{\"@id\":\"https:\\\/\\\/ardigitalnoticias.com\\\/index.php\\\/2024\\\/08\\\/07\\\/investigadores-hallan-los-cuerpos-de-dos-nuevas-victimas-de-janer-ivan-morales-poveda-conocido-como-porcelana-o-satanas\\\/#primaryimage\"},\"thumbnailUrl\":\"https:\\\/\\\/ardigitalnoticias.com\\\/wp-content\\\/uploads\\\/2024\\\/08\\\/InShot_20240807_062938254-scaled.jpg\",\"datePublished\":\"2024-08-07T11:40:17+00:00\",\"breadcrumb\":{\"@id\":\"https:\\\/\\\/ardigitalnoticias.com\\\/index.php\\\/2024\\\/08\\\/07\\\/investigadores-hallan-los-cuerpos-de-dos-nuevas-victimas-de-janer-ivan-morales-poveda-conocido-como-porcelana-o-satanas\\\/#breadcrumb\"},\"inLanguage\":\"es\",\"potentialAction\":[{\"@type\":\"ReadAction\",\"target\":[\"https:\\\/\\\/ardigitalnoticias.com\\\/index.php\\\/2024\\\/08\\\/07\\\/investigadores-hallan-los-cuerpos-de-dos-nuevas-victimas-de-janer-ivan-morales-poveda-conocido-como-porcelana-o-satanas\\\/\"]}]},{\"@type\":\"ImageObject\",\"inLanguage\":\"es\",\"@id\":\"https:\\\/\\\/ardigitalnoticias.com\\\/index.php\\\/2024\\\/08\\\/07\\\/investigadores-hallan-los-cuerpos-de-dos-nuevas-victimas-de-janer-ivan-morales-poveda-conocido-como-porcelana-o-satanas\\\/#primaryimage\",\"url\":\"https:\\\/\\\/ardigitalnoticias.com\\\/wp-content\\\/uploads\\\/2024\\\/08\\\/InShot_20240807_062938254-scaled.jpg\",\"contentUrl\":\"https:\\\/\\\/ardigitalnoticias.com\\\/wp-content\\\/uploads\\\/2024\\\/08\\\/InShot_20240807_062938254-scaled.jpg\",\"width\":2560,\"height\":1439},{\"@type\":\"BreadcrumbList\",\"@id\":\"https:\\\/\\\/ardigitalnoticias.com\\\/index.php\\\/2024\\\/08\\\/07\\\/investigadores-hallan-los-cuerpos-de-dos-nuevas-victimas-de-janer-ivan-morales-poveda-conocido-como-porcelana-o-satanas\\\/#breadcrumb\",\"itemListElement\":[{\"@type\":\"ListItem\",\"position\":1,\"name\":\"Portada\",\"item\":\"https:\\\/\\\/ardigitalnoticias.com\\\/\"},{\"@type\":\"ListItem\",\"position\":2,\"name\":\"INVESTIGADORES HALLAN LOS CUERPOS DE DOS NUEVAS V\u00cdCTIMAS DE JANER IV\u00c1N MORALES POVEDA CONOCIDO COMO \u2018PORCELANA O SATAN\u00c1S\u2019\"}]},{\"@type\":\"WebSite\",\"@id\":\"https:\\\/\\\/ardigitalnoticias.com\\\/#website\",\"url\":\"https:\\\/\\\/ardigitalnoticias.com\\\/\",\"name\":\"AR Digital Noticias\",\"description\":\"\",\"publisher\":{\"@id\":\"https:\\\/\\\/ardigitalnoticias.com\\\/#organization\"},\"potentialAction\":[{\"@type\":\"SearchAction\",\"target\":{\"@type\":\"EntryPoint\",\"urlTemplate\":\"https:\\\/\\\/ardigitalnoticias.com\\\/?s={search_term_string}\"},\"query-input\":{\"@type\":\"PropertyValueSpecification\",\"valueRequired\":true,\"valueName\":\"search_term_string\"}}],\"inLanguage\":\"es\"},{\"@type\":\"Organization\",\"@id\":\"https:\\\/\\\/ardigitalnoticias.com\\\/#organization\",\"name\":\"AR Digital Noticias\",\"url\":\"https:\\\/\\\/ardigitalnoticias.com\\\/\",\"logo\":{\"@type\":\"ImageObject\",\"inLanguage\":\"es\",\"@id\":\"https:\\\/\\\/ardigitalnoticias.com\\\/#\\\/schema\\\/logo\\\/image\\\/\",\"url\":\"https:\\\/\\\/ardigitalnoticias.com\\\/wp-content\\\/uploads\\\/2023\\\/11\\\/cropped-cropped-cropped-cropped-AR-Digital-Noticias-1.png\",\"contentUrl\":\"https:\\\/\\\/ardigitalnoticias.com\\\/wp-content\\\/uploads\\\/2023\\\/11\\\/cropped-cropped-cropped-cropped-AR-Digital-Noticias-1.png\",\"width\":972,\"height\":306,\"caption\":\"AR Digital Noticias\"},\"image\":{\"@id\":\"https:\\\/\\\/ardigitalnoticias.com\\\/#\\\/schema\\\/logo\\\/image\\\/\"}},{\"@type\":\"Person\",\"@id\":\"https:\\\/\\\/ardigitalnoticias.com\\\/#\\\/schema\\\/person\\\/759c8138ebc77e85adb1aa750003a751\",\"name\":\"Editor ArDigitalNoticias\",\"image\":{\"@type\":\"ImageObject\",\"inLanguage\":\"es\",\"@id\":\"https:\\\/\\\/secure.gravatar.com\\\/avatar\\\/2c7f3656ea34567ef10422f22f4395b6cc422854a0b986ba788597ac36902f93?s=96&d=mm&r=g\",\"url\":\"https:\\\/\\\/secure.gravatar.com\\\/avatar\\\/2c7f3656ea34567ef10422f22f4395b6cc422854a0b986ba788597ac36902f93?s=96&d=mm&r=g\",\"contentUrl\":\"https:\\\/\\\/secure.gravatar.com\\\/avatar\\\/2c7f3656ea34567ef10422f22f4395b6cc422854a0b986ba788597ac36902f93?s=96&d=mm&r=g\",\"caption\":\"Editor ArDigitalNoticias\"},\"sameAs\":[\"http:\\\/\\\/ardigitalnoticias.com\"],\"url\":\"https:\\\/\\\/ardigitalnoticias.com\\\/index.php\\\/author\\\/editor\\\/\"}]}<\/script>\n<!-- \/ Yoast SEO plugin. -->","yoast_head_json":{"title":"INVESTIGADORES HALLAN LOS CUERPOS DE DOS NUEVAS V\u00cdCTIMAS DE JANER IV\u00c1N MORALES POVEDA CONOCIDO COMO \u2018PORCELANA O SATAN\u00c1S\u2019 - AR Digital Noticias","robots":{"index":"index","follow":"follow","max-snippet":"max-snippet:-1","max-image-preview":"max-image-preview:large","max-video-preview":"max-video-preview:-1"},"canonical":"https:\/\/ardigitalnoticias.com\/index.php\/2024\/08\/07\/investigadores-hallan-los-cuerpos-de-dos-nuevas-victimas-de-janer-ivan-morales-poveda-conocido-como-porcelana-o-satanas\/","og_locale":"es_ES","og_type":"article","og_title":"INVESTIGADORES HALLAN LOS CUERPOS DE DOS NUEVAS V\u00cdCTIMAS DE JANER IV\u00c1N MORALES POVEDA CONOCIDO COMO \u2018PORCELANA O SATAN\u00c1S\u2019 - AR Digital Noticias","og_description":"Las autoridades judiciales han descubierto los cuerpos de dos nuevas v\u00edctimas de Janer Iv\u00e1n Morales Poveda, alias &#8216;Porcelana&#8217;. POR: ANDR\u00c9S RODR\u00cdGUEZ. Los restos, identificados por personal forense del Instituto de Medicina Legal, esperan ser reclamados por sus familiares. Morales Poveda, capturado el pasado 30 de mayo en zona rural de Gigante, ten\u00eda en su poder [&hellip;]","og_url":"https:\/\/ardigitalnoticias.com\/index.php\/2024\/08\/07\/investigadores-hallan-los-cuerpos-de-dos-nuevas-victimas-de-janer-ivan-morales-poveda-conocido-como-porcelana-o-satanas\/","og_site_name":"AR Digital Noticias","article_published_time":"2024-08-07T11:40:17+00:00","og_image":[{"width":2560,"height":1439,"url":"https:\/\/ardigitalnoticias.com\/wp-content\/uploads\/2024\/08\/InShot_20240807_062938254-scaled.jpg","type":"image\/jpeg"}],"author":"Editor ArDigitalNoticias","twitter_card":"summary_large_image","twitter_misc":{"Escrito por":"Editor ArDigitalNoticias","Tiempo de lectura":"3 minutos"},"schema":{"@context":"https:\/\/schema.org","@graph":[{"@type":"Article","@id":"https:\/\/ardigitalnoticias.com\/index.php\/2024\/08\/07\/investigadores-hallan-los-cuerpos-de-dos-nuevas-victimas-de-janer-ivan-morales-poveda-conocido-como-porcelana-o-satanas\/#article","isPartOf":{"@id":"https:\/\/ardigitalnoticias.com\/index.php\/2024\/08\/07\/investigadores-hallan-los-cuerpos-de-dos-nuevas-victimas-de-janer-ivan-morales-poveda-conocido-como-porcelana-o-satanas\/"},"author":{"name":"Editor ArDigitalNoticias","@id":"https:\/\/ardigitalnoticias.com\/#\/schema\/person\/759c8138ebc77e85adb1aa750003a751"},"headline":"INVESTIGADORES HALLAN LOS CUERPOS DE DOS NUEVAS V\u00cdCTIMAS DE JANER IV\u00c1N MORALES POVEDA CONOCIDO COMO \u2018PORCELANA O SATAN\u00c1S\u2019","datePublished":"2024-08-07T11:40:17+00:00","mainEntityOfPage":{"@id":"https:\/\/ardigitalnoticias.com\/index.php\/2024\/08\/07\/investigadores-hallan-los-cuerpos-de-dos-nuevas-victimas-de-janer-ivan-morales-poveda-conocido-como-porcelana-o-satanas\/"},"wordCount":526,"commentCount":0,"publisher":{"@id":"https:\/\/ardigitalnoticias.com\/#organization"},"image":{"@id":"https:\/\/ardigitalnoticias.com\/index.php\/2024\/08\/07\/investigadores-hallan-los-cuerpos-de-dos-nuevas-victimas-de-janer-ivan-morales-poveda-conocido-como-porcelana-o-satanas\/#primaryimage"},"thumbnailUrl":"https:\/\/ardigitalnoticias.com\/wp-content\/uploads\/2024\/08\/InShot_20240807_062938254-scaled.jpg","articleSection":["Centro","Garz\u00f3n","Judicial","Regional"],"inLanguage":"es","potentialAction":[{"@type":"CommentAction","name":"Comment","target":["https:\/\/ardigitalnoticias.com\/index.php\/2024\/08\/07\/investigadores-hallan-los-cuerpos-de-dos-nuevas-victimas-de-janer-ivan-morales-poveda-conocido-como-porcelana-o-satanas\/#respond"]}]},{"@type":"WebPage","@id":"https:\/\/ardigitalnoticias.com\/index.php\/2024\/08\/07\/investigadores-hallan-los-cuerpos-de-dos-nuevas-victimas-de-janer-ivan-morales-poveda-conocido-como-porcelana-o-satanas\/","url":"https:\/\/ardigitalnoticias.com\/index.php\/2024\/08\/07\/investigadores-hallan-los-cuerpos-de-dos-nuevas-victimas-de-janer-ivan-morales-poveda-conocido-como-porcelana-o-satanas\/","name":"INVESTIGADORES HALLAN LOS CUERPOS DE DOS NUEVAS V\u00cdCTIMAS DE JANER IV\u00c1N MORALES POVEDA CONOCIDO COMO \u2018PORCELANA O SATAN\u00c1S\u2019 - AR Digital Noticias","isPartOf":{"@id":"https:\/\/ardigitalnoticias.com\/#website"},"primaryImageOfPage":{"@id":"https:\/\/ardigitalnoticias.com\/index.php\/2024\/08\/07\/investigadores-hallan-los-cuerpos-de-dos-nuevas-victimas-de-janer-ivan-morales-poveda-conocido-como-porcelana-o-satanas\/#primaryimage"},"image":{"@id":"https:\/\/ardigitalnoticias.com\/index.php\/2024\/08\/07\/investigadores-hallan-los-cuerpos-de-dos-nuevas-victimas-de-janer-ivan-morales-poveda-conocido-como-porcelana-o-satanas\/#primaryimage"},"thumbnailUrl":"https:\/\/ardigitalnoticias.com\/wp-content\/uploads\/2024\/08\/InShot_20240807_062938254-scaled.jpg","datePublished":"2024-08-07T11:40:17+00:00","breadcrumb":{"@id":"https:\/\/ardigitalnoticias.com\/index.php\/2024\/08\/07\/investigadores-hallan-los-cuerpos-de-dos-nuevas-victimas-de-janer-ivan-morales-poveda-conocido-como-porcelana-o-satanas\/#breadcrumb"},"inLanguage":"es","potentialAction":[{"@type":"ReadAction","target":["https:\/\/ardigitalnoticias.com\/index.php\/2024\/08\/07\/investigadores-hallan-los-cuerpos-de-dos-nuevas-victimas-de-janer-ivan-morales-poveda-conocido-como-porcelana-o-satanas\/"]}]},{"@type":"ImageObject","inLanguage":"es","@id":"https:\/\/ardigitalnoticias.com\/index.php\/2024\/08\/07\/investigadores-hallan-los-cuerpos-de-dos-nuevas-victimas-de-janer-ivan-morales-poveda-conocido-como-porcelana-o-satanas\/#primaryimage","url":"https:\/\/ardigitalnoticias.com\/wp-content\/uploads\/2024\/08\/InShot_20240807_062938254-scaled.jpg","contentUrl":"https:\/\/ardigitalnoticias.com\/wp-content\/uploads\/2024\/08\/InShot_20240807_062938254-scaled.jpg","width":2560,"height":1439},{"@type":"BreadcrumbList","@id":"https:\/\/ardigitalnoticias.com\/index.php\/2024\/08\/07\/investigadores-hallan-los-cuerpos-de-dos-nuevas-victimas-de-janer-ivan-morales-poveda-conocido-como-porcelana-o-satanas\/#breadcrumb","itemListElement":[{"@type":"ListItem","position":1,"name":"Portada","item":"https:\/\/ardigitalnoticias.com\/"},{"@type":"ListItem","position":2,"name":"INVESTIGADORES HALLAN LOS CUERPOS DE DOS NUEVAS V\u00cdCTIMAS DE JANER IV\u00c1N MORALES POVEDA CONOCIDO COMO \u2018PORCELANA O SATAN\u00c1S\u2019"}]},{"@type":"WebSite","@id":"https:\/\/ardigitalnoticias.com\/#website","url":"https:\/\/ardigitalnoticias.com\/","name":"AR Digital Noticias","description":"","publisher":{"@id":"https:\/\/ardigitalnoticias.com\/#organization"},"potentialAction":[{"@type":"SearchAction","target":{"@type":"EntryPoint","urlTemplate":"https:\/\/ardigitalnoticias.com\/?s={search_term_string}"},"query-input":{"@type":"PropertyValueSpecification","valueRequired":true,"valueName":"search_term_string"}}],"inLanguage":"es"},{"@type":"Organization","@id":"https:\/\/ardigitalnoticias.com\/#organization","name":"AR Digital Noticias","url":"https:\/\/ardigitalnoticias.com\/","logo":{"@type":"ImageObject","inLanguage":"es","@id":"https:\/\/ardigitalnoticias.com\/#\/schema\/logo\/image\/","url":"https:\/\/ardigitalnoticias.com\/wp-content\/uploads\/2023\/11\/cropped-cropped-cropped-cropped-AR-Digital-Noticias-1.png","contentUrl":"https:\/\/ardigitalnoticias.com\/wp-content\/uploads\/2023\/11\/cropped-cropped-cropped-cropped-AR-Digital-Noticias-1.png","width":972,"height":306,"caption":"AR Digital Noticias"},"image":{"@id":"https:\/\/ardigitalnoticias.com\/#\/schema\/logo\/image\/"}},{"@type":"Person","@id":"https:\/\/ardigitalnoticias.com\/#\/schema\/person\/759c8138ebc77e85adb1aa750003a751","name":"Editor ArDigitalNoticias","image":{"@type":"ImageObject","inLanguage":"es","@id":"https:\/\/secure.gravatar.com\/avatar\/2c7f3656ea34567ef10422f22f4395b6cc422854a0b986ba788597ac36902f93?s=96&d=mm&r=g","url":"https:\/\/secure.gravatar.com\/avatar\/2c7f3656ea34567ef10422f22f4395b6cc422854a0b986ba788597ac36902f93?s=96&d=mm&r=g","contentUrl":"https:\/\/secure.gravatar.com\/avatar\/2c7f3656ea34567ef10422f22f4395b6cc422854a0b986ba788597ac36902f93?s=96&d=mm&r=g","caption":"Editor ArDigitalNoticias"},"sameAs":["http:\/\/ardigitalnoticias.com"],"url":"https:\/\/ardigitalnoticias.com\/index.php\/author\/editor\/"}]}},"_links":{"self":[{"href":"https:\/\/ardigitalnoticias.com\/index.php\/wp-json\/wp\/v2\/posts\/5011","targetHints":{"allow":["GET"]}}],"collection":[{"href":"https:\/\/ardigitalnoticias.com\/index.php\/wp-json\/wp\/v2\/posts"}],"about":[{"href":"https:\/\/ardigitalnoticias.com\/index.php\/wp-json\/wp\/v2\/types\/post"}],"author":[{"embeddable":true,"href":"https:\/\/ardigitalnoticias.com\/index.php\/wp-json\/wp\/v2\/users\/3"}],"replies":[{"embeddable":true,"href":"https:\/\/ardigitalnoticias.com\/index.php\/wp-json\/wp\/v2\/comments?post=5011"}],"version-history":[{"count":1,"href":"https:\/\/ardigitalnoticias.com\/index.php\/wp-json\/wp\/v2\/posts\/5011\/revisions"}],"predecessor-version":[{"id":5015,"href":"https:\/\/ardigitalnoticias.com\/index.php\/wp-json\/wp\/v2\/posts\/5011\/revisions\/5015"}],"wp:featuredmedia":[{"embeddable":true,"href":"https:\/\/ardigitalnoticias.com\/index.php\/wp-json\/wp\/v2\/media\/5014"}],"wp:attachment":[{"href":"https:\/\/ardigitalnoticias.com\/index.php\/wp-json\/wp\/v2\/media?parent=5011"}],"wp:term":[{"taxonomy":"category","embeddable":true,"href":"https:\/\/ardigitalnoticias.com\/index.php\/wp-json\/wp\/v2\/categories?post=5011"},{"taxonomy":"post_tag","embeddable":true,"href":"https:\/\/ardigitalnoticias.com\/index.php\/wp-json\/wp\/v2\/tags?post=5011"}],"curies":[{"name":"wp","href":"https:\/\/api.w.org\/{rel}","templated":true}]}}