{"id":4999,"date":"2024-08-04T13:05:47","date_gmt":"2024-08-04T18:05:47","guid":{"rendered":"https:\/\/ardigitalnoticias.com\/?p=4999"},"modified":"2024-08-05T08:39:11","modified_gmt":"2024-08-05T13:39:11","slug":"cormagdalena-impulsa-obras-ambientales-en-el-huila-con-el-liderazgo-de-edgar-munoz-torres","status":"publish","type":"post","link":"https:\/\/ardigitalnoticias.com\/index.php\/2024\/08\/04\/cormagdalena-impulsa-obras-ambientales-en-el-huila-con-el-liderazgo-de-edgar-munoz-torres\/","title":{"rendered":"CORMAGDALENA IMPULSA OBRAS AMBIENTALES EN EL HUILA EDGAR MU\u00d1OZ TORRES ASESOR DE LA ENTIDAD ANUNCI\u00d3 ACTIVIDADES"},"content":{"rendered":"\n<p>Edgar Mu\u00f1oz Torres, actual asesor de Cormagdalena en el Huila, ha anunciado una serie de actividades y obras en el departamento para los meses de agosto y septiembre.<\/p>\n\n\n\n<p><strong>POR: ANDR\u00c9S RODR\u00cdGUEZ. <\/strong><\/p>\n\n\n<div class=\"wp-block-image\">\n<figure class=\"aligncenter size-full\"><img loading=\"lazy\" decoding=\"async\" width=\"561\" height=\"398\" src=\"https:\/\/ardigitalnoticias.com\/wp-content\/uploads\/2024\/08\/1002847921.jpg\" alt=\"\" class=\"wp-image-5000\" srcset=\"https:\/\/ardigitalnoticias.com\/wp-content\/uploads\/2024\/08\/1002847921.jpg 561w, https:\/\/ardigitalnoticias.com\/wp-content\/uploads\/2024\/08\/1002847921-300x213.jpg 300w, https:\/\/ardigitalnoticias.com\/wp-content\/uploads\/2024\/08\/1002847921-150x106.jpg 150w\" sizes=\"auto, (max-width: 561px) 100vw, 561px\" \/><\/figure>\n<\/div>\n\n\n<p>Durante un corto pas\u00f3 por el municipio de Garz\u00f3n, el exalcalde de Pitalito y actual asesor de Cormagdalena, detall\u00f3 la agenda de la entidad ambiental, que incluye visitas y el inicio de proyectos en varios municipios del Huila.<\/p>\n\n\n\n<p>Edgar Mu\u00f1oz, quien se desempe\u00f1a como asesor de Cormagdalena para cuatro departamentos del pa\u00eds, inform\u00f3 que entre los municipios a visitar se encuentran Agrado, Aipe y San Agust\u00edn. En Agrado, se comenzar\u00e1 la construcci\u00f3n de la canalizaci\u00f3n e higienizaci\u00f3n del ca\u00f1o El Caracol, con una inversi\u00f3n de $2.688.664.249,00. Estos recursos fueron gestionados por Mu\u00f1oz durante su tiempo como representante de los municipios ribere\u00f1os del r\u00edo Magdalena ante Cormagdalena.<\/p>\n\n\n<div class=\"wp-block-image\">\n<figure class=\"aligncenter size-large is-resized\"><img loading=\"lazy\" decoding=\"async\" width=\"1024\" height=\"576\" src=\"https:\/\/ardigitalnoticias.com\/wp-content\/uploads\/2024\/08\/20240803_112349-1024x576.jpg\" alt=\"\" class=\"wp-image-5002\" style=\"width:380px;height:auto\" srcset=\"https:\/\/ardigitalnoticias.com\/wp-content\/uploads\/2024\/08\/20240803_112349-1024x576.jpg 1024w, https:\/\/ardigitalnoticias.com\/wp-content\/uploads\/2024\/08\/20240803_112349-300x169.jpg 300w, https:\/\/ardigitalnoticias.com\/wp-content\/uploads\/2024\/08\/20240803_112349-768x432.jpg 768w, https:\/\/ardigitalnoticias.com\/wp-content\/uploads\/2024\/08\/20240803_112349-1536x864.jpg 1536w, https:\/\/ardigitalnoticias.com\/wp-content\/uploads\/2024\/08\/20240803_112349-2048x1152.jpg 2048w, https:\/\/ardigitalnoticias.com\/wp-content\/uploads\/2024\/08\/20240803_112349-150x84.jpg 150w, https:\/\/ardigitalnoticias.com\/wp-content\/uploads\/2024\/08\/20240803_112349-696x392.jpg 696w, https:\/\/ardigitalnoticias.com\/wp-content\/uploads\/2024\/08\/20240803_112349-1068x601.jpg 1068w, https:\/\/ardigitalnoticias.com\/wp-content\/uploads\/2024\/08\/20240803_112349-1920x1080.jpg 1920w\" sizes=\"auto, (max-width: 1024px) 100vw, 1024px\" \/><\/figure>\n<\/div>\n\n\n<p>En Aipe, se est\u00e1n llevando a cabo obras financiadas por Cormagdalena, tambi\u00e9n gestionadas por Mu\u00f1oz. Por su parte, en San Agust\u00edn se realizar\u00e1 una exploraci\u00f3n desde ese municipio hasta La Jagua, con el objetivo de evaluar el estado actual del r\u00edo Magdalena.<\/p>\n\n\n\n<p>Edgar Mu\u00f1oz enfatiz\u00f3 la importancia de su cargo actual en Cormagdalena para que las comunidades y alcaldes del Huila puedan gestionar recursos para la ejecuci\u00f3n de obras ambientales. Mu\u00f1oz, psic\u00f3logo graduado de la Universidad de la Sabana en Bogot\u00e1, cuenta con una destacada formaci\u00f3n acad\u00e9mica y profesional. Posee especializaciones en Gerencia en Salud y Seguridad Social, Alta Gerencia, y una maestr\u00eda en Salud P\u00fablica y otra en Administraci\u00f3n P\u00fablica.<\/p>\n\n\n<div class=\"wp-block-image\">\n<figure class=\"aligncenter size-large\"><img loading=\"lazy\" decoding=\"async\" width=\"1024\" height=\"576\" src=\"https:\/\/ardigitalnoticias.com\/wp-content\/uploads\/2024\/08\/20240803_112511-1024x576.jpg\" alt=\"\" class=\"wp-image-5001\" srcset=\"https:\/\/ardigitalnoticias.com\/wp-content\/uploads\/2024\/08\/20240803_112511-1024x576.jpg 1024w, https:\/\/ardigitalnoticias.com\/wp-content\/uploads\/2024\/08\/20240803_112511-300x169.jpg 300w, https:\/\/ardigitalnoticias.com\/wp-content\/uploads\/2024\/08\/20240803_112511-768x432.jpg 768w, https:\/\/ardigitalnoticias.com\/wp-content\/uploads\/2024\/08\/20240803_112511-1536x864.jpg 1536w, https:\/\/ardigitalnoticias.com\/wp-content\/uploads\/2024\/08\/20240803_112511-2048x1152.jpg 2048w, https:\/\/ardigitalnoticias.com\/wp-content\/uploads\/2024\/08\/20240803_112511-150x84.jpg 150w, https:\/\/ardigitalnoticias.com\/wp-content\/uploads\/2024\/08\/20240803_112511-696x392.jpg 696w, https:\/\/ardigitalnoticias.com\/wp-content\/uploads\/2024\/08\/20240803_112511-1068x601.jpg 1068w, https:\/\/ardigitalnoticias.com\/wp-content\/uploads\/2024\/08\/20240803_112511-1920x1080.jpg 1920w\" sizes=\"auto, (max-width: 1024px) 100vw, 1024px\" \/><\/figure>\n<\/div>\n\n\n<p>Con una trayectoria de cinco a\u00f1os como profesor universitario, ocho a\u00f1os como secretario de Salud en Dotal, tres a\u00f1os en el Ministerio de Salud, y dos a\u00f1os y medio en la Superintendencia de Salud, Mu\u00f1oz tambi\u00e9n ha sido gerente del ESE Manuel Castro en Pitalito y alcalde de Pitalito durante el per\u00edodo 2020-2023. Actualmente, es asesor de Cormagdalena, donde sigue trabajando en beneficio de la regi\u00f3n.<\/p>\n\n\n\n<p>Mu\u00f1oz est\u00e1 casado con la gazone\u00f1a Maribel Su\u00e1rez Burgos, quien es su mano derecha para impulsar proyectos que buscan mejorar la calidad de vida de las comunidades del departamento a trav\u00e9s de la gesti\u00f3n ambiental y la ejecuci\u00f3n de obras significativas.<\/p>\n\n\n\n<figure class=\"wp-block-image size-large\"><img loading=\"lazy\" decoding=\"async\" width=\"1024\" height=\"576\" src=\"https:\/\/ardigitalnoticias.com\/wp-content\/uploads\/2024\/08\/20240803_114417-1024x576.jpg\" alt=\"\" class=\"wp-image-5003\" srcset=\"https:\/\/ardigitalnoticias.com\/wp-content\/uploads\/2024\/08\/20240803_114417-1024x576.jpg 1024w, https:\/\/ardigitalnoticias.com\/wp-content\/uploads\/2024\/08\/20240803_114417-300x169.jpg 300w, https:\/\/ardigitalnoticias.com\/wp-content\/uploads\/2024\/08\/20240803_114417-768x432.jpg 768w, https:\/\/ardigitalnoticias.com\/wp-content\/uploads\/2024\/08\/20240803_114417-1536x864.jpg 1536w, https:\/\/ardigitalnoticias.com\/wp-content\/uploads\/2024\/08\/20240803_114417-2048x1152.jpg 2048w, https:\/\/ardigitalnoticias.com\/wp-content\/uploads\/2024\/08\/20240803_114417-150x84.jpg 150w, https:\/\/ardigitalnoticias.com\/wp-content\/uploads\/2024\/08\/20240803_114417-696x392.jpg 696w, https:\/\/ardigitalnoticias.com\/wp-content\/uploads\/2024\/08\/20240803_114417-1068x601.jpg 1068w, https:\/\/ardigitalnoticias.com\/wp-content\/uploads\/2024\/08\/20240803_114417-1920x1080.jpg 1920w\" sizes=\"auto, (max-width: 1024px) 100vw, 1024px\" \/><\/figure>\n","protected":false},"excerpt":{"rendered":"<p>Edgar Mu\u00f1oz Torres, actual asesor de Cormagdalena en el Huila, ha anunciado una serie de actividades y obras en el departamento para los meses de agosto y septiembre. POR: ANDR\u00c9S RODR\u00cdGUEZ. Durante un corto pas\u00f3 por el municipio de Garz\u00f3n, el exalcalde de Pitalito y actual asesor de Cormagdalena, detall\u00f3 la agenda de la entidad [&hellip;]<\/p>\n","protected":false},"author":3,"featured_media":5005,"comment_status":"open","ping_status":"open","sticky":false,"template":"","format":"standard","meta":{"_acf_changed":false,"_joinchat":[],"footnotes":""},"categories":[1,25,19],"tags":[],"class_list":{"0":"post-4999","1":"post","2":"type-post","3":"status-publish","4":"format-standard","5":"has-post-thumbnail","7":"category-actualidad","8":"category-centro","9":"category-regional"},"acf":[],"yoast_head":"<!-- This site is optimized with the Yoast SEO plugin v27.5 - https:\/\/yoast.com\/product\/yoast-seo-wordpress\/ -->\n<title>CORMAGDALENA IMPULSA OBRAS AMBIENTALES EN EL HUILA EDGAR MU\u00d1OZ TORRES ASESOR DE LA ENTIDAD ANUNCI\u00d3 ACTIVIDADES - AR Digital Noticias<\/title>\n<meta name=\"robots\" content=\"index, follow, max-snippet:-1, max-image-preview:large, max-video-preview:-1\" \/>\n<link rel=\"canonical\" href=\"https:\/\/ardigitalnoticias.com\/index.php\/2024\/08\/04\/cormagdalena-impulsa-obras-ambientales-en-el-huila-con-el-liderazgo-de-edgar-munoz-torres\/\" \/>\n<meta property=\"og:locale\" content=\"es_ES\" \/>\n<meta property=\"og:type\" content=\"article\" \/>\n<meta property=\"og:title\" content=\"CORMAGDALENA IMPULSA OBRAS AMBIENTALES EN EL HUILA EDGAR MU\u00d1OZ TORRES ASESOR DE LA ENTIDAD ANUNCI\u00d3 ACTIVIDADES - AR Digital Noticias\" \/>\n<meta property=\"og:description\" content=\"Edgar Mu\u00f1oz Torres, actual asesor de Cormagdalena en el Huila, ha anunciado una serie de actividades y obras en el departamento para los meses de agosto y septiembre. POR: ANDR\u00c9S RODR\u00cdGUEZ. Durante un corto pas\u00f3 por el municipio de Garz\u00f3n, el exalcalde de Pitalito y actual asesor de Cormagdalena, detall\u00f3 la agenda de la entidad [&hellip;]\" \/>\n<meta property=\"og:url\" content=\"https:\/\/ardigitalnoticias.com\/index.php\/2024\/08\/04\/cormagdalena-impulsa-obras-ambientales-en-el-huila-con-el-liderazgo-de-edgar-munoz-torres\/\" \/>\n<meta property=\"og:site_name\" content=\"AR Digital Noticias\" \/>\n<meta property=\"article:published_time\" content=\"2024-08-04T18:05:47+00:00\" \/>\n<meta property=\"article:modified_time\" content=\"2024-08-05T13:39:11+00:00\" \/>\n<meta property=\"og:image\" content=\"https:\/\/ardigitalnoticias.com\/wp-content\/uploads\/2024\/08\/InShot_20240804_130350852-scaled.jpg\" \/>\n\t<meta property=\"og:image:width\" content=\"2560\" \/>\n\t<meta property=\"og:image:height\" content=\"1439\" \/>\n\t<meta property=\"og:image:type\" content=\"image\/jpeg\" \/>\n<meta name=\"author\" content=\"Editor ArDigitalNoticias\" \/>\n<meta name=\"twitter:card\" content=\"summary_large_image\" \/>\n<meta name=\"twitter:label1\" content=\"Escrito por\" \/>\n\t<meta name=\"twitter:data1\" content=\"Editor ArDigitalNoticias\" \/>\n\t<meta name=\"twitter:label2\" content=\"Tiempo de lectura\" \/>\n\t<meta name=\"twitter:data2\" content=\"3 minutos\" \/>\n<script type=\"application\/ld+json\" class=\"yoast-schema-graph\">{\"@context\":\"https:\\\/\\\/schema.org\",\"@graph\":[{\"@type\":\"Article\",\"@id\":\"https:\\\/\\\/ardigitalnoticias.com\\\/index.php\\\/2024\\\/08\\\/04\\\/cormagdalena-impulsa-obras-ambientales-en-el-huila-con-el-liderazgo-de-edgar-munoz-torres\\\/#article\",\"isPartOf\":{\"@id\":\"https:\\\/\\\/ardigitalnoticias.com\\\/index.php\\\/2024\\\/08\\\/04\\\/cormagdalena-impulsa-obras-ambientales-en-el-huila-con-el-liderazgo-de-edgar-munoz-torres\\\/\"},\"author\":{\"name\":\"Editor ArDigitalNoticias\",\"@id\":\"https:\\\/\\\/ardigitalnoticias.com\\\/#\\\/schema\\\/person\\\/759c8138ebc77e85adb1aa750003a751\"},\"headline\":\"CORMAGDALENA IMPULSA OBRAS AMBIENTALES EN EL HUILA EDGAR MU\u00d1OZ TORRES ASESOR DE LA ENTIDAD ANUNCI\u00d3 ACTIVIDADES\",\"datePublished\":\"2024-08-04T18:05:47+00:00\",\"dateModified\":\"2024-08-05T13:39:11+00:00\",\"mainEntityOfPage\":{\"@id\":\"https:\\\/\\\/ardigitalnoticias.com\\\/index.php\\\/2024\\\/08\\\/04\\\/cormagdalena-impulsa-obras-ambientales-en-el-huila-con-el-liderazgo-de-edgar-munoz-torres\\\/\"},\"wordCount\":417,\"commentCount\":0,\"publisher\":{\"@id\":\"https:\\\/\\\/ardigitalnoticias.com\\\/#organization\"},\"image\":{\"@id\":\"https:\\\/\\\/ardigitalnoticias.com\\\/index.php\\\/2024\\\/08\\\/04\\\/cormagdalena-impulsa-obras-ambientales-en-el-huila-con-el-liderazgo-de-edgar-munoz-torres\\\/#primaryimage\"},\"thumbnailUrl\":\"https:\\\/\\\/ardigitalnoticias.com\\\/wp-content\\\/uploads\\\/2024\\\/08\\\/InShot_20240804_130350852-scaled.jpg\",\"articleSection\":[\"Actualidad\",\"Centro\",\"Regional\"],\"inLanguage\":\"es\",\"potentialAction\":[{\"@type\":\"CommentAction\",\"name\":\"Comment\",\"target\":[\"https:\\\/\\\/ardigitalnoticias.com\\\/index.php\\\/2024\\\/08\\\/04\\\/cormagdalena-impulsa-obras-ambientales-en-el-huila-con-el-liderazgo-de-edgar-munoz-torres\\\/#respond\"]}]},{\"@type\":\"WebPage\",\"@id\":\"https:\\\/\\\/ardigitalnoticias.com\\\/index.php\\\/2024\\\/08\\\/04\\\/cormagdalena-impulsa-obras-ambientales-en-el-huila-con-el-liderazgo-de-edgar-munoz-torres\\\/\",\"url\":\"https:\\\/\\\/ardigitalnoticias.com\\\/index.php\\\/2024\\\/08\\\/04\\\/cormagdalena-impulsa-obras-ambientales-en-el-huila-con-el-liderazgo-de-edgar-munoz-torres\\\/\",\"name\":\"CORMAGDALENA IMPULSA OBRAS AMBIENTALES EN EL HUILA EDGAR MU\u00d1OZ TORRES ASESOR DE LA ENTIDAD ANUNCI\u00d3 ACTIVIDADES - AR Digital Noticias\",\"isPartOf\":{\"@id\":\"https:\\\/\\\/ardigitalnoticias.com\\\/#website\"},\"primaryImageOfPage\":{\"@id\":\"https:\\\/\\\/ardigitalnoticias.com\\\/index.php\\\/2024\\\/08\\\/04\\\/cormagdalena-impulsa-obras-ambientales-en-el-huila-con-el-liderazgo-de-edgar-munoz-torres\\\/#primaryimage\"},\"image\":{\"@id\":\"https:\\\/\\\/ardigitalnoticias.com\\\/index.php\\\/2024\\\/08\\\/04\\\/cormagdalena-impulsa-obras-ambientales-en-el-huila-con-el-liderazgo-de-edgar-munoz-torres\\\/#primaryimage\"},\"thumbnailUrl\":\"https:\\\/\\\/ardigitalnoticias.com\\\/wp-content\\\/uploads\\\/2024\\\/08\\\/InShot_20240804_130350852-scaled.jpg\",\"datePublished\":\"2024-08-04T18:05:47+00:00\",\"dateModified\":\"2024-08-05T13:39:11+00:00\",\"breadcrumb\":{\"@id\":\"https:\\\/\\\/ardigitalnoticias.com\\\/index.php\\\/2024\\\/08\\\/04\\\/cormagdalena-impulsa-obras-ambientales-en-el-huila-con-el-liderazgo-de-edgar-munoz-torres\\\/#breadcrumb\"},\"inLanguage\":\"es\",\"potentialAction\":[{\"@type\":\"ReadAction\",\"target\":[\"https:\\\/\\\/ardigitalnoticias.com\\\/index.php\\\/2024\\\/08\\\/04\\\/cormagdalena-impulsa-obras-ambientales-en-el-huila-con-el-liderazgo-de-edgar-munoz-torres\\\/\"]}]},{\"@type\":\"ImageObject\",\"inLanguage\":\"es\",\"@id\":\"https:\\\/\\\/ardigitalnoticias.com\\\/index.php\\\/2024\\\/08\\\/04\\\/cormagdalena-impulsa-obras-ambientales-en-el-huila-con-el-liderazgo-de-edgar-munoz-torres\\\/#primaryimage\",\"url\":\"https:\\\/\\\/ardigitalnoticias.com\\\/wp-content\\\/uploads\\\/2024\\\/08\\\/InShot_20240804_130350852-scaled.jpg\",\"contentUrl\":\"https:\\\/\\\/ardigitalnoticias.com\\\/wp-content\\\/uploads\\\/2024\\\/08\\\/InShot_20240804_130350852-scaled.jpg\",\"width\":2560,\"height\":1439},{\"@type\":\"BreadcrumbList\",\"@id\":\"https:\\\/\\\/ardigitalnoticias.com\\\/index.php\\\/2024\\\/08\\\/04\\\/cormagdalena-impulsa-obras-ambientales-en-el-huila-con-el-liderazgo-de-edgar-munoz-torres\\\/#breadcrumb\",\"itemListElement\":[{\"@type\":\"ListItem\",\"position\":1,\"name\":\"Portada\",\"item\":\"https:\\\/\\\/ardigitalnoticias.com\\\/\"},{\"@type\":\"ListItem\",\"position\":2,\"name\":\"CORMAGDALENA IMPULSA OBRAS AMBIENTALES EN EL HUILA EDGAR MU\u00d1OZ TORRES ASESOR DE LA ENTIDAD ANUNCI\u00d3 ACTIVIDADES\"}]},{\"@type\":\"WebSite\",\"@id\":\"https:\\\/\\\/ardigitalnoticias.com\\\/#website\",\"url\":\"https:\\\/\\\/ardigitalnoticias.com\\\/\",\"name\":\"AR Digital Noticias\",\"description\":\"\",\"publisher\":{\"@id\":\"https:\\\/\\\/ardigitalnoticias.com\\\/#organization\"},\"potentialAction\":[{\"@type\":\"SearchAction\",\"target\":{\"@type\":\"EntryPoint\",\"urlTemplate\":\"https:\\\/\\\/ardigitalnoticias.com\\\/?s={search_term_string}\"},\"query-input\":{\"@type\":\"PropertyValueSpecification\",\"valueRequired\":true,\"valueName\":\"search_term_string\"}}],\"inLanguage\":\"es\"},{\"@type\":\"Organization\",\"@id\":\"https:\\\/\\\/ardigitalnoticias.com\\\/#organization\",\"name\":\"AR Digital Noticias\",\"url\":\"https:\\\/\\\/ardigitalnoticias.com\\\/\",\"logo\":{\"@type\":\"ImageObject\",\"inLanguage\":\"es\",\"@id\":\"https:\\\/\\\/ardigitalnoticias.com\\\/#\\\/schema\\\/logo\\\/image\\\/\",\"url\":\"https:\\\/\\\/ardigitalnoticias.com\\\/wp-content\\\/uploads\\\/2023\\\/11\\\/cropped-cropped-cropped-cropped-AR-Digital-Noticias-1.png\",\"contentUrl\":\"https:\\\/\\\/ardigitalnoticias.com\\\/wp-content\\\/uploads\\\/2023\\\/11\\\/cropped-cropped-cropped-cropped-AR-Digital-Noticias-1.png\",\"width\":972,\"height\":306,\"caption\":\"AR Digital Noticias\"},\"image\":{\"@id\":\"https:\\\/\\\/ardigitalnoticias.com\\\/#\\\/schema\\\/logo\\\/image\\\/\"}},{\"@type\":\"Person\",\"@id\":\"https:\\\/\\\/ardigitalnoticias.com\\\/#\\\/schema\\\/person\\\/759c8138ebc77e85adb1aa750003a751\",\"name\":\"Editor ArDigitalNoticias\",\"image\":{\"@type\":\"ImageObject\",\"inLanguage\":\"es\",\"@id\":\"https:\\\/\\\/secure.gravatar.com\\\/avatar\\\/2c7f3656ea34567ef10422f22f4395b6cc422854a0b986ba788597ac36902f93?s=96&d=mm&r=g\",\"url\":\"https:\\\/\\\/secure.gravatar.com\\\/avatar\\\/2c7f3656ea34567ef10422f22f4395b6cc422854a0b986ba788597ac36902f93?s=96&d=mm&r=g\",\"contentUrl\":\"https:\\\/\\\/secure.gravatar.com\\\/avatar\\\/2c7f3656ea34567ef10422f22f4395b6cc422854a0b986ba788597ac36902f93?s=96&d=mm&r=g\",\"caption\":\"Editor ArDigitalNoticias\"},\"sameAs\":[\"http:\\\/\\\/ardigitalnoticias.com\"],\"url\":\"https:\\\/\\\/ardigitalnoticias.com\\\/index.php\\\/author\\\/editor\\\/\"}]}<\/script>\n<!-- \/ Yoast SEO plugin. -->","yoast_head_json":{"title":"CORMAGDALENA IMPULSA OBRAS AMBIENTALES EN EL HUILA EDGAR MU\u00d1OZ TORRES ASESOR DE LA ENTIDAD ANUNCI\u00d3 ACTIVIDADES - AR Digital Noticias","robots":{"index":"index","follow":"follow","max-snippet":"max-snippet:-1","max-image-preview":"max-image-preview:large","max-video-preview":"max-video-preview:-1"},"canonical":"https:\/\/ardigitalnoticias.com\/index.php\/2024\/08\/04\/cormagdalena-impulsa-obras-ambientales-en-el-huila-con-el-liderazgo-de-edgar-munoz-torres\/","og_locale":"es_ES","og_type":"article","og_title":"CORMAGDALENA IMPULSA OBRAS AMBIENTALES EN EL HUILA EDGAR MU\u00d1OZ TORRES ASESOR DE LA ENTIDAD ANUNCI\u00d3 ACTIVIDADES - AR Digital Noticias","og_description":"Edgar Mu\u00f1oz Torres, actual asesor de Cormagdalena en el Huila, ha anunciado una serie de actividades y obras en el departamento para los meses de agosto y septiembre. POR: ANDR\u00c9S RODR\u00cdGUEZ. Durante un corto pas\u00f3 por el municipio de Garz\u00f3n, el exalcalde de Pitalito y actual asesor de Cormagdalena, detall\u00f3 la agenda de la entidad [&hellip;]","og_url":"https:\/\/ardigitalnoticias.com\/index.php\/2024\/08\/04\/cormagdalena-impulsa-obras-ambientales-en-el-huila-con-el-liderazgo-de-edgar-munoz-torres\/","og_site_name":"AR Digital Noticias","article_published_time":"2024-08-04T18:05:47+00:00","article_modified_time":"2024-08-05T13:39:11+00:00","og_image":[{"width":2560,"height":1439,"url":"https:\/\/ardigitalnoticias.com\/wp-content\/uploads\/2024\/08\/InShot_20240804_130350852-scaled.jpg","type":"image\/jpeg"}],"author":"Editor ArDigitalNoticias","twitter_card":"summary_large_image","twitter_misc":{"Escrito por":"Editor ArDigitalNoticias","Tiempo de lectura":"3 minutos"},"schema":{"@context":"https:\/\/schema.org","@graph":[{"@type":"Article","@id":"https:\/\/ardigitalnoticias.com\/index.php\/2024\/08\/04\/cormagdalena-impulsa-obras-ambientales-en-el-huila-con-el-liderazgo-de-edgar-munoz-torres\/#article","isPartOf":{"@id":"https:\/\/ardigitalnoticias.com\/index.php\/2024\/08\/04\/cormagdalena-impulsa-obras-ambientales-en-el-huila-con-el-liderazgo-de-edgar-munoz-torres\/"},"author":{"name":"Editor ArDigitalNoticias","@id":"https:\/\/ardigitalnoticias.com\/#\/schema\/person\/759c8138ebc77e85adb1aa750003a751"},"headline":"CORMAGDALENA IMPULSA OBRAS AMBIENTALES EN EL HUILA EDGAR MU\u00d1OZ TORRES ASESOR DE LA ENTIDAD ANUNCI\u00d3 ACTIVIDADES","datePublished":"2024-08-04T18:05:47+00:00","dateModified":"2024-08-05T13:39:11+00:00","mainEntityOfPage":{"@id":"https:\/\/ardigitalnoticias.com\/index.php\/2024\/08\/04\/cormagdalena-impulsa-obras-ambientales-en-el-huila-con-el-liderazgo-de-edgar-munoz-torres\/"},"wordCount":417,"commentCount":0,"publisher":{"@id":"https:\/\/ardigitalnoticias.com\/#organization"},"image":{"@id":"https:\/\/ardigitalnoticias.com\/index.php\/2024\/08\/04\/cormagdalena-impulsa-obras-ambientales-en-el-huila-con-el-liderazgo-de-edgar-munoz-torres\/#primaryimage"},"thumbnailUrl":"https:\/\/ardigitalnoticias.com\/wp-content\/uploads\/2024\/08\/InShot_20240804_130350852-scaled.jpg","articleSection":["Actualidad","Centro","Regional"],"inLanguage":"es","potentialAction":[{"@type":"CommentAction","name":"Comment","target":["https:\/\/ardigitalnoticias.com\/index.php\/2024\/08\/04\/cormagdalena-impulsa-obras-ambientales-en-el-huila-con-el-liderazgo-de-edgar-munoz-torres\/#respond"]}]},{"@type":"WebPage","@id":"https:\/\/ardigitalnoticias.com\/index.php\/2024\/08\/04\/cormagdalena-impulsa-obras-ambientales-en-el-huila-con-el-liderazgo-de-edgar-munoz-torres\/","url":"https:\/\/ardigitalnoticias.com\/index.php\/2024\/08\/04\/cormagdalena-impulsa-obras-ambientales-en-el-huila-con-el-liderazgo-de-edgar-munoz-torres\/","name":"CORMAGDALENA IMPULSA OBRAS AMBIENTALES EN EL HUILA EDGAR MU\u00d1OZ TORRES ASESOR DE LA ENTIDAD ANUNCI\u00d3 ACTIVIDADES - AR Digital Noticias","isPartOf":{"@id":"https:\/\/ardigitalnoticias.com\/#website"},"primaryImageOfPage":{"@id":"https:\/\/ardigitalnoticias.com\/index.php\/2024\/08\/04\/cormagdalena-impulsa-obras-ambientales-en-el-huila-con-el-liderazgo-de-edgar-munoz-torres\/#primaryimage"},"image":{"@id":"https:\/\/ardigitalnoticias.com\/index.php\/2024\/08\/04\/cormagdalena-impulsa-obras-ambientales-en-el-huila-con-el-liderazgo-de-edgar-munoz-torres\/#primaryimage"},"thumbnailUrl":"https:\/\/ardigitalnoticias.com\/wp-content\/uploads\/2024\/08\/InShot_20240804_130350852-scaled.jpg","datePublished":"2024-08-04T18:05:47+00:00","dateModified":"2024-08-05T13:39:11+00:00","breadcrumb":{"@id":"https:\/\/ardigitalnoticias.com\/index.php\/2024\/08\/04\/cormagdalena-impulsa-obras-ambientales-en-el-huila-con-el-liderazgo-de-edgar-munoz-torres\/#breadcrumb"},"inLanguage":"es","potentialAction":[{"@type":"ReadAction","target":["https:\/\/ardigitalnoticias.com\/index.php\/2024\/08\/04\/cormagdalena-impulsa-obras-ambientales-en-el-huila-con-el-liderazgo-de-edgar-munoz-torres\/"]}]},{"@type":"ImageObject","inLanguage":"es","@id":"https:\/\/ardigitalnoticias.com\/index.php\/2024\/08\/04\/cormagdalena-impulsa-obras-ambientales-en-el-huila-con-el-liderazgo-de-edgar-munoz-torres\/#primaryimage","url":"https:\/\/ardigitalnoticias.com\/wp-content\/uploads\/2024\/08\/InShot_20240804_130350852-scaled.jpg","contentUrl":"https:\/\/ardigitalnoticias.com\/wp-content\/uploads\/2024\/08\/InShot_20240804_130350852-scaled.jpg","width":2560,"height":1439},{"@type":"BreadcrumbList","@id":"https:\/\/ardigitalnoticias.com\/index.php\/2024\/08\/04\/cormagdalena-impulsa-obras-ambientales-en-el-huila-con-el-liderazgo-de-edgar-munoz-torres\/#breadcrumb","itemListElement":[{"@type":"ListItem","position":1,"name":"Portada","item":"https:\/\/ardigitalnoticias.com\/"},{"@type":"ListItem","position":2,"name":"CORMAGDALENA IMPULSA OBRAS AMBIENTALES EN EL HUILA EDGAR MU\u00d1OZ TORRES ASESOR DE LA ENTIDAD ANUNCI\u00d3 ACTIVIDADES"}]},{"@type":"WebSite","@id":"https:\/\/ardigitalnoticias.com\/#website","url":"https:\/\/ardigitalnoticias.com\/","name":"AR Digital Noticias","description":"","publisher":{"@id":"https:\/\/ardigitalnoticias.com\/#organization"},"potentialAction":[{"@type":"SearchAction","target":{"@type":"EntryPoint","urlTemplate":"https:\/\/ardigitalnoticias.com\/?s={search_term_string}"},"query-input":{"@type":"PropertyValueSpecification","valueRequired":true,"valueName":"search_term_string"}}],"inLanguage":"es"},{"@type":"Organization","@id":"https:\/\/ardigitalnoticias.com\/#organization","name":"AR Digital Noticias","url":"https:\/\/ardigitalnoticias.com\/","logo":{"@type":"ImageObject","inLanguage":"es","@id":"https:\/\/ardigitalnoticias.com\/#\/schema\/logo\/image\/","url":"https:\/\/ardigitalnoticias.com\/wp-content\/uploads\/2023\/11\/cropped-cropped-cropped-cropped-AR-Digital-Noticias-1.png","contentUrl":"https:\/\/ardigitalnoticias.com\/wp-content\/uploads\/2023\/11\/cropped-cropped-cropped-cropped-AR-Digital-Noticias-1.png","width":972,"height":306,"caption":"AR Digital Noticias"},"image":{"@id":"https:\/\/ardigitalnoticias.com\/#\/schema\/logo\/image\/"}},{"@type":"Person","@id":"https:\/\/ardigitalnoticias.com\/#\/schema\/person\/759c8138ebc77e85adb1aa750003a751","name":"Editor ArDigitalNoticias","image":{"@type":"ImageObject","inLanguage":"es","@id":"https:\/\/secure.gravatar.com\/avatar\/2c7f3656ea34567ef10422f22f4395b6cc422854a0b986ba788597ac36902f93?s=96&d=mm&r=g","url":"https:\/\/secure.gravatar.com\/avatar\/2c7f3656ea34567ef10422f22f4395b6cc422854a0b986ba788597ac36902f93?s=96&d=mm&r=g","contentUrl":"https:\/\/secure.gravatar.com\/avatar\/2c7f3656ea34567ef10422f22f4395b6cc422854a0b986ba788597ac36902f93?s=96&d=mm&r=g","caption":"Editor ArDigitalNoticias"},"sameAs":["http:\/\/ardigitalnoticias.com"],"url":"https:\/\/ardigitalnoticias.com\/index.php\/author\/editor\/"}]}},"_links":{"self":[{"href":"https:\/\/ardigitalnoticias.com\/index.php\/wp-json\/wp\/v2\/posts\/4999","targetHints":{"allow":["GET"]}}],"collection":[{"href":"https:\/\/ardigitalnoticias.com\/index.php\/wp-json\/wp\/v2\/posts"}],"about":[{"href":"https:\/\/ardigitalnoticias.com\/index.php\/wp-json\/wp\/v2\/types\/post"}],"author":[{"embeddable":true,"href":"https:\/\/ardigitalnoticias.com\/index.php\/wp-json\/wp\/v2\/users\/3"}],"replies":[{"embeddable":true,"href":"https:\/\/ardigitalnoticias.com\/index.php\/wp-json\/wp\/v2\/comments?post=4999"}],"version-history":[{"count":3,"href":"https:\/\/ardigitalnoticias.com\/index.php\/wp-json\/wp\/v2\/posts\/4999\/revisions"}],"predecessor-version":[{"id":5010,"href":"https:\/\/ardigitalnoticias.com\/index.php\/wp-json\/wp\/v2\/posts\/4999\/revisions\/5010"}],"wp:featuredmedia":[{"embeddable":true,"href":"https:\/\/ardigitalnoticias.com\/index.php\/wp-json\/wp\/v2\/media\/5005"}],"wp:attachment":[{"href":"https:\/\/ardigitalnoticias.com\/index.php\/wp-json\/wp\/v2\/media?parent=4999"}],"wp:term":[{"taxonomy":"category","embeddable":true,"href":"https:\/\/ardigitalnoticias.com\/index.php\/wp-json\/wp\/v2\/categories?post=4999"},{"taxonomy":"post_tag","embeddable":true,"href":"https:\/\/ardigitalnoticias.com\/index.php\/wp-json\/wp\/v2\/tags?post=4999"}],"curies":[{"name":"wp","href":"https:\/\/api.w.org\/{rel}","templated":true}]}}