{"id":4982,"date":"2024-08-01T17:26:32","date_gmt":"2024-08-01T22:26:32","guid":{"rendered":"https:\/\/ardigitalnoticias.com\/?p=4982"},"modified":"2024-08-01T17:26:33","modified_gmt":"2024-08-01T22:26:33","slug":"garzon-descendera-de-categoria-por-bajo-recaudo-en-2023","status":"publish","type":"post","link":"https:\/\/ardigitalnoticias.com\/index.php\/2024\/08\/01\/garzon-descendera-de-categoria-por-bajo-recaudo-en-2023\/","title":{"rendered":"GARZ\u00d3N DESCENDER\u00c1 DE CATEGOR\u00cdA POR BAJO RECAUDO EN 2023"},"content":{"rendered":"\n<p>La Contralor\u00eda General de la Naci\u00f3n ha emitido una certificaci\u00f3n sobre la vigencia fiscal de 2023 para el municipio de Garz\u00f3n, la cual se\u00f1ala una inminente descategorizaci\u00f3n del municipio, que pasar\u00e1 de quinta a sexta categor\u00eda.<\/p>\n\n\n\n<p><strong>POR: ANDR\u00c9S RODR\u00cdGUEZ.<\/strong><\/p>\n\n\n<div class=\"wp-block-image\">\n<figure class=\"aligncenter size-large\"><img loading=\"lazy\" decoding=\"async\" width=\"818\" height=\"1024\" src=\"https:\/\/ardigitalnoticias.com\/wp-content\/uploads\/2024\/08\/Screenshot_20240801_154132_Word-818x1024.png\" alt=\"\" class=\"wp-image-4984\" srcset=\"https:\/\/ardigitalnoticias.com\/wp-content\/uploads\/2024\/08\/Screenshot_20240801_154132_Word-818x1024.png 818w, https:\/\/ardigitalnoticias.com\/wp-content\/uploads\/2024\/08\/Screenshot_20240801_154132_Word-240x300.png 240w, https:\/\/ardigitalnoticias.com\/wp-content\/uploads\/2024\/08\/Screenshot_20240801_154132_Word-768x961.png 768w, https:\/\/ardigitalnoticias.com\/wp-content\/uploads\/2024\/08\/Screenshot_20240801_154132_Word-150x188.png 150w, https:\/\/ardigitalnoticias.com\/wp-content\/uploads\/2024\/08\/Screenshot_20240801_154132_Word-300x376.png 300w, https:\/\/ardigitalnoticias.com\/wp-content\/uploads\/2024\/08\/Screenshot_20240801_154132_Word-696x871.png 696w, https:\/\/ardigitalnoticias.com\/wp-content\/uploads\/2024\/08\/Screenshot_20240801_154132_Word-1068x1337.png 1068w, https:\/\/ardigitalnoticias.com\/wp-content\/uploads\/2024\/08\/Screenshot_20240801_154132_Word.png 1080w\" sizes=\"auto, (max-width: 818px) 100vw, 818px\" \/><\/figure>\n<\/div>\n\n\n<p>Esta medida ser\u00e1 efectiva a partir de la vigencia de 2025 y se debe al bajo recaudo de los ingresos corrientes de libre destinaci\u00f3n (ICLD) durante el \u00faltimo a\u00f1o de gesti\u00f3n del exalcalde Leonardo Valenzuela Ram\u00edrez.<\/p>\n\n\n\n<p>El actual alcalde de Garz\u00f3n, Francisco Calder\u00f3n Feriz, explic\u00f3 que la situaci\u00f3n surge porque en 2023 no se lograron recaudar los 15 mil salarios m\u00ednimos mensuales vigentes, requisito establecido por la ley 617 del a\u00f1o 2000 para mantener la categor\u00eda de los municipios. \u00abEl gobierno anterior, en la vigencia 2023, no cumpli\u00f3 con la ley 617 de realizar el recaudo de los 15 mil salarios, para que Garz\u00f3n se pudiera sostener en la categor\u00eda quinta\u00bb, afirm\u00f3 Calder\u00f3n Feriz.<\/p>\n\n\n\n<p>Seg\u00fan el art\u00edculo 6 de la ley 617, los municipios de quinta categor\u00eda deben recaudar al menos 15 mil salarios m\u00ednimos mensuales vigentes durante el a\u00f1o y tener una poblaci\u00f3n de 10 mil habitantes. En 2023, Garz\u00f3n recaud\u00f3 15.714 millones de pesos, quedando por debajo del tope m\u00ednimo de 17.400 millones, calculado con el salario m\u00ednimo del a\u00f1o, fijado en $1.160.000.<\/p>\n\n\n\n<p>Este descenso no solo afecta los salarios de los empleados municipales, sino tambi\u00e9n la inversi\u00f3n de capitales de fuera del departamento y del exterior. La p\u00e9rdida de categor\u00eda hace que el municipio resulte menos atractivo para los inversores y aumenta su dependencia de los recursos del gobierno nacional.<\/p>\n\n\n\n<p>Adem\u00e1s, la certificaci\u00f3n revela que en 2023, Leonardo Valenzuela destin\u00f3 casi el 60% del recaudo por impuestos municipales a gastos de funcionamiento, dejando menos de la mitad de estos recursos para la inversi\u00f3n. El aumento en el recaudo entre 2022 y 2023 fue de apenas 300 millones de pesos, a pesar de las modificaciones al estatuto tributario municipal que buscaban incrementar sustancialmente los ingresos. \u00abTodo esto se debe a la mala planeaci\u00f3n en el presupuesto, a malas estrategias en el recaudo, a mala planeaci\u00f3n en los recursos de funcionamiento, a la mala ejecuci\u00f3n y mala proyecci\u00f3n\u00bb, concluy\u00f3 el alcalde Francisco Calder\u00f3n Feriz.<\/p>\n\n\n\n<figure class=\"wp-block-image size-large\"><img loading=\"lazy\" decoding=\"async\" width=\"1024\" height=\"576\" src=\"https:\/\/ardigitalnoticias.com\/wp-content\/uploads\/2024\/08\/img_2_1722545452949-1024x576.webp\" alt=\"\" class=\"wp-image-4983\" srcset=\"https:\/\/ardigitalnoticias.com\/wp-content\/uploads\/2024\/08\/img_2_1722545452949-1024x576.webp 1024w, https:\/\/ardigitalnoticias.com\/wp-content\/uploads\/2024\/08\/img_2_1722545452949-300x169.webp 300w, https:\/\/ardigitalnoticias.com\/wp-content\/uploads\/2024\/08\/img_2_1722545452949-768x432.webp 768w, https:\/\/ardigitalnoticias.com\/wp-content\/uploads\/2024\/08\/img_2_1722545452949-150x84.webp 150w, https:\/\/ardigitalnoticias.com\/wp-content\/uploads\/2024\/08\/img_2_1722545452949-696x392.webp 696w, https:\/\/ardigitalnoticias.com\/wp-content\/uploads\/2024\/08\/img_2_1722545452949-1068x601.webp 1068w, https:\/\/ardigitalnoticias.com\/wp-content\/uploads\/2024\/08\/img_2_1722545452949.webp 1075w\" sizes=\"auto, (max-width: 1024px) 100vw, 1024px\" \/><\/figure>\n","protected":false},"excerpt":{"rendered":"<p>La Contralor\u00eda General de la Naci\u00f3n ha emitido una certificaci\u00f3n sobre la vigencia fiscal de 2023 para el municipio de Garz\u00f3n, la cual se\u00f1ala una inminente descategorizaci\u00f3n del municipio, que pasar\u00e1 de quinta a sexta categor\u00eda. POR: ANDR\u00c9S RODR\u00cdGUEZ. Esta medida ser\u00e1 efectiva a partir de la vigencia de 2025 y se debe al bajo [&hellip;]<\/p>\n","protected":false},"author":3,"featured_media":4986,"comment_status":"open","ping_status":"open","sticky":false,"template":"","format":"standard","meta":{"_acf_changed":false,"_joinchat":[],"footnotes":""},"categories":[1,25,21,19],"tags":[],"class_list":{"0":"post-4982","1":"post","2":"type-post","3":"status-publish","4":"format-standard","5":"has-post-thumbnail","7":"category-actualidad","8":"category-centro","9":"category-locales","10":"category-regional"},"acf":[],"yoast_head":"<!-- This site is optimized with the Yoast SEO plugin v27.5 - https:\/\/yoast.com\/product\/yoast-seo-wordpress\/ -->\n<title>GARZ\u00d3N DESCENDER\u00c1 DE CATEGOR\u00cdA POR BAJO RECAUDO EN 2023 - AR Digital Noticias<\/title>\n<meta name=\"robots\" content=\"index, follow, max-snippet:-1, max-image-preview:large, max-video-preview:-1\" \/>\n<link rel=\"canonical\" href=\"https:\/\/ardigitalnoticias.com\/index.php\/2024\/08\/01\/garzon-descendera-de-categoria-por-bajo-recaudo-en-2023\/\" \/>\n<meta property=\"og:locale\" content=\"es_ES\" \/>\n<meta property=\"og:type\" content=\"article\" \/>\n<meta property=\"og:title\" content=\"GARZ\u00d3N DESCENDER\u00c1 DE CATEGOR\u00cdA POR BAJO RECAUDO EN 2023 - AR Digital Noticias\" \/>\n<meta property=\"og:description\" content=\"La Contralor\u00eda General de la Naci\u00f3n ha emitido una certificaci\u00f3n sobre la vigencia fiscal de 2023 para el municipio de Garz\u00f3n, la cual se\u00f1ala una inminente descategorizaci\u00f3n del municipio, que pasar\u00e1 de quinta a sexta categor\u00eda. POR: ANDR\u00c9S RODR\u00cdGUEZ. Esta medida ser\u00e1 efectiva a partir de la vigencia de 2025 y se debe al bajo [&hellip;]\" \/>\n<meta property=\"og:url\" content=\"https:\/\/ardigitalnoticias.com\/index.php\/2024\/08\/01\/garzon-descendera-de-categoria-por-bajo-recaudo-en-2023\/\" \/>\n<meta property=\"og:site_name\" content=\"AR Digital Noticias\" \/>\n<meta property=\"article:published_time\" content=\"2024-08-01T22:26:32+00:00\" \/>\n<meta property=\"article:modified_time\" content=\"2024-08-01T22:26:33+00:00\" \/>\n<meta property=\"og:image\" content=\"https:\/\/ardigitalnoticias.com\/wp-content\/uploads\/2024\/08\/InShot_20240801_160227025.jpg\" \/>\n\t<meta property=\"og:image:width\" content=\"1920\" \/>\n\t<meta property=\"og:image:height\" content=\"1079\" \/>\n\t<meta property=\"og:image:type\" content=\"image\/jpeg\" \/>\n<meta name=\"author\" content=\"Editor ArDigitalNoticias\" \/>\n<meta name=\"twitter:card\" content=\"summary_large_image\" \/>\n<meta name=\"twitter:label1\" content=\"Escrito por\" \/>\n\t<meta name=\"twitter:data1\" content=\"Editor ArDigitalNoticias\" \/>\n\t<meta name=\"twitter:label2\" content=\"Tiempo de lectura\" \/>\n\t<meta name=\"twitter:data2\" content=\"3 minutos\" \/>\n<script type=\"application\/ld+json\" class=\"yoast-schema-graph\">{\"@context\":\"https:\\\/\\\/schema.org\",\"@graph\":[{\"@type\":\"Article\",\"@id\":\"https:\\\/\\\/ardigitalnoticias.com\\\/index.php\\\/2024\\\/08\\\/01\\\/garzon-descendera-de-categoria-por-bajo-recaudo-en-2023\\\/#article\",\"isPartOf\":{\"@id\":\"https:\\\/\\\/ardigitalnoticias.com\\\/index.php\\\/2024\\\/08\\\/01\\\/garzon-descendera-de-categoria-por-bajo-recaudo-en-2023\\\/\"},\"author\":{\"name\":\"Editor ArDigitalNoticias\",\"@id\":\"https:\\\/\\\/ardigitalnoticias.com\\\/#\\\/schema\\\/person\\\/759c8138ebc77e85adb1aa750003a751\"},\"headline\":\"GARZ\u00d3N DESCENDER\u00c1 DE CATEGOR\u00cdA POR BAJO RECAUDO EN 2023\",\"datePublished\":\"2024-08-01T22:26:32+00:00\",\"dateModified\":\"2024-08-01T22:26:33+00:00\",\"mainEntityOfPage\":{\"@id\":\"https:\\\/\\\/ardigitalnoticias.com\\\/index.php\\\/2024\\\/08\\\/01\\\/garzon-descendera-de-categoria-por-bajo-recaudo-en-2023\\\/\"},\"wordCount\":396,\"commentCount\":0,\"publisher\":{\"@id\":\"https:\\\/\\\/ardigitalnoticias.com\\\/#organization\"},\"image\":{\"@id\":\"https:\\\/\\\/ardigitalnoticias.com\\\/index.php\\\/2024\\\/08\\\/01\\\/garzon-descendera-de-categoria-por-bajo-recaudo-en-2023\\\/#primaryimage\"},\"thumbnailUrl\":\"https:\\\/\\\/ardigitalnoticias.com\\\/wp-content\\\/uploads\\\/2024\\\/08\\\/InShot_20240801_160227025.jpg\",\"articleSection\":[\"Actualidad\",\"Centro\",\"Garz\u00f3n\",\"Regional\"],\"inLanguage\":\"es\",\"potentialAction\":[{\"@type\":\"CommentAction\",\"name\":\"Comment\",\"target\":[\"https:\\\/\\\/ardigitalnoticias.com\\\/index.php\\\/2024\\\/08\\\/01\\\/garzon-descendera-de-categoria-por-bajo-recaudo-en-2023\\\/#respond\"]}]},{\"@type\":\"WebPage\",\"@id\":\"https:\\\/\\\/ardigitalnoticias.com\\\/index.php\\\/2024\\\/08\\\/01\\\/garzon-descendera-de-categoria-por-bajo-recaudo-en-2023\\\/\",\"url\":\"https:\\\/\\\/ardigitalnoticias.com\\\/index.php\\\/2024\\\/08\\\/01\\\/garzon-descendera-de-categoria-por-bajo-recaudo-en-2023\\\/\",\"name\":\"GARZ\u00d3N DESCENDER\u00c1 DE CATEGOR\u00cdA POR BAJO RECAUDO EN 2023 - AR Digital Noticias\",\"isPartOf\":{\"@id\":\"https:\\\/\\\/ardigitalnoticias.com\\\/#website\"},\"primaryImageOfPage\":{\"@id\":\"https:\\\/\\\/ardigitalnoticias.com\\\/index.php\\\/2024\\\/08\\\/01\\\/garzon-descendera-de-categoria-por-bajo-recaudo-en-2023\\\/#primaryimage\"},\"image\":{\"@id\":\"https:\\\/\\\/ardigitalnoticias.com\\\/index.php\\\/2024\\\/08\\\/01\\\/garzon-descendera-de-categoria-por-bajo-recaudo-en-2023\\\/#primaryimage\"},\"thumbnailUrl\":\"https:\\\/\\\/ardigitalnoticias.com\\\/wp-content\\\/uploads\\\/2024\\\/08\\\/InShot_20240801_160227025.jpg\",\"datePublished\":\"2024-08-01T22:26:32+00:00\",\"dateModified\":\"2024-08-01T22:26:33+00:00\",\"breadcrumb\":{\"@id\":\"https:\\\/\\\/ardigitalnoticias.com\\\/index.php\\\/2024\\\/08\\\/01\\\/garzon-descendera-de-categoria-por-bajo-recaudo-en-2023\\\/#breadcrumb\"},\"inLanguage\":\"es\",\"potentialAction\":[{\"@type\":\"ReadAction\",\"target\":[\"https:\\\/\\\/ardigitalnoticias.com\\\/index.php\\\/2024\\\/08\\\/01\\\/garzon-descendera-de-categoria-por-bajo-recaudo-en-2023\\\/\"]}]},{\"@type\":\"ImageObject\",\"inLanguage\":\"es\",\"@id\":\"https:\\\/\\\/ardigitalnoticias.com\\\/index.php\\\/2024\\\/08\\\/01\\\/garzon-descendera-de-categoria-por-bajo-recaudo-en-2023\\\/#primaryimage\",\"url\":\"https:\\\/\\\/ardigitalnoticias.com\\\/wp-content\\\/uploads\\\/2024\\\/08\\\/InShot_20240801_160227025.jpg\",\"contentUrl\":\"https:\\\/\\\/ardigitalnoticias.com\\\/wp-content\\\/uploads\\\/2024\\\/08\\\/InShot_20240801_160227025.jpg\",\"width\":1920,\"height\":1079},{\"@type\":\"BreadcrumbList\",\"@id\":\"https:\\\/\\\/ardigitalnoticias.com\\\/index.php\\\/2024\\\/08\\\/01\\\/garzon-descendera-de-categoria-por-bajo-recaudo-en-2023\\\/#breadcrumb\",\"itemListElement\":[{\"@type\":\"ListItem\",\"position\":1,\"name\":\"Portada\",\"item\":\"https:\\\/\\\/ardigitalnoticias.com\\\/\"},{\"@type\":\"ListItem\",\"position\":2,\"name\":\"GARZ\u00d3N DESCENDER\u00c1 DE CATEGOR\u00cdA POR BAJO RECAUDO EN 2023\"}]},{\"@type\":\"WebSite\",\"@id\":\"https:\\\/\\\/ardigitalnoticias.com\\\/#website\",\"url\":\"https:\\\/\\\/ardigitalnoticias.com\\\/\",\"name\":\"AR Digital Noticias\",\"description\":\"\",\"publisher\":{\"@id\":\"https:\\\/\\\/ardigitalnoticias.com\\\/#organization\"},\"potentialAction\":[{\"@type\":\"SearchAction\",\"target\":{\"@type\":\"EntryPoint\",\"urlTemplate\":\"https:\\\/\\\/ardigitalnoticias.com\\\/?s={search_term_string}\"},\"query-input\":{\"@type\":\"PropertyValueSpecification\",\"valueRequired\":true,\"valueName\":\"search_term_string\"}}],\"inLanguage\":\"es\"},{\"@type\":\"Organization\",\"@id\":\"https:\\\/\\\/ardigitalnoticias.com\\\/#organization\",\"name\":\"AR Digital Noticias\",\"url\":\"https:\\\/\\\/ardigitalnoticias.com\\\/\",\"logo\":{\"@type\":\"ImageObject\",\"inLanguage\":\"es\",\"@id\":\"https:\\\/\\\/ardigitalnoticias.com\\\/#\\\/schema\\\/logo\\\/image\\\/\",\"url\":\"https:\\\/\\\/ardigitalnoticias.com\\\/wp-content\\\/uploads\\\/2023\\\/11\\\/cropped-cropped-cropped-cropped-AR-Digital-Noticias-1.png\",\"contentUrl\":\"https:\\\/\\\/ardigitalnoticias.com\\\/wp-content\\\/uploads\\\/2023\\\/11\\\/cropped-cropped-cropped-cropped-AR-Digital-Noticias-1.png\",\"width\":972,\"height\":306,\"caption\":\"AR Digital Noticias\"},\"image\":{\"@id\":\"https:\\\/\\\/ardigitalnoticias.com\\\/#\\\/schema\\\/logo\\\/image\\\/\"}},{\"@type\":\"Person\",\"@id\":\"https:\\\/\\\/ardigitalnoticias.com\\\/#\\\/schema\\\/person\\\/759c8138ebc77e85adb1aa750003a751\",\"name\":\"Editor ArDigitalNoticias\",\"image\":{\"@type\":\"ImageObject\",\"inLanguage\":\"es\",\"@id\":\"https:\\\/\\\/secure.gravatar.com\\\/avatar\\\/2c7f3656ea34567ef10422f22f4395b6cc422854a0b986ba788597ac36902f93?s=96&d=mm&r=g\",\"url\":\"https:\\\/\\\/secure.gravatar.com\\\/avatar\\\/2c7f3656ea34567ef10422f22f4395b6cc422854a0b986ba788597ac36902f93?s=96&d=mm&r=g\",\"contentUrl\":\"https:\\\/\\\/secure.gravatar.com\\\/avatar\\\/2c7f3656ea34567ef10422f22f4395b6cc422854a0b986ba788597ac36902f93?s=96&d=mm&r=g\",\"caption\":\"Editor ArDigitalNoticias\"},\"sameAs\":[\"http:\\\/\\\/ardigitalnoticias.com\"],\"url\":\"https:\\\/\\\/ardigitalnoticias.com\\\/index.php\\\/author\\\/editor\\\/\"}]}<\/script>\n<!-- \/ Yoast SEO plugin. -->","yoast_head_json":{"title":"GARZ\u00d3N DESCENDER\u00c1 DE CATEGOR\u00cdA POR BAJO RECAUDO EN 2023 - AR Digital Noticias","robots":{"index":"index","follow":"follow","max-snippet":"max-snippet:-1","max-image-preview":"max-image-preview:large","max-video-preview":"max-video-preview:-1"},"canonical":"https:\/\/ardigitalnoticias.com\/index.php\/2024\/08\/01\/garzon-descendera-de-categoria-por-bajo-recaudo-en-2023\/","og_locale":"es_ES","og_type":"article","og_title":"GARZ\u00d3N DESCENDER\u00c1 DE CATEGOR\u00cdA POR BAJO RECAUDO EN 2023 - AR Digital Noticias","og_description":"La Contralor\u00eda General de la Naci\u00f3n ha emitido una certificaci\u00f3n sobre la vigencia fiscal de 2023 para el municipio de Garz\u00f3n, la cual se\u00f1ala una inminente descategorizaci\u00f3n del municipio, que pasar\u00e1 de quinta a sexta categor\u00eda. POR: ANDR\u00c9S RODR\u00cdGUEZ. Esta medida ser\u00e1 efectiva a partir de la vigencia de 2025 y se debe al bajo [&hellip;]","og_url":"https:\/\/ardigitalnoticias.com\/index.php\/2024\/08\/01\/garzon-descendera-de-categoria-por-bajo-recaudo-en-2023\/","og_site_name":"AR Digital Noticias","article_published_time":"2024-08-01T22:26:32+00:00","article_modified_time":"2024-08-01T22:26:33+00:00","og_image":[{"width":1920,"height":1079,"url":"https:\/\/ardigitalnoticias.com\/wp-content\/uploads\/2024\/08\/InShot_20240801_160227025.jpg","type":"image\/jpeg"}],"author":"Editor ArDigitalNoticias","twitter_card":"summary_large_image","twitter_misc":{"Escrito por":"Editor ArDigitalNoticias","Tiempo de lectura":"3 minutos"},"schema":{"@context":"https:\/\/schema.org","@graph":[{"@type":"Article","@id":"https:\/\/ardigitalnoticias.com\/index.php\/2024\/08\/01\/garzon-descendera-de-categoria-por-bajo-recaudo-en-2023\/#article","isPartOf":{"@id":"https:\/\/ardigitalnoticias.com\/index.php\/2024\/08\/01\/garzon-descendera-de-categoria-por-bajo-recaudo-en-2023\/"},"author":{"name":"Editor ArDigitalNoticias","@id":"https:\/\/ardigitalnoticias.com\/#\/schema\/person\/759c8138ebc77e85adb1aa750003a751"},"headline":"GARZ\u00d3N DESCENDER\u00c1 DE CATEGOR\u00cdA POR BAJO RECAUDO EN 2023","datePublished":"2024-08-01T22:26:32+00:00","dateModified":"2024-08-01T22:26:33+00:00","mainEntityOfPage":{"@id":"https:\/\/ardigitalnoticias.com\/index.php\/2024\/08\/01\/garzon-descendera-de-categoria-por-bajo-recaudo-en-2023\/"},"wordCount":396,"commentCount":0,"publisher":{"@id":"https:\/\/ardigitalnoticias.com\/#organization"},"image":{"@id":"https:\/\/ardigitalnoticias.com\/index.php\/2024\/08\/01\/garzon-descendera-de-categoria-por-bajo-recaudo-en-2023\/#primaryimage"},"thumbnailUrl":"https:\/\/ardigitalnoticias.com\/wp-content\/uploads\/2024\/08\/InShot_20240801_160227025.jpg","articleSection":["Actualidad","Centro","Garz\u00f3n","Regional"],"inLanguage":"es","potentialAction":[{"@type":"CommentAction","name":"Comment","target":["https:\/\/ardigitalnoticias.com\/index.php\/2024\/08\/01\/garzon-descendera-de-categoria-por-bajo-recaudo-en-2023\/#respond"]}]},{"@type":"WebPage","@id":"https:\/\/ardigitalnoticias.com\/index.php\/2024\/08\/01\/garzon-descendera-de-categoria-por-bajo-recaudo-en-2023\/","url":"https:\/\/ardigitalnoticias.com\/index.php\/2024\/08\/01\/garzon-descendera-de-categoria-por-bajo-recaudo-en-2023\/","name":"GARZ\u00d3N DESCENDER\u00c1 DE CATEGOR\u00cdA POR BAJO RECAUDO EN 2023 - AR Digital Noticias","isPartOf":{"@id":"https:\/\/ardigitalnoticias.com\/#website"},"primaryImageOfPage":{"@id":"https:\/\/ardigitalnoticias.com\/index.php\/2024\/08\/01\/garzon-descendera-de-categoria-por-bajo-recaudo-en-2023\/#primaryimage"},"image":{"@id":"https:\/\/ardigitalnoticias.com\/index.php\/2024\/08\/01\/garzon-descendera-de-categoria-por-bajo-recaudo-en-2023\/#primaryimage"},"thumbnailUrl":"https:\/\/ardigitalnoticias.com\/wp-content\/uploads\/2024\/08\/InShot_20240801_160227025.jpg","datePublished":"2024-08-01T22:26:32+00:00","dateModified":"2024-08-01T22:26:33+00:00","breadcrumb":{"@id":"https:\/\/ardigitalnoticias.com\/index.php\/2024\/08\/01\/garzon-descendera-de-categoria-por-bajo-recaudo-en-2023\/#breadcrumb"},"inLanguage":"es","potentialAction":[{"@type":"ReadAction","target":["https:\/\/ardigitalnoticias.com\/index.php\/2024\/08\/01\/garzon-descendera-de-categoria-por-bajo-recaudo-en-2023\/"]}]},{"@type":"ImageObject","inLanguage":"es","@id":"https:\/\/ardigitalnoticias.com\/index.php\/2024\/08\/01\/garzon-descendera-de-categoria-por-bajo-recaudo-en-2023\/#primaryimage","url":"https:\/\/ardigitalnoticias.com\/wp-content\/uploads\/2024\/08\/InShot_20240801_160227025.jpg","contentUrl":"https:\/\/ardigitalnoticias.com\/wp-content\/uploads\/2024\/08\/InShot_20240801_160227025.jpg","width":1920,"height":1079},{"@type":"BreadcrumbList","@id":"https:\/\/ardigitalnoticias.com\/index.php\/2024\/08\/01\/garzon-descendera-de-categoria-por-bajo-recaudo-en-2023\/#breadcrumb","itemListElement":[{"@type":"ListItem","position":1,"name":"Portada","item":"https:\/\/ardigitalnoticias.com\/"},{"@type":"ListItem","position":2,"name":"GARZ\u00d3N DESCENDER\u00c1 DE CATEGOR\u00cdA POR BAJO RECAUDO EN 2023"}]},{"@type":"WebSite","@id":"https:\/\/ardigitalnoticias.com\/#website","url":"https:\/\/ardigitalnoticias.com\/","name":"AR Digital Noticias","description":"","publisher":{"@id":"https:\/\/ardigitalnoticias.com\/#organization"},"potentialAction":[{"@type":"SearchAction","target":{"@type":"EntryPoint","urlTemplate":"https:\/\/ardigitalnoticias.com\/?s={search_term_string}"},"query-input":{"@type":"PropertyValueSpecification","valueRequired":true,"valueName":"search_term_string"}}],"inLanguage":"es"},{"@type":"Organization","@id":"https:\/\/ardigitalnoticias.com\/#organization","name":"AR Digital Noticias","url":"https:\/\/ardigitalnoticias.com\/","logo":{"@type":"ImageObject","inLanguage":"es","@id":"https:\/\/ardigitalnoticias.com\/#\/schema\/logo\/image\/","url":"https:\/\/ardigitalnoticias.com\/wp-content\/uploads\/2023\/11\/cropped-cropped-cropped-cropped-AR-Digital-Noticias-1.png","contentUrl":"https:\/\/ardigitalnoticias.com\/wp-content\/uploads\/2023\/11\/cropped-cropped-cropped-cropped-AR-Digital-Noticias-1.png","width":972,"height":306,"caption":"AR Digital Noticias"},"image":{"@id":"https:\/\/ardigitalnoticias.com\/#\/schema\/logo\/image\/"}},{"@type":"Person","@id":"https:\/\/ardigitalnoticias.com\/#\/schema\/person\/759c8138ebc77e85adb1aa750003a751","name":"Editor ArDigitalNoticias","image":{"@type":"ImageObject","inLanguage":"es","@id":"https:\/\/secure.gravatar.com\/avatar\/2c7f3656ea34567ef10422f22f4395b6cc422854a0b986ba788597ac36902f93?s=96&d=mm&r=g","url":"https:\/\/secure.gravatar.com\/avatar\/2c7f3656ea34567ef10422f22f4395b6cc422854a0b986ba788597ac36902f93?s=96&d=mm&r=g","contentUrl":"https:\/\/secure.gravatar.com\/avatar\/2c7f3656ea34567ef10422f22f4395b6cc422854a0b986ba788597ac36902f93?s=96&d=mm&r=g","caption":"Editor ArDigitalNoticias"},"sameAs":["http:\/\/ardigitalnoticias.com"],"url":"https:\/\/ardigitalnoticias.com\/index.php\/author\/editor\/"}]}},"_links":{"self":[{"href":"https:\/\/ardigitalnoticias.com\/index.php\/wp-json\/wp\/v2\/posts\/4982","targetHints":{"allow":["GET"]}}],"collection":[{"href":"https:\/\/ardigitalnoticias.com\/index.php\/wp-json\/wp\/v2\/posts"}],"about":[{"href":"https:\/\/ardigitalnoticias.com\/index.php\/wp-json\/wp\/v2\/types\/post"}],"author":[{"embeddable":true,"href":"https:\/\/ardigitalnoticias.com\/index.php\/wp-json\/wp\/v2\/users\/3"}],"replies":[{"embeddable":true,"href":"https:\/\/ardigitalnoticias.com\/index.php\/wp-json\/wp\/v2\/comments?post=4982"}],"version-history":[{"count":1,"href":"https:\/\/ardigitalnoticias.com\/index.php\/wp-json\/wp\/v2\/posts\/4982\/revisions"}],"predecessor-version":[{"id":4985,"href":"https:\/\/ardigitalnoticias.com\/index.php\/wp-json\/wp\/v2\/posts\/4982\/revisions\/4985"}],"wp:featuredmedia":[{"embeddable":true,"href":"https:\/\/ardigitalnoticias.com\/index.php\/wp-json\/wp\/v2\/media\/4986"}],"wp:attachment":[{"href":"https:\/\/ardigitalnoticias.com\/index.php\/wp-json\/wp\/v2\/media?parent=4982"}],"wp:term":[{"taxonomy":"category","embeddable":true,"href":"https:\/\/ardigitalnoticias.com\/index.php\/wp-json\/wp\/v2\/categories?post=4982"},{"taxonomy":"post_tag","embeddable":true,"href":"https:\/\/ardigitalnoticias.com\/index.php\/wp-json\/wp\/v2\/tags?post=4982"}],"curies":[{"name":"wp","href":"https:\/\/api.w.org\/{rel}","templated":true}]}}