{"id":4917,"date":"2024-07-12T18:34:33","date_gmt":"2024-07-12T23:34:33","guid":{"rendered":"https:\/\/ardigitalnoticias.com\/?p=4917"},"modified":"2024-07-12T18:34:34","modified_gmt":"2024-07-12T23:34:34","slug":"confirman-el-primer-caso-de-fiebre-amarilla-en-el-huila","status":"publish","type":"post","link":"https:\/\/ardigitalnoticias.com\/index.php\/2024\/07\/12\/confirman-el-primer-caso-de-fiebre-amarilla-en-el-huila\/","title":{"rendered":"CONFIRMAN EL PRIMER CASO DE FIEBRE AMARILLA EN EL HUILA"},"content":{"rendered":"\n<p>La Secretar\u00eda de Salud Departamental declar\u00f3 como medida preventiva la alerta roja por Fiebre Amarilla, priorizando los municipios de Campoalegre, Rivera, Suaza, Acevedo, Guadalupe, Garz\u00f3n, Algeciras, y la zona rural y rural dispersa oriente de Neiva.<\/p>\n\n\n\n<p><strong>POR: ANDR\u00c9S RODR\u00cdGUEZ. <\/strong><\/p>\n\n\n\n<p>Esta medida se intensifica como respuesta ante la confirmaci\u00f3n de un caso de Fiebre Amarilla en el departamento del Huila.<\/p>\n\n\n\n<p>La Fiebre Amarilla es una enfermedad viral transmitida por mosquitos infectados y puede ser grave. Los s\u00edntomas iniciales incluyen fiebre, dolores de cabeza, ictericia (coloraci\u00f3n amarilla de la piel), y hemorragias, con riesgo de complicaciones severas.<\/p>\n\n\n\n<p>La declaraci\u00f3n de alerta roja se enmarca en el Reglamento Sanitario Internacional como una medida preventiva para proteger la salud p\u00fablica y garantizar una respuesta r\u00e1pida y efectiva ante enfermedades transmisibles.<\/p>\n\n\n\n<p>La medida de prevenci\u00f3n m\u00e1s efectiva contra la Fiebre Amarilla es la vacunaci\u00f3n, que forma parte del Plan Ampliado de Inmunizaci\u00f3n y ya est\u00e1 disponible en las IPS vacunadoras de los municipios. Esta vacuna est\u00e1 dirigida a la poblaci\u00f3n de 1 a 59 a\u00f1os de edad. Es crucial que todos los residentes en los municipios priorizados se vacunen.<\/p>\n\n\n\n<p>Adem\u00e1s, se insta a la poblaci\u00f3n a estar alerta ante los s\u00edntomas de la enfermedad y buscar atenci\u00f3n m\u00e9dica si presentan fiebre alta, dolores musculares intensos, dolor de cabeza persistente, v\u00f3mitos, sangrado por la nariz, enc\u00edas o est\u00f3mago, y coloraci\u00f3n amarillenta de la piel.<\/p>\n\n\n\n<p>\u2705\ufe0f ELIMINACI\u00d3N DE CRIADEROS DE ZANCUDOS<\/p>\n\n\n\n<p>Para controlar la propagaci\u00f3n de enfermedades como el Dengue y la Fiebre Amarilla, se han intensificado las medidas de erradicaci\u00f3n de zancudos, los vectores responsables de la transmisi\u00f3n. Estas acciones incluyen el lavado de tanques y albercas, limpieza o eliminaci\u00f3n de dep\u00f3sitos de agua en floreros, llantas, envases, tapas o cualquier elemento que pueda servir como criadero de larvas de zancudos.<\/p>\n\n\n\n<p>La vacunaci\u00f3n contra la Fiebre Amarilla es altamente efectiva y brinda inmunidad duradera, ayudando a prevenir brotes de la enfermedad y reduciendo la posibilidad de transmisi\u00f3n comunitaria. La colaboraci\u00f3n de toda la comunidad es vital para combatir esta amenaza y proteger la salud de todos los huilenses.<\/p>\n","protected":false},"excerpt":{"rendered":"<p>La Secretar\u00eda de Salud Departamental declar\u00f3 como medida preventiva la alerta roja por Fiebre Amarilla, priorizando los municipios de Campoalegre, Rivera, Suaza, Acevedo, Guadalupe, Garz\u00f3n, Algeciras, y la zona rural y rural dispersa oriente de Neiva. POR: ANDR\u00c9S RODR\u00cdGUEZ. Esta medida se intensifica como respuesta ante la confirmaci\u00f3n de un caso de Fiebre Amarilla en [&hellip;]<\/p>\n","protected":false},"author":3,"featured_media":4918,"comment_status":"open","ping_status":"open","sticky":false,"template":"","format":"standard","meta":{"_acf_changed":false,"_joinchat":[],"footnotes":""},"categories":[1,19],"tags":[],"class_list":{"0":"post-4917","1":"post","2":"type-post","3":"status-publish","4":"format-standard","5":"has-post-thumbnail","7":"category-actualidad","8":"category-regional"},"acf":[],"yoast_head":"<!-- This site is optimized with the Yoast SEO plugin v27.5 - https:\/\/yoast.com\/product\/yoast-seo-wordpress\/ -->\n<title>CONFIRMAN EL PRIMER CASO DE FIEBRE AMARILLA EN EL HUILA - AR Digital Noticias<\/title>\n<meta name=\"robots\" content=\"index, follow, max-snippet:-1, max-image-preview:large, max-video-preview:-1\" \/>\n<link rel=\"canonical\" href=\"https:\/\/ardigitalnoticias.com\/index.php\/2024\/07\/12\/confirman-el-primer-caso-de-fiebre-amarilla-en-el-huila\/\" \/>\n<meta property=\"og:locale\" content=\"es_ES\" \/>\n<meta property=\"og:type\" content=\"article\" \/>\n<meta property=\"og:title\" content=\"CONFIRMAN EL PRIMER CASO DE FIEBRE AMARILLA EN EL HUILA - AR Digital Noticias\" \/>\n<meta property=\"og:description\" content=\"La Secretar\u00eda de Salud Departamental declar\u00f3 como medida preventiva la alerta roja por Fiebre Amarilla, priorizando los municipios de Campoalegre, Rivera, Suaza, Acevedo, Guadalupe, Garz\u00f3n, Algeciras, y la zona rural y rural dispersa oriente de Neiva. POR: ANDR\u00c9S RODR\u00cdGUEZ. Esta medida se intensifica como respuesta ante la confirmaci\u00f3n de un caso de Fiebre Amarilla en [&hellip;]\" \/>\n<meta property=\"og:url\" content=\"https:\/\/ardigitalnoticias.com\/index.php\/2024\/07\/12\/confirman-el-primer-caso-de-fiebre-amarilla-en-el-huila\/\" \/>\n<meta property=\"og:site_name\" content=\"AR Digital Noticias\" \/>\n<meta property=\"article:published_time\" content=\"2024-07-12T23:34:33+00:00\" \/>\n<meta property=\"article:modified_time\" content=\"2024-07-12T23:34:34+00:00\" \/>\n<meta property=\"og:image\" content=\"https:\/\/ardigitalnoticias.com\/wp-content\/uploads\/2024\/07\/InShot_20240712_182404588.jpg\" \/>\n\t<meta property=\"og:image:width\" content=\"1920\" \/>\n\t<meta property=\"og:image:height\" content=\"1079\" \/>\n\t<meta property=\"og:image:type\" content=\"image\/jpeg\" \/>\n<meta name=\"author\" content=\"Editor ArDigitalNoticias\" \/>\n<meta name=\"twitter:card\" content=\"summary_large_image\" \/>\n<meta name=\"twitter:label1\" content=\"Escrito por\" \/>\n\t<meta name=\"twitter:data1\" content=\"Editor ArDigitalNoticias\" \/>\n\t<meta name=\"twitter:label2\" content=\"Tiempo de lectura\" \/>\n\t<meta name=\"twitter:data2\" content=\"2 minutos\" \/>\n<script type=\"application\/ld+json\" class=\"yoast-schema-graph\">{\"@context\":\"https:\\\/\\\/schema.org\",\"@graph\":[{\"@type\":\"Article\",\"@id\":\"https:\\\/\\\/ardigitalnoticias.com\\\/index.php\\\/2024\\\/07\\\/12\\\/confirman-el-primer-caso-de-fiebre-amarilla-en-el-huila\\\/#article\",\"isPartOf\":{\"@id\":\"https:\\\/\\\/ardigitalnoticias.com\\\/index.php\\\/2024\\\/07\\\/12\\\/confirman-el-primer-caso-de-fiebre-amarilla-en-el-huila\\\/\"},\"author\":{\"name\":\"Editor ArDigitalNoticias\",\"@id\":\"https:\\\/\\\/ardigitalnoticias.com\\\/#\\\/schema\\\/person\\\/759c8138ebc77e85adb1aa750003a751\"},\"headline\":\"CONFIRMAN EL PRIMER CASO DE FIEBRE AMARILLA EN EL HUILA\",\"datePublished\":\"2024-07-12T23:34:33+00:00\",\"dateModified\":\"2024-07-12T23:34:34+00:00\",\"mainEntityOfPage\":{\"@id\":\"https:\\\/\\\/ardigitalnoticias.com\\\/index.php\\\/2024\\\/07\\\/12\\\/confirman-el-primer-caso-de-fiebre-amarilla-en-el-huila\\\/\"},\"wordCount\":383,\"commentCount\":0,\"publisher\":{\"@id\":\"https:\\\/\\\/ardigitalnoticias.com\\\/#organization\"},\"image\":{\"@id\":\"https:\\\/\\\/ardigitalnoticias.com\\\/index.php\\\/2024\\\/07\\\/12\\\/confirman-el-primer-caso-de-fiebre-amarilla-en-el-huila\\\/#primaryimage\"},\"thumbnailUrl\":\"https:\\\/\\\/ardigitalnoticias.com\\\/wp-content\\\/uploads\\\/2024\\\/07\\\/InShot_20240712_182404588.jpg\",\"articleSection\":[\"Actualidad\",\"Regional\"],\"inLanguage\":\"es\",\"potentialAction\":[{\"@type\":\"CommentAction\",\"name\":\"Comment\",\"target\":[\"https:\\\/\\\/ardigitalnoticias.com\\\/index.php\\\/2024\\\/07\\\/12\\\/confirman-el-primer-caso-de-fiebre-amarilla-en-el-huila\\\/#respond\"]}]},{\"@type\":\"WebPage\",\"@id\":\"https:\\\/\\\/ardigitalnoticias.com\\\/index.php\\\/2024\\\/07\\\/12\\\/confirman-el-primer-caso-de-fiebre-amarilla-en-el-huila\\\/\",\"url\":\"https:\\\/\\\/ardigitalnoticias.com\\\/index.php\\\/2024\\\/07\\\/12\\\/confirman-el-primer-caso-de-fiebre-amarilla-en-el-huila\\\/\",\"name\":\"CONFIRMAN EL PRIMER CASO DE FIEBRE AMARILLA EN EL HUILA - AR Digital Noticias\",\"isPartOf\":{\"@id\":\"https:\\\/\\\/ardigitalnoticias.com\\\/#website\"},\"primaryImageOfPage\":{\"@id\":\"https:\\\/\\\/ardigitalnoticias.com\\\/index.php\\\/2024\\\/07\\\/12\\\/confirman-el-primer-caso-de-fiebre-amarilla-en-el-huila\\\/#primaryimage\"},\"image\":{\"@id\":\"https:\\\/\\\/ardigitalnoticias.com\\\/index.php\\\/2024\\\/07\\\/12\\\/confirman-el-primer-caso-de-fiebre-amarilla-en-el-huila\\\/#primaryimage\"},\"thumbnailUrl\":\"https:\\\/\\\/ardigitalnoticias.com\\\/wp-content\\\/uploads\\\/2024\\\/07\\\/InShot_20240712_182404588.jpg\",\"datePublished\":\"2024-07-12T23:34:33+00:00\",\"dateModified\":\"2024-07-12T23:34:34+00:00\",\"breadcrumb\":{\"@id\":\"https:\\\/\\\/ardigitalnoticias.com\\\/index.php\\\/2024\\\/07\\\/12\\\/confirman-el-primer-caso-de-fiebre-amarilla-en-el-huila\\\/#breadcrumb\"},\"inLanguage\":\"es\",\"potentialAction\":[{\"@type\":\"ReadAction\",\"target\":[\"https:\\\/\\\/ardigitalnoticias.com\\\/index.php\\\/2024\\\/07\\\/12\\\/confirman-el-primer-caso-de-fiebre-amarilla-en-el-huila\\\/\"]}]},{\"@type\":\"ImageObject\",\"inLanguage\":\"es\",\"@id\":\"https:\\\/\\\/ardigitalnoticias.com\\\/index.php\\\/2024\\\/07\\\/12\\\/confirman-el-primer-caso-de-fiebre-amarilla-en-el-huila\\\/#primaryimage\",\"url\":\"https:\\\/\\\/ardigitalnoticias.com\\\/wp-content\\\/uploads\\\/2024\\\/07\\\/InShot_20240712_182404588.jpg\",\"contentUrl\":\"https:\\\/\\\/ardigitalnoticias.com\\\/wp-content\\\/uploads\\\/2024\\\/07\\\/InShot_20240712_182404588.jpg\",\"width\":1920,\"height\":1079},{\"@type\":\"BreadcrumbList\",\"@id\":\"https:\\\/\\\/ardigitalnoticias.com\\\/index.php\\\/2024\\\/07\\\/12\\\/confirman-el-primer-caso-de-fiebre-amarilla-en-el-huila\\\/#breadcrumb\",\"itemListElement\":[{\"@type\":\"ListItem\",\"position\":1,\"name\":\"Portada\",\"item\":\"https:\\\/\\\/ardigitalnoticias.com\\\/\"},{\"@type\":\"ListItem\",\"position\":2,\"name\":\"CONFIRMAN EL PRIMER CASO DE FIEBRE AMARILLA EN EL HUILA\"}]},{\"@type\":\"WebSite\",\"@id\":\"https:\\\/\\\/ardigitalnoticias.com\\\/#website\",\"url\":\"https:\\\/\\\/ardigitalnoticias.com\\\/\",\"name\":\"AR Digital Noticias\",\"description\":\"\",\"publisher\":{\"@id\":\"https:\\\/\\\/ardigitalnoticias.com\\\/#organization\"},\"potentialAction\":[{\"@type\":\"SearchAction\",\"target\":{\"@type\":\"EntryPoint\",\"urlTemplate\":\"https:\\\/\\\/ardigitalnoticias.com\\\/?s={search_term_string}\"},\"query-input\":{\"@type\":\"PropertyValueSpecification\",\"valueRequired\":true,\"valueName\":\"search_term_string\"}}],\"inLanguage\":\"es\"},{\"@type\":\"Organization\",\"@id\":\"https:\\\/\\\/ardigitalnoticias.com\\\/#organization\",\"name\":\"AR Digital Noticias\",\"url\":\"https:\\\/\\\/ardigitalnoticias.com\\\/\",\"logo\":{\"@type\":\"ImageObject\",\"inLanguage\":\"es\",\"@id\":\"https:\\\/\\\/ardigitalnoticias.com\\\/#\\\/schema\\\/logo\\\/image\\\/\",\"url\":\"https:\\\/\\\/ardigitalnoticias.com\\\/wp-content\\\/uploads\\\/2023\\\/11\\\/cropped-cropped-cropped-cropped-AR-Digital-Noticias-1.png\",\"contentUrl\":\"https:\\\/\\\/ardigitalnoticias.com\\\/wp-content\\\/uploads\\\/2023\\\/11\\\/cropped-cropped-cropped-cropped-AR-Digital-Noticias-1.png\",\"width\":972,\"height\":306,\"caption\":\"AR Digital Noticias\"},\"image\":{\"@id\":\"https:\\\/\\\/ardigitalnoticias.com\\\/#\\\/schema\\\/logo\\\/image\\\/\"}},{\"@type\":\"Person\",\"@id\":\"https:\\\/\\\/ardigitalnoticias.com\\\/#\\\/schema\\\/person\\\/759c8138ebc77e85adb1aa750003a751\",\"name\":\"Editor ArDigitalNoticias\",\"image\":{\"@type\":\"ImageObject\",\"inLanguage\":\"es\",\"@id\":\"https:\\\/\\\/secure.gravatar.com\\\/avatar\\\/2c7f3656ea34567ef10422f22f4395b6cc422854a0b986ba788597ac36902f93?s=96&d=mm&r=g\",\"url\":\"https:\\\/\\\/secure.gravatar.com\\\/avatar\\\/2c7f3656ea34567ef10422f22f4395b6cc422854a0b986ba788597ac36902f93?s=96&d=mm&r=g\",\"contentUrl\":\"https:\\\/\\\/secure.gravatar.com\\\/avatar\\\/2c7f3656ea34567ef10422f22f4395b6cc422854a0b986ba788597ac36902f93?s=96&d=mm&r=g\",\"caption\":\"Editor ArDigitalNoticias\"},\"sameAs\":[\"http:\\\/\\\/ardigitalnoticias.com\"],\"url\":\"https:\\\/\\\/ardigitalnoticias.com\\\/index.php\\\/author\\\/editor\\\/\"}]}<\/script>\n<!-- \/ Yoast SEO plugin. -->","yoast_head_json":{"title":"CONFIRMAN EL PRIMER CASO DE FIEBRE AMARILLA EN EL HUILA - AR Digital Noticias","robots":{"index":"index","follow":"follow","max-snippet":"max-snippet:-1","max-image-preview":"max-image-preview:large","max-video-preview":"max-video-preview:-1"},"canonical":"https:\/\/ardigitalnoticias.com\/index.php\/2024\/07\/12\/confirman-el-primer-caso-de-fiebre-amarilla-en-el-huila\/","og_locale":"es_ES","og_type":"article","og_title":"CONFIRMAN EL PRIMER CASO DE FIEBRE AMARILLA EN EL HUILA - AR Digital Noticias","og_description":"La Secretar\u00eda de Salud Departamental declar\u00f3 como medida preventiva la alerta roja por Fiebre Amarilla, priorizando los municipios de Campoalegre, Rivera, Suaza, Acevedo, Guadalupe, Garz\u00f3n, Algeciras, y la zona rural y rural dispersa oriente de Neiva. POR: ANDR\u00c9S RODR\u00cdGUEZ. Esta medida se intensifica como respuesta ante la confirmaci\u00f3n de un caso de Fiebre Amarilla en [&hellip;]","og_url":"https:\/\/ardigitalnoticias.com\/index.php\/2024\/07\/12\/confirman-el-primer-caso-de-fiebre-amarilla-en-el-huila\/","og_site_name":"AR Digital Noticias","article_published_time":"2024-07-12T23:34:33+00:00","article_modified_time":"2024-07-12T23:34:34+00:00","og_image":[{"width":1920,"height":1079,"url":"https:\/\/ardigitalnoticias.com\/wp-content\/uploads\/2024\/07\/InShot_20240712_182404588.jpg","type":"image\/jpeg"}],"author":"Editor ArDigitalNoticias","twitter_card":"summary_large_image","twitter_misc":{"Escrito por":"Editor ArDigitalNoticias","Tiempo de lectura":"2 minutos"},"schema":{"@context":"https:\/\/schema.org","@graph":[{"@type":"Article","@id":"https:\/\/ardigitalnoticias.com\/index.php\/2024\/07\/12\/confirman-el-primer-caso-de-fiebre-amarilla-en-el-huila\/#article","isPartOf":{"@id":"https:\/\/ardigitalnoticias.com\/index.php\/2024\/07\/12\/confirman-el-primer-caso-de-fiebre-amarilla-en-el-huila\/"},"author":{"name":"Editor ArDigitalNoticias","@id":"https:\/\/ardigitalnoticias.com\/#\/schema\/person\/759c8138ebc77e85adb1aa750003a751"},"headline":"CONFIRMAN EL PRIMER CASO DE FIEBRE AMARILLA EN EL HUILA","datePublished":"2024-07-12T23:34:33+00:00","dateModified":"2024-07-12T23:34:34+00:00","mainEntityOfPage":{"@id":"https:\/\/ardigitalnoticias.com\/index.php\/2024\/07\/12\/confirman-el-primer-caso-de-fiebre-amarilla-en-el-huila\/"},"wordCount":383,"commentCount":0,"publisher":{"@id":"https:\/\/ardigitalnoticias.com\/#organization"},"image":{"@id":"https:\/\/ardigitalnoticias.com\/index.php\/2024\/07\/12\/confirman-el-primer-caso-de-fiebre-amarilla-en-el-huila\/#primaryimage"},"thumbnailUrl":"https:\/\/ardigitalnoticias.com\/wp-content\/uploads\/2024\/07\/InShot_20240712_182404588.jpg","articleSection":["Actualidad","Regional"],"inLanguage":"es","potentialAction":[{"@type":"CommentAction","name":"Comment","target":["https:\/\/ardigitalnoticias.com\/index.php\/2024\/07\/12\/confirman-el-primer-caso-de-fiebre-amarilla-en-el-huila\/#respond"]}]},{"@type":"WebPage","@id":"https:\/\/ardigitalnoticias.com\/index.php\/2024\/07\/12\/confirman-el-primer-caso-de-fiebre-amarilla-en-el-huila\/","url":"https:\/\/ardigitalnoticias.com\/index.php\/2024\/07\/12\/confirman-el-primer-caso-de-fiebre-amarilla-en-el-huila\/","name":"CONFIRMAN EL PRIMER CASO DE FIEBRE AMARILLA EN EL HUILA - AR Digital Noticias","isPartOf":{"@id":"https:\/\/ardigitalnoticias.com\/#website"},"primaryImageOfPage":{"@id":"https:\/\/ardigitalnoticias.com\/index.php\/2024\/07\/12\/confirman-el-primer-caso-de-fiebre-amarilla-en-el-huila\/#primaryimage"},"image":{"@id":"https:\/\/ardigitalnoticias.com\/index.php\/2024\/07\/12\/confirman-el-primer-caso-de-fiebre-amarilla-en-el-huila\/#primaryimage"},"thumbnailUrl":"https:\/\/ardigitalnoticias.com\/wp-content\/uploads\/2024\/07\/InShot_20240712_182404588.jpg","datePublished":"2024-07-12T23:34:33+00:00","dateModified":"2024-07-12T23:34:34+00:00","breadcrumb":{"@id":"https:\/\/ardigitalnoticias.com\/index.php\/2024\/07\/12\/confirman-el-primer-caso-de-fiebre-amarilla-en-el-huila\/#breadcrumb"},"inLanguage":"es","potentialAction":[{"@type":"ReadAction","target":["https:\/\/ardigitalnoticias.com\/index.php\/2024\/07\/12\/confirman-el-primer-caso-de-fiebre-amarilla-en-el-huila\/"]}]},{"@type":"ImageObject","inLanguage":"es","@id":"https:\/\/ardigitalnoticias.com\/index.php\/2024\/07\/12\/confirman-el-primer-caso-de-fiebre-amarilla-en-el-huila\/#primaryimage","url":"https:\/\/ardigitalnoticias.com\/wp-content\/uploads\/2024\/07\/InShot_20240712_182404588.jpg","contentUrl":"https:\/\/ardigitalnoticias.com\/wp-content\/uploads\/2024\/07\/InShot_20240712_182404588.jpg","width":1920,"height":1079},{"@type":"BreadcrumbList","@id":"https:\/\/ardigitalnoticias.com\/index.php\/2024\/07\/12\/confirman-el-primer-caso-de-fiebre-amarilla-en-el-huila\/#breadcrumb","itemListElement":[{"@type":"ListItem","position":1,"name":"Portada","item":"https:\/\/ardigitalnoticias.com\/"},{"@type":"ListItem","position":2,"name":"CONFIRMAN EL PRIMER CASO DE FIEBRE AMARILLA EN EL HUILA"}]},{"@type":"WebSite","@id":"https:\/\/ardigitalnoticias.com\/#website","url":"https:\/\/ardigitalnoticias.com\/","name":"AR Digital Noticias","description":"","publisher":{"@id":"https:\/\/ardigitalnoticias.com\/#organization"},"potentialAction":[{"@type":"SearchAction","target":{"@type":"EntryPoint","urlTemplate":"https:\/\/ardigitalnoticias.com\/?s={search_term_string}"},"query-input":{"@type":"PropertyValueSpecification","valueRequired":true,"valueName":"search_term_string"}}],"inLanguage":"es"},{"@type":"Organization","@id":"https:\/\/ardigitalnoticias.com\/#organization","name":"AR Digital Noticias","url":"https:\/\/ardigitalnoticias.com\/","logo":{"@type":"ImageObject","inLanguage":"es","@id":"https:\/\/ardigitalnoticias.com\/#\/schema\/logo\/image\/","url":"https:\/\/ardigitalnoticias.com\/wp-content\/uploads\/2023\/11\/cropped-cropped-cropped-cropped-AR-Digital-Noticias-1.png","contentUrl":"https:\/\/ardigitalnoticias.com\/wp-content\/uploads\/2023\/11\/cropped-cropped-cropped-cropped-AR-Digital-Noticias-1.png","width":972,"height":306,"caption":"AR Digital Noticias"},"image":{"@id":"https:\/\/ardigitalnoticias.com\/#\/schema\/logo\/image\/"}},{"@type":"Person","@id":"https:\/\/ardigitalnoticias.com\/#\/schema\/person\/759c8138ebc77e85adb1aa750003a751","name":"Editor ArDigitalNoticias","image":{"@type":"ImageObject","inLanguage":"es","@id":"https:\/\/secure.gravatar.com\/avatar\/2c7f3656ea34567ef10422f22f4395b6cc422854a0b986ba788597ac36902f93?s=96&d=mm&r=g","url":"https:\/\/secure.gravatar.com\/avatar\/2c7f3656ea34567ef10422f22f4395b6cc422854a0b986ba788597ac36902f93?s=96&d=mm&r=g","contentUrl":"https:\/\/secure.gravatar.com\/avatar\/2c7f3656ea34567ef10422f22f4395b6cc422854a0b986ba788597ac36902f93?s=96&d=mm&r=g","caption":"Editor ArDigitalNoticias"},"sameAs":["http:\/\/ardigitalnoticias.com"],"url":"https:\/\/ardigitalnoticias.com\/index.php\/author\/editor\/"}]}},"_links":{"self":[{"href":"https:\/\/ardigitalnoticias.com\/index.php\/wp-json\/wp\/v2\/posts\/4917","targetHints":{"allow":["GET"]}}],"collection":[{"href":"https:\/\/ardigitalnoticias.com\/index.php\/wp-json\/wp\/v2\/posts"}],"about":[{"href":"https:\/\/ardigitalnoticias.com\/index.php\/wp-json\/wp\/v2\/types\/post"}],"author":[{"embeddable":true,"href":"https:\/\/ardigitalnoticias.com\/index.php\/wp-json\/wp\/v2\/users\/3"}],"replies":[{"embeddable":true,"href":"https:\/\/ardigitalnoticias.com\/index.php\/wp-json\/wp\/v2\/comments?post=4917"}],"version-history":[{"count":1,"href":"https:\/\/ardigitalnoticias.com\/index.php\/wp-json\/wp\/v2\/posts\/4917\/revisions"}],"predecessor-version":[{"id":4919,"href":"https:\/\/ardigitalnoticias.com\/index.php\/wp-json\/wp\/v2\/posts\/4917\/revisions\/4919"}],"wp:featuredmedia":[{"embeddable":true,"href":"https:\/\/ardigitalnoticias.com\/index.php\/wp-json\/wp\/v2\/media\/4918"}],"wp:attachment":[{"href":"https:\/\/ardigitalnoticias.com\/index.php\/wp-json\/wp\/v2\/media?parent=4917"}],"wp:term":[{"taxonomy":"category","embeddable":true,"href":"https:\/\/ardigitalnoticias.com\/index.php\/wp-json\/wp\/v2\/categories?post=4917"},{"taxonomy":"post_tag","embeddable":true,"href":"https:\/\/ardigitalnoticias.com\/index.php\/wp-json\/wp\/v2\/tags?post=4917"}],"curies":[{"name":"wp","href":"https:\/\/api.w.org\/{rel}","templated":true}]}}