{"id":4911,"date":"2024-07-12T13:53:08","date_gmt":"2024-07-12T18:53:08","guid":{"rendered":"https:\/\/ardigitalnoticias.com\/?p=4911"},"modified":"2024-07-12T13:53:08","modified_gmt":"2024-07-12T18:53:08","slug":"a-la-carcel-dos-hombres-presuntamente-implicados-en-la-desaparicion-de-una-mujer-en-huila","status":"publish","type":"post","link":"https:\/\/ardigitalnoticias.com\/index.php\/2024\/07\/12\/a-la-carcel-dos-hombres-presuntamente-implicados-en-la-desaparicion-de-una-mujer-en-huila\/","title":{"rendered":"A LA C\u00c1RCEL DOS HOMBRES PRESUNTAMENTE IMPLICADOS EN LA DESAPARICI\u00d3N DE UNA MUJER EN HUILA"},"content":{"rendered":"\n<p>La Fiscal\u00eda General de la Naci\u00f3n logr\u00f3 que un juez de control de garant\u00edas impusiera medida de aseguramiento en centro carcelario contra Fidel Borrero Solano y Rafael Antonio Puentes Ortega, quienes est\u00e1n siendo investigados por su aparente participaci\u00f3n en la desaparici\u00f3n forzada de una mujer identificada como Kelly Johana Plazas de 43 a\u00f1os.<\/p>\n\n\n\n<p><strong>POR: ANDR\u00c9S RODR\u00cdGUEZ. <\/strong><\/p>\n\n\n<div class=\"wp-block-image\">\n<figure class=\"alignright size-large\"><img loading=\"lazy\" decoding=\"async\" width=\"930\" height=\"1024\" src=\"https:\/\/ardigitalnoticias.com\/wp-content\/uploads\/2024\/07\/FB_IMG_1720809515053-930x1024.jpg\" alt=\"\" class=\"wp-image-4912\" srcset=\"https:\/\/ardigitalnoticias.com\/wp-content\/uploads\/2024\/07\/FB_IMG_1720809515053-930x1024.jpg 930w, https:\/\/ardigitalnoticias.com\/wp-content\/uploads\/2024\/07\/FB_IMG_1720809515053-272x300.jpg 272w, https:\/\/ardigitalnoticias.com\/wp-content\/uploads\/2024\/07\/FB_IMG_1720809515053-768x846.jpg 768w, https:\/\/ardigitalnoticias.com\/wp-content\/uploads\/2024\/07\/FB_IMG_1720809515053-150x165.jpg 150w, https:\/\/ardigitalnoticias.com\/wp-content\/uploads\/2024\/07\/FB_IMG_1720809515053-300x330.jpg 300w, https:\/\/ardigitalnoticias.com\/wp-content\/uploads\/2024\/07\/FB_IMG_1720809515053-696x766.jpg 696w, https:\/\/ardigitalnoticias.com\/wp-content\/uploads\/2024\/07\/FB_IMG_1720809515053-1068x1176.jpg 1068w, https:\/\/ardigitalnoticias.com\/wp-content\/uploads\/2024\/07\/FB_IMG_1720809515053.jpg 1080w\" sizes=\"auto, (max-width: 930px) 100vw, 930px\" \/><figcaption class=\"wp-element-caption\"><strong>Kelly Johana Plazas desaparecida<\/strong><\/figcaption><\/figure>\n<\/div>\n\n\n<p>Los hechos ocurrieron el pasado 1 de marzo en el sector La Caba\u00f1ita, vereda R\u00edo Fr\u00edo de Rivera (Huila), cuando la v\u00edctima lleg\u00f3 al lugar para vender una finca. En ese momento, un hombre la habr\u00eda forzado a subir al veh\u00edculo que \u00e9l conduc\u00eda. Desde entonces, no se conoce el paradero de la comerciante.<\/p>\n\n\n<div class=\"wp-block-image\">\n<figure class=\"aligncenter size-large\"><img loading=\"lazy\" decoding=\"async\" width=\"1024\" height=\"703\" src=\"https:\/\/ardigitalnoticias.com\/wp-content\/uploads\/2024\/07\/IMG-20240712-WA0577-1024x703.jpg\" alt=\"\" class=\"wp-image-4913\" srcset=\"https:\/\/ardigitalnoticias.com\/wp-content\/uploads\/2024\/07\/IMG-20240712-WA0577-1024x703.jpg 1024w, https:\/\/ardigitalnoticias.com\/wp-content\/uploads\/2024\/07\/IMG-20240712-WA0577-300x206.jpg 300w, https:\/\/ardigitalnoticias.com\/wp-content\/uploads\/2024\/07\/IMG-20240712-WA0577-768x528.jpg 768w, https:\/\/ardigitalnoticias.com\/wp-content\/uploads\/2024\/07\/IMG-20240712-WA0577-1536x1055.jpg 1536w, https:\/\/ardigitalnoticias.com\/wp-content\/uploads\/2024\/07\/IMG-20240712-WA0577-150x103.jpg 150w, https:\/\/ardigitalnoticias.com\/wp-content\/uploads\/2024\/07\/IMG-20240712-WA0577-218x150.jpg 218w, https:\/\/ardigitalnoticias.com\/wp-content\/uploads\/2024\/07\/IMG-20240712-WA0577-696x478.jpg 696w, https:\/\/ardigitalnoticias.com\/wp-content\/uploads\/2024\/07\/IMG-20240712-WA0577-1068x734.jpg 1068w, https:\/\/ardigitalnoticias.com\/wp-content\/uploads\/2024\/07\/IMG-20240712-WA0577.jpg 1600w\" sizes=\"auto, (max-width: 1024px) 100vw, 1024px\" \/><\/figure>\n<\/div>\n\n\n<p>Interceptaciones telef\u00f3nicas, videos de c\u00e1maras de seguridad y entrevistas a testigos, entre otras labores de polic\u00eda judicial, fueron determinantes para establecer que, poco antes del hecho, el conductor habr\u00eda recibido una llamada de Borrero Solano, expareja sentimental de la v\u00edctima, para definir c\u00f3mo se dar\u00eda la retenci\u00f3n. Adem\u00e1s, se estableci\u00f3 que en el lugar tambi\u00e9n estuvieron los procesados.<\/p>\n\n\n\n<figure class=\"wp-block-image size-large\"><img loading=\"lazy\" decoding=\"async\" width=\"1024\" height=\"852\" src=\"https:\/\/ardigitalnoticias.com\/wp-content\/uploads\/2024\/07\/IMG-20240712-WA0580-1024x852.jpg\" alt=\"\" class=\"wp-image-4914\" srcset=\"https:\/\/ardigitalnoticias.com\/wp-content\/uploads\/2024\/07\/IMG-20240712-WA0580-1024x852.jpg 1024w, https:\/\/ardigitalnoticias.com\/wp-content\/uploads\/2024\/07\/IMG-20240712-WA0580-300x250.jpg 300w, https:\/\/ardigitalnoticias.com\/wp-content\/uploads\/2024\/07\/IMG-20240712-WA0580-768x639.jpg 768w, https:\/\/ardigitalnoticias.com\/wp-content\/uploads\/2024\/07\/IMG-20240712-WA0580-150x125.jpg 150w, https:\/\/ardigitalnoticias.com\/wp-content\/uploads\/2024\/07\/IMG-20240712-WA0580-696x579.jpg 696w, https:\/\/ardigitalnoticias.com\/wp-content\/uploads\/2024\/07\/IMG-20240712-WA0580-1068x889.jpg 1068w, https:\/\/ardigitalnoticias.com\/wp-content\/uploads\/2024\/07\/IMG-20240712-WA0580.jpg 1502w\" sizes=\"auto, (max-width: 1024px) 100vw, 1024px\" \/><\/figure>\n\n\n\n<p>Por estos hechos, la Fiscal\u00eda, en trabajo articulado con el Gaula del Ej\u00e9rcito Nacional, captur\u00f3 a los dos procesados el 13 de junio de 2024 en Neiva. Un fiscal especializado de la Seccional Huila imput\u00f3 a los dos hombres como probables responsables del delito de desaparici\u00f3n forzada, cargo que no fue aceptado. Un juez de control de garant\u00edas impuso a los investigados medida de aseguramiento en centro carcelario.<\/p>\n\n\n\n<p><\/p>\n","protected":false},"excerpt":{"rendered":"<p>La Fiscal\u00eda General de la Naci\u00f3n logr\u00f3 que un juez de control de garant\u00edas impusiera medida de aseguramiento en centro carcelario contra Fidel Borrero Solano y Rafael Antonio Puentes Ortega, quienes est\u00e1n siendo investigados por su aparente participaci\u00f3n en la desaparici\u00f3n forzada de una mujer identificada como Kelly Johana Plazas de 43 a\u00f1os. POR: ANDR\u00c9S [&hellip;]<\/p>\n","protected":false},"author":3,"featured_media":4915,"comment_status":"open","ping_status":"open","sticky":false,"template":"","format":"standard","meta":{"_acf_changed":false,"_joinchat":[],"footnotes":""},"categories":[20,26,19],"tags":[],"class_list":{"0":"post-4911","1":"post","2":"type-post","3":"status-publish","4":"format-standard","5":"has-post-thumbnail","7":"category-judicial","8":"category-norte","9":"category-regional"},"acf":[],"yoast_head":"<!-- This site is optimized with the Yoast SEO plugin v27.4 - https:\/\/yoast.com\/product\/yoast-seo-wordpress\/ -->\n<title>A LA C\u00c1RCEL DOS HOMBRES PRESUNTAMENTE IMPLICADOS EN LA DESAPARICI\u00d3N DE UNA MUJER EN HUILA - AR Digital Noticias<\/title>\n<meta name=\"robots\" content=\"index, follow, max-snippet:-1, max-image-preview:large, max-video-preview:-1\" \/>\n<link rel=\"canonical\" href=\"https:\/\/ardigitalnoticias.com\/index.php\/2024\/07\/12\/a-la-carcel-dos-hombres-presuntamente-implicados-en-la-desaparicion-de-una-mujer-en-huila\/\" \/>\n<meta property=\"og:locale\" content=\"es_ES\" \/>\n<meta property=\"og:type\" content=\"article\" \/>\n<meta property=\"og:title\" content=\"A LA C\u00c1RCEL DOS HOMBRES PRESUNTAMENTE IMPLICADOS EN LA DESAPARICI\u00d3N DE UNA MUJER EN HUILA - AR Digital Noticias\" \/>\n<meta property=\"og:description\" content=\"La Fiscal\u00eda General de la Naci\u00f3n logr\u00f3 que un juez de control de garant\u00edas impusiera medida de aseguramiento en centro carcelario contra Fidel Borrero Solano y Rafael Antonio Puentes Ortega, quienes est\u00e1n siendo investigados por su aparente participaci\u00f3n en la desaparici\u00f3n forzada de una mujer identificada como Kelly Johana Plazas de 43 a\u00f1os. POR: ANDR\u00c9S [&hellip;]\" \/>\n<meta property=\"og:url\" content=\"https:\/\/ardigitalnoticias.com\/index.php\/2024\/07\/12\/a-la-carcel-dos-hombres-presuntamente-implicados-en-la-desaparicion-de-una-mujer-en-huila\/\" \/>\n<meta property=\"og:site_name\" content=\"AR Digital Noticias\" \/>\n<meta property=\"article:published_time\" content=\"2024-07-12T18:53:08+00:00\" \/>\n<meta property=\"og:image\" content=\"https:\/\/ardigitalnoticias.com\/wp-content\/uploads\/2024\/07\/InShot_20240712_134329885-scaled.jpg\" \/>\n\t<meta property=\"og:image:width\" content=\"2560\" \/>\n\t<meta property=\"og:image:height\" content=\"1439\" \/>\n\t<meta property=\"og:image:type\" content=\"image\/jpeg\" \/>\n<meta name=\"author\" content=\"Editor ArDigitalNoticias\" \/>\n<meta name=\"twitter:card\" content=\"summary_large_image\" \/>\n<meta name=\"twitter:label1\" content=\"Escrito por\" \/>\n\t<meta name=\"twitter:data1\" content=\"Editor ArDigitalNoticias\" \/>\n\t<meta name=\"twitter:label2\" content=\"Tiempo de lectura\" \/>\n\t<meta name=\"twitter:data2\" content=\"2 minutos\" \/>\n<script type=\"application\/ld+json\" class=\"yoast-schema-graph\">{\"@context\":\"https:\\\/\\\/schema.org\",\"@graph\":[{\"@type\":\"Article\",\"@id\":\"https:\\\/\\\/ardigitalnoticias.com\\\/index.php\\\/2024\\\/07\\\/12\\\/a-la-carcel-dos-hombres-presuntamente-implicados-en-la-desaparicion-de-una-mujer-en-huila\\\/#article\",\"isPartOf\":{\"@id\":\"https:\\\/\\\/ardigitalnoticias.com\\\/index.php\\\/2024\\\/07\\\/12\\\/a-la-carcel-dos-hombres-presuntamente-implicados-en-la-desaparicion-de-una-mujer-en-huila\\\/\"},\"author\":{\"name\":\"Editor ArDigitalNoticias\",\"@id\":\"https:\\\/\\\/ardigitalnoticias.com\\\/#\\\/schema\\\/person\\\/759c8138ebc77e85adb1aa750003a751\"},\"headline\":\"A LA C\u00c1RCEL DOS HOMBRES PRESUNTAMENTE IMPLICADOS EN LA DESAPARICI\u00d3N DE UNA MUJER EN HUILA\",\"datePublished\":\"2024-07-12T18:53:08+00:00\",\"mainEntityOfPage\":{\"@id\":\"https:\\\/\\\/ardigitalnoticias.com\\\/index.php\\\/2024\\\/07\\\/12\\\/a-la-carcel-dos-hombres-presuntamente-implicados-en-la-desaparicion-de-una-mujer-en-huila\\\/\"},\"wordCount\":283,\"commentCount\":0,\"publisher\":{\"@id\":\"https:\\\/\\\/ardigitalnoticias.com\\\/#organization\"},\"image\":{\"@id\":\"https:\\\/\\\/ardigitalnoticias.com\\\/index.php\\\/2024\\\/07\\\/12\\\/a-la-carcel-dos-hombres-presuntamente-implicados-en-la-desaparicion-de-una-mujer-en-huila\\\/#primaryimage\"},\"thumbnailUrl\":\"https:\\\/\\\/ardigitalnoticias.com\\\/wp-content\\\/uploads\\\/2024\\\/07\\\/InShot_20240712_134329885-scaled.jpg\",\"articleSection\":[\"Judicial\",\"Norte\",\"Regional\"],\"inLanguage\":\"es\",\"potentialAction\":[{\"@type\":\"CommentAction\",\"name\":\"Comment\",\"target\":[\"https:\\\/\\\/ardigitalnoticias.com\\\/index.php\\\/2024\\\/07\\\/12\\\/a-la-carcel-dos-hombres-presuntamente-implicados-en-la-desaparicion-de-una-mujer-en-huila\\\/#respond\"]}]},{\"@type\":\"WebPage\",\"@id\":\"https:\\\/\\\/ardigitalnoticias.com\\\/index.php\\\/2024\\\/07\\\/12\\\/a-la-carcel-dos-hombres-presuntamente-implicados-en-la-desaparicion-de-una-mujer-en-huila\\\/\",\"url\":\"https:\\\/\\\/ardigitalnoticias.com\\\/index.php\\\/2024\\\/07\\\/12\\\/a-la-carcel-dos-hombres-presuntamente-implicados-en-la-desaparicion-de-una-mujer-en-huila\\\/\",\"name\":\"A LA C\u00c1RCEL DOS HOMBRES PRESUNTAMENTE IMPLICADOS EN LA DESAPARICI\u00d3N DE UNA MUJER EN HUILA - AR Digital Noticias\",\"isPartOf\":{\"@id\":\"https:\\\/\\\/ardigitalnoticias.com\\\/#website\"},\"primaryImageOfPage\":{\"@id\":\"https:\\\/\\\/ardigitalnoticias.com\\\/index.php\\\/2024\\\/07\\\/12\\\/a-la-carcel-dos-hombres-presuntamente-implicados-en-la-desaparicion-de-una-mujer-en-huila\\\/#primaryimage\"},\"image\":{\"@id\":\"https:\\\/\\\/ardigitalnoticias.com\\\/index.php\\\/2024\\\/07\\\/12\\\/a-la-carcel-dos-hombres-presuntamente-implicados-en-la-desaparicion-de-una-mujer-en-huila\\\/#primaryimage\"},\"thumbnailUrl\":\"https:\\\/\\\/ardigitalnoticias.com\\\/wp-content\\\/uploads\\\/2024\\\/07\\\/InShot_20240712_134329885-scaled.jpg\",\"datePublished\":\"2024-07-12T18:53:08+00:00\",\"breadcrumb\":{\"@id\":\"https:\\\/\\\/ardigitalnoticias.com\\\/index.php\\\/2024\\\/07\\\/12\\\/a-la-carcel-dos-hombres-presuntamente-implicados-en-la-desaparicion-de-una-mujer-en-huila\\\/#breadcrumb\"},\"inLanguage\":\"es\",\"potentialAction\":[{\"@type\":\"ReadAction\",\"target\":[\"https:\\\/\\\/ardigitalnoticias.com\\\/index.php\\\/2024\\\/07\\\/12\\\/a-la-carcel-dos-hombres-presuntamente-implicados-en-la-desaparicion-de-una-mujer-en-huila\\\/\"]}]},{\"@type\":\"ImageObject\",\"inLanguage\":\"es\",\"@id\":\"https:\\\/\\\/ardigitalnoticias.com\\\/index.php\\\/2024\\\/07\\\/12\\\/a-la-carcel-dos-hombres-presuntamente-implicados-en-la-desaparicion-de-una-mujer-en-huila\\\/#primaryimage\",\"url\":\"https:\\\/\\\/ardigitalnoticias.com\\\/wp-content\\\/uploads\\\/2024\\\/07\\\/InShot_20240712_134329885-scaled.jpg\",\"contentUrl\":\"https:\\\/\\\/ardigitalnoticias.com\\\/wp-content\\\/uploads\\\/2024\\\/07\\\/InShot_20240712_134329885-scaled.jpg\",\"width\":2560,\"height\":1439},{\"@type\":\"BreadcrumbList\",\"@id\":\"https:\\\/\\\/ardigitalnoticias.com\\\/index.php\\\/2024\\\/07\\\/12\\\/a-la-carcel-dos-hombres-presuntamente-implicados-en-la-desaparicion-de-una-mujer-en-huila\\\/#breadcrumb\",\"itemListElement\":[{\"@type\":\"ListItem\",\"position\":1,\"name\":\"Portada\",\"item\":\"https:\\\/\\\/ardigitalnoticias.com\\\/\"},{\"@type\":\"ListItem\",\"position\":2,\"name\":\"A LA C\u00c1RCEL DOS HOMBRES PRESUNTAMENTE IMPLICADOS EN LA DESAPARICI\u00d3N DE UNA MUJER EN HUILA\"}]},{\"@type\":\"WebSite\",\"@id\":\"https:\\\/\\\/ardigitalnoticias.com\\\/#website\",\"url\":\"https:\\\/\\\/ardigitalnoticias.com\\\/\",\"name\":\"AR Digital Noticias\",\"description\":\"\",\"publisher\":{\"@id\":\"https:\\\/\\\/ardigitalnoticias.com\\\/#organization\"},\"potentialAction\":[{\"@type\":\"SearchAction\",\"target\":{\"@type\":\"EntryPoint\",\"urlTemplate\":\"https:\\\/\\\/ardigitalnoticias.com\\\/?s={search_term_string}\"},\"query-input\":{\"@type\":\"PropertyValueSpecification\",\"valueRequired\":true,\"valueName\":\"search_term_string\"}}],\"inLanguage\":\"es\"},{\"@type\":\"Organization\",\"@id\":\"https:\\\/\\\/ardigitalnoticias.com\\\/#organization\",\"name\":\"AR Digital Noticias\",\"url\":\"https:\\\/\\\/ardigitalnoticias.com\\\/\",\"logo\":{\"@type\":\"ImageObject\",\"inLanguage\":\"es\",\"@id\":\"https:\\\/\\\/ardigitalnoticias.com\\\/#\\\/schema\\\/logo\\\/image\\\/\",\"url\":\"https:\\\/\\\/ardigitalnoticias.com\\\/wp-content\\\/uploads\\\/2023\\\/11\\\/cropped-cropped-cropped-cropped-AR-Digital-Noticias-1.png\",\"contentUrl\":\"https:\\\/\\\/ardigitalnoticias.com\\\/wp-content\\\/uploads\\\/2023\\\/11\\\/cropped-cropped-cropped-cropped-AR-Digital-Noticias-1.png\",\"width\":972,\"height\":306,\"caption\":\"AR Digital Noticias\"},\"image\":{\"@id\":\"https:\\\/\\\/ardigitalnoticias.com\\\/#\\\/schema\\\/logo\\\/image\\\/\"}},{\"@type\":\"Person\",\"@id\":\"https:\\\/\\\/ardigitalnoticias.com\\\/#\\\/schema\\\/person\\\/759c8138ebc77e85adb1aa750003a751\",\"name\":\"Editor ArDigitalNoticias\",\"image\":{\"@type\":\"ImageObject\",\"inLanguage\":\"es\",\"@id\":\"https:\\\/\\\/secure.gravatar.com\\\/avatar\\\/2c7f3656ea34567ef10422f22f4395b6cc422854a0b986ba788597ac36902f93?s=96&d=mm&r=g\",\"url\":\"https:\\\/\\\/secure.gravatar.com\\\/avatar\\\/2c7f3656ea34567ef10422f22f4395b6cc422854a0b986ba788597ac36902f93?s=96&d=mm&r=g\",\"contentUrl\":\"https:\\\/\\\/secure.gravatar.com\\\/avatar\\\/2c7f3656ea34567ef10422f22f4395b6cc422854a0b986ba788597ac36902f93?s=96&d=mm&r=g\",\"caption\":\"Editor ArDigitalNoticias\"},\"sameAs\":[\"http:\\\/\\\/ardigitalnoticias.com\"],\"url\":\"https:\\\/\\\/ardigitalnoticias.com\\\/index.php\\\/author\\\/editor\\\/\"}]}<\/script>\n<!-- \/ Yoast SEO plugin. -->","yoast_head_json":{"title":"A LA C\u00c1RCEL DOS HOMBRES PRESUNTAMENTE IMPLICADOS EN LA DESAPARICI\u00d3N DE UNA MUJER EN HUILA - AR Digital Noticias","robots":{"index":"index","follow":"follow","max-snippet":"max-snippet:-1","max-image-preview":"max-image-preview:large","max-video-preview":"max-video-preview:-1"},"canonical":"https:\/\/ardigitalnoticias.com\/index.php\/2024\/07\/12\/a-la-carcel-dos-hombres-presuntamente-implicados-en-la-desaparicion-de-una-mujer-en-huila\/","og_locale":"es_ES","og_type":"article","og_title":"A LA C\u00c1RCEL DOS HOMBRES PRESUNTAMENTE IMPLICADOS EN LA DESAPARICI\u00d3N DE UNA MUJER EN HUILA - AR Digital Noticias","og_description":"La Fiscal\u00eda General de la Naci\u00f3n logr\u00f3 que un juez de control de garant\u00edas impusiera medida de aseguramiento en centro carcelario contra Fidel Borrero Solano y Rafael Antonio Puentes Ortega, quienes est\u00e1n siendo investigados por su aparente participaci\u00f3n en la desaparici\u00f3n forzada de una mujer identificada como Kelly Johana Plazas de 43 a\u00f1os. POR: ANDR\u00c9S [&hellip;]","og_url":"https:\/\/ardigitalnoticias.com\/index.php\/2024\/07\/12\/a-la-carcel-dos-hombres-presuntamente-implicados-en-la-desaparicion-de-una-mujer-en-huila\/","og_site_name":"AR Digital Noticias","article_published_time":"2024-07-12T18:53:08+00:00","og_image":[{"width":2560,"height":1439,"url":"https:\/\/ardigitalnoticias.com\/wp-content\/uploads\/2024\/07\/InShot_20240712_134329885-scaled.jpg","type":"image\/jpeg"}],"author":"Editor ArDigitalNoticias","twitter_card":"summary_large_image","twitter_misc":{"Escrito por":"Editor ArDigitalNoticias","Tiempo de lectura":"2 minutos"},"schema":{"@context":"https:\/\/schema.org","@graph":[{"@type":"Article","@id":"https:\/\/ardigitalnoticias.com\/index.php\/2024\/07\/12\/a-la-carcel-dos-hombres-presuntamente-implicados-en-la-desaparicion-de-una-mujer-en-huila\/#article","isPartOf":{"@id":"https:\/\/ardigitalnoticias.com\/index.php\/2024\/07\/12\/a-la-carcel-dos-hombres-presuntamente-implicados-en-la-desaparicion-de-una-mujer-en-huila\/"},"author":{"name":"Editor ArDigitalNoticias","@id":"https:\/\/ardigitalnoticias.com\/#\/schema\/person\/759c8138ebc77e85adb1aa750003a751"},"headline":"A LA C\u00c1RCEL DOS HOMBRES PRESUNTAMENTE IMPLICADOS EN LA DESAPARICI\u00d3N DE UNA MUJER EN HUILA","datePublished":"2024-07-12T18:53:08+00:00","mainEntityOfPage":{"@id":"https:\/\/ardigitalnoticias.com\/index.php\/2024\/07\/12\/a-la-carcel-dos-hombres-presuntamente-implicados-en-la-desaparicion-de-una-mujer-en-huila\/"},"wordCount":283,"commentCount":0,"publisher":{"@id":"https:\/\/ardigitalnoticias.com\/#organization"},"image":{"@id":"https:\/\/ardigitalnoticias.com\/index.php\/2024\/07\/12\/a-la-carcel-dos-hombres-presuntamente-implicados-en-la-desaparicion-de-una-mujer-en-huila\/#primaryimage"},"thumbnailUrl":"https:\/\/ardigitalnoticias.com\/wp-content\/uploads\/2024\/07\/InShot_20240712_134329885-scaled.jpg","articleSection":["Judicial","Norte","Regional"],"inLanguage":"es","potentialAction":[{"@type":"CommentAction","name":"Comment","target":["https:\/\/ardigitalnoticias.com\/index.php\/2024\/07\/12\/a-la-carcel-dos-hombres-presuntamente-implicados-en-la-desaparicion-de-una-mujer-en-huila\/#respond"]}]},{"@type":"WebPage","@id":"https:\/\/ardigitalnoticias.com\/index.php\/2024\/07\/12\/a-la-carcel-dos-hombres-presuntamente-implicados-en-la-desaparicion-de-una-mujer-en-huila\/","url":"https:\/\/ardigitalnoticias.com\/index.php\/2024\/07\/12\/a-la-carcel-dos-hombres-presuntamente-implicados-en-la-desaparicion-de-una-mujer-en-huila\/","name":"A LA C\u00c1RCEL DOS HOMBRES PRESUNTAMENTE IMPLICADOS EN LA DESAPARICI\u00d3N DE UNA MUJER EN HUILA - AR Digital Noticias","isPartOf":{"@id":"https:\/\/ardigitalnoticias.com\/#website"},"primaryImageOfPage":{"@id":"https:\/\/ardigitalnoticias.com\/index.php\/2024\/07\/12\/a-la-carcel-dos-hombres-presuntamente-implicados-en-la-desaparicion-de-una-mujer-en-huila\/#primaryimage"},"image":{"@id":"https:\/\/ardigitalnoticias.com\/index.php\/2024\/07\/12\/a-la-carcel-dos-hombres-presuntamente-implicados-en-la-desaparicion-de-una-mujer-en-huila\/#primaryimage"},"thumbnailUrl":"https:\/\/ardigitalnoticias.com\/wp-content\/uploads\/2024\/07\/InShot_20240712_134329885-scaled.jpg","datePublished":"2024-07-12T18:53:08+00:00","breadcrumb":{"@id":"https:\/\/ardigitalnoticias.com\/index.php\/2024\/07\/12\/a-la-carcel-dos-hombres-presuntamente-implicados-en-la-desaparicion-de-una-mujer-en-huila\/#breadcrumb"},"inLanguage":"es","potentialAction":[{"@type":"ReadAction","target":["https:\/\/ardigitalnoticias.com\/index.php\/2024\/07\/12\/a-la-carcel-dos-hombres-presuntamente-implicados-en-la-desaparicion-de-una-mujer-en-huila\/"]}]},{"@type":"ImageObject","inLanguage":"es","@id":"https:\/\/ardigitalnoticias.com\/index.php\/2024\/07\/12\/a-la-carcel-dos-hombres-presuntamente-implicados-en-la-desaparicion-de-una-mujer-en-huila\/#primaryimage","url":"https:\/\/ardigitalnoticias.com\/wp-content\/uploads\/2024\/07\/InShot_20240712_134329885-scaled.jpg","contentUrl":"https:\/\/ardigitalnoticias.com\/wp-content\/uploads\/2024\/07\/InShot_20240712_134329885-scaled.jpg","width":2560,"height":1439},{"@type":"BreadcrumbList","@id":"https:\/\/ardigitalnoticias.com\/index.php\/2024\/07\/12\/a-la-carcel-dos-hombres-presuntamente-implicados-en-la-desaparicion-de-una-mujer-en-huila\/#breadcrumb","itemListElement":[{"@type":"ListItem","position":1,"name":"Portada","item":"https:\/\/ardigitalnoticias.com\/"},{"@type":"ListItem","position":2,"name":"A LA C\u00c1RCEL DOS HOMBRES PRESUNTAMENTE IMPLICADOS EN LA DESAPARICI\u00d3N DE UNA MUJER EN HUILA"}]},{"@type":"WebSite","@id":"https:\/\/ardigitalnoticias.com\/#website","url":"https:\/\/ardigitalnoticias.com\/","name":"AR Digital Noticias","description":"","publisher":{"@id":"https:\/\/ardigitalnoticias.com\/#organization"},"potentialAction":[{"@type":"SearchAction","target":{"@type":"EntryPoint","urlTemplate":"https:\/\/ardigitalnoticias.com\/?s={search_term_string}"},"query-input":{"@type":"PropertyValueSpecification","valueRequired":true,"valueName":"search_term_string"}}],"inLanguage":"es"},{"@type":"Organization","@id":"https:\/\/ardigitalnoticias.com\/#organization","name":"AR Digital Noticias","url":"https:\/\/ardigitalnoticias.com\/","logo":{"@type":"ImageObject","inLanguage":"es","@id":"https:\/\/ardigitalnoticias.com\/#\/schema\/logo\/image\/","url":"https:\/\/ardigitalnoticias.com\/wp-content\/uploads\/2023\/11\/cropped-cropped-cropped-cropped-AR-Digital-Noticias-1.png","contentUrl":"https:\/\/ardigitalnoticias.com\/wp-content\/uploads\/2023\/11\/cropped-cropped-cropped-cropped-AR-Digital-Noticias-1.png","width":972,"height":306,"caption":"AR Digital Noticias"},"image":{"@id":"https:\/\/ardigitalnoticias.com\/#\/schema\/logo\/image\/"}},{"@type":"Person","@id":"https:\/\/ardigitalnoticias.com\/#\/schema\/person\/759c8138ebc77e85adb1aa750003a751","name":"Editor ArDigitalNoticias","image":{"@type":"ImageObject","inLanguage":"es","@id":"https:\/\/secure.gravatar.com\/avatar\/2c7f3656ea34567ef10422f22f4395b6cc422854a0b986ba788597ac36902f93?s=96&d=mm&r=g","url":"https:\/\/secure.gravatar.com\/avatar\/2c7f3656ea34567ef10422f22f4395b6cc422854a0b986ba788597ac36902f93?s=96&d=mm&r=g","contentUrl":"https:\/\/secure.gravatar.com\/avatar\/2c7f3656ea34567ef10422f22f4395b6cc422854a0b986ba788597ac36902f93?s=96&d=mm&r=g","caption":"Editor ArDigitalNoticias"},"sameAs":["http:\/\/ardigitalnoticias.com"],"url":"https:\/\/ardigitalnoticias.com\/index.php\/author\/editor\/"}]}},"_links":{"self":[{"href":"https:\/\/ardigitalnoticias.com\/index.php\/wp-json\/wp\/v2\/posts\/4911","targetHints":{"allow":["GET"]}}],"collection":[{"href":"https:\/\/ardigitalnoticias.com\/index.php\/wp-json\/wp\/v2\/posts"}],"about":[{"href":"https:\/\/ardigitalnoticias.com\/index.php\/wp-json\/wp\/v2\/types\/post"}],"author":[{"embeddable":true,"href":"https:\/\/ardigitalnoticias.com\/index.php\/wp-json\/wp\/v2\/users\/3"}],"replies":[{"embeddable":true,"href":"https:\/\/ardigitalnoticias.com\/index.php\/wp-json\/wp\/v2\/comments?post=4911"}],"version-history":[{"count":1,"href":"https:\/\/ardigitalnoticias.com\/index.php\/wp-json\/wp\/v2\/posts\/4911\/revisions"}],"predecessor-version":[{"id":4916,"href":"https:\/\/ardigitalnoticias.com\/index.php\/wp-json\/wp\/v2\/posts\/4911\/revisions\/4916"}],"wp:featuredmedia":[{"embeddable":true,"href":"https:\/\/ardigitalnoticias.com\/index.php\/wp-json\/wp\/v2\/media\/4915"}],"wp:attachment":[{"href":"https:\/\/ardigitalnoticias.com\/index.php\/wp-json\/wp\/v2\/media?parent=4911"}],"wp:term":[{"taxonomy":"category","embeddable":true,"href":"https:\/\/ardigitalnoticias.com\/index.php\/wp-json\/wp\/v2\/categories?post=4911"},{"taxonomy":"post_tag","embeddable":true,"href":"https:\/\/ardigitalnoticias.com\/index.php\/wp-json\/wp\/v2\/tags?post=4911"}],"curies":[{"name":"wp","href":"https:\/\/api.w.org\/{rel}","templated":true}]}}