{"id":4906,"date":"2024-07-09T20:41:21","date_gmt":"2024-07-10T01:41:21","guid":{"rendered":"https:\/\/ardigitalnoticias.com\/?p=4906"},"modified":"2024-07-09T20:41:22","modified_gmt":"2024-07-10T01:41:22","slug":"asesinada-mujer-en-la-ciudad-de-neiva","status":"publish","type":"post","link":"https:\/\/ardigitalnoticias.com\/index.php\/2024\/07\/09\/asesinada-mujer-en-la-ciudad-de-neiva\/","title":{"rendered":"ASESINADA MUJER EN LA CIUDAD DE NEIVA"},"content":{"rendered":"\n<p>En un tr\u00e1gico hecho que ha conmocionado a la comunidad de Neiva, una mujer fue asesinada en el barrio Oasis, ubicado en el oriente de la ciudad.<\/p>\n\n\n\n<p><strong>POR: ANDR\u00c9S RODR\u00cdGUEZ.<\/strong><\/p>\n\n\n<div class=\"wp-block-image\">\n<figure class=\"aligncenter size-full\"><img loading=\"lazy\" decoding=\"async\" width=\"957\" height=\"960\" src=\"https:\/\/ardigitalnoticias.com\/wp-content\/uploads\/2024\/07\/FB_IMG_1720574616167.jpg\" alt=\"\" class=\"wp-image-4908\" srcset=\"https:\/\/ardigitalnoticias.com\/wp-content\/uploads\/2024\/07\/FB_IMG_1720574616167.jpg 957w, https:\/\/ardigitalnoticias.com\/wp-content\/uploads\/2024\/07\/FB_IMG_1720574616167-300x301.jpg 300w, https:\/\/ardigitalnoticias.com\/wp-content\/uploads\/2024\/07\/FB_IMG_1720574616167-150x150.jpg 150w, https:\/\/ardigitalnoticias.com\/wp-content\/uploads\/2024\/07\/FB_IMG_1720574616167-768x770.jpg 768w, https:\/\/ardigitalnoticias.com\/wp-content\/uploads\/2024\/07\/FB_IMG_1720574616167-696x698.jpg 696w\" sizes=\"auto, (max-width: 957px) 100vw, 957px\" \/><figcaption class=\"wp-element-caption\"><strong>Lina Marcela Garz\u00f3n Q.E.P.D <\/strong><\/figcaption><\/figure>\n<\/div>\n\n\n<p>El lamentable hecho tuvo lugar en la carrera 51 con calle 28B, perteneciente a la comuna 10. La v\u00edctima fue identificada como Lina Marcela Garz\u00f3n Berjam, de 39 a\u00f1os de edad.<\/p>\n\n\n\n<p>El ataque se produjo cuando Lina Marcela se encontraba en compa\u00f1\u00eda de su madre. Fue entonces cuando un desconocido le dispar\u00f3 con un arma de fuego. Gravemente herida, la mujer fue trasladada de urgencia al Hospital Universitario de Neiva. Lamentablemente, los esfuerzos por salvarle la vida fueron en vano, y lleg\u00f3 sin signos vitales debido a la gravedad de sus heridas.<\/p>\n\n\n\n<p>Las autoridades locales han iniciado una investigaci\u00f3n para esclarecer este nuevo caso de sicariato que sacude a la capital del Huila. El violento episodio ha despertado la preocupaci\u00f3n y el miedo entre los residentes del sector, quienes exigen respuestas y medidas que garanticen la seguridad en la regi\u00f3n.<\/p>\n\n\n\n<p>Los investigadores est\u00e1n trabajando arduamente para identificar al responsable de este crimen y determinar los motivos detr\u00e1s del ataque. La Polic\u00eda ha hecho un llamado a la ciudadan\u00eda para que colaboren con cualquier informaci\u00f3n que pueda ser relevante para la investigaci\u00f3n.<\/p>\n\n\n\n<p>Este tr\u00e1gico hecho de sangre pone de manifiesto una vez m\u00e1s la necesidad urgente de fortalecer las estrategias de seguridad y justicia en la ciudad para prevenir actos de violencia y proteger a los ciudadanos. La comunidad de Neiva permanece a la espera de avances en el caso y de justicia para Lina Marcela Garz\u00f3n Berjam.<\/p>\n\n\n<div class=\"wp-block-image\">\n<figure class=\"aligncenter size-full\"><img loading=\"lazy\" decoding=\"async\" width=\"955\" height=\"960\" src=\"https:\/\/ardigitalnoticias.com\/wp-content\/uploads\/2024\/07\/FB_IMG_1720574626214.jpg\" alt=\"\" class=\"wp-image-4907\" srcset=\"https:\/\/ardigitalnoticias.com\/wp-content\/uploads\/2024\/07\/FB_IMG_1720574626214.jpg 955w, https:\/\/ardigitalnoticias.com\/wp-content\/uploads\/2024\/07\/FB_IMG_1720574626214-298x300.jpg 298w, https:\/\/ardigitalnoticias.com\/wp-content\/uploads\/2024\/07\/FB_IMG_1720574626214-150x151.jpg 150w, https:\/\/ardigitalnoticias.com\/wp-content\/uploads\/2024\/07\/FB_IMG_1720574626214-768x772.jpg 768w, https:\/\/ardigitalnoticias.com\/wp-content\/uploads\/2024\/07\/FB_IMG_1720574626214-300x302.jpg 300w, https:\/\/ardigitalnoticias.com\/wp-content\/uploads\/2024\/07\/FB_IMG_1720574626214-696x700.jpg 696w\" sizes=\"auto, (max-width: 955px) 100vw, 955px\" \/><figcaption class=\"wp-element-caption\"><strong>Lina Marcela Garz\u00f3n Q.E.P.D <\/strong><\/figcaption><\/figure>\n<\/div>","protected":false},"excerpt":{"rendered":"<p>En un tr\u00e1gico hecho que ha conmocionado a la comunidad de Neiva, una mujer fue asesinada en el barrio Oasis, ubicado en el oriente de la ciudad. POR: ANDR\u00c9S RODR\u00cdGUEZ. El lamentable hecho tuvo lugar en la carrera 51 con calle 28B, perteneciente a la comuna 10. La v\u00edctima fue identificada como Lina Marcela Garz\u00f3n [&hellip;]<\/p>\n","protected":false},"author":3,"featured_media":4909,"comment_status":"open","ping_status":"open","sticky":false,"template":"","format":"standard","meta":{"_acf_changed":false,"_joinchat":[],"footnotes":""},"categories":[20,26,19],"tags":[],"class_list":{"0":"post-4906","1":"post","2":"type-post","3":"status-publish","4":"format-standard","5":"has-post-thumbnail","7":"category-judicial","8":"category-norte","9":"category-regional"},"acf":[],"yoast_head":"<!-- This site is optimized with the Yoast SEO plugin v27.5 - https:\/\/yoast.com\/product\/yoast-seo-wordpress\/ -->\n<title>ASESINADA MUJER EN LA CIUDAD DE NEIVA - AR Digital Noticias<\/title>\n<meta name=\"robots\" content=\"index, follow, max-snippet:-1, max-image-preview:large, max-video-preview:-1\" \/>\n<link rel=\"canonical\" href=\"https:\/\/ardigitalnoticias.com\/index.php\/2024\/07\/09\/asesinada-mujer-en-la-ciudad-de-neiva\/\" \/>\n<meta property=\"og:locale\" content=\"es_ES\" \/>\n<meta property=\"og:type\" content=\"article\" \/>\n<meta property=\"og:title\" content=\"ASESINADA MUJER EN LA CIUDAD DE NEIVA - AR Digital Noticias\" \/>\n<meta property=\"og:description\" content=\"En un tr\u00e1gico hecho que ha conmocionado a la comunidad de Neiva, una mujer fue asesinada en el barrio Oasis, ubicado en el oriente de la ciudad. POR: ANDR\u00c9S RODR\u00cdGUEZ. El lamentable hecho tuvo lugar en la carrera 51 con calle 28B, perteneciente a la comuna 10. La v\u00edctima fue identificada como Lina Marcela Garz\u00f3n [&hellip;]\" \/>\n<meta property=\"og:url\" content=\"https:\/\/ardigitalnoticias.com\/index.php\/2024\/07\/09\/asesinada-mujer-en-la-ciudad-de-neiva\/\" \/>\n<meta property=\"og:site_name\" content=\"AR Digital Noticias\" \/>\n<meta property=\"article:published_time\" content=\"2024-07-10T01:41:21+00:00\" \/>\n<meta property=\"article:modified_time\" content=\"2024-07-10T01:41:22+00:00\" \/>\n<meta property=\"og:image\" content=\"https:\/\/ardigitalnoticias.com\/wp-content\/uploads\/2024\/07\/InShot_20240709_202807512.jpg\" \/>\n\t<meta property=\"og:image:width\" content=\"1920\" \/>\n\t<meta property=\"og:image:height\" content=\"1079\" \/>\n\t<meta property=\"og:image:type\" content=\"image\/jpeg\" \/>\n<meta name=\"author\" content=\"Editor ArDigitalNoticias\" \/>\n<meta name=\"twitter:card\" content=\"summary_large_image\" \/>\n<meta name=\"twitter:label1\" content=\"Escrito por\" \/>\n\t<meta name=\"twitter:data1\" content=\"Editor ArDigitalNoticias\" \/>\n\t<meta name=\"twitter:label2\" content=\"Tiempo de lectura\" \/>\n\t<meta name=\"twitter:data2\" content=\"2 minutos\" \/>\n<script type=\"application\/ld+json\" class=\"yoast-schema-graph\">{\"@context\":\"https:\\\/\\\/schema.org\",\"@graph\":[{\"@type\":\"Article\",\"@id\":\"https:\\\/\\\/ardigitalnoticias.com\\\/index.php\\\/2024\\\/07\\\/09\\\/asesinada-mujer-en-la-ciudad-de-neiva\\\/#article\",\"isPartOf\":{\"@id\":\"https:\\\/\\\/ardigitalnoticias.com\\\/index.php\\\/2024\\\/07\\\/09\\\/asesinada-mujer-en-la-ciudad-de-neiva\\\/\"},\"author\":{\"name\":\"Editor ArDigitalNoticias\",\"@id\":\"https:\\\/\\\/ardigitalnoticias.com\\\/#\\\/schema\\\/person\\\/759c8138ebc77e85adb1aa750003a751\"},\"headline\":\"ASESINADA MUJER EN LA CIUDAD DE NEIVA\",\"datePublished\":\"2024-07-10T01:41:21+00:00\",\"dateModified\":\"2024-07-10T01:41:22+00:00\",\"mainEntityOfPage\":{\"@id\":\"https:\\\/\\\/ardigitalnoticias.com\\\/index.php\\\/2024\\\/07\\\/09\\\/asesinada-mujer-en-la-ciudad-de-neiva\\\/\"},\"wordCount\":306,\"commentCount\":0,\"publisher\":{\"@id\":\"https:\\\/\\\/ardigitalnoticias.com\\\/#organization\"},\"image\":{\"@id\":\"https:\\\/\\\/ardigitalnoticias.com\\\/index.php\\\/2024\\\/07\\\/09\\\/asesinada-mujer-en-la-ciudad-de-neiva\\\/#primaryimage\"},\"thumbnailUrl\":\"https:\\\/\\\/ardigitalnoticias.com\\\/wp-content\\\/uploads\\\/2024\\\/07\\\/InShot_20240709_202807512.jpg\",\"articleSection\":[\"Judicial\",\"Norte\",\"Regional\"],\"inLanguage\":\"es\",\"potentialAction\":[{\"@type\":\"CommentAction\",\"name\":\"Comment\",\"target\":[\"https:\\\/\\\/ardigitalnoticias.com\\\/index.php\\\/2024\\\/07\\\/09\\\/asesinada-mujer-en-la-ciudad-de-neiva\\\/#respond\"]}]},{\"@type\":\"WebPage\",\"@id\":\"https:\\\/\\\/ardigitalnoticias.com\\\/index.php\\\/2024\\\/07\\\/09\\\/asesinada-mujer-en-la-ciudad-de-neiva\\\/\",\"url\":\"https:\\\/\\\/ardigitalnoticias.com\\\/index.php\\\/2024\\\/07\\\/09\\\/asesinada-mujer-en-la-ciudad-de-neiva\\\/\",\"name\":\"ASESINADA MUJER EN LA CIUDAD DE NEIVA - AR Digital Noticias\",\"isPartOf\":{\"@id\":\"https:\\\/\\\/ardigitalnoticias.com\\\/#website\"},\"primaryImageOfPage\":{\"@id\":\"https:\\\/\\\/ardigitalnoticias.com\\\/index.php\\\/2024\\\/07\\\/09\\\/asesinada-mujer-en-la-ciudad-de-neiva\\\/#primaryimage\"},\"image\":{\"@id\":\"https:\\\/\\\/ardigitalnoticias.com\\\/index.php\\\/2024\\\/07\\\/09\\\/asesinada-mujer-en-la-ciudad-de-neiva\\\/#primaryimage\"},\"thumbnailUrl\":\"https:\\\/\\\/ardigitalnoticias.com\\\/wp-content\\\/uploads\\\/2024\\\/07\\\/InShot_20240709_202807512.jpg\",\"datePublished\":\"2024-07-10T01:41:21+00:00\",\"dateModified\":\"2024-07-10T01:41:22+00:00\",\"breadcrumb\":{\"@id\":\"https:\\\/\\\/ardigitalnoticias.com\\\/index.php\\\/2024\\\/07\\\/09\\\/asesinada-mujer-en-la-ciudad-de-neiva\\\/#breadcrumb\"},\"inLanguage\":\"es\",\"potentialAction\":[{\"@type\":\"ReadAction\",\"target\":[\"https:\\\/\\\/ardigitalnoticias.com\\\/index.php\\\/2024\\\/07\\\/09\\\/asesinada-mujer-en-la-ciudad-de-neiva\\\/\"]}]},{\"@type\":\"ImageObject\",\"inLanguage\":\"es\",\"@id\":\"https:\\\/\\\/ardigitalnoticias.com\\\/index.php\\\/2024\\\/07\\\/09\\\/asesinada-mujer-en-la-ciudad-de-neiva\\\/#primaryimage\",\"url\":\"https:\\\/\\\/ardigitalnoticias.com\\\/wp-content\\\/uploads\\\/2024\\\/07\\\/InShot_20240709_202807512.jpg\",\"contentUrl\":\"https:\\\/\\\/ardigitalnoticias.com\\\/wp-content\\\/uploads\\\/2024\\\/07\\\/InShot_20240709_202807512.jpg\",\"width\":1920,\"height\":1079},{\"@type\":\"BreadcrumbList\",\"@id\":\"https:\\\/\\\/ardigitalnoticias.com\\\/index.php\\\/2024\\\/07\\\/09\\\/asesinada-mujer-en-la-ciudad-de-neiva\\\/#breadcrumb\",\"itemListElement\":[{\"@type\":\"ListItem\",\"position\":1,\"name\":\"Portada\",\"item\":\"https:\\\/\\\/ardigitalnoticias.com\\\/\"},{\"@type\":\"ListItem\",\"position\":2,\"name\":\"ASESINADA MUJER EN LA CIUDAD DE NEIVA\"}]},{\"@type\":\"WebSite\",\"@id\":\"https:\\\/\\\/ardigitalnoticias.com\\\/#website\",\"url\":\"https:\\\/\\\/ardigitalnoticias.com\\\/\",\"name\":\"AR Digital Noticias\",\"description\":\"\",\"publisher\":{\"@id\":\"https:\\\/\\\/ardigitalnoticias.com\\\/#organization\"},\"potentialAction\":[{\"@type\":\"SearchAction\",\"target\":{\"@type\":\"EntryPoint\",\"urlTemplate\":\"https:\\\/\\\/ardigitalnoticias.com\\\/?s={search_term_string}\"},\"query-input\":{\"@type\":\"PropertyValueSpecification\",\"valueRequired\":true,\"valueName\":\"search_term_string\"}}],\"inLanguage\":\"es\"},{\"@type\":\"Organization\",\"@id\":\"https:\\\/\\\/ardigitalnoticias.com\\\/#organization\",\"name\":\"AR Digital Noticias\",\"url\":\"https:\\\/\\\/ardigitalnoticias.com\\\/\",\"logo\":{\"@type\":\"ImageObject\",\"inLanguage\":\"es\",\"@id\":\"https:\\\/\\\/ardigitalnoticias.com\\\/#\\\/schema\\\/logo\\\/image\\\/\",\"url\":\"https:\\\/\\\/ardigitalnoticias.com\\\/wp-content\\\/uploads\\\/2023\\\/11\\\/cropped-cropped-cropped-cropped-AR-Digital-Noticias-1.png\",\"contentUrl\":\"https:\\\/\\\/ardigitalnoticias.com\\\/wp-content\\\/uploads\\\/2023\\\/11\\\/cropped-cropped-cropped-cropped-AR-Digital-Noticias-1.png\",\"width\":972,\"height\":306,\"caption\":\"AR Digital Noticias\"},\"image\":{\"@id\":\"https:\\\/\\\/ardigitalnoticias.com\\\/#\\\/schema\\\/logo\\\/image\\\/\"}},{\"@type\":\"Person\",\"@id\":\"https:\\\/\\\/ardigitalnoticias.com\\\/#\\\/schema\\\/person\\\/759c8138ebc77e85adb1aa750003a751\",\"name\":\"Editor ArDigitalNoticias\",\"image\":{\"@type\":\"ImageObject\",\"inLanguage\":\"es\",\"@id\":\"https:\\\/\\\/secure.gravatar.com\\\/avatar\\\/2c7f3656ea34567ef10422f22f4395b6cc422854a0b986ba788597ac36902f93?s=96&d=mm&r=g\",\"url\":\"https:\\\/\\\/secure.gravatar.com\\\/avatar\\\/2c7f3656ea34567ef10422f22f4395b6cc422854a0b986ba788597ac36902f93?s=96&d=mm&r=g\",\"contentUrl\":\"https:\\\/\\\/secure.gravatar.com\\\/avatar\\\/2c7f3656ea34567ef10422f22f4395b6cc422854a0b986ba788597ac36902f93?s=96&d=mm&r=g\",\"caption\":\"Editor ArDigitalNoticias\"},\"sameAs\":[\"http:\\\/\\\/ardigitalnoticias.com\"],\"url\":\"https:\\\/\\\/ardigitalnoticias.com\\\/index.php\\\/author\\\/editor\\\/\"}]}<\/script>\n<!-- \/ Yoast SEO plugin. -->","yoast_head_json":{"title":"ASESINADA MUJER EN LA CIUDAD DE NEIVA - AR Digital Noticias","robots":{"index":"index","follow":"follow","max-snippet":"max-snippet:-1","max-image-preview":"max-image-preview:large","max-video-preview":"max-video-preview:-1"},"canonical":"https:\/\/ardigitalnoticias.com\/index.php\/2024\/07\/09\/asesinada-mujer-en-la-ciudad-de-neiva\/","og_locale":"es_ES","og_type":"article","og_title":"ASESINADA MUJER EN LA CIUDAD DE NEIVA - AR Digital Noticias","og_description":"En un tr\u00e1gico hecho que ha conmocionado a la comunidad de Neiva, una mujer fue asesinada en el barrio Oasis, ubicado en el oriente de la ciudad. POR: ANDR\u00c9S RODR\u00cdGUEZ. El lamentable hecho tuvo lugar en la carrera 51 con calle 28B, perteneciente a la comuna 10. La v\u00edctima fue identificada como Lina Marcela Garz\u00f3n [&hellip;]","og_url":"https:\/\/ardigitalnoticias.com\/index.php\/2024\/07\/09\/asesinada-mujer-en-la-ciudad-de-neiva\/","og_site_name":"AR Digital Noticias","article_published_time":"2024-07-10T01:41:21+00:00","article_modified_time":"2024-07-10T01:41:22+00:00","og_image":[{"width":1920,"height":1079,"url":"https:\/\/ardigitalnoticias.com\/wp-content\/uploads\/2024\/07\/InShot_20240709_202807512.jpg","type":"image\/jpeg"}],"author":"Editor ArDigitalNoticias","twitter_card":"summary_large_image","twitter_misc":{"Escrito por":"Editor ArDigitalNoticias","Tiempo de lectura":"2 minutos"},"schema":{"@context":"https:\/\/schema.org","@graph":[{"@type":"Article","@id":"https:\/\/ardigitalnoticias.com\/index.php\/2024\/07\/09\/asesinada-mujer-en-la-ciudad-de-neiva\/#article","isPartOf":{"@id":"https:\/\/ardigitalnoticias.com\/index.php\/2024\/07\/09\/asesinada-mujer-en-la-ciudad-de-neiva\/"},"author":{"name":"Editor ArDigitalNoticias","@id":"https:\/\/ardigitalnoticias.com\/#\/schema\/person\/759c8138ebc77e85adb1aa750003a751"},"headline":"ASESINADA MUJER EN LA CIUDAD DE NEIVA","datePublished":"2024-07-10T01:41:21+00:00","dateModified":"2024-07-10T01:41:22+00:00","mainEntityOfPage":{"@id":"https:\/\/ardigitalnoticias.com\/index.php\/2024\/07\/09\/asesinada-mujer-en-la-ciudad-de-neiva\/"},"wordCount":306,"commentCount":0,"publisher":{"@id":"https:\/\/ardigitalnoticias.com\/#organization"},"image":{"@id":"https:\/\/ardigitalnoticias.com\/index.php\/2024\/07\/09\/asesinada-mujer-en-la-ciudad-de-neiva\/#primaryimage"},"thumbnailUrl":"https:\/\/ardigitalnoticias.com\/wp-content\/uploads\/2024\/07\/InShot_20240709_202807512.jpg","articleSection":["Judicial","Norte","Regional"],"inLanguage":"es","potentialAction":[{"@type":"CommentAction","name":"Comment","target":["https:\/\/ardigitalnoticias.com\/index.php\/2024\/07\/09\/asesinada-mujer-en-la-ciudad-de-neiva\/#respond"]}]},{"@type":"WebPage","@id":"https:\/\/ardigitalnoticias.com\/index.php\/2024\/07\/09\/asesinada-mujer-en-la-ciudad-de-neiva\/","url":"https:\/\/ardigitalnoticias.com\/index.php\/2024\/07\/09\/asesinada-mujer-en-la-ciudad-de-neiva\/","name":"ASESINADA MUJER EN LA CIUDAD DE NEIVA - AR Digital Noticias","isPartOf":{"@id":"https:\/\/ardigitalnoticias.com\/#website"},"primaryImageOfPage":{"@id":"https:\/\/ardigitalnoticias.com\/index.php\/2024\/07\/09\/asesinada-mujer-en-la-ciudad-de-neiva\/#primaryimage"},"image":{"@id":"https:\/\/ardigitalnoticias.com\/index.php\/2024\/07\/09\/asesinada-mujer-en-la-ciudad-de-neiva\/#primaryimage"},"thumbnailUrl":"https:\/\/ardigitalnoticias.com\/wp-content\/uploads\/2024\/07\/InShot_20240709_202807512.jpg","datePublished":"2024-07-10T01:41:21+00:00","dateModified":"2024-07-10T01:41:22+00:00","breadcrumb":{"@id":"https:\/\/ardigitalnoticias.com\/index.php\/2024\/07\/09\/asesinada-mujer-en-la-ciudad-de-neiva\/#breadcrumb"},"inLanguage":"es","potentialAction":[{"@type":"ReadAction","target":["https:\/\/ardigitalnoticias.com\/index.php\/2024\/07\/09\/asesinada-mujer-en-la-ciudad-de-neiva\/"]}]},{"@type":"ImageObject","inLanguage":"es","@id":"https:\/\/ardigitalnoticias.com\/index.php\/2024\/07\/09\/asesinada-mujer-en-la-ciudad-de-neiva\/#primaryimage","url":"https:\/\/ardigitalnoticias.com\/wp-content\/uploads\/2024\/07\/InShot_20240709_202807512.jpg","contentUrl":"https:\/\/ardigitalnoticias.com\/wp-content\/uploads\/2024\/07\/InShot_20240709_202807512.jpg","width":1920,"height":1079},{"@type":"BreadcrumbList","@id":"https:\/\/ardigitalnoticias.com\/index.php\/2024\/07\/09\/asesinada-mujer-en-la-ciudad-de-neiva\/#breadcrumb","itemListElement":[{"@type":"ListItem","position":1,"name":"Portada","item":"https:\/\/ardigitalnoticias.com\/"},{"@type":"ListItem","position":2,"name":"ASESINADA MUJER EN LA CIUDAD DE NEIVA"}]},{"@type":"WebSite","@id":"https:\/\/ardigitalnoticias.com\/#website","url":"https:\/\/ardigitalnoticias.com\/","name":"AR Digital Noticias","description":"","publisher":{"@id":"https:\/\/ardigitalnoticias.com\/#organization"},"potentialAction":[{"@type":"SearchAction","target":{"@type":"EntryPoint","urlTemplate":"https:\/\/ardigitalnoticias.com\/?s={search_term_string}"},"query-input":{"@type":"PropertyValueSpecification","valueRequired":true,"valueName":"search_term_string"}}],"inLanguage":"es"},{"@type":"Organization","@id":"https:\/\/ardigitalnoticias.com\/#organization","name":"AR Digital Noticias","url":"https:\/\/ardigitalnoticias.com\/","logo":{"@type":"ImageObject","inLanguage":"es","@id":"https:\/\/ardigitalnoticias.com\/#\/schema\/logo\/image\/","url":"https:\/\/ardigitalnoticias.com\/wp-content\/uploads\/2023\/11\/cropped-cropped-cropped-cropped-AR-Digital-Noticias-1.png","contentUrl":"https:\/\/ardigitalnoticias.com\/wp-content\/uploads\/2023\/11\/cropped-cropped-cropped-cropped-AR-Digital-Noticias-1.png","width":972,"height":306,"caption":"AR Digital Noticias"},"image":{"@id":"https:\/\/ardigitalnoticias.com\/#\/schema\/logo\/image\/"}},{"@type":"Person","@id":"https:\/\/ardigitalnoticias.com\/#\/schema\/person\/759c8138ebc77e85adb1aa750003a751","name":"Editor ArDigitalNoticias","image":{"@type":"ImageObject","inLanguage":"es","@id":"https:\/\/secure.gravatar.com\/avatar\/2c7f3656ea34567ef10422f22f4395b6cc422854a0b986ba788597ac36902f93?s=96&d=mm&r=g","url":"https:\/\/secure.gravatar.com\/avatar\/2c7f3656ea34567ef10422f22f4395b6cc422854a0b986ba788597ac36902f93?s=96&d=mm&r=g","contentUrl":"https:\/\/secure.gravatar.com\/avatar\/2c7f3656ea34567ef10422f22f4395b6cc422854a0b986ba788597ac36902f93?s=96&d=mm&r=g","caption":"Editor ArDigitalNoticias"},"sameAs":["http:\/\/ardigitalnoticias.com"],"url":"https:\/\/ardigitalnoticias.com\/index.php\/author\/editor\/"}]}},"_links":{"self":[{"href":"https:\/\/ardigitalnoticias.com\/index.php\/wp-json\/wp\/v2\/posts\/4906","targetHints":{"allow":["GET"]}}],"collection":[{"href":"https:\/\/ardigitalnoticias.com\/index.php\/wp-json\/wp\/v2\/posts"}],"about":[{"href":"https:\/\/ardigitalnoticias.com\/index.php\/wp-json\/wp\/v2\/types\/post"}],"author":[{"embeddable":true,"href":"https:\/\/ardigitalnoticias.com\/index.php\/wp-json\/wp\/v2\/users\/3"}],"replies":[{"embeddable":true,"href":"https:\/\/ardigitalnoticias.com\/index.php\/wp-json\/wp\/v2\/comments?post=4906"}],"version-history":[{"count":1,"href":"https:\/\/ardigitalnoticias.com\/index.php\/wp-json\/wp\/v2\/posts\/4906\/revisions"}],"predecessor-version":[{"id":4910,"href":"https:\/\/ardigitalnoticias.com\/index.php\/wp-json\/wp\/v2\/posts\/4906\/revisions\/4910"}],"wp:featuredmedia":[{"embeddable":true,"href":"https:\/\/ardigitalnoticias.com\/index.php\/wp-json\/wp\/v2\/media\/4909"}],"wp:attachment":[{"href":"https:\/\/ardigitalnoticias.com\/index.php\/wp-json\/wp\/v2\/media?parent=4906"}],"wp:term":[{"taxonomy":"category","embeddable":true,"href":"https:\/\/ardigitalnoticias.com\/index.php\/wp-json\/wp\/v2\/categories?post=4906"},{"taxonomy":"post_tag","embeddable":true,"href":"https:\/\/ardigitalnoticias.com\/index.php\/wp-json\/wp\/v2\/tags?post=4906"}],"curies":[{"name":"wp","href":"https:\/\/api.w.org\/{rel}","templated":true}]}}