{"id":4858,"date":"2024-07-05T14:45:40","date_gmt":"2024-07-05T19:45:40","guid":{"rendered":"https:\/\/ardigitalnoticias.com\/?p=4858"},"modified":"2024-07-05T14:45:40","modified_gmt":"2024-07-05T19:45:40","slug":"alcaldia-de-neiva-se-prepara-para-reestructuracion-administrativa-liderada-por-german-casagua","status":"publish","type":"post","link":"https:\/\/ardigitalnoticias.com\/index.php\/2024\/07\/05\/alcaldia-de-neiva-se-prepara-para-reestructuracion-administrativa-liderada-por-german-casagua\/","title":{"rendered":"ALCALD\u00cdA DE NEIVA SE PREPARA PARA REESTRUCTURACI\u00d3N ADMINISTRATIVA LIDERADA POR GERM\u00c1N CASAGUA"},"content":{"rendered":"\n<p>En una sesi\u00f3n reciente del Concejo de Neiva, el alcalde Germ\u00e1n Casagua B present\u00f3 una propuesta revolucionaria destinada a optimizar los recursos y mejorar la eficiencia del gobierno municipal.<\/p>\n\n\n\n<p><strong>POR: ANDR\u00c9S RODR\u00cdGUEZ.<\/strong><\/p>\n\n\n<div class=\"wp-block-image\">\n<figure class=\"aligncenter size-large\"><img loading=\"lazy\" decoding=\"async\" width=\"1024\" height=\"683\" src=\"https:\/\/ardigitalnoticias.com\/wp-content\/uploads\/2024\/07\/FB_IMG_1720208507381-1024x683.jpg\" alt=\"\" class=\"wp-image-4861\" srcset=\"https:\/\/ardigitalnoticias.com\/wp-content\/uploads\/2024\/07\/FB_IMG_1720208507381-1024x683.jpg 1024w, https:\/\/ardigitalnoticias.com\/wp-content\/uploads\/2024\/07\/FB_IMG_1720208507381-300x200.jpg 300w, https:\/\/ardigitalnoticias.com\/wp-content\/uploads\/2024\/07\/FB_IMG_1720208507381-768x512.jpg 768w, https:\/\/ardigitalnoticias.com\/wp-content\/uploads\/2024\/07\/FB_IMG_1720208507381-150x100.jpg 150w, https:\/\/ardigitalnoticias.com\/wp-content\/uploads\/2024\/07\/FB_IMG_1720208507381-696x464.jpg 696w, https:\/\/ardigitalnoticias.com\/wp-content\/uploads\/2024\/07\/FB_IMG_1720208507381-1068x712.jpg 1068w, https:\/\/ardigitalnoticias.com\/wp-content\/uploads\/2024\/07\/FB_IMG_1720208507381.jpg 1080w\" sizes=\"auto, (max-width: 1024px) 100vw, 1024px\" \/><figcaption class=\"wp-element-caption\"><strong>Alcalde de Neiva, Germ\u00e1n Casagua<\/strong>.<\/figcaption><\/figure>\n<\/div>\n\n\n<p>Con el objetivo de ahorrar significativamente en el gasto administrativo, el alcalde ha recibido facultades especiales para llevar a cabo una reestructuraci\u00f3n integral en el funcionamiento de la Alcald\u00eda de Neiva.<\/p>\n\n\n\n<p>La reestructuraci\u00f3n propuesta por Casagua implica una reducci\u00f3n dr\u00e1stica en el n\u00famero de secretar\u00edas, pasando de 20 a 15, y de direcciones, de 18 a 11. Este ajuste no solo promete un ahorro econ\u00f3mico considerable, sino tambi\u00e9n una transformaci\u00f3n profunda en la administraci\u00f3n municipal. Seg\u00fan lo detallado por el alcalde, se proyecta un ahorro anual superior a los 8 mil millones de pesos, lo que tendr\u00e1 un impacto positivo en las finanzas de la ciudad.<\/p>\n\n\n<div class=\"wp-block-image\">\n<figure class=\"aligncenter size-large\"><img loading=\"lazy\" decoding=\"async\" width=\"1024\" height=\"580\" src=\"https:\/\/ardigitalnoticias.com\/wp-content\/uploads\/2024\/07\/FB_IMG_1720204163086-1024x580.jpg\" alt=\"\" class=\"wp-image-4860\" srcset=\"https:\/\/ardigitalnoticias.com\/wp-content\/uploads\/2024\/07\/FB_IMG_1720204163086-1024x580.jpg 1024w, https:\/\/ardigitalnoticias.com\/wp-content\/uploads\/2024\/07\/FB_IMG_1720204163086-300x170.jpg 300w, https:\/\/ardigitalnoticias.com\/wp-content\/uploads\/2024\/07\/FB_IMG_1720204163086-768x435.jpg 768w, https:\/\/ardigitalnoticias.com\/wp-content\/uploads\/2024\/07\/FB_IMG_1720204163086-150x85.jpg 150w, https:\/\/ardigitalnoticias.com\/wp-content\/uploads\/2024\/07\/FB_IMG_1720204163086-696x394.jpg 696w, https:\/\/ardigitalnoticias.com\/wp-content\/uploads\/2024\/07\/FB_IMG_1720204163086-1068x605.jpg 1068w, https:\/\/ardigitalnoticias.com\/wp-content\/uploads\/2024\/07\/FB_IMG_1720204163086.jpg 1080w\" sizes=\"auto, (max-width: 1024px) 100vw, 1024px\" \/><\/figure>\n<\/div>\n\n\n<p>Este ahorro permitir\u00e1 que el municipio de Neiva avance hacia una administraci\u00f3n m\u00e1s moderna, ejecutiva y austera. La estrategia de Casagua busca una gesti\u00f3n p\u00fablica m\u00e1s \u00e1gil y efectiva, capaz de responder adecuadamente a las necesidades cambiantes de la poblaci\u00f3n.<\/p>\n\n\n\n<p>En su intervenci\u00f3n, el alcalde subray\u00f3 que esta reestructuraci\u00f3n no afectar\u00e1 negativamente los procesos sociales ni los proyectos importantes de la ciudad. Al contrario, la administraci\u00f3n pretende fortalecer estos sectores mediante una gesti\u00f3n m\u00e1s focalizada y eficiente de los recursos disponibles.<\/p>\n\n\n\n<p>La propuesta del alcalde ha sido bien recibida por el Concejo Municipal y se espera que tenga el respaldo de la ciudadan\u00eda. Casagua enfatiz\u00f3 que m\u00e1s all\u00e1 de los ahorros econ\u00f3micos, la reestructuraci\u00f3n tiene como objetivo mejorar la calidad de los servicios p\u00fablicos y la capacidad de respuesta del gobierno municipal a las demandas ciudadanas.<\/p>\n\n\n\n<p>El plan de Casagua est\u00e1 dise\u00f1ado para eliminar duplicidades y mejorar la coordinaci\u00f3n entre las diferentes \u00e1reas del gobierno. Este enfoque estrat\u00e9gico garantiza que los recursos se utilicen de manera \u00f3ptima para el beneficio de todos los ciudadanos y ciudadanas de Neiva, consolidando una administraci\u00f3n municipal m\u00e1s eficiente y efectiva. Con esta reestructuraci\u00f3n, el alcalde Germ\u00e1n Casagua busca no solo optimizar recursos, sino tambi\u00e9n establecer una nueva era de gobernanza en Neiva, donde la eficiencia y la modernidad sean los pilares de su administraci\u00f3n.<\/p>\n\n\n<div class=\"wp-block-image\">\n<figure class=\"aligncenter size-large is-resized\"><img loading=\"lazy\" decoding=\"async\" width=\"1024\" height=\"683\" src=\"https:\/\/ardigitalnoticias.com\/wp-content\/uploads\/2024\/07\/FB_IMG_1720204169009-1024x683.jpg\" alt=\"\" class=\"wp-image-4859\" style=\"width:396px;height:auto\" srcset=\"https:\/\/ardigitalnoticias.com\/wp-content\/uploads\/2024\/07\/FB_IMG_1720204169009-1024x683.jpg 1024w, https:\/\/ardigitalnoticias.com\/wp-content\/uploads\/2024\/07\/FB_IMG_1720204169009-300x200.jpg 300w, https:\/\/ardigitalnoticias.com\/wp-content\/uploads\/2024\/07\/FB_IMG_1720204169009-768x512.jpg 768w, https:\/\/ardigitalnoticias.com\/wp-content\/uploads\/2024\/07\/FB_IMG_1720204169009-150x100.jpg 150w, https:\/\/ardigitalnoticias.com\/wp-content\/uploads\/2024\/07\/FB_IMG_1720204169009-696x464.jpg 696w, https:\/\/ardigitalnoticias.com\/wp-content\/uploads\/2024\/07\/FB_IMG_1720204169009-1068x713.jpg 1068w, https:\/\/ardigitalnoticias.com\/wp-content\/uploads\/2024\/07\/FB_IMG_1720204169009.jpg 1079w\" sizes=\"auto, (max-width: 1024px) 100vw, 1024px\" \/><figcaption class=\"wp-element-caption\"><strong>Sesi\u00f3n del Concejo de Neiva<\/strong><\/figcaption><\/figure>\n<\/div>","protected":false},"excerpt":{"rendered":"<p>En una sesi\u00f3n reciente del Concejo de Neiva, el alcalde Germ\u00e1n Casagua B present\u00f3 una propuesta revolucionaria destinada a optimizar los recursos y mejorar la eficiencia del gobierno municipal. POR: ANDR\u00c9S RODR\u00cdGUEZ. Con el objetivo de ahorrar significativamente en el gasto administrativo, el alcalde ha recibido facultades especiales para llevar a cabo una reestructuraci\u00f3n integral [&hellip;]<\/p>\n","protected":false},"author":3,"featured_media":4862,"comment_status":"open","ping_status":"open","sticky":false,"template":"","format":"standard","meta":{"_acf_changed":false,"_joinchat":[],"footnotes":""},"categories":[26,24,19],"tags":[],"class_list":{"0":"post-4858","1":"post","2":"type-post","3":"status-publish","4":"format-standard","5":"has-post-thumbnail","7":"category-norte","8":"category-politica","9":"category-regional"},"acf":[],"yoast_head":"<!-- This site is optimized with the Yoast SEO plugin v27.4 - https:\/\/yoast.com\/product\/yoast-seo-wordpress\/ -->\n<title>ALCALD\u00cdA DE NEIVA SE PREPARA PARA REESTRUCTURACI\u00d3N ADMINISTRATIVA LIDERADA POR GERM\u00c1N CASAGUA - AR Digital Noticias<\/title>\n<meta name=\"robots\" content=\"index, follow, max-snippet:-1, max-image-preview:large, max-video-preview:-1\" \/>\n<link rel=\"canonical\" href=\"https:\/\/ardigitalnoticias.com\/index.php\/2024\/07\/05\/alcaldia-de-neiva-se-prepara-para-reestructuracion-administrativa-liderada-por-german-casagua\/\" \/>\n<meta property=\"og:locale\" content=\"es_ES\" \/>\n<meta property=\"og:type\" content=\"article\" \/>\n<meta property=\"og:title\" content=\"ALCALD\u00cdA DE NEIVA SE PREPARA PARA REESTRUCTURACI\u00d3N ADMINISTRATIVA LIDERADA POR GERM\u00c1N CASAGUA - AR Digital Noticias\" \/>\n<meta property=\"og:description\" content=\"En una sesi\u00f3n reciente del Concejo de Neiva, el alcalde Germ\u00e1n Casagua B present\u00f3 una propuesta revolucionaria destinada a optimizar los recursos y mejorar la eficiencia del gobierno municipal. POR: ANDR\u00c9S RODR\u00cdGUEZ. Con el objetivo de ahorrar significativamente en el gasto administrativo, el alcalde ha recibido facultades especiales para llevar a cabo una reestructuraci\u00f3n integral [&hellip;]\" \/>\n<meta property=\"og:url\" content=\"https:\/\/ardigitalnoticias.com\/index.php\/2024\/07\/05\/alcaldia-de-neiva-se-prepara-para-reestructuracion-administrativa-liderada-por-german-casagua\/\" \/>\n<meta property=\"og:site_name\" content=\"AR Digital Noticias\" \/>\n<meta property=\"article:published_time\" content=\"2024-07-05T19:45:40+00:00\" \/>\n<meta property=\"og:image\" content=\"https:\/\/ardigitalnoticias.com\/wp-content\/uploads\/2024\/07\/InShot_20240705_143623018-scaled.jpg\" \/>\n\t<meta property=\"og:image:width\" content=\"2560\" \/>\n\t<meta property=\"og:image:height\" content=\"1439\" \/>\n\t<meta property=\"og:image:type\" content=\"image\/jpeg\" \/>\n<meta name=\"author\" content=\"Editor ArDigitalNoticias\" \/>\n<meta name=\"twitter:card\" content=\"summary_large_image\" \/>\n<meta name=\"twitter:label1\" content=\"Escrito por\" \/>\n\t<meta name=\"twitter:data1\" content=\"Editor ArDigitalNoticias\" \/>\n\t<meta name=\"twitter:label2\" content=\"Tiempo de lectura\" \/>\n\t<meta name=\"twitter:data2\" content=\"3 minutos\" \/>\n<script type=\"application\/ld+json\" class=\"yoast-schema-graph\">{\"@context\":\"https:\\\/\\\/schema.org\",\"@graph\":[{\"@type\":\"Article\",\"@id\":\"https:\\\/\\\/ardigitalnoticias.com\\\/index.php\\\/2024\\\/07\\\/05\\\/alcaldia-de-neiva-se-prepara-para-reestructuracion-administrativa-liderada-por-german-casagua\\\/#article\",\"isPartOf\":{\"@id\":\"https:\\\/\\\/ardigitalnoticias.com\\\/index.php\\\/2024\\\/07\\\/05\\\/alcaldia-de-neiva-se-prepara-para-reestructuracion-administrativa-liderada-por-german-casagua\\\/\"},\"author\":{\"name\":\"Editor ArDigitalNoticias\",\"@id\":\"https:\\\/\\\/ardigitalnoticias.com\\\/#\\\/schema\\\/person\\\/759c8138ebc77e85adb1aa750003a751\"},\"headline\":\"ALCALD\u00cdA DE NEIVA SE PREPARA PARA REESTRUCTURACI\u00d3N ADMINISTRATIVA LIDERADA POR GERM\u00c1N CASAGUA\",\"datePublished\":\"2024-07-05T19:45:40+00:00\",\"mainEntityOfPage\":{\"@id\":\"https:\\\/\\\/ardigitalnoticias.com\\\/index.php\\\/2024\\\/07\\\/05\\\/alcaldia-de-neiva-se-prepara-para-reestructuracion-administrativa-liderada-por-german-casagua\\\/\"},\"wordCount\":421,\"commentCount\":0,\"publisher\":{\"@id\":\"https:\\\/\\\/ardigitalnoticias.com\\\/#organization\"},\"image\":{\"@id\":\"https:\\\/\\\/ardigitalnoticias.com\\\/index.php\\\/2024\\\/07\\\/05\\\/alcaldia-de-neiva-se-prepara-para-reestructuracion-administrativa-liderada-por-german-casagua\\\/#primaryimage\"},\"thumbnailUrl\":\"https:\\\/\\\/ardigitalnoticias.com\\\/wp-content\\\/uploads\\\/2024\\\/07\\\/InShot_20240705_143623018-scaled.jpg\",\"articleSection\":[\"Norte\",\"Pol\u00edtica\",\"Regional\"],\"inLanguage\":\"es\",\"potentialAction\":[{\"@type\":\"CommentAction\",\"name\":\"Comment\",\"target\":[\"https:\\\/\\\/ardigitalnoticias.com\\\/index.php\\\/2024\\\/07\\\/05\\\/alcaldia-de-neiva-se-prepara-para-reestructuracion-administrativa-liderada-por-german-casagua\\\/#respond\"]}]},{\"@type\":\"WebPage\",\"@id\":\"https:\\\/\\\/ardigitalnoticias.com\\\/index.php\\\/2024\\\/07\\\/05\\\/alcaldia-de-neiva-se-prepara-para-reestructuracion-administrativa-liderada-por-german-casagua\\\/\",\"url\":\"https:\\\/\\\/ardigitalnoticias.com\\\/index.php\\\/2024\\\/07\\\/05\\\/alcaldia-de-neiva-se-prepara-para-reestructuracion-administrativa-liderada-por-german-casagua\\\/\",\"name\":\"ALCALD\u00cdA DE NEIVA SE PREPARA PARA REESTRUCTURACI\u00d3N ADMINISTRATIVA LIDERADA POR GERM\u00c1N CASAGUA - AR Digital Noticias\",\"isPartOf\":{\"@id\":\"https:\\\/\\\/ardigitalnoticias.com\\\/#website\"},\"primaryImageOfPage\":{\"@id\":\"https:\\\/\\\/ardigitalnoticias.com\\\/index.php\\\/2024\\\/07\\\/05\\\/alcaldia-de-neiva-se-prepara-para-reestructuracion-administrativa-liderada-por-german-casagua\\\/#primaryimage\"},\"image\":{\"@id\":\"https:\\\/\\\/ardigitalnoticias.com\\\/index.php\\\/2024\\\/07\\\/05\\\/alcaldia-de-neiva-se-prepara-para-reestructuracion-administrativa-liderada-por-german-casagua\\\/#primaryimage\"},\"thumbnailUrl\":\"https:\\\/\\\/ardigitalnoticias.com\\\/wp-content\\\/uploads\\\/2024\\\/07\\\/InShot_20240705_143623018-scaled.jpg\",\"datePublished\":\"2024-07-05T19:45:40+00:00\",\"breadcrumb\":{\"@id\":\"https:\\\/\\\/ardigitalnoticias.com\\\/index.php\\\/2024\\\/07\\\/05\\\/alcaldia-de-neiva-se-prepara-para-reestructuracion-administrativa-liderada-por-german-casagua\\\/#breadcrumb\"},\"inLanguage\":\"es\",\"potentialAction\":[{\"@type\":\"ReadAction\",\"target\":[\"https:\\\/\\\/ardigitalnoticias.com\\\/index.php\\\/2024\\\/07\\\/05\\\/alcaldia-de-neiva-se-prepara-para-reestructuracion-administrativa-liderada-por-german-casagua\\\/\"]}]},{\"@type\":\"ImageObject\",\"inLanguage\":\"es\",\"@id\":\"https:\\\/\\\/ardigitalnoticias.com\\\/index.php\\\/2024\\\/07\\\/05\\\/alcaldia-de-neiva-se-prepara-para-reestructuracion-administrativa-liderada-por-german-casagua\\\/#primaryimage\",\"url\":\"https:\\\/\\\/ardigitalnoticias.com\\\/wp-content\\\/uploads\\\/2024\\\/07\\\/InShot_20240705_143623018-scaled.jpg\",\"contentUrl\":\"https:\\\/\\\/ardigitalnoticias.com\\\/wp-content\\\/uploads\\\/2024\\\/07\\\/InShot_20240705_143623018-scaled.jpg\",\"width\":2560,\"height\":1439},{\"@type\":\"BreadcrumbList\",\"@id\":\"https:\\\/\\\/ardigitalnoticias.com\\\/index.php\\\/2024\\\/07\\\/05\\\/alcaldia-de-neiva-se-prepara-para-reestructuracion-administrativa-liderada-por-german-casagua\\\/#breadcrumb\",\"itemListElement\":[{\"@type\":\"ListItem\",\"position\":1,\"name\":\"Portada\",\"item\":\"https:\\\/\\\/ardigitalnoticias.com\\\/\"},{\"@type\":\"ListItem\",\"position\":2,\"name\":\"ALCALD\u00cdA DE NEIVA SE PREPARA PARA REESTRUCTURACI\u00d3N ADMINISTRATIVA LIDERADA POR GERM\u00c1N CASAGUA\"}]},{\"@type\":\"WebSite\",\"@id\":\"https:\\\/\\\/ardigitalnoticias.com\\\/#website\",\"url\":\"https:\\\/\\\/ardigitalnoticias.com\\\/\",\"name\":\"AR Digital Noticias\",\"description\":\"\",\"publisher\":{\"@id\":\"https:\\\/\\\/ardigitalnoticias.com\\\/#organization\"},\"potentialAction\":[{\"@type\":\"SearchAction\",\"target\":{\"@type\":\"EntryPoint\",\"urlTemplate\":\"https:\\\/\\\/ardigitalnoticias.com\\\/?s={search_term_string}\"},\"query-input\":{\"@type\":\"PropertyValueSpecification\",\"valueRequired\":true,\"valueName\":\"search_term_string\"}}],\"inLanguage\":\"es\"},{\"@type\":\"Organization\",\"@id\":\"https:\\\/\\\/ardigitalnoticias.com\\\/#organization\",\"name\":\"AR Digital Noticias\",\"url\":\"https:\\\/\\\/ardigitalnoticias.com\\\/\",\"logo\":{\"@type\":\"ImageObject\",\"inLanguage\":\"es\",\"@id\":\"https:\\\/\\\/ardigitalnoticias.com\\\/#\\\/schema\\\/logo\\\/image\\\/\",\"url\":\"https:\\\/\\\/ardigitalnoticias.com\\\/wp-content\\\/uploads\\\/2023\\\/11\\\/cropped-cropped-cropped-cropped-AR-Digital-Noticias-1.png\",\"contentUrl\":\"https:\\\/\\\/ardigitalnoticias.com\\\/wp-content\\\/uploads\\\/2023\\\/11\\\/cropped-cropped-cropped-cropped-AR-Digital-Noticias-1.png\",\"width\":972,\"height\":306,\"caption\":\"AR Digital Noticias\"},\"image\":{\"@id\":\"https:\\\/\\\/ardigitalnoticias.com\\\/#\\\/schema\\\/logo\\\/image\\\/\"}},{\"@type\":\"Person\",\"@id\":\"https:\\\/\\\/ardigitalnoticias.com\\\/#\\\/schema\\\/person\\\/759c8138ebc77e85adb1aa750003a751\",\"name\":\"Editor ArDigitalNoticias\",\"image\":{\"@type\":\"ImageObject\",\"inLanguage\":\"es\",\"@id\":\"https:\\\/\\\/secure.gravatar.com\\\/avatar\\\/2c7f3656ea34567ef10422f22f4395b6cc422854a0b986ba788597ac36902f93?s=96&d=mm&r=g\",\"url\":\"https:\\\/\\\/secure.gravatar.com\\\/avatar\\\/2c7f3656ea34567ef10422f22f4395b6cc422854a0b986ba788597ac36902f93?s=96&d=mm&r=g\",\"contentUrl\":\"https:\\\/\\\/secure.gravatar.com\\\/avatar\\\/2c7f3656ea34567ef10422f22f4395b6cc422854a0b986ba788597ac36902f93?s=96&d=mm&r=g\",\"caption\":\"Editor ArDigitalNoticias\"},\"sameAs\":[\"http:\\\/\\\/ardigitalnoticias.com\"],\"url\":\"https:\\\/\\\/ardigitalnoticias.com\\\/index.php\\\/author\\\/editor\\\/\"}]}<\/script>\n<!-- \/ Yoast SEO plugin. -->","yoast_head_json":{"title":"ALCALD\u00cdA DE NEIVA SE PREPARA PARA REESTRUCTURACI\u00d3N ADMINISTRATIVA LIDERADA POR GERM\u00c1N CASAGUA - AR Digital Noticias","robots":{"index":"index","follow":"follow","max-snippet":"max-snippet:-1","max-image-preview":"max-image-preview:large","max-video-preview":"max-video-preview:-1"},"canonical":"https:\/\/ardigitalnoticias.com\/index.php\/2024\/07\/05\/alcaldia-de-neiva-se-prepara-para-reestructuracion-administrativa-liderada-por-german-casagua\/","og_locale":"es_ES","og_type":"article","og_title":"ALCALD\u00cdA DE NEIVA SE PREPARA PARA REESTRUCTURACI\u00d3N ADMINISTRATIVA LIDERADA POR GERM\u00c1N CASAGUA - AR Digital Noticias","og_description":"En una sesi\u00f3n reciente del Concejo de Neiva, el alcalde Germ\u00e1n Casagua B present\u00f3 una propuesta revolucionaria destinada a optimizar los recursos y mejorar la eficiencia del gobierno municipal. POR: ANDR\u00c9S RODR\u00cdGUEZ. Con el objetivo de ahorrar significativamente en el gasto administrativo, el alcalde ha recibido facultades especiales para llevar a cabo una reestructuraci\u00f3n integral [&hellip;]","og_url":"https:\/\/ardigitalnoticias.com\/index.php\/2024\/07\/05\/alcaldia-de-neiva-se-prepara-para-reestructuracion-administrativa-liderada-por-german-casagua\/","og_site_name":"AR Digital Noticias","article_published_time":"2024-07-05T19:45:40+00:00","og_image":[{"width":2560,"height":1439,"url":"https:\/\/ardigitalnoticias.com\/wp-content\/uploads\/2024\/07\/InShot_20240705_143623018-scaled.jpg","type":"image\/jpeg"}],"author":"Editor ArDigitalNoticias","twitter_card":"summary_large_image","twitter_misc":{"Escrito por":"Editor ArDigitalNoticias","Tiempo de lectura":"3 minutos"},"schema":{"@context":"https:\/\/schema.org","@graph":[{"@type":"Article","@id":"https:\/\/ardigitalnoticias.com\/index.php\/2024\/07\/05\/alcaldia-de-neiva-se-prepara-para-reestructuracion-administrativa-liderada-por-german-casagua\/#article","isPartOf":{"@id":"https:\/\/ardigitalnoticias.com\/index.php\/2024\/07\/05\/alcaldia-de-neiva-se-prepara-para-reestructuracion-administrativa-liderada-por-german-casagua\/"},"author":{"name":"Editor ArDigitalNoticias","@id":"https:\/\/ardigitalnoticias.com\/#\/schema\/person\/759c8138ebc77e85adb1aa750003a751"},"headline":"ALCALD\u00cdA DE NEIVA SE PREPARA PARA REESTRUCTURACI\u00d3N ADMINISTRATIVA LIDERADA POR GERM\u00c1N CASAGUA","datePublished":"2024-07-05T19:45:40+00:00","mainEntityOfPage":{"@id":"https:\/\/ardigitalnoticias.com\/index.php\/2024\/07\/05\/alcaldia-de-neiva-se-prepara-para-reestructuracion-administrativa-liderada-por-german-casagua\/"},"wordCount":421,"commentCount":0,"publisher":{"@id":"https:\/\/ardigitalnoticias.com\/#organization"},"image":{"@id":"https:\/\/ardigitalnoticias.com\/index.php\/2024\/07\/05\/alcaldia-de-neiva-se-prepara-para-reestructuracion-administrativa-liderada-por-german-casagua\/#primaryimage"},"thumbnailUrl":"https:\/\/ardigitalnoticias.com\/wp-content\/uploads\/2024\/07\/InShot_20240705_143623018-scaled.jpg","articleSection":["Norte","Pol\u00edtica","Regional"],"inLanguage":"es","potentialAction":[{"@type":"CommentAction","name":"Comment","target":["https:\/\/ardigitalnoticias.com\/index.php\/2024\/07\/05\/alcaldia-de-neiva-se-prepara-para-reestructuracion-administrativa-liderada-por-german-casagua\/#respond"]}]},{"@type":"WebPage","@id":"https:\/\/ardigitalnoticias.com\/index.php\/2024\/07\/05\/alcaldia-de-neiva-se-prepara-para-reestructuracion-administrativa-liderada-por-german-casagua\/","url":"https:\/\/ardigitalnoticias.com\/index.php\/2024\/07\/05\/alcaldia-de-neiva-se-prepara-para-reestructuracion-administrativa-liderada-por-german-casagua\/","name":"ALCALD\u00cdA DE NEIVA SE PREPARA PARA REESTRUCTURACI\u00d3N ADMINISTRATIVA LIDERADA POR GERM\u00c1N CASAGUA - AR Digital Noticias","isPartOf":{"@id":"https:\/\/ardigitalnoticias.com\/#website"},"primaryImageOfPage":{"@id":"https:\/\/ardigitalnoticias.com\/index.php\/2024\/07\/05\/alcaldia-de-neiva-se-prepara-para-reestructuracion-administrativa-liderada-por-german-casagua\/#primaryimage"},"image":{"@id":"https:\/\/ardigitalnoticias.com\/index.php\/2024\/07\/05\/alcaldia-de-neiva-se-prepara-para-reestructuracion-administrativa-liderada-por-german-casagua\/#primaryimage"},"thumbnailUrl":"https:\/\/ardigitalnoticias.com\/wp-content\/uploads\/2024\/07\/InShot_20240705_143623018-scaled.jpg","datePublished":"2024-07-05T19:45:40+00:00","breadcrumb":{"@id":"https:\/\/ardigitalnoticias.com\/index.php\/2024\/07\/05\/alcaldia-de-neiva-se-prepara-para-reestructuracion-administrativa-liderada-por-german-casagua\/#breadcrumb"},"inLanguage":"es","potentialAction":[{"@type":"ReadAction","target":["https:\/\/ardigitalnoticias.com\/index.php\/2024\/07\/05\/alcaldia-de-neiva-se-prepara-para-reestructuracion-administrativa-liderada-por-german-casagua\/"]}]},{"@type":"ImageObject","inLanguage":"es","@id":"https:\/\/ardigitalnoticias.com\/index.php\/2024\/07\/05\/alcaldia-de-neiva-se-prepara-para-reestructuracion-administrativa-liderada-por-german-casagua\/#primaryimage","url":"https:\/\/ardigitalnoticias.com\/wp-content\/uploads\/2024\/07\/InShot_20240705_143623018-scaled.jpg","contentUrl":"https:\/\/ardigitalnoticias.com\/wp-content\/uploads\/2024\/07\/InShot_20240705_143623018-scaled.jpg","width":2560,"height":1439},{"@type":"BreadcrumbList","@id":"https:\/\/ardigitalnoticias.com\/index.php\/2024\/07\/05\/alcaldia-de-neiva-se-prepara-para-reestructuracion-administrativa-liderada-por-german-casagua\/#breadcrumb","itemListElement":[{"@type":"ListItem","position":1,"name":"Portada","item":"https:\/\/ardigitalnoticias.com\/"},{"@type":"ListItem","position":2,"name":"ALCALD\u00cdA DE NEIVA SE PREPARA PARA REESTRUCTURACI\u00d3N ADMINISTRATIVA LIDERADA POR GERM\u00c1N CASAGUA"}]},{"@type":"WebSite","@id":"https:\/\/ardigitalnoticias.com\/#website","url":"https:\/\/ardigitalnoticias.com\/","name":"AR Digital Noticias","description":"","publisher":{"@id":"https:\/\/ardigitalnoticias.com\/#organization"},"potentialAction":[{"@type":"SearchAction","target":{"@type":"EntryPoint","urlTemplate":"https:\/\/ardigitalnoticias.com\/?s={search_term_string}"},"query-input":{"@type":"PropertyValueSpecification","valueRequired":true,"valueName":"search_term_string"}}],"inLanguage":"es"},{"@type":"Organization","@id":"https:\/\/ardigitalnoticias.com\/#organization","name":"AR Digital Noticias","url":"https:\/\/ardigitalnoticias.com\/","logo":{"@type":"ImageObject","inLanguage":"es","@id":"https:\/\/ardigitalnoticias.com\/#\/schema\/logo\/image\/","url":"https:\/\/ardigitalnoticias.com\/wp-content\/uploads\/2023\/11\/cropped-cropped-cropped-cropped-AR-Digital-Noticias-1.png","contentUrl":"https:\/\/ardigitalnoticias.com\/wp-content\/uploads\/2023\/11\/cropped-cropped-cropped-cropped-AR-Digital-Noticias-1.png","width":972,"height":306,"caption":"AR Digital Noticias"},"image":{"@id":"https:\/\/ardigitalnoticias.com\/#\/schema\/logo\/image\/"}},{"@type":"Person","@id":"https:\/\/ardigitalnoticias.com\/#\/schema\/person\/759c8138ebc77e85adb1aa750003a751","name":"Editor ArDigitalNoticias","image":{"@type":"ImageObject","inLanguage":"es","@id":"https:\/\/secure.gravatar.com\/avatar\/2c7f3656ea34567ef10422f22f4395b6cc422854a0b986ba788597ac36902f93?s=96&d=mm&r=g","url":"https:\/\/secure.gravatar.com\/avatar\/2c7f3656ea34567ef10422f22f4395b6cc422854a0b986ba788597ac36902f93?s=96&d=mm&r=g","contentUrl":"https:\/\/secure.gravatar.com\/avatar\/2c7f3656ea34567ef10422f22f4395b6cc422854a0b986ba788597ac36902f93?s=96&d=mm&r=g","caption":"Editor ArDigitalNoticias"},"sameAs":["http:\/\/ardigitalnoticias.com"],"url":"https:\/\/ardigitalnoticias.com\/index.php\/author\/editor\/"}]}},"_links":{"self":[{"href":"https:\/\/ardigitalnoticias.com\/index.php\/wp-json\/wp\/v2\/posts\/4858","targetHints":{"allow":["GET"]}}],"collection":[{"href":"https:\/\/ardigitalnoticias.com\/index.php\/wp-json\/wp\/v2\/posts"}],"about":[{"href":"https:\/\/ardigitalnoticias.com\/index.php\/wp-json\/wp\/v2\/types\/post"}],"author":[{"embeddable":true,"href":"https:\/\/ardigitalnoticias.com\/index.php\/wp-json\/wp\/v2\/users\/3"}],"replies":[{"embeddable":true,"href":"https:\/\/ardigitalnoticias.com\/index.php\/wp-json\/wp\/v2\/comments?post=4858"}],"version-history":[{"count":1,"href":"https:\/\/ardigitalnoticias.com\/index.php\/wp-json\/wp\/v2\/posts\/4858\/revisions"}],"predecessor-version":[{"id":4863,"href":"https:\/\/ardigitalnoticias.com\/index.php\/wp-json\/wp\/v2\/posts\/4858\/revisions\/4863"}],"wp:featuredmedia":[{"embeddable":true,"href":"https:\/\/ardigitalnoticias.com\/index.php\/wp-json\/wp\/v2\/media\/4862"}],"wp:attachment":[{"href":"https:\/\/ardigitalnoticias.com\/index.php\/wp-json\/wp\/v2\/media?parent=4858"}],"wp:term":[{"taxonomy":"category","embeddable":true,"href":"https:\/\/ardigitalnoticias.com\/index.php\/wp-json\/wp\/v2\/categories?post=4858"},{"taxonomy":"post_tag","embeddable":true,"href":"https:\/\/ardigitalnoticias.com\/index.php\/wp-json\/wp\/v2\/tags?post=4858"}],"curies":[{"name":"wp","href":"https:\/\/api.w.org\/{rel}","templated":true}]}}