{"id":4847,"date":"2024-07-05T14:17:22","date_gmt":"2024-07-05T19:17:22","guid":{"rendered":"https:\/\/ardigitalnoticias.com\/?p=4847"},"modified":"2024-07-05T14:17:22","modified_gmt":"2024-07-05T19:17:22","slug":"policia-desarticula-los-nenes-cinco-personas-capturadas-por-hurto-a-mano-armada-en-neiva","status":"publish","type":"post","link":"https:\/\/ardigitalnoticias.com\/index.php\/2024\/07\/05\/policia-desarticula-los-nenes-cinco-personas-capturadas-por-hurto-a-mano-armada-en-neiva\/","title":{"rendered":"POLIC\u00cdA DESARTICULA \u00abLOS NENES\u00bb CINCO PERSONAS CAPTURADAS POR HURTO A MANO ARMADA EN NEIVA"},"content":{"rendered":"\n<p>Estar\u00edan relacionados con m\u00e1s de 27 hurtos en Neiva<\/p>\n\n\n\n<p><strong>POR: ANDR\u00c9S RODR\u00cdGUEZ <\/strong><\/p>\n\n\n<div class=\"wp-block-image\">\n<figure class=\"aligncenter size-large\"><img loading=\"lazy\" decoding=\"async\" width=\"1024\" height=\"845\" src=\"https:\/\/ardigitalnoticias.com\/wp-content\/uploads\/2024\/07\/IMG-20240705-WA0388-1024x845.jpg\" alt=\"\" class=\"wp-image-4848\" srcset=\"https:\/\/ardigitalnoticias.com\/wp-content\/uploads\/2024\/07\/IMG-20240705-WA0388-1024x845.jpg 1024w, https:\/\/ardigitalnoticias.com\/wp-content\/uploads\/2024\/07\/IMG-20240705-WA0388-300x248.jpg 300w, https:\/\/ardigitalnoticias.com\/wp-content\/uploads\/2024\/07\/IMG-20240705-WA0388-768x634.jpg 768w, https:\/\/ardigitalnoticias.com\/wp-content\/uploads\/2024\/07\/IMG-20240705-WA0388-1536x1267.jpg 1536w, https:\/\/ardigitalnoticias.com\/wp-content\/uploads\/2024\/07\/IMG-20240705-WA0388-150x124.jpg 150w, https:\/\/ardigitalnoticias.com\/wp-content\/uploads\/2024\/07\/IMG-20240705-WA0388-696x574.jpg 696w, https:\/\/ardigitalnoticias.com\/wp-content\/uploads\/2024\/07\/IMG-20240705-WA0388-1068x881.jpg 1068w, https:\/\/ardigitalnoticias.com\/wp-content\/uploads\/2024\/07\/IMG-20240705-WA0388.jpg 1600w\" sizes=\"auto, (max-width: 1024px) 100vw, 1024px\" \/><figcaption class=\"wp-element-caption\"><strong>Grupo delincuencial conocido como \u00abLos Nenes\u00bb<\/strong><\/figcaption><\/figure>\n<\/div>\n\n\n<p>La Polic\u00eda Metropolitana de Neiva, en su lucha constante y contundente contra el hurto, ha logrado desarticular el grupo delincuencial conocido como \u00abLos Nenes\u00bb. Este grupo estaba dedicado al hurto a mano armada y se enfocaba principalmente en mujeres y j\u00f3venes estudiantes en sectores aleda\u00f1os al centro estudiantil.<\/p>\n\n\n\n<p>Despu\u00e9s de cuatro meses de investigaci\u00f3n, uniformados de la Seccional de Investigaci\u00f3n Criminal (SIJIN), en trabajo articulado con la Fiscal\u00eda General de la Naci\u00f3n, capturaron a cinco personas por el delito de hurto calificado y agravado.<\/p>\n\n\n\n<p>Los detenidos son:<\/p>\n\n\n\n<p>Daniel Felipe Zapata, alias \u00abPira\u00f1a\u00bb, de 23 a\u00f1os. Capturado en el barrio Puertas del Sol, presenta antecedentes por hurto calificado y agravado, lesiones personales, fabricaci\u00f3n, tr\u00e1fico o porte de armas de fuego, y asonada.<\/p>\n\n\n<div class=\"wp-block-image\">\n<figure class=\"aligncenter size-large\"><img loading=\"lazy\" decoding=\"async\" width=\"817\" height=\"1024\" src=\"https:\/\/ardigitalnoticias.com\/wp-content\/uploads\/2024\/07\/IMG-20240705-WA0382-817x1024.jpg\" alt=\"\" class=\"wp-image-4849\" srcset=\"https:\/\/ardigitalnoticias.com\/wp-content\/uploads\/2024\/07\/IMG-20240705-WA0382-817x1024.jpg 817w, https:\/\/ardigitalnoticias.com\/wp-content\/uploads\/2024\/07\/IMG-20240705-WA0382-239x300.jpg 239w, https:\/\/ardigitalnoticias.com\/wp-content\/uploads\/2024\/07\/IMG-20240705-WA0382-768x963.jpg 768w, https:\/\/ardigitalnoticias.com\/wp-content\/uploads\/2024\/07\/IMG-20240705-WA0382-1225x1536.jpg 1225w, https:\/\/ardigitalnoticias.com\/wp-content\/uploads\/2024\/07\/IMG-20240705-WA0382-150x188.jpg 150w, https:\/\/ardigitalnoticias.com\/wp-content\/uploads\/2024\/07\/IMG-20240705-WA0382-300x376.jpg 300w, https:\/\/ardigitalnoticias.com\/wp-content\/uploads\/2024\/07\/IMG-20240705-WA0382-696x873.jpg 696w, https:\/\/ardigitalnoticias.com\/wp-content\/uploads\/2024\/07\/IMG-20240705-WA0382-1068x1339.jpg 1068w, https:\/\/ardigitalnoticias.com\/wp-content\/uploads\/2024\/07\/IMG-20240705-WA0382.jpg 1276w\" sizes=\"auto, (max-width: 817px) 100vw, 817px\" \/><figcaption class=\"wp-element-caption\"><strong>Daniel Felipe Zapata, alias \u00abPira\u00f1a\u00bb<\/strong><\/figcaption><\/figure>\n<\/div>\n\n\n<p>Juan Camilo Perdomo, alias \u00abCamilo\u00bb, de 20 a\u00f1os. Capturado en el asentamiento Villa Esperanza de la comuna 9 de Neiva, tiene antecedentes por tr\u00e1fico de estupefacientes, hurto agravado y calificado.<\/p>\n\n\n<div class=\"wp-block-image\">\n<figure class=\"aligncenter size-large\"><img loading=\"lazy\" decoding=\"async\" width=\"768\" height=\"1024\" src=\"https:\/\/ardigitalnoticias.com\/wp-content\/uploads\/2024\/07\/IMG-20240705-WA0380-768x1024.jpg\" alt=\"\" class=\"wp-image-4850\" srcset=\"https:\/\/ardigitalnoticias.com\/wp-content\/uploads\/2024\/07\/IMG-20240705-WA0380-768x1024.jpg 768w, https:\/\/ardigitalnoticias.com\/wp-content\/uploads\/2024\/07\/IMG-20240705-WA0380-225x300.jpg 225w, https:\/\/ardigitalnoticias.com\/wp-content\/uploads\/2024\/07\/IMG-20240705-WA0380-1152x1536.jpg 1152w, https:\/\/ardigitalnoticias.com\/wp-content\/uploads\/2024\/07\/IMG-20240705-WA0380-150x200.jpg 150w, https:\/\/ardigitalnoticias.com\/wp-content\/uploads\/2024\/07\/IMG-20240705-WA0380-300x400.jpg 300w, https:\/\/ardigitalnoticias.com\/wp-content\/uploads\/2024\/07\/IMG-20240705-WA0380-696x928.jpg 696w, https:\/\/ardigitalnoticias.com\/wp-content\/uploads\/2024\/07\/IMG-20240705-WA0380-1068x1424.jpg 1068w, https:\/\/ardigitalnoticias.com\/wp-content\/uploads\/2024\/07\/IMG-20240705-WA0380.jpg 1200w\" sizes=\"auto, (max-width: 768px) 100vw, 768px\" \/><figcaption class=\"wp-element-caption\"><strong>Juan Camilo Perdomo, alias \u00abCamilo\u00bb<\/strong><\/figcaption><\/figure>\n<\/div>\n\n\n<p>Fabio Nelson P\u00e9rez, alias \u00abMastodonte\u00bb, de 29 a\u00f1os. Capturado en el barrio Santa Rosa de Neiva, cuenta con antecedentes por homicidio, hurto agravado, tr\u00e1fico, fabricaci\u00f3n o porte de estupefacientes, fuga de presos y violencia contra servidor p\u00fablico.<\/p>\n\n\n<div class=\"wp-block-image\">\n<figure class=\"aligncenter size-large\"><img loading=\"lazy\" decoding=\"async\" width=\"814\" height=\"1024\" src=\"https:\/\/ardigitalnoticias.com\/wp-content\/uploads\/2024\/07\/IMG-20240705-WA0383-814x1024.jpg\" alt=\"\" class=\"wp-image-4851\" srcset=\"https:\/\/ardigitalnoticias.com\/wp-content\/uploads\/2024\/07\/IMG-20240705-WA0383-814x1024.jpg 814w, https:\/\/ardigitalnoticias.com\/wp-content\/uploads\/2024\/07\/IMG-20240705-WA0383-239x300.jpg 239w, https:\/\/ardigitalnoticias.com\/wp-content\/uploads\/2024\/07\/IMG-20240705-WA0383-768x966.jpg 768w, https:\/\/ardigitalnoticias.com\/wp-content\/uploads\/2024\/07\/IMG-20240705-WA0383-1221x1536.jpg 1221w, https:\/\/ardigitalnoticias.com\/wp-content\/uploads\/2024\/07\/IMG-20240705-WA0383-150x189.jpg 150w, https:\/\/ardigitalnoticias.com\/wp-content\/uploads\/2024\/07\/IMG-20240705-WA0383-300x377.jpg 300w, https:\/\/ardigitalnoticias.com\/wp-content\/uploads\/2024\/07\/IMG-20240705-WA0383-696x875.jpg 696w, https:\/\/ardigitalnoticias.com\/wp-content\/uploads\/2024\/07\/IMG-20240705-WA0383-1068x1343.jpg 1068w, https:\/\/ardigitalnoticias.com\/wp-content\/uploads\/2024\/07\/IMG-20240705-WA0383.jpg 1272w\" sizes=\"auto, (max-width: 814px) 100vw, 814px\" \/><figcaption class=\"wp-element-caption\"><strong>Fabio Nelson P\u00e9rez, alias \u00abMastodonte\u00bb<\/strong><\/figcaption><\/figure>\n<\/div>\n\n\n<p>Yohn Faber Cruz Trujillo, alias \u00abGato\u00bb, de 21 a\u00f1os. Capturado en el barrio Galindo, presenta antecedentes por hurto agravado, fabricaci\u00f3n, tr\u00e1fico o porte de armas de fuego, y asonada.<\/p>\n\n\n<div class=\"wp-block-image\">\n<figure class=\"aligncenter size-large\"><img loading=\"lazy\" decoding=\"async\" width=\"799\" height=\"1024\" src=\"https:\/\/ardigitalnoticias.com\/wp-content\/uploads\/2024\/07\/IMG-20240705-WA0386-799x1024.jpg\" alt=\"\" class=\"wp-image-4852\" srcset=\"https:\/\/ardigitalnoticias.com\/wp-content\/uploads\/2024\/07\/IMG-20240705-WA0386-799x1024.jpg 799w, https:\/\/ardigitalnoticias.com\/wp-content\/uploads\/2024\/07\/IMG-20240705-WA0386-234x300.jpg 234w, https:\/\/ardigitalnoticias.com\/wp-content\/uploads\/2024\/07\/IMG-20240705-WA0386-768x985.jpg 768w, https:\/\/ardigitalnoticias.com\/wp-content\/uploads\/2024\/07\/IMG-20240705-WA0386-1198x1536.jpg 1198w, https:\/\/ardigitalnoticias.com\/wp-content\/uploads\/2024\/07\/IMG-20240705-WA0386-150x192.jpg 150w, https:\/\/ardigitalnoticias.com\/wp-content\/uploads\/2024\/07\/IMG-20240705-WA0386-300x385.jpg 300w, https:\/\/ardigitalnoticias.com\/wp-content\/uploads\/2024\/07\/IMG-20240705-WA0386-696x892.jpg 696w, https:\/\/ardigitalnoticias.com\/wp-content\/uploads\/2024\/07\/IMG-20240705-WA0386-1068x1369.jpg 1068w, https:\/\/ardigitalnoticias.com\/wp-content\/uploads\/2024\/07\/IMG-20240705-WA0386.jpg 1248w\" sizes=\"auto, (max-width: 799px) 100vw, 799px\" \/><figcaption class=\"wp-element-caption\"><strong>Yohn Faber Cruz Trujillo, alias \u00abGato\u00bb<\/strong><\/figcaption><\/figure>\n<\/div>\n\n\n<p>Diyer Alejandro Cabrera, alias \u00abMemo\u00bb, de 23 a\u00f1os. L\u00edder del grupo delincuencial, tiene antecedentes por homicidio y hurto agravado.<\/p>\n\n\n<div class=\"wp-block-image\">\n<figure class=\"aligncenter size-large\"><img loading=\"lazy\" decoding=\"async\" width=\"768\" height=\"1024\" src=\"https:\/\/ardigitalnoticias.com\/wp-content\/uploads\/2024\/07\/IMG-20240705-WA0366-768x1024.jpg\" alt=\"\" class=\"wp-image-4853\" srcset=\"https:\/\/ardigitalnoticias.com\/wp-content\/uploads\/2024\/07\/IMG-20240705-WA0366-768x1024.jpg 768w, https:\/\/ardigitalnoticias.com\/wp-content\/uploads\/2024\/07\/IMG-20240705-WA0366-225x300.jpg 225w, https:\/\/ardigitalnoticias.com\/wp-content\/uploads\/2024\/07\/IMG-20240705-WA0366-1152x1536.jpg 1152w, https:\/\/ardigitalnoticias.com\/wp-content\/uploads\/2024\/07\/IMG-20240705-WA0366-150x200.jpg 150w, https:\/\/ardigitalnoticias.com\/wp-content\/uploads\/2024\/07\/IMG-20240705-WA0366-300x400.jpg 300w, https:\/\/ardigitalnoticias.com\/wp-content\/uploads\/2024\/07\/IMG-20240705-WA0366-696x928.jpg 696w, https:\/\/ardigitalnoticias.com\/wp-content\/uploads\/2024\/07\/IMG-20240705-WA0366-1068x1424.jpg 1068w, https:\/\/ardigitalnoticias.com\/wp-content\/uploads\/2024\/07\/IMG-20240705-WA0366.jpg 1200w\" sizes=\"auto, (max-width: 768px) 100vw, 768px\" \/><figcaption class=\"wp-element-caption\"><strong>Diyer Alejandro Cabrera, alias \u00abMemo\u00bb<\/strong><\/figcaption><\/figure>\n<\/div>\n\n\n<p>La captura de estos individuos se logr\u00f3 gracias al an\u00e1lisis de m\u00e1s de 32 horas de video, entrevistas, inspecci\u00f3n a procesos y b\u00fasqueda selectiva en bases de datos. Los capturados, quienes registran anotaciones judiciales por los delitos de hurto calificado y agravado, fueron puestos a disposici\u00f3n de un juez de control de garant\u00edas. Cuatro de ellos fueron cobijados con medida de aseguramiento en establecimiento carcelario, mientras que \u00abPira\u00f1a\u00bb recibi\u00f3 medida de aseguramiento domiciliario.<\/p>\n\n\n\n<p>El coronel Alexander Castillo Mar\u00edn, comandante de la Polic\u00eda Metropolitana de Neiva, hizo un llamado a la ciudadan\u00eda a seguir confiando en las autoridades y suministrar informaci\u00f3n que conduzca a la captura y desarticulaci\u00f3n de grupos organizados dedicados al hurto en la regi\u00f3n. Para ello, pueden comunicarse a la l\u00ednea 123.<\/p>\n\n\n<div class=\"wp-block-image\">\n<figure class=\"aligncenter size-large is-resized\"><img loading=\"lazy\" decoding=\"async\" width=\"1024\" height=\"812\" src=\"https:\/\/ardigitalnoticias.com\/wp-content\/uploads\/2024\/07\/IMG-20240705-WA0390-1024x812.jpg\" alt=\"\" class=\"wp-image-4854\" style=\"width:396px;height:auto\" srcset=\"https:\/\/ardigitalnoticias.com\/wp-content\/uploads\/2024\/07\/IMG-20240705-WA0390-1024x812.jpg 1024w, https:\/\/ardigitalnoticias.com\/wp-content\/uploads\/2024\/07\/IMG-20240705-WA0390-300x238.jpg 300w, https:\/\/ardigitalnoticias.com\/wp-content\/uploads\/2024\/07\/IMG-20240705-WA0390-768x609.jpg 768w, https:\/\/ardigitalnoticias.com\/wp-content\/uploads\/2024\/07\/IMG-20240705-WA0390-1536x1217.jpg 1536w, https:\/\/ardigitalnoticias.com\/wp-content\/uploads\/2024\/07\/IMG-20240705-WA0390-150x119.jpg 150w, https:\/\/ardigitalnoticias.com\/wp-content\/uploads\/2024\/07\/IMG-20240705-WA0390-696x552.jpg 696w, https:\/\/ardigitalnoticias.com\/wp-content\/uploads\/2024\/07\/IMG-20240705-WA0390-1068x846.jpg 1068w, https:\/\/ardigitalnoticias.com\/wp-content\/uploads\/2024\/07\/IMG-20240705-WA0390.jpg 1600w\" sizes=\"auto, (max-width: 1024px) 100vw, 1024px\" \/><figcaption class=\"wp-element-caption\"><strong>Grupo delincuencial conocido como \u00abLos Nenes\u00bb<\/strong><\/figcaption><\/figure>\n<\/div>","protected":false},"excerpt":{"rendered":"<p>Estar\u00edan relacionados con m\u00e1s de 27 hurtos en Neiva POR: ANDR\u00c9S RODR\u00cdGUEZ La Polic\u00eda Metropolitana de Neiva, en su lucha constante y contundente contra el hurto, ha logrado desarticular el grupo delincuencial conocido como \u00abLos Nenes\u00bb. Este grupo estaba dedicado al hurto a mano armada y se enfocaba principalmente en mujeres y j\u00f3venes estudiantes en [&hellip;]<\/p>\n","protected":false},"author":3,"featured_media":4855,"comment_status":"open","ping_status":"open","sticky":false,"template":"","format":"standard","meta":{"_acf_changed":false,"_joinchat":[],"footnotes":""},"categories":[20,26,19],"tags":[],"class_list":{"0":"post-4847","1":"post","2":"type-post","3":"status-publish","4":"format-standard","5":"has-post-thumbnail","7":"category-judicial","8":"category-norte","9":"category-regional"},"acf":[],"yoast_head":"<!-- This site is optimized with the Yoast SEO plugin v27.4 - https:\/\/yoast.com\/product\/yoast-seo-wordpress\/ -->\n<title>POLIC\u00cdA DESARTICULA &quot;LOS NENES&quot; CINCO PERSONAS CAPTURADAS POR HURTO A MANO ARMADA EN NEIVA - AR Digital Noticias<\/title>\n<meta name=\"robots\" content=\"index, follow, max-snippet:-1, max-image-preview:large, max-video-preview:-1\" \/>\n<link rel=\"canonical\" href=\"https:\/\/ardigitalnoticias.com\/index.php\/2024\/07\/05\/policia-desarticula-los-nenes-cinco-personas-capturadas-por-hurto-a-mano-armada-en-neiva\/\" \/>\n<meta property=\"og:locale\" content=\"es_ES\" \/>\n<meta property=\"og:type\" content=\"article\" \/>\n<meta property=\"og:title\" content=\"POLIC\u00cdA DESARTICULA &quot;LOS NENES&quot; CINCO PERSONAS CAPTURADAS POR HURTO A MANO ARMADA EN NEIVA - AR Digital Noticias\" \/>\n<meta property=\"og:description\" content=\"Estar\u00edan relacionados con m\u00e1s de 27 hurtos en Neiva POR: ANDR\u00c9S RODR\u00cdGUEZ La Polic\u00eda Metropolitana de Neiva, en su lucha constante y contundente contra el hurto, ha logrado desarticular el grupo delincuencial conocido como \u00abLos Nenes\u00bb. Este grupo estaba dedicado al hurto a mano armada y se enfocaba principalmente en mujeres y j\u00f3venes estudiantes en [&hellip;]\" \/>\n<meta property=\"og:url\" content=\"https:\/\/ardigitalnoticias.com\/index.php\/2024\/07\/05\/policia-desarticula-los-nenes-cinco-personas-capturadas-por-hurto-a-mano-armada-en-neiva\/\" \/>\n<meta property=\"og:site_name\" content=\"AR Digital Noticias\" \/>\n<meta property=\"article:published_time\" content=\"2024-07-05T19:17:22+00:00\" \/>\n<meta property=\"og:image\" content=\"https:\/\/ardigitalnoticias.com\/wp-content\/uploads\/2024\/07\/InShot_20240705_135804815-scaled.jpg\" \/>\n\t<meta property=\"og:image:width\" content=\"2560\" \/>\n\t<meta property=\"og:image:height\" content=\"1439\" \/>\n\t<meta property=\"og:image:type\" content=\"image\/jpeg\" \/>\n<meta name=\"author\" content=\"Editor ArDigitalNoticias\" \/>\n<meta name=\"twitter:card\" content=\"summary_large_image\" \/>\n<meta name=\"twitter:label1\" content=\"Escrito por\" \/>\n\t<meta name=\"twitter:data1\" content=\"Editor ArDigitalNoticias\" \/>\n\t<meta name=\"twitter:label2\" content=\"Tiempo de lectura\" \/>\n\t<meta name=\"twitter:data2\" content=\"4 minutos\" \/>\n<script type=\"application\/ld+json\" class=\"yoast-schema-graph\">{\"@context\":\"https:\\\/\\\/schema.org\",\"@graph\":[{\"@type\":\"Article\",\"@id\":\"https:\\\/\\\/ardigitalnoticias.com\\\/index.php\\\/2024\\\/07\\\/05\\\/policia-desarticula-los-nenes-cinco-personas-capturadas-por-hurto-a-mano-armada-en-neiva\\\/#article\",\"isPartOf\":{\"@id\":\"https:\\\/\\\/ardigitalnoticias.com\\\/index.php\\\/2024\\\/07\\\/05\\\/policia-desarticula-los-nenes-cinco-personas-capturadas-por-hurto-a-mano-armada-en-neiva\\\/\"},\"author\":{\"name\":\"Editor ArDigitalNoticias\",\"@id\":\"https:\\\/\\\/ardigitalnoticias.com\\\/#\\\/schema\\\/person\\\/759c8138ebc77e85adb1aa750003a751\"},\"headline\":\"POLIC\u00cdA DESARTICULA \u00abLOS NENES\u00bb CINCO PERSONAS CAPTURADAS POR HURTO A MANO ARMADA EN NEIVA\",\"datePublished\":\"2024-07-05T19:17:22+00:00\",\"mainEntityOfPage\":{\"@id\":\"https:\\\/\\\/ardigitalnoticias.com\\\/index.php\\\/2024\\\/07\\\/05\\\/policia-desarticula-los-nenes-cinco-personas-capturadas-por-hurto-a-mano-armada-en-neiva\\\/\"},\"wordCount\":460,\"commentCount\":0,\"publisher\":{\"@id\":\"https:\\\/\\\/ardigitalnoticias.com\\\/#organization\"},\"image\":{\"@id\":\"https:\\\/\\\/ardigitalnoticias.com\\\/index.php\\\/2024\\\/07\\\/05\\\/policia-desarticula-los-nenes-cinco-personas-capturadas-por-hurto-a-mano-armada-en-neiva\\\/#primaryimage\"},\"thumbnailUrl\":\"https:\\\/\\\/ardigitalnoticias.com\\\/wp-content\\\/uploads\\\/2024\\\/07\\\/InShot_20240705_135804815-scaled.jpg\",\"articleSection\":[\"Judicial\",\"Norte\",\"Regional\"],\"inLanguage\":\"es\",\"potentialAction\":[{\"@type\":\"CommentAction\",\"name\":\"Comment\",\"target\":[\"https:\\\/\\\/ardigitalnoticias.com\\\/index.php\\\/2024\\\/07\\\/05\\\/policia-desarticula-los-nenes-cinco-personas-capturadas-por-hurto-a-mano-armada-en-neiva\\\/#respond\"]}]},{\"@type\":\"WebPage\",\"@id\":\"https:\\\/\\\/ardigitalnoticias.com\\\/index.php\\\/2024\\\/07\\\/05\\\/policia-desarticula-los-nenes-cinco-personas-capturadas-por-hurto-a-mano-armada-en-neiva\\\/\",\"url\":\"https:\\\/\\\/ardigitalnoticias.com\\\/index.php\\\/2024\\\/07\\\/05\\\/policia-desarticula-los-nenes-cinco-personas-capturadas-por-hurto-a-mano-armada-en-neiva\\\/\",\"name\":\"POLIC\u00cdA DESARTICULA \\\"LOS NENES\\\" CINCO PERSONAS CAPTURADAS POR HURTO A MANO ARMADA EN NEIVA - AR Digital Noticias\",\"isPartOf\":{\"@id\":\"https:\\\/\\\/ardigitalnoticias.com\\\/#website\"},\"primaryImageOfPage\":{\"@id\":\"https:\\\/\\\/ardigitalnoticias.com\\\/index.php\\\/2024\\\/07\\\/05\\\/policia-desarticula-los-nenes-cinco-personas-capturadas-por-hurto-a-mano-armada-en-neiva\\\/#primaryimage\"},\"image\":{\"@id\":\"https:\\\/\\\/ardigitalnoticias.com\\\/index.php\\\/2024\\\/07\\\/05\\\/policia-desarticula-los-nenes-cinco-personas-capturadas-por-hurto-a-mano-armada-en-neiva\\\/#primaryimage\"},\"thumbnailUrl\":\"https:\\\/\\\/ardigitalnoticias.com\\\/wp-content\\\/uploads\\\/2024\\\/07\\\/InShot_20240705_135804815-scaled.jpg\",\"datePublished\":\"2024-07-05T19:17:22+00:00\",\"breadcrumb\":{\"@id\":\"https:\\\/\\\/ardigitalnoticias.com\\\/index.php\\\/2024\\\/07\\\/05\\\/policia-desarticula-los-nenes-cinco-personas-capturadas-por-hurto-a-mano-armada-en-neiva\\\/#breadcrumb\"},\"inLanguage\":\"es\",\"potentialAction\":[{\"@type\":\"ReadAction\",\"target\":[\"https:\\\/\\\/ardigitalnoticias.com\\\/index.php\\\/2024\\\/07\\\/05\\\/policia-desarticula-los-nenes-cinco-personas-capturadas-por-hurto-a-mano-armada-en-neiva\\\/\"]}]},{\"@type\":\"ImageObject\",\"inLanguage\":\"es\",\"@id\":\"https:\\\/\\\/ardigitalnoticias.com\\\/index.php\\\/2024\\\/07\\\/05\\\/policia-desarticula-los-nenes-cinco-personas-capturadas-por-hurto-a-mano-armada-en-neiva\\\/#primaryimage\",\"url\":\"https:\\\/\\\/ardigitalnoticias.com\\\/wp-content\\\/uploads\\\/2024\\\/07\\\/InShot_20240705_135804815-scaled.jpg\",\"contentUrl\":\"https:\\\/\\\/ardigitalnoticias.com\\\/wp-content\\\/uploads\\\/2024\\\/07\\\/InShot_20240705_135804815-scaled.jpg\",\"width\":2560,\"height\":1439},{\"@type\":\"BreadcrumbList\",\"@id\":\"https:\\\/\\\/ardigitalnoticias.com\\\/index.php\\\/2024\\\/07\\\/05\\\/policia-desarticula-los-nenes-cinco-personas-capturadas-por-hurto-a-mano-armada-en-neiva\\\/#breadcrumb\",\"itemListElement\":[{\"@type\":\"ListItem\",\"position\":1,\"name\":\"Portada\",\"item\":\"https:\\\/\\\/ardigitalnoticias.com\\\/\"},{\"@type\":\"ListItem\",\"position\":2,\"name\":\"POLIC\u00cdA DESARTICULA \u00abLOS NENES\u00bb CINCO PERSONAS CAPTURADAS POR HURTO A MANO ARMADA EN NEIVA\"}]},{\"@type\":\"WebSite\",\"@id\":\"https:\\\/\\\/ardigitalnoticias.com\\\/#website\",\"url\":\"https:\\\/\\\/ardigitalnoticias.com\\\/\",\"name\":\"AR Digital Noticias\",\"description\":\"\",\"publisher\":{\"@id\":\"https:\\\/\\\/ardigitalnoticias.com\\\/#organization\"},\"potentialAction\":[{\"@type\":\"SearchAction\",\"target\":{\"@type\":\"EntryPoint\",\"urlTemplate\":\"https:\\\/\\\/ardigitalnoticias.com\\\/?s={search_term_string}\"},\"query-input\":{\"@type\":\"PropertyValueSpecification\",\"valueRequired\":true,\"valueName\":\"search_term_string\"}}],\"inLanguage\":\"es\"},{\"@type\":\"Organization\",\"@id\":\"https:\\\/\\\/ardigitalnoticias.com\\\/#organization\",\"name\":\"AR Digital Noticias\",\"url\":\"https:\\\/\\\/ardigitalnoticias.com\\\/\",\"logo\":{\"@type\":\"ImageObject\",\"inLanguage\":\"es\",\"@id\":\"https:\\\/\\\/ardigitalnoticias.com\\\/#\\\/schema\\\/logo\\\/image\\\/\",\"url\":\"https:\\\/\\\/ardigitalnoticias.com\\\/wp-content\\\/uploads\\\/2023\\\/11\\\/cropped-cropped-cropped-cropped-AR-Digital-Noticias-1.png\",\"contentUrl\":\"https:\\\/\\\/ardigitalnoticias.com\\\/wp-content\\\/uploads\\\/2023\\\/11\\\/cropped-cropped-cropped-cropped-AR-Digital-Noticias-1.png\",\"width\":972,\"height\":306,\"caption\":\"AR Digital Noticias\"},\"image\":{\"@id\":\"https:\\\/\\\/ardigitalnoticias.com\\\/#\\\/schema\\\/logo\\\/image\\\/\"}},{\"@type\":\"Person\",\"@id\":\"https:\\\/\\\/ardigitalnoticias.com\\\/#\\\/schema\\\/person\\\/759c8138ebc77e85adb1aa750003a751\",\"name\":\"Editor ArDigitalNoticias\",\"image\":{\"@type\":\"ImageObject\",\"inLanguage\":\"es\",\"@id\":\"https:\\\/\\\/secure.gravatar.com\\\/avatar\\\/2c7f3656ea34567ef10422f22f4395b6cc422854a0b986ba788597ac36902f93?s=96&d=mm&r=g\",\"url\":\"https:\\\/\\\/secure.gravatar.com\\\/avatar\\\/2c7f3656ea34567ef10422f22f4395b6cc422854a0b986ba788597ac36902f93?s=96&d=mm&r=g\",\"contentUrl\":\"https:\\\/\\\/secure.gravatar.com\\\/avatar\\\/2c7f3656ea34567ef10422f22f4395b6cc422854a0b986ba788597ac36902f93?s=96&d=mm&r=g\",\"caption\":\"Editor ArDigitalNoticias\"},\"sameAs\":[\"http:\\\/\\\/ardigitalnoticias.com\"],\"url\":\"https:\\\/\\\/ardigitalnoticias.com\\\/index.php\\\/author\\\/editor\\\/\"}]}<\/script>\n<!-- \/ Yoast SEO plugin. -->","yoast_head_json":{"title":"POLIC\u00cdA DESARTICULA \"LOS NENES\" CINCO PERSONAS CAPTURADAS POR HURTO A MANO ARMADA EN NEIVA - AR Digital Noticias","robots":{"index":"index","follow":"follow","max-snippet":"max-snippet:-1","max-image-preview":"max-image-preview:large","max-video-preview":"max-video-preview:-1"},"canonical":"https:\/\/ardigitalnoticias.com\/index.php\/2024\/07\/05\/policia-desarticula-los-nenes-cinco-personas-capturadas-por-hurto-a-mano-armada-en-neiva\/","og_locale":"es_ES","og_type":"article","og_title":"POLIC\u00cdA DESARTICULA \"LOS NENES\" CINCO PERSONAS CAPTURADAS POR HURTO A MANO ARMADA EN NEIVA - AR Digital Noticias","og_description":"Estar\u00edan relacionados con m\u00e1s de 27 hurtos en Neiva POR: ANDR\u00c9S RODR\u00cdGUEZ La Polic\u00eda Metropolitana de Neiva, en su lucha constante y contundente contra el hurto, ha logrado desarticular el grupo delincuencial conocido como \u00abLos Nenes\u00bb. Este grupo estaba dedicado al hurto a mano armada y se enfocaba principalmente en mujeres y j\u00f3venes estudiantes en [&hellip;]","og_url":"https:\/\/ardigitalnoticias.com\/index.php\/2024\/07\/05\/policia-desarticula-los-nenes-cinco-personas-capturadas-por-hurto-a-mano-armada-en-neiva\/","og_site_name":"AR Digital Noticias","article_published_time":"2024-07-05T19:17:22+00:00","og_image":[{"width":2560,"height":1439,"url":"https:\/\/ardigitalnoticias.com\/wp-content\/uploads\/2024\/07\/InShot_20240705_135804815-scaled.jpg","type":"image\/jpeg"}],"author":"Editor ArDigitalNoticias","twitter_card":"summary_large_image","twitter_misc":{"Escrito por":"Editor ArDigitalNoticias","Tiempo de lectura":"4 minutos"},"schema":{"@context":"https:\/\/schema.org","@graph":[{"@type":"Article","@id":"https:\/\/ardigitalnoticias.com\/index.php\/2024\/07\/05\/policia-desarticula-los-nenes-cinco-personas-capturadas-por-hurto-a-mano-armada-en-neiva\/#article","isPartOf":{"@id":"https:\/\/ardigitalnoticias.com\/index.php\/2024\/07\/05\/policia-desarticula-los-nenes-cinco-personas-capturadas-por-hurto-a-mano-armada-en-neiva\/"},"author":{"name":"Editor ArDigitalNoticias","@id":"https:\/\/ardigitalnoticias.com\/#\/schema\/person\/759c8138ebc77e85adb1aa750003a751"},"headline":"POLIC\u00cdA DESARTICULA \u00abLOS NENES\u00bb CINCO PERSONAS CAPTURADAS POR HURTO A MANO ARMADA EN NEIVA","datePublished":"2024-07-05T19:17:22+00:00","mainEntityOfPage":{"@id":"https:\/\/ardigitalnoticias.com\/index.php\/2024\/07\/05\/policia-desarticula-los-nenes-cinco-personas-capturadas-por-hurto-a-mano-armada-en-neiva\/"},"wordCount":460,"commentCount":0,"publisher":{"@id":"https:\/\/ardigitalnoticias.com\/#organization"},"image":{"@id":"https:\/\/ardigitalnoticias.com\/index.php\/2024\/07\/05\/policia-desarticula-los-nenes-cinco-personas-capturadas-por-hurto-a-mano-armada-en-neiva\/#primaryimage"},"thumbnailUrl":"https:\/\/ardigitalnoticias.com\/wp-content\/uploads\/2024\/07\/InShot_20240705_135804815-scaled.jpg","articleSection":["Judicial","Norte","Regional"],"inLanguage":"es","potentialAction":[{"@type":"CommentAction","name":"Comment","target":["https:\/\/ardigitalnoticias.com\/index.php\/2024\/07\/05\/policia-desarticula-los-nenes-cinco-personas-capturadas-por-hurto-a-mano-armada-en-neiva\/#respond"]}]},{"@type":"WebPage","@id":"https:\/\/ardigitalnoticias.com\/index.php\/2024\/07\/05\/policia-desarticula-los-nenes-cinco-personas-capturadas-por-hurto-a-mano-armada-en-neiva\/","url":"https:\/\/ardigitalnoticias.com\/index.php\/2024\/07\/05\/policia-desarticula-los-nenes-cinco-personas-capturadas-por-hurto-a-mano-armada-en-neiva\/","name":"POLIC\u00cdA DESARTICULA \"LOS NENES\" CINCO PERSONAS CAPTURADAS POR HURTO A MANO ARMADA EN NEIVA - AR Digital Noticias","isPartOf":{"@id":"https:\/\/ardigitalnoticias.com\/#website"},"primaryImageOfPage":{"@id":"https:\/\/ardigitalnoticias.com\/index.php\/2024\/07\/05\/policia-desarticula-los-nenes-cinco-personas-capturadas-por-hurto-a-mano-armada-en-neiva\/#primaryimage"},"image":{"@id":"https:\/\/ardigitalnoticias.com\/index.php\/2024\/07\/05\/policia-desarticula-los-nenes-cinco-personas-capturadas-por-hurto-a-mano-armada-en-neiva\/#primaryimage"},"thumbnailUrl":"https:\/\/ardigitalnoticias.com\/wp-content\/uploads\/2024\/07\/InShot_20240705_135804815-scaled.jpg","datePublished":"2024-07-05T19:17:22+00:00","breadcrumb":{"@id":"https:\/\/ardigitalnoticias.com\/index.php\/2024\/07\/05\/policia-desarticula-los-nenes-cinco-personas-capturadas-por-hurto-a-mano-armada-en-neiva\/#breadcrumb"},"inLanguage":"es","potentialAction":[{"@type":"ReadAction","target":["https:\/\/ardigitalnoticias.com\/index.php\/2024\/07\/05\/policia-desarticula-los-nenes-cinco-personas-capturadas-por-hurto-a-mano-armada-en-neiva\/"]}]},{"@type":"ImageObject","inLanguage":"es","@id":"https:\/\/ardigitalnoticias.com\/index.php\/2024\/07\/05\/policia-desarticula-los-nenes-cinco-personas-capturadas-por-hurto-a-mano-armada-en-neiva\/#primaryimage","url":"https:\/\/ardigitalnoticias.com\/wp-content\/uploads\/2024\/07\/InShot_20240705_135804815-scaled.jpg","contentUrl":"https:\/\/ardigitalnoticias.com\/wp-content\/uploads\/2024\/07\/InShot_20240705_135804815-scaled.jpg","width":2560,"height":1439},{"@type":"BreadcrumbList","@id":"https:\/\/ardigitalnoticias.com\/index.php\/2024\/07\/05\/policia-desarticula-los-nenes-cinco-personas-capturadas-por-hurto-a-mano-armada-en-neiva\/#breadcrumb","itemListElement":[{"@type":"ListItem","position":1,"name":"Portada","item":"https:\/\/ardigitalnoticias.com\/"},{"@type":"ListItem","position":2,"name":"POLIC\u00cdA DESARTICULA \u00abLOS NENES\u00bb CINCO PERSONAS CAPTURADAS POR HURTO A MANO ARMADA EN NEIVA"}]},{"@type":"WebSite","@id":"https:\/\/ardigitalnoticias.com\/#website","url":"https:\/\/ardigitalnoticias.com\/","name":"AR Digital Noticias","description":"","publisher":{"@id":"https:\/\/ardigitalnoticias.com\/#organization"},"potentialAction":[{"@type":"SearchAction","target":{"@type":"EntryPoint","urlTemplate":"https:\/\/ardigitalnoticias.com\/?s={search_term_string}"},"query-input":{"@type":"PropertyValueSpecification","valueRequired":true,"valueName":"search_term_string"}}],"inLanguage":"es"},{"@type":"Organization","@id":"https:\/\/ardigitalnoticias.com\/#organization","name":"AR Digital Noticias","url":"https:\/\/ardigitalnoticias.com\/","logo":{"@type":"ImageObject","inLanguage":"es","@id":"https:\/\/ardigitalnoticias.com\/#\/schema\/logo\/image\/","url":"https:\/\/ardigitalnoticias.com\/wp-content\/uploads\/2023\/11\/cropped-cropped-cropped-cropped-AR-Digital-Noticias-1.png","contentUrl":"https:\/\/ardigitalnoticias.com\/wp-content\/uploads\/2023\/11\/cropped-cropped-cropped-cropped-AR-Digital-Noticias-1.png","width":972,"height":306,"caption":"AR Digital Noticias"},"image":{"@id":"https:\/\/ardigitalnoticias.com\/#\/schema\/logo\/image\/"}},{"@type":"Person","@id":"https:\/\/ardigitalnoticias.com\/#\/schema\/person\/759c8138ebc77e85adb1aa750003a751","name":"Editor ArDigitalNoticias","image":{"@type":"ImageObject","inLanguage":"es","@id":"https:\/\/secure.gravatar.com\/avatar\/2c7f3656ea34567ef10422f22f4395b6cc422854a0b986ba788597ac36902f93?s=96&d=mm&r=g","url":"https:\/\/secure.gravatar.com\/avatar\/2c7f3656ea34567ef10422f22f4395b6cc422854a0b986ba788597ac36902f93?s=96&d=mm&r=g","contentUrl":"https:\/\/secure.gravatar.com\/avatar\/2c7f3656ea34567ef10422f22f4395b6cc422854a0b986ba788597ac36902f93?s=96&d=mm&r=g","caption":"Editor ArDigitalNoticias"},"sameAs":["http:\/\/ardigitalnoticias.com"],"url":"https:\/\/ardigitalnoticias.com\/index.php\/author\/editor\/"}]}},"_links":{"self":[{"href":"https:\/\/ardigitalnoticias.com\/index.php\/wp-json\/wp\/v2\/posts\/4847","targetHints":{"allow":["GET"]}}],"collection":[{"href":"https:\/\/ardigitalnoticias.com\/index.php\/wp-json\/wp\/v2\/posts"}],"about":[{"href":"https:\/\/ardigitalnoticias.com\/index.php\/wp-json\/wp\/v2\/types\/post"}],"author":[{"embeddable":true,"href":"https:\/\/ardigitalnoticias.com\/index.php\/wp-json\/wp\/v2\/users\/3"}],"replies":[{"embeddable":true,"href":"https:\/\/ardigitalnoticias.com\/index.php\/wp-json\/wp\/v2\/comments?post=4847"}],"version-history":[{"count":1,"href":"https:\/\/ardigitalnoticias.com\/index.php\/wp-json\/wp\/v2\/posts\/4847\/revisions"}],"predecessor-version":[{"id":4856,"href":"https:\/\/ardigitalnoticias.com\/index.php\/wp-json\/wp\/v2\/posts\/4847\/revisions\/4856"}],"wp:featuredmedia":[{"embeddable":true,"href":"https:\/\/ardigitalnoticias.com\/index.php\/wp-json\/wp\/v2\/media\/4855"}],"wp:attachment":[{"href":"https:\/\/ardigitalnoticias.com\/index.php\/wp-json\/wp\/v2\/media?parent=4847"}],"wp:term":[{"taxonomy":"category","embeddable":true,"href":"https:\/\/ardigitalnoticias.com\/index.php\/wp-json\/wp\/v2\/categories?post=4847"},{"taxonomy":"post_tag","embeddable":true,"href":"https:\/\/ardigitalnoticias.com\/index.php\/wp-json\/wp\/v2\/tags?post=4847"}],"curies":[{"name":"wp","href":"https:\/\/api.w.org\/{rel}","templated":true}]}}