{"id":4722,"date":"2024-06-07T06:43:51","date_gmt":"2024-06-07T11:43:51","guid":{"rendered":"https:\/\/ardigitalnoticias.com\/?p=4722"},"modified":"2024-06-07T06:43:52","modified_gmt":"2024-06-07T11:43:52","slug":"operario-muere-por-descarga-electrica-en-neiva","status":"publish","type":"post","link":"https:\/\/ardigitalnoticias.com\/index.php\/2024\/06\/07\/operario-muere-por-descarga-electrica-en-neiva\/","title":{"rendered":"OPERARIO MUERE POR DESCARGA EL\u00c9CTRICA EN NEIVA"},"content":{"rendered":"\n<p>Un tr\u00e1gico accidente ocurri\u00f3 ayer en la v\u00eda que conecta a Neiva con el interior del pa\u00eds, cuando un operario perdi\u00f3 la vida tras recibir una descarga el\u00e9ctrica mientras realizaba trabajos de mantenimiento en una valla informativa.<\/p>\n\n\n\n<p><strong>POR:ANDR\u00c9S RODR\u00cdGUEZ. <\/strong><\/p>\n\n\n<div class=\"wp-block-image\">\n<figure class=\"aligncenter size-full\"><img loading=\"lazy\" decoding=\"async\" width=\"604\" height=\"453\" src=\"https:\/\/ardigitalnoticias.com\/wp-content\/uploads\/2024\/06\/FB_IMG_1717759166201.jpg\" alt=\"\" class=\"wp-image-4724\" srcset=\"https:\/\/ardigitalnoticias.com\/wp-content\/uploads\/2024\/06\/FB_IMG_1717759166201.jpg 604w, https:\/\/ardigitalnoticias.com\/wp-content\/uploads\/2024\/06\/FB_IMG_1717759166201-300x225.jpg 300w, https:\/\/ardigitalnoticias.com\/wp-content\/uploads\/2024\/06\/FB_IMG_1717759166201-150x113.jpg 150w\" sizes=\"auto, (max-width: 604px) 100vw, 604px\" \/><figcaption class=\"wp-element-caption\"><strong>Hugo  Nelson Mart\u00ednez Celis<\/strong><\/figcaption><\/figure>\n<\/div>\n\n\n<p>El hecho tuvo lugar en el kil\u00f3metro dos de este corredor vial. Hugo Nelson Mart\u00ednez Celis, de 48 a\u00f1os, se encontraba realizando labores de mantenimiento en la estructura cuando fue sorprendido por una descarga el\u00e9ctrica. A pesar de que sus compa\u00f1eros de trabajo lo auxiliaron de inmediato, Mart\u00ednez Celis ya no presentaba signos vitales.<\/p>\n\n\n\n<p>Las autoridades judiciales se presentaron r\u00e1pidamente en el lugar del accidente para llevar a cabo las diligencias pertinentes y esclarecer los hechos que rodearon este hecho fatal.<\/p>\n\n\n<div class=\"wp-block-image\">\n<figure class=\"aligncenter size-large\"><img loading=\"lazy\" decoding=\"async\" width=\"1024\" height=\"576\" src=\"https:\/\/ardigitalnoticias.com\/wp-content\/uploads\/2024\/06\/retouch_2024060706231133-1024x576.jpg\" alt=\"\" class=\"wp-image-4723\" srcset=\"https:\/\/ardigitalnoticias.com\/wp-content\/uploads\/2024\/06\/retouch_2024060706231133-1024x576.jpg 1024w, https:\/\/ardigitalnoticias.com\/wp-content\/uploads\/2024\/06\/retouch_2024060706231133-300x169.jpg 300w, https:\/\/ardigitalnoticias.com\/wp-content\/uploads\/2024\/06\/retouch_2024060706231133-768x432.jpg 768w, https:\/\/ardigitalnoticias.com\/wp-content\/uploads\/2024\/06\/retouch_2024060706231133-150x84.jpg 150w, https:\/\/ardigitalnoticias.com\/wp-content\/uploads\/2024\/06\/retouch_2024060706231133-696x392.jpg 696w, https:\/\/ardigitalnoticias.com\/wp-content\/uploads\/2024\/06\/retouch_2024060706231133-1068x601.jpg 1068w, https:\/\/ardigitalnoticias.com\/wp-content\/uploads\/2024\/06\/retouch_2024060706231133.jpg 1080w\" sizes=\"auto, (max-width: 1024px) 100vw, 1024px\" \/><\/figure>\n<\/div>","protected":false},"excerpt":{"rendered":"<p>Un tr\u00e1gico accidente ocurri\u00f3 ayer en la v\u00eda que conecta a Neiva con el interior del pa\u00eds, cuando un operario perdi\u00f3 la vida tras recibir una descarga el\u00e9ctrica mientras realizaba trabajos de mantenimiento en una valla informativa. POR:ANDR\u00c9S RODR\u00cdGUEZ. El hecho tuvo lugar en el kil\u00f3metro dos de este corredor vial. Hugo Nelson Mart\u00ednez Celis, [&hellip;]<\/p>\n","protected":false},"author":3,"featured_media":4725,"comment_status":"open","ping_status":"open","sticky":false,"template":"","format":"standard","meta":{"_acf_changed":false,"_joinchat":[],"footnotes":""},"categories":[1,20,26,19],"tags":[],"class_list":{"0":"post-4722","1":"post","2":"type-post","3":"status-publish","4":"format-standard","5":"has-post-thumbnail","7":"category-actualidad","8":"category-judicial","9":"category-norte","10":"category-regional"},"acf":[],"yoast_head":"<!-- This site is optimized with the Yoast SEO plugin v27.4 - https:\/\/yoast.com\/product\/yoast-seo-wordpress\/ -->\n<title>OPERARIO MUERE POR DESCARGA EL\u00c9CTRICA EN NEIVA - AR Digital Noticias<\/title>\n<meta name=\"robots\" content=\"index, follow, max-snippet:-1, max-image-preview:large, max-video-preview:-1\" \/>\n<link rel=\"canonical\" href=\"https:\/\/ardigitalnoticias.com\/index.php\/2024\/06\/07\/operario-muere-por-descarga-electrica-en-neiva\/\" \/>\n<meta property=\"og:locale\" content=\"es_ES\" \/>\n<meta property=\"og:type\" content=\"article\" \/>\n<meta property=\"og:title\" content=\"OPERARIO MUERE POR DESCARGA EL\u00c9CTRICA EN NEIVA - AR Digital Noticias\" \/>\n<meta property=\"og:description\" content=\"Un tr\u00e1gico accidente ocurri\u00f3 ayer en la v\u00eda que conecta a Neiva con el interior del pa\u00eds, cuando un operario perdi\u00f3 la vida tras recibir una descarga el\u00e9ctrica mientras realizaba trabajos de mantenimiento en una valla informativa. POR:ANDR\u00c9S RODR\u00cdGUEZ. El hecho tuvo lugar en el kil\u00f3metro dos de este corredor vial. Hugo Nelson Mart\u00ednez Celis, [&hellip;]\" \/>\n<meta property=\"og:url\" content=\"https:\/\/ardigitalnoticias.com\/index.php\/2024\/06\/07\/operario-muere-por-descarga-electrica-en-neiva\/\" \/>\n<meta property=\"og:site_name\" content=\"AR Digital Noticias\" \/>\n<meta property=\"article:published_time\" content=\"2024-06-07T11:43:51+00:00\" \/>\n<meta property=\"article:modified_time\" content=\"2024-06-07T11:43:52+00:00\" \/>\n<meta property=\"og:image\" content=\"https:\/\/ardigitalnoticias.com\/wp-content\/uploads\/2024\/06\/InShot_20240607_063623508.jpg\" \/>\n\t<meta property=\"og:image:width\" content=\"1920\" \/>\n\t<meta property=\"og:image:height\" content=\"1079\" \/>\n\t<meta property=\"og:image:type\" content=\"image\/jpeg\" \/>\n<meta name=\"author\" content=\"Editor ArDigitalNoticias\" \/>\n<meta name=\"twitter:card\" content=\"summary_large_image\" \/>\n<meta name=\"twitter:label1\" content=\"Escrito por\" \/>\n\t<meta name=\"twitter:data1\" content=\"Editor ArDigitalNoticias\" \/>\n\t<meta name=\"twitter:label2\" content=\"Tiempo de lectura\" \/>\n\t<meta name=\"twitter:data2\" content=\"2 minutos\" \/>\n<script type=\"application\/ld+json\" class=\"yoast-schema-graph\">{\"@context\":\"https:\\\/\\\/schema.org\",\"@graph\":[{\"@type\":\"Article\",\"@id\":\"https:\\\/\\\/ardigitalnoticias.com\\\/index.php\\\/2024\\\/06\\\/07\\\/operario-muere-por-descarga-electrica-en-neiva\\\/#article\",\"isPartOf\":{\"@id\":\"https:\\\/\\\/ardigitalnoticias.com\\\/index.php\\\/2024\\\/06\\\/07\\\/operario-muere-por-descarga-electrica-en-neiva\\\/\"},\"author\":{\"name\":\"Editor ArDigitalNoticias\",\"@id\":\"https:\\\/\\\/ardigitalnoticias.com\\\/#\\\/schema\\\/person\\\/759c8138ebc77e85adb1aa750003a751\"},\"headline\":\"OPERARIO MUERE POR DESCARGA EL\u00c9CTRICA EN NEIVA\",\"datePublished\":\"2024-06-07T11:43:51+00:00\",\"dateModified\":\"2024-06-07T11:43:52+00:00\",\"mainEntityOfPage\":{\"@id\":\"https:\\\/\\\/ardigitalnoticias.com\\\/index.php\\\/2024\\\/06\\\/07\\\/operario-muere-por-descarga-electrica-en-neiva\\\/\"},\"wordCount\":146,\"commentCount\":0,\"publisher\":{\"@id\":\"https:\\\/\\\/ardigitalnoticias.com\\\/#organization\"},\"image\":{\"@id\":\"https:\\\/\\\/ardigitalnoticias.com\\\/index.php\\\/2024\\\/06\\\/07\\\/operario-muere-por-descarga-electrica-en-neiva\\\/#primaryimage\"},\"thumbnailUrl\":\"https:\\\/\\\/ardigitalnoticias.com\\\/wp-content\\\/uploads\\\/2024\\\/06\\\/InShot_20240607_063623508.jpg\",\"articleSection\":[\"Actualidad\",\"Judicial\",\"Norte\",\"Regional\"],\"inLanguage\":\"es\",\"potentialAction\":[{\"@type\":\"CommentAction\",\"name\":\"Comment\",\"target\":[\"https:\\\/\\\/ardigitalnoticias.com\\\/index.php\\\/2024\\\/06\\\/07\\\/operario-muere-por-descarga-electrica-en-neiva\\\/#respond\"]}]},{\"@type\":\"WebPage\",\"@id\":\"https:\\\/\\\/ardigitalnoticias.com\\\/index.php\\\/2024\\\/06\\\/07\\\/operario-muere-por-descarga-electrica-en-neiva\\\/\",\"url\":\"https:\\\/\\\/ardigitalnoticias.com\\\/index.php\\\/2024\\\/06\\\/07\\\/operario-muere-por-descarga-electrica-en-neiva\\\/\",\"name\":\"OPERARIO MUERE POR DESCARGA EL\u00c9CTRICA EN NEIVA - AR Digital Noticias\",\"isPartOf\":{\"@id\":\"https:\\\/\\\/ardigitalnoticias.com\\\/#website\"},\"primaryImageOfPage\":{\"@id\":\"https:\\\/\\\/ardigitalnoticias.com\\\/index.php\\\/2024\\\/06\\\/07\\\/operario-muere-por-descarga-electrica-en-neiva\\\/#primaryimage\"},\"image\":{\"@id\":\"https:\\\/\\\/ardigitalnoticias.com\\\/index.php\\\/2024\\\/06\\\/07\\\/operario-muere-por-descarga-electrica-en-neiva\\\/#primaryimage\"},\"thumbnailUrl\":\"https:\\\/\\\/ardigitalnoticias.com\\\/wp-content\\\/uploads\\\/2024\\\/06\\\/InShot_20240607_063623508.jpg\",\"datePublished\":\"2024-06-07T11:43:51+00:00\",\"dateModified\":\"2024-06-07T11:43:52+00:00\",\"breadcrumb\":{\"@id\":\"https:\\\/\\\/ardigitalnoticias.com\\\/index.php\\\/2024\\\/06\\\/07\\\/operario-muere-por-descarga-electrica-en-neiva\\\/#breadcrumb\"},\"inLanguage\":\"es\",\"potentialAction\":[{\"@type\":\"ReadAction\",\"target\":[\"https:\\\/\\\/ardigitalnoticias.com\\\/index.php\\\/2024\\\/06\\\/07\\\/operario-muere-por-descarga-electrica-en-neiva\\\/\"]}]},{\"@type\":\"ImageObject\",\"inLanguage\":\"es\",\"@id\":\"https:\\\/\\\/ardigitalnoticias.com\\\/index.php\\\/2024\\\/06\\\/07\\\/operario-muere-por-descarga-electrica-en-neiva\\\/#primaryimage\",\"url\":\"https:\\\/\\\/ardigitalnoticias.com\\\/wp-content\\\/uploads\\\/2024\\\/06\\\/InShot_20240607_063623508.jpg\",\"contentUrl\":\"https:\\\/\\\/ardigitalnoticias.com\\\/wp-content\\\/uploads\\\/2024\\\/06\\\/InShot_20240607_063623508.jpg\",\"width\":1920,\"height\":1079},{\"@type\":\"BreadcrumbList\",\"@id\":\"https:\\\/\\\/ardigitalnoticias.com\\\/index.php\\\/2024\\\/06\\\/07\\\/operario-muere-por-descarga-electrica-en-neiva\\\/#breadcrumb\",\"itemListElement\":[{\"@type\":\"ListItem\",\"position\":1,\"name\":\"Portada\",\"item\":\"https:\\\/\\\/ardigitalnoticias.com\\\/\"},{\"@type\":\"ListItem\",\"position\":2,\"name\":\"OPERARIO MUERE POR DESCARGA EL\u00c9CTRICA EN NEIVA\"}]},{\"@type\":\"WebSite\",\"@id\":\"https:\\\/\\\/ardigitalnoticias.com\\\/#website\",\"url\":\"https:\\\/\\\/ardigitalnoticias.com\\\/\",\"name\":\"AR Digital Noticias\",\"description\":\"\",\"publisher\":{\"@id\":\"https:\\\/\\\/ardigitalnoticias.com\\\/#organization\"},\"potentialAction\":[{\"@type\":\"SearchAction\",\"target\":{\"@type\":\"EntryPoint\",\"urlTemplate\":\"https:\\\/\\\/ardigitalnoticias.com\\\/?s={search_term_string}\"},\"query-input\":{\"@type\":\"PropertyValueSpecification\",\"valueRequired\":true,\"valueName\":\"search_term_string\"}}],\"inLanguage\":\"es\"},{\"@type\":\"Organization\",\"@id\":\"https:\\\/\\\/ardigitalnoticias.com\\\/#organization\",\"name\":\"AR Digital Noticias\",\"url\":\"https:\\\/\\\/ardigitalnoticias.com\\\/\",\"logo\":{\"@type\":\"ImageObject\",\"inLanguage\":\"es\",\"@id\":\"https:\\\/\\\/ardigitalnoticias.com\\\/#\\\/schema\\\/logo\\\/image\\\/\",\"url\":\"https:\\\/\\\/ardigitalnoticias.com\\\/wp-content\\\/uploads\\\/2023\\\/11\\\/cropped-cropped-cropped-cropped-AR-Digital-Noticias-1.png\",\"contentUrl\":\"https:\\\/\\\/ardigitalnoticias.com\\\/wp-content\\\/uploads\\\/2023\\\/11\\\/cropped-cropped-cropped-cropped-AR-Digital-Noticias-1.png\",\"width\":972,\"height\":306,\"caption\":\"AR Digital Noticias\"},\"image\":{\"@id\":\"https:\\\/\\\/ardigitalnoticias.com\\\/#\\\/schema\\\/logo\\\/image\\\/\"}},{\"@type\":\"Person\",\"@id\":\"https:\\\/\\\/ardigitalnoticias.com\\\/#\\\/schema\\\/person\\\/759c8138ebc77e85adb1aa750003a751\",\"name\":\"Editor ArDigitalNoticias\",\"image\":{\"@type\":\"ImageObject\",\"inLanguage\":\"es\",\"@id\":\"https:\\\/\\\/secure.gravatar.com\\\/avatar\\\/2c7f3656ea34567ef10422f22f4395b6cc422854a0b986ba788597ac36902f93?s=96&d=mm&r=g\",\"url\":\"https:\\\/\\\/secure.gravatar.com\\\/avatar\\\/2c7f3656ea34567ef10422f22f4395b6cc422854a0b986ba788597ac36902f93?s=96&d=mm&r=g\",\"contentUrl\":\"https:\\\/\\\/secure.gravatar.com\\\/avatar\\\/2c7f3656ea34567ef10422f22f4395b6cc422854a0b986ba788597ac36902f93?s=96&d=mm&r=g\",\"caption\":\"Editor ArDigitalNoticias\"},\"sameAs\":[\"http:\\\/\\\/ardigitalnoticias.com\"],\"url\":\"https:\\\/\\\/ardigitalnoticias.com\\\/index.php\\\/author\\\/editor\\\/\"}]}<\/script>\n<!-- \/ Yoast SEO plugin. -->","yoast_head_json":{"title":"OPERARIO MUERE POR DESCARGA EL\u00c9CTRICA EN NEIVA - AR Digital Noticias","robots":{"index":"index","follow":"follow","max-snippet":"max-snippet:-1","max-image-preview":"max-image-preview:large","max-video-preview":"max-video-preview:-1"},"canonical":"https:\/\/ardigitalnoticias.com\/index.php\/2024\/06\/07\/operario-muere-por-descarga-electrica-en-neiva\/","og_locale":"es_ES","og_type":"article","og_title":"OPERARIO MUERE POR DESCARGA EL\u00c9CTRICA EN NEIVA - AR Digital Noticias","og_description":"Un tr\u00e1gico accidente ocurri\u00f3 ayer en la v\u00eda que conecta a Neiva con el interior del pa\u00eds, cuando un operario perdi\u00f3 la vida tras recibir una descarga el\u00e9ctrica mientras realizaba trabajos de mantenimiento en una valla informativa. POR:ANDR\u00c9S RODR\u00cdGUEZ. El hecho tuvo lugar en el kil\u00f3metro dos de este corredor vial. Hugo Nelson Mart\u00ednez Celis, [&hellip;]","og_url":"https:\/\/ardigitalnoticias.com\/index.php\/2024\/06\/07\/operario-muere-por-descarga-electrica-en-neiva\/","og_site_name":"AR Digital Noticias","article_published_time":"2024-06-07T11:43:51+00:00","article_modified_time":"2024-06-07T11:43:52+00:00","og_image":[{"width":1920,"height":1079,"url":"https:\/\/ardigitalnoticias.com\/wp-content\/uploads\/2024\/06\/InShot_20240607_063623508.jpg","type":"image\/jpeg"}],"author":"Editor ArDigitalNoticias","twitter_card":"summary_large_image","twitter_misc":{"Escrito por":"Editor ArDigitalNoticias","Tiempo de lectura":"2 minutos"},"schema":{"@context":"https:\/\/schema.org","@graph":[{"@type":"Article","@id":"https:\/\/ardigitalnoticias.com\/index.php\/2024\/06\/07\/operario-muere-por-descarga-electrica-en-neiva\/#article","isPartOf":{"@id":"https:\/\/ardigitalnoticias.com\/index.php\/2024\/06\/07\/operario-muere-por-descarga-electrica-en-neiva\/"},"author":{"name":"Editor ArDigitalNoticias","@id":"https:\/\/ardigitalnoticias.com\/#\/schema\/person\/759c8138ebc77e85adb1aa750003a751"},"headline":"OPERARIO MUERE POR DESCARGA EL\u00c9CTRICA EN NEIVA","datePublished":"2024-06-07T11:43:51+00:00","dateModified":"2024-06-07T11:43:52+00:00","mainEntityOfPage":{"@id":"https:\/\/ardigitalnoticias.com\/index.php\/2024\/06\/07\/operario-muere-por-descarga-electrica-en-neiva\/"},"wordCount":146,"commentCount":0,"publisher":{"@id":"https:\/\/ardigitalnoticias.com\/#organization"},"image":{"@id":"https:\/\/ardigitalnoticias.com\/index.php\/2024\/06\/07\/operario-muere-por-descarga-electrica-en-neiva\/#primaryimage"},"thumbnailUrl":"https:\/\/ardigitalnoticias.com\/wp-content\/uploads\/2024\/06\/InShot_20240607_063623508.jpg","articleSection":["Actualidad","Judicial","Norte","Regional"],"inLanguage":"es","potentialAction":[{"@type":"CommentAction","name":"Comment","target":["https:\/\/ardigitalnoticias.com\/index.php\/2024\/06\/07\/operario-muere-por-descarga-electrica-en-neiva\/#respond"]}]},{"@type":"WebPage","@id":"https:\/\/ardigitalnoticias.com\/index.php\/2024\/06\/07\/operario-muere-por-descarga-electrica-en-neiva\/","url":"https:\/\/ardigitalnoticias.com\/index.php\/2024\/06\/07\/operario-muere-por-descarga-electrica-en-neiva\/","name":"OPERARIO MUERE POR DESCARGA EL\u00c9CTRICA EN NEIVA - AR Digital Noticias","isPartOf":{"@id":"https:\/\/ardigitalnoticias.com\/#website"},"primaryImageOfPage":{"@id":"https:\/\/ardigitalnoticias.com\/index.php\/2024\/06\/07\/operario-muere-por-descarga-electrica-en-neiva\/#primaryimage"},"image":{"@id":"https:\/\/ardigitalnoticias.com\/index.php\/2024\/06\/07\/operario-muere-por-descarga-electrica-en-neiva\/#primaryimage"},"thumbnailUrl":"https:\/\/ardigitalnoticias.com\/wp-content\/uploads\/2024\/06\/InShot_20240607_063623508.jpg","datePublished":"2024-06-07T11:43:51+00:00","dateModified":"2024-06-07T11:43:52+00:00","breadcrumb":{"@id":"https:\/\/ardigitalnoticias.com\/index.php\/2024\/06\/07\/operario-muere-por-descarga-electrica-en-neiva\/#breadcrumb"},"inLanguage":"es","potentialAction":[{"@type":"ReadAction","target":["https:\/\/ardigitalnoticias.com\/index.php\/2024\/06\/07\/operario-muere-por-descarga-electrica-en-neiva\/"]}]},{"@type":"ImageObject","inLanguage":"es","@id":"https:\/\/ardigitalnoticias.com\/index.php\/2024\/06\/07\/operario-muere-por-descarga-electrica-en-neiva\/#primaryimage","url":"https:\/\/ardigitalnoticias.com\/wp-content\/uploads\/2024\/06\/InShot_20240607_063623508.jpg","contentUrl":"https:\/\/ardigitalnoticias.com\/wp-content\/uploads\/2024\/06\/InShot_20240607_063623508.jpg","width":1920,"height":1079},{"@type":"BreadcrumbList","@id":"https:\/\/ardigitalnoticias.com\/index.php\/2024\/06\/07\/operario-muere-por-descarga-electrica-en-neiva\/#breadcrumb","itemListElement":[{"@type":"ListItem","position":1,"name":"Portada","item":"https:\/\/ardigitalnoticias.com\/"},{"@type":"ListItem","position":2,"name":"OPERARIO MUERE POR DESCARGA EL\u00c9CTRICA EN NEIVA"}]},{"@type":"WebSite","@id":"https:\/\/ardigitalnoticias.com\/#website","url":"https:\/\/ardigitalnoticias.com\/","name":"AR Digital Noticias","description":"","publisher":{"@id":"https:\/\/ardigitalnoticias.com\/#organization"},"potentialAction":[{"@type":"SearchAction","target":{"@type":"EntryPoint","urlTemplate":"https:\/\/ardigitalnoticias.com\/?s={search_term_string}"},"query-input":{"@type":"PropertyValueSpecification","valueRequired":true,"valueName":"search_term_string"}}],"inLanguage":"es"},{"@type":"Organization","@id":"https:\/\/ardigitalnoticias.com\/#organization","name":"AR Digital Noticias","url":"https:\/\/ardigitalnoticias.com\/","logo":{"@type":"ImageObject","inLanguage":"es","@id":"https:\/\/ardigitalnoticias.com\/#\/schema\/logo\/image\/","url":"https:\/\/ardigitalnoticias.com\/wp-content\/uploads\/2023\/11\/cropped-cropped-cropped-cropped-AR-Digital-Noticias-1.png","contentUrl":"https:\/\/ardigitalnoticias.com\/wp-content\/uploads\/2023\/11\/cropped-cropped-cropped-cropped-AR-Digital-Noticias-1.png","width":972,"height":306,"caption":"AR Digital Noticias"},"image":{"@id":"https:\/\/ardigitalnoticias.com\/#\/schema\/logo\/image\/"}},{"@type":"Person","@id":"https:\/\/ardigitalnoticias.com\/#\/schema\/person\/759c8138ebc77e85adb1aa750003a751","name":"Editor ArDigitalNoticias","image":{"@type":"ImageObject","inLanguage":"es","@id":"https:\/\/secure.gravatar.com\/avatar\/2c7f3656ea34567ef10422f22f4395b6cc422854a0b986ba788597ac36902f93?s=96&d=mm&r=g","url":"https:\/\/secure.gravatar.com\/avatar\/2c7f3656ea34567ef10422f22f4395b6cc422854a0b986ba788597ac36902f93?s=96&d=mm&r=g","contentUrl":"https:\/\/secure.gravatar.com\/avatar\/2c7f3656ea34567ef10422f22f4395b6cc422854a0b986ba788597ac36902f93?s=96&d=mm&r=g","caption":"Editor ArDigitalNoticias"},"sameAs":["http:\/\/ardigitalnoticias.com"],"url":"https:\/\/ardigitalnoticias.com\/index.php\/author\/editor\/"}]}},"_links":{"self":[{"href":"https:\/\/ardigitalnoticias.com\/index.php\/wp-json\/wp\/v2\/posts\/4722","targetHints":{"allow":["GET"]}}],"collection":[{"href":"https:\/\/ardigitalnoticias.com\/index.php\/wp-json\/wp\/v2\/posts"}],"about":[{"href":"https:\/\/ardigitalnoticias.com\/index.php\/wp-json\/wp\/v2\/types\/post"}],"author":[{"embeddable":true,"href":"https:\/\/ardigitalnoticias.com\/index.php\/wp-json\/wp\/v2\/users\/3"}],"replies":[{"embeddable":true,"href":"https:\/\/ardigitalnoticias.com\/index.php\/wp-json\/wp\/v2\/comments?post=4722"}],"version-history":[{"count":1,"href":"https:\/\/ardigitalnoticias.com\/index.php\/wp-json\/wp\/v2\/posts\/4722\/revisions"}],"predecessor-version":[{"id":4726,"href":"https:\/\/ardigitalnoticias.com\/index.php\/wp-json\/wp\/v2\/posts\/4722\/revisions\/4726"}],"wp:featuredmedia":[{"embeddable":true,"href":"https:\/\/ardigitalnoticias.com\/index.php\/wp-json\/wp\/v2\/media\/4725"}],"wp:attachment":[{"href":"https:\/\/ardigitalnoticias.com\/index.php\/wp-json\/wp\/v2\/media?parent=4722"}],"wp:term":[{"taxonomy":"category","embeddable":true,"href":"https:\/\/ardigitalnoticias.com\/index.php\/wp-json\/wp\/v2\/categories?post=4722"},{"taxonomy":"post_tag","embeddable":true,"href":"https:\/\/ardigitalnoticias.com\/index.php\/wp-json\/wp\/v2\/tags?post=4722"}],"curies":[{"name":"wp","href":"https:\/\/api.w.org\/{rel}","templated":true}]}}