{"id":4604,"date":"2024-05-27T08:18:03","date_gmt":"2024-05-27T13:18:03","guid":{"rendered":"https:\/\/ardigitalnoticias.com\/?p=4604"},"modified":"2024-05-27T08:18:04","modified_gmt":"2024-05-27T13:18:04","slug":"parroco-de-neiva-herido-en-atraco-inseguridad-desbordada-en-la-capital-del-huila","status":"publish","type":"post","link":"https:\/\/ardigitalnoticias.com\/index.php\/2024\/05\/27\/parroco-de-neiva-herido-en-atraco-inseguridad-desbordada-en-la-capital-del-huila\/","title":{"rendered":"P\u00c1RROCO DE NEIVA HERIDO EN ATRACO, INSEGURIDAD DESBORDADA EN LA CAPITAL DEL HUILA"},"content":{"rendered":"\n<p>En un acto de violencia que ha conmocionado a la comunidad de Neiva, el p\u00e1rroco de la iglesia Nuestra Se\u00f1ora de Ar\u00e1nzazu, \u00c1ngel Alberto Pardo Medina, de 69 a\u00f1os, fue atacado con un arma blanca durante un atraco.<\/p>\n\n\n\n<p><strong>POR: ANDR\u00c9S RODR\u00cdGUEZ. <\/strong><\/p>\n\n\n<div class=\"wp-block-image\">\n<figure class=\"aligncenter size-large\"><img loading=\"lazy\" decoding=\"async\" width=\"825\" height=\"1024\" src=\"https:\/\/ardigitalnoticias.com\/wp-content\/uploads\/2024\/05\/InShot_20240527_081359732-825x1024.jpg\" alt=\"\" class=\"wp-image-4605\" srcset=\"https:\/\/ardigitalnoticias.com\/wp-content\/uploads\/2024\/05\/InShot_20240527_081359732-825x1024.jpg 825w, https:\/\/ardigitalnoticias.com\/wp-content\/uploads\/2024\/05\/InShot_20240527_081359732-242x300.jpg 242w, https:\/\/ardigitalnoticias.com\/wp-content\/uploads\/2024\/05\/InShot_20240527_081359732-768x954.jpg 768w, https:\/\/ardigitalnoticias.com\/wp-content\/uploads\/2024\/05\/InShot_20240527_081359732-1237x1536.jpg 1237w, https:\/\/ardigitalnoticias.com\/wp-content\/uploads\/2024\/05\/InShot_20240527_081359732-150x186.jpg 150w, https:\/\/ardigitalnoticias.com\/wp-content\/uploads\/2024\/05\/InShot_20240527_081359732-300x373.jpg 300w, https:\/\/ardigitalnoticias.com\/wp-content\/uploads\/2024\/05\/InShot_20240527_081359732-696x864.jpg 696w, https:\/\/ardigitalnoticias.com\/wp-content\/uploads\/2024\/05\/InShot_20240527_081359732-1068x1326.jpg 1068w, https:\/\/ardigitalnoticias.com\/wp-content\/uploads\/2024\/05\/InShot_20240527_081359732.jpg 1546w\" sizes=\"auto, (max-width: 825px) 100vw, 825px\" \/><figcaption class=\"wp-element-caption\">P\u00e1rroco \u00c1ngel <strong>Alberto Pardo Medina<\/strong><\/figcaption><\/figure>\n<\/div>\n\n\n<p>Los delincuentes lo agredieron a la altura de la clav\u00edcula y huyeron del lugar con su celular. El sacerdote tuvo que ser hospitalizado.<\/p>\n\n\n\n<p>El ataque ocurri\u00f3 el pasado viernes a plena luz del d\u00eda, en la intersecci\u00f3n de la calle 7 con carrera 27 del barrio La Gaitana, en la comuna Siete de Neiva. Eran aproximadamente las 5:30 de la tarde cuando el sacerdote, quien caminaba por una v\u00eda p\u00fablica, fue interceptado por varios delincuentes. Los asaltantes lo amenazaron con un arma blanca para que no ofreciera resistencia.<\/p>\n\n\n\n<p>Seg\u00fan los testigos, el padre \u00c1ngel Alberto Pardo Medina, al ver la agresi\u00f3n, entr\u00f3 en p\u00e1nico, lo que facilit\u00f3 a los delincuentes agredirlo con un pu\u00f1al. El sacerdote recibi\u00f3 una herida en la clav\u00edcula y qued\u00f3 sangrando en el lugar. Acto seguido, los criminales se dieron a la fuga, llev\u00e1ndose consigo el celular del religioso.<\/p>\n\n\n\n<p>Los vecinos, al percatarse del ataque, acudieron r\u00e1pidamente en auxilio del p\u00e1rroco. Lo trasladaron de inmediato a un hospital en la capital del Huila, donde recibi\u00f3 atenci\u00f3n m\u00e9dica. La agresi\u00f3n ha generado un profundo rechazo entre los habitantes de la ciudad, quienes lamentan que un miembro tan querido y respetado de la comunidad haya sido v\u00edctima de un acto tan violento.<\/p>\n\n\n\n<p>\u201cEs muy triste que un cura que le ha servido a la comunidad y que es muy querido lo lastimen as\u00ed\u201d, expres\u00f3 un residente del barrio La Gaitana, reflejando el sentir de muchos neivanos.<\/p>\n\n\n\n<p>Este incidente ha intensificado las demandas de los ciudadanos hacia las autoridades locales para mejorar la seguridad en la ciudad. La comunidad le ha solicitado al alcalde Germ\u00e1n Casagua tomar medidas urgentes para proteger a los habitantes de Neiva y evitar que hechos como este se repitan.<\/p>\n\n\n\n<p>El ataque al padre Pardo Medina no es un caso aislado, sino parte de una ola de delincuencia que ha estado azotando la capital del Huila. La inseguridad creciente en Neiva preocupa a los residentes, quienes sienten que sus calles ya no son seguras.<\/p>\n\n\n\n<p>La poblaci\u00f3n de Neiva espera respuestas contundentes por parte del gobierno local. Las propuestas incluyen el aumento de la vigilancia policial, la instalaci\u00f3n de c\u00e1maras de seguridad y la implementaci\u00f3n de programas comunitarios de prevenci\u00f3n del delito. La comunidad tambi\u00e9n ha comenzado a organizarse para realizar vigilias y marchas pac\u00edficas, exigiendo paz y seguridad en sus barrios.<\/p>\n\n\n\n<p>El dolor y la indignaci\u00f3n son palpables entre los vecinos, quienes esperan que este tr\u00e1gico evento sirva como un llamado de atenci\u00f3n para las autoridades y que se tomen las acciones necesarias para garantizar la seguridad y el bienestar de todos los ciudadanos. La herida del padre \u00c1ngel Alberto Pardo Medina simboliza una herida en el tejido social de Neiva, que clama por justicia y un cambio radical en las pol\u00edticas de seguridad de la ciudad.<\/p>\n\n\n<div class=\"wp-block-image\">\n<figure class=\"aligncenter size-large\"><img loading=\"lazy\" decoding=\"async\" width=\"1024\" height=\"1024\" src=\"https:\/\/ardigitalnoticias.com\/wp-content\/uploads\/2024\/05\/FB_IMG_1716814772058-1024x1024.jpg\" alt=\"\" class=\"wp-image-4606\" srcset=\"https:\/\/ardigitalnoticias.com\/wp-content\/uploads\/2024\/05\/FB_IMG_1716814772058-1024x1024.jpg 1024w, https:\/\/ardigitalnoticias.com\/wp-content\/uploads\/2024\/05\/FB_IMG_1716814772058-300x300.jpg 300w, https:\/\/ardigitalnoticias.com\/wp-content\/uploads\/2024\/05\/FB_IMG_1716814772058-150x150.jpg 150w, https:\/\/ardigitalnoticias.com\/wp-content\/uploads\/2024\/05\/FB_IMG_1716814772058-768x768.jpg 768w, https:\/\/ardigitalnoticias.com\/wp-content\/uploads\/2024\/05\/FB_IMG_1716814772058-696x696.jpg 696w, https:\/\/ardigitalnoticias.com\/wp-content\/uploads\/2024\/05\/FB_IMG_1716814772058-1068x1068.jpg 1068w, https:\/\/ardigitalnoticias.com\/wp-content\/uploads\/2024\/05\/FB_IMG_1716814772058.jpg 1080w\" sizes=\"auto, (max-width: 1024px) 100vw, 1024px\" \/><\/figure>\n<\/div>","protected":false},"excerpt":{"rendered":"<p>En un acto de violencia que ha conmocionado a la comunidad de Neiva, el p\u00e1rroco de la iglesia Nuestra Se\u00f1ora de Ar\u00e1nzazu, \u00c1ngel Alberto Pardo Medina, de 69 a\u00f1os, fue atacado con un arma blanca durante un atraco. POR: ANDR\u00c9S RODR\u00cdGUEZ. Los delincuentes lo agredieron a la altura de la clav\u00edcula y huyeron del lugar [&hellip;]<\/p>\n","protected":false},"author":3,"featured_media":4607,"comment_status":"open","ping_status":"open","sticky":false,"template":"","format":"standard","meta":{"_acf_changed":false,"_joinchat":[],"footnotes":""},"categories":[20,26,19],"tags":[],"class_list":{"0":"post-4604","1":"post","2":"type-post","3":"status-publish","4":"format-standard","5":"has-post-thumbnail","7":"category-judicial","8":"category-norte","9":"category-regional"},"acf":[],"yoast_head":"<!-- This site is optimized with the Yoast SEO plugin v27.4 - https:\/\/yoast.com\/product\/yoast-seo-wordpress\/ -->\n<title>P\u00c1RROCO DE NEIVA HERIDO EN ATRACO, INSEGURIDAD DESBORDADA EN LA CAPITAL DEL HUILA - AR Digital Noticias<\/title>\n<meta name=\"robots\" content=\"index, follow, max-snippet:-1, max-image-preview:large, max-video-preview:-1\" \/>\n<link rel=\"canonical\" href=\"https:\/\/www.ardigitalnoticias.com\/index.php\/2024\/05\/27\/parroco-de-neiva-herido-en-atraco-inseguridad-desbordada-en-la-capital-del-huila\/\" \/>\n<meta property=\"og:locale\" content=\"es_ES\" \/>\n<meta property=\"og:type\" content=\"article\" \/>\n<meta property=\"og:title\" content=\"P\u00c1RROCO DE NEIVA HERIDO EN ATRACO, INSEGURIDAD DESBORDADA EN LA CAPITAL DEL HUILA - AR Digital Noticias\" \/>\n<meta property=\"og:description\" content=\"En un acto de violencia que ha conmocionado a la comunidad de Neiva, el p\u00e1rroco de la iglesia Nuestra Se\u00f1ora de Ar\u00e1nzazu, \u00c1ngel Alberto Pardo Medina, de 69 a\u00f1os, fue atacado con un arma blanca durante un atraco. POR: ANDR\u00c9S RODR\u00cdGUEZ. Los delincuentes lo agredieron a la altura de la clav\u00edcula y huyeron del lugar [&hellip;]\" \/>\n<meta property=\"og:url\" content=\"https:\/\/www.ardigitalnoticias.com\/index.php\/2024\/05\/27\/parroco-de-neiva-herido-en-atraco-inseguridad-desbordada-en-la-capital-del-huila\/\" \/>\n<meta property=\"og:site_name\" content=\"AR Digital Noticias\" \/>\n<meta property=\"article:published_time\" content=\"2024-05-27T13:18:03+00:00\" \/>\n<meta property=\"article:modified_time\" content=\"2024-05-27T13:18:04+00:00\" \/>\n<meta property=\"og:image\" content=\"https:\/\/www.ardigitalnoticias.com\/wp-content\/uploads\/2024\/05\/InShot_20240527_080950068.jpg\" \/>\n\t<meta property=\"og:image:width\" content=\"1920\" \/>\n\t<meta property=\"og:image:height\" content=\"1079\" \/>\n\t<meta property=\"og:image:type\" content=\"image\/jpeg\" \/>\n<meta name=\"author\" content=\"Editor ArDigitalNoticias\" \/>\n<meta name=\"twitter:card\" content=\"summary_large_image\" \/>\n<meta name=\"twitter:label1\" content=\"Escrito por\" \/>\n\t<meta name=\"twitter:data1\" content=\"Editor ArDigitalNoticias\" \/>\n\t<meta name=\"twitter:label2\" content=\"Tiempo de lectura\" \/>\n\t<meta name=\"twitter:data2\" content=\"3 minutos\" \/>\n<script type=\"application\/ld+json\" class=\"yoast-schema-graph\">{\"@context\":\"https:\\\/\\\/schema.org\",\"@graph\":[{\"@type\":\"Article\",\"@id\":\"https:\\\/\\\/www.ardigitalnoticias.com\\\/index.php\\\/2024\\\/05\\\/27\\\/parroco-de-neiva-herido-en-atraco-inseguridad-desbordada-en-la-capital-del-huila\\\/#article\",\"isPartOf\":{\"@id\":\"https:\\\/\\\/www.ardigitalnoticias.com\\\/index.php\\\/2024\\\/05\\\/27\\\/parroco-de-neiva-herido-en-atraco-inseguridad-desbordada-en-la-capital-del-huila\\\/\"},\"author\":{\"name\":\"Editor ArDigitalNoticias\",\"@id\":\"https:\\\/\\\/ardigitalnoticias.com\\\/#\\\/schema\\\/person\\\/759c8138ebc77e85adb1aa750003a751\"},\"headline\":\"P\u00c1RROCO DE NEIVA HERIDO EN ATRACO, INSEGURIDAD DESBORDADA EN LA CAPITAL DEL HUILA\",\"datePublished\":\"2024-05-27T13:18:03+00:00\",\"dateModified\":\"2024-05-27T13:18:04+00:00\",\"mainEntityOfPage\":{\"@id\":\"https:\\\/\\\/www.ardigitalnoticias.com\\\/index.php\\\/2024\\\/05\\\/27\\\/parroco-de-neiva-herido-en-atraco-inseguridad-desbordada-en-la-capital-del-huila\\\/\"},\"wordCount\":554,\"commentCount\":0,\"publisher\":{\"@id\":\"https:\\\/\\\/ardigitalnoticias.com\\\/#organization\"},\"image\":{\"@id\":\"https:\\\/\\\/www.ardigitalnoticias.com\\\/index.php\\\/2024\\\/05\\\/27\\\/parroco-de-neiva-herido-en-atraco-inseguridad-desbordada-en-la-capital-del-huila\\\/#primaryimage\"},\"thumbnailUrl\":\"https:\\\/\\\/ardigitalnoticias.com\\\/wp-content\\\/uploads\\\/2024\\\/05\\\/InShot_20240527_080950068.jpg\",\"articleSection\":[\"Judicial\",\"Norte\",\"Regional\"],\"inLanguage\":\"es\",\"potentialAction\":[{\"@type\":\"CommentAction\",\"name\":\"Comment\",\"target\":[\"https:\\\/\\\/www.ardigitalnoticias.com\\\/index.php\\\/2024\\\/05\\\/27\\\/parroco-de-neiva-herido-en-atraco-inseguridad-desbordada-en-la-capital-del-huila\\\/#respond\"]}]},{\"@type\":\"WebPage\",\"@id\":\"https:\\\/\\\/www.ardigitalnoticias.com\\\/index.php\\\/2024\\\/05\\\/27\\\/parroco-de-neiva-herido-en-atraco-inseguridad-desbordada-en-la-capital-del-huila\\\/\",\"url\":\"https:\\\/\\\/www.ardigitalnoticias.com\\\/index.php\\\/2024\\\/05\\\/27\\\/parroco-de-neiva-herido-en-atraco-inseguridad-desbordada-en-la-capital-del-huila\\\/\",\"name\":\"P\u00c1RROCO DE NEIVA HERIDO EN ATRACO, INSEGURIDAD DESBORDADA EN LA CAPITAL DEL HUILA - AR Digital Noticias\",\"isPartOf\":{\"@id\":\"https:\\\/\\\/ardigitalnoticias.com\\\/#website\"},\"primaryImageOfPage\":{\"@id\":\"https:\\\/\\\/www.ardigitalnoticias.com\\\/index.php\\\/2024\\\/05\\\/27\\\/parroco-de-neiva-herido-en-atraco-inseguridad-desbordada-en-la-capital-del-huila\\\/#primaryimage\"},\"image\":{\"@id\":\"https:\\\/\\\/www.ardigitalnoticias.com\\\/index.php\\\/2024\\\/05\\\/27\\\/parroco-de-neiva-herido-en-atraco-inseguridad-desbordada-en-la-capital-del-huila\\\/#primaryimage\"},\"thumbnailUrl\":\"https:\\\/\\\/ardigitalnoticias.com\\\/wp-content\\\/uploads\\\/2024\\\/05\\\/InShot_20240527_080950068.jpg\",\"datePublished\":\"2024-05-27T13:18:03+00:00\",\"dateModified\":\"2024-05-27T13:18:04+00:00\",\"breadcrumb\":{\"@id\":\"https:\\\/\\\/www.ardigitalnoticias.com\\\/index.php\\\/2024\\\/05\\\/27\\\/parroco-de-neiva-herido-en-atraco-inseguridad-desbordada-en-la-capital-del-huila\\\/#breadcrumb\"},\"inLanguage\":\"es\",\"potentialAction\":[{\"@type\":\"ReadAction\",\"target\":[\"https:\\\/\\\/www.ardigitalnoticias.com\\\/index.php\\\/2024\\\/05\\\/27\\\/parroco-de-neiva-herido-en-atraco-inseguridad-desbordada-en-la-capital-del-huila\\\/\"]}]},{\"@type\":\"ImageObject\",\"inLanguage\":\"es\",\"@id\":\"https:\\\/\\\/www.ardigitalnoticias.com\\\/index.php\\\/2024\\\/05\\\/27\\\/parroco-de-neiva-herido-en-atraco-inseguridad-desbordada-en-la-capital-del-huila\\\/#primaryimage\",\"url\":\"https:\\\/\\\/ardigitalnoticias.com\\\/wp-content\\\/uploads\\\/2024\\\/05\\\/InShot_20240527_080950068.jpg\",\"contentUrl\":\"https:\\\/\\\/ardigitalnoticias.com\\\/wp-content\\\/uploads\\\/2024\\\/05\\\/InShot_20240527_080950068.jpg\",\"width\":1920,\"height\":1079},{\"@type\":\"BreadcrumbList\",\"@id\":\"https:\\\/\\\/www.ardigitalnoticias.com\\\/index.php\\\/2024\\\/05\\\/27\\\/parroco-de-neiva-herido-en-atraco-inseguridad-desbordada-en-la-capital-del-huila\\\/#breadcrumb\",\"itemListElement\":[{\"@type\":\"ListItem\",\"position\":1,\"name\":\"Portada\",\"item\":\"https:\\\/\\\/ardigitalnoticias.com\\\/\"},{\"@type\":\"ListItem\",\"position\":2,\"name\":\"P\u00c1RROCO DE NEIVA HERIDO EN ATRACO, INSEGURIDAD DESBORDADA EN LA CAPITAL DEL HUILA\"}]},{\"@type\":\"WebSite\",\"@id\":\"https:\\\/\\\/ardigitalnoticias.com\\\/#website\",\"url\":\"https:\\\/\\\/ardigitalnoticias.com\\\/\",\"name\":\"AR Digital Noticias\",\"description\":\"\",\"publisher\":{\"@id\":\"https:\\\/\\\/ardigitalnoticias.com\\\/#organization\"},\"potentialAction\":[{\"@type\":\"SearchAction\",\"target\":{\"@type\":\"EntryPoint\",\"urlTemplate\":\"https:\\\/\\\/ardigitalnoticias.com\\\/?s={search_term_string}\"},\"query-input\":{\"@type\":\"PropertyValueSpecification\",\"valueRequired\":true,\"valueName\":\"search_term_string\"}}],\"inLanguage\":\"es\"},{\"@type\":\"Organization\",\"@id\":\"https:\\\/\\\/ardigitalnoticias.com\\\/#organization\",\"name\":\"AR Digital Noticias\",\"url\":\"https:\\\/\\\/ardigitalnoticias.com\\\/\",\"logo\":{\"@type\":\"ImageObject\",\"inLanguage\":\"es\",\"@id\":\"https:\\\/\\\/ardigitalnoticias.com\\\/#\\\/schema\\\/logo\\\/image\\\/\",\"url\":\"https:\\\/\\\/ardigitalnoticias.com\\\/wp-content\\\/uploads\\\/2023\\\/11\\\/cropped-cropped-cropped-cropped-AR-Digital-Noticias-1.png\",\"contentUrl\":\"https:\\\/\\\/ardigitalnoticias.com\\\/wp-content\\\/uploads\\\/2023\\\/11\\\/cropped-cropped-cropped-cropped-AR-Digital-Noticias-1.png\",\"width\":972,\"height\":306,\"caption\":\"AR Digital Noticias\"},\"image\":{\"@id\":\"https:\\\/\\\/ardigitalnoticias.com\\\/#\\\/schema\\\/logo\\\/image\\\/\"}},{\"@type\":\"Person\",\"@id\":\"https:\\\/\\\/ardigitalnoticias.com\\\/#\\\/schema\\\/person\\\/759c8138ebc77e85adb1aa750003a751\",\"name\":\"Editor ArDigitalNoticias\",\"image\":{\"@type\":\"ImageObject\",\"inLanguage\":\"es\",\"@id\":\"https:\\\/\\\/secure.gravatar.com\\\/avatar\\\/2c7f3656ea34567ef10422f22f4395b6cc422854a0b986ba788597ac36902f93?s=96&d=mm&r=g\",\"url\":\"https:\\\/\\\/secure.gravatar.com\\\/avatar\\\/2c7f3656ea34567ef10422f22f4395b6cc422854a0b986ba788597ac36902f93?s=96&d=mm&r=g\",\"contentUrl\":\"https:\\\/\\\/secure.gravatar.com\\\/avatar\\\/2c7f3656ea34567ef10422f22f4395b6cc422854a0b986ba788597ac36902f93?s=96&d=mm&r=g\",\"caption\":\"Editor ArDigitalNoticias\"},\"sameAs\":[\"http:\\\/\\\/ardigitalnoticias.com\"],\"url\":\"https:\\\/\\\/ardigitalnoticias.com\\\/index.php\\\/author\\\/editor\\\/\"}]}<\/script>\n<!-- \/ Yoast SEO plugin. -->","yoast_head_json":{"title":"P\u00c1RROCO DE NEIVA HERIDO EN ATRACO, INSEGURIDAD DESBORDADA EN LA CAPITAL DEL HUILA - AR Digital Noticias","robots":{"index":"index","follow":"follow","max-snippet":"max-snippet:-1","max-image-preview":"max-image-preview:large","max-video-preview":"max-video-preview:-1"},"canonical":"https:\/\/www.ardigitalnoticias.com\/index.php\/2024\/05\/27\/parroco-de-neiva-herido-en-atraco-inseguridad-desbordada-en-la-capital-del-huila\/","og_locale":"es_ES","og_type":"article","og_title":"P\u00c1RROCO DE NEIVA HERIDO EN ATRACO, INSEGURIDAD DESBORDADA EN LA CAPITAL DEL HUILA - AR Digital Noticias","og_description":"En un acto de violencia que ha conmocionado a la comunidad de Neiva, el p\u00e1rroco de la iglesia Nuestra Se\u00f1ora de Ar\u00e1nzazu, \u00c1ngel Alberto Pardo Medina, de 69 a\u00f1os, fue atacado con un arma blanca durante un atraco. POR: ANDR\u00c9S RODR\u00cdGUEZ. Los delincuentes lo agredieron a la altura de la clav\u00edcula y huyeron del lugar [&hellip;]","og_url":"https:\/\/www.ardigitalnoticias.com\/index.php\/2024\/05\/27\/parroco-de-neiva-herido-en-atraco-inseguridad-desbordada-en-la-capital-del-huila\/","og_site_name":"AR Digital Noticias","article_published_time":"2024-05-27T13:18:03+00:00","article_modified_time":"2024-05-27T13:18:04+00:00","og_image":[{"width":1920,"height":1079,"url":"https:\/\/www.ardigitalnoticias.com\/wp-content\/uploads\/2024\/05\/InShot_20240527_080950068.jpg","type":"image\/jpeg"}],"author":"Editor ArDigitalNoticias","twitter_card":"summary_large_image","twitter_misc":{"Escrito por":"Editor ArDigitalNoticias","Tiempo de lectura":"3 minutos"},"schema":{"@context":"https:\/\/schema.org","@graph":[{"@type":"Article","@id":"https:\/\/www.ardigitalnoticias.com\/index.php\/2024\/05\/27\/parroco-de-neiva-herido-en-atraco-inseguridad-desbordada-en-la-capital-del-huila\/#article","isPartOf":{"@id":"https:\/\/www.ardigitalnoticias.com\/index.php\/2024\/05\/27\/parroco-de-neiva-herido-en-atraco-inseguridad-desbordada-en-la-capital-del-huila\/"},"author":{"name":"Editor ArDigitalNoticias","@id":"https:\/\/ardigitalnoticias.com\/#\/schema\/person\/759c8138ebc77e85adb1aa750003a751"},"headline":"P\u00c1RROCO DE NEIVA HERIDO EN ATRACO, INSEGURIDAD DESBORDADA EN LA CAPITAL DEL HUILA","datePublished":"2024-05-27T13:18:03+00:00","dateModified":"2024-05-27T13:18:04+00:00","mainEntityOfPage":{"@id":"https:\/\/www.ardigitalnoticias.com\/index.php\/2024\/05\/27\/parroco-de-neiva-herido-en-atraco-inseguridad-desbordada-en-la-capital-del-huila\/"},"wordCount":554,"commentCount":0,"publisher":{"@id":"https:\/\/ardigitalnoticias.com\/#organization"},"image":{"@id":"https:\/\/www.ardigitalnoticias.com\/index.php\/2024\/05\/27\/parroco-de-neiva-herido-en-atraco-inseguridad-desbordada-en-la-capital-del-huila\/#primaryimage"},"thumbnailUrl":"https:\/\/ardigitalnoticias.com\/wp-content\/uploads\/2024\/05\/InShot_20240527_080950068.jpg","articleSection":["Judicial","Norte","Regional"],"inLanguage":"es","potentialAction":[{"@type":"CommentAction","name":"Comment","target":["https:\/\/www.ardigitalnoticias.com\/index.php\/2024\/05\/27\/parroco-de-neiva-herido-en-atraco-inseguridad-desbordada-en-la-capital-del-huila\/#respond"]}]},{"@type":"WebPage","@id":"https:\/\/www.ardigitalnoticias.com\/index.php\/2024\/05\/27\/parroco-de-neiva-herido-en-atraco-inseguridad-desbordada-en-la-capital-del-huila\/","url":"https:\/\/www.ardigitalnoticias.com\/index.php\/2024\/05\/27\/parroco-de-neiva-herido-en-atraco-inseguridad-desbordada-en-la-capital-del-huila\/","name":"P\u00c1RROCO DE NEIVA HERIDO EN ATRACO, INSEGURIDAD DESBORDADA EN LA CAPITAL DEL HUILA - AR Digital Noticias","isPartOf":{"@id":"https:\/\/ardigitalnoticias.com\/#website"},"primaryImageOfPage":{"@id":"https:\/\/www.ardigitalnoticias.com\/index.php\/2024\/05\/27\/parroco-de-neiva-herido-en-atraco-inseguridad-desbordada-en-la-capital-del-huila\/#primaryimage"},"image":{"@id":"https:\/\/www.ardigitalnoticias.com\/index.php\/2024\/05\/27\/parroco-de-neiva-herido-en-atraco-inseguridad-desbordada-en-la-capital-del-huila\/#primaryimage"},"thumbnailUrl":"https:\/\/ardigitalnoticias.com\/wp-content\/uploads\/2024\/05\/InShot_20240527_080950068.jpg","datePublished":"2024-05-27T13:18:03+00:00","dateModified":"2024-05-27T13:18:04+00:00","breadcrumb":{"@id":"https:\/\/www.ardigitalnoticias.com\/index.php\/2024\/05\/27\/parroco-de-neiva-herido-en-atraco-inseguridad-desbordada-en-la-capital-del-huila\/#breadcrumb"},"inLanguage":"es","potentialAction":[{"@type":"ReadAction","target":["https:\/\/www.ardigitalnoticias.com\/index.php\/2024\/05\/27\/parroco-de-neiva-herido-en-atraco-inseguridad-desbordada-en-la-capital-del-huila\/"]}]},{"@type":"ImageObject","inLanguage":"es","@id":"https:\/\/www.ardigitalnoticias.com\/index.php\/2024\/05\/27\/parroco-de-neiva-herido-en-atraco-inseguridad-desbordada-en-la-capital-del-huila\/#primaryimage","url":"https:\/\/ardigitalnoticias.com\/wp-content\/uploads\/2024\/05\/InShot_20240527_080950068.jpg","contentUrl":"https:\/\/ardigitalnoticias.com\/wp-content\/uploads\/2024\/05\/InShot_20240527_080950068.jpg","width":1920,"height":1079},{"@type":"BreadcrumbList","@id":"https:\/\/www.ardigitalnoticias.com\/index.php\/2024\/05\/27\/parroco-de-neiva-herido-en-atraco-inseguridad-desbordada-en-la-capital-del-huila\/#breadcrumb","itemListElement":[{"@type":"ListItem","position":1,"name":"Portada","item":"https:\/\/ardigitalnoticias.com\/"},{"@type":"ListItem","position":2,"name":"P\u00c1RROCO DE NEIVA HERIDO EN ATRACO, INSEGURIDAD DESBORDADA EN LA CAPITAL DEL HUILA"}]},{"@type":"WebSite","@id":"https:\/\/ardigitalnoticias.com\/#website","url":"https:\/\/ardigitalnoticias.com\/","name":"AR Digital Noticias","description":"","publisher":{"@id":"https:\/\/ardigitalnoticias.com\/#organization"},"potentialAction":[{"@type":"SearchAction","target":{"@type":"EntryPoint","urlTemplate":"https:\/\/ardigitalnoticias.com\/?s={search_term_string}"},"query-input":{"@type":"PropertyValueSpecification","valueRequired":true,"valueName":"search_term_string"}}],"inLanguage":"es"},{"@type":"Organization","@id":"https:\/\/ardigitalnoticias.com\/#organization","name":"AR Digital Noticias","url":"https:\/\/ardigitalnoticias.com\/","logo":{"@type":"ImageObject","inLanguage":"es","@id":"https:\/\/ardigitalnoticias.com\/#\/schema\/logo\/image\/","url":"https:\/\/ardigitalnoticias.com\/wp-content\/uploads\/2023\/11\/cropped-cropped-cropped-cropped-AR-Digital-Noticias-1.png","contentUrl":"https:\/\/ardigitalnoticias.com\/wp-content\/uploads\/2023\/11\/cropped-cropped-cropped-cropped-AR-Digital-Noticias-1.png","width":972,"height":306,"caption":"AR Digital Noticias"},"image":{"@id":"https:\/\/ardigitalnoticias.com\/#\/schema\/logo\/image\/"}},{"@type":"Person","@id":"https:\/\/ardigitalnoticias.com\/#\/schema\/person\/759c8138ebc77e85adb1aa750003a751","name":"Editor ArDigitalNoticias","image":{"@type":"ImageObject","inLanguage":"es","@id":"https:\/\/secure.gravatar.com\/avatar\/2c7f3656ea34567ef10422f22f4395b6cc422854a0b986ba788597ac36902f93?s=96&d=mm&r=g","url":"https:\/\/secure.gravatar.com\/avatar\/2c7f3656ea34567ef10422f22f4395b6cc422854a0b986ba788597ac36902f93?s=96&d=mm&r=g","contentUrl":"https:\/\/secure.gravatar.com\/avatar\/2c7f3656ea34567ef10422f22f4395b6cc422854a0b986ba788597ac36902f93?s=96&d=mm&r=g","caption":"Editor ArDigitalNoticias"},"sameAs":["http:\/\/ardigitalnoticias.com"],"url":"https:\/\/ardigitalnoticias.com\/index.php\/author\/editor\/"}]}},"_links":{"self":[{"href":"https:\/\/ardigitalnoticias.com\/index.php\/wp-json\/wp\/v2\/posts\/4604","targetHints":{"allow":["GET"]}}],"collection":[{"href":"https:\/\/ardigitalnoticias.com\/index.php\/wp-json\/wp\/v2\/posts"}],"about":[{"href":"https:\/\/ardigitalnoticias.com\/index.php\/wp-json\/wp\/v2\/types\/post"}],"author":[{"embeddable":true,"href":"https:\/\/ardigitalnoticias.com\/index.php\/wp-json\/wp\/v2\/users\/3"}],"replies":[{"embeddable":true,"href":"https:\/\/ardigitalnoticias.com\/index.php\/wp-json\/wp\/v2\/comments?post=4604"}],"version-history":[{"count":1,"href":"https:\/\/ardigitalnoticias.com\/index.php\/wp-json\/wp\/v2\/posts\/4604\/revisions"}],"predecessor-version":[{"id":4608,"href":"https:\/\/ardigitalnoticias.com\/index.php\/wp-json\/wp\/v2\/posts\/4604\/revisions\/4608"}],"wp:featuredmedia":[{"embeddable":true,"href":"https:\/\/ardigitalnoticias.com\/index.php\/wp-json\/wp\/v2\/media\/4607"}],"wp:attachment":[{"href":"https:\/\/ardigitalnoticias.com\/index.php\/wp-json\/wp\/v2\/media?parent=4604"}],"wp:term":[{"taxonomy":"category","embeddable":true,"href":"https:\/\/ardigitalnoticias.com\/index.php\/wp-json\/wp\/v2\/categories?post=4604"},{"taxonomy":"post_tag","embeddable":true,"href":"https:\/\/ardigitalnoticias.com\/index.php\/wp-json\/wp\/v2\/tags?post=4604"}],"curies":[{"name":"wp","href":"https:\/\/api.w.org\/{rel}","templated":true}]}}