{"id":4554,"date":"2024-05-20T23:34:38","date_gmt":"2024-05-21T04:34:38","guid":{"rendered":"https:\/\/ardigitalnoticias.com\/?p=4554"},"modified":"2024-05-22T05:46:37","modified_gmt":"2024-05-22T10:46:37","slug":"municipio-de-garzon-presenta-su-plan-plurianual-de-inversiones","status":"publish","type":"post","link":"https:\/\/ardigitalnoticias.com\/index.php\/2024\/05\/20\/municipio-de-garzon-presenta-su-plan-plurianual-de-inversiones\/","title":{"rendered":"MUNICIPIO DE GARZ\u00d3N PRESENTA SU PLAN PLURIANUAL DE INVERSIONES"},"content":{"rendered":"\n<p>Bajo el liderazgo del se\u00f1or alcalde Francisco Calder\u00f3n Feriz, se llev\u00f3 a cabo la audiencia p\u00fablica del Plan Plurianual de Inversiones del Municipio de Garz\u00f3n.<\/p>\n\n\n\n<p><strong>POR: ANDR\u00c9S RODR\u00cdGUEZ. <\/strong><\/p>\n\n\n<div class=\"wp-block-image\">\n<figure class=\"aligncenter size-large\"><img loading=\"lazy\" decoding=\"async\" width=\"1300\" height=\"866\" src=\"https:\/\/ardigitalnoticias.com\/wp-content\/uploads\/2024\/05\/IMG-20240520-WA0727-edited.jpg\" alt=\"\" class=\"wp-image-4561\" srcset=\"https:\/\/ardigitalnoticias.com\/wp-content\/uploads\/2024\/05\/IMG-20240520-WA0727-edited.jpg 1300w, https:\/\/ardigitalnoticias.com\/wp-content\/uploads\/2024\/05\/IMG-20240520-WA0727-edited-300x200.jpg 300w, https:\/\/ardigitalnoticias.com\/wp-content\/uploads\/2024\/05\/IMG-20240520-WA0727-edited-1024x682.jpg 1024w, https:\/\/ardigitalnoticias.com\/wp-content\/uploads\/2024\/05\/IMG-20240520-WA0727-edited-768x512.jpg 768w, https:\/\/ardigitalnoticias.com\/wp-content\/uploads\/2024\/05\/IMG-20240520-WA0727-edited-150x100.jpg 150w, https:\/\/ardigitalnoticias.com\/wp-content\/uploads\/2024\/05\/IMG-20240520-WA0727-edited-696x464.jpg 696w, https:\/\/ardigitalnoticias.com\/wp-content\/uploads\/2024\/05\/IMG-20240520-WA0727-edited-1068x711.jpg 1068w\" sizes=\"auto, (max-width: 1300px) 100vw, 1300px\" \/><figcaption class=\"wp-element-caption\"><strong>Francisco Calder\u00f3n Feriz Alcalde del Municipio de Garz\u00f3n <\/strong><\/figcaption><\/figure>\n<\/div>\n\n\n<p>Este evento, crucial para la planificaci\u00f3n y ejecuci\u00f3n de las inversiones del cuatrienio del gobierno local, se enmarca dentro del plan de desarrollo \u00abGarz\u00f3n Adelante\u00bb. La audiencia cont\u00f3 con la participaci\u00f3n de concejales, partidos de oposici\u00f3n, l\u00edderes de juntas, representantes de la C\u00e1mara de Comercio, el SENA y la Universidad Surcolombiana (USCO).<\/p>\n\n\n\n<p>La din\u00e1mica de la audiencia fue clara y directa. El grupo consultor y asesor del municipio present\u00f3 los elementos t\u00e9cnicos del plan de inversiones, delineando sus ejes fundamentales y los montos anuales proyectados para los pr\u00f3ximos cuatro a\u00f1os.<\/p>\n\n\n\n<p>\u2705\ufe0f PROYECCIONES DE INVERSI\u00d3N ANUAL <\/p>\n\n\n\n<p>&#8211; A\u00f1o 2024: $162,463,367,453<\/p>\n\n\n\n<p>&#8211; A\u00f1o 2025: $142,797,355,453<\/p>\n\n\n\n<p>&#8211; A\u00f1o 2026: $135,540,139,008<\/p>\n\n\n\n<p>&#8211; A\u00f1o 2027: $150,971,492,133<\/p>\n\n\n\n<p>En total, el Plan Plurianual de Inversiones del Municipio de Garz\u00f3n contempla una inversi\u00f3n aproximada de $591,772,354,430. <\/p>\n\n\n\n<p>El alcalde Francisco Calder\u00f3n Feriz destac\u00f3 la importancia de este plan, afirmando: \u201cCon este plan de inversiones, que surge del plan de desarrollo, pretendemos mejorar e impactar la calidad de vida de los garzone\u00f1os en v\u00edas, acueductos, espacios p\u00fablicos, salud, vivienda, mejoramiento de vivienda y llevar a Garz\u00f3n Adelante\u201d.<\/p>\n\n\n<div class=\"wp-block-image\">\n<figure class=\"aligncenter size-large\"><img loading=\"lazy\" decoding=\"async\" width=\"1024\" height=\"768\" src=\"https:\/\/ardigitalnoticias.com\/wp-content\/uploads\/2024\/05\/IMG-20240520-WA0234-1024x768.jpg\" alt=\"\" class=\"wp-image-4558\" srcset=\"https:\/\/ardigitalnoticias.com\/wp-content\/uploads\/2024\/05\/IMG-20240520-WA0234-1024x768.jpg 1024w, https:\/\/ardigitalnoticias.com\/wp-content\/uploads\/2024\/05\/IMG-20240520-WA0234-300x225.jpg 300w, https:\/\/ardigitalnoticias.com\/wp-content\/uploads\/2024\/05\/IMG-20240520-WA0234-768x576.jpg 768w, https:\/\/ardigitalnoticias.com\/wp-content\/uploads\/2024\/05\/IMG-20240520-WA0234-1536x1152.jpg 1536w, https:\/\/ardigitalnoticias.com\/wp-content\/uploads\/2024\/05\/IMG-20240520-WA0234-150x113.jpg 150w, https:\/\/ardigitalnoticias.com\/wp-content\/uploads\/2024\/05\/IMG-20240520-WA0234-696x522.jpg 696w, https:\/\/ardigitalnoticias.com\/wp-content\/uploads\/2024\/05\/IMG-20240520-WA0234-1068x801.jpg 1068w, https:\/\/ardigitalnoticias.com\/wp-content\/uploads\/2024\/05\/IMG-20240520-WA0234.jpg 1600w\" sizes=\"auto, (max-width: 1024px) 100vw, 1024px\" \/><\/figure>\n<\/div>\n\n\n<p>\u2705\ufe0f PARTICIPACI\u00d3N CIUDADANA Y TRANSPARENCIA<\/p>\n\n\n\n<p>La audiencia p\u00fablica tambi\u00e9n se transmiti\u00f3 en vivo, permitiendo a los ciudadanos y a los asistentes realizar preguntas que fueron respondidas por el alcalde. Este enfoque de transparencia y participaci\u00f3n ciudadana es fundamental para asegurar que las inversiones reflejen las necesidades y expectativas de la comunidad.<\/p>\n\n\n\n<p>El Plan Plurianual de Inversiones es una hoja de ruta vital para el desarrollo sostenible de Garz\u00f3n, con proyectos que abarcan desde infraestructura vial hasta mejoramientos en salud y vivienda. La administraci\u00f3n local, encabezada por Calder\u00f3n Feriz, est\u00e1 comprometida en llevar adelante iniciativas que promuevan un crecimiento inclusivo y equitativo.<\/p>\n\n\n<div class=\"wp-block-image\">\n<figure class=\"aligncenter size-large is-resized\"><img loading=\"lazy\" decoding=\"async\" width=\"1024\" height=\"768\" src=\"https:\/\/ardigitalnoticias.com\/wp-content\/uploads\/2024\/05\/IMG-20240520-WA0233-1024x768.jpg\" alt=\"\" class=\"wp-image-4557\" style=\"width:514px;height:auto\" srcset=\"https:\/\/ardigitalnoticias.com\/wp-content\/uploads\/2024\/05\/IMG-20240520-WA0233-1024x768.jpg 1024w, https:\/\/ardigitalnoticias.com\/wp-content\/uploads\/2024\/05\/IMG-20240520-WA0233-300x225.jpg 300w, https:\/\/ardigitalnoticias.com\/wp-content\/uploads\/2024\/05\/IMG-20240520-WA0233-768x576.jpg 768w, https:\/\/ardigitalnoticias.com\/wp-content\/uploads\/2024\/05\/IMG-20240520-WA0233-1536x1152.jpg 1536w, https:\/\/ardigitalnoticias.com\/wp-content\/uploads\/2024\/05\/IMG-20240520-WA0233-150x113.jpg 150w, https:\/\/ardigitalnoticias.com\/wp-content\/uploads\/2024\/05\/IMG-20240520-WA0233-696x522.jpg 696w, https:\/\/ardigitalnoticias.com\/wp-content\/uploads\/2024\/05\/IMG-20240520-WA0233-1068x801.jpg 1068w, https:\/\/ardigitalnoticias.com\/wp-content\/uploads\/2024\/05\/IMG-20240520-WA0233.jpg 1600w\" sizes=\"auto, (max-width: 1024px) 100vw, 1024px\" \/><\/figure>\n<\/div>\n\n\n<p>\u2705\ufe0f IMPACTO EN LA COMUNIDAD<\/p>\n\n\n\n<p>Los recursos destinados a este plan no solo buscan mejorar las condiciones f\u00edsicas del municipio, sino tambi\u00e9n fortalecer el tejido social y econ\u00f3mico. Inversiones en acueductos, espacios p\u00fablicos y viviendas significan no solo obras f\u00edsicas, sino tambi\u00e9n calidad de vida y bienestar para los habitantes de Garz\u00f3n.<\/p>\n\n\n\n<p>El respaldo de diferentes sectores de la comunidad y la participaci\u00f3n activa de los ciudadanos en esta audiencia refuerzan la legitimidad y el compromiso del gobierno local con la transparencia y la responsabilidad en la gesti\u00f3n p\u00fablica.<\/p>\n\n\n\n<p>En conclusi\u00f3n, la presentaci\u00f3n del Plan Plurianual de Inversiones del Municipio de Garz\u00f3n marca un hito en la gesti\u00f3n del alcalde Francisco Calder\u00f3n Feriz, prometiendo un futuro de progreso y desarrollo integral para todos los garzone\u00f1os.<\/p>\n\n\n<div class=\"wp-block-image\">\n<figure class=\"aligncenter size-large\"><img loading=\"lazy\" decoding=\"async\" width=\"1024\" height=\"768\" src=\"https:\/\/ardigitalnoticias.com\/wp-content\/uploads\/2024\/05\/IMG-20240520-WA0231-1024x768.jpg\" alt=\"\" class=\"wp-image-4555\" srcset=\"https:\/\/ardigitalnoticias.com\/wp-content\/uploads\/2024\/05\/IMG-20240520-WA0231-1024x768.jpg 1024w, https:\/\/ardigitalnoticias.com\/wp-content\/uploads\/2024\/05\/IMG-20240520-WA0231-300x225.jpg 300w, https:\/\/ardigitalnoticias.com\/wp-content\/uploads\/2024\/05\/IMG-20240520-WA0231-768x576.jpg 768w, https:\/\/ardigitalnoticias.com\/wp-content\/uploads\/2024\/05\/IMG-20240520-WA0231-1536x1152.jpg 1536w, https:\/\/ardigitalnoticias.com\/wp-content\/uploads\/2024\/05\/IMG-20240520-WA0231-150x113.jpg 150w, https:\/\/ardigitalnoticias.com\/wp-content\/uploads\/2024\/05\/IMG-20240520-WA0231-696x522.jpg 696w, https:\/\/ardigitalnoticias.com\/wp-content\/uploads\/2024\/05\/IMG-20240520-WA0231-1068x801.jpg 1068w, https:\/\/ardigitalnoticias.com\/wp-content\/uploads\/2024\/05\/IMG-20240520-WA0231.jpg 1600w\" sizes=\"auto, (max-width: 1024px) 100vw, 1024px\" \/><\/figure>\n<\/div>","protected":false},"excerpt":{"rendered":"<p>Bajo el liderazgo del se\u00f1or alcalde Francisco Calder\u00f3n Feriz, se llev\u00f3 a cabo la audiencia p\u00fablica del Plan Plurianual de Inversiones del Municipio de Garz\u00f3n. POR: ANDR\u00c9S RODR\u00cdGUEZ. Este evento, crucial para la planificaci\u00f3n y ejecuci\u00f3n de las inversiones del cuatrienio del gobierno local, se enmarca dentro del plan de desarrollo \u00abGarz\u00f3n Adelante\u00bb. La audiencia [&hellip;]<\/p>\n","protected":false},"author":3,"featured_media":4559,"comment_status":"open","ping_status":"open","sticky":false,"template":"","format":"standard","meta":{"_acf_changed":false,"_joinchat":[],"footnotes":""},"categories":[1,25,21,19],"tags":[],"class_list":{"0":"post-4554","1":"post","2":"type-post","3":"status-publish","4":"format-standard","5":"has-post-thumbnail","7":"category-actualidad","8":"category-centro","9":"category-locales","10":"category-regional"},"acf":[],"yoast_head":"<!-- This site is optimized with the Yoast SEO plugin v27.5 - https:\/\/yoast.com\/product\/yoast-seo-wordpress\/ -->\n<title>MUNICIPIO DE GARZ\u00d3N PRESENTA SU PLAN PLURIANUAL DE INVERSIONES - AR Digital Noticias<\/title>\n<meta name=\"robots\" content=\"index, follow, max-snippet:-1, max-image-preview:large, max-video-preview:-1\" \/>\n<link rel=\"canonical\" href=\"https:\/\/ardigitalnoticias.com\/index.php\/2024\/05\/20\/municipio-de-garzon-presenta-su-plan-plurianual-de-inversiones\/\" \/>\n<meta property=\"og:locale\" content=\"es_ES\" \/>\n<meta property=\"og:type\" content=\"article\" \/>\n<meta property=\"og:title\" content=\"MUNICIPIO DE GARZ\u00d3N PRESENTA SU PLAN PLURIANUAL DE INVERSIONES - AR Digital Noticias\" \/>\n<meta property=\"og:description\" content=\"Bajo el liderazgo del se\u00f1or alcalde Francisco Calder\u00f3n Feriz, se llev\u00f3 a cabo la audiencia p\u00fablica del Plan Plurianual de Inversiones del Municipio de Garz\u00f3n. POR: ANDR\u00c9S RODR\u00cdGUEZ. Este evento, crucial para la planificaci\u00f3n y ejecuci\u00f3n de las inversiones del cuatrienio del gobierno local, se enmarca dentro del plan de desarrollo \u00abGarz\u00f3n Adelante\u00bb. La audiencia [&hellip;]\" \/>\n<meta property=\"og:url\" content=\"https:\/\/ardigitalnoticias.com\/index.php\/2024\/05\/20\/municipio-de-garzon-presenta-su-plan-plurianual-de-inversiones\/\" \/>\n<meta property=\"og:site_name\" content=\"AR Digital Noticias\" \/>\n<meta property=\"article:published_time\" content=\"2024-05-21T04:34:38+00:00\" \/>\n<meta property=\"article:modified_time\" content=\"2024-05-22T10:46:37+00:00\" \/>\n<meta property=\"og:image\" content=\"https:\/\/ardigitalnoticias.com\/wp-content\/uploads\/2024\/05\/InShot_20240520_163448228-scaled.jpg\" \/>\n\t<meta property=\"og:image:width\" content=\"2560\" \/>\n\t<meta property=\"og:image:height\" content=\"1439\" \/>\n\t<meta property=\"og:image:type\" content=\"image\/jpeg\" \/>\n<meta name=\"author\" content=\"Editor ArDigitalNoticias\" \/>\n<meta name=\"twitter:card\" content=\"summary_large_image\" \/>\n<meta name=\"twitter:label1\" content=\"Escrito por\" \/>\n\t<meta name=\"twitter:data1\" content=\"Editor ArDigitalNoticias\" \/>\n\t<meta name=\"twitter:label2\" content=\"Tiempo de lectura\" \/>\n\t<meta name=\"twitter:data2\" content=\"3 minutos\" \/>\n<script type=\"application\/ld+json\" class=\"yoast-schema-graph\">{\"@context\":\"https:\\\/\\\/schema.org\",\"@graph\":[{\"@type\":\"Article\",\"@id\":\"https:\\\/\\\/ardigitalnoticias.com\\\/index.php\\\/2024\\\/05\\\/20\\\/municipio-de-garzon-presenta-su-plan-plurianual-de-inversiones\\\/#article\",\"isPartOf\":{\"@id\":\"https:\\\/\\\/ardigitalnoticias.com\\\/index.php\\\/2024\\\/05\\\/20\\\/municipio-de-garzon-presenta-su-plan-plurianual-de-inversiones\\\/\"},\"author\":{\"name\":\"Editor ArDigitalNoticias\",\"@id\":\"https:\\\/\\\/ardigitalnoticias.com\\\/#\\\/schema\\\/person\\\/759c8138ebc77e85adb1aa750003a751\"},\"headline\":\"MUNICIPIO DE GARZ\u00d3N PRESENTA SU PLAN PLURIANUAL DE INVERSIONES\",\"datePublished\":\"2024-05-21T04:34:38+00:00\",\"dateModified\":\"2024-05-22T10:46:37+00:00\",\"mainEntityOfPage\":{\"@id\":\"https:\\\/\\\/ardigitalnoticias.com\\\/index.php\\\/2024\\\/05\\\/20\\\/municipio-de-garzon-presenta-su-plan-plurianual-de-inversiones\\\/\"},\"wordCount\":491,\"commentCount\":0,\"publisher\":{\"@id\":\"https:\\\/\\\/ardigitalnoticias.com\\\/#organization\"},\"image\":{\"@id\":\"https:\\\/\\\/ardigitalnoticias.com\\\/index.php\\\/2024\\\/05\\\/20\\\/municipio-de-garzon-presenta-su-plan-plurianual-de-inversiones\\\/#primaryimage\"},\"thumbnailUrl\":\"https:\\\/\\\/ardigitalnoticias.com\\\/wp-content\\\/uploads\\\/2024\\\/05\\\/InShot_20240520_163448228-scaled.jpg\",\"articleSection\":[\"Actualidad\",\"Centro\",\"Garz\u00f3n\",\"Regional\"],\"inLanguage\":\"es\",\"potentialAction\":[{\"@type\":\"CommentAction\",\"name\":\"Comment\",\"target\":[\"https:\\\/\\\/ardigitalnoticias.com\\\/index.php\\\/2024\\\/05\\\/20\\\/municipio-de-garzon-presenta-su-plan-plurianual-de-inversiones\\\/#respond\"]}]},{\"@type\":\"WebPage\",\"@id\":\"https:\\\/\\\/ardigitalnoticias.com\\\/index.php\\\/2024\\\/05\\\/20\\\/municipio-de-garzon-presenta-su-plan-plurianual-de-inversiones\\\/\",\"url\":\"https:\\\/\\\/ardigitalnoticias.com\\\/index.php\\\/2024\\\/05\\\/20\\\/municipio-de-garzon-presenta-su-plan-plurianual-de-inversiones\\\/\",\"name\":\"MUNICIPIO DE GARZ\u00d3N PRESENTA SU PLAN PLURIANUAL DE INVERSIONES - AR Digital Noticias\",\"isPartOf\":{\"@id\":\"https:\\\/\\\/ardigitalnoticias.com\\\/#website\"},\"primaryImageOfPage\":{\"@id\":\"https:\\\/\\\/ardigitalnoticias.com\\\/index.php\\\/2024\\\/05\\\/20\\\/municipio-de-garzon-presenta-su-plan-plurianual-de-inversiones\\\/#primaryimage\"},\"image\":{\"@id\":\"https:\\\/\\\/ardigitalnoticias.com\\\/index.php\\\/2024\\\/05\\\/20\\\/municipio-de-garzon-presenta-su-plan-plurianual-de-inversiones\\\/#primaryimage\"},\"thumbnailUrl\":\"https:\\\/\\\/ardigitalnoticias.com\\\/wp-content\\\/uploads\\\/2024\\\/05\\\/InShot_20240520_163448228-scaled.jpg\",\"datePublished\":\"2024-05-21T04:34:38+00:00\",\"dateModified\":\"2024-05-22T10:46:37+00:00\",\"breadcrumb\":{\"@id\":\"https:\\\/\\\/ardigitalnoticias.com\\\/index.php\\\/2024\\\/05\\\/20\\\/municipio-de-garzon-presenta-su-plan-plurianual-de-inversiones\\\/#breadcrumb\"},\"inLanguage\":\"es\",\"potentialAction\":[{\"@type\":\"ReadAction\",\"target\":[\"https:\\\/\\\/ardigitalnoticias.com\\\/index.php\\\/2024\\\/05\\\/20\\\/municipio-de-garzon-presenta-su-plan-plurianual-de-inversiones\\\/\"]}]},{\"@type\":\"ImageObject\",\"inLanguage\":\"es\",\"@id\":\"https:\\\/\\\/ardigitalnoticias.com\\\/index.php\\\/2024\\\/05\\\/20\\\/municipio-de-garzon-presenta-su-plan-plurianual-de-inversiones\\\/#primaryimage\",\"url\":\"https:\\\/\\\/ardigitalnoticias.com\\\/wp-content\\\/uploads\\\/2024\\\/05\\\/InShot_20240520_163448228-scaled.jpg\",\"contentUrl\":\"https:\\\/\\\/ardigitalnoticias.com\\\/wp-content\\\/uploads\\\/2024\\\/05\\\/InShot_20240520_163448228-scaled.jpg\",\"width\":2560,\"height\":1439},{\"@type\":\"BreadcrumbList\",\"@id\":\"https:\\\/\\\/ardigitalnoticias.com\\\/index.php\\\/2024\\\/05\\\/20\\\/municipio-de-garzon-presenta-su-plan-plurianual-de-inversiones\\\/#breadcrumb\",\"itemListElement\":[{\"@type\":\"ListItem\",\"position\":1,\"name\":\"Portada\",\"item\":\"https:\\\/\\\/ardigitalnoticias.com\\\/\"},{\"@type\":\"ListItem\",\"position\":2,\"name\":\"MUNICIPIO DE GARZ\u00d3N PRESENTA SU PLAN PLURIANUAL DE INVERSIONES\"}]},{\"@type\":\"WebSite\",\"@id\":\"https:\\\/\\\/ardigitalnoticias.com\\\/#website\",\"url\":\"https:\\\/\\\/ardigitalnoticias.com\\\/\",\"name\":\"AR Digital Noticias\",\"description\":\"\",\"publisher\":{\"@id\":\"https:\\\/\\\/ardigitalnoticias.com\\\/#organization\"},\"potentialAction\":[{\"@type\":\"SearchAction\",\"target\":{\"@type\":\"EntryPoint\",\"urlTemplate\":\"https:\\\/\\\/ardigitalnoticias.com\\\/?s={search_term_string}\"},\"query-input\":{\"@type\":\"PropertyValueSpecification\",\"valueRequired\":true,\"valueName\":\"search_term_string\"}}],\"inLanguage\":\"es\"},{\"@type\":\"Organization\",\"@id\":\"https:\\\/\\\/ardigitalnoticias.com\\\/#organization\",\"name\":\"AR Digital Noticias\",\"url\":\"https:\\\/\\\/ardigitalnoticias.com\\\/\",\"logo\":{\"@type\":\"ImageObject\",\"inLanguage\":\"es\",\"@id\":\"https:\\\/\\\/ardigitalnoticias.com\\\/#\\\/schema\\\/logo\\\/image\\\/\",\"url\":\"https:\\\/\\\/ardigitalnoticias.com\\\/wp-content\\\/uploads\\\/2023\\\/11\\\/cropped-cropped-cropped-cropped-AR-Digital-Noticias-1.png\",\"contentUrl\":\"https:\\\/\\\/ardigitalnoticias.com\\\/wp-content\\\/uploads\\\/2023\\\/11\\\/cropped-cropped-cropped-cropped-AR-Digital-Noticias-1.png\",\"width\":972,\"height\":306,\"caption\":\"AR Digital Noticias\"},\"image\":{\"@id\":\"https:\\\/\\\/ardigitalnoticias.com\\\/#\\\/schema\\\/logo\\\/image\\\/\"}},{\"@type\":\"Person\",\"@id\":\"https:\\\/\\\/ardigitalnoticias.com\\\/#\\\/schema\\\/person\\\/759c8138ebc77e85adb1aa750003a751\",\"name\":\"Editor ArDigitalNoticias\",\"image\":{\"@type\":\"ImageObject\",\"inLanguage\":\"es\",\"@id\":\"https:\\\/\\\/secure.gravatar.com\\\/avatar\\\/2c7f3656ea34567ef10422f22f4395b6cc422854a0b986ba788597ac36902f93?s=96&d=mm&r=g\",\"url\":\"https:\\\/\\\/secure.gravatar.com\\\/avatar\\\/2c7f3656ea34567ef10422f22f4395b6cc422854a0b986ba788597ac36902f93?s=96&d=mm&r=g\",\"contentUrl\":\"https:\\\/\\\/secure.gravatar.com\\\/avatar\\\/2c7f3656ea34567ef10422f22f4395b6cc422854a0b986ba788597ac36902f93?s=96&d=mm&r=g\",\"caption\":\"Editor ArDigitalNoticias\"},\"sameAs\":[\"http:\\\/\\\/ardigitalnoticias.com\"],\"url\":\"https:\\\/\\\/ardigitalnoticias.com\\\/index.php\\\/author\\\/editor\\\/\"}]}<\/script>\n<!-- \/ Yoast SEO plugin. -->","yoast_head_json":{"title":"MUNICIPIO DE GARZ\u00d3N PRESENTA SU PLAN PLURIANUAL DE INVERSIONES - AR Digital Noticias","robots":{"index":"index","follow":"follow","max-snippet":"max-snippet:-1","max-image-preview":"max-image-preview:large","max-video-preview":"max-video-preview:-1"},"canonical":"https:\/\/ardigitalnoticias.com\/index.php\/2024\/05\/20\/municipio-de-garzon-presenta-su-plan-plurianual-de-inversiones\/","og_locale":"es_ES","og_type":"article","og_title":"MUNICIPIO DE GARZ\u00d3N PRESENTA SU PLAN PLURIANUAL DE INVERSIONES - AR Digital Noticias","og_description":"Bajo el liderazgo del se\u00f1or alcalde Francisco Calder\u00f3n Feriz, se llev\u00f3 a cabo la audiencia p\u00fablica del Plan Plurianual de Inversiones del Municipio de Garz\u00f3n. POR: ANDR\u00c9S RODR\u00cdGUEZ. Este evento, crucial para la planificaci\u00f3n y ejecuci\u00f3n de las inversiones del cuatrienio del gobierno local, se enmarca dentro del plan de desarrollo \u00abGarz\u00f3n Adelante\u00bb. La audiencia [&hellip;]","og_url":"https:\/\/ardigitalnoticias.com\/index.php\/2024\/05\/20\/municipio-de-garzon-presenta-su-plan-plurianual-de-inversiones\/","og_site_name":"AR Digital Noticias","article_published_time":"2024-05-21T04:34:38+00:00","article_modified_time":"2024-05-22T10:46:37+00:00","og_image":[{"width":2560,"height":1439,"url":"https:\/\/ardigitalnoticias.com\/wp-content\/uploads\/2024\/05\/InShot_20240520_163448228-scaled.jpg","type":"image\/jpeg"}],"author":"Editor ArDigitalNoticias","twitter_card":"summary_large_image","twitter_misc":{"Escrito por":"Editor ArDigitalNoticias","Tiempo de lectura":"3 minutos"},"schema":{"@context":"https:\/\/schema.org","@graph":[{"@type":"Article","@id":"https:\/\/ardigitalnoticias.com\/index.php\/2024\/05\/20\/municipio-de-garzon-presenta-su-plan-plurianual-de-inversiones\/#article","isPartOf":{"@id":"https:\/\/ardigitalnoticias.com\/index.php\/2024\/05\/20\/municipio-de-garzon-presenta-su-plan-plurianual-de-inversiones\/"},"author":{"name":"Editor ArDigitalNoticias","@id":"https:\/\/ardigitalnoticias.com\/#\/schema\/person\/759c8138ebc77e85adb1aa750003a751"},"headline":"MUNICIPIO DE GARZ\u00d3N PRESENTA SU PLAN PLURIANUAL DE INVERSIONES","datePublished":"2024-05-21T04:34:38+00:00","dateModified":"2024-05-22T10:46:37+00:00","mainEntityOfPage":{"@id":"https:\/\/ardigitalnoticias.com\/index.php\/2024\/05\/20\/municipio-de-garzon-presenta-su-plan-plurianual-de-inversiones\/"},"wordCount":491,"commentCount":0,"publisher":{"@id":"https:\/\/ardigitalnoticias.com\/#organization"},"image":{"@id":"https:\/\/ardigitalnoticias.com\/index.php\/2024\/05\/20\/municipio-de-garzon-presenta-su-plan-plurianual-de-inversiones\/#primaryimage"},"thumbnailUrl":"https:\/\/ardigitalnoticias.com\/wp-content\/uploads\/2024\/05\/InShot_20240520_163448228-scaled.jpg","articleSection":["Actualidad","Centro","Garz\u00f3n","Regional"],"inLanguage":"es","potentialAction":[{"@type":"CommentAction","name":"Comment","target":["https:\/\/ardigitalnoticias.com\/index.php\/2024\/05\/20\/municipio-de-garzon-presenta-su-plan-plurianual-de-inversiones\/#respond"]}]},{"@type":"WebPage","@id":"https:\/\/ardigitalnoticias.com\/index.php\/2024\/05\/20\/municipio-de-garzon-presenta-su-plan-plurianual-de-inversiones\/","url":"https:\/\/ardigitalnoticias.com\/index.php\/2024\/05\/20\/municipio-de-garzon-presenta-su-plan-plurianual-de-inversiones\/","name":"MUNICIPIO DE GARZ\u00d3N PRESENTA SU PLAN PLURIANUAL DE INVERSIONES - AR Digital Noticias","isPartOf":{"@id":"https:\/\/ardigitalnoticias.com\/#website"},"primaryImageOfPage":{"@id":"https:\/\/ardigitalnoticias.com\/index.php\/2024\/05\/20\/municipio-de-garzon-presenta-su-plan-plurianual-de-inversiones\/#primaryimage"},"image":{"@id":"https:\/\/ardigitalnoticias.com\/index.php\/2024\/05\/20\/municipio-de-garzon-presenta-su-plan-plurianual-de-inversiones\/#primaryimage"},"thumbnailUrl":"https:\/\/ardigitalnoticias.com\/wp-content\/uploads\/2024\/05\/InShot_20240520_163448228-scaled.jpg","datePublished":"2024-05-21T04:34:38+00:00","dateModified":"2024-05-22T10:46:37+00:00","breadcrumb":{"@id":"https:\/\/ardigitalnoticias.com\/index.php\/2024\/05\/20\/municipio-de-garzon-presenta-su-plan-plurianual-de-inversiones\/#breadcrumb"},"inLanguage":"es","potentialAction":[{"@type":"ReadAction","target":["https:\/\/ardigitalnoticias.com\/index.php\/2024\/05\/20\/municipio-de-garzon-presenta-su-plan-plurianual-de-inversiones\/"]}]},{"@type":"ImageObject","inLanguage":"es","@id":"https:\/\/ardigitalnoticias.com\/index.php\/2024\/05\/20\/municipio-de-garzon-presenta-su-plan-plurianual-de-inversiones\/#primaryimage","url":"https:\/\/ardigitalnoticias.com\/wp-content\/uploads\/2024\/05\/InShot_20240520_163448228-scaled.jpg","contentUrl":"https:\/\/ardigitalnoticias.com\/wp-content\/uploads\/2024\/05\/InShot_20240520_163448228-scaled.jpg","width":2560,"height":1439},{"@type":"BreadcrumbList","@id":"https:\/\/ardigitalnoticias.com\/index.php\/2024\/05\/20\/municipio-de-garzon-presenta-su-plan-plurianual-de-inversiones\/#breadcrumb","itemListElement":[{"@type":"ListItem","position":1,"name":"Portada","item":"https:\/\/ardigitalnoticias.com\/"},{"@type":"ListItem","position":2,"name":"MUNICIPIO DE GARZ\u00d3N PRESENTA SU PLAN PLURIANUAL DE INVERSIONES"}]},{"@type":"WebSite","@id":"https:\/\/ardigitalnoticias.com\/#website","url":"https:\/\/ardigitalnoticias.com\/","name":"AR Digital Noticias","description":"","publisher":{"@id":"https:\/\/ardigitalnoticias.com\/#organization"},"potentialAction":[{"@type":"SearchAction","target":{"@type":"EntryPoint","urlTemplate":"https:\/\/ardigitalnoticias.com\/?s={search_term_string}"},"query-input":{"@type":"PropertyValueSpecification","valueRequired":true,"valueName":"search_term_string"}}],"inLanguage":"es"},{"@type":"Organization","@id":"https:\/\/ardigitalnoticias.com\/#organization","name":"AR Digital Noticias","url":"https:\/\/ardigitalnoticias.com\/","logo":{"@type":"ImageObject","inLanguage":"es","@id":"https:\/\/ardigitalnoticias.com\/#\/schema\/logo\/image\/","url":"https:\/\/ardigitalnoticias.com\/wp-content\/uploads\/2023\/11\/cropped-cropped-cropped-cropped-AR-Digital-Noticias-1.png","contentUrl":"https:\/\/ardigitalnoticias.com\/wp-content\/uploads\/2023\/11\/cropped-cropped-cropped-cropped-AR-Digital-Noticias-1.png","width":972,"height":306,"caption":"AR Digital Noticias"},"image":{"@id":"https:\/\/ardigitalnoticias.com\/#\/schema\/logo\/image\/"}},{"@type":"Person","@id":"https:\/\/ardigitalnoticias.com\/#\/schema\/person\/759c8138ebc77e85adb1aa750003a751","name":"Editor ArDigitalNoticias","image":{"@type":"ImageObject","inLanguage":"es","@id":"https:\/\/secure.gravatar.com\/avatar\/2c7f3656ea34567ef10422f22f4395b6cc422854a0b986ba788597ac36902f93?s=96&d=mm&r=g","url":"https:\/\/secure.gravatar.com\/avatar\/2c7f3656ea34567ef10422f22f4395b6cc422854a0b986ba788597ac36902f93?s=96&d=mm&r=g","contentUrl":"https:\/\/secure.gravatar.com\/avatar\/2c7f3656ea34567ef10422f22f4395b6cc422854a0b986ba788597ac36902f93?s=96&d=mm&r=g","caption":"Editor ArDigitalNoticias"},"sameAs":["http:\/\/ardigitalnoticias.com"],"url":"https:\/\/ardigitalnoticias.com\/index.php\/author\/editor\/"}]}},"_links":{"self":[{"href":"https:\/\/ardigitalnoticias.com\/index.php\/wp-json\/wp\/v2\/posts\/4554","targetHints":{"allow":["GET"]}}],"collection":[{"href":"https:\/\/ardigitalnoticias.com\/index.php\/wp-json\/wp\/v2\/posts"}],"about":[{"href":"https:\/\/ardigitalnoticias.com\/index.php\/wp-json\/wp\/v2\/types\/post"}],"author":[{"embeddable":true,"href":"https:\/\/ardigitalnoticias.com\/index.php\/wp-json\/wp\/v2\/users\/3"}],"replies":[{"embeddable":true,"href":"https:\/\/ardigitalnoticias.com\/index.php\/wp-json\/wp\/v2\/comments?post=4554"}],"version-history":[{"count":2,"href":"https:\/\/ardigitalnoticias.com\/index.php\/wp-json\/wp\/v2\/posts\/4554\/revisions"}],"predecessor-version":[{"id":4562,"href":"https:\/\/ardigitalnoticias.com\/index.php\/wp-json\/wp\/v2\/posts\/4554\/revisions\/4562"}],"wp:featuredmedia":[{"embeddable":true,"href":"https:\/\/ardigitalnoticias.com\/index.php\/wp-json\/wp\/v2\/media\/4559"}],"wp:attachment":[{"href":"https:\/\/ardigitalnoticias.com\/index.php\/wp-json\/wp\/v2\/media?parent=4554"}],"wp:term":[{"taxonomy":"category","embeddable":true,"href":"https:\/\/ardigitalnoticias.com\/index.php\/wp-json\/wp\/v2\/categories?post=4554"},{"taxonomy":"post_tag","embeddable":true,"href":"https:\/\/ardigitalnoticias.com\/index.php\/wp-json\/wp\/v2\/tags?post=4554"}],"curies":[{"name":"wp","href":"https:\/\/api.w.org\/{rel}","templated":true}]}}