{"id":4549,"date":"2024-05-20T15:37:49","date_gmt":"2024-05-20T20:37:49","guid":{"rendered":"https:\/\/ardigitalnoticias.com\/?p=4549"},"modified":"2024-05-20T15:37:50","modified_gmt":"2024-05-20T20:37:50","slug":"en-garzon-comision-primera-del-concejo-municipal-aprobo-el-plan-de-desarrollo-garzon-adelante","status":"publish","type":"post","link":"https:\/\/ardigitalnoticias.com\/index.php\/2024\/05\/20\/en-garzon-comision-primera-del-concejo-municipal-aprobo-el-plan-de-desarrollo-garzon-adelante\/","title":{"rendered":"EN GARZ\u00d3N, COMISI\u00d3N PRIMERA DEL CONCEJO MUNICIPAL APROB\u00d3 EL PLAN DE DESARROLLO \u00abGARZ\u00d3N ADELANTE\u00bb"},"content":{"rendered":"\n<p>La Comisi\u00f3n Primera del Concejo Municipal de Garz\u00f3n aprob\u00f3 de manera un\u00e1nime el Plan de Desarrollo \u00abGarz\u00f3n Adelante\u00bb, presentado por el se\u00f1or alcalde Francisco Calder\u00f3n Feriz.<\/p>\n\n\n\n<p><strong>POR: ANDR\u00c9S RODR\u00cdGUEZ. <\/strong><\/p>\n\n\n<div class=\"wp-block-image\">\n<figure class=\"aligncenter size-large\"><img loading=\"lazy\" decoding=\"async\" width=\"1024\" height=\"473\" src=\"https:\/\/ardigitalnoticias.com\/wp-content\/uploads\/2024\/05\/IMG-20240519-WA0684-1024x473.jpg\" alt=\"\" class=\"wp-image-4551\" srcset=\"https:\/\/ardigitalnoticias.com\/wp-content\/uploads\/2024\/05\/IMG-20240519-WA0684-1024x473.jpg 1024w, https:\/\/ardigitalnoticias.com\/wp-content\/uploads\/2024\/05\/IMG-20240519-WA0684-300x139.jpg 300w, https:\/\/ardigitalnoticias.com\/wp-content\/uploads\/2024\/05\/IMG-20240519-WA0684-768x355.jpg 768w, https:\/\/ardigitalnoticias.com\/wp-content\/uploads\/2024\/05\/IMG-20240519-WA0684-150x69.jpg 150w, https:\/\/ardigitalnoticias.com\/wp-content\/uploads\/2024\/05\/IMG-20240519-WA0684-696x321.jpg 696w, https:\/\/ardigitalnoticias.com\/wp-content\/uploads\/2024\/05\/IMG-20240519-WA0684-1068x493.jpg 1068w, https:\/\/ardigitalnoticias.com\/wp-content\/uploads\/2024\/05\/IMG-20240519-WA0684.jpg 1280w\" sizes=\"auto, (max-width: 1024px) 100vw, 1024px\" \/><\/figure>\n<\/div>\n\n\n<p>Este significativo avance legislativo se alcanz\u00f3 gracias al respaldo de los concejales Jhonatan Barrera, Jeimy Delgado, Jorge Amaya y C\u00e9sar Vargas, quienes integran dicha comisi\u00f3n.<\/p>\n\n\n\n<p>El Plan de Desarrollo \u00abGarz\u00f3n Adelante\u00bb es un ambicioso proyecto que establece la hoja de ruta para los pr\u00f3ximos tres a\u00f1os y medio del gobierno de Calder\u00f3n. Este plan incluye una amplia gama de obras, inversiones, planes, proyectos y pol\u00edticas dise\u00f1adas para mejorar la calidad de vida de los habitantes de Garz\u00f3n. Entre las iniciativas destacadas se encuentran proyectos de infraestructura, programas sociales y pol\u00edticas p\u00fablicas orientadas a fomentar el desarrollo econ\u00f3mico y social de la Capital Diocesana del Departamento.<\/p>\n\n\n<div class=\"wp-block-image\">\n<figure class=\"aligncenter size-large\"><img loading=\"lazy\" decoding=\"async\" width=\"1024\" height=\"768\" src=\"https:\/\/ardigitalnoticias.com\/wp-content\/uploads\/2024\/04\/IMG-20240430-WA1069-1024x768.jpg\" alt=\"\" class=\"wp-image-4348\" srcset=\"https:\/\/ardigitalnoticias.com\/wp-content\/uploads\/2024\/04\/IMG-20240430-WA1069-1024x768.jpg 1024w, https:\/\/ardigitalnoticias.com\/wp-content\/uploads\/2024\/04\/IMG-20240430-WA1069-300x225.jpg 300w, https:\/\/ardigitalnoticias.com\/wp-content\/uploads\/2024\/04\/IMG-20240430-WA1069-768x576.jpg 768w, https:\/\/ardigitalnoticias.com\/wp-content\/uploads\/2024\/04\/IMG-20240430-WA1069-1536x1152.jpg 1536w, https:\/\/ardigitalnoticias.com\/wp-content\/uploads\/2024\/04\/IMG-20240430-WA1069-2048x1536.jpg 2048w, https:\/\/ardigitalnoticias.com\/wp-content\/uploads\/2024\/04\/IMG-20240430-WA1069-150x113.jpg 150w, https:\/\/ardigitalnoticias.com\/wp-content\/uploads\/2024\/04\/IMG-20240430-WA1069-696x522.jpg 696w, https:\/\/ardigitalnoticias.com\/wp-content\/uploads\/2024\/04\/IMG-20240430-WA1069-1068x801.jpg 1068w, https:\/\/ardigitalnoticias.com\/wp-content\/uploads\/2024\/04\/IMG-20240430-WA1069-1920x1440.jpg 1920w\" sizes=\"auto, (max-width: 1024px) 100vw, 1024px\" \/><\/figure>\n<\/div>\n\n\n<p>Con la aprobaci\u00f3n en la Comisi\u00f3n Primera, el siguiente paso es la designaci\u00f3n de un ponente por parte del Concejo Municipal, quien ser\u00e1 el encargado de presentar y defender el plan en los debates que se llevar\u00e1n a cabo en el recinto \u00c1lvaro Cuellar Botello. Estos debates iniciar\u00e1n en un plazo de diez d\u00edas h\u00e1biles, seg\u00fan lo estipulado por el reglamento del concejo.<\/p>\n\n\n\n<p>La aprobaci\u00f3n del Plan de Desarrollo \u00abGarz\u00f3n Adelante\u00bb en esta primera instancia es una se\u00f1al del compromiso y la colaboraci\u00f3n entre el gobierno local y los concejales para avanzar en proyectos que beneficien a la comunidad. El alcalde Francisco Calder\u00f3n ha expresado su satisfacci\u00f3n con este logro inicial y ha reiterado su compromiso de trabajar incansablemente para llevar a cabo las propuestas contempladas en el plan.<\/p>\n\n\n\n<p>El camino hacia la implementaci\u00f3n del Plan de Desarrollo \u00abGarz\u00f3n Adelante\u00bb a\u00fan requiere la aprobaci\u00f3n final del Concejo Municipal en pleno, pero el respaldo un\u00e1nime en la Comisi\u00f3n Primera es un paso crucial que demuestra el consenso y la voluntad pol\u00edtica de los representantes locales para impulsar el progreso y el bienestar de los garzone\u00f1os.<\/p>\n\n\n<div class=\"wp-block-image\">\n<figure class=\"aligncenter size-large\"><img loading=\"lazy\" decoding=\"async\" width=\"1024\" height=\"473\" src=\"https:\/\/ardigitalnoticias.com\/wp-content\/uploads\/2024\/05\/IMG-20240519-WA0687-1024x473.jpg\" alt=\"\" class=\"wp-image-4550\" srcset=\"https:\/\/ardigitalnoticias.com\/wp-content\/uploads\/2024\/05\/IMG-20240519-WA0687-1024x473.jpg 1024w, https:\/\/ardigitalnoticias.com\/wp-content\/uploads\/2024\/05\/IMG-20240519-WA0687-300x139.jpg 300w, https:\/\/ardigitalnoticias.com\/wp-content\/uploads\/2024\/05\/IMG-20240519-WA0687-768x355.jpg 768w, https:\/\/ardigitalnoticias.com\/wp-content\/uploads\/2024\/05\/IMG-20240519-WA0687-150x69.jpg 150w, https:\/\/ardigitalnoticias.com\/wp-content\/uploads\/2024\/05\/IMG-20240519-WA0687-696x321.jpg 696w, https:\/\/ardigitalnoticias.com\/wp-content\/uploads\/2024\/05\/IMG-20240519-WA0687-1068x493.jpg 1068w, https:\/\/ardigitalnoticias.com\/wp-content\/uploads\/2024\/05\/IMG-20240519-WA0687.jpg 1280w\" sizes=\"auto, (max-width: 1024px) 100vw, 1024px\" \/><\/figure>\n<\/div>","protected":false},"excerpt":{"rendered":"<p>La Comisi\u00f3n Primera del Concejo Municipal de Garz\u00f3n aprob\u00f3 de manera un\u00e1nime el Plan de Desarrollo \u00abGarz\u00f3n Adelante\u00bb, presentado por el se\u00f1or alcalde Francisco Calder\u00f3n Feriz. POR: ANDR\u00c9S RODR\u00cdGUEZ. Este significativo avance legislativo se alcanz\u00f3 gracias al respaldo de los concejales Jhonatan Barrera, Jeimy Delgado, Jorge Amaya y C\u00e9sar Vargas, quienes integran dicha comisi\u00f3n. El [&hellip;]<\/p>\n","protected":false},"author":3,"featured_media":4552,"comment_status":"open","ping_status":"open","sticky":false,"template":"","format":"standard","meta":{"_acf_changed":false,"_joinchat":[],"footnotes":""},"categories":[1,25,21,19],"tags":[],"class_list":{"0":"post-4549","1":"post","2":"type-post","3":"status-publish","4":"format-standard","5":"has-post-thumbnail","7":"category-actualidad","8":"category-centro","9":"category-locales","10":"category-regional"},"acf":[],"yoast_head":"<!-- This site is optimized with the Yoast SEO plugin v27.5 - https:\/\/yoast.com\/product\/yoast-seo-wordpress\/ -->\n<title>EN GARZ\u00d3N, COMISI\u00d3N PRIMERA DEL CONCEJO MUNICIPAL APROB\u00d3 EL PLAN DE DESARROLLO &quot;GARZ\u00d3N ADELANTE&quot; - AR Digital Noticias<\/title>\n<meta name=\"robots\" content=\"index, follow, max-snippet:-1, max-image-preview:large, max-video-preview:-1\" \/>\n<link rel=\"canonical\" href=\"https:\/\/ardigitalnoticias.com\/index.php\/2024\/05\/20\/en-garzon-comision-primera-del-concejo-municipal-aprobo-el-plan-de-desarrollo-garzon-adelante\/\" \/>\n<meta property=\"og:locale\" content=\"es_ES\" \/>\n<meta property=\"og:type\" content=\"article\" \/>\n<meta property=\"og:title\" content=\"EN GARZ\u00d3N, COMISI\u00d3N PRIMERA DEL CONCEJO MUNICIPAL APROB\u00d3 EL PLAN DE DESARROLLO &quot;GARZ\u00d3N ADELANTE&quot; - AR Digital Noticias\" \/>\n<meta property=\"og:description\" content=\"La Comisi\u00f3n Primera del Concejo Municipal de Garz\u00f3n aprob\u00f3 de manera un\u00e1nime el Plan de Desarrollo \u00abGarz\u00f3n Adelante\u00bb, presentado por el se\u00f1or alcalde Francisco Calder\u00f3n Feriz. POR: ANDR\u00c9S RODR\u00cdGUEZ. Este significativo avance legislativo se alcanz\u00f3 gracias al respaldo de los concejales Jhonatan Barrera, Jeimy Delgado, Jorge Amaya y C\u00e9sar Vargas, quienes integran dicha comisi\u00f3n. El [&hellip;]\" \/>\n<meta property=\"og:url\" content=\"https:\/\/ardigitalnoticias.com\/index.php\/2024\/05\/20\/en-garzon-comision-primera-del-concejo-municipal-aprobo-el-plan-de-desarrollo-garzon-adelante\/\" \/>\n<meta property=\"og:site_name\" content=\"AR Digital Noticias\" \/>\n<meta property=\"article:published_time\" content=\"2024-05-20T20:37:49+00:00\" \/>\n<meta property=\"article:modified_time\" content=\"2024-05-20T20:37:50+00:00\" \/>\n<meta property=\"og:image\" content=\"https:\/\/ardigitalnoticias.com\/wp-content\/uploads\/2024\/05\/InShot_20240520_152729543.jpg\" \/>\n\t<meta property=\"og:image:width\" content=\"1920\" \/>\n\t<meta property=\"og:image:height\" content=\"885\" \/>\n\t<meta property=\"og:image:type\" content=\"image\/jpeg\" \/>\n<meta name=\"author\" content=\"Editor ArDigitalNoticias\" \/>\n<meta name=\"twitter:card\" content=\"summary_large_image\" \/>\n<meta name=\"twitter:label1\" content=\"Escrito por\" \/>\n\t<meta name=\"twitter:data1\" content=\"Editor ArDigitalNoticias\" \/>\n\t<meta name=\"twitter:label2\" content=\"Tiempo de lectura\" \/>\n\t<meta name=\"twitter:data2\" content=\"3 minutos\" \/>\n<script type=\"application\/ld+json\" class=\"yoast-schema-graph\">{\"@context\":\"https:\\\/\\\/schema.org\",\"@graph\":[{\"@type\":\"Article\",\"@id\":\"https:\\\/\\\/ardigitalnoticias.com\\\/index.php\\\/2024\\\/05\\\/20\\\/en-garzon-comision-primera-del-concejo-municipal-aprobo-el-plan-de-desarrollo-garzon-adelante\\\/#article\",\"isPartOf\":{\"@id\":\"https:\\\/\\\/ardigitalnoticias.com\\\/index.php\\\/2024\\\/05\\\/20\\\/en-garzon-comision-primera-del-concejo-municipal-aprobo-el-plan-de-desarrollo-garzon-adelante\\\/\"},\"author\":{\"name\":\"Editor ArDigitalNoticias\",\"@id\":\"https:\\\/\\\/ardigitalnoticias.com\\\/#\\\/schema\\\/person\\\/759c8138ebc77e85adb1aa750003a751\"},\"headline\":\"EN GARZ\u00d3N, COMISI\u00d3N PRIMERA DEL CONCEJO MUNICIPAL APROB\u00d3 EL PLAN DE DESARROLLO \u00abGARZ\u00d3N ADELANTE\u00bb\",\"datePublished\":\"2024-05-20T20:37:49+00:00\",\"dateModified\":\"2024-05-20T20:37:50+00:00\",\"mainEntityOfPage\":{\"@id\":\"https:\\\/\\\/ardigitalnoticias.com\\\/index.php\\\/2024\\\/05\\\/20\\\/en-garzon-comision-primera-del-concejo-municipal-aprobo-el-plan-de-desarrollo-garzon-adelante\\\/\"},\"wordCount\":377,\"commentCount\":0,\"publisher\":{\"@id\":\"https:\\\/\\\/ardigitalnoticias.com\\\/#organization\"},\"image\":{\"@id\":\"https:\\\/\\\/ardigitalnoticias.com\\\/index.php\\\/2024\\\/05\\\/20\\\/en-garzon-comision-primera-del-concejo-municipal-aprobo-el-plan-de-desarrollo-garzon-adelante\\\/#primaryimage\"},\"thumbnailUrl\":\"https:\\\/\\\/ardigitalnoticias.com\\\/wp-content\\\/uploads\\\/2024\\\/05\\\/InShot_20240520_152729543.jpg\",\"articleSection\":[\"Actualidad\",\"Centro\",\"Garz\u00f3n\",\"Regional\"],\"inLanguage\":\"es\",\"potentialAction\":[{\"@type\":\"CommentAction\",\"name\":\"Comment\",\"target\":[\"https:\\\/\\\/ardigitalnoticias.com\\\/index.php\\\/2024\\\/05\\\/20\\\/en-garzon-comision-primera-del-concejo-municipal-aprobo-el-plan-de-desarrollo-garzon-adelante\\\/#respond\"]}]},{\"@type\":\"WebPage\",\"@id\":\"https:\\\/\\\/ardigitalnoticias.com\\\/index.php\\\/2024\\\/05\\\/20\\\/en-garzon-comision-primera-del-concejo-municipal-aprobo-el-plan-de-desarrollo-garzon-adelante\\\/\",\"url\":\"https:\\\/\\\/ardigitalnoticias.com\\\/index.php\\\/2024\\\/05\\\/20\\\/en-garzon-comision-primera-del-concejo-municipal-aprobo-el-plan-de-desarrollo-garzon-adelante\\\/\",\"name\":\"EN GARZ\u00d3N, COMISI\u00d3N PRIMERA DEL CONCEJO MUNICIPAL APROB\u00d3 EL PLAN DE DESARROLLO \\\"GARZ\u00d3N ADELANTE\\\" - AR Digital Noticias\",\"isPartOf\":{\"@id\":\"https:\\\/\\\/ardigitalnoticias.com\\\/#website\"},\"primaryImageOfPage\":{\"@id\":\"https:\\\/\\\/ardigitalnoticias.com\\\/index.php\\\/2024\\\/05\\\/20\\\/en-garzon-comision-primera-del-concejo-municipal-aprobo-el-plan-de-desarrollo-garzon-adelante\\\/#primaryimage\"},\"image\":{\"@id\":\"https:\\\/\\\/ardigitalnoticias.com\\\/index.php\\\/2024\\\/05\\\/20\\\/en-garzon-comision-primera-del-concejo-municipal-aprobo-el-plan-de-desarrollo-garzon-adelante\\\/#primaryimage\"},\"thumbnailUrl\":\"https:\\\/\\\/ardigitalnoticias.com\\\/wp-content\\\/uploads\\\/2024\\\/05\\\/InShot_20240520_152729543.jpg\",\"datePublished\":\"2024-05-20T20:37:49+00:00\",\"dateModified\":\"2024-05-20T20:37:50+00:00\",\"breadcrumb\":{\"@id\":\"https:\\\/\\\/ardigitalnoticias.com\\\/index.php\\\/2024\\\/05\\\/20\\\/en-garzon-comision-primera-del-concejo-municipal-aprobo-el-plan-de-desarrollo-garzon-adelante\\\/#breadcrumb\"},\"inLanguage\":\"es\",\"potentialAction\":[{\"@type\":\"ReadAction\",\"target\":[\"https:\\\/\\\/ardigitalnoticias.com\\\/index.php\\\/2024\\\/05\\\/20\\\/en-garzon-comision-primera-del-concejo-municipal-aprobo-el-plan-de-desarrollo-garzon-adelante\\\/\"]}]},{\"@type\":\"ImageObject\",\"inLanguage\":\"es\",\"@id\":\"https:\\\/\\\/ardigitalnoticias.com\\\/index.php\\\/2024\\\/05\\\/20\\\/en-garzon-comision-primera-del-concejo-municipal-aprobo-el-plan-de-desarrollo-garzon-adelante\\\/#primaryimage\",\"url\":\"https:\\\/\\\/ardigitalnoticias.com\\\/wp-content\\\/uploads\\\/2024\\\/05\\\/InShot_20240520_152729543.jpg\",\"contentUrl\":\"https:\\\/\\\/ardigitalnoticias.com\\\/wp-content\\\/uploads\\\/2024\\\/05\\\/InShot_20240520_152729543.jpg\",\"width\":1920,\"height\":885},{\"@type\":\"BreadcrumbList\",\"@id\":\"https:\\\/\\\/ardigitalnoticias.com\\\/index.php\\\/2024\\\/05\\\/20\\\/en-garzon-comision-primera-del-concejo-municipal-aprobo-el-plan-de-desarrollo-garzon-adelante\\\/#breadcrumb\",\"itemListElement\":[{\"@type\":\"ListItem\",\"position\":1,\"name\":\"Portada\",\"item\":\"https:\\\/\\\/ardigitalnoticias.com\\\/\"},{\"@type\":\"ListItem\",\"position\":2,\"name\":\"EN GARZ\u00d3N, COMISI\u00d3N PRIMERA DEL CONCEJO MUNICIPAL APROB\u00d3 EL PLAN DE DESARROLLO \u00abGARZ\u00d3N ADELANTE\u00bb\"}]},{\"@type\":\"WebSite\",\"@id\":\"https:\\\/\\\/ardigitalnoticias.com\\\/#website\",\"url\":\"https:\\\/\\\/ardigitalnoticias.com\\\/\",\"name\":\"AR Digital Noticias\",\"description\":\"\",\"publisher\":{\"@id\":\"https:\\\/\\\/ardigitalnoticias.com\\\/#organization\"},\"potentialAction\":[{\"@type\":\"SearchAction\",\"target\":{\"@type\":\"EntryPoint\",\"urlTemplate\":\"https:\\\/\\\/ardigitalnoticias.com\\\/?s={search_term_string}\"},\"query-input\":{\"@type\":\"PropertyValueSpecification\",\"valueRequired\":true,\"valueName\":\"search_term_string\"}}],\"inLanguage\":\"es\"},{\"@type\":\"Organization\",\"@id\":\"https:\\\/\\\/ardigitalnoticias.com\\\/#organization\",\"name\":\"AR Digital Noticias\",\"url\":\"https:\\\/\\\/ardigitalnoticias.com\\\/\",\"logo\":{\"@type\":\"ImageObject\",\"inLanguage\":\"es\",\"@id\":\"https:\\\/\\\/ardigitalnoticias.com\\\/#\\\/schema\\\/logo\\\/image\\\/\",\"url\":\"https:\\\/\\\/ardigitalnoticias.com\\\/wp-content\\\/uploads\\\/2023\\\/11\\\/cropped-cropped-cropped-cropped-AR-Digital-Noticias-1.png\",\"contentUrl\":\"https:\\\/\\\/ardigitalnoticias.com\\\/wp-content\\\/uploads\\\/2023\\\/11\\\/cropped-cropped-cropped-cropped-AR-Digital-Noticias-1.png\",\"width\":972,\"height\":306,\"caption\":\"AR Digital Noticias\"},\"image\":{\"@id\":\"https:\\\/\\\/ardigitalnoticias.com\\\/#\\\/schema\\\/logo\\\/image\\\/\"}},{\"@type\":\"Person\",\"@id\":\"https:\\\/\\\/ardigitalnoticias.com\\\/#\\\/schema\\\/person\\\/759c8138ebc77e85adb1aa750003a751\",\"name\":\"Editor ArDigitalNoticias\",\"image\":{\"@type\":\"ImageObject\",\"inLanguage\":\"es\",\"@id\":\"https:\\\/\\\/secure.gravatar.com\\\/avatar\\\/2c7f3656ea34567ef10422f22f4395b6cc422854a0b986ba788597ac36902f93?s=96&d=mm&r=g\",\"url\":\"https:\\\/\\\/secure.gravatar.com\\\/avatar\\\/2c7f3656ea34567ef10422f22f4395b6cc422854a0b986ba788597ac36902f93?s=96&d=mm&r=g\",\"contentUrl\":\"https:\\\/\\\/secure.gravatar.com\\\/avatar\\\/2c7f3656ea34567ef10422f22f4395b6cc422854a0b986ba788597ac36902f93?s=96&d=mm&r=g\",\"caption\":\"Editor ArDigitalNoticias\"},\"sameAs\":[\"http:\\\/\\\/ardigitalnoticias.com\"],\"url\":\"https:\\\/\\\/ardigitalnoticias.com\\\/index.php\\\/author\\\/editor\\\/\"}]}<\/script>\n<!-- \/ Yoast SEO plugin. -->","yoast_head_json":{"title":"EN GARZ\u00d3N, COMISI\u00d3N PRIMERA DEL CONCEJO MUNICIPAL APROB\u00d3 EL PLAN DE DESARROLLO \"GARZ\u00d3N ADELANTE\" - AR Digital Noticias","robots":{"index":"index","follow":"follow","max-snippet":"max-snippet:-1","max-image-preview":"max-image-preview:large","max-video-preview":"max-video-preview:-1"},"canonical":"https:\/\/ardigitalnoticias.com\/index.php\/2024\/05\/20\/en-garzon-comision-primera-del-concejo-municipal-aprobo-el-plan-de-desarrollo-garzon-adelante\/","og_locale":"es_ES","og_type":"article","og_title":"EN GARZ\u00d3N, COMISI\u00d3N PRIMERA DEL CONCEJO MUNICIPAL APROB\u00d3 EL PLAN DE DESARROLLO \"GARZ\u00d3N ADELANTE\" - AR Digital Noticias","og_description":"La Comisi\u00f3n Primera del Concejo Municipal de Garz\u00f3n aprob\u00f3 de manera un\u00e1nime el Plan de Desarrollo \u00abGarz\u00f3n Adelante\u00bb, presentado por el se\u00f1or alcalde Francisco Calder\u00f3n Feriz. POR: ANDR\u00c9S RODR\u00cdGUEZ. Este significativo avance legislativo se alcanz\u00f3 gracias al respaldo de los concejales Jhonatan Barrera, Jeimy Delgado, Jorge Amaya y C\u00e9sar Vargas, quienes integran dicha comisi\u00f3n. El [&hellip;]","og_url":"https:\/\/ardigitalnoticias.com\/index.php\/2024\/05\/20\/en-garzon-comision-primera-del-concejo-municipal-aprobo-el-plan-de-desarrollo-garzon-adelante\/","og_site_name":"AR Digital Noticias","article_published_time":"2024-05-20T20:37:49+00:00","article_modified_time":"2024-05-20T20:37:50+00:00","og_image":[{"width":1920,"height":885,"url":"https:\/\/ardigitalnoticias.com\/wp-content\/uploads\/2024\/05\/InShot_20240520_152729543.jpg","type":"image\/jpeg"}],"author":"Editor ArDigitalNoticias","twitter_card":"summary_large_image","twitter_misc":{"Escrito por":"Editor ArDigitalNoticias","Tiempo de lectura":"3 minutos"},"schema":{"@context":"https:\/\/schema.org","@graph":[{"@type":"Article","@id":"https:\/\/ardigitalnoticias.com\/index.php\/2024\/05\/20\/en-garzon-comision-primera-del-concejo-municipal-aprobo-el-plan-de-desarrollo-garzon-adelante\/#article","isPartOf":{"@id":"https:\/\/ardigitalnoticias.com\/index.php\/2024\/05\/20\/en-garzon-comision-primera-del-concejo-municipal-aprobo-el-plan-de-desarrollo-garzon-adelante\/"},"author":{"name":"Editor ArDigitalNoticias","@id":"https:\/\/ardigitalnoticias.com\/#\/schema\/person\/759c8138ebc77e85adb1aa750003a751"},"headline":"EN GARZ\u00d3N, COMISI\u00d3N PRIMERA DEL CONCEJO MUNICIPAL APROB\u00d3 EL PLAN DE DESARROLLO \u00abGARZ\u00d3N ADELANTE\u00bb","datePublished":"2024-05-20T20:37:49+00:00","dateModified":"2024-05-20T20:37:50+00:00","mainEntityOfPage":{"@id":"https:\/\/ardigitalnoticias.com\/index.php\/2024\/05\/20\/en-garzon-comision-primera-del-concejo-municipal-aprobo-el-plan-de-desarrollo-garzon-adelante\/"},"wordCount":377,"commentCount":0,"publisher":{"@id":"https:\/\/ardigitalnoticias.com\/#organization"},"image":{"@id":"https:\/\/ardigitalnoticias.com\/index.php\/2024\/05\/20\/en-garzon-comision-primera-del-concejo-municipal-aprobo-el-plan-de-desarrollo-garzon-adelante\/#primaryimage"},"thumbnailUrl":"https:\/\/ardigitalnoticias.com\/wp-content\/uploads\/2024\/05\/InShot_20240520_152729543.jpg","articleSection":["Actualidad","Centro","Garz\u00f3n","Regional"],"inLanguage":"es","potentialAction":[{"@type":"CommentAction","name":"Comment","target":["https:\/\/ardigitalnoticias.com\/index.php\/2024\/05\/20\/en-garzon-comision-primera-del-concejo-municipal-aprobo-el-plan-de-desarrollo-garzon-adelante\/#respond"]}]},{"@type":"WebPage","@id":"https:\/\/ardigitalnoticias.com\/index.php\/2024\/05\/20\/en-garzon-comision-primera-del-concejo-municipal-aprobo-el-plan-de-desarrollo-garzon-adelante\/","url":"https:\/\/ardigitalnoticias.com\/index.php\/2024\/05\/20\/en-garzon-comision-primera-del-concejo-municipal-aprobo-el-plan-de-desarrollo-garzon-adelante\/","name":"EN GARZ\u00d3N, COMISI\u00d3N PRIMERA DEL CONCEJO MUNICIPAL APROB\u00d3 EL PLAN DE DESARROLLO \"GARZ\u00d3N ADELANTE\" - AR Digital Noticias","isPartOf":{"@id":"https:\/\/ardigitalnoticias.com\/#website"},"primaryImageOfPage":{"@id":"https:\/\/ardigitalnoticias.com\/index.php\/2024\/05\/20\/en-garzon-comision-primera-del-concejo-municipal-aprobo-el-plan-de-desarrollo-garzon-adelante\/#primaryimage"},"image":{"@id":"https:\/\/ardigitalnoticias.com\/index.php\/2024\/05\/20\/en-garzon-comision-primera-del-concejo-municipal-aprobo-el-plan-de-desarrollo-garzon-adelante\/#primaryimage"},"thumbnailUrl":"https:\/\/ardigitalnoticias.com\/wp-content\/uploads\/2024\/05\/InShot_20240520_152729543.jpg","datePublished":"2024-05-20T20:37:49+00:00","dateModified":"2024-05-20T20:37:50+00:00","breadcrumb":{"@id":"https:\/\/ardigitalnoticias.com\/index.php\/2024\/05\/20\/en-garzon-comision-primera-del-concejo-municipal-aprobo-el-plan-de-desarrollo-garzon-adelante\/#breadcrumb"},"inLanguage":"es","potentialAction":[{"@type":"ReadAction","target":["https:\/\/ardigitalnoticias.com\/index.php\/2024\/05\/20\/en-garzon-comision-primera-del-concejo-municipal-aprobo-el-plan-de-desarrollo-garzon-adelante\/"]}]},{"@type":"ImageObject","inLanguage":"es","@id":"https:\/\/ardigitalnoticias.com\/index.php\/2024\/05\/20\/en-garzon-comision-primera-del-concejo-municipal-aprobo-el-plan-de-desarrollo-garzon-adelante\/#primaryimage","url":"https:\/\/ardigitalnoticias.com\/wp-content\/uploads\/2024\/05\/InShot_20240520_152729543.jpg","contentUrl":"https:\/\/ardigitalnoticias.com\/wp-content\/uploads\/2024\/05\/InShot_20240520_152729543.jpg","width":1920,"height":885},{"@type":"BreadcrumbList","@id":"https:\/\/ardigitalnoticias.com\/index.php\/2024\/05\/20\/en-garzon-comision-primera-del-concejo-municipal-aprobo-el-plan-de-desarrollo-garzon-adelante\/#breadcrumb","itemListElement":[{"@type":"ListItem","position":1,"name":"Portada","item":"https:\/\/ardigitalnoticias.com\/"},{"@type":"ListItem","position":2,"name":"EN GARZ\u00d3N, COMISI\u00d3N PRIMERA DEL CONCEJO MUNICIPAL APROB\u00d3 EL PLAN DE DESARROLLO \u00abGARZ\u00d3N ADELANTE\u00bb"}]},{"@type":"WebSite","@id":"https:\/\/ardigitalnoticias.com\/#website","url":"https:\/\/ardigitalnoticias.com\/","name":"AR Digital Noticias","description":"","publisher":{"@id":"https:\/\/ardigitalnoticias.com\/#organization"},"potentialAction":[{"@type":"SearchAction","target":{"@type":"EntryPoint","urlTemplate":"https:\/\/ardigitalnoticias.com\/?s={search_term_string}"},"query-input":{"@type":"PropertyValueSpecification","valueRequired":true,"valueName":"search_term_string"}}],"inLanguage":"es"},{"@type":"Organization","@id":"https:\/\/ardigitalnoticias.com\/#organization","name":"AR Digital Noticias","url":"https:\/\/ardigitalnoticias.com\/","logo":{"@type":"ImageObject","inLanguage":"es","@id":"https:\/\/ardigitalnoticias.com\/#\/schema\/logo\/image\/","url":"https:\/\/ardigitalnoticias.com\/wp-content\/uploads\/2023\/11\/cropped-cropped-cropped-cropped-AR-Digital-Noticias-1.png","contentUrl":"https:\/\/ardigitalnoticias.com\/wp-content\/uploads\/2023\/11\/cropped-cropped-cropped-cropped-AR-Digital-Noticias-1.png","width":972,"height":306,"caption":"AR Digital Noticias"},"image":{"@id":"https:\/\/ardigitalnoticias.com\/#\/schema\/logo\/image\/"}},{"@type":"Person","@id":"https:\/\/ardigitalnoticias.com\/#\/schema\/person\/759c8138ebc77e85adb1aa750003a751","name":"Editor ArDigitalNoticias","image":{"@type":"ImageObject","inLanguage":"es","@id":"https:\/\/secure.gravatar.com\/avatar\/2c7f3656ea34567ef10422f22f4395b6cc422854a0b986ba788597ac36902f93?s=96&d=mm&r=g","url":"https:\/\/secure.gravatar.com\/avatar\/2c7f3656ea34567ef10422f22f4395b6cc422854a0b986ba788597ac36902f93?s=96&d=mm&r=g","contentUrl":"https:\/\/secure.gravatar.com\/avatar\/2c7f3656ea34567ef10422f22f4395b6cc422854a0b986ba788597ac36902f93?s=96&d=mm&r=g","caption":"Editor ArDigitalNoticias"},"sameAs":["http:\/\/ardigitalnoticias.com"],"url":"https:\/\/ardigitalnoticias.com\/index.php\/author\/editor\/"}]}},"_links":{"self":[{"href":"https:\/\/ardigitalnoticias.com\/index.php\/wp-json\/wp\/v2\/posts\/4549","targetHints":{"allow":["GET"]}}],"collection":[{"href":"https:\/\/ardigitalnoticias.com\/index.php\/wp-json\/wp\/v2\/posts"}],"about":[{"href":"https:\/\/ardigitalnoticias.com\/index.php\/wp-json\/wp\/v2\/types\/post"}],"author":[{"embeddable":true,"href":"https:\/\/ardigitalnoticias.com\/index.php\/wp-json\/wp\/v2\/users\/3"}],"replies":[{"embeddable":true,"href":"https:\/\/ardigitalnoticias.com\/index.php\/wp-json\/wp\/v2\/comments?post=4549"}],"version-history":[{"count":1,"href":"https:\/\/ardigitalnoticias.com\/index.php\/wp-json\/wp\/v2\/posts\/4549\/revisions"}],"predecessor-version":[{"id":4553,"href":"https:\/\/ardigitalnoticias.com\/index.php\/wp-json\/wp\/v2\/posts\/4549\/revisions\/4553"}],"wp:featuredmedia":[{"embeddable":true,"href":"https:\/\/ardigitalnoticias.com\/index.php\/wp-json\/wp\/v2\/media\/4552"}],"wp:attachment":[{"href":"https:\/\/ardigitalnoticias.com\/index.php\/wp-json\/wp\/v2\/media?parent=4549"}],"wp:term":[{"taxonomy":"category","embeddable":true,"href":"https:\/\/ardigitalnoticias.com\/index.php\/wp-json\/wp\/v2\/categories?post=4549"},{"taxonomy":"post_tag","embeddable":true,"href":"https:\/\/ardigitalnoticias.com\/index.php\/wp-json\/wp\/v2\/tags?post=4549"}],"curies":[{"name":"wp","href":"https:\/\/api.w.org\/{rel}","templated":true}]}}