{"id":4518,"date":"2024-05-18T15:20:14","date_gmt":"2024-05-18T20:20:14","guid":{"rendered":"https:\/\/ardigitalnoticias.com\/?p=4518"},"modified":"2024-05-18T15:20:15","modified_gmt":"2024-05-18T20:20:15","slug":"mujer-murio-en-accidente-de-transito-dos-menores-de-edad-inmersos-en-el-accidente","status":"publish","type":"post","link":"https:\/\/ardigitalnoticias.com\/index.php\/2024\/05\/18\/mujer-murio-en-accidente-de-transito-dos-menores-de-edad-inmersos-en-el-accidente\/","title":{"rendered":"MUJER MURI\u00d3 EN ACCIDENTE DE TR\u00c1NSITO, DOS MENORES DE EDAD INMERSOS EN EL ACCIDENTE"},"content":{"rendered":"\n<p>Un menor de edad al parecer habr\u00eda sido el responsable de un tr\u00e1gico accidente vial ocurrido la noche del viernes 17 de mayo, que result\u00f3 en la muerte de una mujer en el kil\u00f3metro 18+650 de la v\u00eda Juncal-Neiva.<\/p>\n\n\n\n<p><strong>POR: ANDR\u00c9S RODR\u00cdGUEZ. <\/strong><\/p>\n\n\n<div class=\"wp-block-image\">\n<figure class=\"aligncenter size-full\"><img loading=\"lazy\" decoding=\"async\" width=\"960\" height=\"957\" src=\"https:\/\/ardigitalnoticias.com\/wp-content\/uploads\/2024\/05\/FB_IMG_1716062633181.jpg\" alt=\"\" class=\"wp-image-4520\" srcset=\"https:\/\/ardigitalnoticias.com\/wp-content\/uploads\/2024\/05\/FB_IMG_1716062633181.jpg 960w, https:\/\/ardigitalnoticias.com\/wp-content\/uploads\/2024\/05\/FB_IMG_1716062633181-300x299.jpg 300w, https:\/\/ardigitalnoticias.com\/wp-content\/uploads\/2024\/05\/FB_IMG_1716062633181-150x150.jpg 150w, https:\/\/ardigitalnoticias.com\/wp-content\/uploads\/2024\/05\/FB_IMG_1716062633181-768x766.jpg 768w, https:\/\/ardigitalnoticias.com\/wp-content\/uploads\/2024\/05\/FB_IMG_1716062633181-696x694.jpg 696w\" sizes=\"auto, (max-width: 960px) 100vw, 960px\" \/><figcaption class=\"wp-element-caption\"><strong>Flor \u00c1ngela Silva Galindo<\/strong><\/figcaption><\/figure>\n<\/div>\n\n\n<p>El lamentable hecho tuvo lugar cuando dos motocicletas colisionaron violentamente, dejando una v\u00edctima mortal y dos personas lesionadas. La motocicleta de placas ETE-68B era conducida por Flor \u00c1ngela Silva Galindo, quien perdi\u00f3 la vida en el lugar de los hechos debido a la gravedad del impacto.<\/p>\n\n\n\n<p>La otra motocicleta involucrada, con placas ORF-52E, era conducida por un joven de 17 a\u00f1os. Este joven, junto con su hermano de 13 a\u00f1os que viajaba como parrillero, resultaron lesionados y fueron r\u00e1pidamente trasladados a un centro asistencial en Neiva para recibir atenci\u00f3n m\u00e9dica urgente.<\/p>\n\n\n<div class=\"wp-block-image\">\n<figure class=\"aligncenter size-full is-resized\"><img loading=\"lazy\" decoding=\"async\" width=\"1080\" height=\"1227\" src=\"https:\/\/ardigitalnoticias.com\/wp-content\/uploads\/2024\/05\/FB_IMG_1715991202832.jpg\" alt=\"\" class=\"wp-image-4522\" style=\"width:392px;height:auto\" srcset=\"https:\/\/ardigitalnoticias.com\/wp-content\/uploads\/2024\/05\/FB_IMG_1715991202832.jpg 1080w, https:\/\/ardigitalnoticias.com\/wp-content\/uploads\/2024\/05\/FB_IMG_1715991202832-264x300.jpg 264w, https:\/\/ardigitalnoticias.com\/wp-content\/uploads\/2024\/05\/FB_IMG_1715991202832-901x1024.jpg 901w, https:\/\/ardigitalnoticias.com\/wp-content\/uploads\/2024\/05\/FB_IMG_1715991202832-768x873.jpg 768w, https:\/\/ardigitalnoticias.com\/wp-content\/uploads\/2024\/05\/FB_IMG_1715991202832-150x170.jpg 150w, https:\/\/ardigitalnoticias.com\/wp-content\/uploads\/2024\/05\/FB_IMG_1715991202832-300x341.jpg 300w, https:\/\/ardigitalnoticias.com\/wp-content\/uploads\/2024\/05\/FB_IMG_1715991202832-696x791.jpg 696w, https:\/\/ardigitalnoticias.com\/wp-content\/uploads\/2024\/05\/FB_IMG_1715991202832-1068x1213.jpg 1068w\" sizes=\"auto, (max-width: 1080px) 100vw, 1080px\" \/><\/figure>\n<\/div>\n\n\n<p>Las autoridades locales han iniciado una investigaci\u00f3n exhaustiva para esclarecer las circunstancias exactas que llevaron a este tr\u00e1gico accidente. Se est\u00e1n revisando todos los detalles pertinentes, incluidos los posibles factores de velocidad y las condiciones de la v\u00eda en el momento del incidente.<\/p>\n\n\n\n<p>Este siniestro pone en el foco nuevamente la preocupaci\u00f3n por la seguridad vial y el cumplimiento de las normativas de tr\u00e1nsito, especialmente en lo que respecta a menores de edad conduciendo veh\u00edculos motorizados. La comunidad espera respuestas claras y medidas que prevengan futuros accidentes de esta naturaleza.<\/p>\n\n\n<div class=\"wp-block-image\">\n<figure class=\"aligncenter size-full\"><img loading=\"lazy\" decoding=\"async\" width=\"663\" height=\"682\" src=\"https:\/\/ardigitalnoticias.com\/wp-content\/uploads\/2024\/05\/FB_IMG_1715991704754.jpg\" alt=\"\" class=\"wp-image-4519\" srcset=\"https:\/\/ardigitalnoticias.com\/wp-content\/uploads\/2024\/05\/FB_IMG_1715991704754.jpg 663w, https:\/\/ardigitalnoticias.com\/wp-content\/uploads\/2024\/05\/FB_IMG_1715991704754-292x300.jpg 292w, https:\/\/ardigitalnoticias.com\/wp-content\/uploads\/2024\/05\/FB_IMG_1715991704754-150x154.jpg 150w, https:\/\/ardigitalnoticias.com\/wp-content\/uploads\/2024\/05\/FB_IMG_1715991704754-300x309.jpg 300w\" sizes=\"auto, (max-width: 663px) 100vw, 663px\" \/><\/figure>\n<\/div>","protected":false},"excerpt":{"rendered":"<p>Un menor de edad al parecer habr\u00eda sido el responsable de un tr\u00e1gico accidente vial ocurrido la noche del viernes 17 de mayo, que result\u00f3 en la muerte de una mujer en el kil\u00f3metro 18+650 de la v\u00eda Juncal-Neiva. POR: ANDR\u00c9S RODR\u00cdGUEZ. El lamentable hecho tuvo lugar cuando dos motocicletas colisionaron violentamente, dejando una v\u00edctima [&hellip;]<\/p>\n","protected":false},"author":3,"featured_media":4523,"comment_status":"open","ping_status":"open","sticky":false,"template":"","format":"standard","meta":{"_acf_changed":false,"_joinchat":[],"footnotes":""},"categories":[20,26,19],"tags":[],"class_list":{"0":"post-4518","1":"post","2":"type-post","3":"status-publish","4":"format-standard","5":"has-post-thumbnail","7":"category-judicial","8":"category-norte","9":"category-regional"},"acf":[],"yoast_head":"<!-- This site is optimized with the Yoast SEO plugin v27.4 - https:\/\/yoast.com\/product\/yoast-seo-wordpress\/ -->\n<title>MUJER MURI\u00d3 EN ACCIDENTE DE TR\u00c1NSITO, DOS MENORES DE EDAD INMERSOS EN EL ACCIDENTE - AR Digital Noticias<\/title>\n<meta name=\"robots\" content=\"index, follow, max-snippet:-1, max-image-preview:large, max-video-preview:-1\" \/>\n<link rel=\"canonical\" href=\"https:\/\/ardigitalnoticias.com\/index.php\/2024\/05\/18\/mujer-murio-en-accidente-de-transito-dos-menores-de-edad-inmersos-en-el-accidente\/\" \/>\n<meta property=\"og:locale\" content=\"es_ES\" \/>\n<meta property=\"og:type\" content=\"article\" \/>\n<meta property=\"og:title\" content=\"MUJER MURI\u00d3 EN ACCIDENTE DE TR\u00c1NSITO, DOS MENORES DE EDAD INMERSOS EN EL ACCIDENTE - AR Digital Noticias\" \/>\n<meta property=\"og:description\" content=\"Un menor de edad al parecer habr\u00eda sido el responsable de un tr\u00e1gico accidente vial ocurrido la noche del viernes 17 de mayo, que result\u00f3 en la muerte de una mujer en el kil\u00f3metro 18+650 de la v\u00eda Juncal-Neiva. POR: ANDR\u00c9S RODR\u00cdGUEZ. El lamentable hecho tuvo lugar cuando dos motocicletas colisionaron violentamente, dejando una v\u00edctima [&hellip;]\" \/>\n<meta property=\"og:url\" content=\"https:\/\/ardigitalnoticias.com\/index.php\/2024\/05\/18\/mujer-murio-en-accidente-de-transito-dos-menores-de-edad-inmersos-en-el-accidente\/\" \/>\n<meta property=\"og:site_name\" content=\"AR Digital Noticias\" \/>\n<meta property=\"article:published_time\" content=\"2024-05-18T20:20:14+00:00\" \/>\n<meta property=\"article:modified_time\" content=\"2024-05-18T20:20:15+00:00\" \/>\n<meta property=\"og:image\" content=\"https:\/\/ardigitalnoticias.com\/wp-content\/uploads\/2024\/05\/InShot_20240518_150727384.jpg\" \/>\n\t<meta property=\"og:image:width\" content=\"1920\" \/>\n\t<meta property=\"og:image:height\" content=\"1079\" \/>\n\t<meta property=\"og:image:type\" content=\"image\/jpeg\" \/>\n<meta name=\"author\" content=\"Editor ArDigitalNoticias\" \/>\n<meta name=\"twitter:card\" content=\"summary_large_image\" \/>\n<meta name=\"twitter:label1\" content=\"Escrito por\" \/>\n\t<meta name=\"twitter:data1\" content=\"Editor ArDigitalNoticias\" \/>\n\t<meta name=\"twitter:label2\" content=\"Tiempo de lectura\" \/>\n\t<meta name=\"twitter:data2\" content=\"2 minutos\" \/>\n<script type=\"application\/ld+json\" class=\"yoast-schema-graph\">{\"@context\":\"https:\\\/\\\/schema.org\",\"@graph\":[{\"@type\":\"Article\",\"@id\":\"https:\\\/\\\/ardigitalnoticias.com\\\/index.php\\\/2024\\\/05\\\/18\\\/mujer-murio-en-accidente-de-transito-dos-menores-de-edad-inmersos-en-el-accidente\\\/#article\",\"isPartOf\":{\"@id\":\"https:\\\/\\\/ardigitalnoticias.com\\\/index.php\\\/2024\\\/05\\\/18\\\/mujer-murio-en-accidente-de-transito-dos-menores-de-edad-inmersos-en-el-accidente\\\/\"},\"author\":{\"name\":\"Editor ArDigitalNoticias\",\"@id\":\"https:\\\/\\\/ardigitalnoticias.com\\\/#\\\/schema\\\/person\\\/759c8138ebc77e85adb1aa750003a751\"},\"headline\":\"MUJER MURI\u00d3 EN ACCIDENTE DE TR\u00c1NSITO, DOS MENORES DE EDAD INMERSOS EN EL ACCIDENTE\",\"datePublished\":\"2024-05-18T20:20:14+00:00\",\"dateModified\":\"2024-05-18T20:20:15+00:00\",\"mainEntityOfPage\":{\"@id\":\"https:\\\/\\\/ardigitalnoticias.com\\\/index.php\\\/2024\\\/05\\\/18\\\/mujer-murio-en-accidente-de-transito-dos-menores-de-edad-inmersos-en-el-accidente\\\/\"},\"wordCount\":259,\"commentCount\":0,\"publisher\":{\"@id\":\"https:\\\/\\\/ardigitalnoticias.com\\\/#organization\"},\"image\":{\"@id\":\"https:\\\/\\\/ardigitalnoticias.com\\\/index.php\\\/2024\\\/05\\\/18\\\/mujer-murio-en-accidente-de-transito-dos-menores-de-edad-inmersos-en-el-accidente\\\/#primaryimage\"},\"thumbnailUrl\":\"https:\\\/\\\/ardigitalnoticias.com\\\/wp-content\\\/uploads\\\/2024\\\/05\\\/InShot_20240518_150727384.jpg\",\"articleSection\":[\"Judicial\",\"Norte\",\"Regional\"],\"inLanguage\":\"es\",\"potentialAction\":[{\"@type\":\"CommentAction\",\"name\":\"Comment\",\"target\":[\"https:\\\/\\\/ardigitalnoticias.com\\\/index.php\\\/2024\\\/05\\\/18\\\/mujer-murio-en-accidente-de-transito-dos-menores-de-edad-inmersos-en-el-accidente\\\/#respond\"]}]},{\"@type\":\"WebPage\",\"@id\":\"https:\\\/\\\/ardigitalnoticias.com\\\/index.php\\\/2024\\\/05\\\/18\\\/mujer-murio-en-accidente-de-transito-dos-menores-de-edad-inmersos-en-el-accidente\\\/\",\"url\":\"https:\\\/\\\/ardigitalnoticias.com\\\/index.php\\\/2024\\\/05\\\/18\\\/mujer-murio-en-accidente-de-transito-dos-menores-de-edad-inmersos-en-el-accidente\\\/\",\"name\":\"MUJER MURI\u00d3 EN ACCIDENTE DE TR\u00c1NSITO, DOS MENORES DE EDAD INMERSOS EN EL ACCIDENTE - AR Digital Noticias\",\"isPartOf\":{\"@id\":\"https:\\\/\\\/ardigitalnoticias.com\\\/#website\"},\"primaryImageOfPage\":{\"@id\":\"https:\\\/\\\/ardigitalnoticias.com\\\/index.php\\\/2024\\\/05\\\/18\\\/mujer-murio-en-accidente-de-transito-dos-menores-de-edad-inmersos-en-el-accidente\\\/#primaryimage\"},\"image\":{\"@id\":\"https:\\\/\\\/ardigitalnoticias.com\\\/index.php\\\/2024\\\/05\\\/18\\\/mujer-murio-en-accidente-de-transito-dos-menores-de-edad-inmersos-en-el-accidente\\\/#primaryimage\"},\"thumbnailUrl\":\"https:\\\/\\\/ardigitalnoticias.com\\\/wp-content\\\/uploads\\\/2024\\\/05\\\/InShot_20240518_150727384.jpg\",\"datePublished\":\"2024-05-18T20:20:14+00:00\",\"dateModified\":\"2024-05-18T20:20:15+00:00\",\"breadcrumb\":{\"@id\":\"https:\\\/\\\/ardigitalnoticias.com\\\/index.php\\\/2024\\\/05\\\/18\\\/mujer-murio-en-accidente-de-transito-dos-menores-de-edad-inmersos-en-el-accidente\\\/#breadcrumb\"},\"inLanguage\":\"es\",\"potentialAction\":[{\"@type\":\"ReadAction\",\"target\":[\"https:\\\/\\\/ardigitalnoticias.com\\\/index.php\\\/2024\\\/05\\\/18\\\/mujer-murio-en-accidente-de-transito-dos-menores-de-edad-inmersos-en-el-accidente\\\/\"]}]},{\"@type\":\"ImageObject\",\"inLanguage\":\"es\",\"@id\":\"https:\\\/\\\/ardigitalnoticias.com\\\/index.php\\\/2024\\\/05\\\/18\\\/mujer-murio-en-accidente-de-transito-dos-menores-de-edad-inmersos-en-el-accidente\\\/#primaryimage\",\"url\":\"https:\\\/\\\/ardigitalnoticias.com\\\/wp-content\\\/uploads\\\/2024\\\/05\\\/InShot_20240518_150727384.jpg\",\"contentUrl\":\"https:\\\/\\\/ardigitalnoticias.com\\\/wp-content\\\/uploads\\\/2024\\\/05\\\/InShot_20240518_150727384.jpg\",\"width\":1920,\"height\":1079},{\"@type\":\"BreadcrumbList\",\"@id\":\"https:\\\/\\\/ardigitalnoticias.com\\\/index.php\\\/2024\\\/05\\\/18\\\/mujer-murio-en-accidente-de-transito-dos-menores-de-edad-inmersos-en-el-accidente\\\/#breadcrumb\",\"itemListElement\":[{\"@type\":\"ListItem\",\"position\":1,\"name\":\"Portada\",\"item\":\"https:\\\/\\\/ardigitalnoticias.com\\\/\"},{\"@type\":\"ListItem\",\"position\":2,\"name\":\"MUJER MURI\u00d3 EN ACCIDENTE DE TR\u00c1NSITO, DOS MENORES DE EDAD INMERSOS EN EL ACCIDENTE\"}]},{\"@type\":\"WebSite\",\"@id\":\"https:\\\/\\\/ardigitalnoticias.com\\\/#website\",\"url\":\"https:\\\/\\\/ardigitalnoticias.com\\\/\",\"name\":\"AR Digital Noticias\",\"description\":\"\",\"publisher\":{\"@id\":\"https:\\\/\\\/ardigitalnoticias.com\\\/#organization\"},\"potentialAction\":[{\"@type\":\"SearchAction\",\"target\":{\"@type\":\"EntryPoint\",\"urlTemplate\":\"https:\\\/\\\/ardigitalnoticias.com\\\/?s={search_term_string}\"},\"query-input\":{\"@type\":\"PropertyValueSpecification\",\"valueRequired\":true,\"valueName\":\"search_term_string\"}}],\"inLanguage\":\"es\"},{\"@type\":\"Organization\",\"@id\":\"https:\\\/\\\/ardigitalnoticias.com\\\/#organization\",\"name\":\"AR Digital Noticias\",\"url\":\"https:\\\/\\\/ardigitalnoticias.com\\\/\",\"logo\":{\"@type\":\"ImageObject\",\"inLanguage\":\"es\",\"@id\":\"https:\\\/\\\/ardigitalnoticias.com\\\/#\\\/schema\\\/logo\\\/image\\\/\",\"url\":\"https:\\\/\\\/ardigitalnoticias.com\\\/wp-content\\\/uploads\\\/2023\\\/11\\\/cropped-cropped-cropped-cropped-AR-Digital-Noticias-1.png\",\"contentUrl\":\"https:\\\/\\\/ardigitalnoticias.com\\\/wp-content\\\/uploads\\\/2023\\\/11\\\/cropped-cropped-cropped-cropped-AR-Digital-Noticias-1.png\",\"width\":972,\"height\":306,\"caption\":\"AR Digital Noticias\"},\"image\":{\"@id\":\"https:\\\/\\\/ardigitalnoticias.com\\\/#\\\/schema\\\/logo\\\/image\\\/\"}},{\"@type\":\"Person\",\"@id\":\"https:\\\/\\\/ardigitalnoticias.com\\\/#\\\/schema\\\/person\\\/759c8138ebc77e85adb1aa750003a751\",\"name\":\"Editor ArDigitalNoticias\",\"image\":{\"@type\":\"ImageObject\",\"inLanguage\":\"es\",\"@id\":\"https:\\\/\\\/secure.gravatar.com\\\/avatar\\\/2c7f3656ea34567ef10422f22f4395b6cc422854a0b986ba788597ac36902f93?s=96&d=mm&r=g\",\"url\":\"https:\\\/\\\/secure.gravatar.com\\\/avatar\\\/2c7f3656ea34567ef10422f22f4395b6cc422854a0b986ba788597ac36902f93?s=96&d=mm&r=g\",\"contentUrl\":\"https:\\\/\\\/secure.gravatar.com\\\/avatar\\\/2c7f3656ea34567ef10422f22f4395b6cc422854a0b986ba788597ac36902f93?s=96&d=mm&r=g\",\"caption\":\"Editor ArDigitalNoticias\"},\"sameAs\":[\"http:\\\/\\\/ardigitalnoticias.com\"],\"url\":\"https:\\\/\\\/ardigitalnoticias.com\\\/index.php\\\/author\\\/editor\\\/\"}]}<\/script>\n<!-- \/ Yoast SEO plugin. -->","yoast_head_json":{"title":"MUJER MURI\u00d3 EN ACCIDENTE DE TR\u00c1NSITO, DOS MENORES DE EDAD INMERSOS EN EL ACCIDENTE - AR Digital Noticias","robots":{"index":"index","follow":"follow","max-snippet":"max-snippet:-1","max-image-preview":"max-image-preview:large","max-video-preview":"max-video-preview:-1"},"canonical":"https:\/\/ardigitalnoticias.com\/index.php\/2024\/05\/18\/mujer-murio-en-accidente-de-transito-dos-menores-de-edad-inmersos-en-el-accidente\/","og_locale":"es_ES","og_type":"article","og_title":"MUJER MURI\u00d3 EN ACCIDENTE DE TR\u00c1NSITO, DOS MENORES DE EDAD INMERSOS EN EL ACCIDENTE - AR Digital Noticias","og_description":"Un menor de edad al parecer habr\u00eda sido el responsable de un tr\u00e1gico accidente vial ocurrido la noche del viernes 17 de mayo, que result\u00f3 en la muerte de una mujer en el kil\u00f3metro 18+650 de la v\u00eda Juncal-Neiva. POR: ANDR\u00c9S RODR\u00cdGUEZ. El lamentable hecho tuvo lugar cuando dos motocicletas colisionaron violentamente, dejando una v\u00edctima [&hellip;]","og_url":"https:\/\/ardigitalnoticias.com\/index.php\/2024\/05\/18\/mujer-murio-en-accidente-de-transito-dos-menores-de-edad-inmersos-en-el-accidente\/","og_site_name":"AR Digital Noticias","article_published_time":"2024-05-18T20:20:14+00:00","article_modified_time":"2024-05-18T20:20:15+00:00","og_image":[{"width":1920,"height":1079,"url":"https:\/\/ardigitalnoticias.com\/wp-content\/uploads\/2024\/05\/InShot_20240518_150727384.jpg","type":"image\/jpeg"}],"author":"Editor ArDigitalNoticias","twitter_card":"summary_large_image","twitter_misc":{"Escrito por":"Editor ArDigitalNoticias","Tiempo de lectura":"2 minutos"},"schema":{"@context":"https:\/\/schema.org","@graph":[{"@type":"Article","@id":"https:\/\/ardigitalnoticias.com\/index.php\/2024\/05\/18\/mujer-murio-en-accidente-de-transito-dos-menores-de-edad-inmersos-en-el-accidente\/#article","isPartOf":{"@id":"https:\/\/ardigitalnoticias.com\/index.php\/2024\/05\/18\/mujer-murio-en-accidente-de-transito-dos-menores-de-edad-inmersos-en-el-accidente\/"},"author":{"name":"Editor ArDigitalNoticias","@id":"https:\/\/ardigitalnoticias.com\/#\/schema\/person\/759c8138ebc77e85adb1aa750003a751"},"headline":"MUJER MURI\u00d3 EN ACCIDENTE DE TR\u00c1NSITO, DOS MENORES DE EDAD INMERSOS EN EL ACCIDENTE","datePublished":"2024-05-18T20:20:14+00:00","dateModified":"2024-05-18T20:20:15+00:00","mainEntityOfPage":{"@id":"https:\/\/ardigitalnoticias.com\/index.php\/2024\/05\/18\/mujer-murio-en-accidente-de-transito-dos-menores-de-edad-inmersos-en-el-accidente\/"},"wordCount":259,"commentCount":0,"publisher":{"@id":"https:\/\/ardigitalnoticias.com\/#organization"},"image":{"@id":"https:\/\/ardigitalnoticias.com\/index.php\/2024\/05\/18\/mujer-murio-en-accidente-de-transito-dos-menores-de-edad-inmersos-en-el-accidente\/#primaryimage"},"thumbnailUrl":"https:\/\/ardigitalnoticias.com\/wp-content\/uploads\/2024\/05\/InShot_20240518_150727384.jpg","articleSection":["Judicial","Norte","Regional"],"inLanguage":"es","potentialAction":[{"@type":"CommentAction","name":"Comment","target":["https:\/\/ardigitalnoticias.com\/index.php\/2024\/05\/18\/mujer-murio-en-accidente-de-transito-dos-menores-de-edad-inmersos-en-el-accidente\/#respond"]}]},{"@type":"WebPage","@id":"https:\/\/ardigitalnoticias.com\/index.php\/2024\/05\/18\/mujer-murio-en-accidente-de-transito-dos-menores-de-edad-inmersos-en-el-accidente\/","url":"https:\/\/ardigitalnoticias.com\/index.php\/2024\/05\/18\/mujer-murio-en-accidente-de-transito-dos-menores-de-edad-inmersos-en-el-accidente\/","name":"MUJER MURI\u00d3 EN ACCIDENTE DE TR\u00c1NSITO, DOS MENORES DE EDAD INMERSOS EN EL ACCIDENTE - AR Digital Noticias","isPartOf":{"@id":"https:\/\/ardigitalnoticias.com\/#website"},"primaryImageOfPage":{"@id":"https:\/\/ardigitalnoticias.com\/index.php\/2024\/05\/18\/mujer-murio-en-accidente-de-transito-dos-menores-de-edad-inmersos-en-el-accidente\/#primaryimage"},"image":{"@id":"https:\/\/ardigitalnoticias.com\/index.php\/2024\/05\/18\/mujer-murio-en-accidente-de-transito-dos-menores-de-edad-inmersos-en-el-accidente\/#primaryimage"},"thumbnailUrl":"https:\/\/ardigitalnoticias.com\/wp-content\/uploads\/2024\/05\/InShot_20240518_150727384.jpg","datePublished":"2024-05-18T20:20:14+00:00","dateModified":"2024-05-18T20:20:15+00:00","breadcrumb":{"@id":"https:\/\/ardigitalnoticias.com\/index.php\/2024\/05\/18\/mujer-murio-en-accidente-de-transito-dos-menores-de-edad-inmersos-en-el-accidente\/#breadcrumb"},"inLanguage":"es","potentialAction":[{"@type":"ReadAction","target":["https:\/\/ardigitalnoticias.com\/index.php\/2024\/05\/18\/mujer-murio-en-accidente-de-transito-dos-menores-de-edad-inmersos-en-el-accidente\/"]}]},{"@type":"ImageObject","inLanguage":"es","@id":"https:\/\/ardigitalnoticias.com\/index.php\/2024\/05\/18\/mujer-murio-en-accidente-de-transito-dos-menores-de-edad-inmersos-en-el-accidente\/#primaryimage","url":"https:\/\/ardigitalnoticias.com\/wp-content\/uploads\/2024\/05\/InShot_20240518_150727384.jpg","contentUrl":"https:\/\/ardigitalnoticias.com\/wp-content\/uploads\/2024\/05\/InShot_20240518_150727384.jpg","width":1920,"height":1079},{"@type":"BreadcrumbList","@id":"https:\/\/ardigitalnoticias.com\/index.php\/2024\/05\/18\/mujer-murio-en-accidente-de-transito-dos-menores-de-edad-inmersos-en-el-accidente\/#breadcrumb","itemListElement":[{"@type":"ListItem","position":1,"name":"Portada","item":"https:\/\/ardigitalnoticias.com\/"},{"@type":"ListItem","position":2,"name":"MUJER MURI\u00d3 EN ACCIDENTE DE TR\u00c1NSITO, DOS MENORES DE EDAD INMERSOS EN EL ACCIDENTE"}]},{"@type":"WebSite","@id":"https:\/\/ardigitalnoticias.com\/#website","url":"https:\/\/ardigitalnoticias.com\/","name":"AR Digital Noticias","description":"","publisher":{"@id":"https:\/\/ardigitalnoticias.com\/#organization"},"potentialAction":[{"@type":"SearchAction","target":{"@type":"EntryPoint","urlTemplate":"https:\/\/ardigitalnoticias.com\/?s={search_term_string}"},"query-input":{"@type":"PropertyValueSpecification","valueRequired":true,"valueName":"search_term_string"}}],"inLanguage":"es"},{"@type":"Organization","@id":"https:\/\/ardigitalnoticias.com\/#organization","name":"AR Digital Noticias","url":"https:\/\/ardigitalnoticias.com\/","logo":{"@type":"ImageObject","inLanguage":"es","@id":"https:\/\/ardigitalnoticias.com\/#\/schema\/logo\/image\/","url":"https:\/\/ardigitalnoticias.com\/wp-content\/uploads\/2023\/11\/cropped-cropped-cropped-cropped-AR-Digital-Noticias-1.png","contentUrl":"https:\/\/ardigitalnoticias.com\/wp-content\/uploads\/2023\/11\/cropped-cropped-cropped-cropped-AR-Digital-Noticias-1.png","width":972,"height":306,"caption":"AR Digital Noticias"},"image":{"@id":"https:\/\/ardigitalnoticias.com\/#\/schema\/logo\/image\/"}},{"@type":"Person","@id":"https:\/\/ardigitalnoticias.com\/#\/schema\/person\/759c8138ebc77e85adb1aa750003a751","name":"Editor ArDigitalNoticias","image":{"@type":"ImageObject","inLanguage":"es","@id":"https:\/\/secure.gravatar.com\/avatar\/2c7f3656ea34567ef10422f22f4395b6cc422854a0b986ba788597ac36902f93?s=96&d=mm&r=g","url":"https:\/\/secure.gravatar.com\/avatar\/2c7f3656ea34567ef10422f22f4395b6cc422854a0b986ba788597ac36902f93?s=96&d=mm&r=g","contentUrl":"https:\/\/secure.gravatar.com\/avatar\/2c7f3656ea34567ef10422f22f4395b6cc422854a0b986ba788597ac36902f93?s=96&d=mm&r=g","caption":"Editor ArDigitalNoticias"},"sameAs":["http:\/\/ardigitalnoticias.com"],"url":"https:\/\/ardigitalnoticias.com\/index.php\/author\/editor\/"}]}},"_links":{"self":[{"href":"https:\/\/ardigitalnoticias.com\/index.php\/wp-json\/wp\/v2\/posts\/4518","targetHints":{"allow":["GET"]}}],"collection":[{"href":"https:\/\/ardigitalnoticias.com\/index.php\/wp-json\/wp\/v2\/posts"}],"about":[{"href":"https:\/\/ardigitalnoticias.com\/index.php\/wp-json\/wp\/v2\/types\/post"}],"author":[{"embeddable":true,"href":"https:\/\/ardigitalnoticias.com\/index.php\/wp-json\/wp\/v2\/users\/3"}],"replies":[{"embeddable":true,"href":"https:\/\/ardigitalnoticias.com\/index.php\/wp-json\/wp\/v2\/comments?post=4518"}],"version-history":[{"count":1,"href":"https:\/\/ardigitalnoticias.com\/index.php\/wp-json\/wp\/v2\/posts\/4518\/revisions"}],"predecessor-version":[{"id":4524,"href":"https:\/\/ardigitalnoticias.com\/index.php\/wp-json\/wp\/v2\/posts\/4518\/revisions\/4524"}],"wp:featuredmedia":[{"embeddable":true,"href":"https:\/\/ardigitalnoticias.com\/index.php\/wp-json\/wp\/v2\/media\/4523"}],"wp:attachment":[{"href":"https:\/\/ardigitalnoticias.com\/index.php\/wp-json\/wp\/v2\/media?parent=4518"}],"wp:term":[{"taxonomy":"category","embeddable":true,"href":"https:\/\/ardigitalnoticias.com\/index.php\/wp-json\/wp\/v2\/categories?post=4518"},{"taxonomy":"post_tag","embeddable":true,"href":"https:\/\/ardigitalnoticias.com\/index.php\/wp-json\/wp\/v2\/tags?post=4518"}],"curies":[{"name":"wp","href":"https:\/\/api.w.org\/{rel}","templated":true}]}}