{"id":4412,"date":"2024-05-05T17:54:53","date_gmt":"2024-05-05T22:54:53","guid":{"rendered":"https:\/\/ardigitalnoticias.com\/?p=4412"},"modified":"2024-05-05T17:59:34","modified_gmt":"2024-05-05T22:59:34","slug":"expoferia-garzon-2024-un-evento-imperdible-en-el-departamento-del-huila","status":"publish","type":"post","link":"https:\/\/ardigitalnoticias.com\/index.php\/2024\/05\/05\/expoferia-garzon-2024-un-evento-imperdible-en-el-departamento-del-huila\/","title":{"rendered":"\u00a1EXPOFERIA GARZ\u00d3N 2024, UN EVENTO IMPERDIBLE EN EL DEPARTAMENTO DEL HUILA!"},"content":{"rendered":"\n<p>Garz\u00f3n, el Alma del Huila, se viste de gala para dar la bienvenida a uno de los eventos m\u00e1s esperados del a\u00f1o en todo el departamento, la XXXVI Expoferia Garz\u00f3n 2024, que abrir\u00e1 sus puertas el pr\u00f3ximo viernes 10 de mayo.<\/p>\n\n\n\n<p><strong>POR: ANDR\u00c9S RODR\u00cdGUEZ. <\/strong><\/p>\n\n\n<div class=\"wp-block-image\">\n<figure class=\"aligncenter size-large\"><img loading=\"lazy\" decoding=\"async\" width=\"1024\" height=\"730\" src=\"https:\/\/ardigitalnoticias.com\/wp-content\/uploads\/2024\/05\/FB_IMG_1714948973223-1024x730.jpg\" alt=\"\" class=\"wp-image-4413\" srcset=\"https:\/\/ardigitalnoticias.com\/wp-content\/uploads\/2024\/05\/FB_IMG_1714948973223-1024x730.jpg 1024w, https:\/\/ardigitalnoticias.com\/wp-content\/uploads\/2024\/05\/FB_IMG_1714948973223-300x214.jpg 300w, https:\/\/ardigitalnoticias.com\/wp-content\/uploads\/2024\/05\/FB_IMG_1714948973223-768x548.jpg 768w, https:\/\/ardigitalnoticias.com\/wp-content\/uploads\/2024\/05\/FB_IMG_1714948973223-150x107.jpg 150w, https:\/\/ardigitalnoticias.com\/wp-content\/uploads\/2024\/05\/FB_IMG_1714948973223-696x496.jpg 696w, https:\/\/ardigitalnoticias.com\/wp-content\/uploads\/2024\/05\/FB_IMG_1714948973223-1068x761.jpg 1068w, https:\/\/ardigitalnoticias.com\/wp-content\/uploads\/2024\/05\/FB_IMG_1714948973223.jpg 1080w\" sizes=\"auto, (max-width: 1024px) 100vw, 1024px\" \/><\/figure>\n<\/div>\n\n\n<p>Con una programaci\u00f3n de primer nivel, una infraestructura a la par de las mejores del pa\u00eds y un moderno centro ferial, la ciudad est\u00e1 lista para recibir a propios y visitantes en cuatro d\u00edas de celebraci\u00f3n y encuentro.<\/p>\n\n\n<div class=\"wp-block-image\">\n<figure class=\"aligncenter size-large\"><img loading=\"lazy\" decoding=\"async\" width=\"1024\" height=\"768\" src=\"https:\/\/ardigitalnoticias.com\/wp-content\/uploads\/2024\/05\/IMG-20240505-WA0877-1024x768.jpg\" alt=\"\" class=\"wp-image-4421\" srcset=\"https:\/\/ardigitalnoticias.com\/wp-content\/uploads\/2024\/05\/IMG-20240505-WA0877-1024x768.jpg 1024w, https:\/\/ardigitalnoticias.com\/wp-content\/uploads\/2024\/05\/IMG-20240505-WA0877-300x225.jpg 300w, https:\/\/ardigitalnoticias.com\/wp-content\/uploads\/2024\/05\/IMG-20240505-WA0877-768x576.jpg 768w, https:\/\/ardigitalnoticias.com\/wp-content\/uploads\/2024\/05\/IMG-20240505-WA0877-150x113.jpg 150w, https:\/\/ardigitalnoticias.com\/wp-content\/uploads\/2024\/05\/IMG-20240505-WA0877-696x522.jpg 696w, https:\/\/ardigitalnoticias.com\/wp-content\/uploads\/2024\/05\/IMG-20240505-WA0877-1068x801.jpg 1068w, https:\/\/ardigitalnoticias.com\/wp-content\/uploads\/2024\/05\/IMG-20240505-WA0877.jpg 1280w\" sizes=\"auto, (max-width: 1024px) 100vw, 1024px\" \/><\/figure>\n<\/div>\n\n\n<p>La Expoferia contar\u00e1 con una amplia gama de actividades para todos los gustos y edades. Desde la exposici\u00f3n equina grado B hasta la muestra comercial bovina, pasando por un emocionante festival canino y una destacada exposici\u00f3n agroindustrial de especies menores. Adem\u00e1s, no faltar\u00e1n las representativas muestras artesanales y comerciales que dan muestra del talento y la creatividad de la regi\u00f3n.<\/p>\n\n\n\n<figure class=\"wp-block-video aligncenter\"><video height=\"480\" style=\"aspect-ratio: 848 \/ 480;\" width=\"848\" controls src=\"https:\/\/ardigitalnoticias.com\/wp-content\/uploads\/2024\/05\/An95s3GUdiXrnIy4KYduEf9kGaEwa2SFzJJFpiTy0shonUWvPzAnZR7K3u1sNP_jeJM_zm1lKHXIOFbDcVMTRx4.mp4\"><\/video><\/figure>\n\n\n\n<p>Con m\u00e1s de 200 ejemplares equinos, m\u00e1s de 100 animales bovinos y campeones nacionales en el \u00e1rea canina, la Expoferia promete ser un verdadero espect\u00e1culo para los amantes de los animales y la agricultura. Asimismo, la presencia de una importante representaci\u00f3n agroindustrial y comercial garantiza que los visitantes encuentren todo lo que buscan y m\u00e1s.<\/p>\n\n\n\n<figure class=\"wp-block-gallery aligncenter has-nested-images columns-default is-cropped wp-block-gallery-1 is-layout-flex wp-block-gallery-is-layout-flex\">\n<figure class=\"wp-block-image size-large\"><img loading=\"lazy\" decoding=\"async\" width=\"620\" height=\"412\" data-id=\"4416\" src=\"https:\/\/ardigitalnoticias.com\/wp-content\/uploads\/2024\/05\/IMG-20240505-WA0876.jpg\" alt=\"\" class=\"wp-image-4416\" srcset=\"https:\/\/ardigitalnoticias.com\/wp-content\/uploads\/2024\/05\/IMG-20240505-WA0876.jpg 620w, https:\/\/ardigitalnoticias.com\/wp-content\/uploads\/2024\/05\/IMG-20240505-WA0876-300x199.jpg 300w, https:\/\/ardigitalnoticias.com\/wp-content\/uploads\/2024\/05\/IMG-20240505-WA0876-150x100.jpg 150w\" sizes=\"auto, (max-width: 620px) 100vw, 620px\" \/><\/figure>\n\n\n\n<figure class=\"wp-block-image size-large\"><img loading=\"lazy\" decoding=\"async\" width=\"1024\" height=\"604\" data-id=\"4417\" src=\"https:\/\/ardigitalnoticias.com\/wp-content\/uploads\/2024\/05\/IMG-20240505-WA0875-1024x604.jpg\" alt=\"\" class=\"wp-image-4417\" srcset=\"https:\/\/ardigitalnoticias.com\/wp-content\/uploads\/2024\/05\/IMG-20240505-WA0875-1024x604.jpg 1024w, https:\/\/ardigitalnoticias.com\/wp-content\/uploads\/2024\/05\/IMG-20240505-WA0875-300x177.jpg 300w, https:\/\/ardigitalnoticias.com\/wp-content\/uploads\/2024\/05\/IMG-20240505-WA0875-768x453.jpg 768w, https:\/\/ardigitalnoticias.com\/wp-content\/uploads\/2024\/05\/IMG-20240505-WA0875-150x88.jpg 150w, https:\/\/ardigitalnoticias.com\/wp-content\/uploads\/2024\/05\/IMG-20240505-WA0875-696x411.jpg 696w, https:\/\/ardigitalnoticias.com\/wp-content\/uploads\/2024\/05\/IMG-20240505-WA0875-1068x630.jpg 1068w, https:\/\/ardigitalnoticias.com\/wp-content\/uploads\/2024\/05\/IMG-20240505-WA0875.jpg 1536w\" sizes=\"auto, (max-width: 1024px) 100vw, 1024px\" \/><\/figure>\n\n\n\n<figure class=\"wp-block-image size-large\"><img loading=\"lazy\" decoding=\"async\" width=\"1024\" height=\"682\" data-id=\"4418\" src=\"https:\/\/ardigitalnoticias.com\/wp-content\/uploads\/2024\/05\/IMG-20240505-WA0874-1024x682.jpg\" alt=\"\" class=\"wp-image-4418\" srcset=\"https:\/\/ardigitalnoticias.com\/wp-content\/uploads\/2024\/05\/IMG-20240505-WA0874-1024x682.jpg 1024w, https:\/\/ardigitalnoticias.com\/wp-content\/uploads\/2024\/05\/IMG-20240505-WA0874-300x200.jpg 300w, https:\/\/ardigitalnoticias.com\/wp-content\/uploads\/2024\/05\/IMG-20240505-WA0874-768x512.jpg 768w, https:\/\/ardigitalnoticias.com\/wp-content\/uploads\/2024\/05\/IMG-20240505-WA0874-150x100.jpg 150w, https:\/\/ardigitalnoticias.com\/wp-content\/uploads\/2024\/05\/IMG-20240505-WA0874-696x464.jpg 696w, https:\/\/ardigitalnoticias.com\/wp-content\/uploads\/2024\/05\/IMG-20240505-WA0874-1068x712.jpg 1068w, https:\/\/ardigitalnoticias.com\/wp-content\/uploads\/2024\/05\/IMG-20240505-WA0874.jpg 1280w\" sizes=\"auto, (max-width: 1024px) 100vw, 1024px\" \/><\/figure>\n\n\n\n<figure class=\"wp-block-image size-large\"><img loading=\"lazy\" decoding=\"async\" width=\"960\" height=\"640\" data-id=\"4419\" src=\"https:\/\/ardigitalnoticias.com\/wp-content\/uploads\/2024\/05\/IMG-20240505-WA0873.jpg\" alt=\"\" class=\"wp-image-4419\" srcset=\"https:\/\/ardigitalnoticias.com\/wp-content\/uploads\/2024\/05\/IMG-20240505-WA0873.jpg 960w, https:\/\/ardigitalnoticias.com\/wp-content\/uploads\/2024\/05\/IMG-20240505-WA0873-300x200.jpg 300w, https:\/\/ardigitalnoticias.com\/wp-content\/uploads\/2024\/05\/IMG-20240505-WA0873-768x512.jpg 768w, https:\/\/ardigitalnoticias.com\/wp-content\/uploads\/2024\/05\/IMG-20240505-WA0873-150x100.jpg 150w, https:\/\/ardigitalnoticias.com\/wp-content\/uploads\/2024\/05\/IMG-20240505-WA0873-696x464.jpg 696w\" sizes=\"auto, (max-width: 960px) 100vw, 960px\" \/><\/figure>\n\n\n\n<figure class=\"wp-block-image size-large\"><img loading=\"lazy\" decoding=\"async\" width=\"1024\" height=\"768\" data-id=\"4420\" src=\"https:\/\/ardigitalnoticias.com\/wp-content\/uploads\/2024\/05\/IMG-20240505-WA0872-1024x768.jpg\" alt=\"\" class=\"wp-image-4420\" srcset=\"https:\/\/ardigitalnoticias.com\/wp-content\/uploads\/2024\/05\/IMG-20240505-WA0872-1024x768.jpg 1024w, https:\/\/ardigitalnoticias.com\/wp-content\/uploads\/2024\/05\/IMG-20240505-WA0872-300x225.jpg 300w, https:\/\/ardigitalnoticias.com\/wp-content\/uploads\/2024\/05\/IMG-20240505-WA0872-768x576.jpg 768w, https:\/\/ardigitalnoticias.com\/wp-content\/uploads\/2024\/05\/IMG-20240505-WA0872-1536x1152.jpg 1536w, https:\/\/ardigitalnoticias.com\/wp-content\/uploads\/2024\/05\/IMG-20240505-WA0872-150x113.jpg 150w, https:\/\/ardigitalnoticias.com\/wp-content\/uploads\/2024\/05\/IMG-20240505-WA0872-696x522.jpg 696w, https:\/\/ardigitalnoticias.com\/wp-content\/uploads\/2024\/05\/IMG-20240505-WA0872-1068x801.jpg 1068w, https:\/\/ardigitalnoticias.com\/wp-content\/uploads\/2024\/05\/IMG-20240505-WA0872.jpg 1600w\" sizes=\"auto, (max-width: 1024px) 100vw, 1024px\" \/><\/figure>\n<\/figure>\n\n\n\n<p>El alcalde Francisco Calder\u00f3n Feriz invita cordialmente a todos a ser parte de esta gran inauguraci\u00f3n: \u00abCordialmente invitados a partir de este viernes 10 de mayo a la gran inauguraci\u00f3n de la Expoferia Garz\u00f3n 2024, porque Garz\u00f3n es epicentro de grandes eventos\u00bb.<\/p>\n\n\n\n<figure class=\"wp-block-gallery aligncenter has-nested-images columns-default is-cropped wp-block-gallery-2 is-layout-flex wp-block-gallery-is-layout-flex\">\n<figure class=\"wp-block-image size-large\"><img loading=\"lazy\" decoding=\"async\" width=\"354\" height=\"742\" data-id=\"4425\" src=\"https:\/\/ardigitalnoticias.com\/wp-content\/uploads\/2024\/05\/FB_IMG_1714949906581.jpg\" alt=\"\" class=\"wp-image-4425\" srcset=\"https:\/\/ardigitalnoticias.com\/wp-content\/uploads\/2024\/05\/FB_IMG_1714949906581.jpg 354w, https:\/\/ardigitalnoticias.com\/wp-content\/uploads\/2024\/05\/FB_IMG_1714949906581-143x300.jpg 143w, https:\/\/ardigitalnoticias.com\/wp-content\/uploads\/2024\/05\/FB_IMG_1714949906581-150x314.jpg 150w, https:\/\/ardigitalnoticias.com\/wp-content\/uploads\/2024\/05\/FB_IMG_1714949906581-300x629.jpg 300w\" sizes=\"auto, (max-width: 354px) 100vw, 354px\" \/><\/figure>\n\n\n\n<figure class=\"wp-block-image size-large\"><img loading=\"lazy\" decoding=\"async\" width=\"357\" height=\"742\" data-id=\"4426\" src=\"https:\/\/ardigitalnoticias.com\/wp-content\/uploads\/2024\/05\/FB_IMG_1714949908750.jpg\" alt=\"\" class=\"wp-image-4426\" srcset=\"https:\/\/ardigitalnoticias.com\/wp-content\/uploads\/2024\/05\/FB_IMG_1714949908750.jpg 357w, https:\/\/ardigitalnoticias.com\/wp-content\/uploads\/2024\/05\/FB_IMG_1714949908750-144x300.jpg 144w, https:\/\/ardigitalnoticias.com\/wp-content\/uploads\/2024\/05\/FB_IMG_1714949908750-150x312.jpg 150w, https:\/\/ardigitalnoticias.com\/wp-content\/uploads\/2024\/05\/FB_IMG_1714949908750-300x624.jpg 300w\" sizes=\"auto, (max-width: 357px) 100vw, 357px\" \/><\/figure>\n\n\n\n<figure class=\"wp-block-image size-large\"><img loading=\"lazy\" decoding=\"async\" width=\"353\" height=\"742\" data-id=\"4427\" src=\"https:\/\/ardigitalnoticias.com\/wp-content\/uploads\/2024\/05\/FB_IMG_1714949910853.jpg\" alt=\"\" class=\"wp-image-4427\" srcset=\"https:\/\/ardigitalnoticias.com\/wp-content\/uploads\/2024\/05\/FB_IMG_1714949910853.jpg 353w, https:\/\/ardigitalnoticias.com\/wp-content\/uploads\/2024\/05\/FB_IMG_1714949910853-143x300.jpg 143w, https:\/\/ardigitalnoticias.com\/wp-content\/uploads\/2024\/05\/FB_IMG_1714949910853-150x315.jpg 150w, https:\/\/ardigitalnoticias.com\/wp-content\/uploads\/2024\/05\/FB_IMG_1714949910853-300x631.jpg 300w\" sizes=\"auto, (max-width: 353px) 100vw, 353px\" \/><\/figure>\n\n\n\n<figure class=\"wp-block-image size-large\"><img loading=\"lazy\" decoding=\"async\" width=\"356\" height=\"742\" data-id=\"4428\" src=\"https:\/\/ardigitalnoticias.com\/wp-content\/uploads\/2024\/05\/FB_IMG_1714949913061.jpg\" alt=\"\" class=\"wp-image-4428\" srcset=\"https:\/\/ardigitalnoticias.com\/wp-content\/uploads\/2024\/05\/FB_IMG_1714949913061.jpg 356w, https:\/\/ardigitalnoticias.com\/wp-content\/uploads\/2024\/05\/FB_IMG_1714949913061-144x300.jpg 144w, https:\/\/ardigitalnoticias.com\/wp-content\/uploads\/2024\/05\/FB_IMG_1714949913061-150x313.jpg 150w, https:\/\/ardigitalnoticias.com\/wp-content\/uploads\/2024\/05\/FB_IMG_1714949913061-300x625.jpg 300w\" sizes=\"auto, (max-width: 356px) 100vw, 356px\" \/><\/figure>\n\n\n\n<figure class=\"wp-block-image size-large\"><img loading=\"lazy\" decoding=\"async\" width=\"369\" height=\"742\" data-id=\"4429\" src=\"https:\/\/ardigitalnoticias.com\/wp-content\/uploads\/2024\/05\/FB_IMG_1714949915265.jpg\" alt=\"\" class=\"wp-image-4429\" srcset=\"https:\/\/ardigitalnoticias.com\/wp-content\/uploads\/2024\/05\/FB_IMG_1714949915265.jpg 369w, https:\/\/ardigitalnoticias.com\/wp-content\/uploads\/2024\/05\/FB_IMG_1714949915265-149x300.jpg 149w, https:\/\/ardigitalnoticias.com\/wp-content\/uploads\/2024\/05\/FB_IMG_1714949915265-150x302.jpg 150w, https:\/\/ardigitalnoticias.com\/wp-content\/uploads\/2024\/05\/FB_IMG_1714949915265-300x603.jpg 300w\" sizes=\"auto, (max-width: 369px) 100vw, 369px\" \/><\/figure>\n\n\n\n<figure class=\"wp-block-image size-large\"><img loading=\"lazy\" decoding=\"async\" width=\"1024\" height=\"1024\" data-id=\"4430\" src=\"https:\/\/ardigitalnoticias.com\/wp-content\/uploads\/2024\/05\/FB_IMG_1714948848768-1-1024x1024.jpg\" alt=\"\" class=\"wp-image-4430\" srcset=\"https:\/\/ardigitalnoticias.com\/wp-content\/uploads\/2024\/05\/FB_IMG_1714948848768-1-1024x1024.jpg 1024w, https:\/\/ardigitalnoticias.com\/wp-content\/uploads\/2024\/05\/FB_IMG_1714948848768-1-300x300.jpg 300w, https:\/\/ardigitalnoticias.com\/wp-content\/uploads\/2024\/05\/FB_IMG_1714948848768-1-150x150.jpg 150w, https:\/\/ardigitalnoticias.com\/wp-content\/uploads\/2024\/05\/FB_IMG_1714948848768-1-768x768.jpg 768w, https:\/\/ardigitalnoticias.com\/wp-content\/uploads\/2024\/05\/FB_IMG_1714948848768-1-696x696.jpg 696w, https:\/\/ardigitalnoticias.com\/wp-content\/uploads\/2024\/05\/FB_IMG_1714948848768-1-1068x1068.jpg 1068w, https:\/\/ardigitalnoticias.com\/wp-content\/uploads\/2024\/05\/FB_IMG_1714948848768-1.jpg 1080w\" sizes=\"auto, (max-width: 1024px) 100vw, 1024px\" \/><\/figure>\n<\/figure>\n\n\n\n<p>Garz\u00f3n est\u00e1 listo para recibir al pueblo Huilense y colombiano, para que juntos vivamos momentos inolvidables del 10 al 13 de mayo en la Expoferia 2024. \u00a1No te lo puedes perder!<\/p>\n\n\n<div class=\"wp-block-image\">\n<figure class=\"aligncenter size-large\"><img loading=\"lazy\" decoding=\"async\" width=\"1024\" height=\"681\" src=\"https:\/\/ardigitalnoticias.com\/wp-content\/uploads\/2024\/05\/FB_IMG_1714948954179-1024x681.jpg\" alt=\"\" class=\"wp-image-4414\" srcset=\"https:\/\/ardigitalnoticias.com\/wp-content\/uploads\/2024\/05\/FB_IMG_1714948954179-1024x681.jpg 1024w, https:\/\/ardigitalnoticias.com\/wp-content\/uploads\/2024\/05\/FB_IMG_1714948954179-300x199.jpg 300w, https:\/\/ardigitalnoticias.com\/wp-content\/uploads\/2024\/05\/FB_IMG_1714948954179-768x511.jpg 768w, https:\/\/ardigitalnoticias.com\/wp-content\/uploads\/2024\/05\/FB_IMG_1714948954179-150x100.jpg 150w, https:\/\/ardigitalnoticias.com\/wp-content\/uploads\/2024\/05\/FB_IMG_1714948954179-696x463.jpg 696w, https:\/\/ardigitalnoticias.com\/wp-content\/uploads\/2024\/05\/FB_IMG_1714948954179-1068x710.jpg 1068w, https:\/\/ardigitalnoticias.com\/wp-content\/uploads\/2024\/05\/FB_IMG_1714948954179.jpg 1080w\" sizes=\"auto, (max-width: 1024px) 100vw, 1024px\" \/><\/figure>\n<\/div>","protected":false},"excerpt":{"rendered":"<p>Garz\u00f3n, el Alma del Huila, se viste de gala para dar la bienvenida a uno de los eventos m\u00e1s esperados del a\u00f1o en todo el departamento, la XXXVI Expoferia Garz\u00f3n 2024, que abrir\u00e1 sus puertas el pr\u00f3ximo viernes 10 de mayo. POR: ANDR\u00c9S RODR\u00cdGUEZ. Con una programaci\u00f3n de primer nivel, una infraestructura a la par [&hellip;]<\/p>\n","protected":false},"author":3,"featured_media":4423,"comment_status":"open","ping_status":"open","sticky":false,"template":"","format":"standard","meta":{"_acf_changed":false,"_joinchat":[],"footnotes":""},"categories":[1,25,21,19],"tags":[],"class_list":{"0":"post-4412","1":"post","2":"type-post","3":"status-publish","4":"format-standard","5":"has-post-thumbnail","7":"category-actualidad","8":"category-centro","9":"category-locales","10":"category-regional"},"acf":[],"yoast_head":"<!-- This site is optimized with the Yoast SEO plugin v27.5 - https:\/\/yoast.com\/product\/yoast-seo-wordpress\/ -->\n<title>\u00a1EXPOFERIA GARZ\u00d3N 2024, UN EVENTO IMPERDIBLE EN EL DEPARTAMENTO DEL HUILA! - AR Digital Noticias<\/title>\n<meta name=\"robots\" content=\"index, follow, max-snippet:-1, max-image-preview:large, max-video-preview:-1\" \/>\n<link rel=\"canonical\" href=\"https:\/\/ardigitalnoticias.com\/index.php\/2024\/05\/05\/expoferia-garzon-2024-un-evento-imperdible-en-el-departamento-del-huila\/\" \/>\n<meta property=\"og:locale\" content=\"es_ES\" \/>\n<meta property=\"og:type\" content=\"article\" \/>\n<meta property=\"og:title\" content=\"\u00a1EXPOFERIA GARZ\u00d3N 2024, UN EVENTO IMPERDIBLE EN EL DEPARTAMENTO DEL HUILA! - AR Digital Noticias\" \/>\n<meta property=\"og:description\" content=\"Garz\u00f3n, el Alma del Huila, se viste de gala para dar la bienvenida a uno de los eventos m\u00e1s esperados del a\u00f1o en todo el departamento, la XXXVI Expoferia Garz\u00f3n 2024, que abrir\u00e1 sus puertas el pr\u00f3ximo viernes 10 de mayo. POR: ANDR\u00c9S RODR\u00cdGUEZ. Con una programaci\u00f3n de primer nivel, una infraestructura a la par [&hellip;]\" \/>\n<meta property=\"og:url\" content=\"https:\/\/ardigitalnoticias.com\/index.php\/2024\/05\/05\/expoferia-garzon-2024-un-evento-imperdible-en-el-departamento-del-huila\/\" \/>\n<meta property=\"og:site_name\" content=\"AR Digital Noticias\" \/>\n<meta property=\"article:published_time\" content=\"2024-05-05T22:54:53+00:00\" \/>\n<meta property=\"article:modified_time\" content=\"2024-05-05T22:59:34+00:00\" \/>\n<meta property=\"og:image\" content=\"https:\/\/ardigitalnoticias.com\/wp-content\/uploads\/2024\/05\/InShot_20240505_174545987-scaled.jpg\" \/>\n\t<meta property=\"og:image:width\" content=\"2560\" \/>\n\t<meta property=\"og:image:height\" content=\"1439\" \/>\n\t<meta property=\"og:image:type\" content=\"image\/jpeg\" \/>\n<meta name=\"author\" content=\"Editor ArDigitalNoticias\" \/>\n<meta name=\"twitter:card\" content=\"summary_large_image\" \/>\n<meta name=\"twitter:label1\" content=\"Escrito por\" \/>\n\t<meta name=\"twitter:data1\" content=\"Editor ArDigitalNoticias\" \/>\n\t<meta name=\"twitter:label2\" content=\"Tiempo de lectura\" \/>\n\t<meta name=\"twitter:data2\" content=\"5 minutos\" \/>\n<script type=\"application\/ld+json\" class=\"yoast-schema-graph\">{\"@context\":\"https:\\\/\\\/schema.org\",\"@graph\":[{\"@type\":\"Article\",\"@id\":\"https:\\\/\\\/ardigitalnoticias.com\\\/index.php\\\/2024\\\/05\\\/05\\\/expoferia-garzon-2024-un-evento-imperdible-en-el-departamento-del-huila\\\/#article\",\"isPartOf\":{\"@id\":\"https:\\\/\\\/ardigitalnoticias.com\\\/index.php\\\/2024\\\/05\\\/05\\\/expoferia-garzon-2024-un-evento-imperdible-en-el-departamento-del-huila\\\/\"},\"author\":{\"name\":\"Editor ArDigitalNoticias\",\"@id\":\"https:\\\/\\\/ardigitalnoticias.com\\\/#\\\/schema\\\/person\\\/759c8138ebc77e85adb1aa750003a751\"},\"headline\":\"\u00a1EXPOFERIA GARZ\u00d3N 2024, UN EVENTO IMPERDIBLE EN EL DEPARTAMENTO DEL HUILA!\",\"datePublished\":\"2024-05-05T22:54:53+00:00\",\"dateModified\":\"2024-05-05T22:59:34+00:00\",\"mainEntityOfPage\":{\"@id\":\"https:\\\/\\\/ardigitalnoticias.com\\\/index.php\\\/2024\\\/05\\\/05\\\/expoferia-garzon-2024-un-evento-imperdible-en-el-departamento-del-huila\\\/\"},\"wordCount\":299,\"commentCount\":0,\"publisher\":{\"@id\":\"https:\\\/\\\/ardigitalnoticias.com\\\/#organization\"},\"image\":{\"@id\":\"https:\\\/\\\/ardigitalnoticias.com\\\/index.php\\\/2024\\\/05\\\/05\\\/expoferia-garzon-2024-un-evento-imperdible-en-el-departamento-del-huila\\\/#primaryimage\"},\"thumbnailUrl\":\"https:\\\/\\\/ardigitalnoticias.com\\\/wp-content\\\/uploads\\\/2024\\\/05\\\/InShot_20240505_174545987-scaled.jpg\",\"articleSection\":[\"Actualidad\",\"Centro\",\"Garz\u00f3n\",\"Regional\"],\"inLanguage\":\"es\",\"potentialAction\":[{\"@type\":\"CommentAction\",\"name\":\"Comment\",\"target\":[\"https:\\\/\\\/ardigitalnoticias.com\\\/index.php\\\/2024\\\/05\\\/05\\\/expoferia-garzon-2024-un-evento-imperdible-en-el-departamento-del-huila\\\/#respond\"]}]},{\"@type\":\"WebPage\",\"@id\":\"https:\\\/\\\/ardigitalnoticias.com\\\/index.php\\\/2024\\\/05\\\/05\\\/expoferia-garzon-2024-un-evento-imperdible-en-el-departamento-del-huila\\\/\",\"url\":\"https:\\\/\\\/ardigitalnoticias.com\\\/index.php\\\/2024\\\/05\\\/05\\\/expoferia-garzon-2024-un-evento-imperdible-en-el-departamento-del-huila\\\/\",\"name\":\"\u00a1EXPOFERIA GARZ\u00d3N 2024, UN EVENTO IMPERDIBLE EN EL DEPARTAMENTO DEL HUILA! - AR Digital Noticias\",\"isPartOf\":{\"@id\":\"https:\\\/\\\/ardigitalnoticias.com\\\/#website\"},\"primaryImageOfPage\":{\"@id\":\"https:\\\/\\\/ardigitalnoticias.com\\\/index.php\\\/2024\\\/05\\\/05\\\/expoferia-garzon-2024-un-evento-imperdible-en-el-departamento-del-huila\\\/#primaryimage\"},\"image\":{\"@id\":\"https:\\\/\\\/ardigitalnoticias.com\\\/index.php\\\/2024\\\/05\\\/05\\\/expoferia-garzon-2024-un-evento-imperdible-en-el-departamento-del-huila\\\/#primaryimage\"},\"thumbnailUrl\":\"https:\\\/\\\/ardigitalnoticias.com\\\/wp-content\\\/uploads\\\/2024\\\/05\\\/InShot_20240505_174545987-scaled.jpg\",\"datePublished\":\"2024-05-05T22:54:53+00:00\",\"dateModified\":\"2024-05-05T22:59:34+00:00\",\"breadcrumb\":{\"@id\":\"https:\\\/\\\/ardigitalnoticias.com\\\/index.php\\\/2024\\\/05\\\/05\\\/expoferia-garzon-2024-un-evento-imperdible-en-el-departamento-del-huila\\\/#breadcrumb\"},\"inLanguage\":\"es\",\"potentialAction\":[{\"@type\":\"ReadAction\",\"target\":[\"https:\\\/\\\/ardigitalnoticias.com\\\/index.php\\\/2024\\\/05\\\/05\\\/expoferia-garzon-2024-un-evento-imperdible-en-el-departamento-del-huila\\\/\"]}]},{\"@type\":\"ImageObject\",\"inLanguage\":\"es\",\"@id\":\"https:\\\/\\\/ardigitalnoticias.com\\\/index.php\\\/2024\\\/05\\\/05\\\/expoferia-garzon-2024-un-evento-imperdible-en-el-departamento-del-huila\\\/#primaryimage\",\"url\":\"https:\\\/\\\/ardigitalnoticias.com\\\/wp-content\\\/uploads\\\/2024\\\/05\\\/InShot_20240505_174545987-scaled.jpg\",\"contentUrl\":\"https:\\\/\\\/ardigitalnoticias.com\\\/wp-content\\\/uploads\\\/2024\\\/05\\\/InShot_20240505_174545987-scaled.jpg\",\"width\":2560,\"height\":1439},{\"@type\":\"BreadcrumbList\",\"@id\":\"https:\\\/\\\/ardigitalnoticias.com\\\/index.php\\\/2024\\\/05\\\/05\\\/expoferia-garzon-2024-un-evento-imperdible-en-el-departamento-del-huila\\\/#breadcrumb\",\"itemListElement\":[{\"@type\":\"ListItem\",\"position\":1,\"name\":\"Portada\",\"item\":\"https:\\\/\\\/ardigitalnoticias.com\\\/\"},{\"@type\":\"ListItem\",\"position\":2,\"name\":\"\u00a1EXPOFERIA GARZ\u00d3N 2024, UN EVENTO IMPERDIBLE EN EL DEPARTAMENTO DEL HUILA!\"}]},{\"@type\":\"WebSite\",\"@id\":\"https:\\\/\\\/ardigitalnoticias.com\\\/#website\",\"url\":\"https:\\\/\\\/ardigitalnoticias.com\\\/\",\"name\":\"AR Digital Noticias\",\"description\":\"\",\"publisher\":{\"@id\":\"https:\\\/\\\/ardigitalnoticias.com\\\/#organization\"},\"potentialAction\":[{\"@type\":\"SearchAction\",\"target\":{\"@type\":\"EntryPoint\",\"urlTemplate\":\"https:\\\/\\\/ardigitalnoticias.com\\\/?s={search_term_string}\"},\"query-input\":{\"@type\":\"PropertyValueSpecification\",\"valueRequired\":true,\"valueName\":\"search_term_string\"}}],\"inLanguage\":\"es\"},{\"@type\":\"Organization\",\"@id\":\"https:\\\/\\\/ardigitalnoticias.com\\\/#organization\",\"name\":\"AR Digital Noticias\",\"url\":\"https:\\\/\\\/ardigitalnoticias.com\\\/\",\"logo\":{\"@type\":\"ImageObject\",\"inLanguage\":\"es\",\"@id\":\"https:\\\/\\\/ardigitalnoticias.com\\\/#\\\/schema\\\/logo\\\/image\\\/\",\"url\":\"https:\\\/\\\/ardigitalnoticias.com\\\/wp-content\\\/uploads\\\/2023\\\/11\\\/cropped-cropped-cropped-cropped-AR-Digital-Noticias-1.png\",\"contentUrl\":\"https:\\\/\\\/ardigitalnoticias.com\\\/wp-content\\\/uploads\\\/2023\\\/11\\\/cropped-cropped-cropped-cropped-AR-Digital-Noticias-1.png\",\"width\":972,\"height\":306,\"caption\":\"AR Digital Noticias\"},\"image\":{\"@id\":\"https:\\\/\\\/ardigitalnoticias.com\\\/#\\\/schema\\\/logo\\\/image\\\/\"}},{\"@type\":\"Person\",\"@id\":\"https:\\\/\\\/ardigitalnoticias.com\\\/#\\\/schema\\\/person\\\/759c8138ebc77e85adb1aa750003a751\",\"name\":\"Editor ArDigitalNoticias\",\"image\":{\"@type\":\"ImageObject\",\"inLanguage\":\"es\",\"@id\":\"https:\\\/\\\/secure.gravatar.com\\\/avatar\\\/2c7f3656ea34567ef10422f22f4395b6cc422854a0b986ba788597ac36902f93?s=96&d=mm&r=g\",\"url\":\"https:\\\/\\\/secure.gravatar.com\\\/avatar\\\/2c7f3656ea34567ef10422f22f4395b6cc422854a0b986ba788597ac36902f93?s=96&d=mm&r=g\",\"contentUrl\":\"https:\\\/\\\/secure.gravatar.com\\\/avatar\\\/2c7f3656ea34567ef10422f22f4395b6cc422854a0b986ba788597ac36902f93?s=96&d=mm&r=g\",\"caption\":\"Editor ArDigitalNoticias\"},\"sameAs\":[\"http:\\\/\\\/ardigitalnoticias.com\"],\"url\":\"https:\\\/\\\/ardigitalnoticias.com\\\/index.php\\\/author\\\/editor\\\/\"}]}<\/script>\n<!-- \/ Yoast SEO plugin. -->","yoast_head_json":{"title":"\u00a1EXPOFERIA GARZ\u00d3N 2024, UN EVENTO IMPERDIBLE EN EL DEPARTAMENTO DEL HUILA! - AR Digital Noticias","robots":{"index":"index","follow":"follow","max-snippet":"max-snippet:-1","max-image-preview":"max-image-preview:large","max-video-preview":"max-video-preview:-1"},"canonical":"https:\/\/ardigitalnoticias.com\/index.php\/2024\/05\/05\/expoferia-garzon-2024-un-evento-imperdible-en-el-departamento-del-huila\/","og_locale":"es_ES","og_type":"article","og_title":"\u00a1EXPOFERIA GARZ\u00d3N 2024, UN EVENTO IMPERDIBLE EN EL DEPARTAMENTO DEL HUILA! - AR Digital Noticias","og_description":"Garz\u00f3n, el Alma del Huila, se viste de gala para dar la bienvenida a uno de los eventos m\u00e1s esperados del a\u00f1o en todo el departamento, la XXXVI Expoferia Garz\u00f3n 2024, que abrir\u00e1 sus puertas el pr\u00f3ximo viernes 10 de mayo. POR: ANDR\u00c9S RODR\u00cdGUEZ. Con una programaci\u00f3n de primer nivel, una infraestructura a la par [&hellip;]","og_url":"https:\/\/ardigitalnoticias.com\/index.php\/2024\/05\/05\/expoferia-garzon-2024-un-evento-imperdible-en-el-departamento-del-huila\/","og_site_name":"AR Digital Noticias","article_published_time":"2024-05-05T22:54:53+00:00","article_modified_time":"2024-05-05T22:59:34+00:00","og_image":[{"width":2560,"height":1439,"url":"https:\/\/ardigitalnoticias.com\/wp-content\/uploads\/2024\/05\/InShot_20240505_174545987-scaled.jpg","type":"image\/jpeg"}],"author":"Editor ArDigitalNoticias","twitter_card":"summary_large_image","twitter_misc":{"Escrito por":"Editor ArDigitalNoticias","Tiempo de lectura":"5 minutos"},"schema":{"@context":"https:\/\/schema.org","@graph":[{"@type":"Article","@id":"https:\/\/ardigitalnoticias.com\/index.php\/2024\/05\/05\/expoferia-garzon-2024-un-evento-imperdible-en-el-departamento-del-huila\/#article","isPartOf":{"@id":"https:\/\/ardigitalnoticias.com\/index.php\/2024\/05\/05\/expoferia-garzon-2024-un-evento-imperdible-en-el-departamento-del-huila\/"},"author":{"name":"Editor ArDigitalNoticias","@id":"https:\/\/ardigitalnoticias.com\/#\/schema\/person\/759c8138ebc77e85adb1aa750003a751"},"headline":"\u00a1EXPOFERIA GARZ\u00d3N 2024, UN EVENTO IMPERDIBLE EN EL DEPARTAMENTO DEL HUILA!","datePublished":"2024-05-05T22:54:53+00:00","dateModified":"2024-05-05T22:59:34+00:00","mainEntityOfPage":{"@id":"https:\/\/ardigitalnoticias.com\/index.php\/2024\/05\/05\/expoferia-garzon-2024-un-evento-imperdible-en-el-departamento-del-huila\/"},"wordCount":299,"commentCount":0,"publisher":{"@id":"https:\/\/ardigitalnoticias.com\/#organization"},"image":{"@id":"https:\/\/ardigitalnoticias.com\/index.php\/2024\/05\/05\/expoferia-garzon-2024-un-evento-imperdible-en-el-departamento-del-huila\/#primaryimage"},"thumbnailUrl":"https:\/\/ardigitalnoticias.com\/wp-content\/uploads\/2024\/05\/InShot_20240505_174545987-scaled.jpg","articleSection":["Actualidad","Centro","Garz\u00f3n","Regional"],"inLanguage":"es","potentialAction":[{"@type":"CommentAction","name":"Comment","target":["https:\/\/ardigitalnoticias.com\/index.php\/2024\/05\/05\/expoferia-garzon-2024-un-evento-imperdible-en-el-departamento-del-huila\/#respond"]}]},{"@type":"WebPage","@id":"https:\/\/ardigitalnoticias.com\/index.php\/2024\/05\/05\/expoferia-garzon-2024-un-evento-imperdible-en-el-departamento-del-huila\/","url":"https:\/\/ardigitalnoticias.com\/index.php\/2024\/05\/05\/expoferia-garzon-2024-un-evento-imperdible-en-el-departamento-del-huila\/","name":"\u00a1EXPOFERIA GARZ\u00d3N 2024, UN EVENTO IMPERDIBLE EN EL DEPARTAMENTO DEL HUILA! - AR Digital Noticias","isPartOf":{"@id":"https:\/\/ardigitalnoticias.com\/#website"},"primaryImageOfPage":{"@id":"https:\/\/ardigitalnoticias.com\/index.php\/2024\/05\/05\/expoferia-garzon-2024-un-evento-imperdible-en-el-departamento-del-huila\/#primaryimage"},"image":{"@id":"https:\/\/ardigitalnoticias.com\/index.php\/2024\/05\/05\/expoferia-garzon-2024-un-evento-imperdible-en-el-departamento-del-huila\/#primaryimage"},"thumbnailUrl":"https:\/\/ardigitalnoticias.com\/wp-content\/uploads\/2024\/05\/InShot_20240505_174545987-scaled.jpg","datePublished":"2024-05-05T22:54:53+00:00","dateModified":"2024-05-05T22:59:34+00:00","breadcrumb":{"@id":"https:\/\/ardigitalnoticias.com\/index.php\/2024\/05\/05\/expoferia-garzon-2024-un-evento-imperdible-en-el-departamento-del-huila\/#breadcrumb"},"inLanguage":"es","potentialAction":[{"@type":"ReadAction","target":["https:\/\/ardigitalnoticias.com\/index.php\/2024\/05\/05\/expoferia-garzon-2024-un-evento-imperdible-en-el-departamento-del-huila\/"]}]},{"@type":"ImageObject","inLanguage":"es","@id":"https:\/\/ardigitalnoticias.com\/index.php\/2024\/05\/05\/expoferia-garzon-2024-un-evento-imperdible-en-el-departamento-del-huila\/#primaryimage","url":"https:\/\/ardigitalnoticias.com\/wp-content\/uploads\/2024\/05\/InShot_20240505_174545987-scaled.jpg","contentUrl":"https:\/\/ardigitalnoticias.com\/wp-content\/uploads\/2024\/05\/InShot_20240505_174545987-scaled.jpg","width":2560,"height":1439},{"@type":"BreadcrumbList","@id":"https:\/\/ardigitalnoticias.com\/index.php\/2024\/05\/05\/expoferia-garzon-2024-un-evento-imperdible-en-el-departamento-del-huila\/#breadcrumb","itemListElement":[{"@type":"ListItem","position":1,"name":"Portada","item":"https:\/\/ardigitalnoticias.com\/"},{"@type":"ListItem","position":2,"name":"\u00a1EXPOFERIA GARZ\u00d3N 2024, UN EVENTO IMPERDIBLE EN EL DEPARTAMENTO DEL HUILA!"}]},{"@type":"WebSite","@id":"https:\/\/ardigitalnoticias.com\/#website","url":"https:\/\/ardigitalnoticias.com\/","name":"AR Digital Noticias","description":"","publisher":{"@id":"https:\/\/ardigitalnoticias.com\/#organization"},"potentialAction":[{"@type":"SearchAction","target":{"@type":"EntryPoint","urlTemplate":"https:\/\/ardigitalnoticias.com\/?s={search_term_string}"},"query-input":{"@type":"PropertyValueSpecification","valueRequired":true,"valueName":"search_term_string"}}],"inLanguage":"es"},{"@type":"Organization","@id":"https:\/\/ardigitalnoticias.com\/#organization","name":"AR Digital Noticias","url":"https:\/\/ardigitalnoticias.com\/","logo":{"@type":"ImageObject","inLanguage":"es","@id":"https:\/\/ardigitalnoticias.com\/#\/schema\/logo\/image\/","url":"https:\/\/ardigitalnoticias.com\/wp-content\/uploads\/2023\/11\/cropped-cropped-cropped-cropped-AR-Digital-Noticias-1.png","contentUrl":"https:\/\/ardigitalnoticias.com\/wp-content\/uploads\/2023\/11\/cropped-cropped-cropped-cropped-AR-Digital-Noticias-1.png","width":972,"height":306,"caption":"AR Digital Noticias"},"image":{"@id":"https:\/\/ardigitalnoticias.com\/#\/schema\/logo\/image\/"}},{"@type":"Person","@id":"https:\/\/ardigitalnoticias.com\/#\/schema\/person\/759c8138ebc77e85adb1aa750003a751","name":"Editor ArDigitalNoticias","image":{"@type":"ImageObject","inLanguage":"es","@id":"https:\/\/secure.gravatar.com\/avatar\/2c7f3656ea34567ef10422f22f4395b6cc422854a0b986ba788597ac36902f93?s=96&d=mm&r=g","url":"https:\/\/secure.gravatar.com\/avatar\/2c7f3656ea34567ef10422f22f4395b6cc422854a0b986ba788597ac36902f93?s=96&d=mm&r=g","contentUrl":"https:\/\/secure.gravatar.com\/avatar\/2c7f3656ea34567ef10422f22f4395b6cc422854a0b986ba788597ac36902f93?s=96&d=mm&r=g","caption":"Editor ArDigitalNoticias"},"sameAs":["http:\/\/ardigitalnoticias.com"],"url":"https:\/\/ardigitalnoticias.com\/index.php\/author\/editor\/"}]}},"_links":{"self":[{"href":"https:\/\/ardigitalnoticias.com\/index.php\/wp-json\/wp\/v2\/posts\/4412","targetHints":{"allow":["GET"]}}],"collection":[{"href":"https:\/\/ardigitalnoticias.com\/index.php\/wp-json\/wp\/v2\/posts"}],"about":[{"href":"https:\/\/ardigitalnoticias.com\/index.php\/wp-json\/wp\/v2\/types\/post"}],"author":[{"embeddable":true,"href":"https:\/\/ardigitalnoticias.com\/index.php\/wp-json\/wp\/v2\/users\/3"}],"replies":[{"embeddable":true,"href":"https:\/\/ardigitalnoticias.com\/index.php\/wp-json\/wp\/v2\/comments?post=4412"}],"version-history":[{"count":3,"href":"https:\/\/ardigitalnoticias.com\/index.php\/wp-json\/wp\/v2\/posts\/4412\/revisions"}],"predecessor-version":[{"id":4432,"href":"https:\/\/ardigitalnoticias.com\/index.php\/wp-json\/wp\/v2\/posts\/4412\/revisions\/4432"}],"wp:featuredmedia":[{"embeddable":true,"href":"https:\/\/ardigitalnoticias.com\/index.php\/wp-json\/wp\/v2\/media\/4423"}],"wp:attachment":[{"href":"https:\/\/ardigitalnoticias.com\/index.php\/wp-json\/wp\/v2\/media?parent=4412"}],"wp:term":[{"taxonomy":"category","embeddable":true,"href":"https:\/\/ardigitalnoticias.com\/index.php\/wp-json\/wp\/v2\/categories?post=4412"},{"taxonomy":"post_tag","embeddable":true,"href":"https:\/\/ardigitalnoticias.com\/index.php\/wp-json\/wp\/v2\/tags?post=4412"}],"curies":[{"name":"wp","href":"https:\/\/api.w.org\/{rel}","templated":true}]}}