{"id":4293,"date":"2024-04-27T11:24:21","date_gmt":"2024-04-27T16:24:21","guid":{"rendered":"https:\/\/ardigitalnoticias.com\/?p=4293"},"modified":"2024-04-27T11:24:22","modified_gmt":"2024-04-27T16:24:22","slug":"agua-escasa-futuro-en-riesgo","status":"publish","type":"post","link":"https:\/\/ardigitalnoticias.com\/index.php\/2024\/04\/27\/agua-escasa-futuro-en-riesgo\/","title":{"rendered":"AGUA ESCASA, FUTURO EN RIESGO"},"content":{"rendered":"\n<p class=\"justificado has-regular-font-size\">La sequ\u00eda es un fen\u00f3meno clim\u00e1tico complejo que se caracteriza por la escasez de precipitaciones durante un per\u00edodo prolongado. En Colombia, este fen\u00f3meno ha afectado diversas regiones del pa\u00eds, provocando consecuencias devastadoras para la agricultura, la ganader\u00eda, la disponibilidad de agua potable y la salud p\u00fablica. Adem\u00e1s, la sequ\u00eda tambi\u00e9n tiene impactos sociales y econ\u00f3micos, exacerbando la pobreza; por ende, la desigualdad en las comunidades m\u00e1s vulnerables. Seg\u00fan estudios realizados por el Instituto de Hidrolog\u00eda, Meteorolog\u00eda y Estudios Ambientales (IDEAM), 391 municipios ya est\u00e1n expuestos al riesgo de escasez de agua, la tendencia a largo plazo indica que muchos m\u00e1s correr\u00e1n la misma suerte. El cambio clim\u00e1tico est\u00e1 incrementando las anomal\u00edas pluviales, y se prev\u00e9 que las temperaturas medias aumentar\u00e1n en hasta 2,14 grados hacia el final del siglo. El resultado probable ser\u00e1 un mayor n\u00famero de sequ\u00edas e inundaciones, el aumento de la frecuencia, la intensidad de los fen\u00f3menos El Ni\u00f1o &#8211; La Ni\u00f1a, as\u00ed como la p\u00e9rdida r\u00e1pida y constante de glaciares, que ya han retrocedido un 60% en los \u00faltimos 50 a\u00f1os.<\/p>\n\n\n\n<p class=\"justificado\">El estudio denominado \u201cAgua escasa, futuro en riesgo\u201d realizado por expertos del programa de Ingenier\u00eda Ambiental de la Escuela Colombiana de Carreras Industriales (ECCI); en el cual se reunieron y analizaron datos desde el a\u00f1o 2000 hasta 2022, arroj\u00f3 que durante los \u00faltimos 22 a\u00f1os, la mitad de los municipios de Colombia ha sufrido por desabastecimiento de agua. En total son 565, de 26 departamentos, los que se han enfrentado a esta problem\u00e1tica, sobre todo, en la temporada de sequ\u00edas los departamentos m\u00e1s susceptibles al desabastecimiento h\u00eddrico en temporada seca son: Cundinamarca, Santander, Bol\u00edvar y Tolima, mientras que Antioquia, Cauca, Huila, Boyac\u00e1 y Norte de Santander se vieron afectados por falta de agua potable en las \u00e9pocas de lluvia, debido a tormentas el\u00e9ctricas, deslizamientos y crecientes s\u00fabitas que afectaron los sistemas de acueducto en estas zonas del pa\u00eds; los departamentos de Bol\u00edvar, Huila, Nari\u00f1o y Choc\u00f3 son comunidades que necesitan acciones urgentes para garantizarle el acceso al agua potable a sus habitantes. &nbsp;&nbsp;&nbsp;<\/p>\n\n\n\n<p class=\"justificado\">Ante esta situaci\u00f3n, los gobiernos deben adoptar un enfoque integral y multifac\u00e9tico para abordar la sequ\u00eda y sus causas subyacentes. En primer lugar, es fundamental implementar pol\u00edticas de adaptaci\u00f3n al cambio clim\u00e1tico que fortalezcan la resiliencia de las comunidades y los ecosistemas frente a los efectos adversos de la sequ\u00eda. Esto incluye la promoci\u00f3n de pr\u00e1cticas agr\u00edcolas sostenibles, la gesti\u00f3n eficiente del agua, por ende la conservaci\u00f3n de los recursos naturales.<\/p>\n\n\n\n<p class=\"justificado\">Asimismo, es necesario fomentar la investigaci\u00f3n cient\u00edfica, la innovaci\u00f3n tecnol\u00f3gica para desarrollar soluciones avanzadas de monitoreo y predicci\u00f3n de la sequ\u00eda, as\u00ed como medidas de alerta temprana que permitan una respuesta r\u00e1pida, eficaz ante eventos clim\u00e1ticos extremos. En este sentido, Colombia cuenta con instituciones acad\u00e9micas y cient\u00edficas de renombre que pueden desempe\u00f1ar un papel clave en la generaci\u00f3n de conocimiento y la transferencia de tecnolog\u00eda para enfrentar la crisis clim\u00e1tica.<\/p>\n\n\n\n<p class=\"justificado\">Adem\u00e1s, los gobiernos deben adoptar pol\u00edticas de mitigaci\u00f3n del cambio clim\u00e1tico que reduzcan las emisiones de gases de efecto invernadero y promuevan la transici\u00f3n hacia una econom\u00eda baja en carbono. Esto implica la implementaci\u00f3n de medidas de eficiencia energ\u00e9tica, la promoci\u00f3n de energ\u00edas renovables, la adopci\u00f3n de pr\u00e1cticas de producci\u00f3n y consumo sostenibles. Al mismo tiempo, es necesario fortalecer la cooperaci\u00f3n internacional y el cumplimiento de los compromisos internacionales en materia de cambio clim\u00e1tico, como el Acuerdo de Par\u00eds.<\/p>\n\n\n\n<p class=\"justificado\">Sin embargo, para lograr avances significativos en la lucha contra la sequ\u00eda y la crisis clim\u00e1tica, es fundamental que los gobiernos act\u00faen de manera coordinada, colaborativa con la sociedad civil, el sector privado y otros actores relevantes. La participaci\u00f3n activa, la inclusi\u00f3n de m\u00faltiples perspectivas son clave para dise\u00f1ar e implementar pol\u00edticas y programas efectivos que aborden las causas estructurales de la sequ\u00eda y promuevan un desarrollo sostenible e inclusivo. En este sentido, es necesario fortalecer los mecanismos de gobernanza ambiental, la participaci\u00f3n ciudadana en la toma de decisiones sobre cuestiones relacionadas con el cambio clim\u00e1tico y la gesti\u00f3n de los recursos naturales. Esto implica la creaci\u00f3n de espacios de di\u00e1logo y consulta donde se puedan discutir abiertamente los desaf\u00edos y las oportunidades asociadas con la sequ\u00eda, as\u00ed como la promoci\u00f3n de la educaci\u00f3n ambiental y la sensibilizaci\u00f3n p\u00fablica sobre la importancia de la protecci\u00f3n del medio ambiente.<\/p>\n\n\n\n<p class=\"justificado\">Desde mi perspectiva como Ingeniera en Recursos H\u00eddricos y Gesti\u00f3n Ambiental, es evidente que la gesti\u00f3n de la sequ\u00eda en Colombia requiere una estrategia global, basada en la ciencia, para abordar los desaf\u00edos clim\u00e1ticos actuales. La gesti\u00f3n integrada del recurso h\u00eddrico es esencial para asegurar un suministro sostenible de agua en condiciones de sequ\u00eda. Esto implica la implementaci\u00f3n de sistemas de captaci\u00f3n de agua de lluvia, tecnolog\u00edas de almacenamiento y gesti\u00f3n eficiente del agua, utilizando herramientas de modelaci\u00f3n hidrol\u00f3gica para prever la disponibilidad y demanda de agua. Las pr\u00e1cticas agr\u00edcolas sostenibles, como la agricultura de conservaci\u00f3n y el uso de tecnolog\u00edas de riego eficiente, son fundamentales para optimizar el uso del agua en la agricultura. Mediante el uso de sensores y sistemas de informaci\u00f3n geogr\u00e1fica (SIG), se puede monitorear y gestionar el consumo de agua en tiempo real, promoviendo la eficiencia h\u00eddrica en la producci\u00f3n agr\u00edcola. La conservaci\u00f3n de ecosistemas como bosques, humedales y p\u00e1ramos es crucial para mantener la regulaci\u00f3n hidrol\u00f3gica natural y la biodiversidad. Mediante t\u00e9cnicas de restauraci\u00f3n ecol\u00f3gica y monitoreo ambiental, se puede evaluar el estado de los ecosistemas e implementar medidas de conservaci\u00f3n y manejo sostenible.<\/p>\n\n\n\n<p class=\"justificado\">Las pol\u00edticas de adaptaci\u00f3n al cambio clim\u00e1tico deben estar respaldadas por enfoques t\u00e9cnico &#8211; cient\u00edficos que consideren la vulnerabilidad de los sistemas naturales y humanos ante la sequ\u00eda. Mediante la integraci\u00f3n de criterios de sostenibilidad, resiliencia en la planificaci\u00f3n y la gesti\u00f3n del territorio, es posible desarrollar infraestructuras y estrategias adaptativas que reduzcan los impactos de la sequ\u00eda. Para combatir eficazmente la sequ\u00eda en Colombia, es esencial una acci\u00f3n coordinada, estrat\u00e9gica que combine pol\u00edticas p\u00fablicas, inversi\u00f3n en infraestructura duradera, investigaci\u00f3n cient\u00edfica, educaci\u00f3n ambiental y participaci\u00f3n ciudadana. A trav\u00e9s de un enfoque integral y colaborativo, Colombia puede enfrentar los desaf\u00edos del cambio clim\u00e1tico y construir un futuro m\u00e1s sostenible.<\/p>\n\n\n\n<p class=\"has-regular-font-size\"><strong>Maria Fernanda Plazas<\/strong><br>Ingeniera en Recursos H\u00eddricos y Gesti\u00f3n Ambiental<br>Especialista en Marketing Pol\u00edtico &#8211; Comunicaci\u00f3n de Gobierno &#8211; Universidad Externado de Colombia <br><strong>Twitter:\u00a0<\/strong>@mafeplazasbravo<\/p>\n\n\n\n<p><\/p>\n","protected":false},"excerpt":{"rendered":"<p>La sequ\u00eda es un fen\u00f3meno clim\u00e1tico complejo que se caracteriza por la escasez de precipitaciones durante un per\u00edodo prolongado. En Colombia, este fen\u00f3meno ha afectado diversas regiones del pa\u00eds, provocando consecuencias devastadoras para la agricultura, la ganader\u00eda, la disponibilidad de agua potable y la salud p\u00fablica. Adem\u00e1s, la sequ\u00eda tambi\u00e9n tiene impactos sociales y econ\u00f3micos, [&hellip;]<\/p>\n","protected":false},"author":4,"featured_media":4170,"comment_status":"open","ping_status":"open","sticky":false,"template":"","format":"standard","meta":{"_acf_changed":false,"_joinchat":[],"footnotes":""},"categories":[23],"tags":[53,56,55,58,57,54],"class_list":{"0":"post-4293","1":"post","2":"type-post","3":"status-publish","4":"format-standard","5":"has-post-thumbnail","7":"category-opinion","8":"tag-agua","9":"tag-cambio-climatico","10":"tag-compromisos","11":"tag-fenomenos","12":"tag-impactos","13":"tag-sequia"},"acf":[],"yoast_head":"<!-- This site is optimized with the Yoast SEO plugin v27.5 - https:\/\/yoast.com\/product\/yoast-seo-wordpress\/ -->\n<title>AGUA ESCASA, FUTURO EN RIESGO - AR Digital Noticias<\/title>\n<meta name=\"robots\" content=\"index, follow, max-snippet:-1, max-image-preview:large, max-video-preview:-1\" \/>\n<link rel=\"canonical\" href=\"https:\/\/ardigitalnoticias.com\/index.php\/2024\/04\/27\/agua-escasa-futuro-en-riesgo\/\" \/>\n<meta property=\"og:locale\" content=\"es_ES\" \/>\n<meta property=\"og:type\" content=\"article\" \/>\n<meta property=\"og:title\" content=\"AGUA ESCASA, FUTURO EN RIESGO - AR Digital Noticias\" \/>\n<meta property=\"og:description\" content=\"La sequ\u00eda es un fen\u00f3meno clim\u00e1tico complejo que se caracteriza por la escasez de precipitaciones durante un per\u00edodo prolongado. En Colombia, este fen\u00f3meno ha afectado diversas regiones del pa\u00eds, provocando consecuencias devastadoras para la agricultura, la ganader\u00eda, la disponibilidad de agua potable y la salud p\u00fablica. Adem\u00e1s, la sequ\u00eda tambi\u00e9n tiene impactos sociales y econ\u00f3micos, [&hellip;]\" \/>\n<meta property=\"og:url\" content=\"https:\/\/ardigitalnoticias.com\/index.php\/2024\/04\/27\/agua-escasa-futuro-en-riesgo\/\" \/>\n<meta property=\"og:site_name\" content=\"AR Digital Noticias\" \/>\n<meta property=\"article:published_time\" content=\"2024-04-27T16:24:21+00:00\" \/>\n<meta property=\"article:modified_time\" content=\"2024-04-27T16:24:22+00:00\" \/>\n<meta property=\"og:image\" content=\"https:\/\/ardigitalnoticias.com\/wp-content\/uploads\/2024\/04\/Columnista-AR.png\" \/>\n\t<meta property=\"og:image:width\" content=\"836\" \/>\n\t<meta property=\"og:image:height\" content=\"470\" \/>\n\t<meta property=\"og:image:type\" content=\"image\/png\" \/>\n<meta name=\"author\" content=\"Maria Fernanda Plazas\" \/>\n<meta name=\"twitter:card\" content=\"summary_large_image\" \/>\n<meta name=\"twitter:label1\" content=\"Escrito por\" \/>\n\t<meta name=\"twitter:data1\" content=\"Maria Fernanda Plazas\" \/>\n\t<meta name=\"twitter:label2\" content=\"Tiempo de lectura\" \/>\n\t<meta name=\"twitter:data2\" content=\"5 minutos\" \/>\n<script type=\"application\/ld+json\" class=\"yoast-schema-graph\">{\"@context\":\"https:\\\/\\\/schema.org\",\"@graph\":[{\"@type\":\"Article\",\"@id\":\"https:\\\/\\\/ardigitalnoticias.com\\\/index.php\\\/2024\\\/04\\\/27\\\/agua-escasa-futuro-en-riesgo\\\/#article\",\"isPartOf\":{\"@id\":\"https:\\\/\\\/ardigitalnoticias.com\\\/index.php\\\/2024\\\/04\\\/27\\\/agua-escasa-futuro-en-riesgo\\\/\"},\"author\":{\"name\":\"Maria Fernanda Plazas\",\"@id\":\"https:\\\/\\\/ardigitalnoticias.com\\\/#\\\/schema\\\/person\\\/bd9b5d500ae5be02629fed9405f36096\"},\"headline\":\"AGUA ESCASA, FUTURO EN RIESGO\",\"datePublished\":\"2024-04-27T16:24:21+00:00\",\"dateModified\":\"2024-04-27T16:24:22+00:00\",\"mainEntityOfPage\":{\"@id\":\"https:\\\/\\\/ardigitalnoticias.com\\\/index.php\\\/2024\\\/04\\\/27\\\/agua-escasa-futuro-en-riesgo\\\/\"},\"wordCount\":1192,\"commentCount\":0,\"publisher\":{\"@id\":\"https:\\\/\\\/ardigitalnoticias.com\\\/#organization\"},\"image\":{\"@id\":\"https:\\\/\\\/ardigitalnoticias.com\\\/index.php\\\/2024\\\/04\\\/27\\\/agua-escasa-futuro-en-riesgo\\\/#primaryimage\"},\"thumbnailUrl\":\"https:\\\/\\\/ardigitalnoticias.com\\\/wp-content\\\/uploads\\\/2024\\\/04\\\/Columnista-AR.png\",\"keywords\":[\"Agua\",\"Cambio clim\u00e1tico\",\"Compromisos\",\"Fen\u00f3menos\",\"Impactos\",\"Sequ\u00eda\"],\"articleSection\":[\"Opini\u00f3n\"],\"inLanguage\":\"es\",\"potentialAction\":[{\"@type\":\"CommentAction\",\"name\":\"Comment\",\"target\":[\"https:\\\/\\\/ardigitalnoticias.com\\\/index.php\\\/2024\\\/04\\\/27\\\/agua-escasa-futuro-en-riesgo\\\/#respond\"]}]},{\"@type\":\"WebPage\",\"@id\":\"https:\\\/\\\/ardigitalnoticias.com\\\/index.php\\\/2024\\\/04\\\/27\\\/agua-escasa-futuro-en-riesgo\\\/\",\"url\":\"https:\\\/\\\/ardigitalnoticias.com\\\/index.php\\\/2024\\\/04\\\/27\\\/agua-escasa-futuro-en-riesgo\\\/\",\"name\":\"AGUA ESCASA, FUTURO EN RIESGO - AR Digital Noticias\",\"isPartOf\":{\"@id\":\"https:\\\/\\\/ardigitalnoticias.com\\\/#website\"},\"primaryImageOfPage\":{\"@id\":\"https:\\\/\\\/ardigitalnoticias.com\\\/index.php\\\/2024\\\/04\\\/27\\\/agua-escasa-futuro-en-riesgo\\\/#primaryimage\"},\"image\":{\"@id\":\"https:\\\/\\\/ardigitalnoticias.com\\\/index.php\\\/2024\\\/04\\\/27\\\/agua-escasa-futuro-en-riesgo\\\/#primaryimage\"},\"thumbnailUrl\":\"https:\\\/\\\/ardigitalnoticias.com\\\/wp-content\\\/uploads\\\/2024\\\/04\\\/Columnista-AR.png\",\"datePublished\":\"2024-04-27T16:24:21+00:00\",\"dateModified\":\"2024-04-27T16:24:22+00:00\",\"breadcrumb\":{\"@id\":\"https:\\\/\\\/ardigitalnoticias.com\\\/index.php\\\/2024\\\/04\\\/27\\\/agua-escasa-futuro-en-riesgo\\\/#breadcrumb\"},\"inLanguage\":\"es\",\"potentialAction\":[{\"@type\":\"ReadAction\",\"target\":[\"https:\\\/\\\/ardigitalnoticias.com\\\/index.php\\\/2024\\\/04\\\/27\\\/agua-escasa-futuro-en-riesgo\\\/\"]}]},{\"@type\":\"ImageObject\",\"inLanguage\":\"es\",\"@id\":\"https:\\\/\\\/ardigitalnoticias.com\\\/index.php\\\/2024\\\/04\\\/27\\\/agua-escasa-futuro-en-riesgo\\\/#primaryimage\",\"url\":\"https:\\\/\\\/ardigitalnoticias.com\\\/wp-content\\\/uploads\\\/2024\\\/04\\\/Columnista-AR.png\",\"contentUrl\":\"https:\\\/\\\/ardigitalnoticias.com\\\/wp-content\\\/uploads\\\/2024\\\/04\\\/Columnista-AR.png\",\"width\":836,\"height\":470},{\"@type\":\"BreadcrumbList\",\"@id\":\"https:\\\/\\\/ardigitalnoticias.com\\\/index.php\\\/2024\\\/04\\\/27\\\/agua-escasa-futuro-en-riesgo\\\/#breadcrumb\",\"itemListElement\":[{\"@type\":\"ListItem\",\"position\":1,\"name\":\"Portada\",\"item\":\"https:\\\/\\\/ardigitalnoticias.com\\\/\"},{\"@type\":\"ListItem\",\"position\":2,\"name\":\"AGUA ESCASA, FUTURO EN RIESGO\"}]},{\"@type\":\"WebSite\",\"@id\":\"https:\\\/\\\/ardigitalnoticias.com\\\/#website\",\"url\":\"https:\\\/\\\/ardigitalnoticias.com\\\/\",\"name\":\"AR Digital Noticias\",\"description\":\"\",\"publisher\":{\"@id\":\"https:\\\/\\\/ardigitalnoticias.com\\\/#organization\"},\"potentialAction\":[{\"@type\":\"SearchAction\",\"target\":{\"@type\":\"EntryPoint\",\"urlTemplate\":\"https:\\\/\\\/ardigitalnoticias.com\\\/?s={search_term_string}\"},\"query-input\":{\"@type\":\"PropertyValueSpecification\",\"valueRequired\":true,\"valueName\":\"search_term_string\"}}],\"inLanguage\":\"es\"},{\"@type\":\"Organization\",\"@id\":\"https:\\\/\\\/ardigitalnoticias.com\\\/#organization\",\"name\":\"AR Digital Noticias\",\"url\":\"https:\\\/\\\/ardigitalnoticias.com\\\/\",\"logo\":{\"@type\":\"ImageObject\",\"inLanguage\":\"es\",\"@id\":\"https:\\\/\\\/ardigitalnoticias.com\\\/#\\\/schema\\\/logo\\\/image\\\/\",\"url\":\"https:\\\/\\\/ardigitalnoticias.com\\\/wp-content\\\/uploads\\\/2023\\\/11\\\/cropped-cropped-cropped-cropped-AR-Digital-Noticias-1.png\",\"contentUrl\":\"https:\\\/\\\/ardigitalnoticias.com\\\/wp-content\\\/uploads\\\/2023\\\/11\\\/cropped-cropped-cropped-cropped-AR-Digital-Noticias-1.png\",\"width\":972,\"height\":306,\"caption\":\"AR Digital Noticias\"},\"image\":{\"@id\":\"https:\\\/\\\/ardigitalnoticias.com\\\/#\\\/schema\\\/logo\\\/image\\\/\"}},{\"@type\":\"Person\",\"@id\":\"https:\\\/\\\/ardigitalnoticias.com\\\/#\\\/schema\\\/person\\\/bd9b5d500ae5be02629fed9405f36096\",\"name\":\"Maria Fernanda Plazas\",\"image\":{\"@type\":\"ImageObject\",\"inLanguage\":\"es\",\"@id\":\"https:\\\/\\\/secure.gravatar.com\\\/avatar\\\/81c8593451217fdebec74457e5eb1f961f6a0a3aef1265cac852a8a78a05b5b9?s=96&d=mm&r=g\",\"url\":\"https:\\\/\\\/secure.gravatar.com\\\/avatar\\\/81c8593451217fdebec74457e5eb1f961f6a0a3aef1265cac852a8a78a05b5b9?s=96&d=mm&r=g\",\"contentUrl\":\"https:\\\/\\\/secure.gravatar.com\\\/avatar\\\/81c8593451217fdebec74457e5eb1f961f6a0a3aef1265cac852a8a78a05b5b9?s=96&d=mm&r=g\",\"caption\":\"Maria Fernanda Plazas\"},\"url\":\"https:\\\/\\\/ardigitalnoticias.com\\\/index.php\\\/author\\\/maria-fernanda-plazas\\\/\"}]}<\/script>\n<!-- \/ Yoast SEO plugin. -->","yoast_head_json":{"title":"AGUA ESCASA, FUTURO EN RIESGO - AR Digital Noticias","robots":{"index":"index","follow":"follow","max-snippet":"max-snippet:-1","max-image-preview":"max-image-preview:large","max-video-preview":"max-video-preview:-1"},"canonical":"https:\/\/ardigitalnoticias.com\/index.php\/2024\/04\/27\/agua-escasa-futuro-en-riesgo\/","og_locale":"es_ES","og_type":"article","og_title":"AGUA ESCASA, FUTURO EN RIESGO - AR Digital Noticias","og_description":"La sequ\u00eda es un fen\u00f3meno clim\u00e1tico complejo que se caracteriza por la escasez de precipitaciones durante un per\u00edodo prolongado. En Colombia, este fen\u00f3meno ha afectado diversas regiones del pa\u00eds, provocando consecuencias devastadoras para la agricultura, la ganader\u00eda, la disponibilidad de agua potable y la salud p\u00fablica. Adem\u00e1s, la sequ\u00eda tambi\u00e9n tiene impactos sociales y econ\u00f3micos, [&hellip;]","og_url":"https:\/\/ardigitalnoticias.com\/index.php\/2024\/04\/27\/agua-escasa-futuro-en-riesgo\/","og_site_name":"AR Digital Noticias","article_published_time":"2024-04-27T16:24:21+00:00","article_modified_time":"2024-04-27T16:24:22+00:00","og_image":[{"width":836,"height":470,"url":"https:\/\/ardigitalnoticias.com\/wp-content\/uploads\/2024\/04\/Columnista-AR.png","type":"image\/png"}],"author":"Maria Fernanda Plazas","twitter_card":"summary_large_image","twitter_misc":{"Escrito por":"Maria Fernanda Plazas","Tiempo de lectura":"5 minutos"},"schema":{"@context":"https:\/\/schema.org","@graph":[{"@type":"Article","@id":"https:\/\/ardigitalnoticias.com\/index.php\/2024\/04\/27\/agua-escasa-futuro-en-riesgo\/#article","isPartOf":{"@id":"https:\/\/ardigitalnoticias.com\/index.php\/2024\/04\/27\/agua-escasa-futuro-en-riesgo\/"},"author":{"name":"Maria Fernanda Plazas","@id":"https:\/\/ardigitalnoticias.com\/#\/schema\/person\/bd9b5d500ae5be02629fed9405f36096"},"headline":"AGUA ESCASA, FUTURO EN RIESGO","datePublished":"2024-04-27T16:24:21+00:00","dateModified":"2024-04-27T16:24:22+00:00","mainEntityOfPage":{"@id":"https:\/\/ardigitalnoticias.com\/index.php\/2024\/04\/27\/agua-escasa-futuro-en-riesgo\/"},"wordCount":1192,"commentCount":0,"publisher":{"@id":"https:\/\/ardigitalnoticias.com\/#organization"},"image":{"@id":"https:\/\/ardigitalnoticias.com\/index.php\/2024\/04\/27\/agua-escasa-futuro-en-riesgo\/#primaryimage"},"thumbnailUrl":"https:\/\/ardigitalnoticias.com\/wp-content\/uploads\/2024\/04\/Columnista-AR.png","keywords":["Agua","Cambio clim\u00e1tico","Compromisos","Fen\u00f3menos","Impactos","Sequ\u00eda"],"articleSection":["Opini\u00f3n"],"inLanguage":"es","potentialAction":[{"@type":"CommentAction","name":"Comment","target":["https:\/\/ardigitalnoticias.com\/index.php\/2024\/04\/27\/agua-escasa-futuro-en-riesgo\/#respond"]}]},{"@type":"WebPage","@id":"https:\/\/ardigitalnoticias.com\/index.php\/2024\/04\/27\/agua-escasa-futuro-en-riesgo\/","url":"https:\/\/ardigitalnoticias.com\/index.php\/2024\/04\/27\/agua-escasa-futuro-en-riesgo\/","name":"AGUA ESCASA, FUTURO EN RIESGO - AR Digital Noticias","isPartOf":{"@id":"https:\/\/ardigitalnoticias.com\/#website"},"primaryImageOfPage":{"@id":"https:\/\/ardigitalnoticias.com\/index.php\/2024\/04\/27\/agua-escasa-futuro-en-riesgo\/#primaryimage"},"image":{"@id":"https:\/\/ardigitalnoticias.com\/index.php\/2024\/04\/27\/agua-escasa-futuro-en-riesgo\/#primaryimage"},"thumbnailUrl":"https:\/\/ardigitalnoticias.com\/wp-content\/uploads\/2024\/04\/Columnista-AR.png","datePublished":"2024-04-27T16:24:21+00:00","dateModified":"2024-04-27T16:24:22+00:00","breadcrumb":{"@id":"https:\/\/ardigitalnoticias.com\/index.php\/2024\/04\/27\/agua-escasa-futuro-en-riesgo\/#breadcrumb"},"inLanguage":"es","potentialAction":[{"@type":"ReadAction","target":["https:\/\/ardigitalnoticias.com\/index.php\/2024\/04\/27\/agua-escasa-futuro-en-riesgo\/"]}]},{"@type":"ImageObject","inLanguage":"es","@id":"https:\/\/ardigitalnoticias.com\/index.php\/2024\/04\/27\/agua-escasa-futuro-en-riesgo\/#primaryimage","url":"https:\/\/ardigitalnoticias.com\/wp-content\/uploads\/2024\/04\/Columnista-AR.png","contentUrl":"https:\/\/ardigitalnoticias.com\/wp-content\/uploads\/2024\/04\/Columnista-AR.png","width":836,"height":470},{"@type":"BreadcrumbList","@id":"https:\/\/ardigitalnoticias.com\/index.php\/2024\/04\/27\/agua-escasa-futuro-en-riesgo\/#breadcrumb","itemListElement":[{"@type":"ListItem","position":1,"name":"Portada","item":"https:\/\/ardigitalnoticias.com\/"},{"@type":"ListItem","position":2,"name":"AGUA ESCASA, FUTURO EN RIESGO"}]},{"@type":"WebSite","@id":"https:\/\/ardigitalnoticias.com\/#website","url":"https:\/\/ardigitalnoticias.com\/","name":"AR Digital Noticias","description":"","publisher":{"@id":"https:\/\/ardigitalnoticias.com\/#organization"},"potentialAction":[{"@type":"SearchAction","target":{"@type":"EntryPoint","urlTemplate":"https:\/\/ardigitalnoticias.com\/?s={search_term_string}"},"query-input":{"@type":"PropertyValueSpecification","valueRequired":true,"valueName":"search_term_string"}}],"inLanguage":"es"},{"@type":"Organization","@id":"https:\/\/ardigitalnoticias.com\/#organization","name":"AR Digital Noticias","url":"https:\/\/ardigitalnoticias.com\/","logo":{"@type":"ImageObject","inLanguage":"es","@id":"https:\/\/ardigitalnoticias.com\/#\/schema\/logo\/image\/","url":"https:\/\/ardigitalnoticias.com\/wp-content\/uploads\/2023\/11\/cropped-cropped-cropped-cropped-AR-Digital-Noticias-1.png","contentUrl":"https:\/\/ardigitalnoticias.com\/wp-content\/uploads\/2023\/11\/cropped-cropped-cropped-cropped-AR-Digital-Noticias-1.png","width":972,"height":306,"caption":"AR Digital Noticias"},"image":{"@id":"https:\/\/ardigitalnoticias.com\/#\/schema\/logo\/image\/"}},{"@type":"Person","@id":"https:\/\/ardigitalnoticias.com\/#\/schema\/person\/bd9b5d500ae5be02629fed9405f36096","name":"Maria Fernanda Plazas","image":{"@type":"ImageObject","inLanguage":"es","@id":"https:\/\/secure.gravatar.com\/avatar\/81c8593451217fdebec74457e5eb1f961f6a0a3aef1265cac852a8a78a05b5b9?s=96&d=mm&r=g","url":"https:\/\/secure.gravatar.com\/avatar\/81c8593451217fdebec74457e5eb1f961f6a0a3aef1265cac852a8a78a05b5b9?s=96&d=mm&r=g","contentUrl":"https:\/\/secure.gravatar.com\/avatar\/81c8593451217fdebec74457e5eb1f961f6a0a3aef1265cac852a8a78a05b5b9?s=96&d=mm&r=g","caption":"Maria Fernanda Plazas"},"url":"https:\/\/ardigitalnoticias.com\/index.php\/author\/maria-fernanda-plazas\/"}]}},"_links":{"self":[{"href":"https:\/\/ardigitalnoticias.com\/index.php\/wp-json\/wp\/v2\/posts\/4293","targetHints":{"allow":["GET"]}}],"collection":[{"href":"https:\/\/ardigitalnoticias.com\/index.php\/wp-json\/wp\/v2\/posts"}],"about":[{"href":"https:\/\/ardigitalnoticias.com\/index.php\/wp-json\/wp\/v2\/types\/post"}],"author":[{"embeddable":true,"href":"https:\/\/ardigitalnoticias.com\/index.php\/wp-json\/wp\/v2\/users\/4"}],"replies":[{"embeddable":true,"href":"https:\/\/ardigitalnoticias.com\/index.php\/wp-json\/wp\/v2\/comments?post=4293"}],"version-history":[{"count":3,"href":"https:\/\/ardigitalnoticias.com\/index.php\/wp-json\/wp\/v2\/posts\/4293\/revisions"}],"predecessor-version":[{"id":4298,"href":"https:\/\/ardigitalnoticias.com\/index.php\/wp-json\/wp\/v2\/posts\/4293\/revisions\/4298"}],"wp:featuredmedia":[{"embeddable":true,"href":"https:\/\/ardigitalnoticias.com\/index.php\/wp-json\/wp\/v2\/media\/4170"}],"wp:attachment":[{"href":"https:\/\/ardigitalnoticias.com\/index.php\/wp-json\/wp\/v2\/media?parent=4293"}],"wp:term":[{"taxonomy":"category","embeddable":true,"href":"https:\/\/ardigitalnoticias.com\/index.php\/wp-json\/wp\/v2\/categories?post=4293"},{"taxonomy":"post_tag","embeddable":true,"href":"https:\/\/ardigitalnoticias.com\/index.php\/wp-json\/wp\/v2\/tags?post=4293"}],"curies":[{"name":"wp","href":"https:\/\/api.w.org\/{rel}","templated":true}]}}