{"id":4220,"date":"2024-04-18T11:58:15","date_gmt":"2024-04-18T16:58:15","guid":{"rendered":"https:\/\/ardigitalnoticias.com\/?p=4220"},"modified":"2024-04-18T11:58:16","modified_gmt":"2024-04-18T16:58:16","slug":"incendian-camioneta-en-zona-rural-de-la-argentina-huila-presunta-accion-de-disidencias-de-las-farc","status":"publish","type":"post","link":"https:\/\/ardigitalnoticias.com\/index.php\/2024\/04\/18\/incendian-camioneta-en-zona-rural-de-la-argentina-huila-presunta-accion-de-disidencias-de-las-farc\/","title":{"rendered":"INCENDIAN CAMIONETA EN ZONA RURAL DE LA ARGENTINA &#8211; HUILA PRESUNTA ACCI\u00d3N DE DISIDENCIAS DE LAS FARC"},"content":{"rendered":"\n<p>En un hecho ocurrido en la zona rural del municipio de La Argentina &#8211; Huila, cerca del cruce entre bajos Pensil y el centro poblado del Pensil, un veh\u00edculo tipo camioneta fue consumida por las llamas en un aparente acto perpetrado por individuos armados vinculados a las disidencias de las Farc.<\/p>\n\n\n\n<p><strong>POR: ANDR\u00c9S RODR\u00cdGUEZ. <\/strong><\/p>\n\n\n<div class=\"wp-block-image\">\n<figure class=\"aligncenter size-large\"><img loading=\"lazy\" decoding=\"async\" width=\"768\" height=\"1024\" src=\"https:\/\/ardigitalnoticias.com\/wp-content\/uploads\/2024\/04\/FB_IMG_1713458426877-768x1024.jpg\" alt=\"\" class=\"wp-image-4221\" srcset=\"https:\/\/ardigitalnoticias.com\/wp-content\/uploads\/2024\/04\/FB_IMG_1713458426877-768x1024.jpg 768w, https:\/\/ardigitalnoticias.com\/wp-content\/uploads\/2024\/04\/FB_IMG_1713458426877-225x300.jpg 225w, https:\/\/ardigitalnoticias.com\/wp-content\/uploads\/2024\/04\/FB_IMG_1713458426877-150x200.jpg 150w, https:\/\/ardigitalnoticias.com\/wp-content\/uploads\/2024\/04\/FB_IMG_1713458426877-300x400.jpg 300w, https:\/\/ardigitalnoticias.com\/wp-content\/uploads\/2024\/04\/FB_IMG_1713458426877-696x928.jpg 696w, https:\/\/ardigitalnoticias.com\/wp-content\/uploads\/2024\/04\/FB_IMG_1713458426877.jpg 774w\" sizes=\"auto, (max-width: 768px) 100vw, 768px\" \/><\/figure>\n<\/div>\n\n\n<p>Seg\u00fan informaci\u00f3n suministrada, el veh\u00edculo fue incendiado por hombres identificados con las disidencias de las Farc, espec\u00edficamente pertenecientes al Frente Hernando Gonz\u00e1lez Acosta del bloque Central Isa\u00edas Pardo, como lo indican panfletos y pendones dejados por los insurgentes cerca al sitio del incidente.<\/p>\n\n\n\n<figure class=\"wp-block-video aligncenter\"><video height=\"850\" style=\"aspect-ratio: 478 \/ 850;\" width=\"478\" controls src=\"https:\/\/ardigitalnoticias.com\/wp-content\/uploads\/2024\/04\/GARnABo_lz4kaUgBAJ9nDSL_XDABbmdjAAAF.mp4\"><\/video><\/figure>\n\n\n\n<p>Las autoridades locales est\u00e1n llevando a cabo una investigaci\u00f3n exhaustiva sobre este evento, que tuvo lugar en la ma\u00f1ana de este jueves 18 de abril.<\/p>\n\n\n\n<p>La comunidad se encuentra consternada por este acto de violencia, que resalta la persistente presencia de grupos armados ilegales en la regi\u00f3n, especialmente las disidencias de las Farc.<\/p>\n\n\n\n<figure class=\"wp-block-gallery aligncenter has-nested-images columns-default is-cropped wp-block-gallery-1 is-layout-flex wp-block-gallery-is-layout-flex\">\n<figure class=\"wp-block-image size-large\"><img loading=\"lazy\" decoding=\"async\" width=\"666\" height=\"1024\" data-id=\"4225\" src=\"https:\/\/ardigitalnoticias.com\/wp-content\/uploads\/2024\/04\/FB_IMG_1713458448633-666x1024.jpg\" alt=\"\" class=\"wp-image-4225\" srcset=\"https:\/\/ardigitalnoticias.com\/wp-content\/uploads\/2024\/04\/FB_IMG_1713458448633-666x1024.jpg 666w, https:\/\/ardigitalnoticias.com\/wp-content\/uploads\/2024\/04\/FB_IMG_1713458448633-195x300.jpg 195w, https:\/\/ardigitalnoticias.com\/wp-content\/uploads\/2024\/04\/FB_IMG_1713458448633-768x1181.jpg 768w, https:\/\/ardigitalnoticias.com\/wp-content\/uploads\/2024\/04\/FB_IMG_1713458448633-999x1536.jpg 999w, https:\/\/ardigitalnoticias.com\/wp-content\/uploads\/2024\/04\/FB_IMG_1713458448633-150x231.jpg 150w, https:\/\/ardigitalnoticias.com\/wp-content\/uploads\/2024\/04\/FB_IMG_1713458448633-300x461.jpg 300w, https:\/\/ardigitalnoticias.com\/wp-content\/uploads\/2024\/04\/FB_IMG_1713458448633-696x1070.jpg 696w, https:\/\/ardigitalnoticias.com\/wp-content\/uploads\/2024\/04\/FB_IMG_1713458448633-1068x1643.jpg 1068w, https:\/\/ardigitalnoticias.com\/wp-content\/uploads\/2024\/04\/FB_IMG_1713458448633.jpg 1080w\" sizes=\"auto, (max-width: 666px) 100vw, 666px\" \/><\/figure>\n\n\n\n<figure class=\"wp-block-image size-large\"><img loading=\"lazy\" decoding=\"async\" width=\"768\" height=\"1024\" data-id=\"4226\" src=\"https:\/\/ardigitalnoticias.com\/wp-content\/uploads\/2024\/04\/FB_IMG_1713458429398-768x1024.jpg\" alt=\"\" class=\"wp-image-4226\" srcset=\"https:\/\/ardigitalnoticias.com\/wp-content\/uploads\/2024\/04\/FB_IMG_1713458429398-768x1024.jpg 768w, https:\/\/ardigitalnoticias.com\/wp-content\/uploads\/2024\/04\/FB_IMG_1713458429398-225x300.jpg 225w, https:\/\/ardigitalnoticias.com\/wp-content\/uploads\/2024\/04\/FB_IMG_1713458429398-150x200.jpg 150w, https:\/\/ardigitalnoticias.com\/wp-content\/uploads\/2024\/04\/FB_IMG_1713458429398-300x400.jpg 300w, https:\/\/ardigitalnoticias.com\/wp-content\/uploads\/2024\/04\/FB_IMG_1713458429398-696x928.jpg 696w, https:\/\/ardigitalnoticias.com\/wp-content\/uploads\/2024\/04\/FB_IMG_1713458429398.jpg 774w\" sizes=\"auto, (max-width: 768px) 100vw, 768px\" \/><\/figure>\n\n\n\n<figure class=\"wp-block-image size-large\"><img loading=\"lazy\" decoding=\"async\" width=\"768\" height=\"1024\" data-id=\"4223\" src=\"https:\/\/ardigitalnoticias.com\/wp-content\/uploads\/2024\/04\/FB_IMG_1713458424477-768x1024.jpg\" alt=\"\" class=\"wp-image-4223\" srcset=\"https:\/\/ardigitalnoticias.com\/wp-content\/uploads\/2024\/04\/FB_IMG_1713458424477-768x1024.jpg 768w, https:\/\/ardigitalnoticias.com\/wp-content\/uploads\/2024\/04\/FB_IMG_1713458424477-225x300.jpg 225w, https:\/\/ardigitalnoticias.com\/wp-content\/uploads\/2024\/04\/FB_IMG_1713458424477-150x200.jpg 150w, https:\/\/ardigitalnoticias.com\/wp-content\/uploads\/2024\/04\/FB_IMG_1713458424477-300x400.jpg 300w, https:\/\/ardigitalnoticias.com\/wp-content\/uploads\/2024\/04\/FB_IMG_1713458424477-696x928.jpg 696w, https:\/\/ardigitalnoticias.com\/wp-content\/uploads\/2024\/04\/FB_IMG_1713458424477.jpg 774w\" sizes=\"auto, (max-width: 768px) 100vw, 768px\" \/><\/figure>\n<\/figure>\n","protected":false},"excerpt":{"rendered":"<p>En un hecho ocurrido en la zona rural del municipio de La Argentina &#8211; Huila, cerca del cruce entre bajos Pensil y el centro poblado del Pensil, un veh\u00edculo tipo camioneta fue consumida por las llamas en un aparente acto perpetrado por individuos armados vinculados a las disidencias de las Farc. POR: ANDR\u00c9S RODR\u00cdGUEZ. Seg\u00fan [&hellip;]<\/p>\n","protected":false},"author":2,"featured_media":4227,"comment_status":"open","ping_status":"open","sticky":false,"template":"","format":"standard","meta":{"_acf_changed":false,"_joinchat":[],"footnotes":""},"categories":[20,27,19],"tags":[],"class_list":{"0":"post-4220","1":"post","2":"type-post","3":"status-publish","4":"format-standard","5":"has-post-thumbnail","7":"category-judicial","8":"category-occidente","9":"category-regional"},"acf":[],"yoast_head":"<!-- This site is optimized with the Yoast SEO plugin v27.5 - https:\/\/yoast.com\/product\/yoast-seo-wordpress\/ -->\n<title>INCENDIAN CAMIONETA EN ZONA RURAL DE LA ARGENTINA - HUILA PRESUNTA ACCI\u00d3N DE DISIDENCIAS DE LAS FARC - AR Digital Noticias<\/title>\n<meta name=\"robots\" content=\"index, follow, max-snippet:-1, max-image-preview:large, max-video-preview:-1\" \/>\n<link rel=\"canonical\" href=\"https:\/\/ardigitalnoticias.com\/index.php\/2024\/04\/18\/incendian-camioneta-en-zona-rural-de-la-argentina-huila-presunta-accion-de-disidencias-de-las-farc\/\" \/>\n<meta property=\"og:locale\" content=\"es_ES\" \/>\n<meta property=\"og:type\" content=\"article\" \/>\n<meta property=\"og:title\" content=\"INCENDIAN CAMIONETA EN ZONA RURAL DE LA ARGENTINA - HUILA PRESUNTA ACCI\u00d3N DE DISIDENCIAS DE LAS FARC - AR Digital Noticias\" \/>\n<meta property=\"og:description\" content=\"En un hecho ocurrido en la zona rural del municipio de La Argentina &#8211; Huila, cerca del cruce entre bajos Pensil y el centro poblado del Pensil, un veh\u00edculo tipo camioneta fue consumida por las llamas en un aparente acto perpetrado por individuos armados vinculados a las disidencias de las Farc. POR: ANDR\u00c9S RODR\u00cdGUEZ. Seg\u00fan [&hellip;]\" \/>\n<meta property=\"og:url\" content=\"https:\/\/ardigitalnoticias.com\/index.php\/2024\/04\/18\/incendian-camioneta-en-zona-rural-de-la-argentina-huila-presunta-accion-de-disidencias-de-las-farc\/\" \/>\n<meta property=\"og:site_name\" content=\"AR Digital Noticias\" \/>\n<meta property=\"article:published_time\" content=\"2024-04-18T16:58:15+00:00\" \/>\n<meta property=\"article:modified_time\" content=\"2024-04-18T16:58:16+00:00\" \/>\n<meta property=\"og:image\" content=\"https:\/\/ardigitalnoticias.com\/wp-content\/uploads\/2024\/04\/InShot_20240418_114522921-scaled.jpg\" \/>\n\t<meta property=\"og:image:width\" content=\"2560\" \/>\n\t<meta property=\"og:image:height\" content=\"1439\" \/>\n\t<meta property=\"og:image:type\" content=\"image\/jpeg\" \/>\n<meta name=\"author\" content=\"AR Digital Noticias\" \/>\n<meta name=\"twitter:card\" content=\"summary_large_image\" \/>\n<meta name=\"twitter:label1\" content=\"Escrito por\" \/>\n\t<meta name=\"twitter:data1\" content=\"AR Digital Noticias\" \/>\n\t<meta name=\"twitter:label2\" content=\"Tiempo de lectura\" \/>\n\t<meta name=\"twitter:data2\" content=\"2 minutos\" \/>\n<script type=\"application\/ld+json\" class=\"yoast-schema-graph\">{\"@context\":\"https:\\\/\\\/schema.org\",\"@graph\":[{\"@type\":\"Article\",\"@id\":\"https:\\\/\\\/ardigitalnoticias.com\\\/index.php\\\/2024\\\/04\\\/18\\\/incendian-camioneta-en-zona-rural-de-la-argentina-huila-presunta-accion-de-disidencias-de-las-farc\\\/#article\",\"isPartOf\":{\"@id\":\"https:\\\/\\\/ardigitalnoticias.com\\\/index.php\\\/2024\\\/04\\\/18\\\/incendian-camioneta-en-zona-rural-de-la-argentina-huila-presunta-accion-de-disidencias-de-las-farc\\\/\"},\"author\":{\"name\":\"AR Digital Noticias\",\"@id\":\"https:\\\/\\\/ardigitalnoticias.com\\\/#\\\/schema\\\/person\\\/3f1b0a96e890d8cba89a76c7558a147c\"},\"headline\":\"INCENDIAN CAMIONETA EN ZONA RURAL DE LA ARGENTINA &#8211; HUILA PRESUNTA ACCI\u00d3N DE DISIDENCIAS DE LAS FARC\",\"datePublished\":\"2024-04-18T16:58:15+00:00\",\"dateModified\":\"2024-04-18T16:58:16+00:00\",\"mainEntityOfPage\":{\"@id\":\"https:\\\/\\\/ardigitalnoticias.com\\\/index.php\\\/2024\\\/04\\\/18\\\/incendian-camioneta-en-zona-rural-de-la-argentina-huila-presunta-accion-de-disidencias-de-las-farc\\\/\"},\"wordCount\":180,\"commentCount\":0,\"publisher\":{\"@id\":\"https:\\\/\\\/ardigitalnoticias.com\\\/#organization\"},\"image\":{\"@id\":\"https:\\\/\\\/ardigitalnoticias.com\\\/index.php\\\/2024\\\/04\\\/18\\\/incendian-camioneta-en-zona-rural-de-la-argentina-huila-presunta-accion-de-disidencias-de-las-farc\\\/#primaryimage\"},\"thumbnailUrl\":\"https:\\\/\\\/ardigitalnoticias.com\\\/wp-content\\\/uploads\\\/2024\\\/04\\\/InShot_20240418_114522921-scaled.jpg\",\"articleSection\":[\"Judicial\",\"Occidente\",\"Regional\"],\"inLanguage\":\"es\",\"potentialAction\":[{\"@type\":\"CommentAction\",\"name\":\"Comment\",\"target\":[\"https:\\\/\\\/ardigitalnoticias.com\\\/index.php\\\/2024\\\/04\\\/18\\\/incendian-camioneta-en-zona-rural-de-la-argentina-huila-presunta-accion-de-disidencias-de-las-farc\\\/#respond\"]}]},{\"@type\":\"WebPage\",\"@id\":\"https:\\\/\\\/ardigitalnoticias.com\\\/index.php\\\/2024\\\/04\\\/18\\\/incendian-camioneta-en-zona-rural-de-la-argentina-huila-presunta-accion-de-disidencias-de-las-farc\\\/\",\"url\":\"https:\\\/\\\/ardigitalnoticias.com\\\/index.php\\\/2024\\\/04\\\/18\\\/incendian-camioneta-en-zona-rural-de-la-argentina-huila-presunta-accion-de-disidencias-de-las-farc\\\/\",\"name\":\"INCENDIAN CAMIONETA EN ZONA RURAL DE LA ARGENTINA - HUILA PRESUNTA ACCI\u00d3N DE DISIDENCIAS DE LAS FARC - AR Digital Noticias\",\"isPartOf\":{\"@id\":\"https:\\\/\\\/ardigitalnoticias.com\\\/#website\"},\"primaryImageOfPage\":{\"@id\":\"https:\\\/\\\/ardigitalnoticias.com\\\/index.php\\\/2024\\\/04\\\/18\\\/incendian-camioneta-en-zona-rural-de-la-argentina-huila-presunta-accion-de-disidencias-de-las-farc\\\/#primaryimage\"},\"image\":{\"@id\":\"https:\\\/\\\/ardigitalnoticias.com\\\/index.php\\\/2024\\\/04\\\/18\\\/incendian-camioneta-en-zona-rural-de-la-argentina-huila-presunta-accion-de-disidencias-de-las-farc\\\/#primaryimage\"},\"thumbnailUrl\":\"https:\\\/\\\/ardigitalnoticias.com\\\/wp-content\\\/uploads\\\/2024\\\/04\\\/InShot_20240418_114522921-scaled.jpg\",\"datePublished\":\"2024-04-18T16:58:15+00:00\",\"dateModified\":\"2024-04-18T16:58:16+00:00\",\"breadcrumb\":{\"@id\":\"https:\\\/\\\/ardigitalnoticias.com\\\/index.php\\\/2024\\\/04\\\/18\\\/incendian-camioneta-en-zona-rural-de-la-argentina-huila-presunta-accion-de-disidencias-de-las-farc\\\/#breadcrumb\"},\"inLanguage\":\"es\",\"potentialAction\":[{\"@type\":\"ReadAction\",\"target\":[\"https:\\\/\\\/ardigitalnoticias.com\\\/index.php\\\/2024\\\/04\\\/18\\\/incendian-camioneta-en-zona-rural-de-la-argentina-huila-presunta-accion-de-disidencias-de-las-farc\\\/\"]}]},{\"@type\":\"ImageObject\",\"inLanguage\":\"es\",\"@id\":\"https:\\\/\\\/ardigitalnoticias.com\\\/index.php\\\/2024\\\/04\\\/18\\\/incendian-camioneta-en-zona-rural-de-la-argentina-huila-presunta-accion-de-disidencias-de-las-farc\\\/#primaryimage\",\"url\":\"https:\\\/\\\/ardigitalnoticias.com\\\/wp-content\\\/uploads\\\/2024\\\/04\\\/InShot_20240418_114522921-scaled.jpg\",\"contentUrl\":\"https:\\\/\\\/ardigitalnoticias.com\\\/wp-content\\\/uploads\\\/2024\\\/04\\\/InShot_20240418_114522921-scaled.jpg\",\"width\":2560,\"height\":1439},{\"@type\":\"BreadcrumbList\",\"@id\":\"https:\\\/\\\/ardigitalnoticias.com\\\/index.php\\\/2024\\\/04\\\/18\\\/incendian-camioneta-en-zona-rural-de-la-argentina-huila-presunta-accion-de-disidencias-de-las-farc\\\/#breadcrumb\",\"itemListElement\":[{\"@type\":\"ListItem\",\"position\":1,\"name\":\"Portada\",\"item\":\"https:\\\/\\\/ardigitalnoticias.com\\\/\"},{\"@type\":\"ListItem\",\"position\":2,\"name\":\"INCENDIAN CAMIONETA EN ZONA RURAL DE LA ARGENTINA &#8211; HUILA PRESUNTA ACCI\u00d3N DE DISIDENCIAS DE LAS FARC\"}]},{\"@type\":\"WebSite\",\"@id\":\"https:\\\/\\\/ardigitalnoticias.com\\\/#website\",\"url\":\"https:\\\/\\\/ardigitalnoticias.com\\\/\",\"name\":\"AR Digital Noticias\",\"description\":\"\",\"publisher\":{\"@id\":\"https:\\\/\\\/ardigitalnoticias.com\\\/#organization\"},\"potentialAction\":[{\"@type\":\"SearchAction\",\"target\":{\"@type\":\"EntryPoint\",\"urlTemplate\":\"https:\\\/\\\/ardigitalnoticias.com\\\/?s={search_term_string}\"},\"query-input\":{\"@type\":\"PropertyValueSpecification\",\"valueRequired\":true,\"valueName\":\"search_term_string\"}}],\"inLanguage\":\"es\"},{\"@type\":\"Organization\",\"@id\":\"https:\\\/\\\/ardigitalnoticias.com\\\/#organization\",\"name\":\"AR Digital Noticias\",\"url\":\"https:\\\/\\\/ardigitalnoticias.com\\\/\",\"logo\":{\"@type\":\"ImageObject\",\"inLanguage\":\"es\",\"@id\":\"https:\\\/\\\/ardigitalnoticias.com\\\/#\\\/schema\\\/logo\\\/image\\\/\",\"url\":\"https:\\\/\\\/ardigitalnoticias.com\\\/wp-content\\\/uploads\\\/2023\\\/11\\\/cropped-cropped-cropped-cropped-AR-Digital-Noticias-1.png\",\"contentUrl\":\"https:\\\/\\\/ardigitalnoticias.com\\\/wp-content\\\/uploads\\\/2023\\\/11\\\/cropped-cropped-cropped-cropped-AR-Digital-Noticias-1.png\",\"width\":972,\"height\":306,\"caption\":\"AR Digital Noticias\"},\"image\":{\"@id\":\"https:\\\/\\\/ardigitalnoticias.com\\\/#\\\/schema\\\/logo\\\/image\\\/\"}},{\"@type\":\"Person\",\"@id\":\"https:\\\/\\\/ardigitalnoticias.com\\\/#\\\/schema\\\/person\\\/3f1b0a96e890d8cba89a76c7558a147c\",\"name\":\"AR Digital Noticias\",\"image\":{\"@type\":\"ImageObject\",\"inLanguage\":\"es\",\"@id\":\"https:\\\/\\\/secure.gravatar.com\\\/avatar\\\/55d1acd2f9cac74c99f42fcb5090c2f994204a6f6c571cf4c3001ae692cb9b34?s=96&d=mm&r=g\",\"url\":\"https:\\\/\\\/secure.gravatar.com\\\/avatar\\\/55d1acd2f9cac74c99f42fcb5090c2f994204a6f6c571cf4c3001ae692cb9b34?s=96&d=mm&r=g\",\"contentUrl\":\"https:\\\/\\\/secure.gravatar.com\\\/avatar\\\/55d1acd2f9cac74c99f42fcb5090c2f994204a6f6c571cf4c3001ae692cb9b34?s=96&d=mm&r=g\",\"caption\":\"AR Digital Noticias\"},\"sameAs\":[\"http:\\\/\\\/ardigitalnoticias.com\"],\"url\":\"https:\\\/\\\/ardigitalnoticias.com\\\/index.php\\\/author\\\/editorial\\\/\"}]}<\/script>\n<!-- \/ Yoast SEO plugin. -->","yoast_head_json":{"title":"INCENDIAN CAMIONETA EN ZONA RURAL DE LA ARGENTINA - HUILA PRESUNTA ACCI\u00d3N DE DISIDENCIAS DE LAS FARC - AR Digital Noticias","robots":{"index":"index","follow":"follow","max-snippet":"max-snippet:-1","max-image-preview":"max-image-preview:large","max-video-preview":"max-video-preview:-1"},"canonical":"https:\/\/ardigitalnoticias.com\/index.php\/2024\/04\/18\/incendian-camioneta-en-zona-rural-de-la-argentina-huila-presunta-accion-de-disidencias-de-las-farc\/","og_locale":"es_ES","og_type":"article","og_title":"INCENDIAN CAMIONETA EN ZONA RURAL DE LA ARGENTINA - HUILA PRESUNTA ACCI\u00d3N DE DISIDENCIAS DE LAS FARC - AR Digital Noticias","og_description":"En un hecho ocurrido en la zona rural del municipio de La Argentina &#8211; Huila, cerca del cruce entre bajos Pensil y el centro poblado del Pensil, un veh\u00edculo tipo camioneta fue consumida por las llamas en un aparente acto perpetrado por individuos armados vinculados a las disidencias de las Farc. POR: ANDR\u00c9S RODR\u00cdGUEZ. Seg\u00fan [&hellip;]","og_url":"https:\/\/ardigitalnoticias.com\/index.php\/2024\/04\/18\/incendian-camioneta-en-zona-rural-de-la-argentina-huila-presunta-accion-de-disidencias-de-las-farc\/","og_site_name":"AR Digital Noticias","article_published_time":"2024-04-18T16:58:15+00:00","article_modified_time":"2024-04-18T16:58:16+00:00","og_image":[{"width":2560,"height":1439,"url":"https:\/\/ardigitalnoticias.com\/wp-content\/uploads\/2024\/04\/InShot_20240418_114522921-scaled.jpg","type":"image\/jpeg"}],"author":"AR Digital Noticias","twitter_card":"summary_large_image","twitter_misc":{"Escrito por":"AR Digital Noticias","Tiempo de lectura":"2 minutos"},"schema":{"@context":"https:\/\/schema.org","@graph":[{"@type":"Article","@id":"https:\/\/ardigitalnoticias.com\/index.php\/2024\/04\/18\/incendian-camioneta-en-zona-rural-de-la-argentina-huila-presunta-accion-de-disidencias-de-las-farc\/#article","isPartOf":{"@id":"https:\/\/ardigitalnoticias.com\/index.php\/2024\/04\/18\/incendian-camioneta-en-zona-rural-de-la-argentina-huila-presunta-accion-de-disidencias-de-las-farc\/"},"author":{"name":"AR Digital Noticias","@id":"https:\/\/ardigitalnoticias.com\/#\/schema\/person\/3f1b0a96e890d8cba89a76c7558a147c"},"headline":"INCENDIAN CAMIONETA EN ZONA RURAL DE LA ARGENTINA &#8211; HUILA PRESUNTA ACCI\u00d3N DE DISIDENCIAS DE LAS FARC","datePublished":"2024-04-18T16:58:15+00:00","dateModified":"2024-04-18T16:58:16+00:00","mainEntityOfPage":{"@id":"https:\/\/ardigitalnoticias.com\/index.php\/2024\/04\/18\/incendian-camioneta-en-zona-rural-de-la-argentina-huila-presunta-accion-de-disidencias-de-las-farc\/"},"wordCount":180,"commentCount":0,"publisher":{"@id":"https:\/\/ardigitalnoticias.com\/#organization"},"image":{"@id":"https:\/\/ardigitalnoticias.com\/index.php\/2024\/04\/18\/incendian-camioneta-en-zona-rural-de-la-argentina-huila-presunta-accion-de-disidencias-de-las-farc\/#primaryimage"},"thumbnailUrl":"https:\/\/ardigitalnoticias.com\/wp-content\/uploads\/2024\/04\/InShot_20240418_114522921-scaled.jpg","articleSection":["Judicial","Occidente","Regional"],"inLanguage":"es","potentialAction":[{"@type":"CommentAction","name":"Comment","target":["https:\/\/ardigitalnoticias.com\/index.php\/2024\/04\/18\/incendian-camioneta-en-zona-rural-de-la-argentina-huila-presunta-accion-de-disidencias-de-las-farc\/#respond"]}]},{"@type":"WebPage","@id":"https:\/\/ardigitalnoticias.com\/index.php\/2024\/04\/18\/incendian-camioneta-en-zona-rural-de-la-argentina-huila-presunta-accion-de-disidencias-de-las-farc\/","url":"https:\/\/ardigitalnoticias.com\/index.php\/2024\/04\/18\/incendian-camioneta-en-zona-rural-de-la-argentina-huila-presunta-accion-de-disidencias-de-las-farc\/","name":"INCENDIAN CAMIONETA EN ZONA RURAL DE LA ARGENTINA - HUILA PRESUNTA ACCI\u00d3N DE DISIDENCIAS DE LAS FARC - AR Digital Noticias","isPartOf":{"@id":"https:\/\/ardigitalnoticias.com\/#website"},"primaryImageOfPage":{"@id":"https:\/\/ardigitalnoticias.com\/index.php\/2024\/04\/18\/incendian-camioneta-en-zona-rural-de-la-argentina-huila-presunta-accion-de-disidencias-de-las-farc\/#primaryimage"},"image":{"@id":"https:\/\/ardigitalnoticias.com\/index.php\/2024\/04\/18\/incendian-camioneta-en-zona-rural-de-la-argentina-huila-presunta-accion-de-disidencias-de-las-farc\/#primaryimage"},"thumbnailUrl":"https:\/\/ardigitalnoticias.com\/wp-content\/uploads\/2024\/04\/InShot_20240418_114522921-scaled.jpg","datePublished":"2024-04-18T16:58:15+00:00","dateModified":"2024-04-18T16:58:16+00:00","breadcrumb":{"@id":"https:\/\/ardigitalnoticias.com\/index.php\/2024\/04\/18\/incendian-camioneta-en-zona-rural-de-la-argentina-huila-presunta-accion-de-disidencias-de-las-farc\/#breadcrumb"},"inLanguage":"es","potentialAction":[{"@type":"ReadAction","target":["https:\/\/ardigitalnoticias.com\/index.php\/2024\/04\/18\/incendian-camioneta-en-zona-rural-de-la-argentina-huila-presunta-accion-de-disidencias-de-las-farc\/"]}]},{"@type":"ImageObject","inLanguage":"es","@id":"https:\/\/ardigitalnoticias.com\/index.php\/2024\/04\/18\/incendian-camioneta-en-zona-rural-de-la-argentina-huila-presunta-accion-de-disidencias-de-las-farc\/#primaryimage","url":"https:\/\/ardigitalnoticias.com\/wp-content\/uploads\/2024\/04\/InShot_20240418_114522921-scaled.jpg","contentUrl":"https:\/\/ardigitalnoticias.com\/wp-content\/uploads\/2024\/04\/InShot_20240418_114522921-scaled.jpg","width":2560,"height":1439},{"@type":"BreadcrumbList","@id":"https:\/\/ardigitalnoticias.com\/index.php\/2024\/04\/18\/incendian-camioneta-en-zona-rural-de-la-argentina-huila-presunta-accion-de-disidencias-de-las-farc\/#breadcrumb","itemListElement":[{"@type":"ListItem","position":1,"name":"Portada","item":"https:\/\/ardigitalnoticias.com\/"},{"@type":"ListItem","position":2,"name":"INCENDIAN CAMIONETA EN ZONA RURAL DE LA ARGENTINA &#8211; HUILA PRESUNTA ACCI\u00d3N DE DISIDENCIAS DE LAS FARC"}]},{"@type":"WebSite","@id":"https:\/\/ardigitalnoticias.com\/#website","url":"https:\/\/ardigitalnoticias.com\/","name":"AR Digital Noticias","description":"","publisher":{"@id":"https:\/\/ardigitalnoticias.com\/#organization"},"potentialAction":[{"@type":"SearchAction","target":{"@type":"EntryPoint","urlTemplate":"https:\/\/ardigitalnoticias.com\/?s={search_term_string}"},"query-input":{"@type":"PropertyValueSpecification","valueRequired":true,"valueName":"search_term_string"}}],"inLanguage":"es"},{"@type":"Organization","@id":"https:\/\/ardigitalnoticias.com\/#organization","name":"AR Digital Noticias","url":"https:\/\/ardigitalnoticias.com\/","logo":{"@type":"ImageObject","inLanguage":"es","@id":"https:\/\/ardigitalnoticias.com\/#\/schema\/logo\/image\/","url":"https:\/\/ardigitalnoticias.com\/wp-content\/uploads\/2023\/11\/cropped-cropped-cropped-cropped-AR-Digital-Noticias-1.png","contentUrl":"https:\/\/ardigitalnoticias.com\/wp-content\/uploads\/2023\/11\/cropped-cropped-cropped-cropped-AR-Digital-Noticias-1.png","width":972,"height":306,"caption":"AR Digital Noticias"},"image":{"@id":"https:\/\/ardigitalnoticias.com\/#\/schema\/logo\/image\/"}},{"@type":"Person","@id":"https:\/\/ardigitalnoticias.com\/#\/schema\/person\/3f1b0a96e890d8cba89a76c7558a147c","name":"AR Digital Noticias","image":{"@type":"ImageObject","inLanguage":"es","@id":"https:\/\/secure.gravatar.com\/avatar\/55d1acd2f9cac74c99f42fcb5090c2f994204a6f6c571cf4c3001ae692cb9b34?s=96&d=mm&r=g","url":"https:\/\/secure.gravatar.com\/avatar\/55d1acd2f9cac74c99f42fcb5090c2f994204a6f6c571cf4c3001ae692cb9b34?s=96&d=mm&r=g","contentUrl":"https:\/\/secure.gravatar.com\/avatar\/55d1acd2f9cac74c99f42fcb5090c2f994204a6f6c571cf4c3001ae692cb9b34?s=96&d=mm&r=g","caption":"AR Digital Noticias"},"sameAs":["http:\/\/ardigitalnoticias.com"],"url":"https:\/\/ardigitalnoticias.com\/index.php\/author\/editorial\/"}]}},"_links":{"self":[{"href":"https:\/\/ardigitalnoticias.com\/index.php\/wp-json\/wp\/v2\/posts\/4220","targetHints":{"allow":["GET"]}}],"collection":[{"href":"https:\/\/ardigitalnoticias.com\/index.php\/wp-json\/wp\/v2\/posts"}],"about":[{"href":"https:\/\/ardigitalnoticias.com\/index.php\/wp-json\/wp\/v2\/types\/post"}],"author":[{"embeddable":true,"href":"https:\/\/ardigitalnoticias.com\/index.php\/wp-json\/wp\/v2\/users\/2"}],"replies":[{"embeddable":true,"href":"https:\/\/ardigitalnoticias.com\/index.php\/wp-json\/wp\/v2\/comments?post=4220"}],"version-history":[{"count":1,"href":"https:\/\/ardigitalnoticias.com\/index.php\/wp-json\/wp\/v2\/posts\/4220\/revisions"}],"predecessor-version":[{"id":4228,"href":"https:\/\/ardigitalnoticias.com\/index.php\/wp-json\/wp\/v2\/posts\/4220\/revisions\/4228"}],"wp:featuredmedia":[{"embeddable":true,"href":"https:\/\/ardigitalnoticias.com\/index.php\/wp-json\/wp\/v2\/media\/4227"}],"wp:attachment":[{"href":"https:\/\/ardigitalnoticias.com\/index.php\/wp-json\/wp\/v2\/media?parent=4220"}],"wp:term":[{"taxonomy":"category","embeddable":true,"href":"https:\/\/ardigitalnoticias.com\/index.php\/wp-json\/wp\/v2\/categories?post=4220"},{"taxonomy":"post_tag","embeddable":true,"href":"https:\/\/ardigitalnoticias.com\/index.php\/wp-json\/wp\/v2\/tags?post=4220"}],"curies":[{"name":"wp","href":"https:\/\/api.w.org\/{rel}","templated":true}]}}