{"id":4211,"date":"2024-04-18T11:29:49","date_gmt":"2024-04-18T16:29:49","guid":{"rendered":"https:\/\/ardigitalnoticias.com\/?p=4211"},"modified":"2024-04-18T11:29:50","modified_gmt":"2024-04-18T16:29:50","slug":"deportista-promesa-del-jiu-jitsu-en-el-huila-fallecio","status":"publish","type":"post","link":"https:\/\/ardigitalnoticias.com\/index.php\/2024\/04\/18\/deportista-promesa-del-jiu-jitsu-en-el-huila-fallecio\/","title":{"rendered":"DEPORTISTA PROMESA DEL JIU-JITSU EN EL HUILA FALLECI\u00d3"},"content":{"rendered":"\n<p>En un golpe devastador para la comunidad deportiva del Huila, el talentoso atleta Andr\u00e9s Felipe Quimbayo ha perdido la vida de manera repentina.<\/p>\n\n\n\n<p><strong>POR: ANDR\u00c9S RODR\u00cdGUEZ. <\/strong><\/p>\n\n\n<div class=\"wp-block-image\">\n<figure class=\"aligncenter size-large\"><img loading=\"lazy\" decoding=\"async\" width=\"1013\" height=\"1024\" src=\"https:\/\/ardigitalnoticias.com\/wp-content\/uploads\/2024\/04\/20240418_112413-1013x1024.jpg\" alt=\"\" class=\"wp-image-4212\" srcset=\"https:\/\/ardigitalnoticias.com\/wp-content\/uploads\/2024\/04\/20240418_112413-1013x1024.jpg 1013w, https:\/\/ardigitalnoticias.com\/wp-content\/uploads\/2024\/04\/20240418_112413-297x300.jpg 297w, https:\/\/ardigitalnoticias.com\/wp-content\/uploads\/2024\/04\/20240418_112413-768x777.jpg 768w, https:\/\/ardigitalnoticias.com\/wp-content\/uploads\/2024\/04\/20240418_112413-150x152.jpg 150w, https:\/\/ardigitalnoticias.com\/wp-content\/uploads\/2024\/04\/20240418_112413-300x303.jpg 300w, https:\/\/ardigitalnoticias.com\/wp-content\/uploads\/2024\/04\/20240418_112413-696x704.jpg 696w, https:\/\/ardigitalnoticias.com\/wp-content\/uploads\/2024\/04\/20240418_112413-1068x1080.jpg 1068w, https:\/\/ardigitalnoticias.com\/wp-content\/uploads\/2024\/04\/20240418_112413.jpg 1445w\" sizes=\"auto, (max-width: 1013px) 100vw, 1013px\" \/><figcaption class=\"wp-element-caption\"><strong>Andr\u00e9s Felipe Quimbayo QE.P.D.<\/strong><\/figcaption><\/figure>\n<\/div>\n\n\n<p>Conocido por su destacado desempe\u00f1o en la disciplina de Jiu-jitsu, Quimbayo dej\u00f3 una huella imborrable en el \u00e1mbito deportivo regional.<\/p>\n\n\n\n<p>El dolor se ha apoderado de familiares, amigos y seguidores, quienes recibieron con consternaci\u00f3n la noticia del fallecimiento del joven deportista.<\/p>\n\n\n\n<p>Andr\u00e9s Felipe Quimbayo fue hallado sin vida en su hogar en la ciudad de Neiva, sumiendo a la comunidad en un profundo luto.Hasta el momento, las circunstancias que rodean este tr\u00e1gico suceso permanecen envueltas en el misterio. Las autoridades locales han iniciado una exhaustiva investigaci\u00f3n para esclarecer los eventos que llevaron a la prematura partida de esta prometedora figura del deporte huilense.<\/p>\n\n\n\n<p>Mientras la comunidad deportiva lamenta esta irreparable p\u00e9rdida, se recuerda con cari\u00f1o y admiraci\u00f3n el legado dejado por Andr\u00e9s Felipe Quimbayo, cuyo talento y dedicaci\u00f3n inspiraron a muchos en su camino hacia la excelencia atl\u00e9tica.<\/p>\n\n\n<div class=\"wp-block-image\">\n<figure class=\"aligncenter size-large is-resized\"><img loading=\"lazy\" decoding=\"async\" width=\"534\" height=\"1024\" src=\"https:\/\/ardigitalnoticias.com\/wp-content\/uploads\/2024\/04\/20240418_112430-534x1024.jpg\" alt=\"\" class=\"wp-image-4213\" style=\"width:396px;height:auto\" srcset=\"https:\/\/ardigitalnoticias.com\/wp-content\/uploads\/2024\/04\/20240418_112430-534x1024.jpg 534w, https:\/\/ardigitalnoticias.com\/wp-content\/uploads\/2024\/04\/20240418_112430-156x300.jpg 156w, https:\/\/ardigitalnoticias.com\/wp-content\/uploads\/2024\/04\/20240418_112430-768x1473.jpg 768w, https:\/\/ardigitalnoticias.com\/wp-content\/uploads\/2024\/04\/20240418_112430-801x1536.jpg 801w, https:\/\/ardigitalnoticias.com\/wp-content\/uploads\/2024\/04\/20240418_112430-1068x2049.jpg 1068w, https:\/\/ardigitalnoticias.com\/wp-content\/uploads\/2024\/04\/20240418_112430-150x288.jpg 150w, https:\/\/ardigitalnoticias.com\/wp-content\/uploads\/2024\/04\/20240418_112430-300x575.jpg 300w, https:\/\/ardigitalnoticias.com\/wp-content\/uploads\/2024\/04\/20240418_112430-696x1335.jpg 696w, https:\/\/ardigitalnoticias.com\/wp-content\/uploads\/2024\/04\/20240418_112430.jpg 1261w\" sizes=\"auto, (max-width: 534px) 100vw, 534px\" \/><figcaption class=\"wp-element-caption\"><strong>Andr\u00e9s Felipe Quimbayo<\/strong> <strong>Q.E.P.D.<\/strong><\/figcaption><\/figure>\n<\/div>","protected":false},"excerpt":{"rendered":"<p>En un golpe devastador para la comunidad deportiva del Huila, el talentoso atleta Andr\u00e9s Felipe Quimbayo ha perdido la vida de manera repentina. POR: ANDR\u00c9S RODR\u00cdGUEZ. Conocido por su destacado desempe\u00f1o en la disciplina de Jiu-jitsu, Quimbayo dej\u00f3 una huella imborrable en el \u00e1mbito deportivo regional. El dolor se ha apoderado de familiares, amigos y [&hellip;]<\/p>\n","protected":false},"author":2,"featured_media":4214,"comment_status":"open","ping_status":"open","sticky":false,"template":"","format":"standard","meta":{"_acf_changed":false,"_joinchat":[],"footnotes":""},"categories":[1,20,26,19],"tags":[],"class_list":{"0":"post-4211","1":"post","2":"type-post","3":"status-publish","4":"format-standard","5":"has-post-thumbnail","7":"category-actualidad","8":"category-judicial","9":"category-norte","10":"category-regional"},"acf":[],"yoast_head":"<!-- This site is optimized with the Yoast SEO plugin v27.5 - https:\/\/yoast.com\/product\/yoast-seo-wordpress\/ -->\n<title>DEPORTISTA PROMESA DEL JIU-JITSU EN EL HUILA FALLECI\u00d3 - AR Digital Noticias<\/title>\n<meta name=\"robots\" content=\"index, follow, max-snippet:-1, max-image-preview:large, max-video-preview:-1\" \/>\n<link rel=\"canonical\" href=\"https:\/\/ardigitalnoticias.com\/index.php\/2024\/04\/18\/deportista-promesa-del-jiu-jitsu-en-el-huila-fallecio\/\" \/>\n<meta property=\"og:locale\" content=\"es_ES\" \/>\n<meta property=\"og:type\" content=\"article\" \/>\n<meta property=\"og:title\" content=\"DEPORTISTA PROMESA DEL JIU-JITSU EN EL HUILA FALLECI\u00d3 - AR Digital Noticias\" \/>\n<meta property=\"og:description\" content=\"En un golpe devastador para la comunidad deportiva del Huila, el talentoso atleta Andr\u00e9s Felipe Quimbayo ha perdido la vida de manera repentina. POR: ANDR\u00c9S RODR\u00cdGUEZ. Conocido por su destacado desempe\u00f1o en la disciplina de Jiu-jitsu, Quimbayo dej\u00f3 una huella imborrable en el \u00e1mbito deportivo regional. El dolor se ha apoderado de familiares, amigos y [&hellip;]\" \/>\n<meta property=\"og:url\" content=\"https:\/\/ardigitalnoticias.com\/index.php\/2024\/04\/18\/deportista-promesa-del-jiu-jitsu-en-el-huila-fallecio\/\" \/>\n<meta property=\"og:site_name\" content=\"AR Digital Noticias\" \/>\n<meta property=\"article:published_time\" content=\"2024-04-18T16:29:49+00:00\" \/>\n<meta property=\"article:modified_time\" content=\"2024-04-18T16:29:50+00:00\" \/>\n<meta property=\"og:image\" content=\"https:\/\/ardigitalnoticias.com\/wp-content\/uploads\/2024\/04\/InShot_20240418_111700831-scaled.jpg\" \/>\n\t<meta property=\"og:image:width\" content=\"2560\" \/>\n\t<meta property=\"og:image:height\" content=\"1436\" \/>\n\t<meta property=\"og:image:type\" content=\"image\/jpeg\" \/>\n<meta name=\"author\" content=\"AR Digital Noticias\" \/>\n<meta name=\"twitter:card\" content=\"summary_large_image\" \/>\n<meta name=\"twitter:label1\" content=\"Escrito por\" \/>\n\t<meta name=\"twitter:data1\" content=\"AR Digital Noticias\" \/>\n\t<meta name=\"twitter:label2\" content=\"Tiempo de lectura\" \/>\n\t<meta name=\"twitter:data2\" content=\"2 minutos\" \/>\n<script type=\"application\/ld+json\" class=\"yoast-schema-graph\">{\"@context\":\"https:\\\/\\\/schema.org\",\"@graph\":[{\"@type\":\"Article\",\"@id\":\"https:\\\/\\\/ardigitalnoticias.com\\\/index.php\\\/2024\\\/04\\\/18\\\/deportista-promesa-del-jiu-jitsu-en-el-huila-fallecio\\\/#article\",\"isPartOf\":{\"@id\":\"https:\\\/\\\/ardigitalnoticias.com\\\/index.php\\\/2024\\\/04\\\/18\\\/deportista-promesa-del-jiu-jitsu-en-el-huila-fallecio\\\/\"},\"author\":{\"name\":\"AR Digital Noticias\",\"@id\":\"https:\\\/\\\/ardigitalnoticias.com\\\/#\\\/schema\\\/person\\\/3f1b0a96e890d8cba89a76c7558a147c\"},\"headline\":\"DEPORTISTA PROMESA DEL JIU-JITSU EN EL HUILA FALLECI\u00d3\",\"datePublished\":\"2024-04-18T16:29:49+00:00\",\"dateModified\":\"2024-04-18T16:29:50+00:00\",\"mainEntityOfPage\":{\"@id\":\"https:\\\/\\\/ardigitalnoticias.com\\\/index.php\\\/2024\\\/04\\\/18\\\/deportista-promesa-del-jiu-jitsu-en-el-huila-fallecio\\\/\"},\"wordCount\":202,\"commentCount\":0,\"publisher\":{\"@id\":\"https:\\\/\\\/ardigitalnoticias.com\\\/#organization\"},\"image\":{\"@id\":\"https:\\\/\\\/ardigitalnoticias.com\\\/index.php\\\/2024\\\/04\\\/18\\\/deportista-promesa-del-jiu-jitsu-en-el-huila-fallecio\\\/#primaryimage\"},\"thumbnailUrl\":\"https:\\\/\\\/ardigitalnoticias.com\\\/wp-content\\\/uploads\\\/2024\\\/04\\\/InShot_20240418_111700831-scaled.jpg\",\"articleSection\":[\"Actualidad\",\"Judicial\",\"Norte\",\"Regional\"],\"inLanguage\":\"es\",\"potentialAction\":[{\"@type\":\"CommentAction\",\"name\":\"Comment\",\"target\":[\"https:\\\/\\\/ardigitalnoticias.com\\\/index.php\\\/2024\\\/04\\\/18\\\/deportista-promesa-del-jiu-jitsu-en-el-huila-fallecio\\\/#respond\"]}]},{\"@type\":\"WebPage\",\"@id\":\"https:\\\/\\\/ardigitalnoticias.com\\\/index.php\\\/2024\\\/04\\\/18\\\/deportista-promesa-del-jiu-jitsu-en-el-huila-fallecio\\\/\",\"url\":\"https:\\\/\\\/ardigitalnoticias.com\\\/index.php\\\/2024\\\/04\\\/18\\\/deportista-promesa-del-jiu-jitsu-en-el-huila-fallecio\\\/\",\"name\":\"DEPORTISTA PROMESA DEL JIU-JITSU EN EL HUILA FALLECI\u00d3 - AR Digital Noticias\",\"isPartOf\":{\"@id\":\"https:\\\/\\\/ardigitalnoticias.com\\\/#website\"},\"primaryImageOfPage\":{\"@id\":\"https:\\\/\\\/ardigitalnoticias.com\\\/index.php\\\/2024\\\/04\\\/18\\\/deportista-promesa-del-jiu-jitsu-en-el-huila-fallecio\\\/#primaryimage\"},\"image\":{\"@id\":\"https:\\\/\\\/ardigitalnoticias.com\\\/index.php\\\/2024\\\/04\\\/18\\\/deportista-promesa-del-jiu-jitsu-en-el-huila-fallecio\\\/#primaryimage\"},\"thumbnailUrl\":\"https:\\\/\\\/ardigitalnoticias.com\\\/wp-content\\\/uploads\\\/2024\\\/04\\\/InShot_20240418_111700831-scaled.jpg\",\"datePublished\":\"2024-04-18T16:29:49+00:00\",\"dateModified\":\"2024-04-18T16:29:50+00:00\",\"breadcrumb\":{\"@id\":\"https:\\\/\\\/ardigitalnoticias.com\\\/index.php\\\/2024\\\/04\\\/18\\\/deportista-promesa-del-jiu-jitsu-en-el-huila-fallecio\\\/#breadcrumb\"},\"inLanguage\":\"es\",\"potentialAction\":[{\"@type\":\"ReadAction\",\"target\":[\"https:\\\/\\\/ardigitalnoticias.com\\\/index.php\\\/2024\\\/04\\\/18\\\/deportista-promesa-del-jiu-jitsu-en-el-huila-fallecio\\\/\"]}]},{\"@type\":\"ImageObject\",\"inLanguage\":\"es\",\"@id\":\"https:\\\/\\\/ardigitalnoticias.com\\\/index.php\\\/2024\\\/04\\\/18\\\/deportista-promesa-del-jiu-jitsu-en-el-huila-fallecio\\\/#primaryimage\",\"url\":\"https:\\\/\\\/ardigitalnoticias.com\\\/wp-content\\\/uploads\\\/2024\\\/04\\\/InShot_20240418_111700831-scaled.jpg\",\"contentUrl\":\"https:\\\/\\\/ardigitalnoticias.com\\\/wp-content\\\/uploads\\\/2024\\\/04\\\/InShot_20240418_111700831-scaled.jpg\",\"width\":2560,\"height\":1436},{\"@type\":\"BreadcrumbList\",\"@id\":\"https:\\\/\\\/ardigitalnoticias.com\\\/index.php\\\/2024\\\/04\\\/18\\\/deportista-promesa-del-jiu-jitsu-en-el-huila-fallecio\\\/#breadcrumb\",\"itemListElement\":[{\"@type\":\"ListItem\",\"position\":1,\"name\":\"Portada\",\"item\":\"https:\\\/\\\/ardigitalnoticias.com\\\/\"},{\"@type\":\"ListItem\",\"position\":2,\"name\":\"DEPORTISTA PROMESA DEL JIU-JITSU EN EL HUILA FALLECI\u00d3\"}]},{\"@type\":\"WebSite\",\"@id\":\"https:\\\/\\\/ardigitalnoticias.com\\\/#website\",\"url\":\"https:\\\/\\\/ardigitalnoticias.com\\\/\",\"name\":\"AR Digital Noticias\",\"description\":\"\",\"publisher\":{\"@id\":\"https:\\\/\\\/ardigitalnoticias.com\\\/#organization\"},\"potentialAction\":[{\"@type\":\"SearchAction\",\"target\":{\"@type\":\"EntryPoint\",\"urlTemplate\":\"https:\\\/\\\/ardigitalnoticias.com\\\/?s={search_term_string}\"},\"query-input\":{\"@type\":\"PropertyValueSpecification\",\"valueRequired\":true,\"valueName\":\"search_term_string\"}}],\"inLanguage\":\"es\"},{\"@type\":\"Organization\",\"@id\":\"https:\\\/\\\/ardigitalnoticias.com\\\/#organization\",\"name\":\"AR Digital Noticias\",\"url\":\"https:\\\/\\\/ardigitalnoticias.com\\\/\",\"logo\":{\"@type\":\"ImageObject\",\"inLanguage\":\"es\",\"@id\":\"https:\\\/\\\/ardigitalnoticias.com\\\/#\\\/schema\\\/logo\\\/image\\\/\",\"url\":\"https:\\\/\\\/ardigitalnoticias.com\\\/wp-content\\\/uploads\\\/2023\\\/11\\\/cropped-cropped-cropped-cropped-AR-Digital-Noticias-1.png\",\"contentUrl\":\"https:\\\/\\\/ardigitalnoticias.com\\\/wp-content\\\/uploads\\\/2023\\\/11\\\/cropped-cropped-cropped-cropped-AR-Digital-Noticias-1.png\",\"width\":972,\"height\":306,\"caption\":\"AR Digital Noticias\"},\"image\":{\"@id\":\"https:\\\/\\\/ardigitalnoticias.com\\\/#\\\/schema\\\/logo\\\/image\\\/\"}},{\"@type\":\"Person\",\"@id\":\"https:\\\/\\\/ardigitalnoticias.com\\\/#\\\/schema\\\/person\\\/3f1b0a96e890d8cba89a76c7558a147c\",\"name\":\"AR Digital Noticias\",\"image\":{\"@type\":\"ImageObject\",\"inLanguage\":\"es\",\"@id\":\"https:\\\/\\\/secure.gravatar.com\\\/avatar\\\/55d1acd2f9cac74c99f42fcb5090c2f994204a6f6c571cf4c3001ae692cb9b34?s=96&d=mm&r=g\",\"url\":\"https:\\\/\\\/secure.gravatar.com\\\/avatar\\\/55d1acd2f9cac74c99f42fcb5090c2f994204a6f6c571cf4c3001ae692cb9b34?s=96&d=mm&r=g\",\"contentUrl\":\"https:\\\/\\\/secure.gravatar.com\\\/avatar\\\/55d1acd2f9cac74c99f42fcb5090c2f994204a6f6c571cf4c3001ae692cb9b34?s=96&d=mm&r=g\",\"caption\":\"AR Digital Noticias\"},\"sameAs\":[\"http:\\\/\\\/ardigitalnoticias.com\"],\"url\":\"https:\\\/\\\/ardigitalnoticias.com\\\/index.php\\\/author\\\/editorial\\\/\"}]}<\/script>\n<!-- \/ Yoast SEO plugin. -->","yoast_head_json":{"title":"DEPORTISTA PROMESA DEL JIU-JITSU EN EL HUILA FALLECI\u00d3 - AR Digital Noticias","robots":{"index":"index","follow":"follow","max-snippet":"max-snippet:-1","max-image-preview":"max-image-preview:large","max-video-preview":"max-video-preview:-1"},"canonical":"https:\/\/ardigitalnoticias.com\/index.php\/2024\/04\/18\/deportista-promesa-del-jiu-jitsu-en-el-huila-fallecio\/","og_locale":"es_ES","og_type":"article","og_title":"DEPORTISTA PROMESA DEL JIU-JITSU EN EL HUILA FALLECI\u00d3 - AR Digital Noticias","og_description":"En un golpe devastador para la comunidad deportiva del Huila, el talentoso atleta Andr\u00e9s Felipe Quimbayo ha perdido la vida de manera repentina. POR: ANDR\u00c9S RODR\u00cdGUEZ. Conocido por su destacado desempe\u00f1o en la disciplina de Jiu-jitsu, Quimbayo dej\u00f3 una huella imborrable en el \u00e1mbito deportivo regional. El dolor se ha apoderado de familiares, amigos y [&hellip;]","og_url":"https:\/\/ardigitalnoticias.com\/index.php\/2024\/04\/18\/deportista-promesa-del-jiu-jitsu-en-el-huila-fallecio\/","og_site_name":"AR Digital Noticias","article_published_time":"2024-04-18T16:29:49+00:00","article_modified_time":"2024-04-18T16:29:50+00:00","og_image":[{"width":2560,"height":1436,"url":"https:\/\/ardigitalnoticias.com\/wp-content\/uploads\/2024\/04\/InShot_20240418_111700831-scaled.jpg","type":"image\/jpeg"}],"author":"AR Digital Noticias","twitter_card":"summary_large_image","twitter_misc":{"Escrito por":"AR Digital Noticias","Tiempo de lectura":"2 minutos"},"schema":{"@context":"https:\/\/schema.org","@graph":[{"@type":"Article","@id":"https:\/\/ardigitalnoticias.com\/index.php\/2024\/04\/18\/deportista-promesa-del-jiu-jitsu-en-el-huila-fallecio\/#article","isPartOf":{"@id":"https:\/\/ardigitalnoticias.com\/index.php\/2024\/04\/18\/deportista-promesa-del-jiu-jitsu-en-el-huila-fallecio\/"},"author":{"name":"AR Digital Noticias","@id":"https:\/\/ardigitalnoticias.com\/#\/schema\/person\/3f1b0a96e890d8cba89a76c7558a147c"},"headline":"DEPORTISTA PROMESA DEL JIU-JITSU EN EL HUILA FALLECI\u00d3","datePublished":"2024-04-18T16:29:49+00:00","dateModified":"2024-04-18T16:29:50+00:00","mainEntityOfPage":{"@id":"https:\/\/ardigitalnoticias.com\/index.php\/2024\/04\/18\/deportista-promesa-del-jiu-jitsu-en-el-huila-fallecio\/"},"wordCount":202,"commentCount":0,"publisher":{"@id":"https:\/\/ardigitalnoticias.com\/#organization"},"image":{"@id":"https:\/\/ardigitalnoticias.com\/index.php\/2024\/04\/18\/deportista-promesa-del-jiu-jitsu-en-el-huila-fallecio\/#primaryimage"},"thumbnailUrl":"https:\/\/ardigitalnoticias.com\/wp-content\/uploads\/2024\/04\/InShot_20240418_111700831-scaled.jpg","articleSection":["Actualidad","Judicial","Norte","Regional"],"inLanguage":"es","potentialAction":[{"@type":"CommentAction","name":"Comment","target":["https:\/\/ardigitalnoticias.com\/index.php\/2024\/04\/18\/deportista-promesa-del-jiu-jitsu-en-el-huila-fallecio\/#respond"]}]},{"@type":"WebPage","@id":"https:\/\/ardigitalnoticias.com\/index.php\/2024\/04\/18\/deportista-promesa-del-jiu-jitsu-en-el-huila-fallecio\/","url":"https:\/\/ardigitalnoticias.com\/index.php\/2024\/04\/18\/deportista-promesa-del-jiu-jitsu-en-el-huila-fallecio\/","name":"DEPORTISTA PROMESA DEL JIU-JITSU EN EL HUILA FALLECI\u00d3 - AR Digital Noticias","isPartOf":{"@id":"https:\/\/ardigitalnoticias.com\/#website"},"primaryImageOfPage":{"@id":"https:\/\/ardigitalnoticias.com\/index.php\/2024\/04\/18\/deportista-promesa-del-jiu-jitsu-en-el-huila-fallecio\/#primaryimage"},"image":{"@id":"https:\/\/ardigitalnoticias.com\/index.php\/2024\/04\/18\/deportista-promesa-del-jiu-jitsu-en-el-huila-fallecio\/#primaryimage"},"thumbnailUrl":"https:\/\/ardigitalnoticias.com\/wp-content\/uploads\/2024\/04\/InShot_20240418_111700831-scaled.jpg","datePublished":"2024-04-18T16:29:49+00:00","dateModified":"2024-04-18T16:29:50+00:00","breadcrumb":{"@id":"https:\/\/ardigitalnoticias.com\/index.php\/2024\/04\/18\/deportista-promesa-del-jiu-jitsu-en-el-huila-fallecio\/#breadcrumb"},"inLanguage":"es","potentialAction":[{"@type":"ReadAction","target":["https:\/\/ardigitalnoticias.com\/index.php\/2024\/04\/18\/deportista-promesa-del-jiu-jitsu-en-el-huila-fallecio\/"]}]},{"@type":"ImageObject","inLanguage":"es","@id":"https:\/\/ardigitalnoticias.com\/index.php\/2024\/04\/18\/deportista-promesa-del-jiu-jitsu-en-el-huila-fallecio\/#primaryimage","url":"https:\/\/ardigitalnoticias.com\/wp-content\/uploads\/2024\/04\/InShot_20240418_111700831-scaled.jpg","contentUrl":"https:\/\/ardigitalnoticias.com\/wp-content\/uploads\/2024\/04\/InShot_20240418_111700831-scaled.jpg","width":2560,"height":1436},{"@type":"BreadcrumbList","@id":"https:\/\/ardigitalnoticias.com\/index.php\/2024\/04\/18\/deportista-promesa-del-jiu-jitsu-en-el-huila-fallecio\/#breadcrumb","itemListElement":[{"@type":"ListItem","position":1,"name":"Portada","item":"https:\/\/ardigitalnoticias.com\/"},{"@type":"ListItem","position":2,"name":"DEPORTISTA PROMESA DEL JIU-JITSU EN EL HUILA FALLECI\u00d3"}]},{"@type":"WebSite","@id":"https:\/\/ardigitalnoticias.com\/#website","url":"https:\/\/ardigitalnoticias.com\/","name":"AR Digital Noticias","description":"","publisher":{"@id":"https:\/\/ardigitalnoticias.com\/#organization"},"potentialAction":[{"@type":"SearchAction","target":{"@type":"EntryPoint","urlTemplate":"https:\/\/ardigitalnoticias.com\/?s={search_term_string}"},"query-input":{"@type":"PropertyValueSpecification","valueRequired":true,"valueName":"search_term_string"}}],"inLanguage":"es"},{"@type":"Organization","@id":"https:\/\/ardigitalnoticias.com\/#organization","name":"AR Digital Noticias","url":"https:\/\/ardigitalnoticias.com\/","logo":{"@type":"ImageObject","inLanguage":"es","@id":"https:\/\/ardigitalnoticias.com\/#\/schema\/logo\/image\/","url":"https:\/\/ardigitalnoticias.com\/wp-content\/uploads\/2023\/11\/cropped-cropped-cropped-cropped-AR-Digital-Noticias-1.png","contentUrl":"https:\/\/ardigitalnoticias.com\/wp-content\/uploads\/2023\/11\/cropped-cropped-cropped-cropped-AR-Digital-Noticias-1.png","width":972,"height":306,"caption":"AR Digital Noticias"},"image":{"@id":"https:\/\/ardigitalnoticias.com\/#\/schema\/logo\/image\/"}},{"@type":"Person","@id":"https:\/\/ardigitalnoticias.com\/#\/schema\/person\/3f1b0a96e890d8cba89a76c7558a147c","name":"AR Digital Noticias","image":{"@type":"ImageObject","inLanguage":"es","@id":"https:\/\/secure.gravatar.com\/avatar\/55d1acd2f9cac74c99f42fcb5090c2f994204a6f6c571cf4c3001ae692cb9b34?s=96&d=mm&r=g","url":"https:\/\/secure.gravatar.com\/avatar\/55d1acd2f9cac74c99f42fcb5090c2f994204a6f6c571cf4c3001ae692cb9b34?s=96&d=mm&r=g","contentUrl":"https:\/\/secure.gravatar.com\/avatar\/55d1acd2f9cac74c99f42fcb5090c2f994204a6f6c571cf4c3001ae692cb9b34?s=96&d=mm&r=g","caption":"AR Digital Noticias"},"sameAs":["http:\/\/ardigitalnoticias.com"],"url":"https:\/\/ardigitalnoticias.com\/index.php\/author\/editorial\/"}]}},"_links":{"self":[{"href":"https:\/\/ardigitalnoticias.com\/index.php\/wp-json\/wp\/v2\/posts\/4211","targetHints":{"allow":["GET"]}}],"collection":[{"href":"https:\/\/ardigitalnoticias.com\/index.php\/wp-json\/wp\/v2\/posts"}],"about":[{"href":"https:\/\/ardigitalnoticias.com\/index.php\/wp-json\/wp\/v2\/types\/post"}],"author":[{"embeddable":true,"href":"https:\/\/ardigitalnoticias.com\/index.php\/wp-json\/wp\/v2\/users\/2"}],"replies":[{"embeddable":true,"href":"https:\/\/ardigitalnoticias.com\/index.php\/wp-json\/wp\/v2\/comments?post=4211"}],"version-history":[{"count":1,"href":"https:\/\/ardigitalnoticias.com\/index.php\/wp-json\/wp\/v2\/posts\/4211\/revisions"}],"predecessor-version":[{"id":4215,"href":"https:\/\/ardigitalnoticias.com\/index.php\/wp-json\/wp\/v2\/posts\/4211\/revisions\/4215"}],"wp:featuredmedia":[{"embeddable":true,"href":"https:\/\/ardigitalnoticias.com\/index.php\/wp-json\/wp\/v2\/media\/4214"}],"wp:attachment":[{"href":"https:\/\/ardigitalnoticias.com\/index.php\/wp-json\/wp\/v2\/media?parent=4211"}],"wp:term":[{"taxonomy":"category","embeddable":true,"href":"https:\/\/ardigitalnoticias.com\/index.php\/wp-json\/wp\/v2\/categories?post=4211"},{"taxonomy":"post_tag","embeddable":true,"href":"https:\/\/ardigitalnoticias.com\/index.php\/wp-json\/wp\/v2\/tags?post=4211"}],"curies":[{"name":"wp","href":"https:\/\/api.w.org\/{rel}","templated":true}]}}