{"id":4013,"date":"2024-04-04T15:26:26","date_gmt":"2024-04-04T20:26:26","guid":{"rendered":"https:\/\/ardigitalnoticias.com\/?p=4013"},"modified":"2024-04-04T15:26:26","modified_gmt":"2024-04-04T20:26:26","slug":"despertando-sentidos-cuarta-edicion-de-la-feria-de-especialidad-con-cafe","status":"publish","type":"post","link":"https:\/\/ardigitalnoticias.com\/index.php\/2024\/04\/04\/despertando-sentidos-cuarta-edicion-de-la-feria-de-especialidad-con-cafe\/","title":{"rendered":"\u00a1DESPERTANDO SENTIDOS, CUARTA EDICI\u00d3N DE LA FERIA DE ESPECIALIDAD CON CAF\u00c9!"},"content":{"rendered":"\n<p>Descubre las Delicias del Caf\u00e9 en la Cuarta Edici\u00f3n de la Feria de Especialidad Con Caf\u00e9.<\/p>\n\n\n\n<p><strong>POR: ANDR\u00c9S RODR\u00cdGUEZ. <\/strong><\/p>\n\n\n<div class=\"wp-block-image\">\n<figure class=\"aligncenter size-large\"><img loading=\"lazy\" decoding=\"async\" width=\"1024\" height=\"683\" src=\"https:\/\/ardigitalnoticias.com\/wp-content\/uploads\/2024\/04\/FB_IMG_1712247188076-1024x683.jpg\" alt=\"\" class=\"wp-image-4023\" srcset=\"https:\/\/ardigitalnoticias.com\/wp-content\/uploads\/2024\/04\/FB_IMG_1712247188076-1024x683.jpg 1024w, https:\/\/ardigitalnoticias.com\/wp-content\/uploads\/2024\/04\/FB_IMG_1712247188076-300x200.jpg 300w, https:\/\/ardigitalnoticias.com\/wp-content\/uploads\/2024\/04\/FB_IMG_1712247188076-768x512.jpg 768w, https:\/\/ardigitalnoticias.com\/wp-content\/uploads\/2024\/04\/FB_IMG_1712247188076-150x100.jpg 150w, https:\/\/ardigitalnoticias.com\/wp-content\/uploads\/2024\/04\/FB_IMG_1712247188076-696x464.jpg 696w, https:\/\/ardigitalnoticias.com\/wp-content\/uploads\/2024\/04\/FB_IMG_1712247188076-1068x712.jpg 1068w, https:\/\/ardigitalnoticias.com\/wp-content\/uploads\/2024\/04\/FB_IMG_1712247188076.jpg 1080w\" sizes=\"auto, (max-width: 1024px) 100vw, 1024px\" \/><\/figure>\n<\/div>\n\n\n<p>En esta cuarta edici\u00f3n de la Feria de Especialidad Con Caf\u00e9, organizada por Nordic Approach y la Cooperativa Central de Caficultores del Huila COOCENTRAL, se despliega un abanico de paneles y estaciones que deleitar\u00e1n los sentidos de los amantes del caf\u00e9.<\/p>\n\n\n\n<figure class=\"wp-block-image size-large\"><img loading=\"lazy\" decoding=\"async\" width=\"1024\" height=\"683\" src=\"https:\/\/ardigitalnoticias.com\/wp-content\/uploads\/2024\/04\/FB_IMG_1712247183247-1024x683.jpg\" alt=\"\" class=\"wp-image-4020\" srcset=\"https:\/\/ardigitalnoticias.com\/wp-content\/uploads\/2024\/04\/FB_IMG_1712247183247-1024x683.jpg 1024w, https:\/\/ardigitalnoticias.com\/wp-content\/uploads\/2024\/04\/FB_IMG_1712247183247-300x200.jpg 300w, https:\/\/ardigitalnoticias.com\/wp-content\/uploads\/2024\/04\/FB_IMG_1712247183247-768x512.jpg 768w, https:\/\/ardigitalnoticias.com\/wp-content\/uploads\/2024\/04\/FB_IMG_1712247183247-150x100.jpg 150w, https:\/\/ardigitalnoticias.com\/wp-content\/uploads\/2024\/04\/FB_IMG_1712247183247-696x464.jpg 696w, https:\/\/ardigitalnoticias.com\/wp-content\/uploads\/2024\/04\/FB_IMG_1712247183247-1068x712.jpg 1068w, https:\/\/ardigitalnoticias.com\/wp-content\/uploads\/2024\/04\/FB_IMG_1712247183247.jpg 1080w\" sizes=\"auto, (max-width: 1024px) 100vw, 1024px\" \/><\/figure>\n\n\n\n<p>\u25cf Explorando el An\u00e1lisis F\u00edsico del Caf\u00e9<\/p>\n\n\n\n<p>Heriberto Ruano, un experto en comercializaci\u00f3n de caf\u00e9 con una vasta trayectoria, lidera la Estaci\u00f3n de An\u00e1lisis F\u00edsico. Con m\u00e1s de una d\u00e9cada de experiencia, Ruano guiar\u00e1 a los concursantes a trav\u00e9s de las complejidades de la producci\u00f3n, comercializaci\u00f3n y an\u00e1lisis f\u00edsico del caf\u00e9.<\/p>\n\n\n<div class=\"wp-block-image\">\n<figure class=\"aligncenter size-large\"><img loading=\"lazy\" decoding=\"async\" width=\"1024\" height=\"576\" src=\"https:\/\/ardigitalnoticias.com\/wp-content\/uploads\/2024\/04\/20240404_075851-1024x576.jpg\" alt=\"\" class=\"wp-image-4019\" srcset=\"https:\/\/ardigitalnoticias.com\/wp-content\/uploads\/2024\/04\/20240404_075851-1024x576.jpg 1024w, https:\/\/ardigitalnoticias.com\/wp-content\/uploads\/2024\/04\/20240404_075851-300x169.jpg 300w, https:\/\/ardigitalnoticias.com\/wp-content\/uploads\/2024\/04\/20240404_075851-768x432.jpg 768w, https:\/\/ardigitalnoticias.com\/wp-content\/uploads\/2024\/04\/20240404_075851-1536x864.jpg 1536w, https:\/\/ardigitalnoticias.com\/wp-content\/uploads\/2024\/04\/20240404_075851-2048x1152.jpg 2048w, https:\/\/ardigitalnoticias.com\/wp-content\/uploads\/2024\/04\/20240404_075851-150x84.jpg 150w, https:\/\/ardigitalnoticias.com\/wp-content\/uploads\/2024\/04\/20240404_075851-696x392.jpg 696w, https:\/\/ardigitalnoticias.com\/wp-content\/uploads\/2024\/04\/20240404_075851-1068x601.jpg 1068w, https:\/\/ardigitalnoticias.com\/wp-content\/uploads\/2024\/04\/20240404_075851-1920x1080.jpg 1920w\" sizes=\"auto, (max-width: 1024px) 100vw, 1024px\" \/><\/figure>\n<\/div>\n\n\n<p>\u25cf Sum\u00e9rgete en el Mundo del Barismo<\/p>\n\n\n\n<p>Bajo la gu\u00eda de Juan Su\u00e1rez, conocido como \u00abEnki Suarez\u00bb, los concursantes tendr\u00e1n la oportunidad de adentrarse en el mundo del barismo. Desde sus experiencias en Abu Dhabi y Dubai hasta su residencia en Colombia, Su\u00e1rez comparte su pasi\u00f3n por el caf\u00e9 y su expertise en proyectos de sostenibilidad y m\u00e9todos de preparaci\u00f3n.<\/p>\n\n\n\n<figure class=\"wp-block-gallery aligncenter has-nested-images columns-default is-cropped wp-block-gallery-1 is-layout-flex wp-block-gallery-is-layout-flex\">\n<figure class=\"wp-block-image size-large\"><img loading=\"lazy\" decoding=\"async\" width=\"1024\" height=\"576\" data-id=\"4018\" src=\"https:\/\/ardigitalnoticias.com\/wp-content\/uploads\/2024\/04\/FB_IMG_1712257609956-1024x576.jpg\" alt=\"\" class=\"wp-image-4018\" srcset=\"https:\/\/ardigitalnoticias.com\/wp-content\/uploads\/2024\/04\/FB_IMG_1712257609956-1024x576.jpg 1024w, https:\/\/ardigitalnoticias.com\/wp-content\/uploads\/2024\/04\/FB_IMG_1712257609956-300x169.jpg 300w, https:\/\/ardigitalnoticias.com\/wp-content\/uploads\/2024\/04\/FB_IMG_1712257609956-768x432.jpg 768w, https:\/\/ardigitalnoticias.com\/wp-content\/uploads\/2024\/04\/FB_IMG_1712257609956-150x84.jpg 150w, https:\/\/ardigitalnoticias.com\/wp-content\/uploads\/2024\/04\/FB_IMG_1712257609956-696x392.jpg 696w, https:\/\/ardigitalnoticias.com\/wp-content\/uploads\/2024\/04\/FB_IMG_1712257609956-1068x601.jpg 1068w, https:\/\/ardigitalnoticias.com\/wp-content\/uploads\/2024\/04\/FB_IMG_1712257609956.jpg 1080w\" sizes=\"auto, (max-width: 1024px) 100vw, 1024px\" \/><\/figure>\n\n\n\n<figure class=\"wp-block-image size-large\"><img loading=\"lazy\" decoding=\"async\" width=\"1024\" height=\"683\" data-id=\"4024\" src=\"https:\/\/ardigitalnoticias.com\/wp-content\/uploads\/2024\/04\/FB_IMG_1712247192148-1-1024x683.jpg\" alt=\"\" class=\"wp-image-4024\" srcset=\"https:\/\/ardigitalnoticias.com\/wp-content\/uploads\/2024\/04\/FB_IMG_1712247192148-1-1024x683.jpg 1024w, https:\/\/ardigitalnoticias.com\/wp-content\/uploads\/2024\/04\/FB_IMG_1712247192148-1-300x200.jpg 300w, https:\/\/ardigitalnoticias.com\/wp-content\/uploads\/2024\/04\/FB_IMG_1712247192148-1-768x512.jpg 768w, https:\/\/ardigitalnoticias.com\/wp-content\/uploads\/2024\/04\/FB_IMG_1712247192148-1-150x100.jpg 150w, https:\/\/ardigitalnoticias.com\/wp-content\/uploads\/2024\/04\/FB_IMG_1712247192148-1-696x464.jpg 696w, https:\/\/ardigitalnoticias.com\/wp-content\/uploads\/2024\/04\/FB_IMG_1712247192148-1-1068x712.jpg 1068w, https:\/\/ardigitalnoticias.com\/wp-content\/uploads\/2024\/04\/FB_IMG_1712247192148-1.jpg 1080w\" sizes=\"auto, (max-width: 1024px) 100vw, 1024px\" \/><\/figure>\n<\/figure>\n\n\n\n<p>\u25cf Catando el Caf\u00e9: Una Experiencia Sensorial<\/p>\n\n\n\n<p>En la Estaci\u00f3n de Cataci\u00f3n, Yessika Nathalia Ciceri Cuellar, Catadora Q-Grader y l\u00edder de Caf\u00e9 Coocentral, lidera una experiencia sensorial \u00fanica. Con m\u00e1s de una d\u00e9cada de experiencia, Cuellar gu\u00eda a los participantes a trav\u00e9s del proceso de selecci\u00f3n y valoraci\u00f3n del caf\u00e9 verde, destacando las complejidades y el arte detr\u00e1s de cada taza.<\/p>\n\n\n<div class=\"wp-block-image\">\n<figure class=\"aligncenter size-large\"><img loading=\"lazy\" decoding=\"async\" width=\"1024\" height=\"576\" src=\"https:\/\/ardigitalnoticias.com\/wp-content\/uploads\/2024\/04\/FB_IMG_1712257603689-1024x576.jpg\" alt=\"\" class=\"wp-image-4017\" srcset=\"https:\/\/ardigitalnoticias.com\/wp-content\/uploads\/2024\/04\/FB_IMG_1712257603689-1024x576.jpg 1024w, https:\/\/ardigitalnoticias.com\/wp-content\/uploads\/2024\/04\/FB_IMG_1712257603689-300x169.jpg 300w, https:\/\/ardigitalnoticias.com\/wp-content\/uploads\/2024\/04\/FB_IMG_1712257603689-768x432.jpg 768w, https:\/\/ardigitalnoticias.com\/wp-content\/uploads\/2024\/04\/FB_IMG_1712257603689-150x84.jpg 150w, https:\/\/ardigitalnoticias.com\/wp-content\/uploads\/2024\/04\/FB_IMG_1712257603689-696x392.jpg 696w, https:\/\/ardigitalnoticias.com\/wp-content\/uploads\/2024\/04\/FB_IMG_1712257603689-1068x601.jpg 1068w, https:\/\/ardigitalnoticias.com\/wp-content\/uploads\/2024\/04\/FB_IMG_1712257603689.jpg 1080w\" sizes=\"auto, (max-width: 1024px) 100vw, 1024px\" \/><figcaption class=\"wp-element-caption\"><strong>Yessika Nathalia Ciceri Cuellar<\/strong><\/figcaption><\/figure>\n<\/div>\n\n\n<p>\u25cf Educaci\u00f3n Financiera para Caficultores<\/p>\n\n\n\n<p>Daniel Mauricio Rivera, ingeniero agr\u00f3nomo y empresario cafetero, ofrece su experiencia en la Estaci\u00f3n de Educaci\u00f3n Financiera. Con un enfoque en la sostenibilidad econ\u00f3mica, Rivera brinda herramientas y conocimientos para el \u00e9xito financiero en la industria cafetera.<\/p>\n\n\n\n<figure class=\"wp-block-gallery aligncenter has-nested-images columns-default is-cropped wp-block-gallery-2 is-layout-flex wp-block-gallery-is-layout-flex\">\n<figure class=\"wp-block-image size-large\"><img loading=\"lazy\" decoding=\"async\" width=\"1024\" height=\"576\" data-id=\"4026\" src=\"https:\/\/ardigitalnoticias.com\/wp-content\/uploads\/2024\/04\/FB_IMG_1712257615316-1-1024x576.jpg\" alt=\"\" class=\"wp-image-4026\" srcset=\"https:\/\/ardigitalnoticias.com\/wp-content\/uploads\/2024\/04\/FB_IMG_1712257615316-1-1024x576.jpg 1024w, https:\/\/ardigitalnoticias.com\/wp-content\/uploads\/2024\/04\/FB_IMG_1712257615316-1-300x169.jpg 300w, https:\/\/ardigitalnoticias.com\/wp-content\/uploads\/2024\/04\/FB_IMG_1712257615316-1-768x432.jpg 768w, https:\/\/ardigitalnoticias.com\/wp-content\/uploads\/2024\/04\/FB_IMG_1712257615316-1-150x84.jpg 150w, https:\/\/ardigitalnoticias.com\/wp-content\/uploads\/2024\/04\/FB_IMG_1712257615316-1-696x392.jpg 696w, https:\/\/ardigitalnoticias.com\/wp-content\/uploads\/2024\/04\/FB_IMG_1712257615316-1-1068x601.jpg 1068w, https:\/\/ardigitalnoticias.com\/wp-content\/uploads\/2024\/04\/FB_IMG_1712257615316-1.jpg 1080w\" sizes=\"auto, (max-width: 1024px) 100vw, 1024px\" \/><\/figure>\n\n\n\n<figure class=\"wp-block-image size-large\"><img loading=\"lazy\" decoding=\"async\" width=\"1024\" height=\"683\" data-id=\"4027\" src=\"https:\/\/ardigitalnoticias.com\/wp-content\/uploads\/2024\/04\/FB_IMG_1712247181509-1024x683.jpg\" alt=\"\" class=\"wp-image-4027\" srcset=\"https:\/\/ardigitalnoticias.com\/wp-content\/uploads\/2024\/04\/FB_IMG_1712247181509-1024x683.jpg 1024w, https:\/\/ardigitalnoticias.com\/wp-content\/uploads\/2024\/04\/FB_IMG_1712247181509-300x200.jpg 300w, https:\/\/ardigitalnoticias.com\/wp-content\/uploads\/2024\/04\/FB_IMG_1712247181509-768x512.jpg 768w, https:\/\/ardigitalnoticias.com\/wp-content\/uploads\/2024\/04\/FB_IMG_1712247181509-150x100.jpg 150w, https:\/\/ardigitalnoticias.com\/wp-content\/uploads\/2024\/04\/FB_IMG_1712247181509-696x464.jpg 696w, https:\/\/ardigitalnoticias.com\/wp-content\/uploads\/2024\/04\/FB_IMG_1712247181509-1068x712.jpg 1068w, https:\/\/ardigitalnoticias.com\/wp-content\/uploads\/2024\/04\/FB_IMG_1712247181509.jpg 1080w\" sizes=\"auto, (max-width: 1024px) 100vw, 1024px\" \/><\/figure>\n<\/figure>\n\n\n\n<p>\u25cf El Arte del Tueste: M\u00e1s All\u00e1 del Sabor<\/p>\n\n\n\n<p>Miguel Manrique, juez de campeonatos de caf\u00e9 y experto en tosti\u00f3n profesional, lleva a los participantes en un viaje a trav\u00e9s del proceso de tueste. Con una amplia experiencia en la industria, Manrique comparte su conocimiento sobre la innovaci\u00f3n en la fermentaci\u00f3n, secado, trillado y torrefacci\u00f3n del caf\u00e9.<\/p>\n\n\n<div class=\"wp-block-image\">\n<figure class=\"aligncenter size-large\"><img loading=\"lazy\" decoding=\"async\" width=\"1024\" height=\"576\" src=\"https:\/\/ardigitalnoticias.com\/wp-content\/uploads\/2024\/04\/FB_IMG_1712257577319-1024x576.jpg\" alt=\"\" class=\"wp-image-4015\" srcset=\"https:\/\/ardigitalnoticias.com\/wp-content\/uploads\/2024\/04\/FB_IMG_1712257577319-1024x576.jpg 1024w, https:\/\/ardigitalnoticias.com\/wp-content\/uploads\/2024\/04\/FB_IMG_1712257577319-300x169.jpg 300w, https:\/\/ardigitalnoticias.com\/wp-content\/uploads\/2024\/04\/FB_IMG_1712257577319-768x432.jpg 768w, https:\/\/ardigitalnoticias.com\/wp-content\/uploads\/2024\/04\/FB_IMG_1712257577319-150x84.jpg 150w, https:\/\/ardigitalnoticias.com\/wp-content\/uploads\/2024\/04\/FB_IMG_1712257577319-696x392.jpg 696w, https:\/\/ardigitalnoticias.com\/wp-content\/uploads\/2024\/04\/FB_IMG_1712257577319-1068x601.jpg 1068w, https:\/\/ardigitalnoticias.com\/wp-content\/uploads\/2024\/04\/FB_IMG_1712257577319.jpg 1080w\" sizes=\"auto, (max-width: 1024px) 100vw, 1024px\" \/><figcaption class=\"wp-element-caption\"><strong>Miguel Manrique<\/strong><\/figcaption><\/figure>\n<\/div>\n\n\n<p>\u25cf Optimizando la Post-Cosecha del Caf\u00e9<\/p>\n\n\n\n<p>Jeferson Jim\u00e9nez, ingeniero agr\u00edcola y experto en procesamiento de caf\u00e9, explora los aspectos de post-cosecha en el mundo del caf\u00e9. Inspirado por la investigaci\u00f3n y la experimentaci\u00f3n, Jim\u00e9nez comparte su pasi\u00f3n por la producci\u00f3n de caf\u00e9s de alta calidad y su compromiso con la innovaci\u00f3n continua.<\/p>\n\n\n<div class=\"wp-block-image\">\n<figure class=\"aligncenter size-large\"><img loading=\"lazy\" decoding=\"async\" width=\"1024\" height=\"576\" src=\"https:\/\/ardigitalnoticias.com\/wp-content\/uploads\/2024\/04\/FB_IMG_1712257593579-1024x576.jpg\" alt=\"\" class=\"wp-image-4014\" srcset=\"https:\/\/ardigitalnoticias.com\/wp-content\/uploads\/2024\/04\/FB_IMG_1712257593579-1024x576.jpg 1024w, https:\/\/ardigitalnoticias.com\/wp-content\/uploads\/2024\/04\/FB_IMG_1712257593579-300x169.jpg 300w, https:\/\/ardigitalnoticias.com\/wp-content\/uploads\/2024\/04\/FB_IMG_1712257593579-768x432.jpg 768w, https:\/\/ardigitalnoticias.com\/wp-content\/uploads\/2024\/04\/FB_IMG_1712257593579-150x84.jpg 150w, https:\/\/ardigitalnoticias.com\/wp-content\/uploads\/2024\/04\/FB_IMG_1712257593579-696x392.jpg 696w, https:\/\/ardigitalnoticias.com\/wp-content\/uploads\/2024\/04\/FB_IMG_1712257593579-1068x601.jpg 1068w, https:\/\/ardigitalnoticias.com\/wp-content\/uploads\/2024\/04\/FB_IMG_1712257593579.jpg 1080w\" sizes=\"auto, (max-width: 1024px) 100vw, 1024px\" \/><figcaption class=\"wp-element-caption\"><strong>Jeferson Jim\u00e9nez<\/strong><\/figcaption><\/figure>\n<\/div>\n\n\n<p>Esta cuarta edici\u00f3n de la Feria de Especialidad del Caf\u00e9 promete ser una experiencia inolvidable para todos los participantes, desde aficionados hasta expertos en la industria cafetera. \u00danete a nosotros y sum\u00e9rgete en el apasionante mundo del caf\u00e9.<\/p>\n\n\n<div class=\"wp-block-image\">\n<figure class=\"aligncenter size-large\"><img loading=\"lazy\" decoding=\"async\" width=\"1024\" height=\"683\" src=\"https:\/\/ardigitalnoticias.com\/wp-content\/uploads\/2024\/04\/FB_IMG_1712247190194-1024x683.jpg\" alt=\"\" class=\"wp-image-4025\" srcset=\"https:\/\/ardigitalnoticias.com\/wp-content\/uploads\/2024\/04\/FB_IMG_1712247190194-1024x683.jpg 1024w, https:\/\/ardigitalnoticias.com\/wp-content\/uploads\/2024\/04\/FB_IMG_1712247190194-300x200.jpg 300w, https:\/\/ardigitalnoticias.com\/wp-content\/uploads\/2024\/04\/FB_IMG_1712247190194-768x512.jpg 768w, https:\/\/ardigitalnoticias.com\/wp-content\/uploads\/2024\/04\/FB_IMG_1712247190194-150x100.jpg 150w, https:\/\/ardigitalnoticias.com\/wp-content\/uploads\/2024\/04\/FB_IMG_1712247190194-696x464.jpg 696w, https:\/\/ardigitalnoticias.com\/wp-content\/uploads\/2024\/04\/FB_IMG_1712247190194-1068x712.jpg 1068w, https:\/\/ardigitalnoticias.com\/wp-content\/uploads\/2024\/04\/FB_IMG_1712247190194.jpg 1080w\" sizes=\"auto, (max-width: 1024px) 100vw, 1024px\" \/><\/figure>\n<\/div>","protected":false},"excerpt":{"rendered":"<p>Descubre las Delicias del Caf\u00e9 en la Cuarta Edici\u00f3n de la Feria de Especialidad Con Caf\u00e9. POR: ANDR\u00c9S RODR\u00cdGUEZ. En esta cuarta edici\u00f3n de la Feria de Especialidad Con Caf\u00e9, organizada por Nordic Approach y la Cooperativa Central de Caficultores del Huila COOCENTRAL, se despliega un abanico de paneles y estaciones que deleitar\u00e1n los sentidos [&hellip;]<\/p>\n","protected":false},"author":3,"featured_media":4028,"comment_status":"open","ping_status":"open","sticky":false,"template":"","format":"standard","meta":{"_acf_changed":false,"_joinchat":[],"footnotes":""},"categories":[1,21],"tags":[],"class_list":{"0":"post-4013","1":"post","2":"type-post","3":"status-publish","4":"format-standard","5":"has-post-thumbnail","7":"category-actualidad","8":"category-locales"},"acf":[],"yoast_head":"<!-- This site is optimized with the Yoast SEO plugin v27.5 - https:\/\/yoast.com\/product\/yoast-seo-wordpress\/ -->\n<title>\u00a1DESPERTANDO SENTIDOS, CUARTA EDICI\u00d3N DE LA FERIA DE ESPECIALIDAD CON CAF\u00c9! - AR Digital Noticias<\/title>\n<meta name=\"robots\" content=\"index, follow, max-snippet:-1, max-image-preview:large, max-video-preview:-1\" \/>\n<link rel=\"canonical\" href=\"https:\/\/ardigitalnoticias.com\/index.php\/2024\/04\/04\/despertando-sentidos-cuarta-edicion-de-la-feria-de-especialidad-con-cafe\/\" \/>\n<meta property=\"og:locale\" content=\"es_ES\" \/>\n<meta property=\"og:type\" content=\"article\" \/>\n<meta property=\"og:title\" content=\"\u00a1DESPERTANDO SENTIDOS, CUARTA EDICI\u00d3N DE LA FERIA DE ESPECIALIDAD CON CAF\u00c9! - AR Digital Noticias\" \/>\n<meta property=\"og:description\" content=\"Descubre las Delicias del Caf\u00e9 en la Cuarta Edici\u00f3n de la Feria de Especialidad Con Caf\u00e9. POR: ANDR\u00c9S RODR\u00cdGUEZ. En esta cuarta edici\u00f3n de la Feria de Especialidad Con Caf\u00e9, organizada por Nordic Approach y la Cooperativa Central de Caficultores del Huila COOCENTRAL, se despliega un abanico de paneles y estaciones que deleitar\u00e1n los sentidos [&hellip;]\" \/>\n<meta property=\"og:url\" content=\"https:\/\/ardigitalnoticias.com\/index.php\/2024\/04\/04\/despertando-sentidos-cuarta-edicion-de-la-feria-de-especialidad-con-cafe\/\" \/>\n<meta property=\"og:site_name\" content=\"AR Digital Noticias\" \/>\n<meta property=\"article:published_time\" content=\"2024-04-04T20:26:26+00:00\" \/>\n<meta property=\"og:image\" content=\"https:\/\/ardigitalnoticias.com\/wp-content\/uploads\/2024\/04\/InShot_20240404_144308805-scaled.jpg\" \/>\n\t<meta property=\"og:image:width\" content=\"2560\" \/>\n\t<meta property=\"og:image:height\" content=\"1439\" \/>\n\t<meta property=\"og:image:type\" content=\"image\/jpeg\" \/>\n<meta name=\"author\" content=\"Editor ArDigitalNoticias\" \/>\n<meta name=\"twitter:card\" content=\"summary_large_image\" \/>\n<meta name=\"twitter:label1\" content=\"Escrito por\" \/>\n\t<meta name=\"twitter:data1\" content=\"Editor ArDigitalNoticias\" \/>\n\t<meta name=\"twitter:label2\" content=\"Tiempo de lectura\" \/>\n\t<meta name=\"twitter:data2\" content=\"5 minutos\" \/>\n<script type=\"application\/ld+json\" class=\"yoast-schema-graph\">{\"@context\":\"https:\\\/\\\/schema.org\",\"@graph\":[{\"@type\":\"Article\",\"@id\":\"https:\\\/\\\/ardigitalnoticias.com\\\/index.php\\\/2024\\\/04\\\/04\\\/despertando-sentidos-cuarta-edicion-de-la-feria-de-especialidad-con-cafe\\\/#article\",\"isPartOf\":{\"@id\":\"https:\\\/\\\/ardigitalnoticias.com\\\/index.php\\\/2024\\\/04\\\/04\\\/despertando-sentidos-cuarta-edicion-de-la-feria-de-especialidad-con-cafe\\\/\"},\"author\":{\"name\":\"Editor ArDigitalNoticias\",\"@id\":\"https:\\\/\\\/ardigitalnoticias.com\\\/#\\\/schema\\\/person\\\/759c8138ebc77e85adb1aa750003a751\"},\"headline\":\"\u00a1DESPERTANDO SENTIDOS, CUARTA EDICI\u00d3N DE LA FERIA DE ESPECIALIDAD CON CAF\u00c9!\",\"datePublished\":\"2024-04-04T20:26:26+00:00\",\"mainEntityOfPage\":{\"@id\":\"https:\\\/\\\/ardigitalnoticias.com\\\/index.php\\\/2024\\\/04\\\/04\\\/despertando-sentidos-cuarta-edicion-de-la-feria-de-especialidad-con-cafe\\\/\"},\"wordCount\":494,\"commentCount\":0,\"publisher\":{\"@id\":\"https:\\\/\\\/ardigitalnoticias.com\\\/#organization\"},\"image\":{\"@id\":\"https:\\\/\\\/ardigitalnoticias.com\\\/index.php\\\/2024\\\/04\\\/04\\\/despertando-sentidos-cuarta-edicion-de-la-feria-de-especialidad-con-cafe\\\/#primaryimage\"},\"thumbnailUrl\":\"https:\\\/\\\/ardigitalnoticias.com\\\/wp-content\\\/uploads\\\/2024\\\/04\\\/InShot_20240404_144308805-scaled.jpg\",\"articleSection\":[\"Actualidad\",\"Garz\u00f3n\"],\"inLanguage\":\"es\",\"potentialAction\":[{\"@type\":\"CommentAction\",\"name\":\"Comment\",\"target\":[\"https:\\\/\\\/ardigitalnoticias.com\\\/index.php\\\/2024\\\/04\\\/04\\\/despertando-sentidos-cuarta-edicion-de-la-feria-de-especialidad-con-cafe\\\/#respond\"]}]},{\"@type\":\"WebPage\",\"@id\":\"https:\\\/\\\/ardigitalnoticias.com\\\/index.php\\\/2024\\\/04\\\/04\\\/despertando-sentidos-cuarta-edicion-de-la-feria-de-especialidad-con-cafe\\\/\",\"url\":\"https:\\\/\\\/ardigitalnoticias.com\\\/index.php\\\/2024\\\/04\\\/04\\\/despertando-sentidos-cuarta-edicion-de-la-feria-de-especialidad-con-cafe\\\/\",\"name\":\"\u00a1DESPERTANDO SENTIDOS, CUARTA EDICI\u00d3N DE LA FERIA DE ESPECIALIDAD CON CAF\u00c9! - AR Digital Noticias\",\"isPartOf\":{\"@id\":\"https:\\\/\\\/ardigitalnoticias.com\\\/#website\"},\"primaryImageOfPage\":{\"@id\":\"https:\\\/\\\/ardigitalnoticias.com\\\/index.php\\\/2024\\\/04\\\/04\\\/despertando-sentidos-cuarta-edicion-de-la-feria-de-especialidad-con-cafe\\\/#primaryimage\"},\"image\":{\"@id\":\"https:\\\/\\\/ardigitalnoticias.com\\\/index.php\\\/2024\\\/04\\\/04\\\/despertando-sentidos-cuarta-edicion-de-la-feria-de-especialidad-con-cafe\\\/#primaryimage\"},\"thumbnailUrl\":\"https:\\\/\\\/ardigitalnoticias.com\\\/wp-content\\\/uploads\\\/2024\\\/04\\\/InShot_20240404_144308805-scaled.jpg\",\"datePublished\":\"2024-04-04T20:26:26+00:00\",\"breadcrumb\":{\"@id\":\"https:\\\/\\\/ardigitalnoticias.com\\\/index.php\\\/2024\\\/04\\\/04\\\/despertando-sentidos-cuarta-edicion-de-la-feria-de-especialidad-con-cafe\\\/#breadcrumb\"},\"inLanguage\":\"es\",\"potentialAction\":[{\"@type\":\"ReadAction\",\"target\":[\"https:\\\/\\\/ardigitalnoticias.com\\\/index.php\\\/2024\\\/04\\\/04\\\/despertando-sentidos-cuarta-edicion-de-la-feria-de-especialidad-con-cafe\\\/\"]}]},{\"@type\":\"ImageObject\",\"inLanguage\":\"es\",\"@id\":\"https:\\\/\\\/ardigitalnoticias.com\\\/index.php\\\/2024\\\/04\\\/04\\\/despertando-sentidos-cuarta-edicion-de-la-feria-de-especialidad-con-cafe\\\/#primaryimage\",\"url\":\"https:\\\/\\\/ardigitalnoticias.com\\\/wp-content\\\/uploads\\\/2024\\\/04\\\/InShot_20240404_144308805-scaled.jpg\",\"contentUrl\":\"https:\\\/\\\/ardigitalnoticias.com\\\/wp-content\\\/uploads\\\/2024\\\/04\\\/InShot_20240404_144308805-scaled.jpg\",\"width\":2560,\"height\":1439},{\"@type\":\"BreadcrumbList\",\"@id\":\"https:\\\/\\\/ardigitalnoticias.com\\\/index.php\\\/2024\\\/04\\\/04\\\/despertando-sentidos-cuarta-edicion-de-la-feria-de-especialidad-con-cafe\\\/#breadcrumb\",\"itemListElement\":[{\"@type\":\"ListItem\",\"position\":1,\"name\":\"Portada\",\"item\":\"https:\\\/\\\/ardigitalnoticias.com\\\/\"},{\"@type\":\"ListItem\",\"position\":2,\"name\":\"\u00a1DESPERTANDO SENTIDOS, CUARTA EDICI\u00d3N DE LA FERIA DE ESPECIALIDAD CON CAF\u00c9!\"}]},{\"@type\":\"WebSite\",\"@id\":\"https:\\\/\\\/ardigitalnoticias.com\\\/#website\",\"url\":\"https:\\\/\\\/ardigitalnoticias.com\\\/\",\"name\":\"AR Digital Noticias\",\"description\":\"\",\"publisher\":{\"@id\":\"https:\\\/\\\/ardigitalnoticias.com\\\/#organization\"},\"potentialAction\":[{\"@type\":\"SearchAction\",\"target\":{\"@type\":\"EntryPoint\",\"urlTemplate\":\"https:\\\/\\\/ardigitalnoticias.com\\\/?s={search_term_string}\"},\"query-input\":{\"@type\":\"PropertyValueSpecification\",\"valueRequired\":true,\"valueName\":\"search_term_string\"}}],\"inLanguage\":\"es\"},{\"@type\":\"Organization\",\"@id\":\"https:\\\/\\\/ardigitalnoticias.com\\\/#organization\",\"name\":\"AR Digital Noticias\",\"url\":\"https:\\\/\\\/ardigitalnoticias.com\\\/\",\"logo\":{\"@type\":\"ImageObject\",\"inLanguage\":\"es\",\"@id\":\"https:\\\/\\\/ardigitalnoticias.com\\\/#\\\/schema\\\/logo\\\/image\\\/\",\"url\":\"https:\\\/\\\/ardigitalnoticias.com\\\/wp-content\\\/uploads\\\/2023\\\/11\\\/cropped-cropped-cropped-cropped-AR-Digital-Noticias-1.png\",\"contentUrl\":\"https:\\\/\\\/ardigitalnoticias.com\\\/wp-content\\\/uploads\\\/2023\\\/11\\\/cropped-cropped-cropped-cropped-AR-Digital-Noticias-1.png\",\"width\":972,\"height\":306,\"caption\":\"AR Digital Noticias\"},\"image\":{\"@id\":\"https:\\\/\\\/ardigitalnoticias.com\\\/#\\\/schema\\\/logo\\\/image\\\/\"}},{\"@type\":\"Person\",\"@id\":\"https:\\\/\\\/ardigitalnoticias.com\\\/#\\\/schema\\\/person\\\/759c8138ebc77e85adb1aa750003a751\",\"name\":\"Editor ArDigitalNoticias\",\"image\":{\"@type\":\"ImageObject\",\"inLanguage\":\"es\",\"@id\":\"https:\\\/\\\/secure.gravatar.com\\\/avatar\\\/2c7f3656ea34567ef10422f22f4395b6cc422854a0b986ba788597ac36902f93?s=96&d=mm&r=g\",\"url\":\"https:\\\/\\\/secure.gravatar.com\\\/avatar\\\/2c7f3656ea34567ef10422f22f4395b6cc422854a0b986ba788597ac36902f93?s=96&d=mm&r=g\",\"contentUrl\":\"https:\\\/\\\/secure.gravatar.com\\\/avatar\\\/2c7f3656ea34567ef10422f22f4395b6cc422854a0b986ba788597ac36902f93?s=96&d=mm&r=g\",\"caption\":\"Editor ArDigitalNoticias\"},\"sameAs\":[\"http:\\\/\\\/ardigitalnoticias.com\"],\"url\":\"https:\\\/\\\/ardigitalnoticias.com\\\/index.php\\\/author\\\/editor\\\/\"}]}<\/script>\n<!-- \/ Yoast SEO plugin. -->","yoast_head_json":{"title":"\u00a1DESPERTANDO SENTIDOS, CUARTA EDICI\u00d3N DE LA FERIA DE ESPECIALIDAD CON CAF\u00c9! - AR Digital Noticias","robots":{"index":"index","follow":"follow","max-snippet":"max-snippet:-1","max-image-preview":"max-image-preview:large","max-video-preview":"max-video-preview:-1"},"canonical":"https:\/\/ardigitalnoticias.com\/index.php\/2024\/04\/04\/despertando-sentidos-cuarta-edicion-de-la-feria-de-especialidad-con-cafe\/","og_locale":"es_ES","og_type":"article","og_title":"\u00a1DESPERTANDO SENTIDOS, CUARTA EDICI\u00d3N DE LA FERIA DE ESPECIALIDAD CON CAF\u00c9! - AR Digital Noticias","og_description":"Descubre las Delicias del Caf\u00e9 en la Cuarta Edici\u00f3n de la Feria de Especialidad Con Caf\u00e9. POR: ANDR\u00c9S RODR\u00cdGUEZ. En esta cuarta edici\u00f3n de la Feria de Especialidad Con Caf\u00e9, organizada por Nordic Approach y la Cooperativa Central de Caficultores del Huila COOCENTRAL, se despliega un abanico de paneles y estaciones que deleitar\u00e1n los sentidos [&hellip;]","og_url":"https:\/\/ardigitalnoticias.com\/index.php\/2024\/04\/04\/despertando-sentidos-cuarta-edicion-de-la-feria-de-especialidad-con-cafe\/","og_site_name":"AR Digital Noticias","article_published_time":"2024-04-04T20:26:26+00:00","og_image":[{"width":2560,"height":1439,"url":"https:\/\/ardigitalnoticias.com\/wp-content\/uploads\/2024\/04\/InShot_20240404_144308805-scaled.jpg","type":"image\/jpeg"}],"author":"Editor ArDigitalNoticias","twitter_card":"summary_large_image","twitter_misc":{"Escrito por":"Editor ArDigitalNoticias","Tiempo de lectura":"5 minutos"},"schema":{"@context":"https:\/\/schema.org","@graph":[{"@type":"Article","@id":"https:\/\/ardigitalnoticias.com\/index.php\/2024\/04\/04\/despertando-sentidos-cuarta-edicion-de-la-feria-de-especialidad-con-cafe\/#article","isPartOf":{"@id":"https:\/\/ardigitalnoticias.com\/index.php\/2024\/04\/04\/despertando-sentidos-cuarta-edicion-de-la-feria-de-especialidad-con-cafe\/"},"author":{"name":"Editor ArDigitalNoticias","@id":"https:\/\/ardigitalnoticias.com\/#\/schema\/person\/759c8138ebc77e85adb1aa750003a751"},"headline":"\u00a1DESPERTANDO SENTIDOS, CUARTA EDICI\u00d3N DE LA FERIA DE ESPECIALIDAD CON CAF\u00c9!","datePublished":"2024-04-04T20:26:26+00:00","mainEntityOfPage":{"@id":"https:\/\/ardigitalnoticias.com\/index.php\/2024\/04\/04\/despertando-sentidos-cuarta-edicion-de-la-feria-de-especialidad-con-cafe\/"},"wordCount":494,"commentCount":0,"publisher":{"@id":"https:\/\/ardigitalnoticias.com\/#organization"},"image":{"@id":"https:\/\/ardigitalnoticias.com\/index.php\/2024\/04\/04\/despertando-sentidos-cuarta-edicion-de-la-feria-de-especialidad-con-cafe\/#primaryimage"},"thumbnailUrl":"https:\/\/ardigitalnoticias.com\/wp-content\/uploads\/2024\/04\/InShot_20240404_144308805-scaled.jpg","articleSection":["Actualidad","Garz\u00f3n"],"inLanguage":"es","potentialAction":[{"@type":"CommentAction","name":"Comment","target":["https:\/\/ardigitalnoticias.com\/index.php\/2024\/04\/04\/despertando-sentidos-cuarta-edicion-de-la-feria-de-especialidad-con-cafe\/#respond"]}]},{"@type":"WebPage","@id":"https:\/\/ardigitalnoticias.com\/index.php\/2024\/04\/04\/despertando-sentidos-cuarta-edicion-de-la-feria-de-especialidad-con-cafe\/","url":"https:\/\/ardigitalnoticias.com\/index.php\/2024\/04\/04\/despertando-sentidos-cuarta-edicion-de-la-feria-de-especialidad-con-cafe\/","name":"\u00a1DESPERTANDO SENTIDOS, CUARTA EDICI\u00d3N DE LA FERIA DE ESPECIALIDAD CON CAF\u00c9! - AR Digital Noticias","isPartOf":{"@id":"https:\/\/ardigitalnoticias.com\/#website"},"primaryImageOfPage":{"@id":"https:\/\/ardigitalnoticias.com\/index.php\/2024\/04\/04\/despertando-sentidos-cuarta-edicion-de-la-feria-de-especialidad-con-cafe\/#primaryimage"},"image":{"@id":"https:\/\/ardigitalnoticias.com\/index.php\/2024\/04\/04\/despertando-sentidos-cuarta-edicion-de-la-feria-de-especialidad-con-cafe\/#primaryimage"},"thumbnailUrl":"https:\/\/ardigitalnoticias.com\/wp-content\/uploads\/2024\/04\/InShot_20240404_144308805-scaled.jpg","datePublished":"2024-04-04T20:26:26+00:00","breadcrumb":{"@id":"https:\/\/ardigitalnoticias.com\/index.php\/2024\/04\/04\/despertando-sentidos-cuarta-edicion-de-la-feria-de-especialidad-con-cafe\/#breadcrumb"},"inLanguage":"es","potentialAction":[{"@type":"ReadAction","target":["https:\/\/ardigitalnoticias.com\/index.php\/2024\/04\/04\/despertando-sentidos-cuarta-edicion-de-la-feria-de-especialidad-con-cafe\/"]}]},{"@type":"ImageObject","inLanguage":"es","@id":"https:\/\/ardigitalnoticias.com\/index.php\/2024\/04\/04\/despertando-sentidos-cuarta-edicion-de-la-feria-de-especialidad-con-cafe\/#primaryimage","url":"https:\/\/ardigitalnoticias.com\/wp-content\/uploads\/2024\/04\/InShot_20240404_144308805-scaled.jpg","contentUrl":"https:\/\/ardigitalnoticias.com\/wp-content\/uploads\/2024\/04\/InShot_20240404_144308805-scaled.jpg","width":2560,"height":1439},{"@type":"BreadcrumbList","@id":"https:\/\/ardigitalnoticias.com\/index.php\/2024\/04\/04\/despertando-sentidos-cuarta-edicion-de-la-feria-de-especialidad-con-cafe\/#breadcrumb","itemListElement":[{"@type":"ListItem","position":1,"name":"Portada","item":"https:\/\/ardigitalnoticias.com\/"},{"@type":"ListItem","position":2,"name":"\u00a1DESPERTANDO SENTIDOS, CUARTA EDICI\u00d3N DE LA FERIA DE ESPECIALIDAD CON CAF\u00c9!"}]},{"@type":"WebSite","@id":"https:\/\/ardigitalnoticias.com\/#website","url":"https:\/\/ardigitalnoticias.com\/","name":"AR Digital Noticias","description":"","publisher":{"@id":"https:\/\/ardigitalnoticias.com\/#organization"},"potentialAction":[{"@type":"SearchAction","target":{"@type":"EntryPoint","urlTemplate":"https:\/\/ardigitalnoticias.com\/?s={search_term_string}"},"query-input":{"@type":"PropertyValueSpecification","valueRequired":true,"valueName":"search_term_string"}}],"inLanguage":"es"},{"@type":"Organization","@id":"https:\/\/ardigitalnoticias.com\/#organization","name":"AR Digital Noticias","url":"https:\/\/ardigitalnoticias.com\/","logo":{"@type":"ImageObject","inLanguage":"es","@id":"https:\/\/ardigitalnoticias.com\/#\/schema\/logo\/image\/","url":"https:\/\/ardigitalnoticias.com\/wp-content\/uploads\/2023\/11\/cropped-cropped-cropped-cropped-AR-Digital-Noticias-1.png","contentUrl":"https:\/\/ardigitalnoticias.com\/wp-content\/uploads\/2023\/11\/cropped-cropped-cropped-cropped-AR-Digital-Noticias-1.png","width":972,"height":306,"caption":"AR Digital Noticias"},"image":{"@id":"https:\/\/ardigitalnoticias.com\/#\/schema\/logo\/image\/"}},{"@type":"Person","@id":"https:\/\/ardigitalnoticias.com\/#\/schema\/person\/759c8138ebc77e85adb1aa750003a751","name":"Editor ArDigitalNoticias","image":{"@type":"ImageObject","inLanguage":"es","@id":"https:\/\/secure.gravatar.com\/avatar\/2c7f3656ea34567ef10422f22f4395b6cc422854a0b986ba788597ac36902f93?s=96&d=mm&r=g","url":"https:\/\/secure.gravatar.com\/avatar\/2c7f3656ea34567ef10422f22f4395b6cc422854a0b986ba788597ac36902f93?s=96&d=mm&r=g","contentUrl":"https:\/\/secure.gravatar.com\/avatar\/2c7f3656ea34567ef10422f22f4395b6cc422854a0b986ba788597ac36902f93?s=96&d=mm&r=g","caption":"Editor ArDigitalNoticias"},"sameAs":["http:\/\/ardigitalnoticias.com"],"url":"https:\/\/ardigitalnoticias.com\/index.php\/author\/editor\/"}]}},"_links":{"self":[{"href":"https:\/\/ardigitalnoticias.com\/index.php\/wp-json\/wp\/v2\/posts\/4013","targetHints":{"allow":["GET"]}}],"collection":[{"href":"https:\/\/ardigitalnoticias.com\/index.php\/wp-json\/wp\/v2\/posts"}],"about":[{"href":"https:\/\/ardigitalnoticias.com\/index.php\/wp-json\/wp\/v2\/types\/post"}],"author":[{"embeddable":true,"href":"https:\/\/ardigitalnoticias.com\/index.php\/wp-json\/wp\/v2\/users\/3"}],"replies":[{"embeddable":true,"href":"https:\/\/ardigitalnoticias.com\/index.php\/wp-json\/wp\/v2\/comments?post=4013"}],"version-history":[{"count":1,"href":"https:\/\/ardigitalnoticias.com\/index.php\/wp-json\/wp\/v2\/posts\/4013\/revisions"}],"predecessor-version":[{"id":4029,"href":"https:\/\/ardigitalnoticias.com\/index.php\/wp-json\/wp\/v2\/posts\/4013\/revisions\/4029"}],"wp:featuredmedia":[{"embeddable":true,"href":"https:\/\/ardigitalnoticias.com\/index.php\/wp-json\/wp\/v2\/media\/4028"}],"wp:attachment":[{"href":"https:\/\/ardigitalnoticias.com\/index.php\/wp-json\/wp\/v2\/media?parent=4013"}],"wp:term":[{"taxonomy":"category","embeddable":true,"href":"https:\/\/ardigitalnoticias.com\/index.php\/wp-json\/wp\/v2\/categories?post=4013"},{"taxonomy":"post_tag","embeddable":true,"href":"https:\/\/ardigitalnoticias.com\/index.php\/wp-json\/wp\/v2\/tags?post=4013"}],"curies":[{"name":"wp","href":"https:\/\/api.w.org\/{rel}","templated":true}]}}