{"id":3946,"date":"2024-03-26T21:23:06","date_gmt":"2024-03-27T02:23:06","guid":{"rendered":"https:\/\/ardigitalnoticias.com\/?p=3946"},"modified":"2024-03-26T21:23:07","modified_gmt":"2024-03-27T02:23:07","slug":"el-medico-carlos-daniel-mazabel-cordoba-nuevo-gerente-del-hospital-san-vicente-de-paul-de-garzon","status":"publish","type":"post","link":"https:\/\/ardigitalnoticias.com\/index.php\/2024\/03\/26\/el-medico-carlos-daniel-mazabel-cordoba-nuevo-gerente-del-hospital-san-vicente-de-paul-de-garzon\/","title":{"rendered":"El M\u00c9DICO CARLOS DANIEL MAZABEL C\u00d3RDOBA NUEVO GERENTE DEL HOSPITAL SAN VICENTE DE PA\u00daL DE GARZ\u00d3N"},"content":{"rendered":"\n<p>El Gobernador del Huila, Rodrigo Villalba Mosquera, complet\u00f3 la n\u00f3mina de gerentes de hospitales departamentales al designar al m\u00e9dico epidemi\u00f3logo y especialista Carlos Daniel Mazabel como nuevo gerente del Hospital Departamental San Vicente de Pa\u00fal del municipio de Garz\u00f3n.<\/p>\n\n\n\n<p><strong>POR: ANDR\u00c9S RODR\u00cdGUEZ. <\/strong><\/p>\n\n\n\n<p>Mazabel C\u00f3rdoba se encargar\u00e1 del empalme respectivo con el actual gerente, Jorge Humberto Gonz\u00e1lez Baham\u00f3n, en un acto que estaba previsto y que confirma la direcci\u00f3n hacia una gesti\u00f3n renovada en el sector salud de la regi\u00f3n.<\/p>\n\n\n<div class=\"wp-block-image\">\n<figure class=\"aligncenter size-large\"><img loading=\"lazy\" decoding=\"async\" width=\"821\" height=\"1024\" src=\"https:\/\/ardigitalnoticias.com\/wp-content\/uploads\/2024\/03\/Screenshot_20240326_203808_Facebook-821x1024.png\" alt=\"\" class=\"wp-image-3947\" srcset=\"https:\/\/ardigitalnoticias.com\/wp-content\/uploads\/2024\/03\/Screenshot_20240326_203808_Facebook-821x1024.png 821w, https:\/\/ardigitalnoticias.com\/wp-content\/uploads\/2024\/03\/Screenshot_20240326_203808_Facebook-240x300.png 240w, https:\/\/ardigitalnoticias.com\/wp-content\/uploads\/2024\/03\/Screenshot_20240326_203808_Facebook-768x958.png 768w, https:\/\/ardigitalnoticias.com\/wp-content\/uploads\/2024\/03\/Screenshot_20240326_203808_Facebook-150x187.png 150w, https:\/\/ardigitalnoticias.com\/wp-content\/uploads\/2024\/03\/Screenshot_20240326_203808_Facebook-300x374.png 300w, https:\/\/ardigitalnoticias.com\/wp-content\/uploads\/2024\/03\/Screenshot_20240326_203808_Facebook-696x868.png 696w, https:\/\/ardigitalnoticias.com\/wp-content\/uploads\/2024\/03\/Screenshot_20240326_203808_Facebook-1068x1332.png 1068w, https:\/\/ardigitalnoticias.com\/wp-content\/uploads\/2024\/03\/Screenshot_20240326_203808_Facebook.png 1079w\" sizes=\"auto, (max-width: 821px) 100vw, 821px\" \/><figcaption class=\"wp-element-caption\"><strong>Carlos Daniel Mazabel<\/strong><\/figcaption><\/figure>\n<\/div>\n\n\n<p>Mazabel C\u00f3rdoba, con su formaci\u00f3n como m\u00e9dico cirujano y especializaciones en Gerencia de Servicios de Salud, Gerencia de la Salud Ocupacional, y Epidemiolog\u00eda, as\u00ed como una maestr\u00eda en Salud P\u00fablica, cuenta con una s\u00f3lida base acad\u00e9mica y una extensa experiencia profesional que respaldan su nombramiento. Su trayectoria incluye diversos roles en el \u00e1mbito de la salud, desde la atenci\u00f3n m\u00e9dica directa hasta cargos de direcci\u00f3n y gesti\u00f3n en instituciones p\u00fablicas y privadas, abarcando \u00e1reas como urgencias, hospitalizaci\u00f3n, consulta externa, promoci\u00f3n y prevenci\u00f3n de IPS, entre otras.<\/p>\n\n\n\n<p>El reto que enfrenta el nuevo gerente es considerable, ya que el Hospital Departamental San Vicente de Pa\u00fal se encuentra en un momento crucial con la ejecuci\u00f3n de obras por m\u00e1s de 93 mil millones de pesos y una gesti\u00f3n financiera que ha demostrado utilidades por encima de los 2.300 millones de pesos. Adem\u00e1s, la instituci\u00f3n atiende a una amplia poblaci\u00f3n, con m\u00e1s de 250 mil usuarios que dependen de sus servicios para el cuidado de su salud.<\/p>\n\n\n\n<p>Con este nombramiento, Mazabel C\u00f3rdoba asume la responsabilidad de liderar una instituci\u00f3n clave en la prestaci\u00f3n de servicios de salud en la regi\u00f3n, con el compromiso de continuar mejorando la calidad y la accesibilidad de la atenci\u00f3n m\u00e9dica para todos los habitantes del Huila. Su experiencia previa en cargos de direcci\u00f3n y su conocimiento profundo del sector son activos importantes que contribuir\u00e1n al \u00e9xito de su gesti\u00f3n al frente del Hospital Departamental San Vicente de Pa\u00fal.<\/p>\n\n\n\n<p>El respaldo y la confianza del Gobernador del Huila en Mazabel C\u00f3rdoba para liderar este importante proyecto reflejan el reconocimiento de su capacidad y su compromiso con el servicio p\u00fablico. La designaci\u00f3n del nuevo gerente representa un paso significativo en el fortalecimiento del sistema de salud en la regi\u00f3n, as\u00ed como en la consolidaci\u00f3n de un equipo de liderazgo capaz de enfrentar los desaf\u00edos actuales y futuros en este sector fundamental para el bienestar de la comunidad.<\/p>\n\n\n\n<p>Con su experiencia y habilidades, Mazabel C\u00f3rdoba est\u00e1 preparado para afrontar los desaf\u00edos que implica dirigir una instituci\u00f3n de gran envergadura como el Hospital Departamental San Vicente de Pa\u00fal. Su liderazgo ser\u00e1 fundamental para mantener y mejorar los est\u00e1ndares de calidad en la atenci\u00f3n m\u00e9dica, as\u00ed como para impulsar iniciativas que promuevan la salud y el bienestar de la poblaci\u00f3n del Huila.<\/p>\n\n\n\n<p>En conclusi\u00f3n, la designaci\u00f3n de Carlos Daniel Mazabel C\u00f3rdoba como nuevo gerente del Hospital Departamental San Vicente de Pa\u00fal marca el inicio de una nueva etapa en la gesti\u00f3n de esta instituci\u00f3n emblem\u00e1tica. Con su experiencia, compromiso y visi\u00f3n, Mazabel C\u00f3rdoba tiene el potencial de generar un impacto positivo significativo en la prestaci\u00f3n de servicios de salud en la regi\u00f3n, beneficiando a miles de personas y contribuyendo al desarrollo integral del Huila.<\/p>\n\n\n\n<figure class=\"wp-block-gallery aligncenter has-nested-images columns-default is-cropped wp-block-gallery-1 is-layout-flex wp-block-gallery-is-layout-flex\">\n<figure class=\"wp-block-image size-large\"><img loading=\"lazy\" decoding=\"async\" width=\"960\" height=\"540\" data-id=\"3950\" src=\"https:\/\/ardigitalnoticias.com\/wp-content\/uploads\/2024\/03\/FB_IMG_1711505999060.jpg\" alt=\"\" class=\"wp-image-3950\" srcset=\"https:\/\/ardigitalnoticias.com\/wp-content\/uploads\/2024\/03\/FB_IMG_1711505999060.jpg 960w, https:\/\/ardigitalnoticias.com\/wp-content\/uploads\/2024\/03\/FB_IMG_1711505999060-300x169.jpg 300w, https:\/\/ardigitalnoticias.com\/wp-content\/uploads\/2024\/03\/FB_IMG_1711505999060-768x432.jpg 768w, https:\/\/ardigitalnoticias.com\/wp-content\/uploads\/2024\/03\/FB_IMG_1711505999060-150x84.jpg 150w, https:\/\/ardigitalnoticias.com\/wp-content\/uploads\/2024\/03\/FB_IMG_1711505999060-696x392.jpg 696w\" sizes=\"auto, (max-width: 960px) 100vw, 960px\" \/><\/figure>\n\n\n\n<figure class=\"wp-block-image size-large\"><img loading=\"lazy\" decoding=\"async\" width=\"960\" height=\"540\" data-id=\"3951\" src=\"https:\/\/ardigitalnoticias.com\/wp-content\/uploads\/2024\/03\/FB_IMG_1711506009049.jpg\" alt=\"\" class=\"wp-image-3951\" srcset=\"https:\/\/ardigitalnoticias.com\/wp-content\/uploads\/2024\/03\/FB_IMG_1711506009049.jpg 960w, https:\/\/ardigitalnoticias.com\/wp-content\/uploads\/2024\/03\/FB_IMG_1711506009049-300x169.jpg 300w, https:\/\/ardigitalnoticias.com\/wp-content\/uploads\/2024\/03\/FB_IMG_1711506009049-768x432.jpg 768w, https:\/\/ardigitalnoticias.com\/wp-content\/uploads\/2024\/03\/FB_IMG_1711506009049-150x84.jpg 150w, https:\/\/ardigitalnoticias.com\/wp-content\/uploads\/2024\/03\/FB_IMG_1711506009049-696x392.jpg 696w\" sizes=\"auto, (max-width: 960px) 100vw, 960px\" \/><\/figure>\n\n\n\n<figure class=\"wp-block-image size-large\"><img loading=\"lazy\" decoding=\"async\" width=\"960\" height=\"540\" data-id=\"3948\" src=\"https:\/\/ardigitalnoticias.com\/wp-content\/uploads\/2024\/03\/FB_IMG_1711506004474.jpg\" alt=\"\" class=\"wp-image-3948\" srcset=\"https:\/\/ardigitalnoticias.com\/wp-content\/uploads\/2024\/03\/FB_IMG_1711506004474.jpg 960w, https:\/\/ardigitalnoticias.com\/wp-content\/uploads\/2024\/03\/FB_IMG_1711506004474-300x169.jpg 300w, https:\/\/ardigitalnoticias.com\/wp-content\/uploads\/2024\/03\/FB_IMG_1711506004474-768x432.jpg 768w, https:\/\/ardigitalnoticias.com\/wp-content\/uploads\/2024\/03\/FB_IMG_1711506004474-150x84.jpg 150w, https:\/\/ardigitalnoticias.com\/wp-content\/uploads\/2024\/03\/FB_IMG_1711506004474-696x392.jpg 696w\" sizes=\"auto, (max-width: 960px) 100vw, 960px\" \/><\/figure>\n\n\n\n<figure class=\"wp-block-image size-large\"><img loading=\"lazy\" decoding=\"async\" width=\"960\" height=\"540\" data-id=\"3949\" src=\"https:\/\/ardigitalnoticias.com\/wp-content\/uploads\/2024\/03\/FB_IMG_1711506001605.jpg\" alt=\"\" class=\"wp-image-3949\" srcset=\"https:\/\/ardigitalnoticias.com\/wp-content\/uploads\/2024\/03\/FB_IMG_1711506001605.jpg 960w, https:\/\/ardigitalnoticias.com\/wp-content\/uploads\/2024\/03\/FB_IMG_1711506001605-300x169.jpg 300w, https:\/\/ardigitalnoticias.com\/wp-content\/uploads\/2024\/03\/FB_IMG_1711506001605-768x432.jpg 768w, https:\/\/ardigitalnoticias.com\/wp-content\/uploads\/2024\/03\/FB_IMG_1711506001605-150x84.jpg 150w, https:\/\/ardigitalnoticias.com\/wp-content\/uploads\/2024\/03\/FB_IMG_1711506001605-696x392.jpg 696w\" sizes=\"auto, (max-width: 960px) 100vw, 960px\" \/><\/figure>\n<\/figure>\n","protected":false},"excerpt":{"rendered":"<p>El Gobernador del Huila, Rodrigo Villalba Mosquera, complet\u00f3 la n\u00f3mina de gerentes de hospitales departamentales al designar al m\u00e9dico epidemi\u00f3logo y especialista Carlos Daniel Mazabel como nuevo gerente del Hospital Departamental San Vicente de Pa\u00fal del municipio de Garz\u00f3n. POR: ANDR\u00c9S RODR\u00cdGUEZ. Mazabel C\u00f3rdoba se encargar\u00e1 del empalme respectivo con el actual gerente, Jorge Humberto [&hellip;]<\/p>\n","protected":false},"author":2,"featured_media":3952,"comment_status":"open","ping_status":"open","sticky":false,"template":"","format":"standard","meta":{"_acf_changed":false,"_joinchat":[],"footnotes":""},"categories":[25,21,19],"tags":[],"class_list":{"0":"post-3946","1":"post","2":"type-post","3":"status-publish","4":"format-standard","5":"has-post-thumbnail","7":"category-centro","8":"category-locales","9":"category-regional"},"acf":[],"yoast_head":"<!-- This site is optimized with the Yoast SEO plugin v27.5 - https:\/\/yoast.com\/product\/yoast-seo-wordpress\/ -->\n<title>El M\u00c9DICO CARLOS DANIEL MAZABEL C\u00d3RDOBA NUEVO GERENTE DEL HOSPITAL SAN VICENTE DE PA\u00daL DE GARZ\u00d3N - AR Digital Noticias<\/title>\n<meta name=\"robots\" content=\"index, follow, max-snippet:-1, max-image-preview:large, max-video-preview:-1\" \/>\n<link rel=\"canonical\" href=\"https:\/\/ardigitalnoticias.com\/index.php\/2024\/03\/26\/el-medico-carlos-daniel-mazabel-cordoba-nuevo-gerente-del-hospital-san-vicente-de-paul-de-garzon\/\" \/>\n<meta property=\"og:locale\" content=\"es_ES\" \/>\n<meta property=\"og:type\" content=\"article\" \/>\n<meta property=\"og:title\" content=\"El M\u00c9DICO CARLOS DANIEL MAZABEL C\u00d3RDOBA NUEVO GERENTE DEL HOSPITAL SAN VICENTE DE PA\u00daL DE GARZ\u00d3N - AR Digital Noticias\" \/>\n<meta property=\"og:description\" content=\"El Gobernador del Huila, Rodrigo Villalba Mosquera, complet\u00f3 la n\u00f3mina de gerentes de hospitales departamentales al designar al m\u00e9dico epidemi\u00f3logo y especialista Carlos Daniel Mazabel como nuevo gerente del Hospital Departamental San Vicente de Pa\u00fal del municipio de Garz\u00f3n. POR: ANDR\u00c9S RODR\u00cdGUEZ. Mazabel C\u00f3rdoba se encargar\u00e1 del empalme respectivo con el actual gerente, Jorge Humberto [&hellip;]\" \/>\n<meta property=\"og:url\" content=\"https:\/\/ardigitalnoticias.com\/index.php\/2024\/03\/26\/el-medico-carlos-daniel-mazabel-cordoba-nuevo-gerente-del-hospital-san-vicente-de-paul-de-garzon\/\" \/>\n<meta property=\"og:site_name\" content=\"AR Digital Noticias\" \/>\n<meta property=\"article:published_time\" content=\"2024-03-27T02:23:06+00:00\" \/>\n<meta property=\"article:modified_time\" content=\"2024-03-27T02:23:07+00:00\" \/>\n<meta property=\"og:image\" content=\"https:\/\/ardigitalnoticias.com\/wp-content\/uploads\/2024\/03\/InShot_20240326_210638900-scaled.jpg\" \/>\n\t<meta property=\"og:image:width\" content=\"2560\" \/>\n\t<meta property=\"og:image:height\" content=\"1439\" \/>\n\t<meta property=\"og:image:type\" content=\"image\/jpeg\" \/>\n<meta name=\"author\" content=\"AR Digital Noticias\" \/>\n<meta name=\"twitter:card\" content=\"summary_large_image\" \/>\n<meta name=\"twitter:label1\" content=\"Escrito por\" \/>\n\t<meta name=\"twitter:data1\" content=\"AR Digital Noticias\" \/>\n\t<meta name=\"twitter:label2\" content=\"Tiempo de lectura\" \/>\n\t<meta name=\"twitter:data2\" content=\"4 minutos\" \/>\n<script type=\"application\/ld+json\" class=\"yoast-schema-graph\">{\"@context\":\"https:\\\/\\\/schema.org\",\"@graph\":[{\"@type\":\"Article\",\"@id\":\"https:\\\/\\\/ardigitalnoticias.com\\\/index.php\\\/2024\\\/03\\\/26\\\/el-medico-carlos-daniel-mazabel-cordoba-nuevo-gerente-del-hospital-san-vicente-de-paul-de-garzon\\\/#article\",\"isPartOf\":{\"@id\":\"https:\\\/\\\/ardigitalnoticias.com\\\/index.php\\\/2024\\\/03\\\/26\\\/el-medico-carlos-daniel-mazabel-cordoba-nuevo-gerente-del-hospital-san-vicente-de-paul-de-garzon\\\/\"},\"author\":{\"name\":\"AR Digital Noticias\",\"@id\":\"https:\\\/\\\/ardigitalnoticias.com\\\/#\\\/schema\\\/person\\\/3f1b0a96e890d8cba89a76c7558a147c\"},\"headline\":\"El M\u00c9DICO CARLOS DANIEL MAZABEL C\u00d3RDOBA NUEVO GERENTE DEL HOSPITAL SAN VICENTE DE PA\u00daL DE GARZ\u00d3N\",\"datePublished\":\"2024-03-27T02:23:06+00:00\",\"dateModified\":\"2024-03-27T02:23:07+00:00\",\"mainEntityOfPage\":{\"@id\":\"https:\\\/\\\/ardigitalnoticias.com\\\/index.php\\\/2024\\\/03\\\/26\\\/el-medico-carlos-daniel-mazabel-cordoba-nuevo-gerente-del-hospital-san-vicente-de-paul-de-garzon\\\/\"},\"wordCount\":622,\"commentCount\":0,\"publisher\":{\"@id\":\"https:\\\/\\\/ardigitalnoticias.com\\\/#organization\"},\"image\":{\"@id\":\"https:\\\/\\\/ardigitalnoticias.com\\\/index.php\\\/2024\\\/03\\\/26\\\/el-medico-carlos-daniel-mazabel-cordoba-nuevo-gerente-del-hospital-san-vicente-de-paul-de-garzon\\\/#primaryimage\"},\"thumbnailUrl\":\"https:\\\/\\\/ardigitalnoticias.com\\\/wp-content\\\/uploads\\\/2024\\\/03\\\/InShot_20240326_210638900-scaled.jpg\",\"articleSection\":[\"Centro\",\"Garz\u00f3n\",\"Regional\"],\"inLanguage\":\"es\",\"potentialAction\":[{\"@type\":\"CommentAction\",\"name\":\"Comment\",\"target\":[\"https:\\\/\\\/ardigitalnoticias.com\\\/index.php\\\/2024\\\/03\\\/26\\\/el-medico-carlos-daniel-mazabel-cordoba-nuevo-gerente-del-hospital-san-vicente-de-paul-de-garzon\\\/#respond\"]}]},{\"@type\":\"WebPage\",\"@id\":\"https:\\\/\\\/ardigitalnoticias.com\\\/index.php\\\/2024\\\/03\\\/26\\\/el-medico-carlos-daniel-mazabel-cordoba-nuevo-gerente-del-hospital-san-vicente-de-paul-de-garzon\\\/\",\"url\":\"https:\\\/\\\/ardigitalnoticias.com\\\/index.php\\\/2024\\\/03\\\/26\\\/el-medico-carlos-daniel-mazabel-cordoba-nuevo-gerente-del-hospital-san-vicente-de-paul-de-garzon\\\/\",\"name\":\"El M\u00c9DICO CARLOS DANIEL MAZABEL C\u00d3RDOBA NUEVO GERENTE DEL HOSPITAL SAN VICENTE DE PA\u00daL DE GARZ\u00d3N - AR Digital Noticias\",\"isPartOf\":{\"@id\":\"https:\\\/\\\/ardigitalnoticias.com\\\/#website\"},\"primaryImageOfPage\":{\"@id\":\"https:\\\/\\\/ardigitalnoticias.com\\\/index.php\\\/2024\\\/03\\\/26\\\/el-medico-carlos-daniel-mazabel-cordoba-nuevo-gerente-del-hospital-san-vicente-de-paul-de-garzon\\\/#primaryimage\"},\"image\":{\"@id\":\"https:\\\/\\\/ardigitalnoticias.com\\\/index.php\\\/2024\\\/03\\\/26\\\/el-medico-carlos-daniel-mazabel-cordoba-nuevo-gerente-del-hospital-san-vicente-de-paul-de-garzon\\\/#primaryimage\"},\"thumbnailUrl\":\"https:\\\/\\\/ardigitalnoticias.com\\\/wp-content\\\/uploads\\\/2024\\\/03\\\/InShot_20240326_210638900-scaled.jpg\",\"datePublished\":\"2024-03-27T02:23:06+00:00\",\"dateModified\":\"2024-03-27T02:23:07+00:00\",\"breadcrumb\":{\"@id\":\"https:\\\/\\\/ardigitalnoticias.com\\\/index.php\\\/2024\\\/03\\\/26\\\/el-medico-carlos-daniel-mazabel-cordoba-nuevo-gerente-del-hospital-san-vicente-de-paul-de-garzon\\\/#breadcrumb\"},\"inLanguage\":\"es\",\"potentialAction\":[{\"@type\":\"ReadAction\",\"target\":[\"https:\\\/\\\/ardigitalnoticias.com\\\/index.php\\\/2024\\\/03\\\/26\\\/el-medico-carlos-daniel-mazabel-cordoba-nuevo-gerente-del-hospital-san-vicente-de-paul-de-garzon\\\/\"]}]},{\"@type\":\"ImageObject\",\"inLanguage\":\"es\",\"@id\":\"https:\\\/\\\/ardigitalnoticias.com\\\/index.php\\\/2024\\\/03\\\/26\\\/el-medico-carlos-daniel-mazabel-cordoba-nuevo-gerente-del-hospital-san-vicente-de-paul-de-garzon\\\/#primaryimage\",\"url\":\"https:\\\/\\\/ardigitalnoticias.com\\\/wp-content\\\/uploads\\\/2024\\\/03\\\/InShot_20240326_210638900-scaled.jpg\",\"contentUrl\":\"https:\\\/\\\/ardigitalnoticias.com\\\/wp-content\\\/uploads\\\/2024\\\/03\\\/InShot_20240326_210638900-scaled.jpg\",\"width\":2560,\"height\":1439},{\"@type\":\"BreadcrumbList\",\"@id\":\"https:\\\/\\\/ardigitalnoticias.com\\\/index.php\\\/2024\\\/03\\\/26\\\/el-medico-carlos-daniel-mazabel-cordoba-nuevo-gerente-del-hospital-san-vicente-de-paul-de-garzon\\\/#breadcrumb\",\"itemListElement\":[{\"@type\":\"ListItem\",\"position\":1,\"name\":\"Portada\",\"item\":\"https:\\\/\\\/ardigitalnoticias.com\\\/\"},{\"@type\":\"ListItem\",\"position\":2,\"name\":\"El M\u00c9DICO CARLOS DANIEL MAZABEL C\u00d3RDOBA NUEVO GERENTE DEL HOSPITAL SAN VICENTE DE PA\u00daL DE GARZ\u00d3N\"}]},{\"@type\":\"WebSite\",\"@id\":\"https:\\\/\\\/ardigitalnoticias.com\\\/#website\",\"url\":\"https:\\\/\\\/ardigitalnoticias.com\\\/\",\"name\":\"AR Digital Noticias\",\"description\":\"\",\"publisher\":{\"@id\":\"https:\\\/\\\/ardigitalnoticias.com\\\/#organization\"},\"potentialAction\":[{\"@type\":\"SearchAction\",\"target\":{\"@type\":\"EntryPoint\",\"urlTemplate\":\"https:\\\/\\\/ardigitalnoticias.com\\\/?s={search_term_string}\"},\"query-input\":{\"@type\":\"PropertyValueSpecification\",\"valueRequired\":true,\"valueName\":\"search_term_string\"}}],\"inLanguage\":\"es\"},{\"@type\":\"Organization\",\"@id\":\"https:\\\/\\\/ardigitalnoticias.com\\\/#organization\",\"name\":\"AR Digital Noticias\",\"url\":\"https:\\\/\\\/ardigitalnoticias.com\\\/\",\"logo\":{\"@type\":\"ImageObject\",\"inLanguage\":\"es\",\"@id\":\"https:\\\/\\\/ardigitalnoticias.com\\\/#\\\/schema\\\/logo\\\/image\\\/\",\"url\":\"https:\\\/\\\/ardigitalnoticias.com\\\/wp-content\\\/uploads\\\/2023\\\/11\\\/cropped-cropped-cropped-cropped-AR-Digital-Noticias-1.png\",\"contentUrl\":\"https:\\\/\\\/ardigitalnoticias.com\\\/wp-content\\\/uploads\\\/2023\\\/11\\\/cropped-cropped-cropped-cropped-AR-Digital-Noticias-1.png\",\"width\":972,\"height\":306,\"caption\":\"AR Digital Noticias\"},\"image\":{\"@id\":\"https:\\\/\\\/ardigitalnoticias.com\\\/#\\\/schema\\\/logo\\\/image\\\/\"}},{\"@type\":\"Person\",\"@id\":\"https:\\\/\\\/ardigitalnoticias.com\\\/#\\\/schema\\\/person\\\/3f1b0a96e890d8cba89a76c7558a147c\",\"name\":\"AR Digital Noticias\",\"image\":{\"@type\":\"ImageObject\",\"inLanguage\":\"es\",\"@id\":\"https:\\\/\\\/secure.gravatar.com\\\/avatar\\\/55d1acd2f9cac74c99f42fcb5090c2f994204a6f6c571cf4c3001ae692cb9b34?s=96&d=mm&r=g\",\"url\":\"https:\\\/\\\/secure.gravatar.com\\\/avatar\\\/55d1acd2f9cac74c99f42fcb5090c2f994204a6f6c571cf4c3001ae692cb9b34?s=96&d=mm&r=g\",\"contentUrl\":\"https:\\\/\\\/secure.gravatar.com\\\/avatar\\\/55d1acd2f9cac74c99f42fcb5090c2f994204a6f6c571cf4c3001ae692cb9b34?s=96&d=mm&r=g\",\"caption\":\"AR Digital Noticias\"},\"sameAs\":[\"http:\\\/\\\/ardigitalnoticias.com\"],\"url\":\"https:\\\/\\\/ardigitalnoticias.com\\\/index.php\\\/author\\\/editorial\\\/\"}]}<\/script>\n<!-- \/ Yoast SEO plugin. -->","yoast_head_json":{"title":"El M\u00c9DICO CARLOS DANIEL MAZABEL C\u00d3RDOBA NUEVO GERENTE DEL HOSPITAL SAN VICENTE DE PA\u00daL DE GARZ\u00d3N - AR Digital Noticias","robots":{"index":"index","follow":"follow","max-snippet":"max-snippet:-1","max-image-preview":"max-image-preview:large","max-video-preview":"max-video-preview:-1"},"canonical":"https:\/\/ardigitalnoticias.com\/index.php\/2024\/03\/26\/el-medico-carlos-daniel-mazabel-cordoba-nuevo-gerente-del-hospital-san-vicente-de-paul-de-garzon\/","og_locale":"es_ES","og_type":"article","og_title":"El M\u00c9DICO CARLOS DANIEL MAZABEL C\u00d3RDOBA NUEVO GERENTE DEL HOSPITAL SAN VICENTE DE PA\u00daL DE GARZ\u00d3N - AR Digital Noticias","og_description":"El Gobernador del Huila, Rodrigo Villalba Mosquera, complet\u00f3 la n\u00f3mina de gerentes de hospitales departamentales al designar al m\u00e9dico epidemi\u00f3logo y especialista Carlos Daniel Mazabel como nuevo gerente del Hospital Departamental San Vicente de Pa\u00fal del municipio de Garz\u00f3n. POR: ANDR\u00c9S RODR\u00cdGUEZ. Mazabel C\u00f3rdoba se encargar\u00e1 del empalme respectivo con el actual gerente, Jorge Humberto [&hellip;]","og_url":"https:\/\/ardigitalnoticias.com\/index.php\/2024\/03\/26\/el-medico-carlos-daniel-mazabel-cordoba-nuevo-gerente-del-hospital-san-vicente-de-paul-de-garzon\/","og_site_name":"AR Digital Noticias","article_published_time":"2024-03-27T02:23:06+00:00","article_modified_time":"2024-03-27T02:23:07+00:00","og_image":[{"width":2560,"height":1439,"url":"https:\/\/ardigitalnoticias.com\/wp-content\/uploads\/2024\/03\/InShot_20240326_210638900-scaled.jpg","type":"image\/jpeg"}],"author":"AR Digital Noticias","twitter_card":"summary_large_image","twitter_misc":{"Escrito por":"AR Digital Noticias","Tiempo de lectura":"4 minutos"},"schema":{"@context":"https:\/\/schema.org","@graph":[{"@type":"Article","@id":"https:\/\/ardigitalnoticias.com\/index.php\/2024\/03\/26\/el-medico-carlos-daniel-mazabel-cordoba-nuevo-gerente-del-hospital-san-vicente-de-paul-de-garzon\/#article","isPartOf":{"@id":"https:\/\/ardigitalnoticias.com\/index.php\/2024\/03\/26\/el-medico-carlos-daniel-mazabel-cordoba-nuevo-gerente-del-hospital-san-vicente-de-paul-de-garzon\/"},"author":{"name":"AR Digital Noticias","@id":"https:\/\/ardigitalnoticias.com\/#\/schema\/person\/3f1b0a96e890d8cba89a76c7558a147c"},"headline":"El M\u00c9DICO CARLOS DANIEL MAZABEL C\u00d3RDOBA NUEVO GERENTE DEL HOSPITAL SAN VICENTE DE PA\u00daL DE GARZ\u00d3N","datePublished":"2024-03-27T02:23:06+00:00","dateModified":"2024-03-27T02:23:07+00:00","mainEntityOfPage":{"@id":"https:\/\/ardigitalnoticias.com\/index.php\/2024\/03\/26\/el-medico-carlos-daniel-mazabel-cordoba-nuevo-gerente-del-hospital-san-vicente-de-paul-de-garzon\/"},"wordCount":622,"commentCount":0,"publisher":{"@id":"https:\/\/ardigitalnoticias.com\/#organization"},"image":{"@id":"https:\/\/ardigitalnoticias.com\/index.php\/2024\/03\/26\/el-medico-carlos-daniel-mazabel-cordoba-nuevo-gerente-del-hospital-san-vicente-de-paul-de-garzon\/#primaryimage"},"thumbnailUrl":"https:\/\/ardigitalnoticias.com\/wp-content\/uploads\/2024\/03\/InShot_20240326_210638900-scaled.jpg","articleSection":["Centro","Garz\u00f3n","Regional"],"inLanguage":"es","potentialAction":[{"@type":"CommentAction","name":"Comment","target":["https:\/\/ardigitalnoticias.com\/index.php\/2024\/03\/26\/el-medico-carlos-daniel-mazabel-cordoba-nuevo-gerente-del-hospital-san-vicente-de-paul-de-garzon\/#respond"]}]},{"@type":"WebPage","@id":"https:\/\/ardigitalnoticias.com\/index.php\/2024\/03\/26\/el-medico-carlos-daniel-mazabel-cordoba-nuevo-gerente-del-hospital-san-vicente-de-paul-de-garzon\/","url":"https:\/\/ardigitalnoticias.com\/index.php\/2024\/03\/26\/el-medico-carlos-daniel-mazabel-cordoba-nuevo-gerente-del-hospital-san-vicente-de-paul-de-garzon\/","name":"El M\u00c9DICO CARLOS DANIEL MAZABEL C\u00d3RDOBA NUEVO GERENTE DEL HOSPITAL SAN VICENTE DE PA\u00daL DE GARZ\u00d3N - AR Digital Noticias","isPartOf":{"@id":"https:\/\/ardigitalnoticias.com\/#website"},"primaryImageOfPage":{"@id":"https:\/\/ardigitalnoticias.com\/index.php\/2024\/03\/26\/el-medico-carlos-daniel-mazabel-cordoba-nuevo-gerente-del-hospital-san-vicente-de-paul-de-garzon\/#primaryimage"},"image":{"@id":"https:\/\/ardigitalnoticias.com\/index.php\/2024\/03\/26\/el-medico-carlos-daniel-mazabel-cordoba-nuevo-gerente-del-hospital-san-vicente-de-paul-de-garzon\/#primaryimage"},"thumbnailUrl":"https:\/\/ardigitalnoticias.com\/wp-content\/uploads\/2024\/03\/InShot_20240326_210638900-scaled.jpg","datePublished":"2024-03-27T02:23:06+00:00","dateModified":"2024-03-27T02:23:07+00:00","breadcrumb":{"@id":"https:\/\/ardigitalnoticias.com\/index.php\/2024\/03\/26\/el-medico-carlos-daniel-mazabel-cordoba-nuevo-gerente-del-hospital-san-vicente-de-paul-de-garzon\/#breadcrumb"},"inLanguage":"es","potentialAction":[{"@type":"ReadAction","target":["https:\/\/ardigitalnoticias.com\/index.php\/2024\/03\/26\/el-medico-carlos-daniel-mazabel-cordoba-nuevo-gerente-del-hospital-san-vicente-de-paul-de-garzon\/"]}]},{"@type":"ImageObject","inLanguage":"es","@id":"https:\/\/ardigitalnoticias.com\/index.php\/2024\/03\/26\/el-medico-carlos-daniel-mazabel-cordoba-nuevo-gerente-del-hospital-san-vicente-de-paul-de-garzon\/#primaryimage","url":"https:\/\/ardigitalnoticias.com\/wp-content\/uploads\/2024\/03\/InShot_20240326_210638900-scaled.jpg","contentUrl":"https:\/\/ardigitalnoticias.com\/wp-content\/uploads\/2024\/03\/InShot_20240326_210638900-scaled.jpg","width":2560,"height":1439},{"@type":"BreadcrumbList","@id":"https:\/\/ardigitalnoticias.com\/index.php\/2024\/03\/26\/el-medico-carlos-daniel-mazabel-cordoba-nuevo-gerente-del-hospital-san-vicente-de-paul-de-garzon\/#breadcrumb","itemListElement":[{"@type":"ListItem","position":1,"name":"Portada","item":"https:\/\/ardigitalnoticias.com\/"},{"@type":"ListItem","position":2,"name":"El M\u00c9DICO CARLOS DANIEL MAZABEL C\u00d3RDOBA NUEVO GERENTE DEL HOSPITAL SAN VICENTE DE PA\u00daL DE GARZ\u00d3N"}]},{"@type":"WebSite","@id":"https:\/\/ardigitalnoticias.com\/#website","url":"https:\/\/ardigitalnoticias.com\/","name":"AR Digital Noticias","description":"","publisher":{"@id":"https:\/\/ardigitalnoticias.com\/#organization"},"potentialAction":[{"@type":"SearchAction","target":{"@type":"EntryPoint","urlTemplate":"https:\/\/ardigitalnoticias.com\/?s={search_term_string}"},"query-input":{"@type":"PropertyValueSpecification","valueRequired":true,"valueName":"search_term_string"}}],"inLanguage":"es"},{"@type":"Organization","@id":"https:\/\/ardigitalnoticias.com\/#organization","name":"AR Digital Noticias","url":"https:\/\/ardigitalnoticias.com\/","logo":{"@type":"ImageObject","inLanguage":"es","@id":"https:\/\/ardigitalnoticias.com\/#\/schema\/logo\/image\/","url":"https:\/\/ardigitalnoticias.com\/wp-content\/uploads\/2023\/11\/cropped-cropped-cropped-cropped-AR-Digital-Noticias-1.png","contentUrl":"https:\/\/ardigitalnoticias.com\/wp-content\/uploads\/2023\/11\/cropped-cropped-cropped-cropped-AR-Digital-Noticias-1.png","width":972,"height":306,"caption":"AR Digital Noticias"},"image":{"@id":"https:\/\/ardigitalnoticias.com\/#\/schema\/logo\/image\/"}},{"@type":"Person","@id":"https:\/\/ardigitalnoticias.com\/#\/schema\/person\/3f1b0a96e890d8cba89a76c7558a147c","name":"AR Digital Noticias","image":{"@type":"ImageObject","inLanguage":"es","@id":"https:\/\/secure.gravatar.com\/avatar\/55d1acd2f9cac74c99f42fcb5090c2f994204a6f6c571cf4c3001ae692cb9b34?s=96&d=mm&r=g","url":"https:\/\/secure.gravatar.com\/avatar\/55d1acd2f9cac74c99f42fcb5090c2f994204a6f6c571cf4c3001ae692cb9b34?s=96&d=mm&r=g","contentUrl":"https:\/\/secure.gravatar.com\/avatar\/55d1acd2f9cac74c99f42fcb5090c2f994204a6f6c571cf4c3001ae692cb9b34?s=96&d=mm&r=g","caption":"AR Digital Noticias"},"sameAs":["http:\/\/ardigitalnoticias.com"],"url":"https:\/\/ardigitalnoticias.com\/index.php\/author\/editorial\/"}]}},"_links":{"self":[{"href":"https:\/\/ardigitalnoticias.com\/index.php\/wp-json\/wp\/v2\/posts\/3946","targetHints":{"allow":["GET"]}}],"collection":[{"href":"https:\/\/ardigitalnoticias.com\/index.php\/wp-json\/wp\/v2\/posts"}],"about":[{"href":"https:\/\/ardigitalnoticias.com\/index.php\/wp-json\/wp\/v2\/types\/post"}],"author":[{"embeddable":true,"href":"https:\/\/ardigitalnoticias.com\/index.php\/wp-json\/wp\/v2\/users\/2"}],"replies":[{"embeddable":true,"href":"https:\/\/ardigitalnoticias.com\/index.php\/wp-json\/wp\/v2\/comments?post=3946"}],"version-history":[{"count":1,"href":"https:\/\/ardigitalnoticias.com\/index.php\/wp-json\/wp\/v2\/posts\/3946\/revisions"}],"predecessor-version":[{"id":3953,"href":"https:\/\/ardigitalnoticias.com\/index.php\/wp-json\/wp\/v2\/posts\/3946\/revisions\/3953"}],"wp:featuredmedia":[{"embeddable":true,"href":"https:\/\/ardigitalnoticias.com\/index.php\/wp-json\/wp\/v2\/media\/3952"}],"wp:attachment":[{"href":"https:\/\/ardigitalnoticias.com\/index.php\/wp-json\/wp\/v2\/media?parent=3946"}],"wp:term":[{"taxonomy":"category","embeddable":true,"href":"https:\/\/ardigitalnoticias.com\/index.php\/wp-json\/wp\/v2\/categories?post=3946"},{"taxonomy":"post_tag","embeddable":true,"href":"https:\/\/ardigitalnoticias.com\/index.php\/wp-json\/wp\/v2\/tags?post=3946"}],"curies":[{"name":"wp","href":"https:\/\/api.w.org\/{rel}","templated":true}]}}