{"id":3908,"date":"2024-03-26T10:14:49","date_gmt":"2024-03-26T15:14:49","guid":{"rendered":"https:\/\/ardigitalnoticias.com\/?p=3908"},"modified":"2024-03-26T10:14:51","modified_gmt":"2024-03-26T15:14:51","slug":"asesinado-en-plena-via-publica-en-neiva-revelan-detalles-del-crimen-y-detencion-del-presunto-responsable","status":"publish","type":"post","link":"https:\/\/ardigitalnoticias.com\/index.php\/2024\/03\/26\/asesinado-en-plena-via-publica-en-neiva-revelan-detalles-del-crimen-y-detencion-del-presunto-responsable\/","title":{"rendered":"ASESINADO EN PLENA V\u00cdA P\u00daBLICA EN NEIVA, REVELAN DETALLES DEL CRIMEN Y DETENCI\u00d3N DEL PRESUNTO RESPONSABLE"},"content":{"rendered":"\n<p>En un acto de intolerancia, Jhon Jairo Lugo perdi\u00f3 la vida tras recibir un disparo mortal en la comuna Nueve de Neiva.<\/p>\n\n\n\n<p><strong>POR: ANDR\u00c9S RODR\u00cdGUEZ. <\/strong><\/p>\n\n\n\n<p>Hern\u00e1n Dar\u00edo Cerquera Horta, conocido como \u2018Diomedes\u2019, fue arrestado como presunto responsable. Los motivos del asesinato apuntan a viejas disputas entre ambos.<\/p>\n\n\n<div class=\"wp-block-image\">\n<figure class=\"aligncenter size-large\"><img loading=\"lazy\" decoding=\"async\" width=\"964\" height=\"609\" src=\"https:\/\/ardigitalnoticias.com\/wp-content\/uploads\/2024\/03\/Screenshot_20240326_092715_Facebook-edited.png\" alt=\"\" class=\"wp-image-3911\" srcset=\"https:\/\/ardigitalnoticias.com\/wp-content\/uploads\/2024\/03\/Screenshot_20240326_092715_Facebook-edited.png 964w, https:\/\/ardigitalnoticias.com\/wp-content\/uploads\/2024\/03\/Screenshot_20240326_092715_Facebook-edited-300x190.png 300w, https:\/\/ardigitalnoticias.com\/wp-content\/uploads\/2024\/03\/Screenshot_20240326_092715_Facebook-edited-768x485.png 768w, https:\/\/ardigitalnoticias.com\/wp-content\/uploads\/2024\/03\/Screenshot_20240326_092715_Facebook-edited-150x95.png 150w, https:\/\/ardigitalnoticias.com\/wp-content\/uploads\/2024\/03\/Screenshot_20240326_092715_Facebook-edited-696x440.png 696w\" sizes=\"auto, (max-width: 964px) 100vw, 964px\" \/><figcaption class=\"wp-element-caption\"><strong>Jhon Jairo Lugo<\/strong><\/figcaption><\/figure>\n<\/div>\n\n\n<p>La tragedia se cierne sobre la capital del Huila con la muerte de Jhon Jairo Lugo, un ciudadano de 41 a\u00f1os residente del barrio Villa Colombia. El suceso, que refleja la creciente intolerancia social, ha dejado consternada a la comunidad neivana.<\/p>\n\n\n\n<p>Los hechos se desencadenaron el pasado domingo en plena v\u00eda p\u00fablica, en la calle 22 con carrera 1G, donde Jhon se vio envuelto en un altercado con su vecino, Hern\u00e1n Dar\u00edo Cerquera Horta, de 26 a\u00f1os.<\/p>\n\n\n\n<p>Tras una acalorada discusi\u00f3n, la pelea escal\u00f3 a agresiones f\u00edsicas, culminando en el presunto ataque armado por parte de Cerquera Horta, apodado \u2018Diomedes\u2019, contra Jhon Jairo Lugo.<\/p>\n\n\n\n<p>Las heridas resultantes llevaron a Jhon Jairo a un estado cr\u00edtico, siendo trasladado de urgencia a la cl\u00ednica Uros de Neiva. A pesar de los esfuerzos m\u00e9dicos, no logr\u00f3 sobrevivir a las dos impactantes lesiones de bala.<\/p>\n\n\n\n<p>La r\u00e1pida intervenci\u00f3n policial condujo a la captura de Hern\u00e1n Dar\u00edo, quien fue llevado ante la justicia para enfrentar cargos por homicidio. Mientras tanto, las autoridades forenses trabajan para esclarecer los detalles del crimen, mientras que la comunidad espera justicia para la v\u00edctima y su familia.<\/p>\n","protected":false},"excerpt":{"rendered":"<p>En un acto de intolerancia, Jhon Jairo Lugo perdi\u00f3 la vida tras recibir un disparo mortal en la comuna Nueve de Neiva. POR: ANDR\u00c9S RODR\u00cdGUEZ. Hern\u00e1n Dar\u00edo Cerquera Horta, conocido como \u2018Diomedes\u2019, fue arrestado como presunto responsable. Los motivos del asesinato apuntan a viejas disputas entre ambos. La tragedia se cierne sobre la capital del [&hellip;]<\/p>\n","protected":false},"author":2,"featured_media":3912,"comment_status":"open","ping_status":"open","sticky":false,"template":"","format":"standard","meta":{"_acf_changed":false,"_joinchat":[],"footnotes":""},"categories":[20,26,19],"tags":[],"class_list":{"0":"post-3908","1":"post","2":"type-post","3":"status-publish","4":"format-standard","5":"has-post-thumbnail","7":"category-judicial","8":"category-norte","9":"category-regional"},"acf":[],"yoast_head":"<!-- This site is optimized with the Yoast SEO plugin v27.4 - https:\/\/yoast.com\/product\/yoast-seo-wordpress\/ -->\n<title>ASESINADO EN PLENA V\u00cdA P\u00daBLICA EN NEIVA, REVELAN DETALLES DEL CRIMEN Y DETENCI\u00d3N DEL PRESUNTO RESPONSABLE - AR Digital Noticias<\/title>\n<meta name=\"robots\" content=\"index, follow, max-snippet:-1, max-image-preview:large, max-video-preview:-1\" \/>\n<link rel=\"canonical\" href=\"https:\/\/ardigitalnoticias.com\/index.php\/2024\/03\/26\/asesinado-en-plena-via-publica-en-neiva-revelan-detalles-del-crimen-y-detencion-del-presunto-responsable\/\" \/>\n<meta property=\"og:locale\" content=\"es_ES\" \/>\n<meta property=\"og:type\" content=\"article\" \/>\n<meta property=\"og:title\" content=\"ASESINADO EN PLENA V\u00cdA P\u00daBLICA EN NEIVA, REVELAN DETALLES DEL CRIMEN Y DETENCI\u00d3N DEL PRESUNTO RESPONSABLE - AR Digital Noticias\" \/>\n<meta property=\"og:description\" content=\"En un acto de intolerancia, Jhon Jairo Lugo perdi\u00f3 la vida tras recibir un disparo mortal en la comuna Nueve de Neiva. POR: ANDR\u00c9S RODR\u00cdGUEZ. Hern\u00e1n Dar\u00edo Cerquera Horta, conocido como \u2018Diomedes\u2019, fue arrestado como presunto responsable. Los motivos del asesinato apuntan a viejas disputas entre ambos. La tragedia se cierne sobre la capital del [&hellip;]\" \/>\n<meta property=\"og:url\" content=\"https:\/\/ardigitalnoticias.com\/index.php\/2024\/03\/26\/asesinado-en-plena-via-publica-en-neiva-revelan-detalles-del-crimen-y-detencion-del-presunto-responsable\/\" \/>\n<meta property=\"og:site_name\" content=\"AR Digital Noticias\" \/>\n<meta property=\"article:published_time\" content=\"2024-03-26T15:14:49+00:00\" \/>\n<meta property=\"article:modified_time\" content=\"2024-03-26T15:14:51+00:00\" \/>\n<meta property=\"og:image\" content=\"https:\/\/ardigitalnoticias.com\/wp-content\/uploads\/2024\/03\/InShot_20240326_100912068-scaled.jpg\" \/>\n\t<meta property=\"og:image:width\" content=\"2560\" \/>\n\t<meta property=\"og:image:height\" content=\"1439\" \/>\n\t<meta property=\"og:image:type\" content=\"image\/jpeg\" \/>\n<meta name=\"author\" content=\"AR Digital Noticias\" \/>\n<meta name=\"twitter:card\" content=\"summary_large_image\" \/>\n<meta name=\"twitter:label1\" content=\"Escrito por\" \/>\n\t<meta name=\"twitter:data1\" content=\"AR Digital Noticias\" \/>\n\t<meta name=\"twitter:label2\" content=\"Tiempo de lectura\" \/>\n\t<meta name=\"twitter:data2\" content=\"2 minutos\" \/>\n<script type=\"application\/ld+json\" class=\"yoast-schema-graph\">{\"@context\":\"https:\\\/\\\/schema.org\",\"@graph\":[{\"@type\":\"Article\",\"@id\":\"https:\\\/\\\/ardigitalnoticias.com\\\/index.php\\\/2024\\\/03\\\/26\\\/asesinado-en-plena-via-publica-en-neiva-revelan-detalles-del-crimen-y-detencion-del-presunto-responsable\\\/#article\",\"isPartOf\":{\"@id\":\"https:\\\/\\\/ardigitalnoticias.com\\\/index.php\\\/2024\\\/03\\\/26\\\/asesinado-en-plena-via-publica-en-neiva-revelan-detalles-del-crimen-y-detencion-del-presunto-responsable\\\/\"},\"author\":{\"name\":\"AR Digital Noticias\",\"@id\":\"https:\\\/\\\/ardigitalnoticias.com\\\/#\\\/schema\\\/person\\\/3f1b0a96e890d8cba89a76c7558a147c\"},\"headline\":\"ASESINADO EN PLENA V\u00cdA P\u00daBLICA EN NEIVA, REVELAN DETALLES DEL CRIMEN Y DETENCI\u00d3N DEL PRESUNTO RESPONSABLE\",\"datePublished\":\"2024-03-26T15:14:49+00:00\",\"dateModified\":\"2024-03-26T15:14:51+00:00\",\"mainEntityOfPage\":{\"@id\":\"https:\\\/\\\/ardigitalnoticias.com\\\/index.php\\\/2024\\\/03\\\/26\\\/asesinado-en-plena-via-publica-en-neiva-revelan-detalles-del-crimen-y-detencion-del-presunto-responsable\\\/\"},\"wordCount\":273,\"commentCount\":0,\"publisher\":{\"@id\":\"https:\\\/\\\/ardigitalnoticias.com\\\/#organization\"},\"image\":{\"@id\":\"https:\\\/\\\/ardigitalnoticias.com\\\/index.php\\\/2024\\\/03\\\/26\\\/asesinado-en-plena-via-publica-en-neiva-revelan-detalles-del-crimen-y-detencion-del-presunto-responsable\\\/#primaryimage\"},\"thumbnailUrl\":\"https:\\\/\\\/ardigitalnoticias.com\\\/wp-content\\\/uploads\\\/2024\\\/03\\\/InShot_20240326_100912068-scaled.jpg\",\"articleSection\":[\"Judicial\",\"Norte\",\"Regional\"],\"inLanguage\":\"es\",\"potentialAction\":[{\"@type\":\"CommentAction\",\"name\":\"Comment\",\"target\":[\"https:\\\/\\\/ardigitalnoticias.com\\\/index.php\\\/2024\\\/03\\\/26\\\/asesinado-en-plena-via-publica-en-neiva-revelan-detalles-del-crimen-y-detencion-del-presunto-responsable\\\/#respond\"]}]},{\"@type\":\"WebPage\",\"@id\":\"https:\\\/\\\/ardigitalnoticias.com\\\/index.php\\\/2024\\\/03\\\/26\\\/asesinado-en-plena-via-publica-en-neiva-revelan-detalles-del-crimen-y-detencion-del-presunto-responsable\\\/\",\"url\":\"https:\\\/\\\/ardigitalnoticias.com\\\/index.php\\\/2024\\\/03\\\/26\\\/asesinado-en-plena-via-publica-en-neiva-revelan-detalles-del-crimen-y-detencion-del-presunto-responsable\\\/\",\"name\":\"ASESINADO EN PLENA V\u00cdA P\u00daBLICA EN NEIVA, REVELAN DETALLES DEL CRIMEN Y DETENCI\u00d3N DEL PRESUNTO RESPONSABLE - AR Digital Noticias\",\"isPartOf\":{\"@id\":\"https:\\\/\\\/ardigitalnoticias.com\\\/#website\"},\"primaryImageOfPage\":{\"@id\":\"https:\\\/\\\/ardigitalnoticias.com\\\/index.php\\\/2024\\\/03\\\/26\\\/asesinado-en-plena-via-publica-en-neiva-revelan-detalles-del-crimen-y-detencion-del-presunto-responsable\\\/#primaryimage\"},\"image\":{\"@id\":\"https:\\\/\\\/ardigitalnoticias.com\\\/index.php\\\/2024\\\/03\\\/26\\\/asesinado-en-plena-via-publica-en-neiva-revelan-detalles-del-crimen-y-detencion-del-presunto-responsable\\\/#primaryimage\"},\"thumbnailUrl\":\"https:\\\/\\\/ardigitalnoticias.com\\\/wp-content\\\/uploads\\\/2024\\\/03\\\/InShot_20240326_100912068-scaled.jpg\",\"datePublished\":\"2024-03-26T15:14:49+00:00\",\"dateModified\":\"2024-03-26T15:14:51+00:00\",\"breadcrumb\":{\"@id\":\"https:\\\/\\\/ardigitalnoticias.com\\\/index.php\\\/2024\\\/03\\\/26\\\/asesinado-en-plena-via-publica-en-neiva-revelan-detalles-del-crimen-y-detencion-del-presunto-responsable\\\/#breadcrumb\"},\"inLanguage\":\"es\",\"potentialAction\":[{\"@type\":\"ReadAction\",\"target\":[\"https:\\\/\\\/ardigitalnoticias.com\\\/index.php\\\/2024\\\/03\\\/26\\\/asesinado-en-plena-via-publica-en-neiva-revelan-detalles-del-crimen-y-detencion-del-presunto-responsable\\\/\"]}]},{\"@type\":\"ImageObject\",\"inLanguage\":\"es\",\"@id\":\"https:\\\/\\\/ardigitalnoticias.com\\\/index.php\\\/2024\\\/03\\\/26\\\/asesinado-en-plena-via-publica-en-neiva-revelan-detalles-del-crimen-y-detencion-del-presunto-responsable\\\/#primaryimage\",\"url\":\"https:\\\/\\\/ardigitalnoticias.com\\\/wp-content\\\/uploads\\\/2024\\\/03\\\/InShot_20240326_100912068-scaled.jpg\",\"contentUrl\":\"https:\\\/\\\/ardigitalnoticias.com\\\/wp-content\\\/uploads\\\/2024\\\/03\\\/InShot_20240326_100912068-scaled.jpg\",\"width\":2560,\"height\":1439},{\"@type\":\"BreadcrumbList\",\"@id\":\"https:\\\/\\\/ardigitalnoticias.com\\\/index.php\\\/2024\\\/03\\\/26\\\/asesinado-en-plena-via-publica-en-neiva-revelan-detalles-del-crimen-y-detencion-del-presunto-responsable\\\/#breadcrumb\",\"itemListElement\":[{\"@type\":\"ListItem\",\"position\":1,\"name\":\"Portada\",\"item\":\"https:\\\/\\\/ardigitalnoticias.com\\\/\"},{\"@type\":\"ListItem\",\"position\":2,\"name\":\"ASESINADO EN PLENA V\u00cdA P\u00daBLICA EN NEIVA, REVELAN DETALLES DEL CRIMEN Y DETENCI\u00d3N DEL PRESUNTO RESPONSABLE\"}]},{\"@type\":\"WebSite\",\"@id\":\"https:\\\/\\\/ardigitalnoticias.com\\\/#website\",\"url\":\"https:\\\/\\\/ardigitalnoticias.com\\\/\",\"name\":\"AR Digital Noticias\",\"description\":\"\",\"publisher\":{\"@id\":\"https:\\\/\\\/ardigitalnoticias.com\\\/#organization\"},\"potentialAction\":[{\"@type\":\"SearchAction\",\"target\":{\"@type\":\"EntryPoint\",\"urlTemplate\":\"https:\\\/\\\/ardigitalnoticias.com\\\/?s={search_term_string}\"},\"query-input\":{\"@type\":\"PropertyValueSpecification\",\"valueRequired\":true,\"valueName\":\"search_term_string\"}}],\"inLanguage\":\"es\"},{\"@type\":\"Organization\",\"@id\":\"https:\\\/\\\/ardigitalnoticias.com\\\/#organization\",\"name\":\"AR Digital Noticias\",\"url\":\"https:\\\/\\\/ardigitalnoticias.com\\\/\",\"logo\":{\"@type\":\"ImageObject\",\"inLanguage\":\"es\",\"@id\":\"https:\\\/\\\/ardigitalnoticias.com\\\/#\\\/schema\\\/logo\\\/image\\\/\",\"url\":\"https:\\\/\\\/ardigitalnoticias.com\\\/wp-content\\\/uploads\\\/2023\\\/11\\\/cropped-cropped-cropped-cropped-AR-Digital-Noticias-1.png\",\"contentUrl\":\"https:\\\/\\\/ardigitalnoticias.com\\\/wp-content\\\/uploads\\\/2023\\\/11\\\/cropped-cropped-cropped-cropped-AR-Digital-Noticias-1.png\",\"width\":972,\"height\":306,\"caption\":\"AR Digital Noticias\"},\"image\":{\"@id\":\"https:\\\/\\\/ardigitalnoticias.com\\\/#\\\/schema\\\/logo\\\/image\\\/\"}},{\"@type\":\"Person\",\"@id\":\"https:\\\/\\\/ardigitalnoticias.com\\\/#\\\/schema\\\/person\\\/3f1b0a96e890d8cba89a76c7558a147c\",\"name\":\"AR Digital Noticias\",\"image\":{\"@type\":\"ImageObject\",\"inLanguage\":\"es\",\"@id\":\"https:\\\/\\\/secure.gravatar.com\\\/avatar\\\/55d1acd2f9cac74c99f42fcb5090c2f994204a6f6c571cf4c3001ae692cb9b34?s=96&d=mm&r=g\",\"url\":\"https:\\\/\\\/secure.gravatar.com\\\/avatar\\\/55d1acd2f9cac74c99f42fcb5090c2f994204a6f6c571cf4c3001ae692cb9b34?s=96&d=mm&r=g\",\"contentUrl\":\"https:\\\/\\\/secure.gravatar.com\\\/avatar\\\/55d1acd2f9cac74c99f42fcb5090c2f994204a6f6c571cf4c3001ae692cb9b34?s=96&d=mm&r=g\",\"caption\":\"AR Digital Noticias\"},\"sameAs\":[\"http:\\\/\\\/ardigitalnoticias.com\"],\"url\":\"https:\\\/\\\/ardigitalnoticias.com\\\/index.php\\\/author\\\/editorial\\\/\"}]}<\/script>\n<!-- \/ Yoast SEO plugin. -->","yoast_head_json":{"title":"ASESINADO EN PLENA V\u00cdA P\u00daBLICA EN NEIVA, REVELAN DETALLES DEL CRIMEN Y DETENCI\u00d3N DEL PRESUNTO RESPONSABLE - AR Digital Noticias","robots":{"index":"index","follow":"follow","max-snippet":"max-snippet:-1","max-image-preview":"max-image-preview:large","max-video-preview":"max-video-preview:-1"},"canonical":"https:\/\/ardigitalnoticias.com\/index.php\/2024\/03\/26\/asesinado-en-plena-via-publica-en-neiva-revelan-detalles-del-crimen-y-detencion-del-presunto-responsable\/","og_locale":"es_ES","og_type":"article","og_title":"ASESINADO EN PLENA V\u00cdA P\u00daBLICA EN NEIVA, REVELAN DETALLES DEL CRIMEN Y DETENCI\u00d3N DEL PRESUNTO RESPONSABLE - AR Digital Noticias","og_description":"En un acto de intolerancia, Jhon Jairo Lugo perdi\u00f3 la vida tras recibir un disparo mortal en la comuna Nueve de Neiva. POR: ANDR\u00c9S RODR\u00cdGUEZ. Hern\u00e1n Dar\u00edo Cerquera Horta, conocido como \u2018Diomedes\u2019, fue arrestado como presunto responsable. Los motivos del asesinato apuntan a viejas disputas entre ambos. La tragedia se cierne sobre la capital del [&hellip;]","og_url":"https:\/\/ardigitalnoticias.com\/index.php\/2024\/03\/26\/asesinado-en-plena-via-publica-en-neiva-revelan-detalles-del-crimen-y-detencion-del-presunto-responsable\/","og_site_name":"AR Digital Noticias","article_published_time":"2024-03-26T15:14:49+00:00","article_modified_time":"2024-03-26T15:14:51+00:00","og_image":[{"width":2560,"height":1439,"url":"https:\/\/ardigitalnoticias.com\/wp-content\/uploads\/2024\/03\/InShot_20240326_100912068-scaled.jpg","type":"image\/jpeg"}],"author":"AR Digital Noticias","twitter_card":"summary_large_image","twitter_misc":{"Escrito por":"AR Digital Noticias","Tiempo de lectura":"2 minutos"},"schema":{"@context":"https:\/\/schema.org","@graph":[{"@type":"Article","@id":"https:\/\/ardigitalnoticias.com\/index.php\/2024\/03\/26\/asesinado-en-plena-via-publica-en-neiva-revelan-detalles-del-crimen-y-detencion-del-presunto-responsable\/#article","isPartOf":{"@id":"https:\/\/ardigitalnoticias.com\/index.php\/2024\/03\/26\/asesinado-en-plena-via-publica-en-neiva-revelan-detalles-del-crimen-y-detencion-del-presunto-responsable\/"},"author":{"name":"AR Digital Noticias","@id":"https:\/\/ardigitalnoticias.com\/#\/schema\/person\/3f1b0a96e890d8cba89a76c7558a147c"},"headline":"ASESINADO EN PLENA V\u00cdA P\u00daBLICA EN NEIVA, REVELAN DETALLES DEL CRIMEN Y DETENCI\u00d3N DEL PRESUNTO RESPONSABLE","datePublished":"2024-03-26T15:14:49+00:00","dateModified":"2024-03-26T15:14:51+00:00","mainEntityOfPage":{"@id":"https:\/\/ardigitalnoticias.com\/index.php\/2024\/03\/26\/asesinado-en-plena-via-publica-en-neiva-revelan-detalles-del-crimen-y-detencion-del-presunto-responsable\/"},"wordCount":273,"commentCount":0,"publisher":{"@id":"https:\/\/ardigitalnoticias.com\/#organization"},"image":{"@id":"https:\/\/ardigitalnoticias.com\/index.php\/2024\/03\/26\/asesinado-en-plena-via-publica-en-neiva-revelan-detalles-del-crimen-y-detencion-del-presunto-responsable\/#primaryimage"},"thumbnailUrl":"https:\/\/ardigitalnoticias.com\/wp-content\/uploads\/2024\/03\/InShot_20240326_100912068-scaled.jpg","articleSection":["Judicial","Norte","Regional"],"inLanguage":"es","potentialAction":[{"@type":"CommentAction","name":"Comment","target":["https:\/\/ardigitalnoticias.com\/index.php\/2024\/03\/26\/asesinado-en-plena-via-publica-en-neiva-revelan-detalles-del-crimen-y-detencion-del-presunto-responsable\/#respond"]}]},{"@type":"WebPage","@id":"https:\/\/ardigitalnoticias.com\/index.php\/2024\/03\/26\/asesinado-en-plena-via-publica-en-neiva-revelan-detalles-del-crimen-y-detencion-del-presunto-responsable\/","url":"https:\/\/ardigitalnoticias.com\/index.php\/2024\/03\/26\/asesinado-en-plena-via-publica-en-neiva-revelan-detalles-del-crimen-y-detencion-del-presunto-responsable\/","name":"ASESINADO EN PLENA V\u00cdA P\u00daBLICA EN NEIVA, REVELAN DETALLES DEL CRIMEN Y DETENCI\u00d3N DEL PRESUNTO RESPONSABLE - AR Digital Noticias","isPartOf":{"@id":"https:\/\/ardigitalnoticias.com\/#website"},"primaryImageOfPage":{"@id":"https:\/\/ardigitalnoticias.com\/index.php\/2024\/03\/26\/asesinado-en-plena-via-publica-en-neiva-revelan-detalles-del-crimen-y-detencion-del-presunto-responsable\/#primaryimage"},"image":{"@id":"https:\/\/ardigitalnoticias.com\/index.php\/2024\/03\/26\/asesinado-en-plena-via-publica-en-neiva-revelan-detalles-del-crimen-y-detencion-del-presunto-responsable\/#primaryimage"},"thumbnailUrl":"https:\/\/ardigitalnoticias.com\/wp-content\/uploads\/2024\/03\/InShot_20240326_100912068-scaled.jpg","datePublished":"2024-03-26T15:14:49+00:00","dateModified":"2024-03-26T15:14:51+00:00","breadcrumb":{"@id":"https:\/\/ardigitalnoticias.com\/index.php\/2024\/03\/26\/asesinado-en-plena-via-publica-en-neiva-revelan-detalles-del-crimen-y-detencion-del-presunto-responsable\/#breadcrumb"},"inLanguage":"es","potentialAction":[{"@type":"ReadAction","target":["https:\/\/ardigitalnoticias.com\/index.php\/2024\/03\/26\/asesinado-en-plena-via-publica-en-neiva-revelan-detalles-del-crimen-y-detencion-del-presunto-responsable\/"]}]},{"@type":"ImageObject","inLanguage":"es","@id":"https:\/\/ardigitalnoticias.com\/index.php\/2024\/03\/26\/asesinado-en-plena-via-publica-en-neiva-revelan-detalles-del-crimen-y-detencion-del-presunto-responsable\/#primaryimage","url":"https:\/\/ardigitalnoticias.com\/wp-content\/uploads\/2024\/03\/InShot_20240326_100912068-scaled.jpg","contentUrl":"https:\/\/ardigitalnoticias.com\/wp-content\/uploads\/2024\/03\/InShot_20240326_100912068-scaled.jpg","width":2560,"height":1439},{"@type":"BreadcrumbList","@id":"https:\/\/ardigitalnoticias.com\/index.php\/2024\/03\/26\/asesinado-en-plena-via-publica-en-neiva-revelan-detalles-del-crimen-y-detencion-del-presunto-responsable\/#breadcrumb","itemListElement":[{"@type":"ListItem","position":1,"name":"Portada","item":"https:\/\/ardigitalnoticias.com\/"},{"@type":"ListItem","position":2,"name":"ASESINADO EN PLENA V\u00cdA P\u00daBLICA EN NEIVA, REVELAN DETALLES DEL CRIMEN Y DETENCI\u00d3N DEL PRESUNTO RESPONSABLE"}]},{"@type":"WebSite","@id":"https:\/\/ardigitalnoticias.com\/#website","url":"https:\/\/ardigitalnoticias.com\/","name":"AR Digital Noticias","description":"","publisher":{"@id":"https:\/\/ardigitalnoticias.com\/#organization"},"potentialAction":[{"@type":"SearchAction","target":{"@type":"EntryPoint","urlTemplate":"https:\/\/ardigitalnoticias.com\/?s={search_term_string}"},"query-input":{"@type":"PropertyValueSpecification","valueRequired":true,"valueName":"search_term_string"}}],"inLanguage":"es"},{"@type":"Organization","@id":"https:\/\/ardigitalnoticias.com\/#organization","name":"AR Digital Noticias","url":"https:\/\/ardigitalnoticias.com\/","logo":{"@type":"ImageObject","inLanguage":"es","@id":"https:\/\/ardigitalnoticias.com\/#\/schema\/logo\/image\/","url":"https:\/\/ardigitalnoticias.com\/wp-content\/uploads\/2023\/11\/cropped-cropped-cropped-cropped-AR-Digital-Noticias-1.png","contentUrl":"https:\/\/ardigitalnoticias.com\/wp-content\/uploads\/2023\/11\/cropped-cropped-cropped-cropped-AR-Digital-Noticias-1.png","width":972,"height":306,"caption":"AR Digital Noticias"},"image":{"@id":"https:\/\/ardigitalnoticias.com\/#\/schema\/logo\/image\/"}},{"@type":"Person","@id":"https:\/\/ardigitalnoticias.com\/#\/schema\/person\/3f1b0a96e890d8cba89a76c7558a147c","name":"AR Digital Noticias","image":{"@type":"ImageObject","inLanguage":"es","@id":"https:\/\/secure.gravatar.com\/avatar\/55d1acd2f9cac74c99f42fcb5090c2f994204a6f6c571cf4c3001ae692cb9b34?s=96&d=mm&r=g","url":"https:\/\/secure.gravatar.com\/avatar\/55d1acd2f9cac74c99f42fcb5090c2f994204a6f6c571cf4c3001ae692cb9b34?s=96&d=mm&r=g","contentUrl":"https:\/\/secure.gravatar.com\/avatar\/55d1acd2f9cac74c99f42fcb5090c2f994204a6f6c571cf4c3001ae692cb9b34?s=96&d=mm&r=g","caption":"AR Digital Noticias"},"sameAs":["http:\/\/ardigitalnoticias.com"],"url":"https:\/\/ardigitalnoticias.com\/index.php\/author\/editorial\/"}]}},"_links":{"self":[{"href":"https:\/\/ardigitalnoticias.com\/index.php\/wp-json\/wp\/v2\/posts\/3908","targetHints":{"allow":["GET"]}}],"collection":[{"href":"https:\/\/ardigitalnoticias.com\/index.php\/wp-json\/wp\/v2\/posts"}],"about":[{"href":"https:\/\/ardigitalnoticias.com\/index.php\/wp-json\/wp\/v2\/types\/post"}],"author":[{"embeddable":true,"href":"https:\/\/ardigitalnoticias.com\/index.php\/wp-json\/wp\/v2\/users\/2"}],"replies":[{"embeddable":true,"href":"https:\/\/ardigitalnoticias.com\/index.php\/wp-json\/wp\/v2\/comments?post=3908"}],"version-history":[{"count":1,"href":"https:\/\/ardigitalnoticias.com\/index.php\/wp-json\/wp\/v2\/posts\/3908\/revisions"}],"predecessor-version":[{"id":3913,"href":"https:\/\/ardigitalnoticias.com\/index.php\/wp-json\/wp\/v2\/posts\/3908\/revisions\/3913"}],"wp:featuredmedia":[{"embeddable":true,"href":"https:\/\/ardigitalnoticias.com\/index.php\/wp-json\/wp\/v2\/media\/3912"}],"wp:attachment":[{"href":"https:\/\/ardigitalnoticias.com\/index.php\/wp-json\/wp\/v2\/media?parent=3908"}],"wp:term":[{"taxonomy":"category","embeddable":true,"href":"https:\/\/ardigitalnoticias.com\/index.php\/wp-json\/wp\/v2\/categories?post=3908"},{"taxonomy":"post_tag","embeddable":true,"href":"https:\/\/ardigitalnoticias.com\/index.php\/wp-json\/wp\/v2\/tags?post=3908"}],"curies":[{"name":"wp","href":"https:\/\/api.w.org\/{rel}","templated":true}]}}