{"id":3757,"date":"2024-03-20T23:49:48","date_gmt":"2024-03-21T04:49:48","guid":{"rendered":"https:\/\/ardigitalnoticias.com\/?p=3757"},"modified":"2024-03-20T23:49:49","modified_gmt":"2024-03-21T04:49:49","slug":"continuan-los-asesinatos-en-el-municipio-de-la-plata-huila","status":"publish","type":"post","link":"https:\/\/ardigitalnoticias.com\/index.php\/2024\/03\/20\/continuan-los-asesinatos-en-el-municipio-de-la-plata-huila\/","title":{"rendered":"CONTIN\u00daAN LOS ASESINATOS EN EL MUNICIPIO DE LA PLATA &#8211; HUILA"},"content":{"rendered":"\n<p>En las \u00faltimas horas, la comunidad de la vereda San Isidro, se vio consternada por un nuevo hecho de violencia.<\/p>\n\n\n\n<p><strong>POR: ANDR\u00c9S RODR\u00cdGUEZ. <\/strong><\/p>\n\n\n\n<p>Se trata del asesinato de \u00c1lvaro Javier Alvarado Noriega, de 32 a\u00f1os de edad y natural del municipio de Palermo.<\/p>\n\n\n<div class=\"wp-block-image\">\n<figure class=\"aligncenter size-large\"><img loading=\"lazy\" decoding=\"async\" width=\"768\" height=\"1024\" src=\"https:\/\/ardigitalnoticias.com\/wp-content\/uploads\/2024\/03\/Photo_1710996252945-768x1024.jpg\" alt=\"\" class=\"wp-image-3759\" srcset=\"https:\/\/ardigitalnoticias.com\/wp-content\/uploads\/2024\/03\/Photo_1710996252945-768x1024.jpg 768w, https:\/\/ardigitalnoticias.com\/wp-content\/uploads\/2024\/03\/Photo_1710996252945-225x300.jpg 225w, https:\/\/ardigitalnoticias.com\/wp-content\/uploads\/2024\/03\/Photo_1710996252945-150x200.jpg 150w, https:\/\/ardigitalnoticias.com\/wp-content\/uploads\/2024\/03\/Photo_1710996252945-300x400.jpg 300w, https:\/\/ardigitalnoticias.com\/wp-content\/uploads\/2024\/03\/Photo_1710996252945-696x928.jpg 696w, https:\/\/ardigitalnoticias.com\/wp-content\/uploads\/2024\/03\/Photo_1710996252945-1068x1424.jpg 1068w, https:\/\/ardigitalnoticias.com\/wp-content\/uploads\/2024\/03\/Photo_1710996252945.jpg 1080w\" sizes=\"auto, (max-width: 768px) 100vw, 768px\" \/><figcaption class=\"wp-element-caption\"><strong>\u00c1lvaro Javier Alvarado Noriega<\/strong><\/figcaption><\/figure>\n<\/div>\n\n\n<p>Seg\u00fan se ha podido establecer, Alvarado Noriega se encontraba al interior de una vivienda del sector cuando fue atacado por sujetos desconocidos, quienes sin mediar palabra le dispararon varias veces con un arma de fuego, quit\u00e1ndole la vida de manera instant\u00e1nea y huyendo del lugar sin dejar rastro.<\/p>\n\n\n\n<p>Las autoridades locales han emprendido una investigaci\u00f3n exhaustiva para esclarecer los detalles y las circunstancias exactas de este asesinato. El objetivo primordial es identificar y capturar a los responsables de este crimen.<\/p>\n\n\n\n<p>De acuerdo con informaci\u00f3n preliminar, \u00c1lvaro Javier Alvarado Noriega se encontraba cumpliendo prisi\u00f3n domiciliaria en la ciudad de Neiva, con monitoreo electr\u00f3nico, y contaba con varios antecedentes penales. Esto a\u00f1ade un nuevo nivel de complejidad a la investigaci\u00f3n en curso.<\/p>\n\n\n\n<p>La poblaci\u00f3n local, consternada por este nuevo episodio de violencia, clama por medidas efectivas que garanticen la seguridad en la regi\u00f3n. Las autoridades, por su parte, han reforzado la presencia policial en la zona y han intensificado los esfuerzos para prevenir futuros actos delictivos.<\/p>\n\n\n<div class=\"wp-block-image\">\n<figure class=\"aligncenter size-full\"><img loading=\"lazy\" decoding=\"async\" width=\"960\" height=\"639\" src=\"https:\/\/ardigitalnoticias.com\/wp-content\/uploads\/2024\/03\/67713531_2434000550023342_8567954289408868352_n.jpg\" alt=\"\" class=\"wp-image-3758\" srcset=\"https:\/\/ardigitalnoticias.com\/wp-content\/uploads\/2024\/03\/67713531_2434000550023342_8567954289408868352_n.jpg 960w, https:\/\/ardigitalnoticias.com\/wp-content\/uploads\/2024\/03\/67713531_2434000550023342_8567954289408868352_n-300x200.jpg 300w, https:\/\/ardigitalnoticias.com\/wp-content\/uploads\/2024\/03\/67713531_2434000550023342_8567954289408868352_n-768x511.jpg 768w, https:\/\/ardigitalnoticias.com\/wp-content\/uploads\/2024\/03\/67713531_2434000550023342_8567954289408868352_n-150x100.jpg 150w, https:\/\/ardigitalnoticias.com\/wp-content\/uploads\/2024\/03\/67713531_2434000550023342_8567954289408868352_n-696x463.jpg 696w\" sizes=\"auto, (max-width: 960px) 100vw, 960px\" \/><\/figure>\n<\/div>","protected":false},"excerpt":{"rendered":"<p>En las \u00faltimas horas, la comunidad de la vereda San Isidro, se vio consternada por un nuevo hecho de violencia. POR: ANDR\u00c9S RODR\u00cdGUEZ. Se trata del asesinato de \u00c1lvaro Javier Alvarado Noriega, de 32 a\u00f1os de edad y natural del municipio de Palermo. Seg\u00fan se ha podido establecer, Alvarado Noriega se encontraba al interior de [&hellip;]<\/p>\n","protected":false},"author":2,"featured_media":3760,"comment_status":"open","ping_status":"open","sticky":false,"template":"","format":"standard","meta":{"_acf_changed":false,"_joinchat":[],"footnotes":""},"categories":[20,27,19],"tags":[],"class_list":{"0":"post-3757","1":"post","2":"type-post","3":"status-publish","4":"format-standard","5":"has-post-thumbnail","7":"category-judicial","8":"category-occidente","9":"category-regional"},"acf":[],"yoast_head":"<!-- This site is optimized with the Yoast SEO plugin v27.5 - https:\/\/yoast.com\/product\/yoast-seo-wordpress\/ -->\n<title>CONTIN\u00daAN LOS ASESINATOS EN EL MUNICIPIO DE LA PLATA - HUILA - AR Digital Noticias<\/title>\n<meta name=\"robots\" content=\"index, follow, max-snippet:-1, max-image-preview:large, max-video-preview:-1\" \/>\n<link rel=\"canonical\" href=\"https:\/\/ardigitalnoticias.com\/index.php\/2024\/03\/20\/continuan-los-asesinatos-en-el-municipio-de-la-plata-huila\/\" \/>\n<meta property=\"og:locale\" content=\"es_ES\" \/>\n<meta property=\"og:type\" content=\"article\" \/>\n<meta property=\"og:title\" content=\"CONTIN\u00daAN LOS ASESINATOS EN EL MUNICIPIO DE LA PLATA - HUILA - AR Digital Noticias\" \/>\n<meta property=\"og:description\" content=\"En las \u00faltimas horas, la comunidad de la vereda San Isidro, se vio consternada por un nuevo hecho de violencia. POR: ANDR\u00c9S RODR\u00cdGUEZ. Se trata del asesinato de \u00c1lvaro Javier Alvarado Noriega, de 32 a\u00f1os de edad y natural del municipio de Palermo. Seg\u00fan se ha podido establecer, Alvarado Noriega se encontraba al interior de [&hellip;]\" \/>\n<meta property=\"og:url\" content=\"https:\/\/ardigitalnoticias.com\/index.php\/2024\/03\/20\/continuan-los-asesinatos-en-el-municipio-de-la-plata-huila\/\" \/>\n<meta property=\"og:site_name\" content=\"AR Digital Noticias\" \/>\n<meta property=\"article:published_time\" content=\"2024-03-21T04:49:48+00:00\" \/>\n<meta property=\"article:modified_time\" content=\"2024-03-21T04:49:49+00:00\" \/>\n<meta property=\"og:image\" content=\"https:\/\/ardigitalnoticias.com\/wp-content\/uploads\/2024\/03\/InShot_20240320_234005313-scaled.jpg\" \/>\n\t<meta property=\"og:image:width\" content=\"2560\" \/>\n\t<meta property=\"og:image:height\" content=\"1437\" \/>\n\t<meta property=\"og:image:type\" content=\"image\/jpeg\" \/>\n<meta name=\"author\" content=\"AR Digital Noticias\" \/>\n<meta name=\"twitter:card\" content=\"summary_large_image\" \/>\n<meta name=\"twitter:label1\" content=\"Escrito por\" \/>\n\t<meta name=\"twitter:data1\" content=\"AR Digital Noticias\" \/>\n\t<meta name=\"twitter:label2\" content=\"Tiempo de lectura\" \/>\n\t<meta name=\"twitter:data2\" content=\"2 minutos\" \/>\n<script type=\"application\/ld+json\" class=\"yoast-schema-graph\">{\"@context\":\"https:\\\/\\\/schema.org\",\"@graph\":[{\"@type\":\"Article\",\"@id\":\"https:\\\/\\\/ardigitalnoticias.com\\\/index.php\\\/2024\\\/03\\\/20\\\/continuan-los-asesinatos-en-el-municipio-de-la-plata-huila\\\/#article\",\"isPartOf\":{\"@id\":\"https:\\\/\\\/ardigitalnoticias.com\\\/index.php\\\/2024\\\/03\\\/20\\\/continuan-los-asesinatos-en-el-municipio-de-la-plata-huila\\\/\"},\"author\":{\"name\":\"AR Digital Noticias\",\"@id\":\"https:\\\/\\\/ardigitalnoticias.com\\\/#\\\/schema\\\/person\\\/3f1b0a96e890d8cba89a76c7558a147c\"},\"headline\":\"CONTIN\u00daAN LOS ASESINATOS EN EL MUNICIPIO DE LA PLATA &#8211; HUILA\",\"datePublished\":\"2024-03-21T04:49:48+00:00\",\"dateModified\":\"2024-03-21T04:49:49+00:00\",\"mainEntityOfPage\":{\"@id\":\"https:\\\/\\\/ardigitalnoticias.com\\\/index.php\\\/2024\\\/03\\\/20\\\/continuan-los-asesinatos-en-el-municipio-de-la-plata-huila\\\/\"},\"wordCount\":236,\"commentCount\":0,\"publisher\":{\"@id\":\"https:\\\/\\\/ardigitalnoticias.com\\\/#organization\"},\"image\":{\"@id\":\"https:\\\/\\\/ardigitalnoticias.com\\\/index.php\\\/2024\\\/03\\\/20\\\/continuan-los-asesinatos-en-el-municipio-de-la-plata-huila\\\/#primaryimage\"},\"thumbnailUrl\":\"https:\\\/\\\/ardigitalnoticias.com\\\/wp-content\\\/uploads\\\/2024\\\/03\\\/InShot_20240320_234005313-scaled.jpg\",\"articleSection\":[\"Judicial\",\"Occidente\",\"Regional\"],\"inLanguage\":\"es\",\"potentialAction\":[{\"@type\":\"CommentAction\",\"name\":\"Comment\",\"target\":[\"https:\\\/\\\/ardigitalnoticias.com\\\/index.php\\\/2024\\\/03\\\/20\\\/continuan-los-asesinatos-en-el-municipio-de-la-plata-huila\\\/#respond\"]}]},{\"@type\":\"WebPage\",\"@id\":\"https:\\\/\\\/ardigitalnoticias.com\\\/index.php\\\/2024\\\/03\\\/20\\\/continuan-los-asesinatos-en-el-municipio-de-la-plata-huila\\\/\",\"url\":\"https:\\\/\\\/ardigitalnoticias.com\\\/index.php\\\/2024\\\/03\\\/20\\\/continuan-los-asesinatos-en-el-municipio-de-la-plata-huila\\\/\",\"name\":\"CONTIN\u00daAN LOS ASESINATOS EN EL MUNICIPIO DE LA PLATA - HUILA - AR Digital Noticias\",\"isPartOf\":{\"@id\":\"https:\\\/\\\/ardigitalnoticias.com\\\/#website\"},\"primaryImageOfPage\":{\"@id\":\"https:\\\/\\\/ardigitalnoticias.com\\\/index.php\\\/2024\\\/03\\\/20\\\/continuan-los-asesinatos-en-el-municipio-de-la-plata-huila\\\/#primaryimage\"},\"image\":{\"@id\":\"https:\\\/\\\/ardigitalnoticias.com\\\/index.php\\\/2024\\\/03\\\/20\\\/continuan-los-asesinatos-en-el-municipio-de-la-plata-huila\\\/#primaryimage\"},\"thumbnailUrl\":\"https:\\\/\\\/ardigitalnoticias.com\\\/wp-content\\\/uploads\\\/2024\\\/03\\\/InShot_20240320_234005313-scaled.jpg\",\"datePublished\":\"2024-03-21T04:49:48+00:00\",\"dateModified\":\"2024-03-21T04:49:49+00:00\",\"breadcrumb\":{\"@id\":\"https:\\\/\\\/ardigitalnoticias.com\\\/index.php\\\/2024\\\/03\\\/20\\\/continuan-los-asesinatos-en-el-municipio-de-la-plata-huila\\\/#breadcrumb\"},\"inLanguage\":\"es\",\"potentialAction\":[{\"@type\":\"ReadAction\",\"target\":[\"https:\\\/\\\/ardigitalnoticias.com\\\/index.php\\\/2024\\\/03\\\/20\\\/continuan-los-asesinatos-en-el-municipio-de-la-plata-huila\\\/\"]}]},{\"@type\":\"ImageObject\",\"inLanguage\":\"es\",\"@id\":\"https:\\\/\\\/ardigitalnoticias.com\\\/index.php\\\/2024\\\/03\\\/20\\\/continuan-los-asesinatos-en-el-municipio-de-la-plata-huila\\\/#primaryimage\",\"url\":\"https:\\\/\\\/ardigitalnoticias.com\\\/wp-content\\\/uploads\\\/2024\\\/03\\\/InShot_20240320_234005313-scaled.jpg\",\"contentUrl\":\"https:\\\/\\\/ardigitalnoticias.com\\\/wp-content\\\/uploads\\\/2024\\\/03\\\/InShot_20240320_234005313-scaled.jpg\",\"width\":2560,\"height\":1437},{\"@type\":\"BreadcrumbList\",\"@id\":\"https:\\\/\\\/ardigitalnoticias.com\\\/index.php\\\/2024\\\/03\\\/20\\\/continuan-los-asesinatos-en-el-municipio-de-la-plata-huila\\\/#breadcrumb\",\"itemListElement\":[{\"@type\":\"ListItem\",\"position\":1,\"name\":\"Portada\",\"item\":\"https:\\\/\\\/ardigitalnoticias.com\\\/\"},{\"@type\":\"ListItem\",\"position\":2,\"name\":\"CONTIN\u00daAN LOS ASESINATOS EN EL MUNICIPIO DE LA PLATA &#8211; HUILA\"}]},{\"@type\":\"WebSite\",\"@id\":\"https:\\\/\\\/ardigitalnoticias.com\\\/#website\",\"url\":\"https:\\\/\\\/ardigitalnoticias.com\\\/\",\"name\":\"AR Digital Noticias\",\"description\":\"\",\"publisher\":{\"@id\":\"https:\\\/\\\/ardigitalnoticias.com\\\/#organization\"},\"potentialAction\":[{\"@type\":\"SearchAction\",\"target\":{\"@type\":\"EntryPoint\",\"urlTemplate\":\"https:\\\/\\\/ardigitalnoticias.com\\\/?s={search_term_string}\"},\"query-input\":{\"@type\":\"PropertyValueSpecification\",\"valueRequired\":true,\"valueName\":\"search_term_string\"}}],\"inLanguage\":\"es\"},{\"@type\":\"Organization\",\"@id\":\"https:\\\/\\\/ardigitalnoticias.com\\\/#organization\",\"name\":\"AR Digital Noticias\",\"url\":\"https:\\\/\\\/ardigitalnoticias.com\\\/\",\"logo\":{\"@type\":\"ImageObject\",\"inLanguage\":\"es\",\"@id\":\"https:\\\/\\\/ardigitalnoticias.com\\\/#\\\/schema\\\/logo\\\/image\\\/\",\"url\":\"https:\\\/\\\/ardigitalnoticias.com\\\/wp-content\\\/uploads\\\/2023\\\/11\\\/cropped-cropped-cropped-cropped-AR-Digital-Noticias-1.png\",\"contentUrl\":\"https:\\\/\\\/ardigitalnoticias.com\\\/wp-content\\\/uploads\\\/2023\\\/11\\\/cropped-cropped-cropped-cropped-AR-Digital-Noticias-1.png\",\"width\":972,\"height\":306,\"caption\":\"AR Digital Noticias\"},\"image\":{\"@id\":\"https:\\\/\\\/ardigitalnoticias.com\\\/#\\\/schema\\\/logo\\\/image\\\/\"}},{\"@type\":\"Person\",\"@id\":\"https:\\\/\\\/ardigitalnoticias.com\\\/#\\\/schema\\\/person\\\/3f1b0a96e890d8cba89a76c7558a147c\",\"name\":\"AR Digital Noticias\",\"image\":{\"@type\":\"ImageObject\",\"inLanguage\":\"es\",\"@id\":\"https:\\\/\\\/secure.gravatar.com\\\/avatar\\\/55d1acd2f9cac74c99f42fcb5090c2f994204a6f6c571cf4c3001ae692cb9b34?s=96&d=mm&r=g\",\"url\":\"https:\\\/\\\/secure.gravatar.com\\\/avatar\\\/55d1acd2f9cac74c99f42fcb5090c2f994204a6f6c571cf4c3001ae692cb9b34?s=96&d=mm&r=g\",\"contentUrl\":\"https:\\\/\\\/secure.gravatar.com\\\/avatar\\\/55d1acd2f9cac74c99f42fcb5090c2f994204a6f6c571cf4c3001ae692cb9b34?s=96&d=mm&r=g\",\"caption\":\"AR Digital Noticias\"},\"sameAs\":[\"http:\\\/\\\/ardigitalnoticias.com\"],\"url\":\"https:\\\/\\\/ardigitalnoticias.com\\\/index.php\\\/author\\\/editorial\\\/\"}]}<\/script>\n<!-- \/ Yoast SEO plugin. -->","yoast_head_json":{"title":"CONTIN\u00daAN LOS ASESINATOS EN EL MUNICIPIO DE LA PLATA - HUILA - AR Digital Noticias","robots":{"index":"index","follow":"follow","max-snippet":"max-snippet:-1","max-image-preview":"max-image-preview:large","max-video-preview":"max-video-preview:-1"},"canonical":"https:\/\/ardigitalnoticias.com\/index.php\/2024\/03\/20\/continuan-los-asesinatos-en-el-municipio-de-la-plata-huila\/","og_locale":"es_ES","og_type":"article","og_title":"CONTIN\u00daAN LOS ASESINATOS EN EL MUNICIPIO DE LA PLATA - HUILA - AR Digital Noticias","og_description":"En las \u00faltimas horas, la comunidad de la vereda San Isidro, se vio consternada por un nuevo hecho de violencia. POR: ANDR\u00c9S RODR\u00cdGUEZ. Se trata del asesinato de \u00c1lvaro Javier Alvarado Noriega, de 32 a\u00f1os de edad y natural del municipio de Palermo. Seg\u00fan se ha podido establecer, Alvarado Noriega se encontraba al interior de [&hellip;]","og_url":"https:\/\/ardigitalnoticias.com\/index.php\/2024\/03\/20\/continuan-los-asesinatos-en-el-municipio-de-la-plata-huila\/","og_site_name":"AR Digital Noticias","article_published_time":"2024-03-21T04:49:48+00:00","article_modified_time":"2024-03-21T04:49:49+00:00","og_image":[{"width":2560,"height":1437,"url":"https:\/\/ardigitalnoticias.com\/wp-content\/uploads\/2024\/03\/InShot_20240320_234005313-scaled.jpg","type":"image\/jpeg"}],"author":"AR Digital Noticias","twitter_card":"summary_large_image","twitter_misc":{"Escrito por":"AR Digital Noticias","Tiempo de lectura":"2 minutos"},"schema":{"@context":"https:\/\/schema.org","@graph":[{"@type":"Article","@id":"https:\/\/ardigitalnoticias.com\/index.php\/2024\/03\/20\/continuan-los-asesinatos-en-el-municipio-de-la-plata-huila\/#article","isPartOf":{"@id":"https:\/\/ardigitalnoticias.com\/index.php\/2024\/03\/20\/continuan-los-asesinatos-en-el-municipio-de-la-plata-huila\/"},"author":{"name":"AR Digital Noticias","@id":"https:\/\/ardigitalnoticias.com\/#\/schema\/person\/3f1b0a96e890d8cba89a76c7558a147c"},"headline":"CONTIN\u00daAN LOS ASESINATOS EN EL MUNICIPIO DE LA PLATA &#8211; HUILA","datePublished":"2024-03-21T04:49:48+00:00","dateModified":"2024-03-21T04:49:49+00:00","mainEntityOfPage":{"@id":"https:\/\/ardigitalnoticias.com\/index.php\/2024\/03\/20\/continuan-los-asesinatos-en-el-municipio-de-la-plata-huila\/"},"wordCount":236,"commentCount":0,"publisher":{"@id":"https:\/\/ardigitalnoticias.com\/#organization"},"image":{"@id":"https:\/\/ardigitalnoticias.com\/index.php\/2024\/03\/20\/continuan-los-asesinatos-en-el-municipio-de-la-plata-huila\/#primaryimage"},"thumbnailUrl":"https:\/\/ardigitalnoticias.com\/wp-content\/uploads\/2024\/03\/InShot_20240320_234005313-scaled.jpg","articleSection":["Judicial","Occidente","Regional"],"inLanguage":"es","potentialAction":[{"@type":"CommentAction","name":"Comment","target":["https:\/\/ardigitalnoticias.com\/index.php\/2024\/03\/20\/continuan-los-asesinatos-en-el-municipio-de-la-plata-huila\/#respond"]}]},{"@type":"WebPage","@id":"https:\/\/ardigitalnoticias.com\/index.php\/2024\/03\/20\/continuan-los-asesinatos-en-el-municipio-de-la-plata-huila\/","url":"https:\/\/ardigitalnoticias.com\/index.php\/2024\/03\/20\/continuan-los-asesinatos-en-el-municipio-de-la-plata-huila\/","name":"CONTIN\u00daAN LOS ASESINATOS EN EL MUNICIPIO DE LA PLATA - HUILA - AR Digital Noticias","isPartOf":{"@id":"https:\/\/ardigitalnoticias.com\/#website"},"primaryImageOfPage":{"@id":"https:\/\/ardigitalnoticias.com\/index.php\/2024\/03\/20\/continuan-los-asesinatos-en-el-municipio-de-la-plata-huila\/#primaryimage"},"image":{"@id":"https:\/\/ardigitalnoticias.com\/index.php\/2024\/03\/20\/continuan-los-asesinatos-en-el-municipio-de-la-plata-huila\/#primaryimage"},"thumbnailUrl":"https:\/\/ardigitalnoticias.com\/wp-content\/uploads\/2024\/03\/InShot_20240320_234005313-scaled.jpg","datePublished":"2024-03-21T04:49:48+00:00","dateModified":"2024-03-21T04:49:49+00:00","breadcrumb":{"@id":"https:\/\/ardigitalnoticias.com\/index.php\/2024\/03\/20\/continuan-los-asesinatos-en-el-municipio-de-la-plata-huila\/#breadcrumb"},"inLanguage":"es","potentialAction":[{"@type":"ReadAction","target":["https:\/\/ardigitalnoticias.com\/index.php\/2024\/03\/20\/continuan-los-asesinatos-en-el-municipio-de-la-plata-huila\/"]}]},{"@type":"ImageObject","inLanguage":"es","@id":"https:\/\/ardigitalnoticias.com\/index.php\/2024\/03\/20\/continuan-los-asesinatos-en-el-municipio-de-la-plata-huila\/#primaryimage","url":"https:\/\/ardigitalnoticias.com\/wp-content\/uploads\/2024\/03\/InShot_20240320_234005313-scaled.jpg","contentUrl":"https:\/\/ardigitalnoticias.com\/wp-content\/uploads\/2024\/03\/InShot_20240320_234005313-scaled.jpg","width":2560,"height":1437},{"@type":"BreadcrumbList","@id":"https:\/\/ardigitalnoticias.com\/index.php\/2024\/03\/20\/continuan-los-asesinatos-en-el-municipio-de-la-plata-huila\/#breadcrumb","itemListElement":[{"@type":"ListItem","position":1,"name":"Portada","item":"https:\/\/ardigitalnoticias.com\/"},{"@type":"ListItem","position":2,"name":"CONTIN\u00daAN LOS ASESINATOS EN EL MUNICIPIO DE LA PLATA &#8211; HUILA"}]},{"@type":"WebSite","@id":"https:\/\/ardigitalnoticias.com\/#website","url":"https:\/\/ardigitalnoticias.com\/","name":"AR Digital Noticias","description":"","publisher":{"@id":"https:\/\/ardigitalnoticias.com\/#organization"},"potentialAction":[{"@type":"SearchAction","target":{"@type":"EntryPoint","urlTemplate":"https:\/\/ardigitalnoticias.com\/?s={search_term_string}"},"query-input":{"@type":"PropertyValueSpecification","valueRequired":true,"valueName":"search_term_string"}}],"inLanguage":"es"},{"@type":"Organization","@id":"https:\/\/ardigitalnoticias.com\/#organization","name":"AR Digital Noticias","url":"https:\/\/ardigitalnoticias.com\/","logo":{"@type":"ImageObject","inLanguage":"es","@id":"https:\/\/ardigitalnoticias.com\/#\/schema\/logo\/image\/","url":"https:\/\/ardigitalnoticias.com\/wp-content\/uploads\/2023\/11\/cropped-cropped-cropped-cropped-AR-Digital-Noticias-1.png","contentUrl":"https:\/\/ardigitalnoticias.com\/wp-content\/uploads\/2023\/11\/cropped-cropped-cropped-cropped-AR-Digital-Noticias-1.png","width":972,"height":306,"caption":"AR Digital Noticias"},"image":{"@id":"https:\/\/ardigitalnoticias.com\/#\/schema\/logo\/image\/"}},{"@type":"Person","@id":"https:\/\/ardigitalnoticias.com\/#\/schema\/person\/3f1b0a96e890d8cba89a76c7558a147c","name":"AR Digital Noticias","image":{"@type":"ImageObject","inLanguage":"es","@id":"https:\/\/secure.gravatar.com\/avatar\/55d1acd2f9cac74c99f42fcb5090c2f994204a6f6c571cf4c3001ae692cb9b34?s=96&d=mm&r=g","url":"https:\/\/secure.gravatar.com\/avatar\/55d1acd2f9cac74c99f42fcb5090c2f994204a6f6c571cf4c3001ae692cb9b34?s=96&d=mm&r=g","contentUrl":"https:\/\/secure.gravatar.com\/avatar\/55d1acd2f9cac74c99f42fcb5090c2f994204a6f6c571cf4c3001ae692cb9b34?s=96&d=mm&r=g","caption":"AR Digital Noticias"},"sameAs":["http:\/\/ardigitalnoticias.com"],"url":"https:\/\/ardigitalnoticias.com\/index.php\/author\/editorial\/"}]}},"_links":{"self":[{"href":"https:\/\/ardigitalnoticias.com\/index.php\/wp-json\/wp\/v2\/posts\/3757","targetHints":{"allow":["GET"]}}],"collection":[{"href":"https:\/\/ardigitalnoticias.com\/index.php\/wp-json\/wp\/v2\/posts"}],"about":[{"href":"https:\/\/ardigitalnoticias.com\/index.php\/wp-json\/wp\/v2\/types\/post"}],"author":[{"embeddable":true,"href":"https:\/\/ardigitalnoticias.com\/index.php\/wp-json\/wp\/v2\/users\/2"}],"replies":[{"embeddable":true,"href":"https:\/\/ardigitalnoticias.com\/index.php\/wp-json\/wp\/v2\/comments?post=3757"}],"version-history":[{"count":1,"href":"https:\/\/ardigitalnoticias.com\/index.php\/wp-json\/wp\/v2\/posts\/3757\/revisions"}],"predecessor-version":[{"id":3761,"href":"https:\/\/ardigitalnoticias.com\/index.php\/wp-json\/wp\/v2\/posts\/3757\/revisions\/3761"}],"wp:featuredmedia":[{"embeddable":true,"href":"https:\/\/ardigitalnoticias.com\/index.php\/wp-json\/wp\/v2\/media\/3760"}],"wp:attachment":[{"href":"https:\/\/ardigitalnoticias.com\/index.php\/wp-json\/wp\/v2\/media?parent=3757"}],"wp:term":[{"taxonomy":"category","embeddable":true,"href":"https:\/\/ardigitalnoticias.com\/index.php\/wp-json\/wp\/v2\/categories?post=3757"},{"taxonomy":"post_tag","embeddable":true,"href":"https:\/\/ardigitalnoticias.com\/index.php\/wp-json\/wp\/v2\/tags?post=3757"}],"curies":[{"name":"wp","href":"https:\/\/api.w.org\/{rel}","templated":true}]}}