{"id":3315,"date":"2024-03-06T09:29:24","date_gmt":"2024-03-06T14:29:24","guid":{"rendered":"https:\/\/ardigitalnoticias.com\/?p=3315"},"modified":"2024-03-06T09:29:25","modified_gmt":"2024-03-06T14:29:25","slug":"concejal-chirly-yohanna-lamilla-impulsa-proyecto-para-mejorar-calidad-de-vida-en-barrio-riveras-de-garzon","status":"publish","type":"post","link":"https:\/\/ardigitalnoticias.com\/index.php\/2024\/03\/06\/concejal-chirly-yohanna-lamilla-impulsa-proyecto-para-mejorar-calidad-de-vida-en-barrio-riveras-de-garzon\/","title":{"rendered":"CONCEJAL CHIRLY YOHANNA LAMILLA IMPULSA PROYECTO PARA MEJORAR CALIDAD DE VIDA EN BARRIO RIVERAS DE GARZ\u00d3N"},"content":{"rendered":"\n<p>En una destacada labor de gesti\u00f3n, la Concejal Chirly Yohanna Lamilla ha logrado iniciar la ejecuci\u00f3n del proyecto de Construcci\u00f3n y Adecuaci\u00f3n del Parque Infantil en el Barrio Riveras de Garz\u00f3n, ante la Gobernaci\u00f3n del Huila durante la administraci\u00f3n anterior.<\/p>\n\n\n\n<p><strong>POR: ANDR\u00c9S RODR\u00cdGUEZ. <\/strong><\/p>\n\n\n<div class=\"wp-block-image\">\n<figure class=\"aligncenter size-large\"><img loading=\"lazy\" decoding=\"async\" width=\"768\" height=\"1024\" src=\"https:\/\/ardigitalnoticias.com\/wp-content\/uploads\/2024\/03\/IMG-20240301-WA1224-768x1024.jpg\" alt=\"\" class=\"wp-image-3317\" srcset=\"https:\/\/ardigitalnoticias.com\/wp-content\/uploads\/2024\/03\/IMG-20240301-WA1224-768x1024.jpg 768w, https:\/\/ardigitalnoticias.com\/wp-content\/uploads\/2024\/03\/IMG-20240301-WA1224-225x300.jpg 225w, https:\/\/ardigitalnoticias.com\/wp-content\/uploads\/2024\/03\/IMG-20240301-WA1224-150x200.jpg 150w, https:\/\/ardigitalnoticias.com\/wp-content\/uploads\/2024\/03\/IMG-20240301-WA1224-300x400.jpg 300w, https:\/\/ardigitalnoticias.com\/wp-content\/uploads\/2024\/03\/IMG-20240301-WA1224-696x928.jpg 696w, https:\/\/ardigitalnoticias.com\/wp-content\/uploads\/2024\/03\/IMG-20240301-WA1224.jpg 960w\" sizes=\"auto, (max-width: 768px) 100vw, 768px\" \/><\/figure>\n<\/div>\n\n\n<p>Este proyecto, de suma importancia para la comunidad, busca mejorar significativamente las condiciones y la calidad de vida de los residentes en esta zona.<\/p>\n\n\n\n<p>El impacto social de esta obra es considerable, ya que no solo proporcionar\u00e1 un espacio de esparcimiento y recreaci\u00f3n para ni\u00f1os, j\u00f3venes y adultos, sino que tambi\u00e9n contribuir\u00e1 a reducir los \u00edndices de insalubridad y promover\u00e1 h\u00e1bitos de vida saludables. La pr\u00e1ctica deportiva, recreativa y cultural que fomentar\u00e1 el nuevo parque ayudar\u00e1 a disminuir el consumo de alcohol y tabaco, as\u00ed como a prevenir enfermedades cardiovasculares y otros problemas de salud.<\/p>\n\n\n<div class=\"wp-block-image\">\n<figure class=\"aligncenter size-large\"><img loading=\"lazy\" decoding=\"async\" width=\"1024\" height=\"768\" src=\"https:\/\/ardigitalnoticias.com\/wp-content\/uploads\/2024\/03\/IMG-20240301-WA1221-1024x768.jpg\" alt=\"\" class=\"wp-image-3319\" srcset=\"https:\/\/ardigitalnoticias.com\/wp-content\/uploads\/2024\/03\/IMG-20240301-WA1221-1024x768.jpg 1024w, https:\/\/ardigitalnoticias.com\/wp-content\/uploads\/2024\/03\/IMG-20240301-WA1221-300x225.jpg 300w, https:\/\/ardigitalnoticias.com\/wp-content\/uploads\/2024\/03\/IMG-20240301-WA1221-768x576.jpg 768w, https:\/\/ardigitalnoticias.com\/wp-content\/uploads\/2024\/03\/IMG-20240301-WA1221-1536x1152.jpg 1536w, https:\/\/ardigitalnoticias.com\/wp-content\/uploads\/2024\/03\/IMG-20240301-WA1221-150x113.jpg 150w, https:\/\/ardigitalnoticias.com\/wp-content\/uploads\/2024\/03\/IMG-20240301-WA1221-696x522.jpg 696w, https:\/\/ardigitalnoticias.com\/wp-content\/uploads\/2024\/03\/IMG-20240301-WA1221-1068x801.jpg 1068w, https:\/\/ardigitalnoticias.com\/wp-content\/uploads\/2024\/03\/IMG-20240301-WA1221.jpg 1600w\" sizes=\"auto, (max-width: 1024px) 100vw, 1024px\" \/><\/figure>\n<\/div>\n\n\n<p>En cuanto a los detalles t\u00e9cnicos del proyecto, se prev\u00e9 la instalaci\u00f3n de equipos infantiles incluyentes y la construcci\u00f3n de una placa de concreto de contra piso, garantizando as\u00ed la seguridad y la accesibilidad para todos los usuarios. Adem\u00e1s, se utilizar\u00e1 pintura de alto tr\u00e1fico seg\u00fan los detalles arquitect\u00f3nicos, asegurando la durabilidad y el mantenimiento adecuado del parque a lo largo del tiempo. <\/p>\n\n\n\n<figure class=\"wp-block-image size-large\"><img loading=\"lazy\" decoding=\"async\" width=\"1024\" height=\"702\" src=\"https:\/\/ardigitalnoticias.com\/wp-content\/uploads\/2024\/03\/IMG-20240301-WA12191-1024x702.jpg\" alt=\"\" class=\"wp-image-3318\" srcset=\"https:\/\/ardigitalnoticias.com\/wp-content\/uploads\/2024\/03\/IMG-20240301-WA12191-1024x702.jpg 1024w, https:\/\/ardigitalnoticias.com\/wp-content\/uploads\/2024\/03\/IMG-20240301-WA12191-300x206.jpg 300w, https:\/\/ardigitalnoticias.com\/wp-content\/uploads\/2024\/03\/IMG-20240301-WA12191-768x527.jpg 768w, https:\/\/ardigitalnoticias.com\/wp-content\/uploads\/2024\/03\/IMG-20240301-WA12191-150x103.jpg 150w, https:\/\/ardigitalnoticias.com\/wp-content\/uploads\/2024\/03\/IMG-20240301-WA12191-218x150.jpg 218w, https:\/\/ardigitalnoticias.com\/wp-content\/uploads\/2024\/03\/IMG-20240301-WA12191-696x477.jpg 696w, https:\/\/ardigitalnoticias.com\/wp-content\/uploads\/2024\/03\/IMG-20240301-WA12191-1068x733.jpg 1068w, https:\/\/ardigitalnoticias.com\/wp-content\/uploads\/2024\/03\/IMG-20240301-WA12191.jpg 1347w\" sizes=\"auto, (max-width: 1024px) 100vw, 1024px\" \/><\/figure>\n\n\n\n<p>Con esta iniciativa, la Concejal Lamilla demuestra su compromiso con el bienestar y el desarrollo de su comunidad, impulsando acciones concretas para mejorar la calidad de vida de los habitantes de Garz\u00f3n.<\/p>\n\n\n\n<figure class=\"wp-block-gallery aligncenter has-nested-images columns-default is-cropped wp-block-gallery-1 is-layout-flex wp-block-gallery-is-layout-flex\">\n<figure class=\"wp-block-image size-large\"><img loading=\"lazy\" decoding=\"async\" width=\"1024\" height=\"576\" data-id=\"3316\" src=\"https:\/\/ardigitalnoticias.com\/wp-content\/uploads\/2024\/03\/20240306_081351-1024x576.jpg\" alt=\"\" class=\"wp-image-3316\" srcset=\"https:\/\/ardigitalnoticias.com\/wp-content\/uploads\/2024\/03\/20240306_081351-1024x576.jpg 1024w, https:\/\/ardigitalnoticias.com\/wp-content\/uploads\/2024\/03\/20240306_081351-300x169.jpg 300w, https:\/\/ardigitalnoticias.com\/wp-content\/uploads\/2024\/03\/20240306_081351-768x432.jpg 768w, https:\/\/ardigitalnoticias.com\/wp-content\/uploads\/2024\/03\/20240306_081351-1536x864.jpg 1536w, https:\/\/ardigitalnoticias.com\/wp-content\/uploads\/2024\/03\/20240306_081351-2048x1152.jpg 2048w, https:\/\/ardigitalnoticias.com\/wp-content\/uploads\/2024\/03\/20240306_081351-150x84.jpg 150w, https:\/\/ardigitalnoticias.com\/wp-content\/uploads\/2024\/03\/20240306_081351-696x392.jpg 696w, https:\/\/ardigitalnoticias.com\/wp-content\/uploads\/2024\/03\/20240306_081351-1068x601.jpg 1068w, https:\/\/ardigitalnoticias.com\/wp-content\/uploads\/2024\/03\/20240306_081351-1920x1080.jpg 1920w\" sizes=\"auto, (max-width: 1024px) 100vw, 1024px\" \/><\/figure>\n\n\n\n<figure class=\"wp-block-image size-large\"><img loading=\"lazy\" decoding=\"async\" width=\"1024\" height=\"576\" data-id=\"3321\" src=\"https:\/\/ardigitalnoticias.com\/wp-content\/uploads\/2024\/03\/20240306_081328-1024x576.jpg\" alt=\"\" class=\"wp-image-3321\" srcset=\"https:\/\/ardigitalnoticias.com\/wp-content\/uploads\/2024\/03\/20240306_081328-1024x576.jpg 1024w, https:\/\/ardigitalnoticias.com\/wp-content\/uploads\/2024\/03\/20240306_081328-300x169.jpg 300w, https:\/\/ardigitalnoticias.com\/wp-content\/uploads\/2024\/03\/20240306_081328-768x432.jpg 768w, https:\/\/ardigitalnoticias.com\/wp-content\/uploads\/2024\/03\/20240306_081328-1536x864.jpg 1536w, https:\/\/ardigitalnoticias.com\/wp-content\/uploads\/2024\/03\/20240306_081328-2048x1152.jpg 2048w, https:\/\/ardigitalnoticias.com\/wp-content\/uploads\/2024\/03\/20240306_081328-150x84.jpg 150w, https:\/\/ardigitalnoticias.com\/wp-content\/uploads\/2024\/03\/20240306_081328-696x392.jpg 696w, https:\/\/ardigitalnoticias.com\/wp-content\/uploads\/2024\/03\/20240306_081328-1068x601.jpg 1068w, https:\/\/ardigitalnoticias.com\/wp-content\/uploads\/2024\/03\/20240306_081328-1920x1080.jpg 1920w\" sizes=\"auto, (max-width: 1024px) 100vw, 1024px\" \/><\/figure>\n\n\n\n<figure class=\"wp-block-image size-large\"><img loading=\"lazy\" decoding=\"async\" width=\"1024\" height=\"576\" data-id=\"3322\" src=\"https:\/\/ardigitalnoticias.com\/wp-content\/uploads\/2024\/03\/20240306_081405-1024x576.jpg\" alt=\"\" class=\"wp-image-3322\" srcset=\"https:\/\/ardigitalnoticias.com\/wp-content\/uploads\/2024\/03\/20240306_081405-1024x576.jpg 1024w, https:\/\/ardigitalnoticias.com\/wp-content\/uploads\/2024\/03\/20240306_081405-300x169.jpg 300w, https:\/\/ardigitalnoticias.com\/wp-content\/uploads\/2024\/03\/20240306_081405-768x432.jpg 768w, https:\/\/ardigitalnoticias.com\/wp-content\/uploads\/2024\/03\/20240306_081405-1536x864.jpg 1536w, https:\/\/ardigitalnoticias.com\/wp-content\/uploads\/2024\/03\/20240306_081405-2048x1152.jpg 2048w, https:\/\/ardigitalnoticias.com\/wp-content\/uploads\/2024\/03\/20240306_081405-150x84.jpg 150w, https:\/\/ardigitalnoticias.com\/wp-content\/uploads\/2024\/03\/20240306_081405-696x392.jpg 696w, https:\/\/ardigitalnoticias.com\/wp-content\/uploads\/2024\/03\/20240306_081405-1068x601.jpg 1068w, https:\/\/ardigitalnoticias.com\/wp-content\/uploads\/2024\/03\/20240306_081405-1920x1080.jpg 1920w\" sizes=\"auto, (max-width: 1024px) 100vw, 1024px\" \/><\/figure>\n<\/figure>\n","protected":false},"excerpt":{"rendered":"<p>En una destacada labor de gesti\u00f3n, la Concejal Chirly Yohanna Lamilla ha logrado iniciar la ejecuci\u00f3n del proyecto de Construcci\u00f3n y Adecuaci\u00f3n del Parque Infantil en el Barrio Riveras de Garz\u00f3n, ante la Gobernaci\u00f3n del Huila durante la administraci\u00f3n anterior. POR: ANDR\u00c9S RODR\u00cdGUEZ. Este proyecto, de suma importancia para la comunidad, busca mejorar significativamente las [&hellip;]<\/p>\n","protected":false},"author":3,"featured_media":3320,"comment_status":"open","ping_status":"open","sticky":false,"template":"","format":"standard","meta":{"_acf_changed":false,"_joinchat":[],"footnotes":""},"categories":[21],"tags":[],"class_list":{"0":"post-3315","1":"post","2":"type-post","3":"status-publish","4":"format-standard","5":"has-post-thumbnail","7":"category-locales"},"acf":[],"yoast_head":"<!-- This site is optimized with the Yoast SEO plugin v27.5 - https:\/\/yoast.com\/product\/yoast-seo-wordpress\/ -->\n<title>CONCEJAL CHIRLY YOHANNA LAMILLA IMPULSA PROYECTO PARA MEJORAR CALIDAD DE VIDA EN BARRIO RIVERAS DE GARZ\u00d3N - AR Digital Noticias<\/title>\n<meta name=\"robots\" content=\"index, follow, max-snippet:-1, max-image-preview:large, max-video-preview:-1\" \/>\n<link rel=\"canonical\" href=\"https:\/\/ardigitalnoticias.com\/index.php\/2024\/03\/06\/concejal-chirly-yohanna-lamilla-impulsa-proyecto-para-mejorar-calidad-de-vida-en-barrio-riveras-de-garzon\/\" \/>\n<meta property=\"og:locale\" content=\"es_ES\" \/>\n<meta property=\"og:type\" content=\"article\" \/>\n<meta property=\"og:title\" content=\"CONCEJAL CHIRLY YOHANNA LAMILLA IMPULSA PROYECTO PARA MEJORAR CALIDAD DE VIDA EN BARRIO RIVERAS DE GARZ\u00d3N - AR Digital Noticias\" \/>\n<meta property=\"og:description\" content=\"En una destacada labor de gesti\u00f3n, la Concejal Chirly Yohanna Lamilla ha logrado iniciar la ejecuci\u00f3n del proyecto de Construcci\u00f3n y Adecuaci\u00f3n del Parque Infantil en el Barrio Riveras de Garz\u00f3n, ante la Gobernaci\u00f3n del Huila durante la administraci\u00f3n anterior. POR: ANDR\u00c9S RODR\u00cdGUEZ. Este proyecto, de suma importancia para la comunidad, busca mejorar significativamente las [&hellip;]\" \/>\n<meta property=\"og:url\" content=\"https:\/\/ardigitalnoticias.com\/index.php\/2024\/03\/06\/concejal-chirly-yohanna-lamilla-impulsa-proyecto-para-mejorar-calidad-de-vida-en-barrio-riveras-de-garzon\/\" \/>\n<meta property=\"og:site_name\" content=\"AR Digital Noticias\" \/>\n<meta property=\"article:published_time\" content=\"2024-03-06T14:29:24+00:00\" \/>\n<meta property=\"article:modified_time\" content=\"2024-03-06T14:29:25+00:00\" \/>\n<meta property=\"og:image\" content=\"https:\/\/ardigitalnoticias.com\/wp-content\/uploads\/2024\/03\/InShot_20240306_091942418-scaled.jpg\" \/>\n\t<meta property=\"og:image:width\" content=\"2560\" \/>\n\t<meta property=\"og:image:height\" content=\"1439\" \/>\n\t<meta property=\"og:image:type\" content=\"image\/jpeg\" \/>\n<meta name=\"author\" content=\"Editor ArDigitalNoticias\" \/>\n<meta name=\"twitter:card\" content=\"summary_large_image\" \/>\n<meta name=\"twitter:label1\" content=\"Escrito por\" \/>\n\t<meta name=\"twitter:data1\" content=\"Editor ArDigitalNoticias\" \/>\n\t<meta name=\"twitter:label2\" content=\"Tiempo de lectura\" \/>\n\t<meta name=\"twitter:data2\" content=\"3 minutos\" \/>\n<script type=\"application\/ld+json\" class=\"yoast-schema-graph\">{\"@context\":\"https:\\\/\\\/schema.org\",\"@graph\":[{\"@type\":\"Article\",\"@id\":\"https:\\\/\\\/ardigitalnoticias.com\\\/index.php\\\/2024\\\/03\\\/06\\\/concejal-chirly-yohanna-lamilla-impulsa-proyecto-para-mejorar-calidad-de-vida-en-barrio-riveras-de-garzon\\\/#article\",\"isPartOf\":{\"@id\":\"https:\\\/\\\/ardigitalnoticias.com\\\/index.php\\\/2024\\\/03\\\/06\\\/concejal-chirly-yohanna-lamilla-impulsa-proyecto-para-mejorar-calidad-de-vida-en-barrio-riveras-de-garzon\\\/\"},\"author\":{\"name\":\"Editor ArDigitalNoticias\",\"@id\":\"https:\\\/\\\/ardigitalnoticias.com\\\/#\\\/schema\\\/person\\\/759c8138ebc77e85adb1aa750003a751\"},\"headline\":\"CONCEJAL CHIRLY YOHANNA LAMILLA IMPULSA PROYECTO PARA MEJORAR CALIDAD DE VIDA EN BARRIO RIVERAS DE GARZ\u00d3N\",\"datePublished\":\"2024-03-06T14:29:24+00:00\",\"dateModified\":\"2024-03-06T14:29:25+00:00\",\"mainEntityOfPage\":{\"@id\":\"https:\\\/\\\/ardigitalnoticias.com\\\/index.php\\\/2024\\\/03\\\/06\\\/concejal-chirly-yohanna-lamilla-impulsa-proyecto-para-mejorar-calidad-de-vida-en-barrio-riveras-de-garzon\\\/\"},\"wordCount\":273,\"commentCount\":0,\"publisher\":{\"@id\":\"https:\\\/\\\/ardigitalnoticias.com\\\/#organization\"},\"image\":{\"@id\":\"https:\\\/\\\/ardigitalnoticias.com\\\/index.php\\\/2024\\\/03\\\/06\\\/concejal-chirly-yohanna-lamilla-impulsa-proyecto-para-mejorar-calidad-de-vida-en-barrio-riveras-de-garzon\\\/#primaryimage\"},\"thumbnailUrl\":\"https:\\\/\\\/ardigitalnoticias.com\\\/wp-content\\\/uploads\\\/2024\\\/03\\\/InShot_20240306_091942418-scaled.jpg\",\"articleSection\":[\"Garz\u00f3n\"],\"inLanguage\":\"es\",\"potentialAction\":[{\"@type\":\"CommentAction\",\"name\":\"Comment\",\"target\":[\"https:\\\/\\\/ardigitalnoticias.com\\\/index.php\\\/2024\\\/03\\\/06\\\/concejal-chirly-yohanna-lamilla-impulsa-proyecto-para-mejorar-calidad-de-vida-en-barrio-riveras-de-garzon\\\/#respond\"]}]},{\"@type\":\"WebPage\",\"@id\":\"https:\\\/\\\/ardigitalnoticias.com\\\/index.php\\\/2024\\\/03\\\/06\\\/concejal-chirly-yohanna-lamilla-impulsa-proyecto-para-mejorar-calidad-de-vida-en-barrio-riveras-de-garzon\\\/\",\"url\":\"https:\\\/\\\/ardigitalnoticias.com\\\/index.php\\\/2024\\\/03\\\/06\\\/concejal-chirly-yohanna-lamilla-impulsa-proyecto-para-mejorar-calidad-de-vida-en-barrio-riveras-de-garzon\\\/\",\"name\":\"CONCEJAL CHIRLY YOHANNA LAMILLA IMPULSA PROYECTO PARA MEJORAR CALIDAD DE VIDA EN BARRIO RIVERAS DE GARZ\u00d3N - AR Digital Noticias\",\"isPartOf\":{\"@id\":\"https:\\\/\\\/ardigitalnoticias.com\\\/#website\"},\"primaryImageOfPage\":{\"@id\":\"https:\\\/\\\/ardigitalnoticias.com\\\/index.php\\\/2024\\\/03\\\/06\\\/concejal-chirly-yohanna-lamilla-impulsa-proyecto-para-mejorar-calidad-de-vida-en-barrio-riveras-de-garzon\\\/#primaryimage\"},\"image\":{\"@id\":\"https:\\\/\\\/ardigitalnoticias.com\\\/index.php\\\/2024\\\/03\\\/06\\\/concejal-chirly-yohanna-lamilla-impulsa-proyecto-para-mejorar-calidad-de-vida-en-barrio-riveras-de-garzon\\\/#primaryimage\"},\"thumbnailUrl\":\"https:\\\/\\\/ardigitalnoticias.com\\\/wp-content\\\/uploads\\\/2024\\\/03\\\/InShot_20240306_091942418-scaled.jpg\",\"datePublished\":\"2024-03-06T14:29:24+00:00\",\"dateModified\":\"2024-03-06T14:29:25+00:00\",\"breadcrumb\":{\"@id\":\"https:\\\/\\\/ardigitalnoticias.com\\\/index.php\\\/2024\\\/03\\\/06\\\/concejal-chirly-yohanna-lamilla-impulsa-proyecto-para-mejorar-calidad-de-vida-en-barrio-riveras-de-garzon\\\/#breadcrumb\"},\"inLanguage\":\"es\",\"potentialAction\":[{\"@type\":\"ReadAction\",\"target\":[\"https:\\\/\\\/ardigitalnoticias.com\\\/index.php\\\/2024\\\/03\\\/06\\\/concejal-chirly-yohanna-lamilla-impulsa-proyecto-para-mejorar-calidad-de-vida-en-barrio-riveras-de-garzon\\\/\"]}]},{\"@type\":\"ImageObject\",\"inLanguage\":\"es\",\"@id\":\"https:\\\/\\\/ardigitalnoticias.com\\\/index.php\\\/2024\\\/03\\\/06\\\/concejal-chirly-yohanna-lamilla-impulsa-proyecto-para-mejorar-calidad-de-vida-en-barrio-riveras-de-garzon\\\/#primaryimage\",\"url\":\"https:\\\/\\\/ardigitalnoticias.com\\\/wp-content\\\/uploads\\\/2024\\\/03\\\/InShot_20240306_091942418-scaled.jpg\",\"contentUrl\":\"https:\\\/\\\/ardigitalnoticias.com\\\/wp-content\\\/uploads\\\/2024\\\/03\\\/InShot_20240306_091942418-scaled.jpg\",\"width\":2560,\"height\":1439},{\"@type\":\"BreadcrumbList\",\"@id\":\"https:\\\/\\\/ardigitalnoticias.com\\\/index.php\\\/2024\\\/03\\\/06\\\/concejal-chirly-yohanna-lamilla-impulsa-proyecto-para-mejorar-calidad-de-vida-en-barrio-riveras-de-garzon\\\/#breadcrumb\",\"itemListElement\":[{\"@type\":\"ListItem\",\"position\":1,\"name\":\"Portada\",\"item\":\"https:\\\/\\\/ardigitalnoticias.com\\\/\"},{\"@type\":\"ListItem\",\"position\":2,\"name\":\"CONCEJAL CHIRLY YOHANNA LAMILLA IMPULSA PROYECTO PARA MEJORAR CALIDAD DE VIDA EN BARRIO RIVERAS DE GARZ\u00d3N\"}]},{\"@type\":\"WebSite\",\"@id\":\"https:\\\/\\\/ardigitalnoticias.com\\\/#website\",\"url\":\"https:\\\/\\\/ardigitalnoticias.com\\\/\",\"name\":\"AR Digital Noticias\",\"description\":\"\",\"publisher\":{\"@id\":\"https:\\\/\\\/ardigitalnoticias.com\\\/#organization\"},\"potentialAction\":[{\"@type\":\"SearchAction\",\"target\":{\"@type\":\"EntryPoint\",\"urlTemplate\":\"https:\\\/\\\/ardigitalnoticias.com\\\/?s={search_term_string}\"},\"query-input\":{\"@type\":\"PropertyValueSpecification\",\"valueRequired\":true,\"valueName\":\"search_term_string\"}}],\"inLanguage\":\"es\"},{\"@type\":\"Organization\",\"@id\":\"https:\\\/\\\/ardigitalnoticias.com\\\/#organization\",\"name\":\"AR Digital Noticias\",\"url\":\"https:\\\/\\\/ardigitalnoticias.com\\\/\",\"logo\":{\"@type\":\"ImageObject\",\"inLanguage\":\"es\",\"@id\":\"https:\\\/\\\/ardigitalnoticias.com\\\/#\\\/schema\\\/logo\\\/image\\\/\",\"url\":\"https:\\\/\\\/ardigitalnoticias.com\\\/wp-content\\\/uploads\\\/2023\\\/11\\\/cropped-cropped-cropped-cropped-AR-Digital-Noticias-1.png\",\"contentUrl\":\"https:\\\/\\\/ardigitalnoticias.com\\\/wp-content\\\/uploads\\\/2023\\\/11\\\/cropped-cropped-cropped-cropped-AR-Digital-Noticias-1.png\",\"width\":972,\"height\":306,\"caption\":\"AR Digital Noticias\"},\"image\":{\"@id\":\"https:\\\/\\\/ardigitalnoticias.com\\\/#\\\/schema\\\/logo\\\/image\\\/\"}},{\"@type\":\"Person\",\"@id\":\"https:\\\/\\\/ardigitalnoticias.com\\\/#\\\/schema\\\/person\\\/759c8138ebc77e85adb1aa750003a751\",\"name\":\"Editor ArDigitalNoticias\",\"image\":{\"@type\":\"ImageObject\",\"inLanguage\":\"es\",\"@id\":\"https:\\\/\\\/secure.gravatar.com\\\/avatar\\\/2c7f3656ea34567ef10422f22f4395b6cc422854a0b986ba788597ac36902f93?s=96&d=mm&r=g\",\"url\":\"https:\\\/\\\/secure.gravatar.com\\\/avatar\\\/2c7f3656ea34567ef10422f22f4395b6cc422854a0b986ba788597ac36902f93?s=96&d=mm&r=g\",\"contentUrl\":\"https:\\\/\\\/secure.gravatar.com\\\/avatar\\\/2c7f3656ea34567ef10422f22f4395b6cc422854a0b986ba788597ac36902f93?s=96&d=mm&r=g\",\"caption\":\"Editor ArDigitalNoticias\"},\"sameAs\":[\"http:\\\/\\\/ardigitalnoticias.com\"],\"url\":\"https:\\\/\\\/ardigitalnoticias.com\\\/index.php\\\/author\\\/editor\\\/\"}]}<\/script>\n<!-- \/ Yoast SEO plugin. -->","yoast_head_json":{"title":"CONCEJAL CHIRLY YOHANNA LAMILLA IMPULSA PROYECTO PARA MEJORAR CALIDAD DE VIDA EN BARRIO RIVERAS DE GARZ\u00d3N - AR Digital Noticias","robots":{"index":"index","follow":"follow","max-snippet":"max-snippet:-1","max-image-preview":"max-image-preview:large","max-video-preview":"max-video-preview:-1"},"canonical":"https:\/\/ardigitalnoticias.com\/index.php\/2024\/03\/06\/concejal-chirly-yohanna-lamilla-impulsa-proyecto-para-mejorar-calidad-de-vida-en-barrio-riveras-de-garzon\/","og_locale":"es_ES","og_type":"article","og_title":"CONCEJAL CHIRLY YOHANNA LAMILLA IMPULSA PROYECTO PARA MEJORAR CALIDAD DE VIDA EN BARRIO RIVERAS DE GARZ\u00d3N - AR Digital Noticias","og_description":"En una destacada labor de gesti\u00f3n, la Concejal Chirly Yohanna Lamilla ha logrado iniciar la ejecuci\u00f3n del proyecto de Construcci\u00f3n y Adecuaci\u00f3n del Parque Infantil en el Barrio Riveras de Garz\u00f3n, ante la Gobernaci\u00f3n del Huila durante la administraci\u00f3n anterior. POR: ANDR\u00c9S RODR\u00cdGUEZ. Este proyecto, de suma importancia para la comunidad, busca mejorar significativamente las [&hellip;]","og_url":"https:\/\/ardigitalnoticias.com\/index.php\/2024\/03\/06\/concejal-chirly-yohanna-lamilla-impulsa-proyecto-para-mejorar-calidad-de-vida-en-barrio-riveras-de-garzon\/","og_site_name":"AR Digital Noticias","article_published_time":"2024-03-06T14:29:24+00:00","article_modified_time":"2024-03-06T14:29:25+00:00","og_image":[{"width":2560,"height":1439,"url":"https:\/\/ardigitalnoticias.com\/wp-content\/uploads\/2024\/03\/InShot_20240306_091942418-scaled.jpg","type":"image\/jpeg"}],"author":"Editor ArDigitalNoticias","twitter_card":"summary_large_image","twitter_misc":{"Escrito por":"Editor ArDigitalNoticias","Tiempo de lectura":"3 minutos"},"schema":{"@context":"https:\/\/schema.org","@graph":[{"@type":"Article","@id":"https:\/\/ardigitalnoticias.com\/index.php\/2024\/03\/06\/concejal-chirly-yohanna-lamilla-impulsa-proyecto-para-mejorar-calidad-de-vida-en-barrio-riveras-de-garzon\/#article","isPartOf":{"@id":"https:\/\/ardigitalnoticias.com\/index.php\/2024\/03\/06\/concejal-chirly-yohanna-lamilla-impulsa-proyecto-para-mejorar-calidad-de-vida-en-barrio-riveras-de-garzon\/"},"author":{"name":"Editor ArDigitalNoticias","@id":"https:\/\/ardigitalnoticias.com\/#\/schema\/person\/759c8138ebc77e85adb1aa750003a751"},"headline":"CONCEJAL CHIRLY YOHANNA LAMILLA IMPULSA PROYECTO PARA MEJORAR CALIDAD DE VIDA EN BARRIO RIVERAS DE GARZ\u00d3N","datePublished":"2024-03-06T14:29:24+00:00","dateModified":"2024-03-06T14:29:25+00:00","mainEntityOfPage":{"@id":"https:\/\/ardigitalnoticias.com\/index.php\/2024\/03\/06\/concejal-chirly-yohanna-lamilla-impulsa-proyecto-para-mejorar-calidad-de-vida-en-barrio-riveras-de-garzon\/"},"wordCount":273,"commentCount":0,"publisher":{"@id":"https:\/\/ardigitalnoticias.com\/#organization"},"image":{"@id":"https:\/\/ardigitalnoticias.com\/index.php\/2024\/03\/06\/concejal-chirly-yohanna-lamilla-impulsa-proyecto-para-mejorar-calidad-de-vida-en-barrio-riveras-de-garzon\/#primaryimage"},"thumbnailUrl":"https:\/\/ardigitalnoticias.com\/wp-content\/uploads\/2024\/03\/InShot_20240306_091942418-scaled.jpg","articleSection":["Garz\u00f3n"],"inLanguage":"es","potentialAction":[{"@type":"CommentAction","name":"Comment","target":["https:\/\/ardigitalnoticias.com\/index.php\/2024\/03\/06\/concejal-chirly-yohanna-lamilla-impulsa-proyecto-para-mejorar-calidad-de-vida-en-barrio-riveras-de-garzon\/#respond"]}]},{"@type":"WebPage","@id":"https:\/\/ardigitalnoticias.com\/index.php\/2024\/03\/06\/concejal-chirly-yohanna-lamilla-impulsa-proyecto-para-mejorar-calidad-de-vida-en-barrio-riveras-de-garzon\/","url":"https:\/\/ardigitalnoticias.com\/index.php\/2024\/03\/06\/concejal-chirly-yohanna-lamilla-impulsa-proyecto-para-mejorar-calidad-de-vida-en-barrio-riveras-de-garzon\/","name":"CONCEJAL CHIRLY YOHANNA LAMILLA IMPULSA PROYECTO PARA MEJORAR CALIDAD DE VIDA EN BARRIO RIVERAS DE GARZ\u00d3N - AR Digital Noticias","isPartOf":{"@id":"https:\/\/ardigitalnoticias.com\/#website"},"primaryImageOfPage":{"@id":"https:\/\/ardigitalnoticias.com\/index.php\/2024\/03\/06\/concejal-chirly-yohanna-lamilla-impulsa-proyecto-para-mejorar-calidad-de-vida-en-barrio-riveras-de-garzon\/#primaryimage"},"image":{"@id":"https:\/\/ardigitalnoticias.com\/index.php\/2024\/03\/06\/concejal-chirly-yohanna-lamilla-impulsa-proyecto-para-mejorar-calidad-de-vida-en-barrio-riveras-de-garzon\/#primaryimage"},"thumbnailUrl":"https:\/\/ardigitalnoticias.com\/wp-content\/uploads\/2024\/03\/InShot_20240306_091942418-scaled.jpg","datePublished":"2024-03-06T14:29:24+00:00","dateModified":"2024-03-06T14:29:25+00:00","breadcrumb":{"@id":"https:\/\/ardigitalnoticias.com\/index.php\/2024\/03\/06\/concejal-chirly-yohanna-lamilla-impulsa-proyecto-para-mejorar-calidad-de-vida-en-barrio-riveras-de-garzon\/#breadcrumb"},"inLanguage":"es","potentialAction":[{"@type":"ReadAction","target":["https:\/\/ardigitalnoticias.com\/index.php\/2024\/03\/06\/concejal-chirly-yohanna-lamilla-impulsa-proyecto-para-mejorar-calidad-de-vida-en-barrio-riveras-de-garzon\/"]}]},{"@type":"ImageObject","inLanguage":"es","@id":"https:\/\/ardigitalnoticias.com\/index.php\/2024\/03\/06\/concejal-chirly-yohanna-lamilla-impulsa-proyecto-para-mejorar-calidad-de-vida-en-barrio-riveras-de-garzon\/#primaryimage","url":"https:\/\/ardigitalnoticias.com\/wp-content\/uploads\/2024\/03\/InShot_20240306_091942418-scaled.jpg","contentUrl":"https:\/\/ardigitalnoticias.com\/wp-content\/uploads\/2024\/03\/InShot_20240306_091942418-scaled.jpg","width":2560,"height":1439},{"@type":"BreadcrumbList","@id":"https:\/\/ardigitalnoticias.com\/index.php\/2024\/03\/06\/concejal-chirly-yohanna-lamilla-impulsa-proyecto-para-mejorar-calidad-de-vida-en-barrio-riveras-de-garzon\/#breadcrumb","itemListElement":[{"@type":"ListItem","position":1,"name":"Portada","item":"https:\/\/ardigitalnoticias.com\/"},{"@type":"ListItem","position":2,"name":"CONCEJAL CHIRLY YOHANNA LAMILLA IMPULSA PROYECTO PARA MEJORAR CALIDAD DE VIDA EN BARRIO RIVERAS DE GARZ\u00d3N"}]},{"@type":"WebSite","@id":"https:\/\/ardigitalnoticias.com\/#website","url":"https:\/\/ardigitalnoticias.com\/","name":"AR Digital Noticias","description":"","publisher":{"@id":"https:\/\/ardigitalnoticias.com\/#organization"},"potentialAction":[{"@type":"SearchAction","target":{"@type":"EntryPoint","urlTemplate":"https:\/\/ardigitalnoticias.com\/?s={search_term_string}"},"query-input":{"@type":"PropertyValueSpecification","valueRequired":true,"valueName":"search_term_string"}}],"inLanguage":"es"},{"@type":"Organization","@id":"https:\/\/ardigitalnoticias.com\/#organization","name":"AR Digital Noticias","url":"https:\/\/ardigitalnoticias.com\/","logo":{"@type":"ImageObject","inLanguage":"es","@id":"https:\/\/ardigitalnoticias.com\/#\/schema\/logo\/image\/","url":"https:\/\/ardigitalnoticias.com\/wp-content\/uploads\/2023\/11\/cropped-cropped-cropped-cropped-AR-Digital-Noticias-1.png","contentUrl":"https:\/\/ardigitalnoticias.com\/wp-content\/uploads\/2023\/11\/cropped-cropped-cropped-cropped-AR-Digital-Noticias-1.png","width":972,"height":306,"caption":"AR Digital Noticias"},"image":{"@id":"https:\/\/ardigitalnoticias.com\/#\/schema\/logo\/image\/"}},{"@type":"Person","@id":"https:\/\/ardigitalnoticias.com\/#\/schema\/person\/759c8138ebc77e85adb1aa750003a751","name":"Editor ArDigitalNoticias","image":{"@type":"ImageObject","inLanguage":"es","@id":"https:\/\/secure.gravatar.com\/avatar\/2c7f3656ea34567ef10422f22f4395b6cc422854a0b986ba788597ac36902f93?s=96&d=mm&r=g","url":"https:\/\/secure.gravatar.com\/avatar\/2c7f3656ea34567ef10422f22f4395b6cc422854a0b986ba788597ac36902f93?s=96&d=mm&r=g","contentUrl":"https:\/\/secure.gravatar.com\/avatar\/2c7f3656ea34567ef10422f22f4395b6cc422854a0b986ba788597ac36902f93?s=96&d=mm&r=g","caption":"Editor ArDigitalNoticias"},"sameAs":["http:\/\/ardigitalnoticias.com"],"url":"https:\/\/ardigitalnoticias.com\/index.php\/author\/editor\/"}]}},"_links":{"self":[{"href":"https:\/\/ardigitalnoticias.com\/index.php\/wp-json\/wp\/v2\/posts\/3315","targetHints":{"allow":["GET"]}}],"collection":[{"href":"https:\/\/ardigitalnoticias.com\/index.php\/wp-json\/wp\/v2\/posts"}],"about":[{"href":"https:\/\/ardigitalnoticias.com\/index.php\/wp-json\/wp\/v2\/types\/post"}],"author":[{"embeddable":true,"href":"https:\/\/ardigitalnoticias.com\/index.php\/wp-json\/wp\/v2\/users\/3"}],"replies":[{"embeddable":true,"href":"https:\/\/ardigitalnoticias.com\/index.php\/wp-json\/wp\/v2\/comments?post=3315"}],"version-history":[{"count":1,"href":"https:\/\/ardigitalnoticias.com\/index.php\/wp-json\/wp\/v2\/posts\/3315\/revisions"}],"predecessor-version":[{"id":3323,"href":"https:\/\/ardigitalnoticias.com\/index.php\/wp-json\/wp\/v2\/posts\/3315\/revisions\/3323"}],"wp:featuredmedia":[{"embeddable":true,"href":"https:\/\/ardigitalnoticias.com\/index.php\/wp-json\/wp\/v2\/media\/3320"}],"wp:attachment":[{"href":"https:\/\/ardigitalnoticias.com\/index.php\/wp-json\/wp\/v2\/media?parent=3315"}],"wp:term":[{"taxonomy":"category","embeddable":true,"href":"https:\/\/ardigitalnoticias.com\/index.php\/wp-json\/wp\/v2\/categories?post=3315"},{"taxonomy":"post_tag","embeddable":true,"href":"https:\/\/ardigitalnoticias.com\/index.php\/wp-json\/wp\/v2\/tags?post=3315"}],"curies":[{"name":"wp","href":"https:\/\/api.w.org\/{rel}","templated":true}]}}