{"id":3303,"date":"2024-03-06T05:20:25","date_gmt":"2024-03-06T10:20:25","guid":{"rendered":"https:\/\/ardigitalnoticias.com\/?p=3303"},"modified":"2024-03-06T05:20:26","modified_gmt":"2024-03-06T10:20:26","slug":"reunion-de-alto-nivel-entre-alcalde-de-garzon-y-el-director-administrativo-de-comfamiliar-huila","status":"publish","type":"post","link":"https:\/\/ardigitalnoticias.com\/index.php\/2024\/03\/06\/reunion-de-alto-nivel-entre-alcalde-de-garzon-y-el-director-administrativo-de-comfamiliar-huila\/","title":{"rendered":"REUNI\u00d3N DE ALTO NIVEL ENTRE ALCALDE DE GARZ\u00d3N Y EL DIRECTOR ADMINISTRATIVO DE COMFAMILIAR HUILA"},"content":{"rendered":"\n<p>En una muestra de colaboraci\u00f3n y b\u00fasqueda de sinergias, el director Administrativo de Comfamiliar del Huila Juan Carlos Carvajal Rodr\u00edguez, se reuni\u00f3 con el alcalde de Garz\u00f3n, Francisco Calder\u00f3n Feriz, en un encuentro que tuvo lugar en las instalaciones del edificio municipal.<\/p>\n\n\n\n<p><strong>POR: ANDR\u00c9S RODR\u00cdGUEZ. <\/strong><\/p>\n\n\n<div class=\"wp-block-image\">\n<figure class=\"aligncenter size-large\"><img loading=\"lazy\" decoding=\"async\" width=\"1024\" height=\"768\" src=\"https:\/\/ardigitalnoticias.com\/wp-content\/uploads\/2024\/03\/IMG-20240305-WA1299-1024x768.jpg\" alt=\"\" class=\"wp-image-3304\" srcset=\"https:\/\/ardigitalnoticias.com\/wp-content\/uploads\/2024\/03\/IMG-20240305-WA1299-1024x768.jpg 1024w, https:\/\/ardigitalnoticias.com\/wp-content\/uploads\/2024\/03\/IMG-20240305-WA1299-300x225.jpg 300w, https:\/\/ardigitalnoticias.com\/wp-content\/uploads\/2024\/03\/IMG-20240305-WA1299-768x576.jpg 768w, https:\/\/ardigitalnoticias.com\/wp-content\/uploads\/2024\/03\/IMG-20240305-WA1299-1536x1152.jpg 1536w, https:\/\/ardigitalnoticias.com\/wp-content\/uploads\/2024\/03\/IMG-20240305-WA1299-150x113.jpg 150w, https:\/\/ardigitalnoticias.com\/wp-content\/uploads\/2024\/03\/IMG-20240305-WA1299-696x522.jpg 696w, https:\/\/ardigitalnoticias.com\/wp-content\/uploads\/2024\/03\/IMG-20240305-WA1299-1068x801.jpg 1068w, https:\/\/ardigitalnoticias.com\/wp-content\/uploads\/2024\/03\/IMG-20240305-WA1299.jpg 1600w\" sizes=\"auto, (max-width: 1024px) 100vw, 1024px\" \/><\/figure>\n<\/div>\n\n\n<p>El prop\u00f3sito de esta reuni\u00f3n fue la de continuar explorando las posibles alianzas estrat\u00e9gicas que impulsen el desarrollo de proyectos futuros en la capital diocesana del departamento.<\/p>\n\n\n\n<p>Durante la reuni\u00f3n, Carvajal Rodr\u00edguez y Calder\u00f3n Feriz discutieron diversas \u00e1reas de inter\u00e9s mutuo, desde la mejora de infraestructuras hasta programas de desarrollo social y econ\u00f3mico. Ambos l\u00edderes expresaron su compromiso con el progreso de Garz\u00f3n y su disposici\u00f3n a trabajar de manera conjunta para hacer realidad proyectos que beneficien a la comunidad local.<\/p>\n\n\n<div class=\"wp-block-image\">\n<figure class=\"aligncenter size-large\"><img loading=\"lazy\" decoding=\"async\" width=\"1024\" height=\"685\" src=\"https:\/\/ardigitalnoticias.com\/wp-content\/uploads\/2024\/03\/FB_IMG_1709694713958-1024x685.jpg\" alt=\"\" class=\"wp-image-3306\" srcset=\"https:\/\/ardigitalnoticias.com\/wp-content\/uploads\/2024\/03\/FB_IMG_1709694713958-1024x685.jpg 1024w, https:\/\/ardigitalnoticias.com\/wp-content\/uploads\/2024\/03\/FB_IMG_1709694713958-300x201.jpg 300w, https:\/\/ardigitalnoticias.com\/wp-content\/uploads\/2024\/03\/FB_IMG_1709694713958-768x513.jpg 768w, https:\/\/ardigitalnoticias.com\/wp-content\/uploads\/2024\/03\/FB_IMG_1709694713958-150x100.jpg 150w, https:\/\/ardigitalnoticias.com\/wp-content\/uploads\/2024\/03\/FB_IMG_1709694713958-696x465.jpg 696w, https:\/\/ardigitalnoticias.com\/wp-content\/uploads\/2024\/03\/FB_IMG_1709694713958-1068x714.jpg 1068w, https:\/\/ardigitalnoticias.com\/wp-content\/uploads\/2024\/03\/FB_IMG_1709694713958.jpg 1080w\" sizes=\"auto, (max-width: 1024px) 100vw, 1024px\" \/><\/figure>\n<\/div>\n\n\n<p>Tanto el director Administrativo como el alcalde se mostraron optimistas respecto al futuro de Garz\u00f3n y destacaron la importancia de la colaboraci\u00f3n entre el sector p\u00fablico y privado para alcanzar metas comunes de desarrollo y bienestar para todos los ciudadanos.<\/p>\n\n\n\n<figure class=\"wp-block-image size-large\"><img loading=\"lazy\" decoding=\"async\" width=\"1024\" height=\"685\" src=\"https:\/\/ardigitalnoticias.com\/wp-content\/uploads\/2024\/03\/FB_IMG_1709694711293-1024x685.jpg\" alt=\"\" class=\"wp-image-3305\" srcset=\"https:\/\/ardigitalnoticias.com\/wp-content\/uploads\/2024\/03\/FB_IMG_1709694711293-1024x685.jpg 1024w, https:\/\/ardigitalnoticias.com\/wp-content\/uploads\/2024\/03\/FB_IMG_1709694711293-300x201.jpg 300w, https:\/\/ardigitalnoticias.com\/wp-content\/uploads\/2024\/03\/FB_IMG_1709694711293-768x513.jpg 768w, https:\/\/ardigitalnoticias.com\/wp-content\/uploads\/2024\/03\/FB_IMG_1709694711293-150x100.jpg 150w, https:\/\/ardigitalnoticias.com\/wp-content\/uploads\/2024\/03\/FB_IMG_1709694711293-696x465.jpg 696w, https:\/\/ardigitalnoticias.com\/wp-content\/uploads\/2024\/03\/FB_IMG_1709694711293-1068x714.jpg 1068w, https:\/\/ardigitalnoticias.com\/wp-content\/uploads\/2024\/03\/FB_IMG_1709694711293.jpg 1080w\" sizes=\"auto, (max-width: 1024px) 100vw, 1024px\" \/><\/figure>\n","protected":false},"excerpt":{"rendered":"<p>En una muestra de colaboraci\u00f3n y b\u00fasqueda de sinergias, el director Administrativo de Comfamiliar del Huila Juan Carlos Carvajal Rodr\u00edguez, se reuni\u00f3 con el alcalde de Garz\u00f3n, Francisco Calder\u00f3n Feriz, en un encuentro que tuvo lugar en las instalaciones del edificio municipal. POR: ANDR\u00c9S RODR\u00cdGUEZ. El prop\u00f3sito de esta reuni\u00f3n fue la de continuar explorando [&hellip;]<\/p>\n","protected":false},"author":3,"featured_media":3307,"comment_status":"open","ping_status":"open","sticky":false,"template":"","format":"standard","meta":{"_acf_changed":false,"_joinchat":[],"footnotes":""},"categories":[21],"tags":[],"class_list":{"0":"post-3303","1":"post","2":"type-post","3":"status-publish","4":"format-standard","5":"has-post-thumbnail","7":"category-locales"},"acf":[],"yoast_head":"<!-- This site is optimized with the Yoast SEO plugin v27.5 - https:\/\/yoast.com\/product\/yoast-seo-wordpress\/ -->\n<title>REUNI\u00d3N DE ALTO NIVEL ENTRE ALCALDE DE GARZ\u00d3N Y EL DIRECTOR ADMINISTRATIVO DE COMFAMILIAR HUILA - AR Digital Noticias<\/title>\n<meta name=\"robots\" content=\"index, follow, max-snippet:-1, max-image-preview:large, max-video-preview:-1\" \/>\n<link rel=\"canonical\" href=\"https:\/\/ardigitalnoticias.com\/index.php\/2024\/03\/06\/reunion-de-alto-nivel-entre-alcalde-de-garzon-y-el-director-administrativo-de-comfamiliar-huila\/\" \/>\n<meta property=\"og:locale\" content=\"es_ES\" \/>\n<meta property=\"og:type\" content=\"article\" \/>\n<meta property=\"og:title\" content=\"REUNI\u00d3N DE ALTO NIVEL ENTRE ALCALDE DE GARZ\u00d3N Y EL DIRECTOR ADMINISTRATIVO DE COMFAMILIAR HUILA - AR Digital Noticias\" \/>\n<meta property=\"og:description\" content=\"En una muestra de colaboraci\u00f3n y b\u00fasqueda de sinergias, el director Administrativo de Comfamiliar del Huila Juan Carlos Carvajal Rodr\u00edguez, se reuni\u00f3 con el alcalde de Garz\u00f3n, Francisco Calder\u00f3n Feriz, en un encuentro que tuvo lugar en las instalaciones del edificio municipal. POR: ANDR\u00c9S RODR\u00cdGUEZ. El prop\u00f3sito de esta reuni\u00f3n fue la de continuar explorando [&hellip;]\" \/>\n<meta property=\"og:url\" content=\"https:\/\/ardigitalnoticias.com\/index.php\/2024\/03\/06\/reunion-de-alto-nivel-entre-alcalde-de-garzon-y-el-director-administrativo-de-comfamiliar-huila\/\" \/>\n<meta property=\"og:site_name\" content=\"AR Digital Noticias\" \/>\n<meta property=\"article:published_time\" content=\"2024-03-06T10:20:25+00:00\" \/>\n<meta property=\"article:modified_time\" content=\"2024-03-06T10:20:26+00:00\" \/>\n<meta property=\"og:image\" content=\"https:\/\/ardigitalnoticias.com\/wp-content\/uploads\/2024\/03\/InShot_20240306_051037498.jpg\" \/>\n\t<meta property=\"og:image:width\" content=\"1920\" \/>\n\t<meta property=\"og:image:height\" content=\"1079\" \/>\n\t<meta property=\"og:image:type\" content=\"image\/jpeg\" \/>\n<meta name=\"author\" content=\"Editor ArDigitalNoticias\" \/>\n<meta name=\"twitter:card\" content=\"summary_large_image\" \/>\n<meta name=\"twitter:label1\" content=\"Escrito por\" \/>\n\t<meta name=\"twitter:data1\" content=\"Editor ArDigitalNoticias\" \/>\n\t<meta name=\"twitter:label2\" content=\"Tiempo de lectura\" \/>\n\t<meta name=\"twitter:data2\" content=\"2 minutos\" \/>\n<script type=\"application\/ld+json\" class=\"yoast-schema-graph\">{\"@context\":\"https:\\\/\\\/schema.org\",\"@graph\":[{\"@type\":\"Article\",\"@id\":\"https:\\\/\\\/ardigitalnoticias.com\\\/index.php\\\/2024\\\/03\\\/06\\\/reunion-de-alto-nivel-entre-alcalde-de-garzon-y-el-director-administrativo-de-comfamiliar-huila\\\/#article\",\"isPartOf\":{\"@id\":\"https:\\\/\\\/ardigitalnoticias.com\\\/index.php\\\/2024\\\/03\\\/06\\\/reunion-de-alto-nivel-entre-alcalde-de-garzon-y-el-director-administrativo-de-comfamiliar-huila\\\/\"},\"author\":{\"name\":\"Editor ArDigitalNoticias\",\"@id\":\"https:\\\/\\\/ardigitalnoticias.com\\\/#\\\/schema\\\/person\\\/759c8138ebc77e85adb1aa750003a751\"},\"headline\":\"REUNI\u00d3N DE ALTO NIVEL ENTRE ALCALDE DE GARZ\u00d3N Y EL DIRECTOR ADMINISTRATIVO DE COMFAMILIAR HUILA\",\"datePublished\":\"2024-03-06T10:20:25+00:00\",\"dateModified\":\"2024-03-06T10:20:26+00:00\",\"mainEntityOfPage\":{\"@id\":\"https:\\\/\\\/ardigitalnoticias.com\\\/index.php\\\/2024\\\/03\\\/06\\\/reunion-de-alto-nivel-entre-alcalde-de-garzon-y-el-director-administrativo-de-comfamiliar-huila\\\/\"},\"wordCount\":204,\"commentCount\":0,\"publisher\":{\"@id\":\"https:\\\/\\\/ardigitalnoticias.com\\\/#organization\"},\"image\":{\"@id\":\"https:\\\/\\\/ardigitalnoticias.com\\\/index.php\\\/2024\\\/03\\\/06\\\/reunion-de-alto-nivel-entre-alcalde-de-garzon-y-el-director-administrativo-de-comfamiliar-huila\\\/#primaryimage\"},\"thumbnailUrl\":\"https:\\\/\\\/ardigitalnoticias.com\\\/wp-content\\\/uploads\\\/2024\\\/03\\\/InShot_20240306_051037498.jpg\",\"articleSection\":[\"Garz\u00f3n\"],\"inLanguage\":\"es\",\"potentialAction\":[{\"@type\":\"CommentAction\",\"name\":\"Comment\",\"target\":[\"https:\\\/\\\/ardigitalnoticias.com\\\/index.php\\\/2024\\\/03\\\/06\\\/reunion-de-alto-nivel-entre-alcalde-de-garzon-y-el-director-administrativo-de-comfamiliar-huila\\\/#respond\"]}]},{\"@type\":\"WebPage\",\"@id\":\"https:\\\/\\\/ardigitalnoticias.com\\\/index.php\\\/2024\\\/03\\\/06\\\/reunion-de-alto-nivel-entre-alcalde-de-garzon-y-el-director-administrativo-de-comfamiliar-huila\\\/\",\"url\":\"https:\\\/\\\/ardigitalnoticias.com\\\/index.php\\\/2024\\\/03\\\/06\\\/reunion-de-alto-nivel-entre-alcalde-de-garzon-y-el-director-administrativo-de-comfamiliar-huila\\\/\",\"name\":\"REUNI\u00d3N DE ALTO NIVEL ENTRE ALCALDE DE GARZ\u00d3N Y EL DIRECTOR ADMINISTRATIVO DE COMFAMILIAR HUILA - AR Digital Noticias\",\"isPartOf\":{\"@id\":\"https:\\\/\\\/ardigitalnoticias.com\\\/#website\"},\"primaryImageOfPage\":{\"@id\":\"https:\\\/\\\/ardigitalnoticias.com\\\/index.php\\\/2024\\\/03\\\/06\\\/reunion-de-alto-nivel-entre-alcalde-de-garzon-y-el-director-administrativo-de-comfamiliar-huila\\\/#primaryimage\"},\"image\":{\"@id\":\"https:\\\/\\\/ardigitalnoticias.com\\\/index.php\\\/2024\\\/03\\\/06\\\/reunion-de-alto-nivel-entre-alcalde-de-garzon-y-el-director-administrativo-de-comfamiliar-huila\\\/#primaryimage\"},\"thumbnailUrl\":\"https:\\\/\\\/ardigitalnoticias.com\\\/wp-content\\\/uploads\\\/2024\\\/03\\\/InShot_20240306_051037498.jpg\",\"datePublished\":\"2024-03-06T10:20:25+00:00\",\"dateModified\":\"2024-03-06T10:20:26+00:00\",\"breadcrumb\":{\"@id\":\"https:\\\/\\\/ardigitalnoticias.com\\\/index.php\\\/2024\\\/03\\\/06\\\/reunion-de-alto-nivel-entre-alcalde-de-garzon-y-el-director-administrativo-de-comfamiliar-huila\\\/#breadcrumb\"},\"inLanguage\":\"es\",\"potentialAction\":[{\"@type\":\"ReadAction\",\"target\":[\"https:\\\/\\\/ardigitalnoticias.com\\\/index.php\\\/2024\\\/03\\\/06\\\/reunion-de-alto-nivel-entre-alcalde-de-garzon-y-el-director-administrativo-de-comfamiliar-huila\\\/\"]}]},{\"@type\":\"ImageObject\",\"inLanguage\":\"es\",\"@id\":\"https:\\\/\\\/ardigitalnoticias.com\\\/index.php\\\/2024\\\/03\\\/06\\\/reunion-de-alto-nivel-entre-alcalde-de-garzon-y-el-director-administrativo-de-comfamiliar-huila\\\/#primaryimage\",\"url\":\"https:\\\/\\\/ardigitalnoticias.com\\\/wp-content\\\/uploads\\\/2024\\\/03\\\/InShot_20240306_051037498.jpg\",\"contentUrl\":\"https:\\\/\\\/ardigitalnoticias.com\\\/wp-content\\\/uploads\\\/2024\\\/03\\\/InShot_20240306_051037498.jpg\",\"width\":1920,\"height\":1079},{\"@type\":\"BreadcrumbList\",\"@id\":\"https:\\\/\\\/ardigitalnoticias.com\\\/index.php\\\/2024\\\/03\\\/06\\\/reunion-de-alto-nivel-entre-alcalde-de-garzon-y-el-director-administrativo-de-comfamiliar-huila\\\/#breadcrumb\",\"itemListElement\":[{\"@type\":\"ListItem\",\"position\":1,\"name\":\"Portada\",\"item\":\"https:\\\/\\\/ardigitalnoticias.com\\\/\"},{\"@type\":\"ListItem\",\"position\":2,\"name\":\"REUNI\u00d3N DE ALTO NIVEL ENTRE ALCALDE DE GARZ\u00d3N Y EL DIRECTOR ADMINISTRATIVO DE COMFAMILIAR HUILA\"}]},{\"@type\":\"WebSite\",\"@id\":\"https:\\\/\\\/ardigitalnoticias.com\\\/#website\",\"url\":\"https:\\\/\\\/ardigitalnoticias.com\\\/\",\"name\":\"AR Digital Noticias\",\"description\":\"\",\"publisher\":{\"@id\":\"https:\\\/\\\/ardigitalnoticias.com\\\/#organization\"},\"potentialAction\":[{\"@type\":\"SearchAction\",\"target\":{\"@type\":\"EntryPoint\",\"urlTemplate\":\"https:\\\/\\\/ardigitalnoticias.com\\\/?s={search_term_string}\"},\"query-input\":{\"@type\":\"PropertyValueSpecification\",\"valueRequired\":true,\"valueName\":\"search_term_string\"}}],\"inLanguage\":\"es\"},{\"@type\":\"Organization\",\"@id\":\"https:\\\/\\\/ardigitalnoticias.com\\\/#organization\",\"name\":\"AR Digital Noticias\",\"url\":\"https:\\\/\\\/ardigitalnoticias.com\\\/\",\"logo\":{\"@type\":\"ImageObject\",\"inLanguage\":\"es\",\"@id\":\"https:\\\/\\\/ardigitalnoticias.com\\\/#\\\/schema\\\/logo\\\/image\\\/\",\"url\":\"https:\\\/\\\/ardigitalnoticias.com\\\/wp-content\\\/uploads\\\/2023\\\/11\\\/cropped-cropped-cropped-cropped-AR-Digital-Noticias-1.png\",\"contentUrl\":\"https:\\\/\\\/ardigitalnoticias.com\\\/wp-content\\\/uploads\\\/2023\\\/11\\\/cropped-cropped-cropped-cropped-AR-Digital-Noticias-1.png\",\"width\":972,\"height\":306,\"caption\":\"AR Digital Noticias\"},\"image\":{\"@id\":\"https:\\\/\\\/ardigitalnoticias.com\\\/#\\\/schema\\\/logo\\\/image\\\/\"}},{\"@type\":\"Person\",\"@id\":\"https:\\\/\\\/ardigitalnoticias.com\\\/#\\\/schema\\\/person\\\/759c8138ebc77e85adb1aa750003a751\",\"name\":\"Editor ArDigitalNoticias\",\"image\":{\"@type\":\"ImageObject\",\"inLanguage\":\"es\",\"@id\":\"https:\\\/\\\/secure.gravatar.com\\\/avatar\\\/2c7f3656ea34567ef10422f22f4395b6cc422854a0b986ba788597ac36902f93?s=96&d=mm&r=g\",\"url\":\"https:\\\/\\\/secure.gravatar.com\\\/avatar\\\/2c7f3656ea34567ef10422f22f4395b6cc422854a0b986ba788597ac36902f93?s=96&d=mm&r=g\",\"contentUrl\":\"https:\\\/\\\/secure.gravatar.com\\\/avatar\\\/2c7f3656ea34567ef10422f22f4395b6cc422854a0b986ba788597ac36902f93?s=96&d=mm&r=g\",\"caption\":\"Editor ArDigitalNoticias\"},\"sameAs\":[\"http:\\\/\\\/ardigitalnoticias.com\"],\"url\":\"https:\\\/\\\/ardigitalnoticias.com\\\/index.php\\\/author\\\/editor\\\/\"}]}<\/script>\n<!-- \/ Yoast SEO plugin. -->","yoast_head_json":{"title":"REUNI\u00d3N DE ALTO NIVEL ENTRE ALCALDE DE GARZ\u00d3N Y EL DIRECTOR ADMINISTRATIVO DE COMFAMILIAR HUILA - AR Digital Noticias","robots":{"index":"index","follow":"follow","max-snippet":"max-snippet:-1","max-image-preview":"max-image-preview:large","max-video-preview":"max-video-preview:-1"},"canonical":"https:\/\/ardigitalnoticias.com\/index.php\/2024\/03\/06\/reunion-de-alto-nivel-entre-alcalde-de-garzon-y-el-director-administrativo-de-comfamiliar-huila\/","og_locale":"es_ES","og_type":"article","og_title":"REUNI\u00d3N DE ALTO NIVEL ENTRE ALCALDE DE GARZ\u00d3N Y EL DIRECTOR ADMINISTRATIVO DE COMFAMILIAR HUILA - AR Digital Noticias","og_description":"En una muestra de colaboraci\u00f3n y b\u00fasqueda de sinergias, el director Administrativo de Comfamiliar del Huila Juan Carlos Carvajal Rodr\u00edguez, se reuni\u00f3 con el alcalde de Garz\u00f3n, Francisco Calder\u00f3n Feriz, en un encuentro que tuvo lugar en las instalaciones del edificio municipal. POR: ANDR\u00c9S RODR\u00cdGUEZ. El prop\u00f3sito de esta reuni\u00f3n fue la de continuar explorando [&hellip;]","og_url":"https:\/\/ardigitalnoticias.com\/index.php\/2024\/03\/06\/reunion-de-alto-nivel-entre-alcalde-de-garzon-y-el-director-administrativo-de-comfamiliar-huila\/","og_site_name":"AR Digital Noticias","article_published_time":"2024-03-06T10:20:25+00:00","article_modified_time":"2024-03-06T10:20:26+00:00","og_image":[{"width":1920,"height":1079,"url":"https:\/\/ardigitalnoticias.com\/wp-content\/uploads\/2024\/03\/InShot_20240306_051037498.jpg","type":"image\/jpeg"}],"author":"Editor ArDigitalNoticias","twitter_card":"summary_large_image","twitter_misc":{"Escrito por":"Editor ArDigitalNoticias","Tiempo de lectura":"2 minutos"},"schema":{"@context":"https:\/\/schema.org","@graph":[{"@type":"Article","@id":"https:\/\/ardigitalnoticias.com\/index.php\/2024\/03\/06\/reunion-de-alto-nivel-entre-alcalde-de-garzon-y-el-director-administrativo-de-comfamiliar-huila\/#article","isPartOf":{"@id":"https:\/\/ardigitalnoticias.com\/index.php\/2024\/03\/06\/reunion-de-alto-nivel-entre-alcalde-de-garzon-y-el-director-administrativo-de-comfamiliar-huila\/"},"author":{"name":"Editor ArDigitalNoticias","@id":"https:\/\/ardigitalnoticias.com\/#\/schema\/person\/759c8138ebc77e85adb1aa750003a751"},"headline":"REUNI\u00d3N DE ALTO NIVEL ENTRE ALCALDE DE GARZ\u00d3N Y EL DIRECTOR ADMINISTRATIVO DE COMFAMILIAR HUILA","datePublished":"2024-03-06T10:20:25+00:00","dateModified":"2024-03-06T10:20:26+00:00","mainEntityOfPage":{"@id":"https:\/\/ardigitalnoticias.com\/index.php\/2024\/03\/06\/reunion-de-alto-nivel-entre-alcalde-de-garzon-y-el-director-administrativo-de-comfamiliar-huila\/"},"wordCount":204,"commentCount":0,"publisher":{"@id":"https:\/\/ardigitalnoticias.com\/#organization"},"image":{"@id":"https:\/\/ardigitalnoticias.com\/index.php\/2024\/03\/06\/reunion-de-alto-nivel-entre-alcalde-de-garzon-y-el-director-administrativo-de-comfamiliar-huila\/#primaryimage"},"thumbnailUrl":"https:\/\/ardigitalnoticias.com\/wp-content\/uploads\/2024\/03\/InShot_20240306_051037498.jpg","articleSection":["Garz\u00f3n"],"inLanguage":"es","potentialAction":[{"@type":"CommentAction","name":"Comment","target":["https:\/\/ardigitalnoticias.com\/index.php\/2024\/03\/06\/reunion-de-alto-nivel-entre-alcalde-de-garzon-y-el-director-administrativo-de-comfamiliar-huila\/#respond"]}]},{"@type":"WebPage","@id":"https:\/\/ardigitalnoticias.com\/index.php\/2024\/03\/06\/reunion-de-alto-nivel-entre-alcalde-de-garzon-y-el-director-administrativo-de-comfamiliar-huila\/","url":"https:\/\/ardigitalnoticias.com\/index.php\/2024\/03\/06\/reunion-de-alto-nivel-entre-alcalde-de-garzon-y-el-director-administrativo-de-comfamiliar-huila\/","name":"REUNI\u00d3N DE ALTO NIVEL ENTRE ALCALDE DE GARZ\u00d3N Y EL DIRECTOR ADMINISTRATIVO DE COMFAMILIAR HUILA - AR Digital Noticias","isPartOf":{"@id":"https:\/\/ardigitalnoticias.com\/#website"},"primaryImageOfPage":{"@id":"https:\/\/ardigitalnoticias.com\/index.php\/2024\/03\/06\/reunion-de-alto-nivel-entre-alcalde-de-garzon-y-el-director-administrativo-de-comfamiliar-huila\/#primaryimage"},"image":{"@id":"https:\/\/ardigitalnoticias.com\/index.php\/2024\/03\/06\/reunion-de-alto-nivel-entre-alcalde-de-garzon-y-el-director-administrativo-de-comfamiliar-huila\/#primaryimage"},"thumbnailUrl":"https:\/\/ardigitalnoticias.com\/wp-content\/uploads\/2024\/03\/InShot_20240306_051037498.jpg","datePublished":"2024-03-06T10:20:25+00:00","dateModified":"2024-03-06T10:20:26+00:00","breadcrumb":{"@id":"https:\/\/ardigitalnoticias.com\/index.php\/2024\/03\/06\/reunion-de-alto-nivel-entre-alcalde-de-garzon-y-el-director-administrativo-de-comfamiliar-huila\/#breadcrumb"},"inLanguage":"es","potentialAction":[{"@type":"ReadAction","target":["https:\/\/ardigitalnoticias.com\/index.php\/2024\/03\/06\/reunion-de-alto-nivel-entre-alcalde-de-garzon-y-el-director-administrativo-de-comfamiliar-huila\/"]}]},{"@type":"ImageObject","inLanguage":"es","@id":"https:\/\/ardigitalnoticias.com\/index.php\/2024\/03\/06\/reunion-de-alto-nivel-entre-alcalde-de-garzon-y-el-director-administrativo-de-comfamiliar-huila\/#primaryimage","url":"https:\/\/ardigitalnoticias.com\/wp-content\/uploads\/2024\/03\/InShot_20240306_051037498.jpg","contentUrl":"https:\/\/ardigitalnoticias.com\/wp-content\/uploads\/2024\/03\/InShot_20240306_051037498.jpg","width":1920,"height":1079},{"@type":"BreadcrumbList","@id":"https:\/\/ardigitalnoticias.com\/index.php\/2024\/03\/06\/reunion-de-alto-nivel-entre-alcalde-de-garzon-y-el-director-administrativo-de-comfamiliar-huila\/#breadcrumb","itemListElement":[{"@type":"ListItem","position":1,"name":"Portada","item":"https:\/\/ardigitalnoticias.com\/"},{"@type":"ListItem","position":2,"name":"REUNI\u00d3N DE ALTO NIVEL ENTRE ALCALDE DE GARZ\u00d3N Y EL DIRECTOR ADMINISTRATIVO DE COMFAMILIAR HUILA"}]},{"@type":"WebSite","@id":"https:\/\/ardigitalnoticias.com\/#website","url":"https:\/\/ardigitalnoticias.com\/","name":"AR Digital Noticias","description":"","publisher":{"@id":"https:\/\/ardigitalnoticias.com\/#organization"},"potentialAction":[{"@type":"SearchAction","target":{"@type":"EntryPoint","urlTemplate":"https:\/\/ardigitalnoticias.com\/?s={search_term_string}"},"query-input":{"@type":"PropertyValueSpecification","valueRequired":true,"valueName":"search_term_string"}}],"inLanguage":"es"},{"@type":"Organization","@id":"https:\/\/ardigitalnoticias.com\/#organization","name":"AR Digital Noticias","url":"https:\/\/ardigitalnoticias.com\/","logo":{"@type":"ImageObject","inLanguage":"es","@id":"https:\/\/ardigitalnoticias.com\/#\/schema\/logo\/image\/","url":"https:\/\/ardigitalnoticias.com\/wp-content\/uploads\/2023\/11\/cropped-cropped-cropped-cropped-AR-Digital-Noticias-1.png","contentUrl":"https:\/\/ardigitalnoticias.com\/wp-content\/uploads\/2023\/11\/cropped-cropped-cropped-cropped-AR-Digital-Noticias-1.png","width":972,"height":306,"caption":"AR Digital Noticias"},"image":{"@id":"https:\/\/ardigitalnoticias.com\/#\/schema\/logo\/image\/"}},{"@type":"Person","@id":"https:\/\/ardigitalnoticias.com\/#\/schema\/person\/759c8138ebc77e85adb1aa750003a751","name":"Editor ArDigitalNoticias","image":{"@type":"ImageObject","inLanguage":"es","@id":"https:\/\/secure.gravatar.com\/avatar\/2c7f3656ea34567ef10422f22f4395b6cc422854a0b986ba788597ac36902f93?s=96&d=mm&r=g","url":"https:\/\/secure.gravatar.com\/avatar\/2c7f3656ea34567ef10422f22f4395b6cc422854a0b986ba788597ac36902f93?s=96&d=mm&r=g","contentUrl":"https:\/\/secure.gravatar.com\/avatar\/2c7f3656ea34567ef10422f22f4395b6cc422854a0b986ba788597ac36902f93?s=96&d=mm&r=g","caption":"Editor ArDigitalNoticias"},"sameAs":["http:\/\/ardigitalnoticias.com"],"url":"https:\/\/ardigitalnoticias.com\/index.php\/author\/editor\/"}]}},"_links":{"self":[{"href":"https:\/\/ardigitalnoticias.com\/index.php\/wp-json\/wp\/v2\/posts\/3303","targetHints":{"allow":["GET"]}}],"collection":[{"href":"https:\/\/ardigitalnoticias.com\/index.php\/wp-json\/wp\/v2\/posts"}],"about":[{"href":"https:\/\/ardigitalnoticias.com\/index.php\/wp-json\/wp\/v2\/types\/post"}],"author":[{"embeddable":true,"href":"https:\/\/ardigitalnoticias.com\/index.php\/wp-json\/wp\/v2\/users\/3"}],"replies":[{"embeddable":true,"href":"https:\/\/ardigitalnoticias.com\/index.php\/wp-json\/wp\/v2\/comments?post=3303"}],"version-history":[{"count":1,"href":"https:\/\/ardigitalnoticias.com\/index.php\/wp-json\/wp\/v2\/posts\/3303\/revisions"}],"predecessor-version":[{"id":3308,"href":"https:\/\/ardigitalnoticias.com\/index.php\/wp-json\/wp\/v2\/posts\/3303\/revisions\/3308"}],"wp:featuredmedia":[{"embeddable":true,"href":"https:\/\/ardigitalnoticias.com\/index.php\/wp-json\/wp\/v2\/media\/3307"}],"wp:attachment":[{"href":"https:\/\/ardigitalnoticias.com\/index.php\/wp-json\/wp\/v2\/media?parent=3303"}],"wp:term":[{"taxonomy":"category","embeddable":true,"href":"https:\/\/ardigitalnoticias.com\/index.php\/wp-json\/wp\/v2\/categories?post=3303"},{"taxonomy":"post_tag","embeddable":true,"href":"https:\/\/ardigitalnoticias.com\/index.php\/wp-json\/wp\/v2\/tags?post=3303"}],"curies":[{"name":"wp","href":"https:\/\/api.w.org\/{rel}","templated":true}]}}