{"id":3273,"date":"2024-03-03T19:50:17","date_gmt":"2024-03-04T00:50:17","guid":{"rendered":"https:\/\/ardigitalnoticias.com\/?p=3273"},"modified":"2024-03-03T19:50:18","modified_gmt":"2024-03-04T00:50:18","slug":"reconocido-entrenador-de-futbol-juvenil-de-pitalito-sufre-aparatoso-accidente-en-la-via-altamira-timana","status":"publish","type":"post","link":"https:\/\/ardigitalnoticias.com\/index.php\/2024\/03\/03\/reconocido-entrenador-de-futbol-juvenil-de-pitalito-sufre-aparatoso-accidente-en-la-via-altamira-timana\/","title":{"rendered":"RECONOCIDO ENTRENADOR DE F\u00daTBOL JUVENIL DE PITALITO SUFRE APARATOSO ACCIDENTE EN LA V\u00cdA ALTAMIRA-TIMAN\u00c1"},"content":{"rendered":"\n<p>En un lamentable suceso ocurrido la tarde del domingo, el reconocido entrenador de f\u00fatbol juvenil, Hilde Alfonso Moreno Herrera, conocido cari\u00f1osamente como \u00abEl Profe Man\u00ed\u00bb, sufri\u00f3 un aparatoso accidente en la v\u00eda Altamira-Timan\u00e1.<\/p>\n\n\n\n<p><strong>POR: ANDR\u00c9S RODR\u00cdGUEZ. <\/strong><\/p>\n\n\n<div class=\"wp-block-image\">\n<figure class=\"aligncenter size-full\"><img loading=\"lazy\" decoding=\"async\" width=\"720\" height=\"722\" src=\"https:\/\/ardigitalnoticias.com\/wp-content\/uploads\/2024\/03\/FB_IMG_1709510948468.jpg\" alt=\"\" class=\"wp-image-3274\" srcset=\"https:\/\/ardigitalnoticias.com\/wp-content\/uploads\/2024\/03\/FB_IMG_1709510948468.jpg 720w, https:\/\/ardigitalnoticias.com\/wp-content\/uploads\/2024\/03\/FB_IMG_1709510948468-300x301.jpg 300w, https:\/\/ardigitalnoticias.com\/wp-content\/uploads\/2024\/03\/FB_IMG_1709510948468-150x150.jpg 150w, https:\/\/ardigitalnoticias.com\/wp-content\/uploads\/2024\/03\/FB_IMG_1709510948468-696x698.jpg 696w\" sizes=\"auto, (max-width: 720px) 100vw, 720px\" \/><\/figure>\n<\/div>\n\n\n<p>El incidente tuvo lugar mientras Moreno Herrera se desplazaba en su camioneta luego de participar en un campeonato en el municipio de Tarqui.<\/p>\n\n\n\n<p>Seg\u00fan se pudo establecer, Moreno Herrera perdi\u00f3 el control de su veh\u00edculo, lo que result\u00f3 en un vuelco sobre la v\u00eda. Afortunadamente, tanto \u00e9l como su acompa\u00f1ante lograron salir del accidente con algunas lesiones, las cuales, aunque lamentables, no revistieron gravedad. No obstante, el susto y el impacto emocional fueron evidentes en el momento del suceso.<\/p>\n\n\n\n<p>Este incidente ha generado gran conmoci\u00f3n en la comunidad deportiva local, donde Moreno Herrera es ampliamente reconocido por su dedicaci\u00f3n y pasi\u00f3n por el f\u00fatbol juvenil. Sus colegas, amigos y alumnos expresaron mensajes de apoyo y pronta recuperaci\u00f3n para \u00abEl Profe Man\u00ed\u00bb, destacando su valiosa contribuci\u00f3n al desarrollo del deporte en la regi\u00f3n y su calidad humana como referente para muchos j\u00f3venes futbolistas.<\/p>\n\n\n<div class=\"wp-block-image\">\n<figure class=\"aligncenter size-full\"><img loading=\"lazy\" decoding=\"async\" width=\"720\" height=\"516\" src=\"https:\/\/ardigitalnoticias.com\/wp-content\/uploads\/2024\/03\/FB_IMG_1709510944681.jpg\" alt=\"\" class=\"wp-image-3275\" srcset=\"https:\/\/ardigitalnoticias.com\/wp-content\/uploads\/2024\/03\/FB_IMG_1709510944681.jpg 720w, https:\/\/ardigitalnoticias.com\/wp-content\/uploads\/2024\/03\/FB_IMG_1709510944681-300x215.jpg 300w, https:\/\/ardigitalnoticias.com\/wp-content\/uploads\/2024\/03\/FB_IMG_1709510944681-150x108.jpg 150w, https:\/\/ardigitalnoticias.com\/wp-content\/uploads\/2024\/03\/FB_IMG_1709510944681-696x499.jpg 696w\" sizes=\"auto, (max-width: 720px) 100vw, 720px\" \/><\/figure>\n<\/div>","protected":false},"excerpt":{"rendered":"<p>En un lamentable suceso ocurrido la tarde del domingo, el reconocido entrenador de f\u00fatbol juvenil, Hilde Alfonso Moreno Herrera, conocido cari\u00f1osamente como \u00abEl Profe Man\u00ed\u00bb, sufri\u00f3 un aparatoso accidente en la v\u00eda Altamira-Timan\u00e1. POR: ANDR\u00c9S RODR\u00cdGUEZ. El incidente tuvo lugar mientras Moreno Herrera se desplazaba en su camioneta luego de participar en un campeonato en [&hellip;]<\/p>\n","protected":false},"author":3,"featured_media":3276,"comment_status":"open","ping_status":"open","sticky":false,"template":"","format":"standard","meta":{"_acf_changed":false,"_joinchat":[],"footnotes":""},"categories":[19,28],"tags":[],"class_list":{"0":"post-3273","1":"post","2":"type-post","3":"status-publish","4":"format-standard","5":"has-post-thumbnail","7":"category-regional","8":"category-sur"},"acf":[],"yoast_head":"<!-- This site is optimized with the Yoast SEO plugin v27.5 - https:\/\/yoast.com\/product\/yoast-seo-wordpress\/ -->\n<title>RECONOCIDO ENTRENADOR DE F\u00daTBOL JUVENIL DE PITALITO SUFRE APARATOSO ACCIDENTE EN LA V\u00cdA ALTAMIRA-TIMAN\u00c1 - AR Digital Noticias<\/title>\n<meta name=\"robots\" content=\"index, follow, max-snippet:-1, max-image-preview:large, max-video-preview:-1\" \/>\n<link rel=\"canonical\" href=\"https:\/\/ardigitalnoticias.com\/index.php\/2024\/03\/03\/reconocido-entrenador-de-futbol-juvenil-de-pitalito-sufre-aparatoso-accidente-en-la-via-altamira-timana\/\" \/>\n<meta property=\"og:locale\" content=\"es_ES\" \/>\n<meta property=\"og:type\" content=\"article\" \/>\n<meta property=\"og:title\" content=\"RECONOCIDO ENTRENADOR DE F\u00daTBOL JUVENIL DE PITALITO SUFRE APARATOSO ACCIDENTE EN LA V\u00cdA ALTAMIRA-TIMAN\u00c1 - AR Digital Noticias\" \/>\n<meta property=\"og:description\" content=\"En un lamentable suceso ocurrido la tarde del domingo, el reconocido entrenador de f\u00fatbol juvenil, Hilde Alfonso Moreno Herrera, conocido cari\u00f1osamente como \u00abEl Profe Man\u00ed\u00bb, sufri\u00f3 un aparatoso accidente en la v\u00eda Altamira-Timan\u00e1. POR: ANDR\u00c9S RODR\u00cdGUEZ. El incidente tuvo lugar mientras Moreno Herrera se desplazaba en su camioneta luego de participar en un campeonato en [&hellip;]\" \/>\n<meta property=\"og:url\" content=\"https:\/\/ardigitalnoticias.com\/index.php\/2024\/03\/03\/reconocido-entrenador-de-futbol-juvenil-de-pitalito-sufre-aparatoso-accidente-en-la-via-altamira-timana\/\" \/>\n<meta property=\"og:site_name\" content=\"AR Digital Noticias\" \/>\n<meta property=\"article:published_time\" content=\"2024-03-04T00:50:17+00:00\" \/>\n<meta property=\"article:modified_time\" content=\"2024-03-04T00:50:18+00:00\" \/>\n<meta property=\"og:image\" content=\"https:\/\/ardigitalnoticias.com\/wp-content\/uploads\/2024\/03\/InShot_20240303_193911702.jpg\" \/>\n\t<meta property=\"og:image:width\" content=\"1920\" \/>\n\t<meta property=\"og:image:height\" content=\"1079\" \/>\n\t<meta property=\"og:image:type\" content=\"image\/jpeg\" \/>\n<meta name=\"author\" content=\"Editor ArDigitalNoticias\" \/>\n<meta name=\"twitter:card\" content=\"summary_large_image\" \/>\n<meta name=\"twitter:label1\" content=\"Escrito por\" \/>\n\t<meta name=\"twitter:data1\" content=\"Editor ArDigitalNoticias\" \/>\n\t<meta name=\"twitter:label2\" content=\"Tiempo de lectura\" \/>\n\t<meta name=\"twitter:data2\" content=\"2 minutos\" \/>\n<script type=\"application\/ld+json\" class=\"yoast-schema-graph\">{\"@context\":\"https:\\\/\\\/schema.org\",\"@graph\":[{\"@type\":\"Article\",\"@id\":\"https:\\\/\\\/ardigitalnoticias.com\\\/index.php\\\/2024\\\/03\\\/03\\\/reconocido-entrenador-de-futbol-juvenil-de-pitalito-sufre-aparatoso-accidente-en-la-via-altamira-timana\\\/#article\",\"isPartOf\":{\"@id\":\"https:\\\/\\\/ardigitalnoticias.com\\\/index.php\\\/2024\\\/03\\\/03\\\/reconocido-entrenador-de-futbol-juvenil-de-pitalito-sufre-aparatoso-accidente-en-la-via-altamira-timana\\\/\"},\"author\":{\"name\":\"Editor ArDigitalNoticias\",\"@id\":\"https:\\\/\\\/ardigitalnoticias.com\\\/#\\\/schema\\\/person\\\/759c8138ebc77e85adb1aa750003a751\"},\"headline\":\"RECONOCIDO ENTRENADOR DE F\u00daTBOL JUVENIL DE PITALITO SUFRE APARATOSO ACCIDENTE EN LA V\u00cdA ALTAMIRA-TIMAN\u00c1\",\"datePublished\":\"2024-03-04T00:50:17+00:00\",\"dateModified\":\"2024-03-04T00:50:18+00:00\",\"mainEntityOfPage\":{\"@id\":\"https:\\\/\\\/ardigitalnoticias.com\\\/index.php\\\/2024\\\/03\\\/03\\\/reconocido-entrenador-de-futbol-juvenil-de-pitalito-sufre-aparatoso-accidente-en-la-via-altamira-timana\\\/\"},\"wordCount\":211,\"commentCount\":0,\"publisher\":{\"@id\":\"https:\\\/\\\/ardigitalnoticias.com\\\/#organization\"},\"image\":{\"@id\":\"https:\\\/\\\/ardigitalnoticias.com\\\/index.php\\\/2024\\\/03\\\/03\\\/reconocido-entrenador-de-futbol-juvenil-de-pitalito-sufre-aparatoso-accidente-en-la-via-altamira-timana\\\/#primaryimage\"},\"thumbnailUrl\":\"https:\\\/\\\/ardigitalnoticias.com\\\/wp-content\\\/uploads\\\/2024\\\/03\\\/InShot_20240303_193911702.jpg\",\"articleSection\":[\"Regional\",\"Sur\"],\"inLanguage\":\"es\",\"potentialAction\":[{\"@type\":\"CommentAction\",\"name\":\"Comment\",\"target\":[\"https:\\\/\\\/ardigitalnoticias.com\\\/index.php\\\/2024\\\/03\\\/03\\\/reconocido-entrenador-de-futbol-juvenil-de-pitalito-sufre-aparatoso-accidente-en-la-via-altamira-timana\\\/#respond\"]}]},{\"@type\":\"WebPage\",\"@id\":\"https:\\\/\\\/ardigitalnoticias.com\\\/index.php\\\/2024\\\/03\\\/03\\\/reconocido-entrenador-de-futbol-juvenil-de-pitalito-sufre-aparatoso-accidente-en-la-via-altamira-timana\\\/\",\"url\":\"https:\\\/\\\/ardigitalnoticias.com\\\/index.php\\\/2024\\\/03\\\/03\\\/reconocido-entrenador-de-futbol-juvenil-de-pitalito-sufre-aparatoso-accidente-en-la-via-altamira-timana\\\/\",\"name\":\"RECONOCIDO ENTRENADOR DE F\u00daTBOL JUVENIL DE PITALITO SUFRE APARATOSO ACCIDENTE EN LA V\u00cdA ALTAMIRA-TIMAN\u00c1 - AR Digital Noticias\",\"isPartOf\":{\"@id\":\"https:\\\/\\\/ardigitalnoticias.com\\\/#website\"},\"primaryImageOfPage\":{\"@id\":\"https:\\\/\\\/ardigitalnoticias.com\\\/index.php\\\/2024\\\/03\\\/03\\\/reconocido-entrenador-de-futbol-juvenil-de-pitalito-sufre-aparatoso-accidente-en-la-via-altamira-timana\\\/#primaryimage\"},\"image\":{\"@id\":\"https:\\\/\\\/ardigitalnoticias.com\\\/index.php\\\/2024\\\/03\\\/03\\\/reconocido-entrenador-de-futbol-juvenil-de-pitalito-sufre-aparatoso-accidente-en-la-via-altamira-timana\\\/#primaryimage\"},\"thumbnailUrl\":\"https:\\\/\\\/ardigitalnoticias.com\\\/wp-content\\\/uploads\\\/2024\\\/03\\\/InShot_20240303_193911702.jpg\",\"datePublished\":\"2024-03-04T00:50:17+00:00\",\"dateModified\":\"2024-03-04T00:50:18+00:00\",\"breadcrumb\":{\"@id\":\"https:\\\/\\\/ardigitalnoticias.com\\\/index.php\\\/2024\\\/03\\\/03\\\/reconocido-entrenador-de-futbol-juvenil-de-pitalito-sufre-aparatoso-accidente-en-la-via-altamira-timana\\\/#breadcrumb\"},\"inLanguage\":\"es\",\"potentialAction\":[{\"@type\":\"ReadAction\",\"target\":[\"https:\\\/\\\/ardigitalnoticias.com\\\/index.php\\\/2024\\\/03\\\/03\\\/reconocido-entrenador-de-futbol-juvenil-de-pitalito-sufre-aparatoso-accidente-en-la-via-altamira-timana\\\/\"]}]},{\"@type\":\"ImageObject\",\"inLanguage\":\"es\",\"@id\":\"https:\\\/\\\/ardigitalnoticias.com\\\/index.php\\\/2024\\\/03\\\/03\\\/reconocido-entrenador-de-futbol-juvenil-de-pitalito-sufre-aparatoso-accidente-en-la-via-altamira-timana\\\/#primaryimage\",\"url\":\"https:\\\/\\\/ardigitalnoticias.com\\\/wp-content\\\/uploads\\\/2024\\\/03\\\/InShot_20240303_193911702.jpg\",\"contentUrl\":\"https:\\\/\\\/ardigitalnoticias.com\\\/wp-content\\\/uploads\\\/2024\\\/03\\\/InShot_20240303_193911702.jpg\",\"width\":1920,\"height\":1079},{\"@type\":\"BreadcrumbList\",\"@id\":\"https:\\\/\\\/ardigitalnoticias.com\\\/index.php\\\/2024\\\/03\\\/03\\\/reconocido-entrenador-de-futbol-juvenil-de-pitalito-sufre-aparatoso-accidente-en-la-via-altamira-timana\\\/#breadcrumb\",\"itemListElement\":[{\"@type\":\"ListItem\",\"position\":1,\"name\":\"Portada\",\"item\":\"https:\\\/\\\/ardigitalnoticias.com\\\/\"},{\"@type\":\"ListItem\",\"position\":2,\"name\":\"RECONOCIDO ENTRENADOR DE F\u00daTBOL JUVENIL DE PITALITO SUFRE APARATOSO ACCIDENTE EN LA V\u00cdA ALTAMIRA-TIMAN\u00c1\"}]},{\"@type\":\"WebSite\",\"@id\":\"https:\\\/\\\/ardigitalnoticias.com\\\/#website\",\"url\":\"https:\\\/\\\/ardigitalnoticias.com\\\/\",\"name\":\"AR Digital Noticias\",\"description\":\"\",\"publisher\":{\"@id\":\"https:\\\/\\\/ardigitalnoticias.com\\\/#organization\"},\"potentialAction\":[{\"@type\":\"SearchAction\",\"target\":{\"@type\":\"EntryPoint\",\"urlTemplate\":\"https:\\\/\\\/ardigitalnoticias.com\\\/?s={search_term_string}\"},\"query-input\":{\"@type\":\"PropertyValueSpecification\",\"valueRequired\":true,\"valueName\":\"search_term_string\"}}],\"inLanguage\":\"es\"},{\"@type\":\"Organization\",\"@id\":\"https:\\\/\\\/ardigitalnoticias.com\\\/#organization\",\"name\":\"AR Digital Noticias\",\"url\":\"https:\\\/\\\/ardigitalnoticias.com\\\/\",\"logo\":{\"@type\":\"ImageObject\",\"inLanguage\":\"es\",\"@id\":\"https:\\\/\\\/ardigitalnoticias.com\\\/#\\\/schema\\\/logo\\\/image\\\/\",\"url\":\"https:\\\/\\\/ardigitalnoticias.com\\\/wp-content\\\/uploads\\\/2023\\\/11\\\/cropped-cropped-cropped-cropped-AR-Digital-Noticias-1.png\",\"contentUrl\":\"https:\\\/\\\/ardigitalnoticias.com\\\/wp-content\\\/uploads\\\/2023\\\/11\\\/cropped-cropped-cropped-cropped-AR-Digital-Noticias-1.png\",\"width\":972,\"height\":306,\"caption\":\"AR Digital Noticias\"},\"image\":{\"@id\":\"https:\\\/\\\/ardigitalnoticias.com\\\/#\\\/schema\\\/logo\\\/image\\\/\"}},{\"@type\":\"Person\",\"@id\":\"https:\\\/\\\/ardigitalnoticias.com\\\/#\\\/schema\\\/person\\\/759c8138ebc77e85adb1aa750003a751\",\"name\":\"Editor ArDigitalNoticias\",\"image\":{\"@type\":\"ImageObject\",\"inLanguage\":\"es\",\"@id\":\"https:\\\/\\\/secure.gravatar.com\\\/avatar\\\/2c7f3656ea34567ef10422f22f4395b6cc422854a0b986ba788597ac36902f93?s=96&d=mm&r=g\",\"url\":\"https:\\\/\\\/secure.gravatar.com\\\/avatar\\\/2c7f3656ea34567ef10422f22f4395b6cc422854a0b986ba788597ac36902f93?s=96&d=mm&r=g\",\"contentUrl\":\"https:\\\/\\\/secure.gravatar.com\\\/avatar\\\/2c7f3656ea34567ef10422f22f4395b6cc422854a0b986ba788597ac36902f93?s=96&d=mm&r=g\",\"caption\":\"Editor ArDigitalNoticias\"},\"sameAs\":[\"http:\\\/\\\/ardigitalnoticias.com\"],\"url\":\"https:\\\/\\\/ardigitalnoticias.com\\\/index.php\\\/author\\\/editor\\\/\"}]}<\/script>\n<!-- \/ Yoast SEO plugin. -->","yoast_head_json":{"title":"RECONOCIDO ENTRENADOR DE F\u00daTBOL JUVENIL DE PITALITO SUFRE APARATOSO ACCIDENTE EN LA V\u00cdA ALTAMIRA-TIMAN\u00c1 - AR Digital Noticias","robots":{"index":"index","follow":"follow","max-snippet":"max-snippet:-1","max-image-preview":"max-image-preview:large","max-video-preview":"max-video-preview:-1"},"canonical":"https:\/\/ardigitalnoticias.com\/index.php\/2024\/03\/03\/reconocido-entrenador-de-futbol-juvenil-de-pitalito-sufre-aparatoso-accidente-en-la-via-altamira-timana\/","og_locale":"es_ES","og_type":"article","og_title":"RECONOCIDO ENTRENADOR DE F\u00daTBOL JUVENIL DE PITALITO SUFRE APARATOSO ACCIDENTE EN LA V\u00cdA ALTAMIRA-TIMAN\u00c1 - AR Digital Noticias","og_description":"En un lamentable suceso ocurrido la tarde del domingo, el reconocido entrenador de f\u00fatbol juvenil, Hilde Alfonso Moreno Herrera, conocido cari\u00f1osamente como \u00abEl Profe Man\u00ed\u00bb, sufri\u00f3 un aparatoso accidente en la v\u00eda Altamira-Timan\u00e1. POR: ANDR\u00c9S RODR\u00cdGUEZ. El incidente tuvo lugar mientras Moreno Herrera se desplazaba en su camioneta luego de participar en un campeonato en [&hellip;]","og_url":"https:\/\/ardigitalnoticias.com\/index.php\/2024\/03\/03\/reconocido-entrenador-de-futbol-juvenil-de-pitalito-sufre-aparatoso-accidente-en-la-via-altamira-timana\/","og_site_name":"AR Digital Noticias","article_published_time":"2024-03-04T00:50:17+00:00","article_modified_time":"2024-03-04T00:50:18+00:00","og_image":[{"width":1920,"height":1079,"url":"https:\/\/ardigitalnoticias.com\/wp-content\/uploads\/2024\/03\/InShot_20240303_193911702.jpg","type":"image\/jpeg"}],"author":"Editor ArDigitalNoticias","twitter_card":"summary_large_image","twitter_misc":{"Escrito por":"Editor ArDigitalNoticias","Tiempo de lectura":"2 minutos"},"schema":{"@context":"https:\/\/schema.org","@graph":[{"@type":"Article","@id":"https:\/\/ardigitalnoticias.com\/index.php\/2024\/03\/03\/reconocido-entrenador-de-futbol-juvenil-de-pitalito-sufre-aparatoso-accidente-en-la-via-altamira-timana\/#article","isPartOf":{"@id":"https:\/\/ardigitalnoticias.com\/index.php\/2024\/03\/03\/reconocido-entrenador-de-futbol-juvenil-de-pitalito-sufre-aparatoso-accidente-en-la-via-altamira-timana\/"},"author":{"name":"Editor ArDigitalNoticias","@id":"https:\/\/ardigitalnoticias.com\/#\/schema\/person\/759c8138ebc77e85adb1aa750003a751"},"headline":"RECONOCIDO ENTRENADOR DE F\u00daTBOL JUVENIL DE PITALITO SUFRE APARATOSO ACCIDENTE EN LA V\u00cdA ALTAMIRA-TIMAN\u00c1","datePublished":"2024-03-04T00:50:17+00:00","dateModified":"2024-03-04T00:50:18+00:00","mainEntityOfPage":{"@id":"https:\/\/ardigitalnoticias.com\/index.php\/2024\/03\/03\/reconocido-entrenador-de-futbol-juvenil-de-pitalito-sufre-aparatoso-accidente-en-la-via-altamira-timana\/"},"wordCount":211,"commentCount":0,"publisher":{"@id":"https:\/\/ardigitalnoticias.com\/#organization"},"image":{"@id":"https:\/\/ardigitalnoticias.com\/index.php\/2024\/03\/03\/reconocido-entrenador-de-futbol-juvenil-de-pitalito-sufre-aparatoso-accidente-en-la-via-altamira-timana\/#primaryimage"},"thumbnailUrl":"https:\/\/ardigitalnoticias.com\/wp-content\/uploads\/2024\/03\/InShot_20240303_193911702.jpg","articleSection":["Regional","Sur"],"inLanguage":"es","potentialAction":[{"@type":"CommentAction","name":"Comment","target":["https:\/\/ardigitalnoticias.com\/index.php\/2024\/03\/03\/reconocido-entrenador-de-futbol-juvenil-de-pitalito-sufre-aparatoso-accidente-en-la-via-altamira-timana\/#respond"]}]},{"@type":"WebPage","@id":"https:\/\/ardigitalnoticias.com\/index.php\/2024\/03\/03\/reconocido-entrenador-de-futbol-juvenil-de-pitalito-sufre-aparatoso-accidente-en-la-via-altamira-timana\/","url":"https:\/\/ardigitalnoticias.com\/index.php\/2024\/03\/03\/reconocido-entrenador-de-futbol-juvenil-de-pitalito-sufre-aparatoso-accidente-en-la-via-altamira-timana\/","name":"RECONOCIDO ENTRENADOR DE F\u00daTBOL JUVENIL DE PITALITO SUFRE APARATOSO ACCIDENTE EN LA V\u00cdA ALTAMIRA-TIMAN\u00c1 - AR Digital Noticias","isPartOf":{"@id":"https:\/\/ardigitalnoticias.com\/#website"},"primaryImageOfPage":{"@id":"https:\/\/ardigitalnoticias.com\/index.php\/2024\/03\/03\/reconocido-entrenador-de-futbol-juvenil-de-pitalito-sufre-aparatoso-accidente-en-la-via-altamira-timana\/#primaryimage"},"image":{"@id":"https:\/\/ardigitalnoticias.com\/index.php\/2024\/03\/03\/reconocido-entrenador-de-futbol-juvenil-de-pitalito-sufre-aparatoso-accidente-en-la-via-altamira-timana\/#primaryimage"},"thumbnailUrl":"https:\/\/ardigitalnoticias.com\/wp-content\/uploads\/2024\/03\/InShot_20240303_193911702.jpg","datePublished":"2024-03-04T00:50:17+00:00","dateModified":"2024-03-04T00:50:18+00:00","breadcrumb":{"@id":"https:\/\/ardigitalnoticias.com\/index.php\/2024\/03\/03\/reconocido-entrenador-de-futbol-juvenil-de-pitalito-sufre-aparatoso-accidente-en-la-via-altamira-timana\/#breadcrumb"},"inLanguage":"es","potentialAction":[{"@type":"ReadAction","target":["https:\/\/ardigitalnoticias.com\/index.php\/2024\/03\/03\/reconocido-entrenador-de-futbol-juvenil-de-pitalito-sufre-aparatoso-accidente-en-la-via-altamira-timana\/"]}]},{"@type":"ImageObject","inLanguage":"es","@id":"https:\/\/ardigitalnoticias.com\/index.php\/2024\/03\/03\/reconocido-entrenador-de-futbol-juvenil-de-pitalito-sufre-aparatoso-accidente-en-la-via-altamira-timana\/#primaryimage","url":"https:\/\/ardigitalnoticias.com\/wp-content\/uploads\/2024\/03\/InShot_20240303_193911702.jpg","contentUrl":"https:\/\/ardigitalnoticias.com\/wp-content\/uploads\/2024\/03\/InShot_20240303_193911702.jpg","width":1920,"height":1079},{"@type":"BreadcrumbList","@id":"https:\/\/ardigitalnoticias.com\/index.php\/2024\/03\/03\/reconocido-entrenador-de-futbol-juvenil-de-pitalito-sufre-aparatoso-accidente-en-la-via-altamira-timana\/#breadcrumb","itemListElement":[{"@type":"ListItem","position":1,"name":"Portada","item":"https:\/\/ardigitalnoticias.com\/"},{"@type":"ListItem","position":2,"name":"RECONOCIDO ENTRENADOR DE F\u00daTBOL JUVENIL DE PITALITO SUFRE APARATOSO ACCIDENTE EN LA V\u00cdA ALTAMIRA-TIMAN\u00c1"}]},{"@type":"WebSite","@id":"https:\/\/ardigitalnoticias.com\/#website","url":"https:\/\/ardigitalnoticias.com\/","name":"AR Digital Noticias","description":"","publisher":{"@id":"https:\/\/ardigitalnoticias.com\/#organization"},"potentialAction":[{"@type":"SearchAction","target":{"@type":"EntryPoint","urlTemplate":"https:\/\/ardigitalnoticias.com\/?s={search_term_string}"},"query-input":{"@type":"PropertyValueSpecification","valueRequired":true,"valueName":"search_term_string"}}],"inLanguage":"es"},{"@type":"Organization","@id":"https:\/\/ardigitalnoticias.com\/#organization","name":"AR Digital Noticias","url":"https:\/\/ardigitalnoticias.com\/","logo":{"@type":"ImageObject","inLanguage":"es","@id":"https:\/\/ardigitalnoticias.com\/#\/schema\/logo\/image\/","url":"https:\/\/ardigitalnoticias.com\/wp-content\/uploads\/2023\/11\/cropped-cropped-cropped-cropped-AR-Digital-Noticias-1.png","contentUrl":"https:\/\/ardigitalnoticias.com\/wp-content\/uploads\/2023\/11\/cropped-cropped-cropped-cropped-AR-Digital-Noticias-1.png","width":972,"height":306,"caption":"AR Digital Noticias"},"image":{"@id":"https:\/\/ardigitalnoticias.com\/#\/schema\/logo\/image\/"}},{"@type":"Person","@id":"https:\/\/ardigitalnoticias.com\/#\/schema\/person\/759c8138ebc77e85adb1aa750003a751","name":"Editor ArDigitalNoticias","image":{"@type":"ImageObject","inLanguage":"es","@id":"https:\/\/secure.gravatar.com\/avatar\/2c7f3656ea34567ef10422f22f4395b6cc422854a0b986ba788597ac36902f93?s=96&d=mm&r=g","url":"https:\/\/secure.gravatar.com\/avatar\/2c7f3656ea34567ef10422f22f4395b6cc422854a0b986ba788597ac36902f93?s=96&d=mm&r=g","contentUrl":"https:\/\/secure.gravatar.com\/avatar\/2c7f3656ea34567ef10422f22f4395b6cc422854a0b986ba788597ac36902f93?s=96&d=mm&r=g","caption":"Editor ArDigitalNoticias"},"sameAs":["http:\/\/ardigitalnoticias.com"],"url":"https:\/\/ardigitalnoticias.com\/index.php\/author\/editor\/"}]}},"_links":{"self":[{"href":"https:\/\/ardigitalnoticias.com\/index.php\/wp-json\/wp\/v2\/posts\/3273","targetHints":{"allow":["GET"]}}],"collection":[{"href":"https:\/\/ardigitalnoticias.com\/index.php\/wp-json\/wp\/v2\/posts"}],"about":[{"href":"https:\/\/ardigitalnoticias.com\/index.php\/wp-json\/wp\/v2\/types\/post"}],"author":[{"embeddable":true,"href":"https:\/\/ardigitalnoticias.com\/index.php\/wp-json\/wp\/v2\/users\/3"}],"replies":[{"embeddable":true,"href":"https:\/\/ardigitalnoticias.com\/index.php\/wp-json\/wp\/v2\/comments?post=3273"}],"version-history":[{"count":1,"href":"https:\/\/ardigitalnoticias.com\/index.php\/wp-json\/wp\/v2\/posts\/3273\/revisions"}],"predecessor-version":[{"id":3277,"href":"https:\/\/ardigitalnoticias.com\/index.php\/wp-json\/wp\/v2\/posts\/3273\/revisions\/3277"}],"wp:featuredmedia":[{"embeddable":true,"href":"https:\/\/ardigitalnoticias.com\/index.php\/wp-json\/wp\/v2\/media\/3276"}],"wp:attachment":[{"href":"https:\/\/ardigitalnoticias.com\/index.php\/wp-json\/wp\/v2\/media?parent=3273"}],"wp:term":[{"taxonomy":"category","embeddable":true,"href":"https:\/\/ardigitalnoticias.com\/index.php\/wp-json\/wp\/v2\/categories?post=3273"},{"taxonomy":"post_tag","embeddable":true,"href":"https:\/\/ardigitalnoticias.com\/index.php\/wp-json\/wp\/v2\/tags?post=3273"}],"curies":[{"name":"wp","href":"https:\/\/api.w.org\/{rel}","templated":true}]}}