{"id":2875,"date":"2024-02-22T16:36:38","date_gmt":"2024-02-22T21:36:38","guid":{"rendered":"https:\/\/ardigitalnoticias.com\/?p=2875"},"modified":"2024-02-22T16:36:40","modified_gmt":"2024-02-22T21:36:40","slug":"suspendido-el-alcalde-rivera-huila","status":"publish","type":"post","link":"https:\/\/ardigitalnoticias.com\/index.php\/2024\/02\/22\/suspendido-el-alcalde-rivera-huila\/","title":{"rendered":"SUSPENDIDO EL ALCALDE RIVERA HUILA"},"content":{"rendered":"\n<p>El Tribunal Administrativo del Huila ha decretado la suspensi\u00f3n provisional de la elecci\u00f3n de Luis Humberto Alvarado Guzm\u00e1n como alcalde de Rivera, Huila, para el per\u00edodo 2024-2027.<\/p>\n\n\n\n<p><strong>POR: ANDR\u00c9S RODR\u00cdGUEZ.<\/strong><\/p>\n\n\n\n<p>Esta medida surge tras la instauraci\u00f3n de tres demandas en su contra, relacionadas con su v\u00ednculo familiar con la rectora de la Universidad Surcolombiana, Nidia Guzm\u00e1n, su progenitora.<\/p>\n\n\n<div class=\"wp-block-image\">\n<figure class=\"aligncenter size-full\"><img loading=\"lazy\" decoding=\"async\" width=\"660\" height=\"880\" src=\"https:\/\/ardigitalnoticias.com\/wp-content\/uploads\/2024\/02\/FB_IMG_1708636595112-edited.jpg\" alt=\"\" class=\"wp-image-2877\" srcset=\"https:\/\/ardigitalnoticias.com\/wp-content\/uploads\/2024\/02\/FB_IMG_1708636595112-edited.jpg 660w, https:\/\/ardigitalnoticias.com\/wp-content\/uploads\/2024\/02\/FB_IMG_1708636595112-edited-225x300.jpg 225w, https:\/\/ardigitalnoticias.com\/wp-content\/uploads\/2024\/02\/FB_IMG_1708636595112-edited-150x200.jpg 150w, https:\/\/ardigitalnoticias.com\/wp-content\/uploads\/2024\/02\/FB_IMG_1708636595112-edited-300x400.jpg 300w\" sizes=\"auto, (max-width: 660px) 100vw, 660px\" \/><figcaption class=\"wp-element-caption\"><strong>Luis Humberto Alvarado Guzm\u00e1n<\/strong><\/figcaption><\/figure>\n<\/div>\n\n\n<p>Las demandas presentadas argumentan que Alvarado Guzm\u00e1n se encontraba inhabilitado para ocupar el cargo de alcalde, debido a que su madre ejerci\u00f3 autoridad administrativa en el Municipio de Rivera en los 12 meses previos a su elecci\u00f3n. Esto habr\u00eda generado un conflicto de intereses, ya que se suscribieron contratos y convenios durante la campa\u00f1a electoral que podr\u00edan haber favorecido al ahora suspendido funcionario municipal.<\/p>\n\n\n<div class=\"wp-block-image\">\n<figure class=\"aligncenter size-large\"><img loading=\"lazy\" decoding=\"async\" width=\"1024\" height=\"787\" src=\"https:\/\/ardigitalnoticias.com\/wp-content\/uploads\/2024\/02\/FB_IMG_1708636490902-1024x787.jpg\" alt=\"\" class=\"wp-image-2878\" srcset=\"https:\/\/ardigitalnoticias.com\/wp-content\/uploads\/2024\/02\/FB_IMG_1708636490902-1024x787.jpg 1024w, https:\/\/ardigitalnoticias.com\/wp-content\/uploads\/2024\/02\/FB_IMG_1708636490902-300x231.jpg 300w, https:\/\/ardigitalnoticias.com\/wp-content\/uploads\/2024\/02\/FB_IMG_1708636490902-768x590.jpg 768w, https:\/\/ardigitalnoticias.com\/wp-content\/uploads\/2024\/02\/FB_IMG_1708636490902-150x115.jpg 150w, https:\/\/ardigitalnoticias.com\/wp-content\/uploads\/2024\/02\/FB_IMG_1708636490902-696x535.jpg 696w, https:\/\/ardigitalnoticias.com\/wp-content\/uploads\/2024\/02\/FB_IMG_1708636490902.jpg 1029w\" sizes=\"auto, (max-width: 1024px) 100vw, 1024px\" \/><\/figure>\n<\/div>\n\n\n<p>En respuesta a estas demandas, el Tribunal Administrativo ha ordenado la suspensi\u00f3n provisional de la elecci\u00f3n de Alvarado Guzm\u00e1n. Seg\u00fan la decisi\u00f3n del tribunal, el gobernador deber\u00e1 designar un alcalde encargado mientras se resuelve el fallo definitivo sobre el caso.<\/p>\n\n\n\n<p>Las demandas interpuestas no solo buscan la nulidad de la elecci\u00f3n de Alvarado Guzm\u00e1n como alcalde de Rivera, sino tambi\u00e9n la p\u00e9rdida de su credencial y la convocatoria a nuevas elecciones. Este caso ha generado gran controversia en la localidad, ya que cuestiona la transparencia y legalidad del proceso electoral.<\/p>\n\n\n\n<p>En medio de este escenario judicial, queda pendiente la resoluci\u00f3n final por parte del Tribunal Administrativo del Huila, que determinar\u00e1 el futuro pol\u00edtico de Rivera y el destino del suspendido alcalde Luis Humberto Alvarado Guzm\u00e1n.<\/p>\n\n\n<div class=\"wp-block-image\">\n<figure class=\"aligncenter size-large\"><img loading=\"lazy\" decoding=\"async\" width=\"1024\" height=\"895\" src=\"https:\/\/ardigitalnoticias.com\/wp-content\/uploads\/2024\/02\/FB_IMG_1708636494599-1024x895.jpg\" alt=\"\" class=\"wp-image-2880\" srcset=\"https:\/\/ardigitalnoticias.com\/wp-content\/uploads\/2024\/02\/FB_IMG_1708636494599-1024x895.jpg 1024w, https:\/\/ardigitalnoticias.com\/wp-content\/uploads\/2024\/02\/FB_IMG_1708636494599-300x262.jpg 300w, https:\/\/ardigitalnoticias.com\/wp-content\/uploads\/2024\/02\/FB_IMG_1708636494599-768x671.jpg 768w, https:\/\/ardigitalnoticias.com\/wp-content\/uploads\/2024\/02\/FB_IMG_1708636494599-150x131.jpg 150w, https:\/\/ardigitalnoticias.com\/wp-content\/uploads\/2024\/02\/FB_IMG_1708636494599-696x608.jpg 696w, https:\/\/ardigitalnoticias.com\/wp-content\/uploads\/2024\/02\/FB_IMG_1708636494599-1068x934.jpg 1068w, https:\/\/ardigitalnoticias.com\/wp-content\/uploads\/2024\/02\/FB_IMG_1708636494599.jpg 1080w\" sizes=\"auto, (max-width: 1024px) 100vw, 1024px\" \/><figcaption class=\"wp-element-caption\"><strong>Luis Humberto Alvarado Guzm\u00e1n<\/strong><\/figcaption><\/figure>\n<\/div>","protected":false},"excerpt":{"rendered":"<p>El Tribunal Administrativo del Huila ha decretado la suspensi\u00f3n provisional de la elecci\u00f3n de Luis Humberto Alvarado Guzm\u00e1n como alcalde de Rivera, Huila, para el per\u00edodo 2024-2027. POR: ANDR\u00c9S RODR\u00cdGUEZ. Esta medida surge tras la instauraci\u00f3n de tres demandas en su contra, relacionadas con su v\u00ednculo familiar con la rectora de la Universidad Surcolombiana, Nidia [&hellip;]<\/p>\n","protected":false},"author":2,"featured_media":2879,"comment_status":"open","ping_status":"open","sticky":false,"template":"","format":"standard","meta":{"_acf_changed":false,"_joinchat":[],"footnotes":""},"categories":[20,24],"tags":[],"class_list":{"0":"post-2875","1":"post","2":"type-post","3":"status-publish","4":"format-standard","5":"has-post-thumbnail","7":"category-judicial","8":"category-politica"},"acf":[],"yoast_head":"<!-- This site is optimized with the Yoast SEO plugin v27.5 - https:\/\/yoast.com\/product\/yoast-seo-wordpress\/ -->\n<title>SUSPENDIDO EL ALCALDE RIVERA HUILA - AR Digital Noticias<\/title>\n<meta name=\"robots\" content=\"index, follow, max-snippet:-1, max-image-preview:large, max-video-preview:-1\" \/>\n<link rel=\"canonical\" href=\"https:\/\/www.ardigitalnoticias.com\/index.php\/2024\/02\/22\/suspendido-el-alcalde-rivera-huila\/\" \/>\n<meta property=\"og:locale\" content=\"es_ES\" \/>\n<meta property=\"og:type\" content=\"article\" \/>\n<meta property=\"og:title\" content=\"SUSPENDIDO EL ALCALDE RIVERA HUILA - AR Digital Noticias\" \/>\n<meta property=\"og:description\" content=\"El Tribunal Administrativo del Huila ha decretado la suspensi\u00f3n provisional de la elecci\u00f3n de Luis Humberto Alvarado Guzm\u00e1n como alcalde de Rivera, Huila, para el per\u00edodo 2024-2027. POR: ANDR\u00c9S RODR\u00cdGUEZ. Esta medida surge tras la instauraci\u00f3n de tres demandas en su contra, relacionadas con su v\u00ednculo familiar con la rectora de la Universidad Surcolombiana, Nidia [&hellip;]\" \/>\n<meta property=\"og:url\" content=\"https:\/\/www.ardigitalnoticias.com\/index.php\/2024\/02\/22\/suspendido-el-alcalde-rivera-huila\/\" \/>\n<meta property=\"og:site_name\" content=\"AR Digital Noticias\" \/>\n<meta property=\"article:published_time\" content=\"2024-02-22T21:36:38+00:00\" \/>\n<meta property=\"article:modified_time\" content=\"2024-02-22T21:36:40+00:00\" \/>\n<meta property=\"og:image\" content=\"https:\/\/www.ardigitalnoticias.com\/wp-content\/uploads\/2024\/02\/InShot_20240222_162718668-scaled.jpg\" \/>\n\t<meta property=\"og:image:width\" content=\"2560\" \/>\n\t<meta property=\"og:image:height\" content=\"1439\" \/>\n\t<meta property=\"og:image:type\" content=\"image\/jpeg\" \/>\n<meta name=\"author\" content=\"AR Digital Noticias\" \/>\n<meta name=\"twitter:card\" content=\"summary_large_image\" \/>\n<meta name=\"twitter:label1\" content=\"Escrito por\" \/>\n\t<meta name=\"twitter:data1\" content=\"AR Digital Noticias\" \/>\n\t<meta name=\"twitter:label2\" content=\"Tiempo de lectura\" \/>\n\t<meta name=\"twitter:data2\" content=\"2 minutos\" \/>\n<script type=\"application\/ld+json\" class=\"yoast-schema-graph\">{\"@context\":\"https:\\\/\\\/schema.org\",\"@graph\":[{\"@type\":\"Article\",\"@id\":\"https:\\\/\\\/www.ardigitalnoticias.com\\\/index.php\\\/2024\\\/02\\\/22\\\/suspendido-el-alcalde-rivera-huila\\\/#article\",\"isPartOf\":{\"@id\":\"https:\\\/\\\/www.ardigitalnoticias.com\\\/index.php\\\/2024\\\/02\\\/22\\\/suspendido-el-alcalde-rivera-huila\\\/\"},\"author\":{\"name\":\"AR Digital Noticias\",\"@id\":\"https:\\\/\\\/ardigitalnoticias.com\\\/#\\\/schema\\\/person\\\/3f1b0a96e890d8cba89a76c7558a147c\"},\"headline\":\"SUSPENDIDO EL ALCALDE RIVERA HUILA\",\"datePublished\":\"2024-02-22T21:36:38+00:00\",\"dateModified\":\"2024-02-22T21:36:40+00:00\",\"mainEntityOfPage\":{\"@id\":\"https:\\\/\\\/www.ardigitalnoticias.com\\\/index.php\\\/2024\\\/02\\\/22\\\/suspendido-el-alcalde-rivera-huila\\\/\"},\"wordCount\":287,\"commentCount\":0,\"publisher\":{\"@id\":\"https:\\\/\\\/ardigitalnoticias.com\\\/#organization\"},\"image\":{\"@id\":\"https:\\\/\\\/www.ardigitalnoticias.com\\\/index.php\\\/2024\\\/02\\\/22\\\/suspendido-el-alcalde-rivera-huila\\\/#primaryimage\"},\"thumbnailUrl\":\"https:\\\/\\\/ardigitalnoticias.com\\\/wp-content\\\/uploads\\\/2024\\\/02\\\/InShot_20240222_162718668-scaled.jpg\",\"articleSection\":[\"Judicial\",\"Pol\u00edtica\"],\"inLanguage\":\"es\",\"potentialAction\":[{\"@type\":\"CommentAction\",\"name\":\"Comment\",\"target\":[\"https:\\\/\\\/www.ardigitalnoticias.com\\\/index.php\\\/2024\\\/02\\\/22\\\/suspendido-el-alcalde-rivera-huila\\\/#respond\"]}]},{\"@type\":\"WebPage\",\"@id\":\"https:\\\/\\\/www.ardigitalnoticias.com\\\/index.php\\\/2024\\\/02\\\/22\\\/suspendido-el-alcalde-rivera-huila\\\/\",\"url\":\"https:\\\/\\\/www.ardigitalnoticias.com\\\/index.php\\\/2024\\\/02\\\/22\\\/suspendido-el-alcalde-rivera-huila\\\/\",\"name\":\"SUSPENDIDO EL ALCALDE RIVERA HUILA - AR Digital Noticias\",\"isPartOf\":{\"@id\":\"https:\\\/\\\/ardigitalnoticias.com\\\/#website\"},\"primaryImageOfPage\":{\"@id\":\"https:\\\/\\\/www.ardigitalnoticias.com\\\/index.php\\\/2024\\\/02\\\/22\\\/suspendido-el-alcalde-rivera-huila\\\/#primaryimage\"},\"image\":{\"@id\":\"https:\\\/\\\/www.ardigitalnoticias.com\\\/index.php\\\/2024\\\/02\\\/22\\\/suspendido-el-alcalde-rivera-huila\\\/#primaryimage\"},\"thumbnailUrl\":\"https:\\\/\\\/ardigitalnoticias.com\\\/wp-content\\\/uploads\\\/2024\\\/02\\\/InShot_20240222_162718668-scaled.jpg\",\"datePublished\":\"2024-02-22T21:36:38+00:00\",\"dateModified\":\"2024-02-22T21:36:40+00:00\",\"breadcrumb\":{\"@id\":\"https:\\\/\\\/www.ardigitalnoticias.com\\\/index.php\\\/2024\\\/02\\\/22\\\/suspendido-el-alcalde-rivera-huila\\\/#breadcrumb\"},\"inLanguage\":\"es\",\"potentialAction\":[{\"@type\":\"ReadAction\",\"target\":[\"https:\\\/\\\/www.ardigitalnoticias.com\\\/index.php\\\/2024\\\/02\\\/22\\\/suspendido-el-alcalde-rivera-huila\\\/\"]}]},{\"@type\":\"ImageObject\",\"inLanguage\":\"es\",\"@id\":\"https:\\\/\\\/www.ardigitalnoticias.com\\\/index.php\\\/2024\\\/02\\\/22\\\/suspendido-el-alcalde-rivera-huila\\\/#primaryimage\",\"url\":\"https:\\\/\\\/ardigitalnoticias.com\\\/wp-content\\\/uploads\\\/2024\\\/02\\\/InShot_20240222_162718668-scaled.jpg\",\"contentUrl\":\"https:\\\/\\\/ardigitalnoticias.com\\\/wp-content\\\/uploads\\\/2024\\\/02\\\/InShot_20240222_162718668-scaled.jpg\",\"width\":2560,\"height\":1439},{\"@type\":\"BreadcrumbList\",\"@id\":\"https:\\\/\\\/www.ardigitalnoticias.com\\\/index.php\\\/2024\\\/02\\\/22\\\/suspendido-el-alcalde-rivera-huila\\\/#breadcrumb\",\"itemListElement\":[{\"@type\":\"ListItem\",\"position\":1,\"name\":\"Portada\",\"item\":\"https:\\\/\\\/ardigitalnoticias.com\\\/\"},{\"@type\":\"ListItem\",\"position\":2,\"name\":\"SUSPENDIDO EL ALCALDE RIVERA HUILA\"}]},{\"@type\":\"WebSite\",\"@id\":\"https:\\\/\\\/ardigitalnoticias.com\\\/#website\",\"url\":\"https:\\\/\\\/ardigitalnoticias.com\\\/\",\"name\":\"AR Digital Noticias\",\"description\":\"\",\"publisher\":{\"@id\":\"https:\\\/\\\/ardigitalnoticias.com\\\/#organization\"},\"potentialAction\":[{\"@type\":\"SearchAction\",\"target\":{\"@type\":\"EntryPoint\",\"urlTemplate\":\"https:\\\/\\\/ardigitalnoticias.com\\\/?s={search_term_string}\"},\"query-input\":{\"@type\":\"PropertyValueSpecification\",\"valueRequired\":true,\"valueName\":\"search_term_string\"}}],\"inLanguage\":\"es\"},{\"@type\":\"Organization\",\"@id\":\"https:\\\/\\\/ardigitalnoticias.com\\\/#organization\",\"name\":\"AR Digital Noticias\",\"url\":\"https:\\\/\\\/ardigitalnoticias.com\\\/\",\"logo\":{\"@type\":\"ImageObject\",\"inLanguage\":\"es\",\"@id\":\"https:\\\/\\\/ardigitalnoticias.com\\\/#\\\/schema\\\/logo\\\/image\\\/\",\"url\":\"https:\\\/\\\/ardigitalnoticias.com\\\/wp-content\\\/uploads\\\/2023\\\/11\\\/cropped-cropped-cropped-cropped-AR-Digital-Noticias-1.png\",\"contentUrl\":\"https:\\\/\\\/ardigitalnoticias.com\\\/wp-content\\\/uploads\\\/2023\\\/11\\\/cropped-cropped-cropped-cropped-AR-Digital-Noticias-1.png\",\"width\":972,\"height\":306,\"caption\":\"AR Digital Noticias\"},\"image\":{\"@id\":\"https:\\\/\\\/ardigitalnoticias.com\\\/#\\\/schema\\\/logo\\\/image\\\/\"}},{\"@type\":\"Person\",\"@id\":\"https:\\\/\\\/ardigitalnoticias.com\\\/#\\\/schema\\\/person\\\/3f1b0a96e890d8cba89a76c7558a147c\",\"name\":\"AR Digital Noticias\",\"image\":{\"@type\":\"ImageObject\",\"inLanguage\":\"es\",\"@id\":\"https:\\\/\\\/secure.gravatar.com\\\/avatar\\\/55d1acd2f9cac74c99f42fcb5090c2f994204a6f6c571cf4c3001ae692cb9b34?s=96&d=mm&r=g\",\"url\":\"https:\\\/\\\/secure.gravatar.com\\\/avatar\\\/55d1acd2f9cac74c99f42fcb5090c2f994204a6f6c571cf4c3001ae692cb9b34?s=96&d=mm&r=g\",\"contentUrl\":\"https:\\\/\\\/secure.gravatar.com\\\/avatar\\\/55d1acd2f9cac74c99f42fcb5090c2f994204a6f6c571cf4c3001ae692cb9b34?s=96&d=mm&r=g\",\"caption\":\"AR Digital Noticias\"},\"sameAs\":[\"http:\\\/\\\/ardigitalnoticias.com\"],\"url\":\"https:\\\/\\\/ardigitalnoticias.com\\\/index.php\\\/author\\\/editorial\\\/\"}]}<\/script>\n<!-- \/ Yoast SEO plugin. -->","yoast_head_json":{"title":"SUSPENDIDO EL ALCALDE RIVERA HUILA - AR Digital Noticias","robots":{"index":"index","follow":"follow","max-snippet":"max-snippet:-1","max-image-preview":"max-image-preview:large","max-video-preview":"max-video-preview:-1"},"canonical":"https:\/\/www.ardigitalnoticias.com\/index.php\/2024\/02\/22\/suspendido-el-alcalde-rivera-huila\/","og_locale":"es_ES","og_type":"article","og_title":"SUSPENDIDO EL ALCALDE RIVERA HUILA - AR Digital Noticias","og_description":"El Tribunal Administrativo del Huila ha decretado la suspensi\u00f3n provisional de la elecci\u00f3n de Luis Humberto Alvarado Guzm\u00e1n como alcalde de Rivera, Huila, para el per\u00edodo 2024-2027. POR: ANDR\u00c9S RODR\u00cdGUEZ. Esta medida surge tras la instauraci\u00f3n de tres demandas en su contra, relacionadas con su v\u00ednculo familiar con la rectora de la Universidad Surcolombiana, Nidia [&hellip;]","og_url":"https:\/\/www.ardigitalnoticias.com\/index.php\/2024\/02\/22\/suspendido-el-alcalde-rivera-huila\/","og_site_name":"AR Digital Noticias","article_published_time":"2024-02-22T21:36:38+00:00","article_modified_time":"2024-02-22T21:36:40+00:00","og_image":[{"width":2560,"height":1439,"url":"https:\/\/www.ardigitalnoticias.com\/wp-content\/uploads\/2024\/02\/InShot_20240222_162718668-scaled.jpg","type":"image\/jpeg"}],"author":"AR Digital Noticias","twitter_card":"summary_large_image","twitter_misc":{"Escrito por":"AR Digital Noticias","Tiempo de lectura":"2 minutos"},"schema":{"@context":"https:\/\/schema.org","@graph":[{"@type":"Article","@id":"https:\/\/www.ardigitalnoticias.com\/index.php\/2024\/02\/22\/suspendido-el-alcalde-rivera-huila\/#article","isPartOf":{"@id":"https:\/\/www.ardigitalnoticias.com\/index.php\/2024\/02\/22\/suspendido-el-alcalde-rivera-huila\/"},"author":{"name":"AR Digital Noticias","@id":"https:\/\/ardigitalnoticias.com\/#\/schema\/person\/3f1b0a96e890d8cba89a76c7558a147c"},"headline":"SUSPENDIDO EL ALCALDE RIVERA HUILA","datePublished":"2024-02-22T21:36:38+00:00","dateModified":"2024-02-22T21:36:40+00:00","mainEntityOfPage":{"@id":"https:\/\/www.ardigitalnoticias.com\/index.php\/2024\/02\/22\/suspendido-el-alcalde-rivera-huila\/"},"wordCount":287,"commentCount":0,"publisher":{"@id":"https:\/\/ardigitalnoticias.com\/#organization"},"image":{"@id":"https:\/\/www.ardigitalnoticias.com\/index.php\/2024\/02\/22\/suspendido-el-alcalde-rivera-huila\/#primaryimage"},"thumbnailUrl":"https:\/\/ardigitalnoticias.com\/wp-content\/uploads\/2024\/02\/InShot_20240222_162718668-scaled.jpg","articleSection":["Judicial","Pol\u00edtica"],"inLanguage":"es","potentialAction":[{"@type":"CommentAction","name":"Comment","target":["https:\/\/www.ardigitalnoticias.com\/index.php\/2024\/02\/22\/suspendido-el-alcalde-rivera-huila\/#respond"]}]},{"@type":"WebPage","@id":"https:\/\/www.ardigitalnoticias.com\/index.php\/2024\/02\/22\/suspendido-el-alcalde-rivera-huila\/","url":"https:\/\/www.ardigitalnoticias.com\/index.php\/2024\/02\/22\/suspendido-el-alcalde-rivera-huila\/","name":"SUSPENDIDO EL ALCALDE RIVERA HUILA - AR Digital Noticias","isPartOf":{"@id":"https:\/\/ardigitalnoticias.com\/#website"},"primaryImageOfPage":{"@id":"https:\/\/www.ardigitalnoticias.com\/index.php\/2024\/02\/22\/suspendido-el-alcalde-rivera-huila\/#primaryimage"},"image":{"@id":"https:\/\/www.ardigitalnoticias.com\/index.php\/2024\/02\/22\/suspendido-el-alcalde-rivera-huila\/#primaryimage"},"thumbnailUrl":"https:\/\/ardigitalnoticias.com\/wp-content\/uploads\/2024\/02\/InShot_20240222_162718668-scaled.jpg","datePublished":"2024-02-22T21:36:38+00:00","dateModified":"2024-02-22T21:36:40+00:00","breadcrumb":{"@id":"https:\/\/www.ardigitalnoticias.com\/index.php\/2024\/02\/22\/suspendido-el-alcalde-rivera-huila\/#breadcrumb"},"inLanguage":"es","potentialAction":[{"@type":"ReadAction","target":["https:\/\/www.ardigitalnoticias.com\/index.php\/2024\/02\/22\/suspendido-el-alcalde-rivera-huila\/"]}]},{"@type":"ImageObject","inLanguage":"es","@id":"https:\/\/www.ardigitalnoticias.com\/index.php\/2024\/02\/22\/suspendido-el-alcalde-rivera-huila\/#primaryimage","url":"https:\/\/ardigitalnoticias.com\/wp-content\/uploads\/2024\/02\/InShot_20240222_162718668-scaled.jpg","contentUrl":"https:\/\/ardigitalnoticias.com\/wp-content\/uploads\/2024\/02\/InShot_20240222_162718668-scaled.jpg","width":2560,"height":1439},{"@type":"BreadcrumbList","@id":"https:\/\/www.ardigitalnoticias.com\/index.php\/2024\/02\/22\/suspendido-el-alcalde-rivera-huila\/#breadcrumb","itemListElement":[{"@type":"ListItem","position":1,"name":"Portada","item":"https:\/\/ardigitalnoticias.com\/"},{"@type":"ListItem","position":2,"name":"SUSPENDIDO EL ALCALDE RIVERA HUILA"}]},{"@type":"WebSite","@id":"https:\/\/ardigitalnoticias.com\/#website","url":"https:\/\/ardigitalnoticias.com\/","name":"AR Digital Noticias","description":"","publisher":{"@id":"https:\/\/ardigitalnoticias.com\/#organization"},"potentialAction":[{"@type":"SearchAction","target":{"@type":"EntryPoint","urlTemplate":"https:\/\/ardigitalnoticias.com\/?s={search_term_string}"},"query-input":{"@type":"PropertyValueSpecification","valueRequired":true,"valueName":"search_term_string"}}],"inLanguage":"es"},{"@type":"Organization","@id":"https:\/\/ardigitalnoticias.com\/#organization","name":"AR Digital Noticias","url":"https:\/\/ardigitalnoticias.com\/","logo":{"@type":"ImageObject","inLanguage":"es","@id":"https:\/\/ardigitalnoticias.com\/#\/schema\/logo\/image\/","url":"https:\/\/ardigitalnoticias.com\/wp-content\/uploads\/2023\/11\/cropped-cropped-cropped-cropped-AR-Digital-Noticias-1.png","contentUrl":"https:\/\/ardigitalnoticias.com\/wp-content\/uploads\/2023\/11\/cropped-cropped-cropped-cropped-AR-Digital-Noticias-1.png","width":972,"height":306,"caption":"AR Digital Noticias"},"image":{"@id":"https:\/\/ardigitalnoticias.com\/#\/schema\/logo\/image\/"}},{"@type":"Person","@id":"https:\/\/ardigitalnoticias.com\/#\/schema\/person\/3f1b0a96e890d8cba89a76c7558a147c","name":"AR Digital Noticias","image":{"@type":"ImageObject","inLanguage":"es","@id":"https:\/\/secure.gravatar.com\/avatar\/55d1acd2f9cac74c99f42fcb5090c2f994204a6f6c571cf4c3001ae692cb9b34?s=96&d=mm&r=g","url":"https:\/\/secure.gravatar.com\/avatar\/55d1acd2f9cac74c99f42fcb5090c2f994204a6f6c571cf4c3001ae692cb9b34?s=96&d=mm&r=g","contentUrl":"https:\/\/secure.gravatar.com\/avatar\/55d1acd2f9cac74c99f42fcb5090c2f994204a6f6c571cf4c3001ae692cb9b34?s=96&d=mm&r=g","caption":"AR Digital Noticias"},"sameAs":["http:\/\/ardigitalnoticias.com"],"url":"https:\/\/ardigitalnoticias.com\/index.php\/author\/editorial\/"}]}},"_links":{"self":[{"href":"https:\/\/ardigitalnoticias.com\/index.php\/wp-json\/wp\/v2\/posts\/2875","targetHints":{"allow":["GET"]}}],"collection":[{"href":"https:\/\/ardigitalnoticias.com\/index.php\/wp-json\/wp\/v2\/posts"}],"about":[{"href":"https:\/\/ardigitalnoticias.com\/index.php\/wp-json\/wp\/v2\/types\/post"}],"author":[{"embeddable":true,"href":"https:\/\/ardigitalnoticias.com\/index.php\/wp-json\/wp\/v2\/users\/2"}],"replies":[{"embeddable":true,"href":"https:\/\/ardigitalnoticias.com\/index.php\/wp-json\/wp\/v2\/comments?post=2875"}],"version-history":[{"count":1,"href":"https:\/\/ardigitalnoticias.com\/index.php\/wp-json\/wp\/v2\/posts\/2875\/revisions"}],"predecessor-version":[{"id":2881,"href":"https:\/\/ardigitalnoticias.com\/index.php\/wp-json\/wp\/v2\/posts\/2875\/revisions\/2881"}],"wp:featuredmedia":[{"embeddable":true,"href":"https:\/\/ardigitalnoticias.com\/index.php\/wp-json\/wp\/v2\/media\/2879"}],"wp:attachment":[{"href":"https:\/\/ardigitalnoticias.com\/index.php\/wp-json\/wp\/v2\/media?parent=2875"}],"wp:term":[{"taxonomy":"category","embeddable":true,"href":"https:\/\/ardigitalnoticias.com\/index.php\/wp-json\/wp\/v2\/categories?post=2875"},{"taxonomy":"post_tag","embeddable":true,"href":"https:\/\/ardigitalnoticias.com\/index.php\/wp-json\/wp\/v2\/tags?post=2875"}],"curies":[{"name":"wp","href":"https:\/\/api.w.org\/{rel}","templated":true}]}}