{"id":2655,"date":"2024-02-11T11:25:58","date_gmt":"2024-02-11T16:25:58","guid":{"rendered":"https:\/\/ardigitalnoticias.com\/?p=2655"},"modified":"2024-02-11T11:25:59","modified_gmt":"2024-02-11T16:25:59","slug":"mujer-asesinada-en-via-de-neiva-palermo-autoridades-inician-investigacion","status":"publish","type":"post","link":"https:\/\/ardigitalnoticias.com\/index.php\/2024\/02\/11\/mujer-asesinada-en-via-de-neiva-palermo-autoridades-inician-investigacion\/","title":{"rendered":"MUJER ASESINADA EN V\u00cdA DE NEIVA &#8211; PALERMO AUTORIDADES INICIAN INVESTIGACI\u00d3N"},"content":{"rendered":"\n<p>La Polic\u00eda Metropolitana de Neiva confirm\u00f3 el tr\u00e1gico hallazgo ocurrido en la ma\u00f1ana de hoy, donde una mujer fue encontrada sin vida en la v\u00eda que conduce de la ciudad de Neiva al municipio de Palermo.<\/p>\n\n\n\n<p><strong>POR: ANDR\u00c9S RODR\u00cdGUEZ. <\/strong><\/p>\n\n\n\n<p>Seg\u00fan se estableci\u00f3, aproximadamente a las 6:30 de la ma\u00f1ana, se recibi\u00f3 un reporte al n\u00famero de emergencia 123, alertando sobre el cuerpo sin vida de una mujer a un costado de la v\u00eda. La v\u00edctima presentaba lesiones que parec\u00edan haber sido causadas con un arma corto punzante.<\/p>\n\n\n\n<p>Tras conocer el caso, unidades del Modelo Nacional de Vigilancia Comunitaria por Cuadrantes y efectivos de la Seccional de Investigaci\u00f3n Criminal se desplazaron al lugar, donde lamentablemente encontraron el cuerpo parcialmente desnudo de una mujer de unos 30 a\u00f1os de edad.<\/p>\n\n\n\n<p>En estos momentos, la Fiscal\u00eda General de la Naci\u00f3n est\u00e1 llevando a cabo las actividades de indagaci\u00f3n correspondientes, con el objetivo de recolectar evidencia que permita la identificaci\u00f3n de la v\u00edctima y esclarecer las circunstancias exactas en que ocurrieron los hechos.<\/p>\n\n\n\n<p>La Polic\u00eda hace un llamado a la ciudadan\u00eda para que brinde cualquier informaci\u00f3n que pueda ser \u00fatil en la identificaci\u00f3n y captura de los responsables de este terrible crimen. Se insta a comunicarse a la l\u00ednea de emergencia 123 o dirigirse a las instalaciones de la SIJIN para colaborar con la investigaci\u00f3n.<\/p>\n","protected":false},"excerpt":{"rendered":"<p>La Polic\u00eda Metropolitana de Neiva confirm\u00f3 el tr\u00e1gico hallazgo ocurrido en la ma\u00f1ana de hoy, donde una mujer fue encontrada sin vida en la v\u00eda que conduce de la ciudad de Neiva al municipio de Palermo. POR: ANDR\u00c9S RODR\u00cdGUEZ. Seg\u00fan se estableci\u00f3, aproximadamente a las 6:30 de la ma\u00f1ana, se recibi\u00f3 un reporte al n\u00famero [&hellip;]<\/p>\n","protected":false},"author":2,"featured_media":2656,"comment_status":"open","ping_status":"open","sticky":false,"template":"","format":"standard","meta":{"_acf_changed":false,"_joinchat":[],"footnotes":""},"categories":[20],"tags":[],"class_list":{"0":"post-2655","1":"post","2":"type-post","3":"status-publish","4":"format-standard","5":"has-post-thumbnail","7":"category-judicial"},"acf":[],"yoast_head":"<!-- This site is optimized with the Yoast SEO plugin v27.5 - https:\/\/yoast.com\/product\/yoast-seo-wordpress\/ -->\n<title>MUJER ASESINADA EN V\u00cdA DE NEIVA - PALERMO AUTORIDADES INICIAN INVESTIGACI\u00d3N - AR Digital Noticias<\/title>\n<meta name=\"robots\" content=\"index, follow, max-snippet:-1, max-image-preview:large, max-video-preview:-1\" \/>\n<link rel=\"canonical\" href=\"https:\/\/ardigitalnoticias.com\/index.php\/2024\/02\/11\/mujer-asesinada-en-via-de-neiva-palermo-autoridades-inician-investigacion\/\" \/>\n<meta property=\"og:locale\" content=\"es_ES\" \/>\n<meta property=\"og:type\" content=\"article\" \/>\n<meta property=\"og:title\" content=\"MUJER ASESINADA EN V\u00cdA DE NEIVA - PALERMO AUTORIDADES INICIAN INVESTIGACI\u00d3N - AR Digital Noticias\" \/>\n<meta property=\"og:description\" content=\"La Polic\u00eda Metropolitana de Neiva confirm\u00f3 el tr\u00e1gico hallazgo ocurrido en la ma\u00f1ana de hoy, donde una mujer fue encontrada sin vida en la v\u00eda que conduce de la ciudad de Neiva al municipio de Palermo. POR: ANDR\u00c9S RODR\u00cdGUEZ. Seg\u00fan se estableci\u00f3, aproximadamente a las 6:30 de la ma\u00f1ana, se recibi\u00f3 un reporte al n\u00famero [&hellip;]\" \/>\n<meta property=\"og:url\" content=\"https:\/\/ardigitalnoticias.com\/index.php\/2024\/02\/11\/mujer-asesinada-en-via-de-neiva-palermo-autoridades-inician-investigacion\/\" \/>\n<meta property=\"og:site_name\" content=\"AR Digital Noticias\" \/>\n<meta property=\"article:published_time\" content=\"2024-02-11T16:25:58+00:00\" \/>\n<meta property=\"article:modified_time\" content=\"2024-02-11T16:25:59+00:00\" \/>\n<meta property=\"og:image\" content=\"https:\/\/ardigitalnoticias.com\/wp-content\/uploads\/2024\/02\/InShot_20240211_111816957-scaled.jpg\" \/>\n\t<meta property=\"og:image:width\" content=\"2560\" \/>\n\t<meta property=\"og:image:height\" content=\"1439\" \/>\n\t<meta property=\"og:image:type\" content=\"image\/jpeg\" \/>\n<meta name=\"author\" content=\"AR Digital Noticias\" \/>\n<meta name=\"twitter:card\" content=\"summary_large_image\" \/>\n<meta name=\"twitter:label1\" content=\"Escrito por\" \/>\n\t<meta name=\"twitter:data1\" content=\"AR Digital Noticias\" \/>\n\t<meta name=\"twitter:label2\" content=\"Tiempo de lectura\" \/>\n\t<meta name=\"twitter:data2\" content=\"2 minutos\" \/>\n<script type=\"application\/ld+json\" class=\"yoast-schema-graph\">{\"@context\":\"https:\\\/\\\/schema.org\",\"@graph\":[{\"@type\":\"Article\",\"@id\":\"https:\\\/\\\/ardigitalnoticias.com\\\/index.php\\\/2024\\\/02\\\/11\\\/mujer-asesinada-en-via-de-neiva-palermo-autoridades-inician-investigacion\\\/#article\",\"isPartOf\":{\"@id\":\"https:\\\/\\\/ardigitalnoticias.com\\\/index.php\\\/2024\\\/02\\\/11\\\/mujer-asesinada-en-via-de-neiva-palermo-autoridades-inician-investigacion\\\/\"},\"author\":{\"name\":\"AR Digital Noticias\",\"@id\":\"https:\\\/\\\/ardigitalnoticias.com\\\/#\\\/schema\\\/person\\\/3f1b0a96e890d8cba89a76c7558a147c\"},\"headline\":\"MUJER ASESINADA EN V\u00cdA DE NEIVA &#8211; PALERMO AUTORIDADES INICIAN INVESTIGACI\u00d3N\",\"datePublished\":\"2024-02-11T16:25:58+00:00\",\"dateModified\":\"2024-02-11T16:25:59+00:00\",\"mainEntityOfPage\":{\"@id\":\"https:\\\/\\\/ardigitalnoticias.com\\\/index.php\\\/2024\\\/02\\\/11\\\/mujer-asesinada-en-via-de-neiva-palermo-autoridades-inician-investigacion\\\/\"},\"wordCount\":255,\"commentCount\":0,\"publisher\":{\"@id\":\"https:\\\/\\\/ardigitalnoticias.com\\\/#organization\"},\"image\":{\"@id\":\"https:\\\/\\\/ardigitalnoticias.com\\\/index.php\\\/2024\\\/02\\\/11\\\/mujer-asesinada-en-via-de-neiva-palermo-autoridades-inician-investigacion\\\/#primaryimage\"},\"thumbnailUrl\":\"https:\\\/\\\/ardigitalnoticias.com\\\/wp-content\\\/uploads\\\/2024\\\/02\\\/InShot_20240211_111816957-scaled.jpg\",\"articleSection\":[\"Judicial\"],\"inLanguage\":\"es\",\"potentialAction\":[{\"@type\":\"CommentAction\",\"name\":\"Comment\",\"target\":[\"https:\\\/\\\/ardigitalnoticias.com\\\/index.php\\\/2024\\\/02\\\/11\\\/mujer-asesinada-en-via-de-neiva-palermo-autoridades-inician-investigacion\\\/#respond\"]}]},{\"@type\":\"WebPage\",\"@id\":\"https:\\\/\\\/ardigitalnoticias.com\\\/index.php\\\/2024\\\/02\\\/11\\\/mujer-asesinada-en-via-de-neiva-palermo-autoridades-inician-investigacion\\\/\",\"url\":\"https:\\\/\\\/ardigitalnoticias.com\\\/index.php\\\/2024\\\/02\\\/11\\\/mujer-asesinada-en-via-de-neiva-palermo-autoridades-inician-investigacion\\\/\",\"name\":\"MUJER ASESINADA EN V\u00cdA DE NEIVA - PALERMO AUTORIDADES INICIAN INVESTIGACI\u00d3N - AR Digital Noticias\",\"isPartOf\":{\"@id\":\"https:\\\/\\\/ardigitalnoticias.com\\\/#website\"},\"primaryImageOfPage\":{\"@id\":\"https:\\\/\\\/ardigitalnoticias.com\\\/index.php\\\/2024\\\/02\\\/11\\\/mujer-asesinada-en-via-de-neiva-palermo-autoridades-inician-investigacion\\\/#primaryimage\"},\"image\":{\"@id\":\"https:\\\/\\\/ardigitalnoticias.com\\\/index.php\\\/2024\\\/02\\\/11\\\/mujer-asesinada-en-via-de-neiva-palermo-autoridades-inician-investigacion\\\/#primaryimage\"},\"thumbnailUrl\":\"https:\\\/\\\/ardigitalnoticias.com\\\/wp-content\\\/uploads\\\/2024\\\/02\\\/InShot_20240211_111816957-scaled.jpg\",\"datePublished\":\"2024-02-11T16:25:58+00:00\",\"dateModified\":\"2024-02-11T16:25:59+00:00\",\"breadcrumb\":{\"@id\":\"https:\\\/\\\/ardigitalnoticias.com\\\/index.php\\\/2024\\\/02\\\/11\\\/mujer-asesinada-en-via-de-neiva-palermo-autoridades-inician-investigacion\\\/#breadcrumb\"},\"inLanguage\":\"es\",\"potentialAction\":[{\"@type\":\"ReadAction\",\"target\":[\"https:\\\/\\\/ardigitalnoticias.com\\\/index.php\\\/2024\\\/02\\\/11\\\/mujer-asesinada-en-via-de-neiva-palermo-autoridades-inician-investigacion\\\/\"]}]},{\"@type\":\"ImageObject\",\"inLanguage\":\"es\",\"@id\":\"https:\\\/\\\/ardigitalnoticias.com\\\/index.php\\\/2024\\\/02\\\/11\\\/mujer-asesinada-en-via-de-neiva-palermo-autoridades-inician-investigacion\\\/#primaryimage\",\"url\":\"https:\\\/\\\/ardigitalnoticias.com\\\/wp-content\\\/uploads\\\/2024\\\/02\\\/InShot_20240211_111816957-scaled.jpg\",\"contentUrl\":\"https:\\\/\\\/ardigitalnoticias.com\\\/wp-content\\\/uploads\\\/2024\\\/02\\\/InShot_20240211_111816957-scaled.jpg\",\"width\":2560,\"height\":1439},{\"@type\":\"BreadcrumbList\",\"@id\":\"https:\\\/\\\/ardigitalnoticias.com\\\/index.php\\\/2024\\\/02\\\/11\\\/mujer-asesinada-en-via-de-neiva-palermo-autoridades-inician-investigacion\\\/#breadcrumb\",\"itemListElement\":[{\"@type\":\"ListItem\",\"position\":1,\"name\":\"Portada\",\"item\":\"https:\\\/\\\/ardigitalnoticias.com\\\/\"},{\"@type\":\"ListItem\",\"position\":2,\"name\":\"MUJER ASESINADA EN V\u00cdA DE NEIVA &#8211; PALERMO AUTORIDADES INICIAN INVESTIGACI\u00d3N\"}]},{\"@type\":\"WebSite\",\"@id\":\"https:\\\/\\\/ardigitalnoticias.com\\\/#website\",\"url\":\"https:\\\/\\\/ardigitalnoticias.com\\\/\",\"name\":\"AR Digital Noticias\",\"description\":\"\",\"publisher\":{\"@id\":\"https:\\\/\\\/ardigitalnoticias.com\\\/#organization\"},\"potentialAction\":[{\"@type\":\"SearchAction\",\"target\":{\"@type\":\"EntryPoint\",\"urlTemplate\":\"https:\\\/\\\/ardigitalnoticias.com\\\/?s={search_term_string}\"},\"query-input\":{\"@type\":\"PropertyValueSpecification\",\"valueRequired\":true,\"valueName\":\"search_term_string\"}}],\"inLanguage\":\"es\"},{\"@type\":\"Organization\",\"@id\":\"https:\\\/\\\/ardigitalnoticias.com\\\/#organization\",\"name\":\"AR Digital Noticias\",\"url\":\"https:\\\/\\\/ardigitalnoticias.com\\\/\",\"logo\":{\"@type\":\"ImageObject\",\"inLanguage\":\"es\",\"@id\":\"https:\\\/\\\/ardigitalnoticias.com\\\/#\\\/schema\\\/logo\\\/image\\\/\",\"url\":\"https:\\\/\\\/ardigitalnoticias.com\\\/wp-content\\\/uploads\\\/2023\\\/11\\\/cropped-cropped-cropped-cropped-AR-Digital-Noticias-1.png\",\"contentUrl\":\"https:\\\/\\\/ardigitalnoticias.com\\\/wp-content\\\/uploads\\\/2023\\\/11\\\/cropped-cropped-cropped-cropped-AR-Digital-Noticias-1.png\",\"width\":972,\"height\":306,\"caption\":\"AR Digital Noticias\"},\"image\":{\"@id\":\"https:\\\/\\\/ardigitalnoticias.com\\\/#\\\/schema\\\/logo\\\/image\\\/\"}},{\"@type\":\"Person\",\"@id\":\"https:\\\/\\\/ardigitalnoticias.com\\\/#\\\/schema\\\/person\\\/3f1b0a96e890d8cba89a76c7558a147c\",\"name\":\"AR Digital Noticias\",\"image\":{\"@type\":\"ImageObject\",\"inLanguage\":\"es\",\"@id\":\"https:\\\/\\\/secure.gravatar.com\\\/avatar\\\/55d1acd2f9cac74c99f42fcb5090c2f994204a6f6c571cf4c3001ae692cb9b34?s=96&d=mm&r=g\",\"url\":\"https:\\\/\\\/secure.gravatar.com\\\/avatar\\\/55d1acd2f9cac74c99f42fcb5090c2f994204a6f6c571cf4c3001ae692cb9b34?s=96&d=mm&r=g\",\"contentUrl\":\"https:\\\/\\\/secure.gravatar.com\\\/avatar\\\/55d1acd2f9cac74c99f42fcb5090c2f994204a6f6c571cf4c3001ae692cb9b34?s=96&d=mm&r=g\",\"caption\":\"AR Digital Noticias\"},\"sameAs\":[\"http:\\\/\\\/ardigitalnoticias.com\"],\"url\":\"https:\\\/\\\/ardigitalnoticias.com\\\/index.php\\\/author\\\/editorial\\\/\"}]}<\/script>\n<!-- \/ Yoast SEO plugin. -->","yoast_head_json":{"title":"MUJER ASESINADA EN V\u00cdA DE NEIVA - PALERMO AUTORIDADES INICIAN INVESTIGACI\u00d3N - AR Digital Noticias","robots":{"index":"index","follow":"follow","max-snippet":"max-snippet:-1","max-image-preview":"max-image-preview:large","max-video-preview":"max-video-preview:-1"},"canonical":"https:\/\/ardigitalnoticias.com\/index.php\/2024\/02\/11\/mujer-asesinada-en-via-de-neiva-palermo-autoridades-inician-investigacion\/","og_locale":"es_ES","og_type":"article","og_title":"MUJER ASESINADA EN V\u00cdA DE NEIVA - PALERMO AUTORIDADES INICIAN INVESTIGACI\u00d3N - AR Digital Noticias","og_description":"La Polic\u00eda Metropolitana de Neiva confirm\u00f3 el tr\u00e1gico hallazgo ocurrido en la ma\u00f1ana de hoy, donde una mujer fue encontrada sin vida en la v\u00eda que conduce de la ciudad de Neiva al municipio de Palermo. POR: ANDR\u00c9S RODR\u00cdGUEZ. Seg\u00fan se estableci\u00f3, aproximadamente a las 6:30 de la ma\u00f1ana, se recibi\u00f3 un reporte al n\u00famero [&hellip;]","og_url":"https:\/\/ardigitalnoticias.com\/index.php\/2024\/02\/11\/mujer-asesinada-en-via-de-neiva-palermo-autoridades-inician-investigacion\/","og_site_name":"AR Digital Noticias","article_published_time":"2024-02-11T16:25:58+00:00","article_modified_time":"2024-02-11T16:25:59+00:00","og_image":[{"width":2560,"height":1439,"url":"https:\/\/ardigitalnoticias.com\/wp-content\/uploads\/2024\/02\/InShot_20240211_111816957-scaled.jpg","type":"image\/jpeg"}],"author":"AR Digital Noticias","twitter_card":"summary_large_image","twitter_misc":{"Escrito por":"AR Digital Noticias","Tiempo de lectura":"2 minutos"},"schema":{"@context":"https:\/\/schema.org","@graph":[{"@type":"Article","@id":"https:\/\/ardigitalnoticias.com\/index.php\/2024\/02\/11\/mujer-asesinada-en-via-de-neiva-palermo-autoridades-inician-investigacion\/#article","isPartOf":{"@id":"https:\/\/ardigitalnoticias.com\/index.php\/2024\/02\/11\/mujer-asesinada-en-via-de-neiva-palermo-autoridades-inician-investigacion\/"},"author":{"name":"AR Digital Noticias","@id":"https:\/\/ardigitalnoticias.com\/#\/schema\/person\/3f1b0a96e890d8cba89a76c7558a147c"},"headline":"MUJER ASESINADA EN V\u00cdA DE NEIVA &#8211; PALERMO AUTORIDADES INICIAN INVESTIGACI\u00d3N","datePublished":"2024-02-11T16:25:58+00:00","dateModified":"2024-02-11T16:25:59+00:00","mainEntityOfPage":{"@id":"https:\/\/ardigitalnoticias.com\/index.php\/2024\/02\/11\/mujer-asesinada-en-via-de-neiva-palermo-autoridades-inician-investigacion\/"},"wordCount":255,"commentCount":0,"publisher":{"@id":"https:\/\/ardigitalnoticias.com\/#organization"},"image":{"@id":"https:\/\/ardigitalnoticias.com\/index.php\/2024\/02\/11\/mujer-asesinada-en-via-de-neiva-palermo-autoridades-inician-investigacion\/#primaryimage"},"thumbnailUrl":"https:\/\/ardigitalnoticias.com\/wp-content\/uploads\/2024\/02\/InShot_20240211_111816957-scaled.jpg","articleSection":["Judicial"],"inLanguage":"es","potentialAction":[{"@type":"CommentAction","name":"Comment","target":["https:\/\/ardigitalnoticias.com\/index.php\/2024\/02\/11\/mujer-asesinada-en-via-de-neiva-palermo-autoridades-inician-investigacion\/#respond"]}]},{"@type":"WebPage","@id":"https:\/\/ardigitalnoticias.com\/index.php\/2024\/02\/11\/mujer-asesinada-en-via-de-neiva-palermo-autoridades-inician-investigacion\/","url":"https:\/\/ardigitalnoticias.com\/index.php\/2024\/02\/11\/mujer-asesinada-en-via-de-neiva-palermo-autoridades-inician-investigacion\/","name":"MUJER ASESINADA EN V\u00cdA DE NEIVA - PALERMO AUTORIDADES INICIAN INVESTIGACI\u00d3N - AR Digital Noticias","isPartOf":{"@id":"https:\/\/ardigitalnoticias.com\/#website"},"primaryImageOfPage":{"@id":"https:\/\/ardigitalnoticias.com\/index.php\/2024\/02\/11\/mujer-asesinada-en-via-de-neiva-palermo-autoridades-inician-investigacion\/#primaryimage"},"image":{"@id":"https:\/\/ardigitalnoticias.com\/index.php\/2024\/02\/11\/mujer-asesinada-en-via-de-neiva-palermo-autoridades-inician-investigacion\/#primaryimage"},"thumbnailUrl":"https:\/\/ardigitalnoticias.com\/wp-content\/uploads\/2024\/02\/InShot_20240211_111816957-scaled.jpg","datePublished":"2024-02-11T16:25:58+00:00","dateModified":"2024-02-11T16:25:59+00:00","breadcrumb":{"@id":"https:\/\/ardigitalnoticias.com\/index.php\/2024\/02\/11\/mujer-asesinada-en-via-de-neiva-palermo-autoridades-inician-investigacion\/#breadcrumb"},"inLanguage":"es","potentialAction":[{"@type":"ReadAction","target":["https:\/\/ardigitalnoticias.com\/index.php\/2024\/02\/11\/mujer-asesinada-en-via-de-neiva-palermo-autoridades-inician-investigacion\/"]}]},{"@type":"ImageObject","inLanguage":"es","@id":"https:\/\/ardigitalnoticias.com\/index.php\/2024\/02\/11\/mujer-asesinada-en-via-de-neiva-palermo-autoridades-inician-investigacion\/#primaryimage","url":"https:\/\/ardigitalnoticias.com\/wp-content\/uploads\/2024\/02\/InShot_20240211_111816957-scaled.jpg","contentUrl":"https:\/\/ardigitalnoticias.com\/wp-content\/uploads\/2024\/02\/InShot_20240211_111816957-scaled.jpg","width":2560,"height":1439},{"@type":"BreadcrumbList","@id":"https:\/\/ardigitalnoticias.com\/index.php\/2024\/02\/11\/mujer-asesinada-en-via-de-neiva-palermo-autoridades-inician-investigacion\/#breadcrumb","itemListElement":[{"@type":"ListItem","position":1,"name":"Portada","item":"https:\/\/ardigitalnoticias.com\/"},{"@type":"ListItem","position":2,"name":"MUJER ASESINADA EN V\u00cdA DE NEIVA &#8211; PALERMO AUTORIDADES INICIAN INVESTIGACI\u00d3N"}]},{"@type":"WebSite","@id":"https:\/\/ardigitalnoticias.com\/#website","url":"https:\/\/ardigitalnoticias.com\/","name":"AR Digital Noticias","description":"","publisher":{"@id":"https:\/\/ardigitalnoticias.com\/#organization"},"potentialAction":[{"@type":"SearchAction","target":{"@type":"EntryPoint","urlTemplate":"https:\/\/ardigitalnoticias.com\/?s={search_term_string}"},"query-input":{"@type":"PropertyValueSpecification","valueRequired":true,"valueName":"search_term_string"}}],"inLanguage":"es"},{"@type":"Organization","@id":"https:\/\/ardigitalnoticias.com\/#organization","name":"AR Digital Noticias","url":"https:\/\/ardigitalnoticias.com\/","logo":{"@type":"ImageObject","inLanguage":"es","@id":"https:\/\/ardigitalnoticias.com\/#\/schema\/logo\/image\/","url":"https:\/\/ardigitalnoticias.com\/wp-content\/uploads\/2023\/11\/cropped-cropped-cropped-cropped-AR-Digital-Noticias-1.png","contentUrl":"https:\/\/ardigitalnoticias.com\/wp-content\/uploads\/2023\/11\/cropped-cropped-cropped-cropped-AR-Digital-Noticias-1.png","width":972,"height":306,"caption":"AR Digital Noticias"},"image":{"@id":"https:\/\/ardigitalnoticias.com\/#\/schema\/logo\/image\/"}},{"@type":"Person","@id":"https:\/\/ardigitalnoticias.com\/#\/schema\/person\/3f1b0a96e890d8cba89a76c7558a147c","name":"AR Digital Noticias","image":{"@type":"ImageObject","inLanguage":"es","@id":"https:\/\/secure.gravatar.com\/avatar\/55d1acd2f9cac74c99f42fcb5090c2f994204a6f6c571cf4c3001ae692cb9b34?s=96&d=mm&r=g","url":"https:\/\/secure.gravatar.com\/avatar\/55d1acd2f9cac74c99f42fcb5090c2f994204a6f6c571cf4c3001ae692cb9b34?s=96&d=mm&r=g","contentUrl":"https:\/\/secure.gravatar.com\/avatar\/55d1acd2f9cac74c99f42fcb5090c2f994204a6f6c571cf4c3001ae692cb9b34?s=96&d=mm&r=g","caption":"AR Digital Noticias"},"sameAs":["http:\/\/ardigitalnoticias.com"],"url":"https:\/\/ardigitalnoticias.com\/index.php\/author\/editorial\/"}]}},"_links":{"self":[{"href":"https:\/\/ardigitalnoticias.com\/index.php\/wp-json\/wp\/v2\/posts\/2655","targetHints":{"allow":["GET"]}}],"collection":[{"href":"https:\/\/ardigitalnoticias.com\/index.php\/wp-json\/wp\/v2\/posts"}],"about":[{"href":"https:\/\/ardigitalnoticias.com\/index.php\/wp-json\/wp\/v2\/types\/post"}],"author":[{"embeddable":true,"href":"https:\/\/ardigitalnoticias.com\/index.php\/wp-json\/wp\/v2\/users\/2"}],"replies":[{"embeddable":true,"href":"https:\/\/ardigitalnoticias.com\/index.php\/wp-json\/wp\/v2\/comments?post=2655"}],"version-history":[{"count":1,"href":"https:\/\/ardigitalnoticias.com\/index.php\/wp-json\/wp\/v2\/posts\/2655\/revisions"}],"predecessor-version":[{"id":2657,"href":"https:\/\/ardigitalnoticias.com\/index.php\/wp-json\/wp\/v2\/posts\/2655\/revisions\/2657"}],"wp:featuredmedia":[{"embeddable":true,"href":"https:\/\/ardigitalnoticias.com\/index.php\/wp-json\/wp\/v2\/media\/2656"}],"wp:attachment":[{"href":"https:\/\/ardigitalnoticias.com\/index.php\/wp-json\/wp\/v2\/media?parent=2655"}],"wp:term":[{"taxonomy":"category","embeddable":true,"href":"https:\/\/ardigitalnoticias.com\/index.php\/wp-json\/wp\/v2\/categories?post=2655"},{"taxonomy":"post_tag","embeddable":true,"href":"https:\/\/ardigitalnoticias.com\/index.php\/wp-json\/wp\/v2\/tags?post=2655"}],"curies":[{"name":"wp","href":"https:\/\/api.w.org\/{rel}","templated":true}]}}