{"id":2570,"date":"2024-02-07T11:24:53","date_gmt":"2024-02-07T16:24:53","guid":{"rendered":"https:\/\/ardigitalnoticias.com\/?p=2570"},"modified":"2024-02-07T15:10:23","modified_gmt":"2024-02-07T20:10:23","slug":"importancia-de-implementar-la-salud-mental-en-el-municipio-nuevo-suicidio-en-garzon","status":"publish","type":"post","link":"https:\/\/ardigitalnoticias.com\/index.php\/2024\/02\/07\/importancia-de-implementar-la-salud-mental-en-el-municipio-nuevo-suicidio-en-garzon\/","title":{"rendered":"IMPORTANCIA DE IMPLEMENTAR LA SALUD MENTAL EN EL MUNICIPIO NUEVO SUICIDIO EN GARZ\u00d3N"},"content":{"rendered":"\n<p>En la ma\u00f1ana de hoy se present\u00f3 un nuevo caso de suicidio en el municipio de Garz\u00f3n. Este lamentable hecho tuvo lugar sobre la Carrera 15, en el sector del Barrio Jard\u00edn Bajo. El hombre identificado como Evangelista Home Villanueva, de 71 a\u00f1os de edad, fue hallado en delicado estado de salud. A pesar de los esfuerzos por reanimarlo, lamentablemente falleci\u00f3 a causa de una lesi\u00f3n en el cuello provocada por ahorcamiento.<\/p>\n\n\n\n<p><strong>POR: ANDR\u00c9S RODR\u00cdGUEZ.<\/strong><\/p>\n\n\n<div class=\"wp-block-image\">\n<figure class=\"aligncenter size-large\"><img loading=\"lazy\" decoding=\"async\" width=\"628\" height=\"1024\" src=\"https:\/\/ardigitalnoticias.com\/wp-content\/uploads\/2024\/02\/FB_IMG_1707336160367-628x1024.jpg\" alt=\"\" class=\"wp-image-2578\" srcset=\"https:\/\/ardigitalnoticias.com\/wp-content\/uploads\/2024\/02\/FB_IMG_1707336160367-628x1024.jpg 628w, https:\/\/ardigitalnoticias.com\/wp-content\/uploads\/2024\/02\/FB_IMG_1707336160367-184x300.jpg 184w, https:\/\/ardigitalnoticias.com\/wp-content\/uploads\/2024\/02\/FB_IMG_1707336160367-768x1253.jpg 768w, https:\/\/ardigitalnoticias.com\/wp-content\/uploads\/2024\/02\/FB_IMG_1707336160367-942x1536.jpg 942w, https:\/\/ardigitalnoticias.com\/wp-content\/uploads\/2024\/02\/FB_IMG_1707336160367-150x245.jpg 150w, https:\/\/ardigitalnoticias.com\/wp-content\/uploads\/2024\/02\/FB_IMG_1707336160367-300x489.jpg 300w, https:\/\/ardigitalnoticias.com\/wp-content\/uploads\/2024\/02\/FB_IMG_1707336160367-696x1135.jpg 696w, https:\/\/ardigitalnoticias.com\/wp-content\/uploads\/2024\/02\/FB_IMG_1707336160367.jpg 1024w\" sizes=\"auto, (max-width: 628px) 100vw, 628px\" \/><figcaption class=\"wp-element-caption\"><strong>Evangelista Home Villanueva<\/strong><\/figcaption><\/figure>\n<\/div>\n\n\n<p>Este tr\u00e1gico evento pone de manifiesto la urgente necesidad de implementar medidas de salud mental en nuestro municipio. La salud mental es un componente fundamental del bienestar de la comunidad, y su descuido puede tener consecuencias devastadoras como la que hemos presenciado hoy. Es crucial que se brinde acceso a servicios de atenci\u00f3n psicol\u00f3gica y psiqui\u00e1trica a todos los habitantes, especialmente a aquellos que enfrentan situaciones de vulnerabilidad.<\/p>\n\n\n\n<p>La implementaci\u00f3n de programas de prevenci\u00f3n y promoci\u00f3n de la salud mental se vuelve imperativa en este contexto. Es necesario educar a la poblaci\u00f3n sobre la importancia de cuidar su bienestar psicol\u00f3gico, as\u00ed como identificar y abordar los factores de riesgo que pueden desencadenar problemas de salud mental, como el estr\u00e9s, la depresi\u00f3n y la ansiedad.<\/p>\n\n\n\n<p>Las autoridades locales, en colaboraci\u00f3n con instituciones de salud y organizaciones comunitarias, deben trabajar de manera coordinada para garantizar que todos los ciudadanos tengan acceso a recursos y servicios que promuevan su salud mental. Solo a trav\u00e9s de un enfoque integral y proactivo podremos prevenir tragedias como la ocurrida hoy y promover el bienestar emocional de nuestra comunidad. <\/p>\n\n\n<div class=\"wp-block-image\">\n<figure class=\"aligncenter size-large\"><img loading=\"lazy\" decoding=\"async\" width=\"1024\" height=\"576\" src=\"https:\/\/ardigitalnoticias.com\/wp-content\/uploads\/2024\/02\/IMG-20240207-WA0392-1024x576.jpg\" alt=\"\" class=\"wp-image-2572\" srcset=\"https:\/\/ardigitalnoticias.com\/wp-content\/uploads\/2024\/02\/IMG-20240207-WA0392-1024x576.jpg 1024w, https:\/\/ardigitalnoticias.com\/wp-content\/uploads\/2024\/02\/IMG-20240207-WA0392-300x169.jpg 300w, https:\/\/ardigitalnoticias.com\/wp-content\/uploads\/2024\/02\/IMG-20240207-WA0392-768x432.jpg 768w, https:\/\/ardigitalnoticias.com\/wp-content\/uploads\/2024\/02\/IMG-20240207-WA0392-150x84.jpg 150w, https:\/\/ardigitalnoticias.com\/wp-content\/uploads\/2024\/02\/IMG-20240207-WA0392-696x392.jpg 696w, https:\/\/ardigitalnoticias.com\/wp-content\/uploads\/2024\/02\/IMG-20240207-WA0392-1068x601.jpg 1068w, https:\/\/ardigitalnoticias.com\/wp-content\/uploads\/2024\/02\/IMG-20240207-WA0392.jpg 1280w\" sizes=\"auto, (max-width: 1024px) 100vw, 1024px\" \/><\/figure>\n<\/div>","protected":false},"excerpt":{"rendered":"<p>En la ma\u00f1ana de hoy se present\u00f3 un nuevo caso de suicidio en el municipio de Garz\u00f3n. Este lamentable hecho tuvo lugar sobre la Carrera 15, en el sector del Barrio Jard\u00edn Bajo. El hombre identificado como Evangelista Home Villanueva, de 71 a\u00f1os de edad, fue hallado en delicado estado de salud. A pesar de [&hellip;]<\/p>\n","protected":false},"author":2,"featured_media":2580,"comment_status":"open","ping_status":"open","sticky":false,"template":"","format":"standard","meta":{"_acf_changed":false,"_joinchat":[],"footnotes":""},"categories":[21],"tags":[],"class_list":{"0":"post-2570","1":"post","2":"type-post","3":"status-publish","4":"format-standard","5":"has-post-thumbnail","7":"category-locales"},"acf":[],"yoast_head":"<!-- This site is optimized with the Yoast SEO plugin v27.5 - https:\/\/yoast.com\/product\/yoast-seo-wordpress\/ -->\n<title>IMPORTANCIA DE IMPLEMENTAR LA SALUD MENTAL EN EL MUNICIPIO NUEVO SUICIDIO EN GARZ\u00d3N - AR Digital Noticias<\/title>\n<meta name=\"robots\" content=\"index, follow, max-snippet:-1, max-image-preview:large, max-video-preview:-1\" \/>\n<link rel=\"canonical\" href=\"https:\/\/ardigitalnoticias.com\/index.php\/2024\/02\/07\/importancia-de-implementar-la-salud-mental-en-el-municipio-nuevo-suicidio-en-garzon\/\" \/>\n<meta property=\"og:locale\" content=\"es_ES\" \/>\n<meta property=\"og:type\" content=\"article\" \/>\n<meta property=\"og:title\" content=\"IMPORTANCIA DE IMPLEMENTAR LA SALUD MENTAL EN EL MUNICIPIO NUEVO SUICIDIO EN GARZ\u00d3N - AR Digital Noticias\" \/>\n<meta property=\"og:description\" content=\"En la ma\u00f1ana de hoy se present\u00f3 un nuevo caso de suicidio en el municipio de Garz\u00f3n. Este lamentable hecho tuvo lugar sobre la Carrera 15, en el sector del Barrio Jard\u00edn Bajo. El hombre identificado como Evangelista Home Villanueva, de 71 a\u00f1os de edad, fue hallado en delicado estado de salud. A pesar de [&hellip;]\" \/>\n<meta property=\"og:url\" content=\"https:\/\/ardigitalnoticias.com\/index.php\/2024\/02\/07\/importancia-de-implementar-la-salud-mental-en-el-municipio-nuevo-suicidio-en-garzon\/\" \/>\n<meta property=\"og:site_name\" content=\"AR Digital Noticias\" \/>\n<meta property=\"article:published_time\" content=\"2024-02-07T16:24:53+00:00\" \/>\n<meta property=\"article:modified_time\" content=\"2024-02-07T20:10:23+00:00\" \/>\n<meta property=\"og:image\" content=\"https:\/\/ardigitalnoticias.com\/wp-content\/uploads\/2024\/02\/InShot_20240207_150703797.jpg\" \/>\n\t<meta property=\"og:image:width\" content=\"1920\" \/>\n\t<meta property=\"og:image:height\" content=\"1079\" \/>\n\t<meta property=\"og:image:type\" content=\"image\/jpeg\" \/>\n<meta name=\"author\" content=\"AR Digital Noticias\" \/>\n<meta name=\"twitter:card\" content=\"summary_large_image\" \/>\n<meta name=\"twitter:label1\" content=\"Escrito por\" \/>\n\t<meta name=\"twitter:data1\" content=\"AR Digital Noticias\" \/>\n\t<meta name=\"twitter:label2\" content=\"Tiempo de lectura\" \/>\n\t<meta name=\"twitter:data2\" content=\"2 minutos\" \/>\n<script type=\"application\/ld+json\" class=\"yoast-schema-graph\">{\"@context\":\"https:\\\/\\\/schema.org\",\"@graph\":[{\"@type\":\"Article\",\"@id\":\"https:\\\/\\\/ardigitalnoticias.com\\\/index.php\\\/2024\\\/02\\\/07\\\/importancia-de-implementar-la-salud-mental-en-el-municipio-nuevo-suicidio-en-garzon\\\/#article\",\"isPartOf\":{\"@id\":\"https:\\\/\\\/ardigitalnoticias.com\\\/index.php\\\/2024\\\/02\\\/07\\\/importancia-de-implementar-la-salud-mental-en-el-municipio-nuevo-suicidio-en-garzon\\\/\"},\"author\":{\"name\":\"AR Digital Noticias\",\"@id\":\"https:\\\/\\\/ardigitalnoticias.com\\\/#\\\/schema\\\/person\\\/3f1b0a96e890d8cba89a76c7558a147c\"},\"headline\":\"IMPORTANCIA DE IMPLEMENTAR LA SALUD MENTAL EN EL MUNICIPIO NUEVO SUICIDIO EN GARZ\u00d3N\",\"datePublished\":\"2024-02-07T16:24:53+00:00\",\"dateModified\":\"2024-02-07T20:10:23+00:00\",\"mainEntityOfPage\":{\"@id\":\"https:\\\/\\\/ardigitalnoticias.com\\\/index.php\\\/2024\\\/02\\\/07\\\/importancia-de-implementar-la-salud-mental-en-el-municipio-nuevo-suicidio-en-garzon\\\/\"},\"wordCount\":292,\"commentCount\":0,\"publisher\":{\"@id\":\"https:\\\/\\\/ardigitalnoticias.com\\\/#organization\"},\"image\":{\"@id\":\"https:\\\/\\\/ardigitalnoticias.com\\\/index.php\\\/2024\\\/02\\\/07\\\/importancia-de-implementar-la-salud-mental-en-el-municipio-nuevo-suicidio-en-garzon\\\/#primaryimage\"},\"thumbnailUrl\":\"https:\\\/\\\/ardigitalnoticias.com\\\/wp-content\\\/uploads\\\/2024\\\/02\\\/InShot_20240207_150703797.jpg\",\"articleSection\":[\"Garz\u00f3n\"],\"inLanguage\":\"es\",\"potentialAction\":[{\"@type\":\"CommentAction\",\"name\":\"Comment\",\"target\":[\"https:\\\/\\\/ardigitalnoticias.com\\\/index.php\\\/2024\\\/02\\\/07\\\/importancia-de-implementar-la-salud-mental-en-el-municipio-nuevo-suicidio-en-garzon\\\/#respond\"]}]},{\"@type\":\"WebPage\",\"@id\":\"https:\\\/\\\/ardigitalnoticias.com\\\/index.php\\\/2024\\\/02\\\/07\\\/importancia-de-implementar-la-salud-mental-en-el-municipio-nuevo-suicidio-en-garzon\\\/\",\"url\":\"https:\\\/\\\/ardigitalnoticias.com\\\/index.php\\\/2024\\\/02\\\/07\\\/importancia-de-implementar-la-salud-mental-en-el-municipio-nuevo-suicidio-en-garzon\\\/\",\"name\":\"IMPORTANCIA DE IMPLEMENTAR LA SALUD MENTAL EN EL MUNICIPIO NUEVO SUICIDIO EN GARZ\u00d3N - AR Digital Noticias\",\"isPartOf\":{\"@id\":\"https:\\\/\\\/ardigitalnoticias.com\\\/#website\"},\"primaryImageOfPage\":{\"@id\":\"https:\\\/\\\/ardigitalnoticias.com\\\/index.php\\\/2024\\\/02\\\/07\\\/importancia-de-implementar-la-salud-mental-en-el-municipio-nuevo-suicidio-en-garzon\\\/#primaryimage\"},\"image\":{\"@id\":\"https:\\\/\\\/ardigitalnoticias.com\\\/index.php\\\/2024\\\/02\\\/07\\\/importancia-de-implementar-la-salud-mental-en-el-municipio-nuevo-suicidio-en-garzon\\\/#primaryimage\"},\"thumbnailUrl\":\"https:\\\/\\\/ardigitalnoticias.com\\\/wp-content\\\/uploads\\\/2024\\\/02\\\/InShot_20240207_150703797.jpg\",\"datePublished\":\"2024-02-07T16:24:53+00:00\",\"dateModified\":\"2024-02-07T20:10:23+00:00\",\"breadcrumb\":{\"@id\":\"https:\\\/\\\/ardigitalnoticias.com\\\/index.php\\\/2024\\\/02\\\/07\\\/importancia-de-implementar-la-salud-mental-en-el-municipio-nuevo-suicidio-en-garzon\\\/#breadcrumb\"},\"inLanguage\":\"es\",\"potentialAction\":[{\"@type\":\"ReadAction\",\"target\":[\"https:\\\/\\\/ardigitalnoticias.com\\\/index.php\\\/2024\\\/02\\\/07\\\/importancia-de-implementar-la-salud-mental-en-el-municipio-nuevo-suicidio-en-garzon\\\/\"]}]},{\"@type\":\"ImageObject\",\"inLanguage\":\"es\",\"@id\":\"https:\\\/\\\/ardigitalnoticias.com\\\/index.php\\\/2024\\\/02\\\/07\\\/importancia-de-implementar-la-salud-mental-en-el-municipio-nuevo-suicidio-en-garzon\\\/#primaryimage\",\"url\":\"https:\\\/\\\/ardigitalnoticias.com\\\/wp-content\\\/uploads\\\/2024\\\/02\\\/InShot_20240207_150703797.jpg\",\"contentUrl\":\"https:\\\/\\\/ardigitalnoticias.com\\\/wp-content\\\/uploads\\\/2024\\\/02\\\/InShot_20240207_150703797.jpg\",\"width\":1920,\"height\":1079},{\"@type\":\"BreadcrumbList\",\"@id\":\"https:\\\/\\\/ardigitalnoticias.com\\\/index.php\\\/2024\\\/02\\\/07\\\/importancia-de-implementar-la-salud-mental-en-el-municipio-nuevo-suicidio-en-garzon\\\/#breadcrumb\",\"itemListElement\":[{\"@type\":\"ListItem\",\"position\":1,\"name\":\"Portada\",\"item\":\"https:\\\/\\\/ardigitalnoticias.com\\\/\"},{\"@type\":\"ListItem\",\"position\":2,\"name\":\"IMPORTANCIA DE IMPLEMENTAR LA SALUD MENTAL EN EL MUNICIPIO NUEVO SUICIDIO EN GARZ\u00d3N\"}]},{\"@type\":\"WebSite\",\"@id\":\"https:\\\/\\\/ardigitalnoticias.com\\\/#website\",\"url\":\"https:\\\/\\\/ardigitalnoticias.com\\\/\",\"name\":\"AR Digital Noticias\",\"description\":\"\",\"publisher\":{\"@id\":\"https:\\\/\\\/ardigitalnoticias.com\\\/#organization\"},\"potentialAction\":[{\"@type\":\"SearchAction\",\"target\":{\"@type\":\"EntryPoint\",\"urlTemplate\":\"https:\\\/\\\/ardigitalnoticias.com\\\/?s={search_term_string}\"},\"query-input\":{\"@type\":\"PropertyValueSpecification\",\"valueRequired\":true,\"valueName\":\"search_term_string\"}}],\"inLanguage\":\"es\"},{\"@type\":\"Organization\",\"@id\":\"https:\\\/\\\/ardigitalnoticias.com\\\/#organization\",\"name\":\"AR Digital Noticias\",\"url\":\"https:\\\/\\\/ardigitalnoticias.com\\\/\",\"logo\":{\"@type\":\"ImageObject\",\"inLanguage\":\"es\",\"@id\":\"https:\\\/\\\/ardigitalnoticias.com\\\/#\\\/schema\\\/logo\\\/image\\\/\",\"url\":\"https:\\\/\\\/ardigitalnoticias.com\\\/wp-content\\\/uploads\\\/2023\\\/11\\\/cropped-cropped-cropped-cropped-AR-Digital-Noticias-1.png\",\"contentUrl\":\"https:\\\/\\\/ardigitalnoticias.com\\\/wp-content\\\/uploads\\\/2023\\\/11\\\/cropped-cropped-cropped-cropped-AR-Digital-Noticias-1.png\",\"width\":972,\"height\":306,\"caption\":\"AR Digital Noticias\"},\"image\":{\"@id\":\"https:\\\/\\\/ardigitalnoticias.com\\\/#\\\/schema\\\/logo\\\/image\\\/\"}},{\"@type\":\"Person\",\"@id\":\"https:\\\/\\\/ardigitalnoticias.com\\\/#\\\/schema\\\/person\\\/3f1b0a96e890d8cba89a76c7558a147c\",\"name\":\"AR Digital Noticias\",\"image\":{\"@type\":\"ImageObject\",\"inLanguage\":\"es\",\"@id\":\"https:\\\/\\\/secure.gravatar.com\\\/avatar\\\/55d1acd2f9cac74c99f42fcb5090c2f994204a6f6c571cf4c3001ae692cb9b34?s=96&d=mm&r=g\",\"url\":\"https:\\\/\\\/secure.gravatar.com\\\/avatar\\\/55d1acd2f9cac74c99f42fcb5090c2f994204a6f6c571cf4c3001ae692cb9b34?s=96&d=mm&r=g\",\"contentUrl\":\"https:\\\/\\\/secure.gravatar.com\\\/avatar\\\/55d1acd2f9cac74c99f42fcb5090c2f994204a6f6c571cf4c3001ae692cb9b34?s=96&d=mm&r=g\",\"caption\":\"AR Digital Noticias\"},\"sameAs\":[\"http:\\\/\\\/ardigitalnoticias.com\"],\"url\":\"https:\\\/\\\/ardigitalnoticias.com\\\/index.php\\\/author\\\/editorial\\\/\"}]}<\/script>\n<!-- \/ Yoast SEO plugin. -->","yoast_head_json":{"title":"IMPORTANCIA DE IMPLEMENTAR LA SALUD MENTAL EN EL MUNICIPIO NUEVO SUICIDIO EN GARZ\u00d3N - AR Digital Noticias","robots":{"index":"index","follow":"follow","max-snippet":"max-snippet:-1","max-image-preview":"max-image-preview:large","max-video-preview":"max-video-preview:-1"},"canonical":"https:\/\/ardigitalnoticias.com\/index.php\/2024\/02\/07\/importancia-de-implementar-la-salud-mental-en-el-municipio-nuevo-suicidio-en-garzon\/","og_locale":"es_ES","og_type":"article","og_title":"IMPORTANCIA DE IMPLEMENTAR LA SALUD MENTAL EN EL MUNICIPIO NUEVO SUICIDIO EN GARZ\u00d3N - AR Digital Noticias","og_description":"En la ma\u00f1ana de hoy se present\u00f3 un nuevo caso de suicidio en el municipio de Garz\u00f3n. Este lamentable hecho tuvo lugar sobre la Carrera 15, en el sector del Barrio Jard\u00edn Bajo. El hombre identificado como Evangelista Home Villanueva, de 71 a\u00f1os de edad, fue hallado en delicado estado de salud. A pesar de [&hellip;]","og_url":"https:\/\/ardigitalnoticias.com\/index.php\/2024\/02\/07\/importancia-de-implementar-la-salud-mental-en-el-municipio-nuevo-suicidio-en-garzon\/","og_site_name":"AR Digital Noticias","article_published_time":"2024-02-07T16:24:53+00:00","article_modified_time":"2024-02-07T20:10:23+00:00","og_image":[{"width":1920,"height":1079,"url":"https:\/\/ardigitalnoticias.com\/wp-content\/uploads\/2024\/02\/InShot_20240207_150703797.jpg","type":"image\/jpeg"}],"author":"AR Digital Noticias","twitter_card":"summary_large_image","twitter_misc":{"Escrito por":"AR Digital Noticias","Tiempo de lectura":"2 minutos"},"schema":{"@context":"https:\/\/schema.org","@graph":[{"@type":"Article","@id":"https:\/\/ardigitalnoticias.com\/index.php\/2024\/02\/07\/importancia-de-implementar-la-salud-mental-en-el-municipio-nuevo-suicidio-en-garzon\/#article","isPartOf":{"@id":"https:\/\/ardigitalnoticias.com\/index.php\/2024\/02\/07\/importancia-de-implementar-la-salud-mental-en-el-municipio-nuevo-suicidio-en-garzon\/"},"author":{"name":"AR Digital Noticias","@id":"https:\/\/ardigitalnoticias.com\/#\/schema\/person\/3f1b0a96e890d8cba89a76c7558a147c"},"headline":"IMPORTANCIA DE IMPLEMENTAR LA SALUD MENTAL EN EL MUNICIPIO NUEVO SUICIDIO EN GARZ\u00d3N","datePublished":"2024-02-07T16:24:53+00:00","dateModified":"2024-02-07T20:10:23+00:00","mainEntityOfPage":{"@id":"https:\/\/ardigitalnoticias.com\/index.php\/2024\/02\/07\/importancia-de-implementar-la-salud-mental-en-el-municipio-nuevo-suicidio-en-garzon\/"},"wordCount":292,"commentCount":0,"publisher":{"@id":"https:\/\/ardigitalnoticias.com\/#organization"},"image":{"@id":"https:\/\/ardigitalnoticias.com\/index.php\/2024\/02\/07\/importancia-de-implementar-la-salud-mental-en-el-municipio-nuevo-suicidio-en-garzon\/#primaryimage"},"thumbnailUrl":"https:\/\/ardigitalnoticias.com\/wp-content\/uploads\/2024\/02\/InShot_20240207_150703797.jpg","articleSection":["Garz\u00f3n"],"inLanguage":"es","potentialAction":[{"@type":"CommentAction","name":"Comment","target":["https:\/\/ardigitalnoticias.com\/index.php\/2024\/02\/07\/importancia-de-implementar-la-salud-mental-en-el-municipio-nuevo-suicidio-en-garzon\/#respond"]}]},{"@type":"WebPage","@id":"https:\/\/ardigitalnoticias.com\/index.php\/2024\/02\/07\/importancia-de-implementar-la-salud-mental-en-el-municipio-nuevo-suicidio-en-garzon\/","url":"https:\/\/ardigitalnoticias.com\/index.php\/2024\/02\/07\/importancia-de-implementar-la-salud-mental-en-el-municipio-nuevo-suicidio-en-garzon\/","name":"IMPORTANCIA DE IMPLEMENTAR LA SALUD MENTAL EN EL MUNICIPIO NUEVO SUICIDIO EN GARZ\u00d3N - AR Digital Noticias","isPartOf":{"@id":"https:\/\/ardigitalnoticias.com\/#website"},"primaryImageOfPage":{"@id":"https:\/\/ardigitalnoticias.com\/index.php\/2024\/02\/07\/importancia-de-implementar-la-salud-mental-en-el-municipio-nuevo-suicidio-en-garzon\/#primaryimage"},"image":{"@id":"https:\/\/ardigitalnoticias.com\/index.php\/2024\/02\/07\/importancia-de-implementar-la-salud-mental-en-el-municipio-nuevo-suicidio-en-garzon\/#primaryimage"},"thumbnailUrl":"https:\/\/ardigitalnoticias.com\/wp-content\/uploads\/2024\/02\/InShot_20240207_150703797.jpg","datePublished":"2024-02-07T16:24:53+00:00","dateModified":"2024-02-07T20:10:23+00:00","breadcrumb":{"@id":"https:\/\/ardigitalnoticias.com\/index.php\/2024\/02\/07\/importancia-de-implementar-la-salud-mental-en-el-municipio-nuevo-suicidio-en-garzon\/#breadcrumb"},"inLanguage":"es","potentialAction":[{"@type":"ReadAction","target":["https:\/\/ardigitalnoticias.com\/index.php\/2024\/02\/07\/importancia-de-implementar-la-salud-mental-en-el-municipio-nuevo-suicidio-en-garzon\/"]}]},{"@type":"ImageObject","inLanguage":"es","@id":"https:\/\/ardigitalnoticias.com\/index.php\/2024\/02\/07\/importancia-de-implementar-la-salud-mental-en-el-municipio-nuevo-suicidio-en-garzon\/#primaryimage","url":"https:\/\/ardigitalnoticias.com\/wp-content\/uploads\/2024\/02\/InShot_20240207_150703797.jpg","contentUrl":"https:\/\/ardigitalnoticias.com\/wp-content\/uploads\/2024\/02\/InShot_20240207_150703797.jpg","width":1920,"height":1079},{"@type":"BreadcrumbList","@id":"https:\/\/ardigitalnoticias.com\/index.php\/2024\/02\/07\/importancia-de-implementar-la-salud-mental-en-el-municipio-nuevo-suicidio-en-garzon\/#breadcrumb","itemListElement":[{"@type":"ListItem","position":1,"name":"Portada","item":"https:\/\/ardigitalnoticias.com\/"},{"@type":"ListItem","position":2,"name":"IMPORTANCIA DE IMPLEMENTAR LA SALUD MENTAL EN EL MUNICIPIO NUEVO SUICIDIO EN GARZ\u00d3N"}]},{"@type":"WebSite","@id":"https:\/\/ardigitalnoticias.com\/#website","url":"https:\/\/ardigitalnoticias.com\/","name":"AR Digital Noticias","description":"","publisher":{"@id":"https:\/\/ardigitalnoticias.com\/#organization"},"potentialAction":[{"@type":"SearchAction","target":{"@type":"EntryPoint","urlTemplate":"https:\/\/ardigitalnoticias.com\/?s={search_term_string}"},"query-input":{"@type":"PropertyValueSpecification","valueRequired":true,"valueName":"search_term_string"}}],"inLanguage":"es"},{"@type":"Organization","@id":"https:\/\/ardigitalnoticias.com\/#organization","name":"AR Digital Noticias","url":"https:\/\/ardigitalnoticias.com\/","logo":{"@type":"ImageObject","inLanguage":"es","@id":"https:\/\/ardigitalnoticias.com\/#\/schema\/logo\/image\/","url":"https:\/\/ardigitalnoticias.com\/wp-content\/uploads\/2023\/11\/cropped-cropped-cropped-cropped-AR-Digital-Noticias-1.png","contentUrl":"https:\/\/ardigitalnoticias.com\/wp-content\/uploads\/2023\/11\/cropped-cropped-cropped-cropped-AR-Digital-Noticias-1.png","width":972,"height":306,"caption":"AR Digital Noticias"},"image":{"@id":"https:\/\/ardigitalnoticias.com\/#\/schema\/logo\/image\/"}},{"@type":"Person","@id":"https:\/\/ardigitalnoticias.com\/#\/schema\/person\/3f1b0a96e890d8cba89a76c7558a147c","name":"AR Digital Noticias","image":{"@type":"ImageObject","inLanguage":"es","@id":"https:\/\/secure.gravatar.com\/avatar\/55d1acd2f9cac74c99f42fcb5090c2f994204a6f6c571cf4c3001ae692cb9b34?s=96&d=mm&r=g","url":"https:\/\/secure.gravatar.com\/avatar\/55d1acd2f9cac74c99f42fcb5090c2f994204a6f6c571cf4c3001ae692cb9b34?s=96&d=mm&r=g","contentUrl":"https:\/\/secure.gravatar.com\/avatar\/55d1acd2f9cac74c99f42fcb5090c2f994204a6f6c571cf4c3001ae692cb9b34?s=96&d=mm&r=g","caption":"AR Digital Noticias"},"sameAs":["http:\/\/ardigitalnoticias.com"],"url":"https:\/\/ardigitalnoticias.com\/index.php\/author\/editorial\/"}]}},"_links":{"self":[{"href":"https:\/\/ardigitalnoticias.com\/index.php\/wp-json\/wp\/v2\/posts\/2570","targetHints":{"allow":["GET"]}}],"collection":[{"href":"https:\/\/ardigitalnoticias.com\/index.php\/wp-json\/wp\/v2\/posts"}],"about":[{"href":"https:\/\/ardigitalnoticias.com\/index.php\/wp-json\/wp\/v2\/types\/post"}],"author":[{"embeddable":true,"href":"https:\/\/ardigitalnoticias.com\/index.php\/wp-json\/wp\/v2\/users\/2"}],"replies":[{"embeddable":true,"href":"https:\/\/ardigitalnoticias.com\/index.php\/wp-json\/wp\/v2\/comments?post=2570"}],"version-history":[{"count":3,"href":"https:\/\/ardigitalnoticias.com\/index.php\/wp-json\/wp\/v2\/posts\/2570\/revisions"}],"predecessor-version":[{"id":2582,"href":"https:\/\/ardigitalnoticias.com\/index.php\/wp-json\/wp\/v2\/posts\/2570\/revisions\/2582"}],"wp:featuredmedia":[{"embeddable":true,"href":"https:\/\/ardigitalnoticias.com\/index.php\/wp-json\/wp\/v2\/media\/2580"}],"wp:attachment":[{"href":"https:\/\/ardigitalnoticias.com\/index.php\/wp-json\/wp\/v2\/media?parent=2570"}],"wp:term":[{"taxonomy":"category","embeddable":true,"href":"https:\/\/ardigitalnoticias.com\/index.php\/wp-json\/wp\/v2\/categories?post=2570"},{"taxonomy":"post_tag","embeddable":true,"href":"https:\/\/ardigitalnoticias.com\/index.php\/wp-json\/wp\/v2\/tags?post=2570"}],"curies":[{"name":"wp","href":"https:\/\/api.w.org\/{rel}","templated":true}]}}