{"id":2324,"date":"2024-01-22T14:33:01","date_gmt":"2024-01-22T19:33:01","guid":{"rendered":"https:\/\/ardigitalnoticias.com\/?p=2324"},"modified":"2024-01-22T14:33:02","modified_gmt":"2024-01-22T19:33:02","slug":"joven-asesinado-en-la-via-pitalito-acevedo","status":"publish","type":"post","link":"https:\/\/ardigitalnoticias.com\/index.php\/2024\/01\/22\/joven-asesinado-en-la-via-pitalito-acevedo\/","title":{"rendered":"JOVEN ASESINADO EN LA V\u00cdA PITALITO &#8211; ACEVEDO"},"content":{"rendered":"\n<p>En un tr\u00e1gico hecho que ha conmocionado a la comunidad, las autoridades han identificado a la v\u00edctima del reciente homicidio en la V\u00eda Pitalito &#8211; Acevedo como Brayan Stiven Cuellar Urquina, un joven de tan solo 19 a\u00f1os de edad. El incidente ocurri\u00f3 durante la noche del pasado domingo 21 de enero, en las inmediaciones del sector de Cantarito.<\/p>\n\n\n\n<p>POR: ANDR\u00c9S RODR\u00cdGUEZ. <\/p>\n\n\n<div class=\"wp-block-image\">\n<figure class=\"aligncenter size-large is-resized\"><img loading=\"lazy\" decoding=\"async\" width=\"765\" height=\"1024\" src=\"https:\/\/ardigitalnoticias.com\/wp-content\/uploads\/2024\/01\/FB_IMG_1705948183516-765x1024.jpg\" alt=\"\" class=\"wp-image-2326\" style=\"width:369px;height:auto\" srcset=\"https:\/\/ardigitalnoticias.com\/wp-content\/uploads\/2024\/01\/FB_IMG_1705948183516-765x1024.jpg 765w, https:\/\/ardigitalnoticias.com\/wp-content\/uploads\/2024\/01\/FB_IMG_1705948183516-224x300.jpg 224w, https:\/\/ardigitalnoticias.com\/wp-content\/uploads\/2024\/01\/FB_IMG_1705948183516-768x1028.jpg 768w, https:\/\/ardigitalnoticias.com\/wp-content\/uploads\/2024\/01\/FB_IMG_1705948183516-150x201.jpg 150w, https:\/\/ardigitalnoticias.com\/wp-content\/uploads\/2024\/01\/FB_IMG_1705948183516-300x402.jpg 300w, https:\/\/ardigitalnoticias.com\/wp-content\/uploads\/2024\/01\/FB_IMG_1705948183516-696x932.jpg 696w, https:\/\/ardigitalnoticias.com\/wp-content\/uploads\/2024\/01\/FB_IMG_1705948183516.jpg 968w\" sizes=\"auto, (max-width: 765px) 100vw, 765px\" \/><figcaption class=\"wp-element-caption\"><strong>Brayan Stiven Cuellar Urquin<\/strong><\/figcaption><\/figure>\n<\/div>\n\n\n<p>Este lamentable suceso ha generado consternaci\u00f3n entre los residentes locales, quienes exigen a las autoridades una pronta y exhaustiva investigaci\u00f3n para llevar a los responsables ante la justicia.<\/p>\n\n\n\n<p>Las autoridades han intensificado la presencia policial en la zona, buscando garantizar la seguridad de los ciudadanos y prevenir futuros actos de violencia.<\/p>\n\n\n<div class=\"wp-block-image\">\n<figure class=\"aligncenter size-large is-resized\"><img loading=\"lazy\" decoding=\"async\" width=\"768\" height=\"1024\" src=\"https:\/\/ardigitalnoticias.com\/wp-content\/uploads\/2024\/01\/1001778480-transformed-768x1024.jpeg\" alt=\"\" class=\"wp-image-2325\" style=\"width:347px;height:auto\" srcset=\"https:\/\/ardigitalnoticias.com\/wp-content\/uploads\/2024\/01\/1001778480-transformed-768x1024.jpeg 768w, https:\/\/ardigitalnoticias.com\/wp-content\/uploads\/2024\/01\/1001778480-transformed-225x300.jpeg 225w, https:\/\/ardigitalnoticias.com\/wp-content\/uploads\/2024\/01\/1001778480-transformed-150x200.jpeg 150w, https:\/\/ardigitalnoticias.com\/wp-content\/uploads\/2024\/01\/1001778480-transformed-300x400.jpeg 300w, https:\/\/ardigitalnoticias.com\/wp-content\/uploads\/2024\/01\/1001778480-transformed-696x928.jpeg 696w, https:\/\/ardigitalnoticias.com\/wp-content\/uploads\/2024\/01\/1001778480-transformed.jpeg 810w\" sizes=\"auto, (max-width: 768px) 100vw, 768px\" \/><\/figure>\n<\/div>","protected":false},"excerpt":{"rendered":"<p>En un tr\u00e1gico hecho que ha conmocionado a la comunidad, las autoridades han identificado a la v\u00edctima del reciente homicidio en la V\u00eda Pitalito &#8211; Acevedo como Brayan Stiven Cuellar Urquina, un joven de tan solo 19 a\u00f1os de edad. El incidente ocurri\u00f3 durante la noche del pasado domingo 21 de enero, en las inmediaciones [&hellip;]<\/p>\n","protected":false},"author":2,"featured_media":2327,"comment_status":"open","ping_status":"open","sticky":false,"template":"","format":"standard","meta":{"_acf_changed":false,"_joinchat":[],"footnotes":""},"categories":[20],"tags":[],"class_list":{"0":"post-2324","1":"post","2":"type-post","3":"status-publish","4":"format-standard","5":"has-post-thumbnail","7":"category-judicial"},"acf":[],"yoast_head":"<!-- This site is optimized with the Yoast SEO plugin v27.5 - https:\/\/yoast.com\/product\/yoast-seo-wordpress\/ -->\n<title>JOVEN ASESINADO EN LA V\u00cdA PITALITO - ACEVEDO - AR Digital Noticias<\/title>\n<meta name=\"robots\" content=\"index, follow, max-snippet:-1, max-image-preview:large, max-video-preview:-1\" \/>\n<link rel=\"canonical\" href=\"https:\/\/www.ardigitalnoticias.com\/index.php\/2024\/01\/22\/joven-asesinado-en-la-via-pitalito-acevedo\/\" \/>\n<meta property=\"og:locale\" content=\"es_ES\" \/>\n<meta property=\"og:type\" content=\"article\" \/>\n<meta property=\"og:title\" content=\"JOVEN ASESINADO EN LA V\u00cdA PITALITO - ACEVEDO - AR Digital Noticias\" \/>\n<meta property=\"og:description\" content=\"En un tr\u00e1gico hecho que ha conmocionado a la comunidad, las autoridades han identificado a la v\u00edctima del reciente homicidio en la V\u00eda Pitalito &#8211; Acevedo como Brayan Stiven Cuellar Urquina, un joven de tan solo 19 a\u00f1os de edad. El incidente ocurri\u00f3 durante la noche del pasado domingo 21 de enero, en las inmediaciones [&hellip;]\" \/>\n<meta property=\"og:url\" content=\"https:\/\/www.ardigitalnoticias.com\/index.php\/2024\/01\/22\/joven-asesinado-en-la-via-pitalito-acevedo\/\" \/>\n<meta property=\"og:site_name\" content=\"AR Digital Noticias\" \/>\n<meta property=\"article:published_time\" content=\"2024-01-22T19:33:01+00:00\" \/>\n<meta property=\"article:modified_time\" content=\"2024-01-22T19:33:02+00:00\" \/>\n<meta property=\"og:image\" content=\"https:\/\/www.ardigitalnoticias.com\/wp-content\/uploads\/2024\/01\/InShot_20240122_142741282.jpg\" \/>\n\t<meta property=\"og:image:width\" content=\"1920\" \/>\n\t<meta property=\"og:image:height\" content=\"1079\" \/>\n\t<meta property=\"og:image:type\" content=\"image\/jpeg\" \/>\n<meta name=\"author\" content=\"AR Digital Noticias\" \/>\n<meta name=\"twitter:card\" content=\"summary_large_image\" \/>\n<meta name=\"twitter:label1\" content=\"Escrito por\" \/>\n\t<meta name=\"twitter:data1\" content=\"AR Digital Noticias\" \/>\n\t<meta name=\"twitter:label2\" content=\"Tiempo de lectura\" \/>\n\t<meta name=\"twitter:data2\" content=\"2 minutos\" \/>\n<script type=\"application\/ld+json\" class=\"yoast-schema-graph\">{\"@context\":\"https:\\\/\\\/schema.org\",\"@graph\":[{\"@type\":\"Article\",\"@id\":\"https:\\\/\\\/www.ardigitalnoticias.com\\\/index.php\\\/2024\\\/01\\\/22\\\/joven-asesinado-en-la-via-pitalito-acevedo\\\/#article\",\"isPartOf\":{\"@id\":\"https:\\\/\\\/www.ardigitalnoticias.com\\\/index.php\\\/2024\\\/01\\\/22\\\/joven-asesinado-en-la-via-pitalito-acevedo\\\/\"},\"author\":{\"name\":\"AR Digital Noticias\",\"@id\":\"https:\\\/\\\/ardigitalnoticias.com\\\/#\\\/schema\\\/person\\\/3f1b0a96e890d8cba89a76c7558a147c\"},\"headline\":\"JOVEN ASESINADO EN LA V\u00cdA PITALITO &#8211; ACEVEDO\",\"datePublished\":\"2024-01-22T19:33:01+00:00\",\"dateModified\":\"2024-01-22T19:33:02+00:00\",\"mainEntityOfPage\":{\"@id\":\"https:\\\/\\\/www.ardigitalnoticias.com\\\/index.php\\\/2024\\\/01\\\/22\\\/joven-asesinado-en-la-via-pitalito-acevedo\\\/\"},\"wordCount\":132,\"commentCount\":0,\"publisher\":{\"@id\":\"https:\\\/\\\/ardigitalnoticias.com\\\/#organization\"},\"image\":{\"@id\":\"https:\\\/\\\/www.ardigitalnoticias.com\\\/index.php\\\/2024\\\/01\\\/22\\\/joven-asesinado-en-la-via-pitalito-acevedo\\\/#primaryimage\"},\"thumbnailUrl\":\"https:\\\/\\\/ardigitalnoticias.com\\\/wp-content\\\/uploads\\\/2024\\\/01\\\/InShot_20240122_142741282.jpg\",\"articleSection\":[\"Judicial\"],\"inLanguage\":\"es\",\"potentialAction\":[{\"@type\":\"CommentAction\",\"name\":\"Comment\",\"target\":[\"https:\\\/\\\/www.ardigitalnoticias.com\\\/index.php\\\/2024\\\/01\\\/22\\\/joven-asesinado-en-la-via-pitalito-acevedo\\\/#respond\"]}]},{\"@type\":\"WebPage\",\"@id\":\"https:\\\/\\\/www.ardigitalnoticias.com\\\/index.php\\\/2024\\\/01\\\/22\\\/joven-asesinado-en-la-via-pitalito-acevedo\\\/\",\"url\":\"https:\\\/\\\/www.ardigitalnoticias.com\\\/index.php\\\/2024\\\/01\\\/22\\\/joven-asesinado-en-la-via-pitalito-acevedo\\\/\",\"name\":\"JOVEN ASESINADO EN LA V\u00cdA PITALITO - ACEVEDO - AR Digital Noticias\",\"isPartOf\":{\"@id\":\"https:\\\/\\\/ardigitalnoticias.com\\\/#website\"},\"primaryImageOfPage\":{\"@id\":\"https:\\\/\\\/www.ardigitalnoticias.com\\\/index.php\\\/2024\\\/01\\\/22\\\/joven-asesinado-en-la-via-pitalito-acevedo\\\/#primaryimage\"},\"image\":{\"@id\":\"https:\\\/\\\/www.ardigitalnoticias.com\\\/index.php\\\/2024\\\/01\\\/22\\\/joven-asesinado-en-la-via-pitalito-acevedo\\\/#primaryimage\"},\"thumbnailUrl\":\"https:\\\/\\\/ardigitalnoticias.com\\\/wp-content\\\/uploads\\\/2024\\\/01\\\/InShot_20240122_142741282.jpg\",\"datePublished\":\"2024-01-22T19:33:01+00:00\",\"dateModified\":\"2024-01-22T19:33:02+00:00\",\"breadcrumb\":{\"@id\":\"https:\\\/\\\/www.ardigitalnoticias.com\\\/index.php\\\/2024\\\/01\\\/22\\\/joven-asesinado-en-la-via-pitalito-acevedo\\\/#breadcrumb\"},\"inLanguage\":\"es\",\"potentialAction\":[{\"@type\":\"ReadAction\",\"target\":[\"https:\\\/\\\/www.ardigitalnoticias.com\\\/index.php\\\/2024\\\/01\\\/22\\\/joven-asesinado-en-la-via-pitalito-acevedo\\\/\"]}]},{\"@type\":\"ImageObject\",\"inLanguage\":\"es\",\"@id\":\"https:\\\/\\\/www.ardigitalnoticias.com\\\/index.php\\\/2024\\\/01\\\/22\\\/joven-asesinado-en-la-via-pitalito-acevedo\\\/#primaryimage\",\"url\":\"https:\\\/\\\/ardigitalnoticias.com\\\/wp-content\\\/uploads\\\/2024\\\/01\\\/InShot_20240122_142741282.jpg\",\"contentUrl\":\"https:\\\/\\\/ardigitalnoticias.com\\\/wp-content\\\/uploads\\\/2024\\\/01\\\/InShot_20240122_142741282.jpg\",\"width\":1920,\"height\":1079},{\"@type\":\"BreadcrumbList\",\"@id\":\"https:\\\/\\\/www.ardigitalnoticias.com\\\/index.php\\\/2024\\\/01\\\/22\\\/joven-asesinado-en-la-via-pitalito-acevedo\\\/#breadcrumb\",\"itemListElement\":[{\"@type\":\"ListItem\",\"position\":1,\"name\":\"Portada\",\"item\":\"https:\\\/\\\/ardigitalnoticias.com\\\/\"},{\"@type\":\"ListItem\",\"position\":2,\"name\":\"JOVEN ASESINADO EN LA V\u00cdA PITALITO &#8211; ACEVEDO\"}]},{\"@type\":\"WebSite\",\"@id\":\"https:\\\/\\\/ardigitalnoticias.com\\\/#website\",\"url\":\"https:\\\/\\\/ardigitalnoticias.com\\\/\",\"name\":\"AR Digital Noticias\",\"description\":\"\",\"publisher\":{\"@id\":\"https:\\\/\\\/ardigitalnoticias.com\\\/#organization\"},\"potentialAction\":[{\"@type\":\"SearchAction\",\"target\":{\"@type\":\"EntryPoint\",\"urlTemplate\":\"https:\\\/\\\/ardigitalnoticias.com\\\/?s={search_term_string}\"},\"query-input\":{\"@type\":\"PropertyValueSpecification\",\"valueRequired\":true,\"valueName\":\"search_term_string\"}}],\"inLanguage\":\"es\"},{\"@type\":\"Organization\",\"@id\":\"https:\\\/\\\/ardigitalnoticias.com\\\/#organization\",\"name\":\"AR Digital Noticias\",\"url\":\"https:\\\/\\\/ardigitalnoticias.com\\\/\",\"logo\":{\"@type\":\"ImageObject\",\"inLanguage\":\"es\",\"@id\":\"https:\\\/\\\/ardigitalnoticias.com\\\/#\\\/schema\\\/logo\\\/image\\\/\",\"url\":\"https:\\\/\\\/ardigitalnoticias.com\\\/wp-content\\\/uploads\\\/2023\\\/11\\\/cropped-cropped-cropped-cropped-AR-Digital-Noticias-1.png\",\"contentUrl\":\"https:\\\/\\\/ardigitalnoticias.com\\\/wp-content\\\/uploads\\\/2023\\\/11\\\/cropped-cropped-cropped-cropped-AR-Digital-Noticias-1.png\",\"width\":972,\"height\":306,\"caption\":\"AR Digital Noticias\"},\"image\":{\"@id\":\"https:\\\/\\\/ardigitalnoticias.com\\\/#\\\/schema\\\/logo\\\/image\\\/\"}},{\"@type\":\"Person\",\"@id\":\"https:\\\/\\\/ardigitalnoticias.com\\\/#\\\/schema\\\/person\\\/3f1b0a96e890d8cba89a76c7558a147c\",\"name\":\"AR Digital Noticias\",\"image\":{\"@type\":\"ImageObject\",\"inLanguage\":\"es\",\"@id\":\"https:\\\/\\\/secure.gravatar.com\\\/avatar\\\/55d1acd2f9cac74c99f42fcb5090c2f994204a6f6c571cf4c3001ae692cb9b34?s=96&d=mm&r=g\",\"url\":\"https:\\\/\\\/secure.gravatar.com\\\/avatar\\\/55d1acd2f9cac74c99f42fcb5090c2f994204a6f6c571cf4c3001ae692cb9b34?s=96&d=mm&r=g\",\"contentUrl\":\"https:\\\/\\\/secure.gravatar.com\\\/avatar\\\/55d1acd2f9cac74c99f42fcb5090c2f994204a6f6c571cf4c3001ae692cb9b34?s=96&d=mm&r=g\",\"caption\":\"AR Digital Noticias\"},\"sameAs\":[\"http:\\\/\\\/ardigitalnoticias.com\"],\"url\":\"https:\\\/\\\/ardigitalnoticias.com\\\/index.php\\\/author\\\/editorial\\\/\"}]}<\/script>\n<!-- \/ Yoast SEO plugin. -->","yoast_head_json":{"title":"JOVEN ASESINADO EN LA V\u00cdA PITALITO - ACEVEDO - AR Digital Noticias","robots":{"index":"index","follow":"follow","max-snippet":"max-snippet:-1","max-image-preview":"max-image-preview:large","max-video-preview":"max-video-preview:-1"},"canonical":"https:\/\/www.ardigitalnoticias.com\/index.php\/2024\/01\/22\/joven-asesinado-en-la-via-pitalito-acevedo\/","og_locale":"es_ES","og_type":"article","og_title":"JOVEN ASESINADO EN LA V\u00cdA PITALITO - ACEVEDO - AR Digital Noticias","og_description":"En un tr\u00e1gico hecho que ha conmocionado a la comunidad, las autoridades han identificado a la v\u00edctima del reciente homicidio en la V\u00eda Pitalito &#8211; Acevedo como Brayan Stiven Cuellar Urquina, un joven de tan solo 19 a\u00f1os de edad. El incidente ocurri\u00f3 durante la noche del pasado domingo 21 de enero, en las inmediaciones [&hellip;]","og_url":"https:\/\/www.ardigitalnoticias.com\/index.php\/2024\/01\/22\/joven-asesinado-en-la-via-pitalito-acevedo\/","og_site_name":"AR Digital Noticias","article_published_time":"2024-01-22T19:33:01+00:00","article_modified_time":"2024-01-22T19:33:02+00:00","og_image":[{"width":1920,"height":1079,"url":"https:\/\/www.ardigitalnoticias.com\/wp-content\/uploads\/2024\/01\/InShot_20240122_142741282.jpg","type":"image\/jpeg"}],"author":"AR Digital Noticias","twitter_card":"summary_large_image","twitter_misc":{"Escrito por":"AR Digital Noticias","Tiempo de lectura":"2 minutos"},"schema":{"@context":"https:\/\/schema.org","@graph":[{"@type":"Article","@id":"https:\/\/www.ardigitalnoticias.com\/index.php\/2024\/01\/22\/joven-asesinado-en-la-via-pitalito-acevedo\/#article","isPartOf":{"@id":"https:\/\/www.ardigitalnoticias.com\/index.php\/2024\/01\/22\/joven-asesinado-en-la-via-pitalito-acevedo\/"},"author":{"name":"AR Digital Noticias","@id":"https:\/\/ardigitalnoticias.com\/#\/schema\/person\/3f1b0a96e890d8cba89a76c7558a147c"},"headline":"JOVEN ASESINADO EN LA V\u00cdA PITALITO &#8211; ACEVEDO","datePublished":"2024-01-22T19:33:01+00:00","dateModified":"2024-01-22T19:33:02+00:00","mainEntityOfPage":{"@id":"https:\/\/www.ardigitalnoticias.com\/index.php\/2024\/01\/22\/joven-asesinado-en-la-via-pitalito-acevedo\/"},"wordCount":132,"commentCount":0,"publisher":{"@id":"https:\/\/ardigitalnoticias.com\/#organization"},"image":{"@id":"https:\/\/www.ardigitalnoticias.com\/index.php\/2024\/01\/22\/joven-asesinado-en-la-via-pitalito-acevedo\/#primaryimage"},"thumbnailUrl":"https:\/\/ardigitalnoticias.com\/wp-content\/uploads\/2024\/01\/InShot_20240122_142741282.jpg","articleSection":["Judicial"],"inLanguage":"es","potentialAction":[{"@type":"CommentAction","name":"Comment","target":["https:\/\/www.ardigitalnoticias.com\/index.php\/2024\/01\/22\/joven-asesinado-en-la-via-pitalito-acevedo\/#respond"]}]},{"@type":"WebPage","@id":"https:\/\/www.ardigitalnoticias.com\/index.php\/2024\/01\/22\/joven-asesinado-en-la-via-pitalito-acevedo\/","url":"https:\/\/www.ardigitalnoticias.com\/index.php\/2024\/01\/22\/joven-asesinado-en-la-via-pitalito-acevedo\/","name":"JOVEN ASESINADO EN LA V\u00cdA PITALITO - ACEVEDO - AR Digital Noticias","isPartOf":{"@id":"https:\/\/ardigitalnoticias.com\/#website"},"primaryImageOfPage":{"@id":"https:\/\/www.ardigitalnoticias.com\/index.php\/2024\/01\/22\/joven-asesinado-en-la-via-pitalito-acevedo\/#primaryimage"},"image":{"@id":"https:\/\/www.ardigitalnoticias.com\/index.php\/2024\/01\/22\/joven-asesinado-en-la-via-pitalito-acevedo\/#primaryimage"},"thumbnailUrl":"https:\/\/ardigitalnoticias.com\/wp-content\/uploads\/2024\/01\/InShot_20240122_142741282.jpg","datePublished":"2024-01-22T19:33:01+00:00","dateModified":"2024-01-22T19:33:02+00:00","breadcrumb":{"@id":"https:\/\/www.ardigitalnoticias.com\/index.php\/2024\/01\/22\/joven-asesinado-en-la-via-pitalito-acevedo\/#breadcrumb"},"inLanguage":"es","potentialAction":[{"@type":"ReadAction","target":["https:\/\/www.ardigitalnoticias.com\/index.php\/2024\/01\/22\/joven-asesinado-en-la-via-pitalito-acevedo\/"]}]},{"@type":"ImageObject","inLanguage":"es","@id":"https:\/\/www.ardigitalnoticias.com\/index.php\/2024\/01\/22\/joven-asesinado-en-la-via-pitalito-acevedo\/#primaryimage","url":"https:\/\/ardigitalnoticias.com\/wp-content\/uploads\/2024\/01\/InShot_20240122_142741282.jpg","contentUrl":"https:\/\/ardigitalnoticias.com\/wp-content\/uploads\/2024\/01\/InShot_20240122_142741282.jpg","width":1920,"height":1079},{"@type":"BreadcrumbList","@id":"https:\/\/www.ardigitalnoticias.com\/index.php\/2024\/01\/22\/joven-asesinado-en-la-via-pitalito-acevedo\/#breadcrumb","itemListElement":[{"@type":"ListItem","position":1,"name":"Portada","item":"https:\/\/ardigitalnoticias.com\/"},{"@type":"ListItem","position":2,"name":"JOVEN ASESINADO EN LA V\u00cdA PITALITO &#8211; ACEVEDO"}]},{"@type":"WebSite","@id":"https:\/\/ardigitalnoticias.com\/#website","url":"https:\/\/ardigitalnoticias.com\/","name":"AR Digital Noticias","description":"","publisher":{"@id":"https:\/\/ardigitalnoticias.com\/#organization"},"potentialAction":[{"@type":"SearchAction","target":{"@type":"EntryPoint","urlTemplate":"https:\/\/ardigitalnoticias.com\/?s={search_term_string}"},"query-input":{"@type":"PropertyValueSpecification","valueRequired":true,"valueName":"search_term_string"}}],"inLanguage":"es"},{"@type":"Organization","@id":"https:\/\/ardigitalnoticias.com\/#organization","name":"AR Digital Noticias","url":"https:\/\/ardigitalnoticias.com\/","logo":{"@type":"ImageObject","inLanguage":"es","@id":"https:\/\/ardigitalnoticias.com\/#\/schema\/logo\/image\/","url":"https:\/\/ardigitalnoticias.com\/wp-content\/uploads\/2023\/11\/cropped-cropped-cropped-cropped-AR-Digital-Noticias-1.png","contentUrl":"https:\/\/ardigitalnoticias.com\/wp-content\/uploads\/2023\/11\/cropped-cropped-cropped-cropped-AR-Digital-Noticias-1.png","width":972,"height":306,"caption":"AR Digital Noticias"},"image":{"@id":"https:\/\/ardigitalnoticias.com\/#\/schema\/logo\/image\/"}},{"@type":"Person","@id":"https:\/\/ardigitalnoticias.com\/#\/schema\/person\/3f1b0a96e890d8cba89a76c7558a147c","name":"AR Digital Noticias","image":{"@type":"ImageObject","inLanguage":"es","@id":"https:\/\/secure.gravatar.com\/avatar\/55d1acd2f9cac74c99f42fcb5090c2f994204a6f6c571cf4c3001ae692cb9b34?s=96&d=mm&r=g","url":"https:\/\/secure.gravatar.com\/avatar\/55d1acd2f9cac74c99f42fcb5090c2f994204a6f6c571cf4c3001ae692cb9b34?s=96&d=mm&r=g","contentUrl":"https:\/\/secure.gravatar.com\/avatar\/55d1acd2f9cac74c99f42fcb5090c2f994204a6f6c571cf4c3001ae692cb9b34?s=96&d=mm&r=g","caption":"AR Digital Noticias"},"sameAs":["http:\/\/ardigitalnoticias.com"],"url":"https:\/\/ardigitalnoticias.com\/index.php\/author\/editorial\/"}]}},"_links":{"self":[{"href":"https:\/\/ardigitalnoticias.com\/index.php\/wp-json\/wp\/v2\/posts\/2324","targetHints":{"allow":["GET"]}}],"collection":[{"href":"https:\/\/ardigitalnoticias.com\/index.php\/wp-json\/wp\/v2\/posts"}],"about":[{"href":"https:\/\/ardigitalnoticias.com\/index.php\/wp-json\/wp\/v2\/types\/post"}],"author":[{"embeddable":true,"href":"https:\/\/ardigitalnoticias.com\/index.php\/wp-json\/wp\/v2\/users\/2"}],"replies":[{"embeddable":true,"href":"https:\/\/ardigitalnoticias.com\/index.php\/wp-json\/wp\/v2\/comments?post=2324"}],"version-history":[{"count":1,"href":"https:\/\/ardigitalnoticias.com\/index.php\/wp-json\/wp\/v2\/posts\/2324\/revisions"}],"predecessor-version":[{"id":2328,"href":"https:\/\/ardigitalnoticias.com\/index.php\/wp-json\/wp\/v2\/posts\/2324\/revisions\/2328"}],"wp:featuredmedia":[{"embeddable":true,"href":"https:\/\/ardigitalnoticias.com\/index.php\/wp-json\/wp\/v2\/media\/2327"}],"wp:attachment":[{"href":"https:\/\/ardigitalnoticias.com\/index.php\/wp-json\/wp\/v2\/media?parent=2324"}],"wp:term":[{"taxonomy":"category","embeddable":true,"href":"https:\/\/ardigitalnoticias.com\/index.php\/wp-json\/wp\/v2\/categories?post=2324"},{"taxonomy":"post_tag","embeddable":true,"href":"https:\/\/ardigitalnoticias.com\/index.php\/wp-json\/wp\/v2\/tags?post=2324"}],"curies":[{"name":"wp","href":"https:\/\/api.w.org\/{rel}","templated":true}]}}