{"id":2303,"date":"2024-01-22T06:52:47","date_gmt":"2024-01-22T11:52:47","guid":{"rendered":"https:\/\/ardigitalnoticias.com\/?p=2303"},"modified":"2024-01-22T06:52:48","modified_gmt":"2024-01-22T11:52:48","slug":"tragedia-en-neiva-hombre-perdio-la-vida-en-accidente-automovilistico","status":"publish","type":"post","link":"https:\/\/ardigitalnoticias.com\/index.php\/2024\/01\/22\/tragedia-en-neiva-hombre-perdio-la-vida-en-accidente-automovilistico\/","title":{"rendered":"TRAGEDIA EN NEIVA, HOMBRE PERDI\u00d3 LA VIDA EN ACCIDENTE AUTOMOVIL\u00cdSTICO"},"content":{"rendered":"\n<p>En la tranquila zona rural de Neiva, capital del Huila, se suscit\u00f3 un tr\u00e1gico incidente que ha conmocionado a la comunidad. Iv\u00e1n Arroyave perdi\u00f3 la vida en un fatal accidente al intentar estacionar su veh\u00edculo cerca de un barranco en la vereda El Quebrad\u00f3n el pasado s\u00e1bado.<\/p>\n\n\n\n<p><strong>POR: ANDR\u00c9S RODR\u00cdGUEZ. <\/strong><\/p>\n\n\n<div class=\"wp-block-image\">\n<figure class=\"aligncenter size-full\"><img loading=\"lazy\" decoding=\"async\" width=\"700\" height=\"467\" src=\"https:\/\/ardigitalnoticias.com\/wp-content\/uploads\/2024\/01\/WipeOut33_22_2024_063316.634000.jpg\" alt=\"\" class=\"wp-image-2304\" srcset=\"https:\/\/ardigitalnoticias.com\/wp-content\/uploads\/2024\/01\/WipeOut33_22_2024_063316.634000.jpg 700w, https:\/\/ardigitalnoticias.com\/wp-content\/uploads\/2024\/01\/WipeOut33_22_2024_063316.634000-300x200.jpg 300w, https:\/\/ardigitalnoticias.com\/wp-content\/uploads\/2024\/01\/WipeOut33_22_2024_063316.634000-150x100.jpg 150w, https:\/\/ardigitalnoticias.com\/wp-content\/uploads\/2024\/01\/WipeOut33_22_2024_063316.634000-696x464.jpg 696w\" sizes=\"auto, (max-width: 700px) 100vw, 700px\" \/><figcaption class=\"wp-element-caption\"><strong>Iv\u00e1n Arroyave y sus hijos <\/strong><\/figcaption><\/figure>\n<\/div>\n\n\n<p>El lamentable hecho tuvo lugar cuando Arroyave, acompa\u00f1ado por sus dos hijos de siete y cuatro a\u00f1os, regresaba a su hogar. Al parecer, al maniobrar para estacionar en una zona empinada, un mal c\u00e1lculo llev\u00f3 a que el terreno cediera, resultando en la ca\u00edda del autom\u00f3vil al precipicio.<\/p>\n\n\n\n<p>Las heridas de consideraci\u00f3n sufridas por Iv\u00e1n Arroyave ocasionaron su fallecimiento en un centro asistencial de la capital opita. A pesar de la tragedia, sus hijos, que tambi\u00e9n estaban en el veh\u00edculo, se encuentran fuera de peligro, aunque con m\u00faltiples golpes en sus cuerpos.<\/p>\n\n\n\n<p>El \u00fanico medio de transporte recientemente adquirido por el labriego qued\u00f3 completamente destruido, seg\u00fan informaron los moradores de la vereda.<\/p>\n\n\n\n<p>Este infortunado acontecimiento deja un vac\u00edo no solo en la familia Arroyave sino tambi\u00e9n en el coraz\u00f3n de aquellos que compart\u00edan su vida y alegr\u00eda.<\/p>\n\n\n<div class=\"wp-block-image\">\n<figure class=\"aligncenter size-full\"><img loading=\"lazy\" decoding=\"async\" width=\"960\" height=\"960\" src=\"https:\/\/ardigitalnoticias.com\/wp-content\/uploads\/2024\/01\/FB_IMG_1705922927933.jpg\" alt=\"\" class=\"wp-image-2305\" srcset=\"https:\/\/ardigitalnoticias.com\/wp-content\/uploads\/2024\/01\/FB_IMG_1705922927933.jpg 960w, https:\/\/ardigitalnoticias.com\/wp-content\/uploads\/2024\/01\/FB_IMG_1705922927933-300x300.jpg 300w, https:\/\/ardigitalnoticias.com\/wp-content\/uploads\/2024\/01\/FB_IMG_1705922927933-150x150.jpg 150w, https:\/\/ardigitalnoticias.com\/wp-content\/uploads\/2024\/01\/FB_IMG_1705922927933-768x768.jpg 768w, https:\/\/ardigitalnoticias.com\/wp-content\/uploads\/2024\/01\/FB_IMG_1705922927933-696x696.jpg 696w\" sizes=\"auto, (max-width: 960px) 100vw, 960px\" \/><figcaption class=\"wp-element-caption\"><strong>Iv\u00e1n Arroyave<\/strong><\/figcaption><\/figure>\n<\/div>","protected":false},"excerpt":{"rendered":"<p>En la tranquila zona rural de Neiva, capital del Huila, se suscit\u00f3 un tr\u00e1gico incidente que ha conmocionado a la comunidad. Iv\u00e1n Arroyave perdi\u00f3 la vida en un fatal accidente al intentar estacionar su veh\u00edculo cerca de un barranco en la vereda El Quebrad\u00f3n el pasado s\u00e1bado. POR: ANDR\u00c9S RODR\u00cdGUEZ. El lamentable hecho tuvo lugar [&hellip;]<\/p>\n","protected":false},"author":2,"featured_media":2306,"comment_status":"open","ping_status":"open","sticky":false,"template":"","format":"standard","meta":{"_acf_changed":false,"_joinchat":[],"footnotes":""},"categories":[20],"tags":[],"class_list":{"0":"post-2303","1":"post","2":"type-post","3":"status-publish","4":"format-standard","5":"has-post-thumbnail","7":"category-judicial"},"acf":[],"yoast_head":"<!-- This site is optimized with the Yoast SEO plugin v27.4 - https:\/\/yoast.com\/product\/yoast-seo-wordpress\/ -->\n<title>TRAGEDIA EN NEIVA, HOMBRE PERDI\u00d3 LA VIDA EN ACCIDENTE AUTOMOVIL\u00cdSTICO - AR Digital Noticias<\/title>\n<meta name=\"robots\" content=\"index, follow, max-snippet:-1, max-image-preview:large, max-video-preview:-1\" \/>\n<link rel=\"canonical\" href=\"https:\/\/ardigitalnoticias.com\/index.php\/2024\/01\/22\/tragedia-en-neiva-hombre-perdio-la-vida-en-accidente-automovilistico\/\" \/>\n<meta property=\"og:locale\" content=\"es_ES\" \/>\n<meta property=\"og:type\" content=\"article\" \/>\n<meta property=\"og:title\" content=\"TRAGEDIA EN NEIVA, HOMBRE PERDI\u00d3 LA VIDA EN ACCIDENTE AUTOMOVIL\u00cdSTICO - AR Digital Noticias\" \/>\n<meta property=\"og:description\" content=\"En la tranquila zona rural de Neiva, capital del Huila, se suscit\u00f3 un tr\u00e1gico incidente que ha conmocionado a la comunidad. Iv\u00e1n Arroyave perdi\u00f3 la vida en un fatal accidente al intentar estacionar su veh\u00edculo cerca de un barranco en la vereda El Quebrad\u00f3n el pasado s\u00e1bado. POR: ANDR\u00c9S RODR\u00cdGUEZ. El lamentable hecho tuvo lugar [&hellip;]\" \/>\n<meta property=\"og:url\" content=\"https:\/\/ardigitalnoticias.com\/index.php\/2024\/01\/22\/tragedia-en-neiva-hombre-perdio-la-vida-en-accidente-automovilistico\/\" \/>\n<meta property=\"og:site_name\" content=\"AR Digital Noticias\" \/>\n<meta property=\"article:published_time\" content=\"2024-01-22T11:52:47+00:00\" \/>\n<meta property=\"article:modified_time\" content=\"2024-01-22T11:52:48+00:00\" \/>\n<meta property=\"og:image\" content=\"https:\/\/ardigitalnoticias.com\/wp-content\/uploads\/2024\/01\/InShot_20240122_064732672-scaled.jpg\" \/>\n\t<meta property=\"og:image:width\" content=\"2560\" \/>\n\t<meta property=\"og:image:height\" content=\"1439\" \/>\n\t<meta property=\"og:image:type\" content=\"image\/jpeg\" \/>\n<meta name=\"author\" content=\"AR Digital Noticias\" \/>\n<meta name=\"twitter:card\" content=\"summary_large_image\" \/>\n<meta name=\"twitter:label1\" content=\"Escrito por\" \/>\n\t<meta name=\"twitter:data1\" content=\"AR Digital Noticias\" \/>\n\t<meta name=\"twitter:label2\" content=\"Tiempo de lectura\" \/>\n\t<meta name=\"twitter:data2\" content=\"2 minutos\" \/>\n<script type=\"application\/ld+json\" class=\"yoast-schema-graph\">{\"@context\":\"https:\\\/\\\/schema.org\",\"@graph\":[{\"@type\":\"Article\",\"@id\":\"https:\\\/\\\/ardigitalnoticias.com\\\/index.php\\\/2024\\\/01\\\/22\\\/tragedia-en-neiva-hombre-perdio-la-vida-en-accidente-automovilistico\\\/#article\",\"isPartOf\":{\"@id\":\"https:\\\/\\\/ardigitalnoticias.com\\\/index.php\\\/2024\\\/01\\\/22\\\/tragedia-en-neiva-hombre-perdio-la-vida-en-accidente-automovilistico\\\/\"},\"author\":{\"name\":\"AR Digital Noticias\",\"@id\":\"https:\\\/\\\/ardigitalnoticias.com\\\/#\\\/schema\\\/person\\\/3f1b0a96e890d8cba89a76c7558a147c\"},\"headline\":\"TRAGEDIA EN NEIVA, HOMBRE PERDI\u00d3 LA VIDA EN ACCIDENTE AUTOMOVIL\u00cdSTICO\",\"datePublished\":\"2024-01-22T11:52:47+00:00\",\"dateModified\":\"2024-01-22T11:52:48+00:00\",\"mainEntityOfPage\":{\"@id\":\"https:\\\/\\\/ardigitalnoticias.com\\\/index.php\\\/2024\\\/01\\\/22\\\/tragedia-en-neiva-hombre-perdio-la-vida-en-accidente-automovilistico\\\/\"},\"wordCount\":230,\"commentCount\":0,\"publisher\":{\"@id\":\"https:\\\/\\\/ardigitalnoticias.com\\\/#organization\"},\"image\":{\"@id\":\"https:\\\/\\\/ardigitalnoticias.com\\\/index.php\\\/2024\\\/01\\\/22\\\/tragedia-en-neiva-hombre-perdio-la-vida-en-accidente-automovilistico\\\/#primaryimage\"},\"thumbnailUrl\":\"https:\\\/\\\/ardigitalnoticias.com\\\/wp-content\\\/uploads\\\/2024\\\/01\\\/InShot_20240122_064732672-scaled.jpg\",\"articleSection\":[\"Judicial\"],\"inLanguage\":\"es\",\"potentialAction\":[{\"@type\":\"CommentAction\",\"name\":\"Comment\",\"target\":[\"https:\\\/\\\/ardigitalnoticias.com\\\/index.php\\\/2024\\\/01\\\/22\\\/tragedia-en-neiva-hombre-perdio-la-vida-en-accidente-automovilistico\\\/#respond\"]}]},{\"@type\":\"WebPage\",\"@id\":\"https:\\\/\\\/ardigitalnoticias.com\\\/index.php\\\/2024\\\/01\\\/22\\\/tragedia-en-neiva-hombre-perdio-la-vida-en-accidente-automovilistico\\\/\",\"url\":\"https:\\\/\\\/ardigitalnoticias.com\\\/index.php\\\/2024\\\/01\\\/22\\\/tragedia-en-neiva-hombre-perdio-la-vida-en-accidente-automovilistico\\\/\",\"name\":\"TRAGEDIA EN NEIVA, HOMBRE PERDI\u00d3 LA VIDA EN ACCIDENTE AUTOMOVIL\u00cdSTICO - AR Digital Noticias\",\"isPartOf\":{\"@id\":\"https:\\\/\\\/ardigitalnoticias.com\\\/#website\"},\"primaryImageOfPage\":{\"@id\":\"https:\\\/\\\/ardigitalnoticias.com\\\/index.php\\\/2024\\\/01\\\/22\\\/tragedia-en-neiva-hombre-perdio-la-vida-en-accidente-automovilistico\\\/#primaryimage\"},\"image\":{\"@id\":\"https:\\\/\\\/ardigitalnoticias.com\\\/index.php\\\/2024\\\/01\\\/22\\\/tragedia-en-neiva-hombre-perdio-la-vida-en-accidente-automovilistico\\\/#primaryimage\"},\"thumbnailUrl\":\"https:\\\/\\\/ardigitalnoticias.com\\\/wp-content\\\/uploads\\\/2024\\\/01\\\/InShot_20240122_064732672-scaled.jpg\",\"datePublished\":\"2024-01-22T11:52:47+00:00\",\"dateModified\":\"2024-01-22T11:52:48+00:00\",\"breadcrumb\":{\"@id\":\"https:\\\/\\\/ardigitalnoticias.com\\\/index.php\\\/2024\\\/01\\\/22\\\/tragedia-en-neiva-hombre-perdio-la-vida-en-accidente-automovilistico\\\/#breadcrumb\"},\"inLanguage\":\"es\",\"potentialAction\":[{\"@type\":\"ReadAction\",\"target\":[\"https:\\\/\\\/ardigitalnoticias.com\\\/index.php\\\/2024\\\/01\\\/22\\\/tragedia-en-neiva-hombre-perdio-la-vida-en-accidente-automovilistico\\\/\"]}]},{\"@type\":\"ImageObject\",\"inLanguage\":\"es\",\"@id\":\"https:\\\/\\\/ardigitalnoticias.com\\\/index.php\\\/2024\\\/01\\\/22\\\/tragedia-en-neiva-hombre-perdio-la-vida-en-accidente-automovilistico\\\/#primaryimage\",\"url\":\"https:\\\/\\\/ardigitalnoticias.com\\\/wp-content\\\/uploads\\\/2024\\\/01\\\/InShot_20240122_064732672-scaled.jpg\",\"contentUrl\":\"https:\\\/\\\/ardigitalnoticias.com\\\/wp-content\\\/uploads\\\/2024\\\/01\\\/InShot_20240122_064732672-scaled.jpg\",\"width\":2560,\"height\":1439},{\"@type\":\"BreadcrumbList\",\"@id\":\"https:\\\/\\\/ardigitalnoticias.com\\\/index.php\\\/2024\\\/01\\\/22\\\/tragedia-en-neiva-hombre-perdio-la-vida-en-accidente-automovilistico\\\/#breadcrumb\",\"itemListElement\":[{\"@type\":\"ListItem\",\"position\":1,\"name\":\"Portada\",\"item\":\"https:\\\/\\\/ardigitalnoticias.com\\\/\"},{\"@type\":\"ListItem\",\"position\":2,\"name\":\"TRAGEDIA EN NEIVA, HOMBRE PERDI\u00d3 LA VIDA EN ACCIDENTE AUTOMOVIL\u00cdSTICO\"}]},{\"@type\":\"WebSite\",\"@id\":\"https:\\\/\\\/ardigitalnoticias.com\\\/#website\",\"url\":\"https:\\\/\\\/ardigitalnoticias.com\\\/\",\"name\":\"AR Digital Noticias\",\"description\":\"\",\"publisher\":{\"@id\":\"https:\\\/\\\/ardigitalnoticias.com\\\/#organization\"},\"potentialAction\":[{\"@type\":\"SearchAction\",\"target\":{\"@type\":\"EntryPoint\",\"urlTemplate\":\"https:\\\/\\\/ardigitalnoticias.com\\\/?s={search_term_string}\"},\"query-input\":{\"@type\":\"PropertyValueSpecification\",\"valueRequired\":true,\"valueName\":\"search_term_string\"}}],\"inLanguage\":\"es\"},{\"@type\":\"Organization\",\"@id\":\"https:\\\/\\\/ardigitalnoticias.com\\\/#organization\",\"name\":\"AR Digital Noticias\",\"url\":\"https:\\\/\\\/ardigitalnoticias.com\\\/\",\"logo\":{\"@type\":\"ImageObject\",\"inLanguage\":\"es\",\"@id\":\"https:\\\/\\\/ardigitalnoticias.com\\\/#\\\/schema\\\/logo\\\/image\\\/\",\"url\":\"https:\\\/\\\/ardigitalnoticias.com\\\/wp-content\\\/uploads\\\/2023\\\/11\\\/cropped-cropped-cropped-cropped-AR-Digital-Noticias-1.png\",\"contentUrl\":\"https:\\\/\\\/ardigitalnoticias.com\\\/wp-content\\\/uploads\\\/2023\\\/11\\\/cropped-cropped-cropped-cropped-AR-Digital-Noticias-1.png\",\"width\":972,\"height\":306,\"caption\":\"AR Digital Noticias\"},\"image\":{\"@id\":\"https:\\\/\\\/ardigitalnoticias.com\\\/#\\\/schema\\\/logo\\\/image\\\/\"}},{\"@type\":\"Person\",\"@id\":\"https:\\\/\\\/ardigitalnoticias.com\\\/#\\\/schema\\\/person\\\/3f1b0a96e890d8cba89a76c7558a147c\",\"name\":\"AR Digital Noticias\",\"image\":{\"@type\":\"ImageObject\",\"inLanguage\":\"es\",\"@id\":\"https:\\\/\\\/secure.gravatar.com\\\/avatar\\\/55d1acd2f9cac74c99f42fcb5090c2f994204a6f6c571cf4c3001ae692cb9b34?s=96&d=mm&r=g\",\"url\":\"https:\\\/\\\/secure.gravatar.com\\\/avatar\\\/55d1acd2f9cac74c99f42fcb5090c2f994204a6f6c571cf4c3001ae692cb9b34?s=96&d=mm&r=g\",\"contentUrl\":\"https:\\\/\\\/secure.gravatar.com\\\/avatar\\\/55d1acd2f9cac74c99f42fcb5090c2f994204a6f6c571cf4c3001ae692cb9b34?s=96&d=mm&r=g\",\"caption\":\"AR Digital Noticias\"},\"sameAs\":[\"http:\\\/\\\/ardigitalnoticias.com\"],\"url\":\"https:\\\/\\\/ardigitalnoticias.com\\\/index.php\\\/author\\\/editorial\\\/\"}]}<\/script>\n<!-- \/ Yoast SEO plugin. -->","yoast_head_json":{"title":"TRAGEDIA EN NEIVA, HOMBRE PERDI\u00d3 LA VIDA EN ACCIDENTE AUTOMOVIL\u00cdSTICO - AR Digital Noticias","robots":{"index":"index","follow":"follow","max-snippet":"max-snippet:-1","max-image-preview":"max-image-preview:large","max-video-preview":"max-video-preview:-1"},"canonical":"https:\/\/ardigitalnoticias.com\/index.php\/2024\/01\/22\/tragedia-en-neiva-hombre-perdio-la-vida-en-accidente-automovilistico\/","og_locale":"es_ES","og_type":"article","og_title":"TRAGEDIA EN NEIVA, HOMBRE PERDI\u00d3 LA VIDA EN ACCIDENTE AUTOMOVIL\u00cdSTICO - AR Digital Noticias","og_description":"En la tranquila zona rural de Neiva, capital del Huila, se suscit\u00f3 un tr\u00e1gico incidente que ha conmocionado a la comunidad. Iv\u00e1n Arroyave perdi\u00f3 la vida en un fatal accidente al intentar estacionar su veh\u00edculo cerca de un barranco en la vereda El Quebrad\u00f3n el pasado s\u00e1bado. POR: ANDR\u00c9S RODR\u00cdGUEZ. El lamentable hecho tuvo lugar [&hellip;]","og_url":"https:\/\/ardigitalnoticias.com\/index.php\/2024\/01\/22\/tragedia-en-neiva-hombre-perdio-la-vida-en-accidente-automovilistico\/","og_site_name":"AR Digital Noticias","article_published_time":"2024-01-22T11:52:47+00:00","article_modified_time":"2024-01-22T11:52:48+00:00","og_image":[{"width":2560,"height":1439,"url":"https:\/\/ardigitalnoticias.com\/wp-content\/uploads\/2024\/01\/InShot_20240122_064732672-scaled.jpg","type":"image\/jpeg"}],"author":"AR Digital Noticias","twitter_card":"summary_large_image","twitter_misc":{"Escrito por":"AR Digital Noticias","Tiempo de lectura":"2 minutos"},"schema":{"@context":"https:\/\/schema.org","@graph":[{"@type":"Article","@id":"https:\/\/ardigitalnoticias.com\/index.php\/2024\/01\/22\/tragedia-en-neiva-hombre-perdio-la-vida-en-accidente-automovilistico\/#article","isPartOf":{"@id":"https:\/\/ardigitalnoticias.com\/index.php\/2024\/01\/22\/tragedia-en-neiva-hombre-perdio-la-vida-en-accidente-automovilistico\/"},"author":{"name":"AR Digital Noticias","@id":"https:\/\/ardigitalnoticias.com\/#\/schema\/person\/3f1b0a96e890d8cba89a76c7558a147c"},"headline":"TRAGEDIA EN NEIVA, HOMBRE PERDI\u00d3 LA VIDA EN ACCIDENTE AUTOMOVIL\u00cdSTICO","datePublished":"2024-01-22T11:52:47+00:00","dateModified":"2024-01-22T11:52:48+00:00","mainEntityOfPage":{"@id":"https:\/\/ardigitalnoticias.com\/index.php\/2024\/01\/22\/tragedia-en-neiva-hombre-perdio-la-vida-en-accidente-automovilistico\/"},"wordCount":230,"commentCount":0,"publisher":{"@id":"https:\/\/ardigitalnoticias.com\/#organization"},"image":{"@id":"https:\/\/ardigitalnoticias.com\/index.php\/2024\/01\/22\/tragedia-en-neiva-hombre-perdio-la-vida-en-accidente-automovilistico\/#primaryimage"},"thumbnailUrl":"https:\/\/ardigitalnoticias.com\/wp-content\/uploads\/2024\/01\/InShot_20240122_064732672-scaled.jpg","articleSection":["Judicial"],"inLanguage":"es","potentialAction":[{"@type":"CommentAction","name":"Comment","target":["https:\/\/ardigitalnoticias.com\/index.php\/2024\/01\/22\/tragedia-en-neiva-hombre-perdio-la-vida-en-accidente-automovilistico\/#respond"]}]},{"@type":"WebPage","@id":"https:\/\/ardigitalnoticias.com\/index.php\/2024\/01\/22\/tragedia-en-neiva-hombre-perdio-la-vida-en-accidente-automovilistico\/","url":"https:\/\/ardigitalnoticias.com\/index.php\/2024\/01\/22\/tragedia-en-neiva-hombre-perdio-la-vida-en-accidente-automovilistico\/","name":"TRAGEDIA EN NEIVA, HOMBRE PERDI\u00d3 LA VIDA EN ACCIDENTE AUTOMOVIL\u00cdSTICO - AR Digital Noticias","isPartOf":{"@id":"https:\/\/ardigitalnoticias.com\/#website"},"primaryImageOfPage":{"@id":"https:\/\/ardigitalnoticias.com\/index.php\/2024\/01\/22\/tragedia-en-neiva-hombre-perdio-la-vida-en-accidente-automovilistico\/#primaryimage"},"image":{"@id":"https:\/\/ardigitalnoticias.com\/index.php\/2024\/01\/22\/tragedia-en-neiva-hombre-perdio-la-vida-en-accidente-automovilistico\/#primaryimage"},"thumbnailUrl":"https:\/\/ardigitalnoticias.com\/wp-content\/uploads\/2024\/01\/InShot_20240122_064732672-scaled.jpg","datePublished":"2024-01-22T11:52:47+00:00","dateModified":"2024-01-22T11:52:48+00:00","breadcrumb":{"@id":"https:\/\/ardigitalnoticias.com\/index.php\/2024\/01\/22\/tragedia-en-neiva-hombre-perdio-la-vida-en-accidente-automovilistico\/#breadcrumb"},"inLanguage":"es","potentialAction":[{"@type":"ReadAction","target":["https:\/\/ardigitalnoticias.com\/index.php\/2024\/01\/22\/tragedia-en-neiva-hombre-perdio-la-vida-en-accidente-automovilistico\/"]}]},{"@type":"ImageObject","inLanguage":"es","@id":"https:\/\/ardigitalnoticias.com\/index.php\/2024\/01\/22\/tragedia-en-neiva-hombre-perdio-la-vida-en-accidente-automovilistico\/#primaryimage","url":"https:\/\/ardigitalnoticias.com\/wp-content\/uploads\/2024\/01\/InShot_20240122_064732672-scaled.jpg","contentUrl":"https:\/\/ardigitalnoticias.com\/wp-content\/uploads\/2024\/01\/InShot_20240122_064732672-scaled.jpg","width":2560,"height":1439},{"@type":"BreadcrumbList","@id":"https:\/\/ardigitalnoticias.com\/index.php\/2024\/01\/22\/tragedia-en-neiva-hombre-perdio-la-vida-en-accidente-automovilistico\/#breadcrumb","itemListElement":[{"@type":"ListItem","position":1,"name":"Portada","item":"https:\/\/ardigitalnoticias.com\/"},{"@type":"ListItem","position":2,"name":"TRAGEDIA EN NEIVA, HOMBRE PERDI\u00d3 LA VIDA EN ACCIDENTE AUTOMOVIL\u00cdSTICO"}]},{"@type":"WebSite","@id":"https:\/\/ardigitalnoticias.com\/#website","url":"https:\/\/ardigitalnoticias.com\/","name":"AR Digital Noticias","description":"","publisher":{"@id":"https:\/\/ardigitalnoticias.com\/#organization"},"potentialAction":[{"@type":"SearchAction","target":{"@type":"EntryPoint","urlTemplate":"https:\/\/ardigitalnoticias.com\/?s={search_term_string}"},"query-input":{"@type":"PropertyValueSpecification","valueRequired":true,"valueName":"search_term_string"}}],"inLanguage":"es"},{"@type":"Organization","@id":"https:\/\/ardigitalnoticias.com\/#organization","name":"AR Digital Noticias","url":"https:\/\/ardigitalnoticias.com\/","logo":{"@type":"ImageObject","inLanguage":"es","@id":"https:\/\/ardigitalnoticias.com\/#\/schema\/logo\/image\/","url":"https:\/\/ardigitalnoticias.com\/wp-content\/uploads\/2023\/11\/cropped-cropped-cropped-cropped-AR-Digital-Noticias-1.png","contentUrl":"https:\/\/ardigitalnoticias.com\/wp-content\/uploads\/2023\/11\/cropped-cropped-cropped-cropped-AR-Digital-Noticias-1.png","width":972,"height":306,"caption":"AR Digital Noticias"},"image":{"@id":"https:\/\/ardigitalnoticias.com\/#\/schema\/logo\/image\/"}},{"@type":"Person","@id":"https:\/\/ardigitalnoticias.com\/#\/schema\/person\/3f1b0a96e890d8cba89a76c7558a147c","name":"AR Digital Noticias","image":{"@type":"ImageObject","inLanguage":"es","@id":"https:\/\/secure.gravatar.com\/avatar\/55d1acd2f9cac74c99f42fcb5090c2f994204a6f6c571cf4c3001ae692cb9b34?s=96&d=mm&r=g","url":"https:\/\/secure.gravatar.com\/avatar\/55d1acd2f9cac74c99f42fcb5090c2f994204a6f6c571cf4c3001ae692cb9b34?s=96&d=mm&r=g","contentUrl":"https:\/\/secure.gravatar.com\/avatar\/55d1acd2f9cac74c99f42fcb5090c2f994204a6f6c571cf4c3001ae692cb9b34?s=96&d=mm&r=g","caption":"AR Digital Noticias"},"sameAs":["http:\/\/ardigitalnoticias.com"],"url":"https:\/\/ardigitalnoticias.com\/index.php\/author\/editorial\/"}]}},"_links":{"self":[{"href":"https:\/\/ardigitalnoticias.com\/index.php\/wp-json\/wp\/v2\/posts\/2303","targetHints":{"allow":["GET"]}}],"collection":[{"href":"https:\/\/ardigitalnoticias.com\/index.php\/wp-json\/wp\/v2\/posts"}],"about":[{"href":"https:\/\/ardigitalnoticias.com\/index.php\/wp-json\/wp\/v2\/types\/post"}],"author":[{"embeddable":true,"href":"https:\/\/ardigitalnoticias.com\/index.php\/wp-json\/wp\/v2\/users\/2"}],"replies":[{"embeddable":true,"href":"https:\/\/ardigitalnoticias.com\/index.php\/wp-json\/wp\/v2\/comments?post=2303"}],"version-history":[{"count":1,"href":"https:\/\/ardigitalnoticias.com\/index.php\/wp-json\/wp\/v2\/posts\/2303\/revisions"}],"predecessor-version":[{"id":2307,"href":"https:\/\/ardigitalnoticias.com\/index.php\/wp-json\/wp\/v2\/posts\/2303\/revisions\/2307"}],"wp:featuredmedia":[{"embeddable":true,"href":"https:\/\/ardigitalnoticias.com\/index.php\/wp-json\/wp\/v2\/media\/2306"}],"wp:attachment":[{"href":"https:\/\/ardigitalnoticias.com\/index.php\/wp-json\/wp\/v2\/media?parent=2303"}],"wp:term":[{"taxonomy":"category","embeddable":true,"href":"https:\/\/ardigitalnoticias.com\/index.php\/wp-json\/wp\/v2\/categories?post=2303"},{"taxonomy":"post_tag","embeddable":true,"href":"https:\/\/ardigitalnoticias.com\/index.php\/wp-json\/wp\/v2\/tags?post=2303"}],"curies":[{"name":"wp","href":"https:\/\/api.w.org\/{rel}","templated":true}]}}