{"id":1755,"date":"2024-01-01T11:46:57","date_gmt":"2024-01-01T16:46:57","guid":{"rendered":"https:\/\/ardigitalnoticias.com\/?p=1755"},"modified":"2024-01-01T11:47:00","modified_gmt":"2024-01-01T16:47:00","slug":"la-policia-metropolitana-de-neiva-presenta-el-balance-de-fin-de-ano-e-inicio-del-2024","status":"publish","type":"post","link":"https:\/\/ardigitalnoticias.com\/index.php\/2024\/01\/01\/la-policia-metropolitana-de-neiva-presenta-el-balance-de-fin-de-ano-e-inicio-del-2024\/","title":{"rendered":"LA POLIC\u00cdA METROPOLITANA DE NEIVA PRESENTA EL BALANCE DE FIN DE A\u00d1O E INICIO DEL 2024"},"content":{"rendered":"\n<p>En el marco del Plan \u00abEn Navidad Siempre Presentes\u00bb, la Polic\u00eda Metropolitana de Neiva despleg\u00f3 una estrategia integral para garantizar la seguridad durante la noche de fin de a\u00f1o e inicio del nuevo a\u00f1o. Los uniformados llevaron a cabo patrullajes en las diferentes comunas de la ciudad, acompa\u00f1ando a propios y visitantes, con el objetivo de mantener la tranquilidad en estos momentos festivos.<\/p>\n\n\n\n<figure class=\"wp-block-gallery aligncenter has-nested-images columns-default is-cropped wp-block-gallery-1 is-layout-flex wp-block-gallery-is-layout-flex\">\n<figure class=\"wp-block-image size-large\"><img loading=\"lazy\" decoding=\"async\" width=\"768\" height=\"1024\" data-id=\"1756\" src=\"https:\/\/ardigitalnoticias.com\/wp-content\/uploads\/2024\/01\/IMG-20240101-WA0254-768x1024.jpg\" alt=\"\" class=\"wp-image-1756\" srcset=\"https:\/\/ardigitalnoticias.com\/wp-content\/uploads\/2024\/01\/IMG-20240101-WA0254-768x1024.jpg 768w, https:\/\/ardigitalnoticias.com\/wp-content\/uploads\/2024\/01\/IMG-20240101-WA0254-225x300.jpg 225w, https:\/\/ardigitalnoticias.com\/wp-content\/uploads\/2024\/01\/IMG-20240101-WA0254-150x200.jpg 150w, https:\/\/ardigitalnoticias.com\/wp-content\/uploads\/2024\/01\/IMG-20240101-WA0254-300x400.jpg 300w, https:\/\/ardigitalnoticias.com\/wp-content\/uploads\/2024\/01\/IMG-20240101-WA0254-696x928.jpg 696w, https:\/\/ardigitalnoticias.com\/wp-content\/uploads\/2024\/01\/IMG-20240101-WA0254.jpg 960w\" sizes=\"auto, (max-width: 768px) 100vw, 768px\" \/><\/figure>\n\n\n\n<figure class=\"wp-block-image size-large\"><img loading=\"lazy\" decoding=\"async\" width=\"768\" height=\"1024\" data-id=\"1757\" src=\"https:\/\/ardigitalnoticias.com\/wp-content\/uploads\/2024\/01\/IMG-20240101-WA0253-768x1024.jpg\" alt=\"\" class=\"wp-image-1757\" srcset=\"https:\/\/ardigitalnoticias.com\/wp-content\/uploads\/2024\/01\/IMG-20240101-WA0253-768x1024.jpg 768w, https:\/\/ardigitalnoticias.com\/wp-content\/uploads\/2024\/01\/IMG-20240101-WA0253-225x300.jpg 225w, https:\/\/ardigitalnoticias.com\/wp-content\/uploads\/2024\/01\/IMG-20240101-WA0253-150x200.jpg 150w, https:\/\/ardigitalnoticias.com\/wp-content\/uploads\/2024\/01\/IMG-20240101-WA0253-300x400.jpg 300w, https:\/\/ardigitalnoticias.com\/wp-content\/uploads\/2024\/01\/IMG-20240101-WA0253-696x928.jpg 696w, https:\/\/ardigitalnoticias.com\/wp-content\/uploads\/2024\/01\/IMG-20240101-WA0253.jpg 960w\" sizes=\"auto, (max-width: 768px) 100vw, 768px\" \/><\/figure>\n<\/figure>\n\n\n\n<p>Durante el \u00faltimo d\u00eda del a\u00f1o y la madrugada del 01 de enero, la l\u00ednea de atenci\u00f3n y emergencias 123 recibi\u00f3 un total de 2.475 llamadas. De estas, 119 estuvieron relacionadas con casos de ri\u00f1as y 21 con situaciones de violencia intrafamiliar. Como parte de la aplicaci\u00f3n del C\u00f3digo Nacional de Convivencia y Seguridad Ciudadana, ley 1801 de 2016, se llevaron a cabo 22 \u00f3rdenes de comparendo. Entre estas, 14 fueron por porte de armas cortopunzantes, 03 por cierre de establecimientos, 03 por estupefacientes y 02 por irrespetar a las autoridades.<\/p>\n\n\n\n<figure class=\"wp-block-gallery aligncenter has-nested-images columns-default is-cropped wp-block-gallery-2 is-layout-flex wp-block-gallery-is-layout-flex\">\n<figure class=\"wp-block-image size-large\"><img loading=\"lazy\" decoding=\"async\" width=\"1024\" height=\"770\" data-id=\"1758\" src=\"https:\/\/ardigitalnoticias.com\/wp-content\/uploads\/2024\/01\/IMG-20240101-WA0251-1024x770.jpg\" alt=\"\" class=\"wp-image-1758\" srcset=\"https:\/\/ardigitalnoticias.com\/wp-content\/uploads\/2024\/01\/IMG-20240101-WA0251-1024x770.jpg 1024w, https:\/\/ardigitalnoticias.com\/wp-content\/uploads\/2024\/01\/IMG-20240101-WA0251-300x226.jpg 300w, https:\/\/ardigitalnoticias.com\/wp-content\/uploads\/2024\/01\/IMG-20240101-WA0251-768x578.jpg 768w, https:\/\/ardigitalnoticias.com\/wp-content\/uploads\/2024\/01\/IMG-20240101-WA0251-150x113.jpg 150w, https:\/\/ardigitalnoticias.com\/wp-content\/uploads\/2024\/01\/IMG-20240101-WA0251-696x524.jpg 696w, https:\/\/ardigitalnoticias.com\/wp-content\/uploads\/2024\/01\/IMG-20240101-WA0251-1068x804.jpg 1068w, https:\/\/ardigitalnoticias.com\/wp-content\/uploads\/2024\/01\/IMG-20240101-WA0251.jpg 1280w\" sizes=\"auto, (max-width: 1024px) 100vw, 1024px\" \/><\/figure>\n\n\n\n<figure class=\"wp-block-image size-large\"><img loading=\"lazy\" decoding=\"async\" width=\"1024\" height=\"770\" data-id=\"1759\" src=\"https:\/\/ardigitalnoticias.com\/wp-content\/uploads\/2024\/01\/IMG-20240101-WA0252-1024x770.jpg\" alt=\"\" class=\"wp-image-1759\" srcset=\"https:\/\/ardigitalnoticias.com\/wp-content\/uploads\/2024\/01\/IMG-20240101-WA0252-1024x770.jpg 1024w, https:\/\/ardigitalnoticias.com\/wp-content\/uploads\/2024\/01\/IMG-20240101-WA0252-300x226.jpg 300w, https:\/\/ardigitalnoticias.com\/wp-content\/uploads\/2024\/01\/IMG-20240101-WA0252-768x578.jpg 768w, https:\/\/ardigitalnoticias.com\/wp-content\/uploads\/2024\/01\/IMG-20240101-WA0252-150x113.jpg 150w, https:\/\/ardigitalnoticias.com\/wp-content\/uploads\/2024\/01\/IMG-20240101-WA0252-696x524.jpg 696w, https:\/\/ardigitalnoticias.com\/wp-content\/uploads\/2024\/01\/IMG-20240101-WA0252-1068x804.jpg 1068w, https:\/\/ardigitalnoticias.com\/wp-content\/uploads\/2024\/01\/IMG-20240101-WA0252.jpg 1280w\" sizes=\"auto, (max-width: 1024px) 100vw, 1024px\" \/><\/figure>\n<\/figure>\n\n\n\n<p>A pesar de las campa\u00f1as preventivas realizadas, se reporta de manera preliminar el ingreso a un centro asistencial de una adolescente de 14 a\u00f1os, quien sufri\u00f3 lesiones en su mano izquierda debido a la manipulaci\u00f3n de p\u00f3lvora. La Polic\u00eda Metropolitana reitera su compromiso de trabajar de manera coordinada con las autoridades pol\u00edtico-administrativas durante el a\u00f1o 2024, empleando todas sus capacidades institucionales en la lucha contra el delito para asegurar la tranquilidad y seguridad de los habitantes de Neiva.<\/p>\n\n\n\n<figure class=\"wp-block-gallery aligncenter has-nested-images columns-default is-cropped wp-block-gallery-3 is-layout-flex wp-block-gallery-is-layout-flex\">\n<figure class=\"wp-block-image size-large\"><img loading=\"lazy\" decoding=\"async\" width=\"1024\" height=\"770\" data-id=\"1760\" src=\"https:\/\/ardigitalnoticias.com\/wp-content\/uploads\/2024\/01\/IMG-20240101-WA0250-1024x770.jpg\" alt=\"\" class=\"wp-image-1760\" srcset=\"https:\/\/ardigitalnoticias.com\/wp-content\/uploads\/2024\/01\/IMG-20240101-WA0250-1024x770.jpg 1024w, https:\/\/ardigitalnoticias.com\/wp-content\/uploads\/2024\/01\/IMG-20240101-WA0250-300x226.jpg 300w, https:\/\/ardigitalnoticias.com\/wp-content\/uploads\/2024\/01\/IMG-20240101-WA0250-768x578.jpg 768w, https:\/\/ardigitalnoticias.com\/wp-content\/uploads\/2024\/01\/IMG-20240101-WA0250-150x113.jpg 150w, https:\/\/ardigitalnoticias.com\/wp-content\/uploads\/2024\/01\/IMG-20240101-WA0250-696x524.jpg 696w, https:\/\/ardigitalnoticias.com\/wp-content\/uploads\/2024\/01\/IMG-20240101-WA0250-1068x804.jpg 1068w, https:\/\/ardigitalnoticias.com\/wp-content\/uploads\/2024\/01\/IMG-20240101-WA0250.jpg 1280w\" sizes=\"auto, (max-width: 1024px) 100vw, 1024px\" \/><\/figure>\n\n\n\n<figure class=\"wp-block-image size-large\"><img loading=\"lazy\" decoding=\"async\" width=\"1024\" height=\"768\" data-id=\"1761\" src=\"https:\/\/ardigitalnoticias.com\/wp-content\/uploads\/2024\/01\/IMG-20240101-WA0249-1024x768.jpg\" alt=\"\" class=\"wp-image-1761\" srcset=\"https:\/\/ardigitalnoticias.com\/wp-content\/uploads\/2024\/01\/IMG-20240101-WA0249-1024x768.jpg 1024w, https:\/\/ardigitalnoticias.com\/wp-content\/uploads\/2024\/01\/IMG-20240101-WA0249-300x225.jpg 300w, https:\/\/ardigitalnoticias.com\/wp-content\/uploads\/2024\/01\/IMG-20240101-WA0249-768x576.jpg 768w, https:\/\/ardigitalnoticias.com\/wp-content\/uploads\/2024\/01\/IMG-20240101-WA0249-150x113.jpg 150w, https:\/\/ardigitalnoticias.com\/wp-content\/uploads\/2024\/01\/IMG-20240101-WA0249-696x522.jpg 696w, https:\/\/ardigitalnoticias.com\/wp-content\/uploads\/2024\/01\/IMG-20240101-WA0249-1068x801.jpg 1068w, https:\/\/ardigitalnoticias.com\/wp-content\/uploads\/2024\/01\/IMG-20240101-WA0249.jpg 1280w\" sizes=\"auto, (max-width: 1024px) 100vw, 1024px\" \/><\/figure>\n<\/figure>\n","protected":false},"excerpt":{"rendered":"<p>En el marco del Plan \u00abEn Navidad Siempre Presentes\u00bb, la Polic\u00eda Metropolitana de Neiva despleg\u00f3 una estrategia integral para garantizar la seguridad durante la noche de fin de a\u00f1o e inicio del nuevo a\u00f1o. Los uniformados llevaron a cabo patrullajes en las diferentes comunas de la ciudad, acompa\u00f1ando a propios y visitantes, con el objetivo [&hellip;]<\/p>\n","protected":false},"author":2,"featured_media":1762,"comment_status":"open","ping_status":"open","sticky":false,"template":"","format":"standard","meta":{"_acf_changed":false,"_joinchat":[],"footnotes":""},"categories":[20],"tags":[],"class_list":{"0":"post-1755","1":"post","2":"type-post","3":"status-publish","4":"format-standard","5":"has-post-thumbnail","7":"category-judicial"},"acf":[],"yoast_head":"<!-- This site is optimized with the Yoast SEO plugin v27.5 - https:\/\/yoast.com\/product\/yoast-seo-wordpress\/ -->\n<title>LA POLIC\u00cdA METROPOLITANA DE NEIVA PRESENTA EL BALANCE DE FIN DE A\u00d1O E INICIO DEL 2024 - AR Digital Noticias<\/title>\n<meta name=\"robots\" content=\"index, follow, max-snippet:-1, max-image-preview:large, max-video-preview:-1\" \/>\n<link rel=\"canonical\" href=\"https:\/\/ardigitalnoticias.com\/index.php\/2024\/01\/01\/la-policia-metropolitana-de-neiva-presenta-el-balance-de-fin-de-ano-e-inicio-del-2024\/\" \/>\n<meta property=\"og:locale\" content=\"es_ES\" \/>\n<meta property=\"og:type\" content=\"article\" \/>\n<meta property=\"og:title\" content=\"LA POLIC\u00cdA METROPOLITANA DE NEIVA PRESENTA EL BALANCE DE FIN DE A\u00d1O E INICIO DEL 2024 - AR Digital Noticias\" \/>\n<meta property=\"og:description\" content=\"En el marco del Plan \u00abEn Navidad Siempre Presentes\u00bb, la Polic\u00eda Metropolitana de Neiva despleg\u00f3 una estrategia integral para garantizar la seguridad durante la noche de fin de a\u00f1o e inicio del nuevo a\u00f1o. Los uniformados llevaron a cabo patrullajes en las diferentes comunas de la ciudad, acompa\u00f1ando a propios y visitantes, con el objetivo [&hellip;]\" \/>\n<meta property=\"og:url\" content=\"https:\/\/ardigitalnoticias.com\/index.php\/2024\/01\/01\/la-policia-metropolitana-de-neiva-presenta-el-balance-de-fin-de-ano-e-inicio-del-2024\/\" \/>\n<meta property=\"og:site_name\" content=\"AR Digital Noticias\" \/>\n<meta property=\"article:published_time\" content=\"2024-01-01T16:46:57+00:00\" \/>\n<meta property=\"article:modified_time\" content=\"2024-01-01T16:47:00+00:00\" \/>\n<meta property=\"og:image\" content=\"https:\/\/ardigitalnoticias.com\/wp-content\/uploads\/2024\/01\/InShot_20240101_113820809-scaled.jpg\" \/>\n\t<meta property=\"og:image:width\" content=\"2560\" \/>\n\t<meta property=\"og:image:height\" content=\"1439\" \/>\n\t<meta property=\"og:image:type\" content=\"image\/jpeg\" \/>\n<meta name=\"author\" content=\"AR Digital Noticias\" \/>\n<meta name=\"twitter:card\" content=\"summary_large_image\" \/>\n<meta name=\"twitter:label1\" content=\"Escrito por\" \/>\n\t<meta name=\"twitter:data1\" content=\"AR Digital Noticias\" \/>\n\t<meta name=\"twitter:label2\" content=\"Tiempo de lectura\" \/>\n\t<meta name=\"twitter:data2\" content=\"3 minutos\" \/>\n<script type=\"application\/ld+json\" class=\"yoast-schema-graph\">{\"@context\":\"https:\\\/\\\/schema.org\",\"@graph\":[{\"@type\":\"Article\",\"@id\":\"https:\\\/\\\/ardigitalnoticias.com\\\/index.php\\\/2024\\\/01\\\/01\\\/la-policia-metropolitana-de-neiva-presenta-el-balance-de-fin-de-ano-e-inicio-del-2024\\\/#article\",\"isPartOf\":{\"@id\":\"https:\\\/\\\/ardigitalnoticias.com\\\/index.php\\\/2024\\\/01\\\/01\\\/la-policia-metropolitana-de-neiva-presenta-el-balance-de-fin-de-ano-e-inicio-del-2024\\\/\"},\"author\":{\"name\":\"AR Digital Noticias\",\"@id\":\"https:\\\/\\\/ardigitalnoticias.com\\\/#\\\/schema\\\/person\\\/3f1b0a96e890d8cba89a76c7558a147c\"},\"headline\":\"LA POLIC\u00cdA METROPOLITANA DE NEIVA PRESENTA EL BALANCE DE FIN DE A\u00d1O E INICIO DEL 2024\",\"datePublished\":\"2024-01-01T16:46:57+00:00\",\"dateModified\":\"2024-01-01T16:47:00+00:00\",\"mainEntityOfPage\":{\"@id\":\"https:\\\/\\\/ardigitalnoticias.com\\\/index.php\\\/2024\\\/01\\\/01\\\/la-policia-metropolitana-de-neiva-presenta-el-balance-de-fin-de-ano-e-inicio-del-2024\\\/\"},\"wordCount\":253,\"commentCount\":0,\"publisher\":{\"@id\":\"https:\\\/\\\/ardigitalnoticias.com\\\/#organization\"},\"image\":{\"@id\":\"https:\\\/\\\/ardigitalnoticias.com\\\/index.php\\\/2024\\\/01\\\/01\\\/la-policia-metropolitana-de-neiva-presenta-el-balance-de-fin-de-ano-e-inicio-del-2024\\\/#primaryimage\"},\"thumbnailUrl\":\"https:\\\/\\\/ardigitalnoticias.com\\\/wp-content\\\/uploads\\\/2024\\\/01\\\/InShot_20240101_113820809-scaled.jpg\",\"articleSection\":[\"Judicial\"],\"inLanguage\":\"es\",\"potentialAction\":[{\"@type\":\"CommentAction\",\"name\":\"Comment\",\"target\":[\"https:\\\/\\\/ardigitalnoticias.com\\\/index.php\\\/2024\\\/01\\\/01\\\/la-policia-metropolitana-de-neiva-presenta-el-balance-de-fin-de-ano-e-inicio-del-2024\\\/#respond\"]}]},{\"@type\":\"WebPage\",\"@id\":\"https:\\\/\\\/ardigitalnoticias.com\\\/index.php\\\/2024\\\/01\\\/01\\\/la-policia-metropolitana-de-neiva-presenta-el-balance-de-fin-de-ano-e-inicio-del-2024\\\/\",\"url\":\"https:\\\/\\\/ardigitalnoticias.com\\\/index.php\\\/2024\\\/01\\\/01\\\/la-policia-metropolitana-de-neiva-presenta-el-balance-de-fin-de-ano-e-inicio-del-2024\\\/\",\"name\":\"LA POLIC\u00cdA METROPOLITANA DE NEIVA PRESENTA EL BALANCE DE FIN DE A\u00d1O E INICIO DEL 2024 - AR Digital Noticias\",\"isPartOf\":{\"@id\":\"https:\\\/\\\/ardigitalnoticias.com\\\/#website\"},\"primaryImageOfPage\":{\"@id\":\"https:\\\/\\\/ardigitalnoticias.com\\\/index.php\\\/2024\\\/01\\\/01\\\/la-policia-metropolitana-de-neiva-presenta-el-balance-de-fin-de-ano-e-inicio-del-2024\\\/#primaryimage\"},\"image\":{\"@id\":\"https:\\\/\\\/ardigitalnoticias.com\\\/index.php\\\/2024\\\/01\\\/01\\\/la-policia-metropolitana-de-neiva-presenta-el-balance-de-fin-de-ano-e-inicio-del-2024\\\/#primaryimage\"},\"thumbnailUrl\":\"https:\\\/\\\/ardigitalnoticias.com\\\/wp-content\\\/uploads\\\/2024\\\/01\\\/InShot_20240101_113820809-scaled.jpg\",\"datePublished\":\"2024-01-01T16:46:57+00:00\",\"dateModified\":\"2024-01-01T16:47:00+00:00\",\"breadcrumb\":{\"@id\":\"https:\\\/\\\/ardigitalnoticias.com\\\/index.php\\\/2024\\\/01\\\/01\\\/la-policia-metropolitana-de-neiva-presenta-el-balance-de-fin-de-ano-e-inicio-del-2024\\\/#breadcrumb\"},\"inLanguage\":\"es\",\"potentialAction\":[{\"@type\":\"ReadAction\",\"target\":[\"https:\\\/\\\/ardigitalnoticias.com\\\/index.php\\\/2024\\\/01\\\/01\\\/la-policia-metropolitana-de-neiva-presenta-el-balance-de-fin-de-ano-e-inicio-del-2024\\\/\"]}]},{\"@type\":\"ImageObject\",\"inLanguage\":\"es\",\"@id\":\"https:\\\/\\\/ardigitalnoticias.com\\\/index.php\\\/2024\\\/01\\\/01\\\/la-policia-metropolitana-de-neiva-presenta-el-balance-de-fin-de-ano-e-inicio-del-2024\\\/#primaryimage\",\"url\":\"https:\\\/\\\/ardigitalnoticias.com\\\/wp-content\\\/uploads\\\/2024\\\/01\\\/InShot_20240101_113820809-scaled.jpg\",\"contentUrl\":\"https:\\\/\\\/ardigitalnoticias.com\\\/wp-content\\\/uploads\\\/2024\\\/01\\\/InShot_20240101_113820809-scaled.jpg\",\"width\":2560,\"height\":1439},{\"@type\":\"BreadcrumbList\",\"@id\":\"https:\\\/\\\/ardigitalnoticias.com\\\/index.php\\\/2024\\\/01\\\/01\\\/la-policia-metropolitana-de-neiva-presenta-el-balance-de-fin-de-ano-e-inicio-del-2024\\\/#breadcrumb\",\"itemListElement\":[{\"@type\":\"ListItem\",\"position\":1,\"name\":\"Portada\",\"item\":\"https:\\\/\\\/ardigitalnoticias.com\\\/\"},{\"@type\":\"ListItem\",\"position\":2,\"name\":\"LA POLIC\u00cdA METROPOLITANA DE NEIVA PRESENTA EL BALANCE DE FIN DE A\u00d1O E INICIO DEL 2024\"}]},{\"@type\":\"WebSite\",\"@id\":\"https:\\\/\\\/ardigitalnoticias.com\\\/#website\",\"url\":\"https:\\\/\\\/ardigitalnoticias.com\\\/\",\"name\":\"AR Digital Noticias\",\"description\":\"\",\"publisher\":{\"@id\":\"https:\\\/\\\/ardigitalnoticias.com\\\/#organization\"},\"potentialAction\":[{\"@type\":\"SearchAction\",\"target\":{\"@type\":\"EntryPoint\",\"urlTemplate\":\"https:\\\/\\\/ardigitalnoticias.com\\\/?s={search_term_string}\"},\"query-input\":{\"@type\":\"PropertyValueSpecification\",\"valueRequired\":true,\"valueName\":\"search_term_string\"}}],\"inLanguage\":\"es\"},{\"@type\":\"Organization\",\"@id\":\"https:\\\/\\\/ardigitalnoticias.com\\\/#organization\",\"name\":\"AR Digital Noticias\",\"url\":\"https:\\\/\\\/ardigitalnoticias.com\\\/\",\"logo\":{\"@type\":\"ImageObject\",\"inLanguage\":\"es\",\"@id\":\"https:\\\/\\\/ardigitalnoticias.com\\\/#\\\/schema\\\/logo\\\/image\\\/\",\"url\":\"https:\\\/\\\/ardigitalnoticias.com\\\/wp-content\\\/uploads\\\/2023\\\/11\\\/cropped-cropped-cropped-cropped-AR-Digital-Noticias-1.png\",\"contentUrl\":\"https:\\\/\\\/ardigitalnoticias.com\\\/wp-content\\\/uploads\\\/2023\\\/11\\\/cropped-cropped-cropped-cropped-AR-Digital-Noticias-1.png\",\"width\":972,\"height\":306,\"caption\":\"AR Digital Noticias\"},\"image\":{\"@id\":\"https:\\\/\\\/ardigitalnoticias.com\\\/#\\\/schema\\\/logo\\\/image\\\/\"}},{\"@type\":\"Person\",\"@id\":\"https:\\\/\\\/ardigitalnoticias.com\\\/#\\\/schema\\\/person\\\/3f1b0a96e890d8cba89a76c7558a147c\",\"name\":\"AR Digital Noticias\",\"image\":{\"@type\":\"ImageObject\",\"inLanguage\":\"es\",\"@id\":\"https:\\\/\\\/secure.gravatar.com\\\/avatar\\\/55d1acd2f9cac74c99f42fcb5090c2f994204a6f6c571cf4c3001ae692cb9b34?s=96&d=mm&r=g\",\"url\":\"https:\\\/\\\/secure.gravatar.com\\\/avatar\\\/55d1acd2f9cac74c99f42fcb5090c2f994204a6f6c571cf4c3001ae692cb9b34?s=96&d=mm&r=g\",\"contentUrl\":\"https:\\\/\\\/secure.gravatar.com\\\/avatar\\\/55d1acd2f9cac74c99f42fcb5090c2f994204a6f6c571cf4c3001ae692cb9b34?s=96&d=mm&r=g\",\"caption\":\"AR Digital Noticias\"},\"sameAs\":[\"http:\\\/\\\/ardigitalnoticias.com\"],\"url\":\"https:\\\/\\\/ardigitalnoticias.com\\\/index.php\\\/author\\\/editorial\\\/\"}]}<\/script>\n<!-- \/ Yoast SEO plugin. -->","yoast_head_json":{"title":"LA POLIC\u00cdA METROPOLITANA DE NEIVA PRESENTA EL BALANCE DE FIN DE A\u00d1O E INICIO DEL 2024 - AR Digital Noticias","robots":{"index":"index","follow":"follow","max-snippet":"max-snippet:-1","max-image-preview":"max-image-preview:large","max-video-preview":"max-video-preview:-1"},"canonical":"https:\/\/ardigitalnoticias.com\/index.php\/2024\/01\/01\/la-policia-metropolitana-de-neiva-presenta-el-balance-de-fin-de-ano-e-inicio-del-2024\/","og_locale":"es_ES","og_type":"article","og_title":"LA POLIC\u00cdA METROPOLITANA DE NEIVA PRESENTA EL BALANCE DE FIN DE A\u00d1O E INICIO DEL 2024 - AR Digital Noticias","og_description":"En el marco del Plan \u00abEn Navidad Siempre Presentes\u00bb, la Polic\u00eda Metropolitana de Neiva despleg\u00f3 una estrategia integral para garantizar la seguridad durante la noche de fin de a\u00f1o e inicio del nuevo a\u00f1o. Los uniformados llevaron a cabo patrullajes en las diferentes comunas de la ciudad, acompa\u00f1ando a propios y visitantes, con el objetivo [&hellip;]","og_url":"https:\/\/ardigitalnoticias.com\/index.php\/2024\/01\/01\/la-policia-metropolitana-de-neiva-presenta-el-balance-de-fin-de-ano-e-inicio-del-2024\/","og_site_name":"AR Digital Noticias","article_published_time":"2024-01-01T16:46:57+00:00","article_modified_time":"2024-01-01T16:47:00+00:00","og_image":[{"width":2560,"height":1439,"url":"https:\/\/ardigitalnoticias.com\/wp-content\/uploads\/2024\/01\/InShot_20240101_113820809-scaled.jpg","type":"image\/jpeg"}],"author":"AR Digital Noticias","twitter_card":"summary_large_image","twitter_misc":{"Escrito por":"AR Digital Noticias","Tiempo de lectura":"3 minutos"},"schema":{"@context":"https:\/\/schema.org","@graph":[{"@type":"Article","@id":"https:\/\/ardigitalnoticias.com\/index.php\/2024\/01\/01\/la-policia-metropolitana-de-neiva-presenta-el-balance-de-fin-de-ano-e-inicio-del-2024\/#article","isPartOf":{"@id":"https:\/\/ardigitalnoticias.com\/index.php\/2024\/01\/01\/la-policia-metropolitana-de-neiva-presenta-el-balance-de-fin-de-ano-e-inicio-del-2024\/"},"author":{"name":"AR Digital Noticias","@id":"https:\/\/ardigitalnoticias.com\/#\/schema\/person\/3f1b0a96e890d8cba89a76c7558a147c"},"headline":"LA POLIC\u00cdA METROPOLITANA DE NEIVA PRESENTA EL BALANCE DE FIN DE A\u00d1O E INICIO DEL 2024","datePublished":"2024-01-01T16:46:57+00:00","dateModified":"2024-01-01T16:47:00+00:00","mainEntityOfPage":{"@id":"https:\/\/ardigitalnoticias.com\/index.php\/2024\/01\/01\/la-policia-metropolitana-de-neiva-presenta-el-balance-de-fin-de-ano-e-inicio-del-2024\/"},"wordCount":253,"commentCount":0,"publisher":{"@id":"https:\/\/ardigitalnoticias.com\/#organization"},"image":{"@id":"https:\/\/ardigitalnoticias.com\/index.php\/2024\/01\/01\/la-policia-metropolitana-de-neiva-presenta-el-balance-de-fin-de-ano-e-inicio-del-2024\/#primaryimage"},"thumbnailUrl":"https:\/\/ardigitalnoticias.com\/wp-content\/uploads\/2024\/01\/InShot_20240101_113820809-scaled.jpg","articleSection":["Judicial"],"inLanguage":"es","potentialAction":[{"@type":"CommentAction","name":"Comment","target":["https:\/\/ardigitalnoticias.com\/index.php\/2024\/01\/01\/la-policia-metropolitana-de-neiva-presenta-el-balance-de-fin-de-ano-e-inicio-del-2024\/#respond"]}]},{"@type":"WebPage","@id":"https:\/\/ardigitalnoticias.com\/index.php\/2024\/01\/01\/la-policia-metropolitana-de-neiva-presenta-el-balance-de-fin-de-ano-e-inicio-del-2024\/","url":"https:\/\/ardigitalnoticias.com\/index.php\/2024\/01\/01\/la-policia-metropolitana-de-neiva-presenta-el-balance-de-fin-de-ano-e-inicio-del-2024\/","name":"LA POLIC\u00cdA METROPOLITANA DE NEIVA PRESENTA EL BALANCE DE FIN DE A\u00d1O E INICIO DEL 2024 - AR Digital Noticias","isPartOf":{"@id":"https:\/\/ardigitalnoticias.com\/#website"},"primaryImageOfPage":{"@id":"https:\/\/ardigitalnoticias.com\/index.php\/2024\/01\/01\/la-policia-metropolitana-de-neiva-presenta-el-balance-de-fin-de-ano-e-inicio-del-2024\/#primaryimage"},"image":{"@id":"https:\/\/ardigitalnoticias.com\/index.php\/2024\/01\/01\/la-policia-metropolitana-de-neiva-presenta-el-balance-de-fin-de-ano-e-inicio-del-2024\/#primaryimage"},"thumbnailUrl":"https:\/\/ardigitalnoticias.com\/wp-content\/uploads\/2024\/01\/InShot_20240101_113820809-scaled.jpg","datePublished":"2024-01-01T16:46:57+00:00","dateModified":"2024-01-01T16:47:00+00:00","breadcrumb":{"@id":"https:\/\/ardigitalnoticias.com\/index.php\/2024\/01\/01\/la-policia-metropolitana-de-neiva-presenta-el-balance-de-fin-de-ano-e-inicio-del-2024\/#breadcrumb"},"inLanguage":"es","potentialAction":[{"@type":"ReadAction","target":["https:\/\/ardigitalnoticias.com\/index.php\/2024\/01\/01\/la-policia-metropolitana-de-neiva-presenta-el-balance-de-fin-de-ano-e-inicio-del-2024\/"]}]},{"@type":"ImageObject","inLanguage":"es","@id":"https:\/\/ardigitalnoticias.com\/index.php\/2024\/01\/01\/la-policia-metropolitana-de-neiva-presenta-el-balance-de-fin-de-ano-e-inicio-del-2024\/#primaryimage","url":"https:\/\/ardigitalnoticias.com\/wp-content\/uploads\/2024\/01\/InShot_20240101_113820809-scaled.jpg","contentUrl":"https:\/\/ardigitalnoticias.com\/wp-content\/uploads\/2024\/01\/InShot_20240101_113820809-scaled.jpg","width":2560,"height":1439},{"@type":"BreadcrumbList","@id":"https:\/\/ardigitalnoticias.com\/index.php\/2024\/01\/01\/la-policia-metropolitana-de-neiva-presenta-el-balance-de-fin-de-ano-e-inicio-del-2024\/#breadcrumb","itemListElement":[{"@type":"ListItem","position":1,"name":"Portada","item":"https:\/\/ardigitalnoticias.com\/"},{"@type":"ListItem","position":2,"name":"LA POLIC\u00cdA METROPOLITANA DE NEIVA PRESENTA EL BALANCE DE FIN DE A\u00d1O E INICIO DEL 2024"}]},{"@type":"WebSite","@id":"https:\/\/ardigitalnoticias.com\/#website","url":"https:\/\/ardigitalnoticias.com\/","name":"AR Digital Noticias","description":"","publisher":{"@id":"https:\/\/ardigitalnoticias.com\/#organization"},"potentialAction":[{"@type":"SearchAction","target":{"@type":"EntryPoint","urlTemplate":"https:\/\/ardigitalnoticias.com\/?s={search_term_string}"},"query-input":{"@type":"PropertyValueSpecification","valueRequired":true,"valueName":"search_term_string"}}],"inLanguage":"es"},{"@type":"Organization","@id":"https:\/\/ardigitalnoticias.com\/#organization","name":"AR Digital Noticias","url":"https:\/\/ardigitalnoticias.com\/","logo":{"@type":"ImageObject","inLanguage":"es","@id":"https:\/\/ardigitalnoticias.com\/#\/schema\/logo\/image\/","url":"https:\/\/ardigitalnoticias.com\/wp-content\/uploads\/2023\/11\/cropped-cropped-cropped-cropped-AR-Digital-Noticias-1.png","contentUrl":"https:\/\/ardigitalnoticias.com\/wp-content\/uploads\/2023\/11\/cropped-cropped-cropped-cropped-AR-Digital-Noticias-1.png","width":972,"height":306,"caption":"AR Digital Noticias"},"image":{"@id":"https:\/\/ardigitalnoticias.com\/#\/schema\/logo\/image\/"}},{"@type":"Person","@id":"https:\/\/ardigitalnoticias.com\/#\/schema\/person\/3f1b0a96e890d8cba89a76c7558a147c","name":"AR Digital Noticias","image":{"@type":"ImageObject","inLanguage":"es","@id":"https:\/\/secure.gravatar.com\/avatar\/55d1acd2f9cac74c99f42fcb5090c2f994204a6f6c571cf4c3001ae692cb9b34?s=96&d=mm&r=g","url":"https:\/\/secure.gravatar.com\/avatar\/55d1acd2f9cac74c99f42fcb5090c2f994204a6f6c571cf4c3001ae692cb9b34?s=96&d=mm&r=g","contentUrl":"https:\/\/secure.gravatar.com\/avatar\/55d1acd2f9cac74c99f42fcb5090c2f994204a6f6c571cf4c3001ae692cb9b34?s=96&d=mm&r=g","caption":"AR Digital Noticias"},"sameAs":["http:\/\/ardigitalnoticias.com"],"url":"https:\/\/ardigitalnoticias.com\/index.php\/author\/editorial\/"}]}},"_links":{"self":[{"href":"https:\/\/ardigitalnoticias.com\/index.php\/wp-json\/wp\/v2\/posts\/1755","targetHints":{"allow":["GET"]}}],"collection":[{"href":"https:\/\/ardigitalnoticias.com\/index.php\/wp-json\/wp\/v2\/posts"}],"about":[{"href":"https:\/\/ardigitalnoticias.com\/index.php\/wp-json\/wp\/v2\/types\/post"}],"author":[{"embeddable":true,"href":"https:\/\/ardigitalnoticias.com\/index.php\/wp-json\/wp\/v2\/users\/2"}],"replies":[{"embeddable":true,"href":"https:\/\/ardigitalnoticias.com\/index.php\/wp-json\/wp\/v2\/comments?post=1755"}],"version-history":[{"count":1,"href":"https:\/\/ardigitalnoticias.com\/index.php\/wp-json\/wp\/v2\/posts\/1755\/revisions"}],"predecessor-version":[{"id":1763,"href":"https:\/\/ardigitalnoticias.com\/index.php\/wp-json\/wp\/v2\/posts\/1755\/revisions\/1763"}],"wp:featuredmedia":[{"embeddable":true,"href":"https:\/\/ardigitalnoticias.com\/index.php\/wp-json\/wp\/v2\/media\/1762"}],"wp:attachment":[{"href":"https:\/\/ardigitalnoticias.com\/index.php\/wp-json\/wp\/v2\/media?parent=1755"}],"wp:term":[{"taxonomy":"category","embeddable":true,"href":"https:\/\/ardigitalnoticias.com\/index.php\/wp-json\/wp\/v2\/categories?post=1755"},{"taxonomy":"post_tag","embeddable":true,"href":"https:\/\/ardigitalnoticias.com\/index.php\/wp-json\/wp\/v2\/tags?post=1755"}],"curies":[{"name":"wp","href":"https:\/\/api.w.org\/{rel}","templated":true}]}}