{"id":1702,"date":"2023-12-30T14:27:47","date_gmt":"2023-12-30T19:27:47","guid":{"rendered":"https:\/\/ardigitalnoticias.com\/?p=1702"},"modified":"2023-12-30T14:30:03","modified_gmt":"2023-12-30T19:30:03","slug":"tragico-accidente-jesus-francisco-franco-quintero-victima-mortal","status":"publish","type":"post","link":"https:\/\/ardigitalnoticias.com\/index.php\/2023\/12\/30\/tragico-accidente-jesus-francisco-franco-quintero-victima-mortal\/","title":{"rendered":"TR\u00c1GICO ACCIDENTE JES\u00daS FRANCISCO FRANCO QUINTERO, V\u00cdCTIMA MORTAL"},"content":{"rendered":"\n<p>Jes\u00fas Francisco Franco Quintero, de tan solo 22 a\u00f1os, ha sido identificado como la v\u00edctima mortal en el tr\u00e1gico accidente ocurrido en Florencia, Caquet\u00e1. El joven perdi\u00f3 la vida en horas de la ma\u00f1ana cerca del Club Militar, sobre la quebrada El Dedo, a consecuencia de un lamentable accidente de tr\u00e1nsito.<\/p>\n\n\n\n<figure class=\"wp-block-gallery has-nested-images columns-default is-cropped wp-block-gallery-1 is-layout-flex wp-block-gallery-is-layout-flex\">\n<figure class=\"wp-block-image size-large\"><img loading=\"lazy\" decoding=\"async\" width=\"1024\" height=\"1024\" data-id=\"1703\" src=\"https:\/\/ardigitalnoticias.com\/wp-content\/uploads\/2023\/12\/FB_IMG_1703963509741-1024x1024.jpg\" alt=\"\" class=\"wp-image-1703\" srcset=\"https:\/\/ardigitalnoticias.com\/wp-content\/uploads\/2023\/12\/FB_IMG_1703963509741-1024x1024.jpg 1024w, https:\/\/ardigitalnoticias.com\/wp-content\/uploads\/2023\/12\/FB_IMG_1703963509741-300x300.jpg 300w, https:\/\/ardigitalnoticias.com\/wp-content\/uploads\/2023\/12\/FB_IMG_1703963509741-150x150.jpg 150w, https:\/\/ardigitalnoticias.com\/wp-content\/uploads\/2023\/12\/FB_IMG_1703963509741-768x768.jpg 768w, https:\/\/ardigitalnoticias.com\/wp-content\/uploads\/2023\/12\/FB_IMG_1703963509741-696x696.jpg 696w, https:\/\/ardigitalnoticias.com\/wp-content\/uploads\/2023\/12\/FB_IMG_1703963509741-1068x1068.jpg 1068w, https:\/\/ardigitalnoticias.com\/wp-content\/uploads\/2023\/12\/FB_IMG_1703963509741.jpg 1080w\" sizes=\"auto, (max-width: 1024px) 100vw, 1024px\" \/><\/figure>\n\n\n\n<figure class=\"wp-block-image size-large\"><img loading=\"lazy\" decoding=\"async\" width=\"720\" height=\"633\" data-id=\"1704\" src=\"https:\/\/ardigitalnoticias.com\/wp-content\/uploads\/2023\/12\/FB_IMG_1703961998389.jpg\" alt=\"\" class=\"wp-image-1704\" srcset=\"https:\/\/ardigitalnoticias.com\/wp-content\/uploads\/2023\/12\/FB_IMG_1703961998389.jpg 720w, https:\/\/ardigitalnoticias.com\/wp-content\/uploads\/2023\/12\/FB_IMG_1703961998389-300x264.jpg 300w, https:\/\/ardigitalnoticias.com\/wp-content\/uploads\/2023\/12\/FB_IMG_1703961998389-150x132.jpg 150w, https:\/\/ardigitalnoticias.com\/wp-content\/uploads\/2023\/12\/FB_IMG_1703961998389-696x612.jpg 696w\" sizes=\"auto, (max-width: 720px) 100vw, 720px\" \/><\/figure>\n<\/figure>\n\n\n\n<p>Destacando su conexi\u00f3n familiar, era hijo del reconocido docente Luis Antonio Franco Castro.<\/p>\n\n\n\n<p>El hecho ha conmocionado a la comunidad local, dejando a familiares y amigos consternados ante la p\u00e9rdida repentina de Jes\u00fas Francisco. Su juventud y prometedor futuro hacen a\u00fan m\u00e1s impactante este tr\u00e1gico siniestro, que ha llevado a reflexionar sobre la importancia de la seguridad vial en la regi\u00f3n.<\/p>\n\n\n\n<div class=\"wp-block-group\"><div class=\"wp-block-group__inner-container is-layout-constrained wp-block-group-is-layout-constrained\">\n<figure class=\"wp-block-gallery has-nested-images columns-default is-cropped wp-block-gallery-2 is-layout-flex wp-block-gallery-is-layout-flex\">\n<figure class=\"wp-block-image size-large\"><img loading=\"lazy\" decoding=\"async\" width=\"397\" height=\"744\" data-id=\"1706\" src=\"https:\/\/ardigitalnoticias.com\/wp-content\/uploads\/2023\/12\/FB_IMG_1703961989290.jpg\" alt=\"\" class=\"wp-image-1706\" srcset=\"https:\/\/ardigitalnoticias.com\/wp-content\/uploads\/2023\/12\/FB_IMG_1703961989290.jpg 397w, https:\/\/ardigitalnoticias.com\/wp-content\/uploads\/2023\/12\/FB_IMG_1703961989290-160x300.jpg 160w, https:\/\/ardigitalnoticias.com\/wp-content\/uploads\/2023\/12\/FB_IMG_1703961989290-150x281.jpg 150w, https:\/\/ardigitalnoticias.com\/wp-content\/uploads\/2023\/12\/FB_IMG_1703961989290-300x562.jpg 300w\" sizes=\"auto, (max-width: 397px) 100vw, 397px\" \/><\/figure>\n\n\n\n<figure class=\"wp-block-image size-large\"><img loading=\"lazy\" decoding=\"async\" width=\"633\" height=\"771\" data-id=\"1707\" src=\"https:\/\/ardigitalnoticias.com\/wp-content\/uploads\/2023\/12\/FB_IMG_1703962205162.jpg\" alt=\"\" class=\"wp-image-1707\" srcset=\"https:\/\/ardigitalnoticias.com\/wp-content\/uploads\/2023\/12\/FB_IMG_1703962205162.jpg 633w, https:\/\/ardigitalnoticias.com\/wp-content\/uploads\/2023\/12\/FB_IMG_1703962205162-246x300.jpg 246w, https:\/\/ardigitalnoticias.com\/wp-content\/uploads\/2023\/12\/FB_IMG_1703962205162-150x183.jpg 150w, https:\/\/ardigitalnoticias.com\/wp-content\/uploads\/2023\/12\/FB_IMG_1703962205162-300x365.jpg 300w\" sizes=\"auto, (max-width: 633px) 100vw, 633px\" \/><\/figure>\n\n\n\n<figure class=\"wp-block-image size-large\"><img loading=\"lazy\" decoding=\"async\" width=\"720\" height=\"423\" data-id=\"1705\" src=\"https:\/\/ardigitalnoticias.com\/wp-content\/uploads\/2023\/12\/FB_IMG_1703961993759.jpg\" alt=\"\" class=\"wp-image-1705\" srcset=\"https:\/\/ardigitalnoticias.com\/wp-content\/uploads\/2023\/12\/FB_IMG_1703961993759.jpg 720w, https:\/\/ardigitalnoticias.com\/wp-content\/uploads\/2023\/12\/FB_IMG_1703961993759-300x176.jpg 300w, https:\/\/ardigitalnoticias.com\/wp-content\/uploads\/2023\/12\/FB_IMG_1703961993759-150x88.jpg 150w, https:\/\/ardigitalnoticias.com\/wp-content\/uploads\/2023\/12\/FB_IMG_1703961993759-696x409.jpg 696w\" sizes=\"auto, (max-width: 720px) 100vw, 720px\" \/><\/figure>\n<\/figure>\n<\/div><\/div>\n\n\n\n<p>A pesar de la tragedia, las causas exactas del accidente contin\u00faan siendo un misterio, ya que se encuentran bajo rigurosa investigaci\u00f3n. La incertidumbre en torno a lo sucedido agrega un componente adicional de dolor a esta lamentable p\u00e9rdida, dejando a la comunidad a la espera de respuestas que ayuden a comprender y prevenir futuros incidentes similares.<\/p>\n\n\n\n<figure class=\"wp-block-image size-large\"><img loading=\"lazy\" decoding=\"async\" width=\"1024\" height=\"576\" src=\"https:\/\/ardigitalnoticias.com\/wp-content\/uploads\/2023\/12\/InShot_20231230_135146376-1024x576.jpg\" alt=\"\" class=\"wp-image-1708\" srcset=\"https:\/\/ardigitalnoticias.com\/wp-content\/uploads\/2023\/12\/InShot_20231230_135146376-1024x576.jpg 1024w, https:\/\/ardigitalnoticias.com\/wp-content\/uploads\/2023\/12\/InShot_20231230_135146376-300x169.jpg 300w, https:\/\/ardigitalnoticias.com\/wp-content\/uploads\/2023\/12\/InShot_20231230_135146376-768x432.jpg 768w, https:\/\/ardigitalnoticias.com\/wp-content\/uploads\/2023\/12\/InShot_20231230_135146376-1536x863.jpg 1536w, https:\/\/ardigitalnoticias.com\/wp-content\/uploads\/2023\/12\/InShot_20231230_135146376-2048x1151.jpg 2048w, https:\/\/ardigitalnoticias.com\/wp-content\/uploads\/2023\/12\/InShot_20231230_135146376-150x84.jpg 150w, https:\/\/ardigitalnoticias.com\/wp-content\/uploads\/2023\/12\/InShot_20231230_135146376-696x391.jpg 696w, https:\/\/ardigitalnoticias.com\/wp-content\/uploads\/2023\/12\/InShot_20231230_135146376-1068x600.jpg 1068w, https:\/\/ardigitalnoticias.com\/wp-content\/uploads\/2023\/12\/InShot_20231230_135146376-1920x1079.jpg 1920w\" sizes=\"auto, (max-width: 1024px) 100vw, 1024px\" \/><\/figure>\n","protected":false},"excerpt":{"rendered":"<p>Jes\u00fas Francisco Franco Quintero, de tan solo 22 a\u00f1os, ha sido identificado como la v\u00edctima mortal en el tr\u00e1gico accidente ocurrido en Florencia, Caquet\u00e1. El joven perdi\u00f3 la vida en horas de la ma\u00f1ana cerca del Club Militar, sobre la quebrada El Dedo, a consecuencia de un lamentable accidente de tr\u00e1nsito. Destacando su conexi\u00f3n familiar, [&hellip;]<\/p>\n","protected":false},"author":2,"featured_media":1708,"comment_status":"open","ping_status":"open","sticky":false,"template":"","format":"standard","meta":{"_acf_changed":false,"_joinchat":[],"footnotes":""},"categories":[1],"tags":[],"class_list":{"0":"post-1702","1":"post","2":"type-post","3":"status-publish","4":"format-standard","5":"has-post-thumbnail","7":"category-actualidad"},"acf":[],"yoast_head":"<!-- This site is optimized with the Yoast SEO plugin v27.5 - https:\/\/yoast.com\/product\/yoast-seo-wordpress\/ -->\n<title>TR\u00c1GICO ACCIDENTE JES\u00daS FRANCISCO FRANCO QUINTERO, V\u00cdCTIMA MORTAL - AR Digital Noticias<\/title>\n<meta name=\"robots\" content=\"index, follow, max-snippet:-1, max-image-preview:large, max-video-preview:-1\" \/>\n<link rel=\"canonical\" href=\"https:\/\/ardigitalnoticias.com\/index.php\/2023\/12\/30\/tragico-accidente-jesus-francisco-franco-quintero-victima-mortal\/\" \/>\n<meta property=\"og:locale\" content=\"es_ES\" \/>\n<meta property=\"og:type\" content=\"article\" \/>\n<meta property=\"og:title\" content=\"TR\u00c1GICO ACCIDENTE JES\u00daS FRANCISCO FRANCO QUINTERO, V\u00cdCTIMA MORTAL - AR Digital Noticias\" \/>\n<meta property=\"og:description\" content=\"Jes\u00fas Francisco Franco Quintero, de tan solo 22 a\u00f1os, ha sido identificado como la v\u00edctima mortal en el tr\u00e1gico accidente ocurrido en Florencia, Caquet\u00e1. El joven perdi\u00f3 la vida en horas de la ma\u00f1ana cerca del Club Militar, sobre la quebrada El Dedo, a consecuencia de un lamentable accidente de tr\u00e1nsito. Destacando su conexi\u00f3n familiar, [&hellip;]\" \/>\n<meta property=\"og:url\" content=\"https:\/\/ardigitalnoticias.com\/index.php\/2023\/12\/30\/tragico-accidente-jesus-francisco-franco-quintero-victima-mortal\/\" \/>\n<meta property=\"og:site_name\" content=\"AR Digital Noticias\" \/>\n<meta property=\"article:published_time\" content=\"2023-12-30T19:27:47+00:00\" \/>\n<meta property=\"article:modified_time\" content=\"2023-12-30T19:30:03+00:00\" \/>\n<meta property=\"og:image\" content=\"https:\/\/ardigitalnoticias.com\/wp-content\/uploads\/2023\/12\/InShot_20231230_135146376-scaled.jpg\" \/>\n\t<meta property=\"og:image:width\" content=\"2560\" \/>\n\t<meta property=\"og:image:height\" content=\"1439\" \/>\n\t<meta property=\"og:image:type\" content=\"image\/jpeg\" \/>\n<meta name=\"author\" content=\"AR Digital Noticias\" \/>\n<meta name=\"twitter:card\" content=\"summary_large_image\" \/>\n<meta name=\"twitter:label1\" content=\"Escrito por\" \/>\n\t<meta name=\"twitter:data1\" content=\"AR Digital Noticias\" \/>\n\t<meta name=\"twitter:label2\" content=\"Tiempo de lectura\" \/>\n\t<meta name=\"twitter:data2\" content=\"3 minutos\" \/>\n<script type=\"application\/ld+json\" class=\"yoast-schema-graph\">{\"@context\":\"https:\\\/\\\/schema.org\",\"@graph\":[{\"@type\":\"Article\",\"@id\":\"https:\\\/\\\/ardigitalnoticias.com\\\/index.php\\\/2023\\\/12\\\/30\\\/tragico-accidente-jesus-francisco-franco-quintero-victima-mortal\\\/#article\",\"isPartOf\":{\"@id\":\"https:\\\/\\\/ardigitalnoticias.com\\\/index.php\\\/2023\\\/12\\\/30\\\/tragico-accidente-jesus-francisco-franco-quintero-victima-mortal\\\/\"},\"author\":{\"name\":\"AR Digital Noticias\",\"@id\":\"https:\\\/\\\/ardigitalnoticias.com\\\/#\\\/schema\\\/person\\\/3f1b0a96e890d8cba89a76c7558a147c\"},\"headline\":\"TR\u00c1GICO ACCIDENTE JES\u00daS FRANCISCO FRANCO QUINTERO, V\u00cdCTIMA MORTAL\",\"datePublished\":\"2023-12-30T19:27:47+00:00\",\"dateModified\":\"2023-12-30T19:30:03+00:00\",\"mainEntityOfPage\":{\"@id\":\"https:\\\/\\\/ardigitalnoticias.com\\\/index.php\\\/2023\\\/12\\\/30\\\/tragico-accidente-jesus-francisco-franco-quintero-victima-mortal\\\/\"},\"wordCount\":194,\"commentCount\":0,\"publisher\":{\"@id\":\"https:\\\/\\\/ardigitalnoticias.com\\\/#organization\"},\"image\":{\"@id\":\"https:\\\/\\\/ardigitalnoticias.com\\\/index.php\\\/2023\\\/12\\\/30\\\/tragico-accidente-jesus-francisco-franco-quintero-victima-mortal\\\/#primaryimage\"},\"thumbnailUrl\":\"https:\\\/\\\/ardigitalnoticias.com\\\/wp-content\\\/uploads\\\/2023\\\/12\\\/InShot_20231230_135146376-scaled.jpg\",\"articleSection\":[\"Actualidad\"],\"inLanguage\":\"es\",\"potentialAction\":[{\"@type\":\"CommentAction\",\"name\":\"Comment\",\"target\":[\"https:\\\/\\\/ardigitalnoticias.com\\\/index.php\\\/2023\\\/12\\\/30\\\/tragico-accidente-jesus-francisco-franco-quintero-victima-mortal\\\/#respond\"]}]},{\"@type\":\"WebPage\",\"@id\":\"https:\\\/\\\/ardigitalnoticias.com\\\/index.php\\\/2023\\\/12\\\/30\\\/tragico-accidente-jesus-francisco-franco-quintero-victima-mortal\\\/\",\"url\":\"https:\\\/\\\/ardigitalnoticias.com\\\/index.php\\\/2023\\\/12\\\/30\\\/tragico-accidente-jesus-francisco-franco-quintero-victima-mortal\\\/\",\"name\":\"TR\u00c1GICO ACCIDENTE JES\u00daS FRANCISCO FRANCO QUINTERO, V\u00cdCTIMA MORTAL - AR Digital Noticias\",\"isPartOf\":{\"@id\":\"https:\\\/\\\/ardigitalnoticias.com\\\/#website\"},\"primaryImageOfPage\":{\"@id\":\"https:\\\/\\\/ardigitalnoticias.com\\\/index.php\\\/2023\\\/12\\\/30\\\/tragico-accidente-jesus-francisco-franco-quintero-victima-mortal\\\/#primaryimage\"},\"image\":{\"@id\":\"https:\\\/\\\/ardigitalnoticias.com\\\/index.php\\\/2023\\\/12\\\/30\\\/tragico-accidente-jesus-francisco-franco-quintero-victima-mortal\\\/#primaryimage\"},\"thumbnailUrl\":\"https:\\\/\\\/ardigitalnoticias.com\\\/wp-content\\\/uploads\\\/2023\\\/12\\\/InShot_20231230_135146376-scaled.jpg\",\"datePublished\":\"2023-12-30T19:27:47+00:00\",\"dateModified\":\"2023-12-30T19:30:03+00:00\",\"breadcrumb\":{\"@id\":\"https:\\\/\\\/ardigitalnoticias.com\\\/index.php\\\/2023\\\/12\\\/30\\\/tragico-accidente-jesus-francisco-franco-quintero-victima-mortal\\\/#breadcrumb\"},\"inLanguage\":\"es\",\"potentialAction\":[{\"@type\":\"ReadAction\",\"target\":[\"https:\\\/\\\/ardigitalnoticias.com\\\/index.php\\\/2023\\\/12\\\/30\\\/tragico-accidente-jesus-francisco-franco-quintero-victima-mortal\\\/\"]}]},{\"@type\":\"ImageObject\",\"inLanguage\":\"es\",\"@id\":\"https:\\\/\\\/ardigitalnoticias.com\\\/index.php\\\/2023\\\/12\\\/30\\\/tragico-accidente-jesus-francisco-franco-quintero-victima-mortal\\\/#primaryimage\",\"url\":\"https:\\\/\\\/ardigitalnoticias.com\\\/wp-content\\\/uploads\\\/2023\\\/12\\\/InShot_20231230_135146376-scaled.jpg\",\"contentUrl\":\"https:\\\/\\\/ardigitalnoticias.com\\\/wp-content\\\/uploads\\\/2023\\\/12\\\/InShot_20231230_135146376-scaled.jpg\",\"width\":2560,\"height\":1439},{\"@type\":\"BreadcrumbList\",\"@id\":\"https:\\\/\\\/ardigitalnoticias.com\\\/index.php\\\/2023\\\/12\\\/30\\\/tragico-accidente-jesus-francisco-franco-quintero-victima-mortal\\\/#breadcrumb\",\"itemListElement\":[{\"@type\":\"ListItem\",\"position\":1,\"name\":\"Portada\",\"item\":\"https:\\\/\\\/ardigitalnoticias.com\\\/\"},{\"@type\":\"ListItem\",\"position\":2,\"name\":\"TR\u00c1GICO ACCIDENTE JES\u00daS FRANCISCO FRANCO QUINTERO, V\u00cdCTIMA MORTAL\"}]},{\"@type\":\"WebSite\",\"@id\":\"https:\\\/\\\/ardigitalnoticias.com\\\/#website\",\"url\":\"https:\\\/\\\/ardigitalnoticias.com\\\/\",\"name\":\"AR Digital Noticias\",\"description\":\"\",\"publisher\":{\"@id\":\"https:\\\/\\\/ardigitalnoticias.com\\\/#organization\"},\"potentialAction\":[{\"@type\":\"SearchAction\",\"target\":{\"@type\":\"EntryPoint\",\"urlTemplate\":\"https:\\\/\\\/ardigitalnoticias.com\\\/?s={search_term_string}\"},\"query-input\":{\"@type\":\"PropertyValueSpecification\",\"valueRequired\":true,\"valueName\":\"search_term_string\"}}],\"inLanguage\":\"es\"},{\"@type\":\"Organization\",\"@id\":\"https:\\\/\\\/ardigitalnoticias.com\\\/#organization\",\"name\":\"AR Digital Noticias\",\"url\":\"https:\\\/\\\/ardigitalnoticias.com\\\/\",\"logo\":{\"@type\":\"ImageObject\",\"inLanguage\":\"es\",\"@id\":\"https:\\\/\\\/ardigitalnoticias.com\\\/#\\\/schema\\\/logo\\\/image\\\/\",\"url\":\"https:\\\/\\\/ardigitalnoticias.com\\\/wp-content\\\/uploads\\\/2023\\\/11\\\/cropped-cropped-cropped-cropped-AR-Digital-Noticias-1.png\",\"contentUrl\":\"https:\\\/\\\/ardigitalnoticias.com\\\/wp-content\\\/uploads\\\/2023\\\/11\\\/cropped-cropped-cropped-cropped-AR-Digital-Noticias-1.png\",\"width\":972,\"height\":306,\"caption\":\"AR Digital Noticias\"},\"image\":{\"@id\":\"https:\\\/\\\/ardigitalnoticias.com\\\/#\\\/schema\\\/logo\\\/image\\\/\"}},{\"@type\":\"Person\",\"@id\":\"https:\\\/\\\/ardigitalnoticias.com\\\/#\\\/schema\\\/person\\\/3f1b0a96e890d8cba89a76c7558a147c\",\"name\":\"AR Digital Noticias\",\"image\":{\"@type\":\"ImageObject\",\"inLanguage\":\"es\",\"@id\":\"https:\\\/\\\/secure.gravatar.com\\\/avatar\\\/55d1acd2f9cac74c99f42fcb5090c2f994204a6f6c571cf4c3001ae692cb9b34?s=96&d=mm&r=g\",\"url\":\"https:\\\/\\\/secure.gravatar.com\\\/avatar\\\/55d1acd2f9cac74c99f42fcb5090c2f994204a6f6c571cf4c3001ae692cb9b34?s=96&d=mm&r=g\",\"contentUrl\":\"https:\\\/\\\/secure.gravatar.com\\\/avatar\\\/55d1acd2f9cac74c99f42fcb5090c2f994204a6f6c571cf4c3001ae692cb9b34?s=96&d=mm&r=g\",\"caption\":\"AR Digital Noticias\"},\"sameAs\":[\"http:\\\/\\\/ardigitalnoticias.com\"],\"url\":\"https:\\\/\\\/ardigitalnoticias.com\\\/index.php\\\/author\\\/editorial\\\/\"}]}<\/script>\n<!-- \/ Yoast SEO plugin. -->","yoast_head_json":{"title":"TR\u00c1GICO ACCIDENTE JES\u00daS FRANCISCO FRANCO QUINTERO, V\u00cdCTIMA MORTAL - AR Digital Noticias","robots":{"index":"index","follow":"follow","max-snippet":"max-snippet:-1","max-image-preview":"max-image-preview:large","max-video-preview":"max-video-preview:-1"},"canonical":"https:\/\/ardigitalnoticias.com\/index.php\/2023\/12\/30\/tragico-accidente-jesus-francisco-franco-quintero-victima-mortal\/","og_locale":"es_ES","og_type":"article","og_title":"TR\u00c1GICO ACCIDENTE JES\u00daS FRANCISCO FRANCO QUINTERO, V\u00cdCTIMA MORTAL - AR Digital Noticias","og_description":"Jes\u00fas Francisco Franco Quintero, de tan solo 22 a\u00f1os, ha sido identificado como la v\u00edctima mortal en el tr\u00e1gico accidente ocurrido en Florencia, Caquet\u00e1. El joven perdi\u00f3 la vida en horas de la ma\u00f1ana cerca del Club Militar, sobre la quebrada El Dedo, a consecuencia de un lamentable accidente de tr\u00e1nsito. Destacando su conexi\u00f3n familiar, [&hellip;]","og_url":"https:\/\/ardigitalnoticias.com\/index.php\/2023\/12\/30\/tragico-accidente-jesus-francisco-franco-quintero-victima-mortal\/","og_site_name":"AR Digital Noticias","article_published_time":"2023-12-30T19:27:47+00:00","article_modified_time":"2023-12-30T19:30:03+00:00","og_image":[{"width":2560,"height":1439,"url":"https:\/\/ardigitalnoticias.com\/wp-content\/uploads\/2023\/12\/InShot_20231230_135146376-scaled.jpg","type":"image\/jpeg"}],"author":"AR Digital Noticias","twitter_card":"summary_large_image","twitter_misc":{"Escrito por":"AR Digital Noticias","Tiempo de lectura":"3 minutos"},"schema":{"@context":"https:\/\/schema.org","@graph":[{"@type":"Article","@id":"https:\/\/ardigitalnoticias.com\/index.php\/2023\/12\/30\/tragico-accidente-jesus-francisco-franco-quintero-victima-mortal\/#article","isPartOf":{"@id":"https:\/\/ardigitalnoticias.com\/index.php\/2023\/12\/30\/tragico-accidente-jesus-francisco-franco-quintero-victima-mortal\/"},"author":{"name":"AR Digital Noticias","@id":"https:\/\/ardigitalnoticias.com\/#\/schema\/person\/3f1b0a96e890d8cba89a76c7558a147c"},"headline":"TR\u00c1GICO ACCIDENTE JES\u00daS FRANCISCO FRANCO QUINTERO, V\u00cdCTIMA MORTAL","datePublished":"2023-12-30T19:27:47+00:00","dateModified":"2023-12-30T19:30:03+00:00","mainEntityOfPage":{"@id":"https:\/\/ardigitalnoticias.com\/index.php\/2023\/12\/30\/tragico-accidente-jesus-francisco-franco-quintero-victima-mortal\/"},"wordCount":194,"commentCount":0,"publisher":{"@id":"https:\/\/ardigitalnoticias.com\/#organization"},"image":{"@id":"https:\/\/ardigitalnoticias.com\/index.php\/2023\/12\/30\/tragico-accidente-jesus-francisco-franco-quintero-victima-mortal\/#primaryimage"},"thumbnailUrl":"https:\/\/ardigitalnoticias.com\/wp-content\/uploads\/2023\/12\/InShot_20231230_135146376-scaled.jpg","articleSection":["Actualidad"],"inLanguage":"es","potentialAction":[{"@type":"CommentAction","name":"Comment","target":["https:\/\/ardigitalnoticias.com\/index.php\/2023\/12\/30\/tragico-accidente-jesus-francisco-franco-quintero-victima-mortal\/#respond"]}]},{"@type":"WebPage","@id":"https:\/\/ardigitalnoticias.com\/index.php\/2023\/12\/30\/tragico-accidente-jesus-francisco-franco-quintero-victima-mortal\/","url":"https:\/\/ardigitalnoticias.com\/index.php\/2023\/12\/30\/tragico-accidente-jesus-francisco-franco-quintero-victima-mortal\/","name":"TR\u00c1GICO ACCIDENTE JES\u00daS FRANCISCO FRANCO QUINTERO, V\u00cdCTIMA MORTAL - AR Digital Noticias","isPartOf":{"@id":"https:\/\/ardigitalnoticias.com\/#website"},"primaryImageOfPage":{"@id":"https:\/\/ardigitalnoticias.com\/index.php\/2023\/12\/30\/tragico-accidente-jesus-francisco-franco-quintero-victima-mortal\/#primaryimage"},"image":{"@id":"https:\/\/ardigitalnoticias.com\/index.php\/2023\/12\/30\/tragico-accidente-jesus-francisco-franco-quintero-victima-mortal\/#primaryimage"},"thumbnailUrl":"https:\/\/ardigitalnoticias.com\/wp-content\/uploads\/2023\/12\/InShot_20231230_135146376-scaled.jpg","datePublished":"2023-12-30T19:27:47+00:00","dateModified":"2023-12-30T19:30:03+00:00","breadcrumb":{"@id":"https:\/\/ardigitalnoticias.com\/index.php\/2023\/12\/30\/tragico-accidente-jesus-francisco-franco-quintero-victima-mortal\/#breadcrumb"},"inLanguage":"es","potentialAction":[{"@type":"ReadAction","target":["https:\/\/ardigitalnoticias.com\/index.php\/2023\/12\/30\/tragico-accidente-jesus-francisco-franco-quintero-victima-mortal\/"]}]},{"@type":"ImageObject","inLanguage":"es","@id":"https:\/\/ardigitalnoticias.com\/index.php\/2023\/12\/30\/tragico-accidente-jesus-francisco-franco-quintero-victima-mortal\/#primaryimage","url":"https:\/\/ardigitalnoticias.com\/wp-content\/uploads\/2023\/12\/InShot_20231230_135146376-scaled.jpg","contentUrl":"https:\/\/ardigitalnoticias.com\/wp-content\/uploads\/2023\/12\/InShot_20231230_135146376-scaled.jpg","width":2560,"height":1439},{"@type":"BreadcrumbList","@id":"https:\/\/ardigitalnoticias.com\/index.php\/2023\/12\/30\/tragico-accidente-jesus-francisco-franco-quintero-victima-mortal\/#breadcrumb","itemListElement":[{"@type":"ListItem","position":1,"name":"Portada","item":"https:\/\/ardigitalnoticias.com\/"},{"@type":"ListItem","position":2,"name":"TR\u00c1GICO ACCIDENTE JES\u00daS FRANCISCO FRANCO QUINTERO, V\u00cdCTIMA MORTAL"}]},{"@type":"WebSite","@id":"https:\/\/ardigitalnoticias.com\/#website","url":"https:\/\/ardigitalnoticias.com\/","name":"AR Digital Noticias","description":"","publisher":{"@id":"https:\/\/ardigitalnoticias.com\/#organization"},"potentialAction":[{"@type":"SearchAction","target":{"@type":"EntryPoint","urlTemplate":"https:\/\/ardigitalnoticias.com\/?s={search_term_string}"},"query-input":{"@type":"PropertyValueSpecification","valueRequired":true,"valueName":"search_term_string"}}],"inLanguage":"es"},{"@type":"Organization","@id":"https:\/\/ardigitalnoticias.com\/#organization","name":"AR Digital Noticias","url":"https:\/\/ardigitalnoticias.com\/","logo":{"@type":"ImageObject","inLanguage":"es","@id":"https:\/\/ardigitalnoticias.com\/#\/schema\/logo\/image\/","url":"https:\/\/ardigitalnoticias.com\/wp-content\/uploads\/2023\/11\/cropped-cropped-cropped-cropped-AR-Digital-Noticias-1.png","contentUrl":"https:\/\/ardigitalnoticias.com\/wp-content\/uploads\/2023\/11\/cropped-cropped-cropped-cropped-AR-Digital-Noticias-1.png","width":972,"height":306,"caption":"AR Digital Noticias"},"image":{"@id":"https:\/\/ardigitalnoticias.com\/#\/schema\/logo\/image\/"}},{"@type":"Person","@id":"https:\/\/ardigitalnoticias.com\/#\/schema\/person\/3f1b0a96e890d8cba89a76c7558a147c","name":"AR Digital Noticias","image":{"@type":"ImageObject","inLanguage":"es","@id":"https:\/\/secure.gravatar.com\/avatar\/55d1acd2f9cac74c99f42fcb5090c2f994204a6f6c571cf4c3001ae692cb9b34?s=96&d=mm&r=g","url":"https:\/\/secure.gravatar.com\/avatar\/55d1acd2f9cac74c99f42fcb5090c2f994204a6f6c571cf4c3001ae692cb9b34?s=96&d=mm&r=g","contentUrl":"https:\/\/secure.gravatar.com\/avatar\/55d1acd2f9cac74c99f42fcb5090c2f994204a6f6c571cf4c3001ae692cb9b34?s=96&d=mm&r=g","caption":"AR Digital Noticias"},"sameAs":["http:\/\/ardigitalnoticias.com"],"url":"https:\/\/ardigitalnoticias.com\/index.php\/author\/editorial\/"}]}},"_links":{"self":[{"href":"https:\/\/ardigitalnoticias.com\/index.php\/wp-json\/wp\/v2\/posts\/1702","targetHints":{"allow":["GET"]}}],"collection":[{"href":"https:\/\/ardigitalnoticias.com\/index.php\/wp-json\/wp\/v2\/posts"}],"about":[{"href":"https:\/\/ardigitalnoticias.com\/index.php\/wp-json\/wp\/v2\/types\/post"}],"author":[{"embeddable":true,"href":"https:\/\/ardigitalnoticias.com\/index.php\/wp-json\/wp\/v2\/users\/2"}],"replies":[{"embeddable":true,"href":"https:\/\/ardigitalnoticias.com\/index.php\/wp-json\/wp\/v2\/comments?post=1702"}],"version-history":[{"count":1,"href":"https:\/\/ardigitalnoticias.com\/index.php\/wp-json\/wp\/v2\/posts\/1702\/revisions"}],"predecessor-version":[{"id":1709,"href":"https:\/\/ardigitalnoticias.com\/index.php\/wp-json\/wp\/v2\/posts\/1702\/revisions\/1709"}],"wp:featuredmedia":[{"embeddable":true,"href":"https:\/\/ardigitalnoticias.com\/index.php\/wp-json\/wp\/v2\/media\/1708"}],"wp:attachment":[{"href":"https:\/\/ardigitalnoticias.com\/index.php\/wp-json\/wp\/v2\/media?parent=1702"}],"wp:term":[{"taxonomy":"category","embeddable":true,"href":"https:\/\/ardigitalnoticias.com\/index.php\/wp-json\/wp\/v2\/categories?post=1702"},{"taxonomy":"post_tag","embeddable":true,"href":"https:\/\/ardigitalnoticias.com\/index.php\/wp-json\/wp\/v2\/tags?post=1702"}],"curies":[{"name":"wp","href":"https:\/\/api.w.org\/{rel}","templated":true}]}}