{"id":1471,"date":"2023-12-25T22:30:08","date_gmt":"2023-12-26T03:30:08","guid":{"rendered":"https:\/\/ardigitalnoticias.com\/?p=1471"},"modified":"2023-12-25T22:30:09","modified_gmt":"2023-12-26T03:30:09","slug":"accidente-en-la-avenida-circunvalar-deja-herido-a-conductor-de-una-motocicleta","status":"publish","type":"post","link":"https:\/\/ardigitalnoticias.com\/index.php\/2023\/12\/25\/accidente-en-la-avenida-circunvalar-deja-herido-a-conductor-de-una-motocicleta\/","title":{"rendered":"ACCIDENTE EN LA AVENIDA CIRCUNVALAR DEJA HERIDO A CONDUCTOR DE UNA\u00a0MOTOCICLETA"},"content":{"rendered":"\n<p>En horas recientes, la avenida Circunvalar con 2 fue escenario de un grave accidente de tr\u00e1nsito entre un veh\u00edculo tipo taxi y una motocicleta. El conductor de la motocicleta result\u00f3 herido en el hecho y fue r\u00e1pidamente trasladado a un centro asistencial para recibir atenci\u00f3n m\u00e9dica. Hasta el momento, no se ha emitido un reporte oficial sobre las circunstancias exactas del accidente ni sobre la gravedad de las lesiones del motociclista.<\/p>\n\n\n\n<figure class=\"wp-block-embed aligncenter is-type-video is-provider-youtube wp-block-embed-youtube wp-embed-aspect-16-9 wp-has-aspect-ratio\"><div class=\"wp-block-embed__wrapper\">\n<div class=\"youtube-embed\" data-video_id=\"\"><iframe loading=\"lazy\" title=\"ACCIDENTE EN LA AVENIDA CIRCUNVALAR DEJA HERIDO A CONDUCTOR DE UNA\u00a0MOTOCICLETA\" width=\"696\" height=\"392\" src=\"https:\/\/www.youtube.com\/embed\/JZ0COoyV1Yc?feature=oembed&#038;enablejsapi=1\" frameborder=\"0\" allow=\"accelerometer; autoplay; clipboard-write; encrypted-media; gyroscope; picture-in-picture; web-share\" allowfullscreen><\/iframe><\/div>\n<\/div><\/figure>\n\n\n\n<p>La moto involucrada en el accidente lleva la placa PCT-35F, y se hace un llamado urgente a cualquier persona que pueda identificar al propietario o tener informaci\u00f3n relevante sobre sus familiares para que d\u00e9 aviso. Las autoridades instan a la colaboraci\u00f3n ciudadana para obtener detalles adicionales que puedan esclarecer este lamentable\u00a0suceso.<\/p>\n\n\n\n<figure class=\"wp-block-gallery has-nested-images columns-default is-cropped wp-block-gallery-1 is-layout-flex wp-block-gallery-is-layout-flex\">\n<figure class=\"wp-block-image size-large\"><img loading=\"lazy\" decoding=\"async\" width=\"576\" height=\"1024\" data-id=\"1474\" src=\"https:\/\/ardigitalnoticias.com\/wp-content\/uploads\/2023\/12\/Imagen-de-WhatsApp-2023-12-25-a-las-22.28.34_08b6c451-576x1024.jpg\" alt=\"\" class=\"wp-image-1474\" srcset=\"https:\/\/ardigitalnoticias.com\/wp-content\/uploads\/2023\/12\/Imagen-de-WhatsApp-2023-12-25-a-las-22.28.34_08b6c451-576x1024.jpg 576w, https:\/\/ardigitalnoticias.com\/wp-content\/uploads\/2023\/12\/Imagen-de-WhatsApp-2023-12-25-a-las-22.28.34_08b6c451-169x300.jpg 169w, https:\/\/ardigitalnoticias.com\/wp-content\/uploads\/2023\/12\/Imagen-de-WhatsApp-2023-12-25-a-las-22.28.34_08b6c451-150x267.jpg 150w, https:\/\/ardigitalnoticias.com\/wp-content\/uploads\/2023\/12\/Imagen-de-WhatsApp-2023-12-25-a-las-22.28.34_08b6c451-300x533.jpg 300w, https:\/\/ardigitalnoticias.com\/wp-content\/uploads\/2023\/12\/Imagen-de-WhatsApp-2023-12-25-a-las-22.28.34_08b6c451-696x1237.jpg 696w, https:\/\/ardigitalnoticias.com\/wp-content\/uploads\/2023\/12\/Imagen-de-WhatsApp-2023-12-25-a-las-22.28.34_08b6c451.jpg 720w\" sizes=\"auto, (max-width: 576px) 100vw, 576px\" \/><\/figure>\n\n\n\n<figure class=\"wp-block-image size-large\"><img loading=\"lazy\" decoding=\"async\" width=\"576\" height=\"1024\" data-id=\"1473\" src=\"https:\/\/ardigitalnoticias.com\/wp-content\/uploads\/2023\/12\/Imagen-de-WhatsApp-2023-12-25-a-las-22.28.34_e3a26d16-576x1024.jpg\" alt=\"\" class=\"wp-image-1473\" srcset=\"https:\/\/ardigitalnoticias.com\/wp-content\/uploads\/2023\/12\/Imagen-de-WhatsApp-2023-12-25-a-las-22.28.34_e3a26d16-576x1024.jpg 576w, https:\/\/ardigitalnoticias.com\/wp-content\/uploads\/2023\/12\/Imagen-de-WhatsApp-2023-12-25-a-las-22.28.34_e3a26d16-169x300.jpg 169w, https:\/\/ardigitalnoticias.com\/wp-content\/uploads\/2023\/12\/Imagen-de-WhatsApp-2023-12-25-a-las-22.28.34_e3a26d16-150x267.jpg 150w, https:\/\/ardigitalnoticias.com\/wp-content\/uploads\/2023\/12\/Imagen-de-WhatsApp-2023-12-25-a-las-22.28.34_e3a26d16-300x533.jpg 300w, https:\/\/ardigitalnoticias.com\/wp-content\/uploads\/2023\/12\/Imagen-de-WhatsApp-2023-12-25-a-las-22.28.34_e3a26d16-696x1237.jpg 696w, https:\/\/ardigitalnoticias.com\/wp-content\/uploads\/2023\/12\/Imagen-de-WhatsApp-2023-12-25-a-las-22.28.34_e3a26d16.jpg 720w\" sizes=\"auto, (max-width: 576px) 100vw, 576px\" \/><\/figure>\n<\/figure>\n","protected":false},"excerpt":{"rendered":"<p>En horas recientes, la avenida Circunvalar con 2 fue escenario de un grave accidente de tr\u00e1nsito entre un veh\u00edculo tipo taxi y una motocicleta. El conductor de la motocicleta result\u00f3 herido en el hecho y fue r\u00e1pidamente trasladado a un centro asistencial para recibir atenci\u00f3n m\u00e9dica. Hasta el momento, no se ha emitido un reporte [&hellip;]<\/p>\n","protected":false},"author":2,"featured_media":1472,"comment_status":"open","ping_status":"open","sticky":false,"template":"","format":"standard","meta":{"_acf_changed":false,"_joinchat":[],"footnotes":""},"categories":[26,19],"tags":[],"class_list":{"0":"post-1471","1":"post","2":"type-post","3":"status-publish","4":"format-standard","5":"has-post-thumbnail","7":"category-norte","8":"category-regional"},"acf":[],"yoast_head":"<!-- This site is optimized with the Yoast SEO plugin v27.5 - https:\/\/yoast.com\/product\/yoast-seo-wordpress\/ -->\n<title>ACCIDENTE EN LA AVENIDA CIRCUNVALAR DEJA HERIDO A CONDUCTOR DE UNA\u00a0MOTOCICLETA - AR Digital Noticias<\/title>\n<meta name=\"robots\" content=\"index, follow, max-snippet:-1, max-image-preview:large, max-video-preview:-1\" \/>\n<link rel=\"canonical\" href=\"https:\/\/ardigitalnoticias.com\/index.php\/2023\/12\/25\/accidente-en-la-avenida-circunvalar-deja-herido-a-conductor-de-una-motocicleta\/\" \/>\n<meta property=\"og:locale\" content=\"es_ES\" \/>\n<meta property=\"og:type\" content=\"article\" \/>\n<meta property=\"og:title\" content=\"ACCIDENTE EN LA AVENIDA CIRCUNVALAR DEJA HERIDO A CONDUCTOR DE UNA\u00a0MOTOCICLETA - AR Digital Noticias\" \/>\n<meta property=\"og:description\" content=\"En horas recientes, la avenida Circunvalar con 2 fue escenario de un grave accidente de tr\u00e1nsito entre un veh\u00edculo tipo taxi y una motocicleta. El conductor de la motocicleta result\u00f3 herido en el hecho y fue r\u00e1pidamente trasladado a un centro asistencial para recibir atenci\u00f3n m\u00e9dica. Hasta el momento, no se ha emitido un reporte [&hellip;]\" \/>\n<meta property=\"og:url\" content=\"https:\/\/ardigitalnoticias.com\/index.php\/2023\/12\/25\/accidente-en-la-avenida-circunvalar-deja-herido-a-conductor-de-una-motocicleta\/\" \/>\n<meta property=\"og:site_name\" content=\"AR Digital Noticias\" \/>\n<meta property=\"article:published_time\" content=\"2023-12-26T03:30:08+00:00\" \/>\n<meta property=\"article:modified_time\" content=\"2023-12-26T03:30:09+00:00\" \/>\n<meta property=\"og:image\" content=\"https:\/\/ardigitalnoticias.com\/wp-content\/uploads\/2023\/12\/Imagen-de-WhatsApp-2023-12-25-a-las-22.25.20_a80bb10b.jpg\" \/>\n\t<meta property=\"og:image:width\" content=\"1440\" \/>\n\t<meta property=\"og:image:height\" content=\"960\" \/>\n\t<meta property=\"og:image:type\" content=\"image\/jpeg\" \/>\n<meta name=\"author\" content=\"AR Digital Noticias\" \/>\n<meta name=\"twitter:card\" content=\"summary_large_image\" \/>\n<meta name=\"twitter:label1\" content=\"Escrito por\" \/>\n\t<meta name=\"twitter:data1\" content=\"AR Digital Noticias\" \/>\n\t<meta name=\"twitter:label2\" content=\"Tiempo de lectura\" \/>\n\t<meta name=\"twitter:data2\" content=\"2 minutos\" \/>\n<script type=\"application\/ld+json\" class=\"yoast-schema-graph\">{\"@context\":\"https:\\\/\\\/schema.org\",\"@graph\":[{\"@type\":\"Article\",\"@id\":\"https:\\\/\\\/ardigitalnoticias.com\\\/index.php\\\/2023\\\/12\\\/25\\\/accidente-en-la-avenida-circunvalar-deja-herido-a-conductor-de-una-motocicleta\\\/#article\",\"isPartOf\":{\"@id\":\"https:\\\/\\\/ardigitalnoticias.com\\\/index.php\\\/2023\\\/12\\\/25\\\/accidente-en-la-avenida-circunvalar-deja-herido-a-conductor-de-una-motocicleta\\\/\"},\"author\":{\"name\":\"AR Digital Noticias\",\"@id\":\"https:\\\/\\\/ardigitalnoticias.com\\\/#\\\/schema\\\/person\\\/3f1b0a96e890d8cba89a76c7558a147c\"},\"headline\":\"ACCIDENTE EN LA AVENIDA CIRCUNVALAR DEJA HERIDO A CONDUCTOR DE UNA\u00a0MOTOCICLETA\",\"datePublished\":\"2023-12-26T03:30:08+00:00\",\"dateModified\":\"2023-12-26T03:30:09+00:00\",\"mainEntityOfPage\":{\"@id\":\"https:\\\/\\\/ardigitalnoticias.com\\\/index.php\\\/2023\\\/12\\\/25\\\/accidente-en-la-avenida-circunvalar-deja-herido-a-conductor-de-una-motocicleta\\\/\"},\"wordCount\":152,\"commentCount\":0,\"publisher\":{\"@id\":\"https:\\\/\\\/ardigitalnoticias.com\\\/#organization\"},\"image\":{\"@id\":\"https:\\\/\\\/ardigitalnoticias.com\\\/index.php\\\/2023\\\/12\\\/25\\\/accidente-en-la-avenida-circunvalar-deja-herido-a-conductor-de-una-motocicleta\\\/#primaryimage\"},\"thumbnailUrl\":\"https:\\\/\\\/ardigitalnoticias.com\\\/wp-content\\\/uploads\\\/2023\\\/12\\\/Imagen-de-WhatsApp-2023-12-25-a-las-22.25.20_a80bb10b.jpg\",\"articleSection\":[\"Norte\",\"Regional\"],\"inLanguage\":\"es\",\"potentialAction\":[{\"@type\":\"CommentAction\",\"name\":\"Comment\",\"target\":[\"https:\\\/\\\/ardigitalnoticias.com\\\/index.php\\\/2023\\\/12\\\/25\\\/accidente-en-la-avenida-circunvalar-deja-herido-a-conductor-de-una-motocicleta\\\/#respond\"]}]},{\"@type\":\"WebPage\",\"@id\":\"https:\\\/\\\/ardigitalnoticias.com\\\/index.php\\\/2023\\\/12\\\/25\\\/accidente-en-la-avenida-circunvalar-deja-herido-a-conductor-de-una-motocicleta\\\/\",\"url\":\"https:\\\/\\\/ardigitalnoticias.com\\\/index.php\\\/2023\\\/12\\\/25\\\/accidente-en-la-avenida-circunvalar-deja-herido-a-conductor-de-una-motocicleta\\\/\",\"name\":\"ACCIDENTE EN LA AVENIDA CIRCUNVALAR DEJA HERIDO A CONDUCTOR DE UNA\u00a0MOTOCICLETA - AR Digital Noticias\",\"isPartOf\":{\"@id\":\"https:\\\/\\\/ardigitalnoticias.com\\\/#website\"},\"primaryImageOfPage\":{\"@id\":\"https:\\\/\\\/ardigitalnoticias.com\\\/index.php\\\/2023\\\/12\\\/25\\\/accidente-en-la-avenida-circunvalar-deja-herido-a-conductor-de-una-motocicleta\\\/#primaryimage\"},\"image\":{\"@id\":\"https:\\\/\\\/ardigitalnoticias.com\\\/index.php\\\/2023\\\/12\\\/25\\\/accidente-en-la-avenida-circunvalar-deja-herido-a-conductor-de-una-motocicleta\\\/#primaryimage\"},\"thumbnailUrl\":\"https:\\\/\\\/ardigitalnoticias.com\\\/wp-content\\\/uploads\\\/2023\\\/12\\\/Imagen-de-WhatsApp-2023-12-25-a-las-22.25.20_a80bb10b.jpg\",\"datePublished\":\"2023-12-26T03:30:08+00:00\",\"dateModified\":\"2023-12-26T03:30:09+00:00\",\"breadcrumb\":{\"@id\":\"https:\\\/\\\/ardigitalnoticias.com\\\/index.php\\\/2023\\\/12\\\/25\\\/accidente-en-la-avenida-circunvalar-deja-herido-a-conductor-de-una-motocicleta\\\/#breadcrumb\"},\"inLanguage\":\"es\",\"potentialAction\":[{\"@type\":\"ReadAction\",\"target\":[\"https:\\\/\\\/ardigitalnoticias.com\\\/index.php\\\/2023\\\/12\\\/25\\\/accidente-en-la-avenida-circunvalar-deja-herido-a-conductor-de-una-motocicleta\\\/\"]}]},{\"@type\":\"ImageObject\",\"inLanguage\":\"es\",\"@id\":\"https:\\\/\\\/ardigitalnoticias.com\\\/index.php\\\/2023\\\/12\\\/25\\\/accidente-en-la-avenida-circunvalar-deja-herido-a-conductor-de-una-motocicleta\\\/#primaryimage\",\"url\":\"https:\\\/\\\/ardigitalnoticias.com\\\/wp-content\\\/uploads\\\/2023\\\/12\\\/Imagen-de-WhatsApp-2023-12-25-a-las-22.25.20_a80bb10b.jpg\",\"contentUrl\":\"https:\\\/\\\/ardigitalnoticias.com\\\/wp-content\\\/uploads\\\/2023\\\/12\\\/Imagen-de-WhatsApp-2023-12-25-a-las-22.25.20_a80bb10b.jpg\",\"width\":1440,\"height\":960},{\"@type\":\"BreadcrumbList\",\"@id\":\"https:\\\/\\\/ardigitalnoticias.com\\\/index.php\\\/2023\\\/12\\\/25\\\/accidente-en-la-avenida-circunvalar-deja-herido-a-conductor-de-una-motocicleta\\\/#breadcrumb\",\"itemListElement\":[{\"@type\":\"ListItem\",\"position\":1,\"name\":\"Portada\",\"item\":\"https:\\\/\\\/ardigitalnoticias.com\\\/\"},{\"@type\":\"ListItem\",\"position\":2,\"name\":\"ACCIDENTE EN LA AVENIDA CIRCUNVALAR DEJA HERIDO A CONDUCTOR DE UNA\u00a0MOTOCICLETA\"}]},{\"@type\":\"WebSite\",\"@id\":\"https:\\\/\\\/ardigitalnoticias.com\\\/#website\",\"url\":\"https:\\\/\\\/ardigitalnoticias.com\\\/\",\"name\":\"AR Digital Noticias\",\"description\":\"\",\"publisher\":{\"@id\":\"https:\\\/\\\/ardigitalnoticias.com\\\/#organization\"},\"potentialAction\":[{\"@type\":\"SearchAction\",\"target\":{\"@type\":\"EntryPoint\",\"urlTemplate\":\"https:\\\/\\\/ardigitalnoticias.com\\\/?s={search_term_string}\"},\"query-input\":{\"@type\":\"PropertyValueSpecification\",\"valueRequired\":true,\"valueName\":\"search_term_string\"}}],\"inLanguage\":\"es\"},{\"@type\":\"Organization\",\"@id\":\"https:\\\/\\\/ardigitalnoticias.com\\\/#organization\",\"name\":\"AR Digital Noticias\",\"url\":\"https:\\\/\\\/ardigitalnoticias.com\\\/\",\"logo\":{\"@type\":\"ImageObject\",\"inLanguage\":\"es\",\"@id\":\"https:\\\/\\\/ardigitalnoticias.com\\\/#\\\/schema\\\/logo\\\/image\\\/\",\"url\":\"https:\\\/\\\/ardigitalnoticias.com\\\/wp-content\\\/uploads\\\/2023\\\/11\\\/cropped-cropped-cropped-cropped-AR-Digital-Noticias-1.png\",\"contentUrl\":\"https:\\\/\\\/ardigitalnoticias.com\\\/wp-content\\\/uploads\\\/2023\\\/11\\\/cropped-cropped-cropped-cropped-AR-Digital-Noticias-1.png\",\"width\":972,\"height\":306,\"caption\":\"AR Digital Noticias\"},\"image\":{\"@id\":\"https:\\\/\\\/ardigitalnoticias.com\\\/#\\\/schema\\\/logo\\\/image\\\/\"}},{\"@type\":\"Person\",\"@id\":\"https:\\\/\\\/ardigitalnoticias.com\\\/#\\\/schema\\\/person\\\/3f1b0a96e890d8cba89a76c7558a147c\",\"name\":\"AR Digital Noticias\",\"image\":{\"@type\":\"ImageObject\",\"inLanguage\":\"es\",\"@id\":\"https:\\\/\\\/secure.gravatar.com\\\/avatar\\\/55d1acd2f9cac74c99f42fcb5090c2f994204a6f6c571cf4c3001ae692cb9b34?s=96&d=mm&r=g\",\"url\":\"https:\\\/\\\/secure.gravatar.com\\\/avatar\\\/55d1acd2f9cac74c99f42fcb5090c2f994204a6f6c571cf4c3001ae692cb9b34?s=96&d=mm&r=g\",\"contentUrl\":\"https:\\\/\\\/secure.gravatar.com\\\/avatar\\\/55d1acd2f9cac74c99f42fcb5090c2f994204a6f6c571cf4c3001ae692cb9b34?s=96&d=mm&r=g\",\"caption\":\"AR Digital Noticias\"},\"sameAs\":[\"http:\\\/\\\/ardigitalnoticias.com\"],\"url\":\"https:\\\/\\\/ardigitalnoticias.com\\\/index.php\\\/author\\\/editorial\\\/\"}]}<\/script>\n<!-- \/ Yoast SEO plugin. -->","yoast_head_json":{"title":"ACCIDENTE EN LA AVENIDA CIRCUNVALAR DEJA HERIDO A CONDUCTOR DE UNA\u00a0MOTOCICLETA - AR Digital Noticias","robots":{"index":"index","follow":"follow","max-snippet":"max-snippet:-1","max-image-preview":"max-image-preview:large","max-video-preview":"max-video-preview:-1"},"canonical":"https:\/\/ardigitalnoticias.com\/index.php\/2023\/12\/25\/accidente-en-la-avenida-circunvalar-deja-herido-a-conductor-de-una-motocicleta\/","og_locale":"es_ES","og_type":"article","og_title":"ACCIDENTE EN LA AVENIDA CIRCUNVALAR DEJA HERIDO A CONDUCTOR DE UNA\u00a0MOTOCICLETA - AR Digital Noticias","og_description":"En horas recientes, la avenida Circunvalar con 2 fue escenario de un grave accidente de tr\u00e1nsito entre un veh\u00edculo tipo taxi y una motocicleta. El conductor de la motocicleta result\u00f3 herido en el hecho y fue r\u00e1pidamente trasladado a un centro asistencial para recibir atenci\u00f3n m\u00e9dica. Hasta el momento, no se ha emitido un reporte [&hellip;]","og_url":"https:\/\/ardigitalnoticias.com\/index.php\/2023\/12\/25\/accidente-en-la-avenida-circunvalar-deja-herido-a-conductor-de-una-motocicleta\/","og_site_name":"AR Digital Noticias","article_published_time":"2023-12-26T03:30:08+00:00","article_modified_time":"2023-12-26T03:30:09+00:00","og_image":[{"width":1440,"height":960,"url":"https:\/\/ardigitalnoticias.com\/wp-content\/uploads\/2023\/12\/Imagen-de-WhatsApp-2023-12-25-a-las-22.25.20_a80bb10b.jpg","type":"image\/jpeg"}],"author":"AR Digital Noticias","twitter_card":"summary_large_image","twitter_misc":{"Escrito por":"AR Digital Noticias","Tiempo de lectura":"2 minutos"},"schema":{"@context":"https:\/\/schema.org","@graph":[{"@type":"Article","@id":"https:\/\/ardigitalnoticias.com\/index.php\/2023\/12\/25\/accidente-en-la-avenida-circunvalar-deja-herido-a-conductor-de-una-motocicleta\/#article","isPartOf":{"@id":"https:\/\/ardigitalnoticias.com\/index.php\/2023\/12\/25\/accidente-en-la-avenida-circunvalar-deja-herido-a-conductor-de-una-motocicleta\/"},"author":{"name":"AR Digital Noticias","@id":"https:\/\/ardigitalnoticias.com\/#\/schema\/person\/3f1b0a96e890d8cba89a76c7558a147c"},"headline":"ACCIDENTE EN LA AVENIDA CIRCUNVALAR DEJA HERIDO A CONDUCTOR DE UNA\u00a0MOTOCICLETA","datePublished":"2023-12-26T03:30:08+00:00","dateModified":"2023-12-26T03:30:09+00:00","mainEntityOfPage":{"@id":"https:\/\/ardigitalnoticias.com\/index.php\/2023\/12\/25\/accidente-en-la-avenida-circunvalar-deja-herido-a-conductor-de-una-motocicleta\/"},"wordCount":152,"commentCount":0,"publisher":{"@id":"https:\/\/ardigitalnoticias.com\/#organization"},"image":{"@id":"https:\/\/ardigitalnoticias.com\/index.php\/2023\/12\/25\/accidente-en-la-avenida-circunvalar-deja-herido-a-conductor-de-una-motocicleta\/#primaryimage"},"thumbnailUrl":"https:\/\/ardigitalnoticias.com\/wp-content\/uploads\/2023\/12\/Imagen-de-WhatsApp-2023-12-25-a-las-22.25.20_a80bb10b.jpg","articleSection":["Norte","Regional"],"inLanguage":"es","potentialAction":[{"@type":"CommentAction","name":"Comment","target":["https:\/\/ardigitalnoticias.com\/index.php\/2023\/12\/25\/accidente-en-la-avenida-circunvalar-deja-herido-a-conductor-de-una-motocicleta\/#respond"]}]},{"@type":"WebPage","@id":"https:\/\/ardigitalnoticias.com\/index.php\/2023\/12\/25\/accidente-en-la-avenida-circunvalar-deja-herido-a-conductor-de-una-motocicleta\/","url":"https:\/\/ardigitalnoticias.com\/index.php\/2023\/12\/25\/accidente-en-la-avenida-circunvalar-deja-herido-a-conductor-de-una-motocicleta\/","name":"ACCIDENTE EN LA AVENIDA CIRCUNVALAR DEJA HERIDO A CONDUCTOR DE UNA\u00a0MOTOCICLETA - AR Digital Noticias","isPartOf":{"@id":"https:\/\/ardigitalnoticias.com\/#website"},"primaryImageOfPage":{"@id":"https:\/\/ardigitalnoticias.com\/index.php\/2023\/12\/25\/accidente-en-la-avenida-circunvalar-deja-herido-a-conductor-de-una-motocicleta\/#primaryimage"},"image":{"@id":"https:\/\/ardigitalnoticias.com\/index.php\/2023\/12\/25\/accidente-en-la-avenida-circunvalar-deja-herido-a-conductor-de-una-motocicleta\/#primaryimage"},"thumbnailUrl":"https:\/\/ardigitalnoticias.com\/wp-content\/uploads\/2023\/12\/Imagen-de-WhatsApp-2023-12-25-a-las-22.25.20_a80bb10b.jpg","datePublished":"2023-12-26T03:30:08+00:00","dateModified":"2023-12-26T03:30:09+00:00","breadcrumb":{"@id":"https:\/\/ardigitalnoticias.com\/index.php\/2023\/12\/25\/accidente-en-la-avenida-circunvalar-deja-herido-a-conductor-de-una-motocicleta\/#breadcrumb"},"inLanguage":"es","potentialAction":[{"@type":"ReadAction","target":["https:\/\/ardigitalnoticias.com\/index.php\/2023\/12\/25\/accidente-en-la-avenida-circunvalar-deja-herido-a-conductor-de-una-motocicleta\/"]}]},{"@type":"ImageObject","inLanguage":"es","@id":"https:\/\/ardigitalnoticias.com\/index.php\/2023\/12\/25\/accidente-en-la-avenida-circunvalar-deja-herido-a-conductor-de-una-motocicleta\/#primaryimage","url":"https:\/\/ardigitalnoticias.com\/wp-content\/uploads\/2023\/12\/Imagen-de-WhatsApp-2023-12-25-a-las-22.25.20_a80bb10b.jpg","contentUrl":"https:\/\/ardigitalnoticias.com\/wp-content\/uploads\/2023\/12\/Imagen-de-WhatsApp-2023-12-25-a-las-22.25.20_a80bb10b.jpg","width":1440,"height":960},{"@type":"BreadcrumbList","@id":"https:\/\/ardigitalnoticias.com\/index.php\/2023\/12\/25\/accidente-en-la-avenida-circunvalar-deja-herido-a-conductor-de-una-motocicleta\/#breadcrumb","itemListElement":[{"@type":"ListItem","position":1,"name":"Portada","item":"https:\/\/ardigitalnoticias.com\/"},{"@type":"ListItem","position":2,"name":"ACCIDENTE EN LA AVENIDA CIRCUNVALAR DEJA HERIDO A CONDUCTOR DE UNA\u00a0MOTOCICLETA"}]},{"@type":"WebSite","@id":"https:\/\/ardigitalnoticias.com\/#website","url":"https:\/\/ardigitalnoticias.com\/","name":"AR Digital Noticias","description":"","publisher":{"@id":"https:\/\/ardigitalnoticias.com\/#organization"},"potentialAction":[{"@type":"SearchAction","target":{"@type":"EntryPoint","urlTemplate":"https:\/\/ardigitalnoticias.com\/?s={search_term_string}"},"query-input":{"@type":"PropertyValueSpecification","valueRequired":true,"valueName":"search_term_string"}}],"inLanguage":"es"},{"@type":"Organization","@id":"https:\/\/ardigitalnoticias.com\/#organization","name":"AR Digital Noticias","url":"https:\/\/ardigitalnoticias.com\/","logo":{"@type":"ImageObject","inLanguage":"es","@id":"https:\/\/ardigitalnoticias.com\/#\/schema\/logo\/image\/","url":"https:\/\/ardigitalnoticias.com\/wp-content\/uploads\/2023\/11\/cropped-cropped-cropped-cropped-AR-Digital-Noticias-1.png","contentUrl":"https:\/\/ardigitalnoticias.com\/wp-content\/uploads\/2023\/11\/cropped-cropped-cropped-cropped-AR-Digital-Noticias-1.png","width":972,"height":306,"caption":"AR Digital Noticias"},"image":{"@id":"https:\/\/ardigitalnoticias.com\/#\/schema\/logo\/image\/"}},{"@type":"Person","@id":"https:\/\/ardigitalnoticias.com\/#\/schema\/person\/3f1b0a96e890d8cba89a76c7558a147c","name":"AR Digital Noticias","image":{"@type":"ImageObject","inLanguage":"es","@id":"https:\/\/secure.gravatar.com\/avatar\/55d1acd2f9cac74c99f42fcb5090c2f994204a6f6c571cf4c3001ae692cb9b34?s=96&d=mm&r=g","url":"https:\/\/secure.gravatar.com\/avatar\/55d1acd2f9cac74c99f42fcb5090c2f994204a6f6c571cf4c3001ae692cb9b34?s=96&d=mm&r=g","contentUrl":"https:\/\/secure.gravatar.com\/avatar\/55d1acd2f9cac74c99f42fcb5090c2f994204a6f6c571cf4c3001ae692cb9b34?s=96&d=mm&r=g","caption":"AR Digital Noticias"},"sameAs":["http:\/\/ardigitalnoticias.com"],"url":"https:\/\/ardigitalnoticias.com\/index.php\/author\/editorial\/"}]}},"_links":{"self":[{"href":"https:\/\/ardigitalnoticias.com\/index.php\/wp-json\/wp\/v2\/posts\/1471","targetHints":{"allow":["GET"]}}],"collection":[{"href":"https:\/\/ardigitalnoticias.com\/index.php\/wp-json\/wp\/v2\/posts"}],"about":[{"href":"https:\/\/ardigitalnoticias.com\/index.php\/wp-json\/wp\/v2\/types\/post"}],"author":[{"embeddable":true,"href":"https:\/\/ardigitalnoticias.com\/index.php\/wp-json\/wp\/v2\/users\/2"}],"replies":[{"embeddable":true,"href":"https:\/\/ardigitalnoticias.com\/index.php\/wp-json\/wp\/v2\/comments?post=1471"}],"version-history":[{"count":1,"href":"https:\/\/ardigitalnoticias.com\/index.php\/wp-json\/wp\/v2\/posts\/1471\/revisions"}],"predecessor-version":[{"id":1475,"href":"https:\/\/ardigitalnoticias.com\/index.php\/wp-json\/wp\/v2\/posts\/1471\/revisions\/1475"}],"wp:featuredmedia":[{"embeddable":true,"href":"https:\/\/ardigitalnoticias.com\/index.php\/wp-json\/wp\/v2\/media\/1472"}],"wp:attachment":[{"href":"https:\/\/ardigitalnoticias.com\/index.php\/wp-json\/wp\/v2\/media?parent=1471"}],"wp:term":[{"taxonomy":"category","embeddable":true,"href":"https:\/\/ardigitalnoticias.com\/index.php\/wp-json\/wp\/v2\/categories?post=1471"},{"taxonomy":"post_tag","embeddable":true,"href":"https:\/\/ardigitalnoticias.com\/index.php\/wp-json\/wp\/v2\/tags?post=1471"}],"curies":[{"name":"wp","href":"https:\/\/api.w.org\/{rel}","templated":true}]}}