{"id":1418,"date":"2023-12-25T09:24:33","date_gmt":"2023-12-25T14:24:33","guid":{"rendered":"https:\/\/ardigitalnoticias.com\/?p=1418"},"modified":"2023-12-25T09:24:34","modified_gmt":"2023-12-25T14:24:34","slug":"tragico-accidente-cobra-la-vida-de-topografo-aceveduno","status":"publish","type":"post","link":"https:\/\/ardigitalnoticias.com\/index.php\/2023\/12\/25\/tragico-accidente-cobra-la-vida-de-topografo-aceveduno\/","title":{"rendered":"TR\u00c1GICO ACCIDENTE COBRA LA VIDA DE TOPOGRAFO ACEVEDUNO"},"content":{"rendered":"\n<p>En un fat\u00eddico episodio, Jorge Granda, destacado top\u00f3grafo oriundo de Acevedo y residente en Suaza, perdi\u00f3 la vida tras ser atropellado por un veh\u00edculo fantasma en la v\u00eda entre Altamira y Garz\u00f3n.<\/p>\n\n\n\n<p>El descubrimiento macabro tuvo lugar en la ruta 45 v\u00eda Altamira-Garz\u00f3n, donde el cuerpo de Granda yac\u00eda junto a su motocicleta, apuntando a un posible impacto vehicular. Autoridades del hospital San Vicente de Pa\u00fal, en Garz\u00f3n, confirmaron la identidad de la v\u00edctima, generando consternaci\u00f3n en la comunidad huilense.<\/p>\n\n\n<div class=\"wp-block-image\">\n<figure class=\"aligncenter size-full\"><img loading=\"lazy\" decoding=\"async\" width=\"1003\" height=\"552\" src=\"https:\/\/ardigitalnoticias.com\/wp-content\/uploads\/2023\/12\/Screenshot_20231224_181734_Facebook.png\" alt=\"\" class=\"wp-image-1419\" srcset=\"https:\/\/ardigitalnoticias.com\/wp-content\/uploads\/2023\/12\/Screenshot_20231224_181734_Facebook.png 1003w, https:\/\/ardigitalnoticias.com\/wp-content\/uploads\/2023\/12\/Screenshot_20231224_181734_Facebook-300x165.png 300w, https:\/\/ardigitalnoticias.com\/wp-content\/uploads\/2023\/12\/Screenshot_20231224_181734_Facebook-768x423.png 768w, https:\/\/ardigitalnoticias.com\/wp-content\/uploads\/2023\/12\/Screenshot_20231224_181734_Facebook-150x83.png 150w, https:\/\/ardigitalnoticias.com\/wp-content\/uploads\/2023\/12\/Screenshot_20231224_181734_Facebook-696x383.png 696w\" sizes=\"auto, (max-width: 1003px) 100vw, 1003px\" \/><\/figure>\n<\/div>\n\n\n<p>En estos momentos, las autoridades locales est\u00e1n llevando a cabo una exhaustiva investigaci\u00f3n para esclarecer las circunstancias del accidente y determinar responsabilidades. La fuga del causante del siniestro complica la resoluci\u00f3n de este caso que ha dejado un vac\u00edo no solo en la profesi\u00f3n de la topograf\u00eda, sino tambi\u00e9n en los corazones de aquellos que conoc\u00edan a Jorge Granda.<\/p>\n\n\n\n<p>La tragedia ha conmocionado a la comunidad local, que espera ansiosa por detalles adicionales que las autoridades puedan proporcionar en las pr\u00f3ximas horas.<\/p>\n\n\n\n<p>El cuerpo de Jorge, fue llevado a las instalaciones de Medicina Legal en el municipio de Garz\u00f3n.<\/p>\n\n\n<div class=\"wp-block-image\">\n<figure class=\"aligncenter size-large\"><img loading=\"lazy\" decoding=\"async\" width=\"1024\" height=\"759\" src=\"https:\/\/ardigitalnoticias.com\/wp-content\/uploads\/2023\/12\/FB_IMG_1703460602558-1024x759.jpg\" alt=\"\" class=\"wp-image-1420\" srcset=\"https:\/\/ardigitalnoticias.com\/wp-content\/uploads\/2023\/12\/FB_IMG_1703460602558-1024x759.jpg 1024w, https:\/\/ardigitalnoticias.com\/wp-content\/uploads\/2023\/12\/FB_IMG_1703460602558-300x223.jpg 300w, https:\/\/ardigitalnoticias.com\/wp-content\/uploads\/2023\/12\/FB_IMG_1703460602558-768x570.jpg 768w, https:\/\/ardigitalnoticias.com\/wp-content\/uploads\/2023\/12\/FB_IMG_1703460602558-150x111.jpg 150w, https:\/\/ardigitalnoticias.com\/wp-content\/uploads\/2023\/12\/FB_IMG_1703460602558-485x360.jpg 485w, https:\/\/ardigitalnoticias.com\/wp-content\/uploads\/2023\/12\/FB_IMG_1703460602558-696x516.jpg 696w, https:\/\/ardigitalnoticias.com\/wp-content\/uploads\/2023\/12\/FB_IMG_1703460602558-1068x792.jpg 1068w, https:\/\/ardigitalnoticias.com\/wp-content\/uploads\/2023\/12\/FB_IMG_1703460602558.jpg 1080w\" sizes=\"auto, (max-width: 1024px) 100vw, 1024px\" \/><\/figure>\n<\/div>","protected":false},"excerpt":{"rendered":"<p>En un fat\u00eddico episodio, Jorge Granda, destacado top\u00f3grafo oriundo de Acevedo y residente en Suaza, perdi\u00f3 la vida tras ser atropellado por un veh\u00edculo fantasma en la v\u00eda entre Altamira y Garz\u00f3n. El descubrimiento macabro tuvo lugar en la ruta 45 v\u00eda Altamira-Garz\u00f3n, donde el cuerpo de Granda yac\u00eda junto a su motocicleta, apuntando a [&hellip;]<\/p>\n","protected":false},"author":1,"featured_media":1421,"comment_status":"open","ping_status":"open","sticky":false,"template":"","format":"standard","meta":{"_acf_changed":false,"_joinchat":[],"footnotes":""},"categories":[20,19,28],"tags":[],"class_list":{"0":"post-1418","1":"post","2":"type-post","3":"status-publish","4":"format-standard","5":"has-post-thumbnail","7":"category-judicial","8":"category-regional","9":"category-sur"},"acf":[],"yoast_head":"<!-- This site is optimized with the Yoast SEO plugin v27.5 - https:\/\/yoast.com\/product\/yoast-seo-wordpress\/ -->\n<title>TR\u00c1GICO ACCIDENTE COBRA LA VIDA DE TOPOGRAFO ACEVEDUNO - AR Digital Noticias<\/title>\n<meta name=\"robots\" content=\"index, follow, max-snippet:-1, max-image-preview:large, max-video-preview:-1\" \/>\n<link rel=\"canonical\" href=\"https:\/\/ardigitalnoticias.com\/index.php\/2023\/12\/25\/tragico-accidente-cobra-la-vida-de-topografo-aceveduno\/\" \/>\n<meta property=\"og:locale\" content=\"es_ES\" \/>\n<meta property=\"og:type\" content=\"article\" \/>\n<meta property=\"og:title\" content=\"TR\u00c1GICO ACCIDENTE COBRA LA VIDA DE TOPOGRAFO ACEVEDUNO - AR Digital Noticias\" \/>\n<meta property=\"og:description\" content=\"En un fat\u00eddico episodio, Jorge Granda, destacado top\u00f3grafo oriundo de Acevedo y residente en Suaza, perdi\u00f3 la vida tras ser atropellado por un veh\u00edculo fantasma en la v\u00eda entre Altamira y Garz\u00f3n. El descubrimiento macabro tuvo lugar en la ruta 45 v\u00eda Altamira-Garz\u00f3n, donde el cuerpo de Granda yac\u00eda junto a su motocicleta, apuntando a [&hellip;]\" \/>\n<meta property=\"og:url\" content=\"https:\/\/ardigitalnoticias.com\/index.php\/2023\/12\/25\/tragico-accidente-cobra-la-vida-de-topografo-aceveduno\/\" \/>\n<meta property=\"og:site_name\" content=\"AR Digital Noticias\" \/>\n<meta property=\"article:published_time\" content=\"2023-12-25T14:24:33+00:00\" \/>\n<meta property=\"article:modified_time\" content=\"2023-12-25T14:24:34+00:00\" \/>\n<meta property=\"og:image\" content=\"https:\/\/ardigitalnoticias.com\/wp-content\/uploads\/2023\/12\/InShot_20231225_085810235-scaled.jpg\" \/>\n\t<meta property=\"og:image:width\" content=\"2560\" \/>\n\t<meta property=\"og:image:height\" content=\"1707\" \/>\n\t<meta property=\"og:image:type\" content=\"image\/jpeg\" \/>\n<meta name=\"author\" content=\"ardigitalnoticias.com\" \/>\n<meta name=\"twitter:card\" content=\"summary_large_image\" \/>\n<meta name=\"twitter:label1\" content=\"Escrito por\" \/>\n\t<meta name=\"twitter:data1\" content=\"ardigitalnoticias.com\" \/>\n\t<meta name=\"twitter:label2\" content=\"Tiempo de lectura\" \/>\n\t<meta name=\"twitter:data2\" content=\"2 minutos\" \/>\n<script type=\"application\/ld+json\" class=\"yoast-schema-graph\">{\"@context\":\"https:\\\/\\\/schema.org\",\"@graph\":[{\"@type\":\"Article\",\"@id\":\"https:\\\/\\\/ardigitalnoticias.com\\\/index.php\\\/2023\\\/12\\\/25\\\/tragico-accidente-cobra-la-vida-de-topografo-aceveduno\\\/#article\",\"isPartOf\":{\"@id\":\"https:\\\/\\\/ardigitalnoticias.com\\\/index.php\\\/2023\\\/12\\\/25\\\/tragico-accidente-cobra-la-vida-de-topografo-aceveduno\\\/\"},\"author\":{\"name\":\"ardigitalnoticias.com\",\"@id\":\"https:\\\/\\\/ardigitalnoticias.com\\\/#\\\/schema\\\/person\\\/4d6f832eb727144069aa5231406bee31\"},\"headline\":\"TR\u00c1GICO ACCIDENTE COBRA LA VIDA DE TOPOGRAFO ACEVEDUNO\",\"datePublished\":\"2023-12-25T14:24:33+00:00\",\"dateModified\":\"2023-12-25T14:24:34+00:00\",\"mainEntityOfPage\":{\"@id\":\"https:\\\/\\\/ardigitalnoticias.com\\\/index.php\\\/2023\\\/12\\\/25\\\/tragico-accidente-cobra-la-vida-de-topografo-aceveduno\\\/\"},\"wordCount\":209,\"commentCount\":0,\"publisher\":{\"@id\":\"https:\\\/\\\/ardigitalnoticias.com\\\/#organization\"},\"image\":{\"@id\":\"https:\\\/\\\/ardigitalnoticias.com\\\/index.php\\\/2023\\\/12\\\/25\\\/tragico-accidente-cobra-la-vida-de-topografo-aceveduno\\\/#primaryimage\"},\"thumbnailUrl\":\"https:\\\/\\\/ardigitalnoticias.com\\\/wp-content\\\/uploads\\\/2023\\\/12\\\/InShot_20231225_085810235-scaled.jpg\",\"articleSection\":[\"Judicial\",\"Regional\",\"Sur\"],\"inLanguage\":\"es\",\"potentialAction\":[{\"@type\":\"CommentAction\",\"name\":\"Comment\",\"target\":[\"https:\\\/\\\/ardigitalnoticias.com\\\/index.php\\\/2023\\\/12\\\/25\\\/tragico-accidente-cobra-la-vida-de-topografo-aceveduno\\\/#respond\"]}]},{\"@type\":\"WebPage\",\"@id\":\"https:\\\/\\\/ardigitalnoticias.com\\\/index.php\\\/2023\\\/12\\\/25\\\/tragico-accidente-cobra-la-vida-de-topografo-aceveduno\\\/\",\"url\":\"https:\\\/\\\/ardigitalnoticias.com\\\/index.php\\\/2023\\\/12\\\/25\\\/tragico-accidente-cobra-la-vida-de-topografo-aceveduno\\\/\",\"name\":\"TR\u00c1GICO ACCIDENTE COBRA LA VIDA DE TOPOGRAFO ACEVEDUNO - AR Digital Noticias\",\"isPartOf\":{\"@id\":\"https:\\\/\\\/ardigitalnoticias.com\\\/#website\"},\"primaryImageOfPage\":{\"@id\":\"https:\\\/\\\/ardigitalnoticias.com\\\/index.php\\\/2023\\\/12\\\/25\\\/tragico-accidente-cobra-la-vida-de-topografo-aceveduno\\\/#primaryimage\"},\"image\":{\"@id\":\"https:\\\/\\\/ardigitalnoticias.com\\\/index.php\\\/2023\\\/12\\\/25\\\/tragico-accidente-cobra-la-vida-de-topografo-aceveduno\\\/#primaryimage\"},\"thumbnailUrl\":\"https:\\\/\\\/ardigitalnoticias.com\\\/wp-content\\\/uploads\\\/2023\\\/12\\\/InShot_20231225_085810235-scaled.jpg\",\"datePublished\":\"2023-12-25T14:24:33+00:00\",\"dateModified\":\"2023-12-25T14:24:34+00:00\",\"breadcrumb\":{\"@id\":\"https:\\\/\\\/ardigitalnoticias.com\\\/index.php\\\/2023\\\/12\\\/25\\\/tragico-accidente-cobra-la-vida-de-topografo-aceveduno\\\/#breadcrumb\"},\"inLanguage\":\"es\",\"potentialAction\":[{\"@type\":\"ReadAction\",\"target\":[\"https:\\\/\\\/ardigitalnoticias.com\\\/index.php\\\/2023\\\/12\\\/25\\\/tragico-accidente-cobra-la-vida-de-topografo-aceveduno\\\/\"]}]},{\"@type\":\"ImageObject\",\"inLanguage\":\"es\",\"@id\":\"https:\\\/\\\/ardigitalnoticias.com\\\/index.php\\\/2023\\\/12\\\/25\\\/tragico-accidente-cobra-la-vida-de-topografo-aceveduno\\\/#primaryimage\",\"url\":\"https:\\\/\\\/ardigitalnoticias.com\\\/wp-content\\\/uploads\\\/2023\\\/12\\\/InShot_20231225_085810235-scaled.jpg\",\"contentUrl\":\"https:\\\/\\\/ardigitalnoticias.com\\\/wp-content\\\/uploads\\\/2023\\\/12\\\/InShot_20231225_085810235-scaled.jpg\",\"width\":2560,\"height\":1707},{\"@type\":\"BreadcrumbList\",\"@id\":\"https:\\\/\\\/ardigitalnoticias.com\\\/index.php\\\/2023\\\/12\\\/25\\\/tragico-accidente-cobra-la-vida-de-topografo-aceveduno\\\/#breadcrumb\",\"itemListElement\":[{\"@type\":\"ListItem\",\"position\":1,\"name\":\"Portada\",\"item\":\"https:\\\/\\\/ardigitalnoticias.com\\\/\"},{\"@type\":\"ListItem\",\"position\":2,\"name\":\"TR\u00c1GICO ACCIDENTE COBRA LA VIDA DE TOPOGRAFO ACEVEDUNO\"}]},{\"@type\":\"WebSite\",\"@id\":\"https:\\\/\\\/ardigitalnoticias.com\\\/#website\",\"url\":\"https:\\\/\\\/ardigitalnoticias.com\\\/\",\"name\":\"AR Digital Noticias\",\"description\":\"\",\"publisher\":{\"@id\":\"https:\\\/\\\/ardigitalnoticias.com\\\/#organization\"},\"potentialAction\":[{\"@type\":\"SearchAction\",\"target\":{\"@type\":\"EntryPoint\",\"urlTemplate\":\"https:\\\/\\\/ardigitalnoticias.com\\\/?s={search_term_string}\"},\"query-input\":{\"@type\":\"PropertyValueSpecification\",\"valueRequired\":true,\"valueName\":\"search_term_string\"}}],\"inLanguage\":\"es\"},{\"@type\":\"Organization\",\"@id\":\"https:\\\/\\\/ardigitalnoticias.com\\\/#organization\",\"name\":\"AR Digital Noticias\",\"url\":\"https:\\\/\\\/ardigitalnoticias.com\\\/\",\"logo\":{\"@type\":\"ImageObject\",\"inLanguage\":\"es\",\"@id\":\"https:\\\/\\\/ardigitalnoticias.com\\\/#\\\/schema\\\/logo\\\/image\\\/\",\"url\":\"https:\\\/\\\/ardigitalnoticias.com\\\/wp-content\\\/uploads\\\/2023\\\/11\\\/cropped-cropped-cropped-cropped-AR-Digital-Noticias-1.png\",\"contentUrl\":\"https:\\\/\\\/ardigitalnoticias.com\\\/wp-content\\\/uploads\\\/2023\\\/11\\\/cropped-cropped-cropped-cropped-AR-Digital-Noticias-1.png\",\"width\":972,\"height\":306,\"caption\":\"AR Digital Noticias\"},\"image\":{\"@id\":\"https:\\\/\\\/ardigitalnoticias.com\\\/#\\\/schema\\\/logo\\\/image\\\/\"}},{\"@type\":\"Person\",\"@id\":\"https:\\\/\\\/ardigitalnoticias.com\\\/#\\\/schema\\\/person\\\/4d6f832eb727144069aa5231406bee31\",\"name\":\"ardigitalnoticias.com\",\"image\":{\"@type\":\"ImageObject\",\"inLanguage\":\"es\",\"@id\":\"https:\\\/\\\/secure.gravatar.com\\\/avatar\\\/4777fdc30546e8e4ffc5a3fbcdaddaae052002d1d9cc417a1f9f76349f6f1ecd?s=96&d=mm&r=g\",\"url\":\"https:\\\/\\\/secure.gravatar.com\\\/avatar\\\/4777fdc30546e8e4ffc5a3fbcdaddaae052002d1d9cc417a1f9f76349f6f1ecd?s=96&d=mm&r=g\",\"contentUrl\":\"https:\\\/\\\/secure.gravatar.com\\\/avatar\\\/4777fdc30546e8e4ffc5a3fbcdaddaae052002d1d9cc417a1f9f76349f6f1ecd?s=96&d=mm&r=g\",\"caption\":\"ardigitalnoticias.com\"},\"sameAs\":[\"http:\\\/\\\/ardigitalnoticias.com\"],\"url\":\"https:\\\/\\\/ardigitalnoticias.com\\\/index.php\\\/author\\\/ardigitalnoticias-com\\\/\"}]}<\/script>\n<!-- \/ Yoast SEO plugin. -->","yoast_head_json":{"title":"TR\u00c1GICO ACCIDENTE COBRA LA VIDA DE TOPOGRAFO ACEVEDUNO - AR Digital Noticias","robots":{"index":"index","follow":"follow","max-snippet":"max-snippet:-1","max-image-preview":"max-image-preview:large","max-video-preview":"max-video-preview:-1"},"canonical":"https:\/\/ardigitalnoticias.com\/index.php\/2023\/12\/25\/tragico-accidente-cobra-la-vida-de-topografo-aceveduno\/","og_locale":"es_ES","og_type":"article","og_title":"TR\u00c1GICO ACCIDENTE COBRA LA VIDA DE TOPOGRAFO ACEVEDUNO - AR Digital Noticias","og_description":"En un fat\u00eddico episodio, Jorge Granda, destacado top\u00f3grafo oriundo de Acevedo y residente en Suaza, perdi\u00f3 la vida tras ser atropellado por un veh\u00edculo fantasma en la v\u00eda entre Altamira y Garz\u00f3n. El descubrimiento macabro tuvo lugar en la ruta 45 v\u00eda Altamira-Garz\u00f3n, donde el cuerpo de Granda yac\u00eda junto a su motocicleta, apuntando a [&hellip;]","og_url":"https:\/\/ardigitalnoticias.com\/index.php\/2023\/12\/25\/tragico-accidente-cobra-la-vida-de-topografo-aceveduno\/","og_site_name":"AR Digital Noticias","article_published_time":"2023-12-25T14:24:33+00:00","article_modified_time":"2023-12-25T14:24:34+00:00","og_image":[{"width":2560,"height":1707,"url":"https:\/\/ardigitalnoticias.com\/wp-content\/uploads\/2023\/12\/InShot_20231225_085810235-scaled.jpg","type":"image\/jpeg"}],"author":"ardigitalnoticias.com","twitter_card":"summary_large_image","twitter_misc":{"Escrito por":"ardigitalnoticias.com","Tiempo de lectura":"2 minutos"},"schema":{"@context":"https:\/\/schema.org","@graph":[{"@type":"Article","@id":"https:\/\/ardigitalnoticias.com\/index.php\/2023\/12\/25\/tragico-accidente-cobra-la-vida-de-topografo-aceveduno\/#article","isPartOf":{"@id":"https:\/\/ardigitalnoticias.com\/index.php\/2023\/12\/25\/tragico-accidente-cobra-la-vida-de-topografo-aceveduno\/"},"author":{"name":"ardigitalnoticias.com","@id":"https:\/\/ardigitalnoticias.com\/#\/schema\/person\/4d6f832eb727144069aa5231406bee31"},"headline":"TR\u00c1GICO ACCIDENTE COBRA LA VIDA DE TOPOGRAFO ACEVEDUNO","datePublished":"2023-12-25T14:24:33+00:00","dateModified":"2023-12-25T14:24:34+00:00","mainEntityOfPage":{"@id":"https:\/\/ardigitalnoticias.com\/index.php\/2023\/12\/25\/tragico-accidente-cobra-la-vida-de-topografo-aceveduno\/"},"wordCount":209,"commentCount":0,"publisher":{"@id":"https:\/\/ardigitalnoticias.com\/#organization"},"image":{"@id":"https:\/\/ardigitalnoticias.com\/index.php\/2023\/12\/25\/tragico-accidente-cobra-la-vida-de-topografo-aceveduno\/#primaryimage"},"thumbnailUrl":"https:\/\/ardigitalnoticias.com\/wp-content\/uploads\/2023\/12\/InShot_20231225_085810235-scaled.jpg","articleSection":["Judicial","Regional","Sur"],"inLanguage":"es","potentialAction":[{"@type":"CommentAction","name":"Comment","target":["https:\/\/ardigitalnoticias.com\/index.php\/2023\/12\/25\/tragico-accidente-cobra-la-vida-de-topografo-aceveduno\/#respond"]}]},{"@type":"WebPage","@id":"https:\/\/ardigitalnoticias.com\/index.php\/2023\/12\/25\/tragico-accidente-cobra-la-vida-de-topografo-aceveduno\/","url":"https:\/\/ardigitalnoticias.com\/index.php\/2023\/12\/25\/tragico-accidente-cobra-la-vida-de-topografo-aceveduno\/","name":"TR\u00c1GICO ACCIDENTE COBRA LA VIDA DE TOPOGRAFO ACEVEDUNO - AR Digital Noticias","isPartOf":{"@id":"https:\/\/ardigitalnoticias.com\/#website"},"primaryImageOfPage":{"@id":"https:\/\/ardigitalnoticias.com\/index.php\/2023\/12\/25\/tragico-accidente-cobra-la-vida-de-topografo-aceveduno\/#primaryimage"},"image":{"@id":"https:\/\/ardigitalnoticias.com\/index.php\/2023\/12\/25\/tragico-accidente-cobra-la-vida-de-topografo-aceveduno\/#primaryimage"},"thumbnailUrl":"https:\/\/ardigitalnoticias.com\/wp-content\/uploads\/2023\/12\/InShot_20231225_085810235-scaled.jpg","datePublished":"2023-12-25T14:24:33+00:00","dateModified":"2023-12-25T14:24:34+00:00","breadcrumb":{"@id":"https:\/\/ardigitalnoticias.com\/index.php\/2023\/12\/25\/tragico-accidente-cobra-la-vida-de-topografo-aceveduno\/#breadcrumb"},"inLanguage":"es","potentialAction":[{"@type":"ReadAction","target":["https:\/\/ardigitalnoticias.com\/index.php\/2023\/12\/25\/tragico-accidente-cobra-la-vida-de-topografo-aceveduno\/"]}]},{"@type":"ImageObject","inLanguage":"es","@id":"https:\/\/ardigitalnoticias.com\/index.php\/2023\/12\/25\/tragico-accidente-cobra-la-vida-de-topografo-aceveduno\/#primaryimage","url":"https:\/\/ardigitalnoticias.com\/wp-content\/uploads\/2023\/12\/InShot_20231225_085810235-scaled.jpg","contentUrl":"https:\/\/ardigitalnoticias.com\/wp-content\/uploads\/2023\/12\/InShot_20231225_085810235-scaled.jpg","width":2560,"height":1707},{"@type":"BreadcrumbList","@id":"https:\/\/ardigitalnoticias.com\/index.php\/2023\/12\/25\/tragico-accidente-cobra-la-vida-de-topografo-aceveduno\/#breadcrumb","itemListElement":[{"@type":"ListItem","position":1,"name":"Portada","item":"https:\/\/ardigitalnoticias.com\/"},{"@type":"ListItem","position":2,"name":"TR\u00c1GICO ACCIDENTE COBRA LA VIDA DE TOPOGRAFO ACEVEDUNO"}]},{"@type":"WebSite","@id":"https:\/\/ardigitalnoticias.com\/#website","url":"https:\/\/ardigitalnoticias.com\/","name":"AR Digital Noticias","description":"","publisher":{"@id":"https:\/\/ardigitalnoticias.com\/#organization"},"potentialAction":[{"@type":"SearchAction","target":{"@type":"EntryPoint","urlTemplate":"https:\/\/ardigitalnoticias.com\/?s={search_term_string}"},"query-input":{"@type":"PropertyValueSpecification","valueRequired":true,"valueName":"search_term_string"}}],"inLanguage":"es"},{"@type":"Organization","@id":"https:\/\/ardigitalnoticias.com\/#organization","name":"AR Digital Noticias","url":"https:\/\/ardigitalnoticias.com\/","logo":{"@type":"ImageObject","inLanguage":"es","@id":"https:\/\/ardigitalnoticias.com\/#\/schema\/logo\/image\/","url":"https:\/\/ardigitalnoticias.com\/wp-content\/uploads\/2023\/11\/cropped-cropped-cropped-cropped-AR-Digital-Noticias-1.png","contentUrl":"https:\/\/ardigitalnoticias.com\/wp-content\/uploads\/2023\/11\/cropped-cropped-cropped-cropped-AR-Digital-Noticias-1.png","width":972,"height":306,"caption":"AR Digital Noticias"},"image":{"@id":"https:\/\/ardigitalnoticias.com\/#\/schema\/logo\/image\/"}},{"@type":"Person","@id":"https:\/\/ardigitalnoticias.com\/#\/schema\/person\/4d6f832eb727144069aa5231406bee31","name":"ardigitalnoticias.com","image":{"@type":"ImageObject","inLanguage":"es","@id":"https:\/\/secure.gravatar.com\/avatar\/4777fdc30546e8e4ffc5a3fbcdaddaae052002d1d9cc417a1f9f76349f6f1ecd?s=96&d=mm&r=g","url":"https:\/\/secure.gravatar.com\/avatar\/4777fdc30546e8e4ffc5a3fbcdaddaae052002d1d9cc417a1f9f76349f6f1ecd?s=96&d=mm&r=g","contentUrl":"https:\/\/secure.gravatar.com\/avatar\/4777fdc30546e8e4ffc5a3fbcdaddaae052002d1d9cc417a1f9f76349f6f1ecd?s=96&d=mm&r=g","caption":"ardigitalnoticias.com"},"sameAs":["http:\/\/ardigitalnoticias.com"],"url":"https:\/\/ardigitalnoticias.com\/index.php\/author\/ardigitalnoticias-com\/"}]}},"_links":{"self":[{"href":"https:\/\/ardigitalnoticias.com\/index.php\/wp-json\/wp\/v2\/posts\/1418","targetHints":{"allow":["GET"]}}],"collection":[{"href":"https:\/\/ardigitalnoticias.com\/index.php\/wp-json\/wp\/v2\/posts"}],"about":[{"href":"https:\/\/ardigitalnoticias.com\/index.php\/wp-json\/wp\/v2\/types\/post"}],"author":[{"embeddable":true,"href":"https:\/\/ardigitalnoticias.com\/index.php\/wp-json\/wp\/v2\/users\/1"}],"replies":[{"embeddable":true,"href":"https:\/\/ardigitalnoticias.com\/index.php\/wp-json\/wp\/v2\/comments?post=1418"}],"version-history":[{"count":1,"href":"https:\/\/ardigitalnoticias.com\/index.php\/wp-json\/wp\/v2\/posts\/1418\/revisions"}],"predecessor-version":[{"id":1422,"href":"https:\/\/ardigitalnoticias.com\/index.php\/wp-json\/wp\/v2\/posts\/1418\/revisions\/1422"}],"wp:featuredmedia":[{"embeddable":true,"href":"https:\/\/ardigitalnoticias.com\/index.php\/wp-json\/wp\/v2\/media\/1421"}],"wp:attachment":[{"href":"https:\/\/ardigitalnoticias.com\/index.php\/wp-json\/wp\/v2\/media?parent=1418"}],"wp:term":[{"taxonomy":"category","embeddable":true,"href":"https:\/\/ardigitalnoticias.com\/index.php\/wp-json\/wp\/v2\/categories?post=1418"},{"taxonomy":"post_tag","embeddable":true,"href":"https:\/\/ardigitalnoticias.com\/index.php\/wp-json\/wp\/v2\/tags?post=1418"}],"curies":[{"name":"wp","href":"https:\/\/api.w.org\/{rel}","templated":true}]}}