{"id":1204,"date":"2023-12-17T07:51:00","date_gmt":"2023-12-17T12:51:00","guid":{"rendered":"https:\/\/ardigitalnoticias.com\/?p=1204"},"modified":"2023-12-18T17:12:47","modified_gmt":"2023-12-18T22:12:47","slug":"velaton-en-el-barrio-santa-isabel-homenaje-emotivo-a-las-victimas-del-tragico-incendio-en-neiva-huila","status":"publish","type":"post","link":"https:\/\/ardigitalnoticias.com\/index.php\/2023\/12\/17\/velaton-en-el-barrio-santa-isabel-homenaje-emotivo-a-las-victimas-del-tragico-incendio-en-neiva-huila\/","title":{"rendered":"VELAT\u00d3N EN EL BARRIO SANTA ISABEL, HOMENAJE EMOTIVO A LAS V\u00cdCTIMAS DEL TR\u00c1GICO INCENDIO EN NEIVA, HUILA"},"content":{"rendered":"\n<p>La oscura noche en el barrio Santa Isabel, al sur de Neiva, se ilumin\u00f3 con velas encendidas y corazones compungidos mientras la comunidad se un\u00eda en una emotiva velat\u00f3n.<\/p>\n\n\n\n<p>Este acto conmovedor sirvi\u00f3 como tributo a las ocho almas que perdieron la vida en el desgarrador incendio que asol\u00f3 la madrugada del viernes anterior. Familias enteras, vecinos y amigos se congregaron para expresar su solidaridad, compartiendo el pesar colectivo que ha dejado una profunda huella en la ciudad.<\/p>\n\n\n\n<p>Detr\u00e1s de las llamas que consumieron hogares y vidas, emerge un relato humano de ilusiones, sue\u00f1os y metas truncadas. Las v\u00edctimas, seres llenos de esperanza y aspiraciones, se convierten en el centro de este homenaje, record\u00e1ndonos la fragilidad de la existencia y la importancia de la solidaridad comunitaria en tiempos de adversidad. La velat\u00f3n no solo fue un tributo a los ca\u00eddos, sino tambi\u00e9n un recordatorio de la fortaleza que puede surgir de la uni\u00f3n en momentos dif\u00edciles.<\/p>\n\n\n\n<figure class=\"wp-block-gallery has-nested-images columns-default is-cropped wp-block-gallery-1 is-layout-flex wp-block-gallery-is-layout-flex\">\n<figure class=\"wp-block-image size-large\"><img loading=\"lazy\" decoding=\"async\" width=\"768\" height=\"960\" data-id=\"1206\" src=\"https:\/\/ardigitalnoticias.com\/wp-content\/uploads\/2023\/12\/412084847_754808886667309_560908398445984102_n.jpg\" alt=\"\" class=\"wp-image-1206\" srcset=\"https:\/\/ardigitalnoticias.com\/wp-content\/uploads\/2023\/12\/412084847_754808886667309_560908398445984102_n.jpg 768w, https:\/\/ardigitalnoticias.com\/wp-content\/uploads\/2023\/12\/412084847_754808886667309_560908398445984102_n-240x300.jpg 240w, https:\/\/ardigitalnoticias.com\/wp-content\/uploads\/2023\/12\/412084847_754808886667309_560908398445984102_n-10x12.jpg 10w, https:\/\/ardigitalnoticias.com\/wp-content\/uploads\/2023\/12\/412084847_754808886667309_560908398445984102_n-150x188.jpg 150w, https:\/\/ardigitalnoticias.com\/wp-content\/uploads\/2023\/12\/412084847_754808886667309_560908398445984102_n-300x375.jpg 300w, https:\/\/ardigitalnoticias.com\/wp-content\/uploads\/2023\/12\/412084847_754808886667309_560908398445984102_n-696x870.jpg 696w\" sizes=\"auto, (max-width: 768px) 100vw, 768px\" \/><\/figure>\n\n\n\n<figure class=\"wp-block-image size-large\"><img loading=\"lazy\" decoding=\"async\" width=\"810\" height=\"810\" data-id=\"1205\" src=\"https:\/\/ardigitalnoticias.com\/wp-content\/uploads\/2023\/12\/412275178_754808833333981_1599364452116844881_n.jpg\" alt=\"\" class=\"wp-image-1205\" srcset=\"https:\/\/ardigitalnoticias.com\/wp-content\/uploads\/2023\/12\/412275178_754808833333981_1599364452116844881_n.jpg 810w, https:\/\/ardigitalnoticias.com\/wp-content\/uploads\/2023\/12\/412275178_754808833333981_1599364452116844881_n-300x300.jpg 300w, https:\/\/ardigitalnoticias.com\/wp-content\/uploads\/2023\/12\/412275178_754808833333981_1599364452116844881_n-150x150.jpg 150w, https:\/\/ardigitalnoticias.com\/wp-content\/uploads\/2023\/12\/412275178_754808833333981_1599364452116844881_n-768x768.jpg 768w, https:\/\/ardigitalnoticias.com\/wp-content\/uploads\/2023\/12\/412275178_754808833333981_1599364452116844881_n-12x12.jpg 12w, https:\/\/ardigitalnoticias.com\/wp-content\/uploads\/2023\/12\/412275178_754808833333981_1599364452116844881_n-696x696.jpg 696w\" sizes=\"auto, (max-width: 810px) 100vw, 810px\" \/><\/figure>\n<\/figure>\n","protected":false},"excerpt":{"rendered":"<p>La oscura noche en el barrio Santa Isabel, al sur de Neiva, se ilumin\u00f3 con velas encendidas y corazones compungidos mientras la comunidad se un\u00eda en una emotiva velat\u00f3n. Este acto conmovedor sirvi\u00f3 como tributo a las ocho almas que perdieron la vida en el desgarrador incendio que asol\u00f3 la madrugada del viernes anterior. Familias [&hellip;]<\/p>\n","protected":false},"author":1,"featured_media":1207,"comment_status":"open","ping_status":"open","sticky":false,"template":"","format":"standard","meta":{"_acf_changed":false,"_joinchat":[],"footnotes":""},"categories":[1,26],"tags":[],"class_list":{"0":"post-1204","1":"post","2":"type-post","3":"status-publish","4":"format-standard","5":"has-post-thumbnail","7":"category-actualidad","8":"category-norte"},"acf":[],"yoast_head":"<!-- This site is optimized with the Yoast SEO plugin v27.5 - https:\/\/yoast.com\/product\/yoast-seo-wordpress\/ -->\n<title>VELAT\u00d3N EN EL BARRIO SANTA ISABEL, HOMENAJE EMOTIVO A LAS V\u00cdCTIMAS DEL TR\u00c1GICO INCENDIO EN NEIVA, HUILA - AR Digital Noticias<\/title>\n<meta name=\"robots\" content=\"index, follow, max-snippet:-1, max-image-preview:large, max-video-preview:-1\" \/>\n<link rel=\"canonical\" href=\"https:\/\/ardigitalnoticias.com\/index.php\/2023\/12\/17\/velaton-en-el-barrio-santa-isabel-homenaje-emotivo-a-las-victimas-del-tragico-incendio-en-neiva-huila\/\" \/>\n<meta property=\"og:locale\" content=\"es_ES\" \/>\n<meta property=\"og:type\" content=\"article\" \/>\n<meta property=\"og:title\" content=\"VELAT\u00d3N EN EL BARRIO SANTA ISABEL, HOMENAJE EMOTIVO A LAS V\u00cdCTIMAS DEL TR\u00c1GICO INCENDIO EN NEIVA, HUILA - AR Digital Noticias\" \/>\n<meta property=\"og:description\" content=\"La oscura noche en el barrio Santa Isabel, al sur de Neiva, se ilumin\u00f3 con velas encendidas y corazones compungidos mientras la comunidad se un\u00eda en una emotiva velat\u00f3n. Este acto conmovedor sirvi\u00f3 como tributo a las ocho almas que perdieron la vida en el desgarrador incendio que asol\u00f3 la madrugada del viernes anterior. Familias [&hellip;]\" \/>\n<meta property=\"og:url\" content=\"https:\/\/ardigitalnoticias.com\/index.php\/2023\/12\/17\/velaton-en-el-barrio-santa-isabel-homenaje-emotivo-a-las-victimas-del-tragico-incendio-en-neiva-huila\/\" \/>\n<meta property=\"og:site_name\" content=\"AR Digital Noticias\" \/>\n<meta property=\"article:published_time\" content=\"2023-12-17T12:51:00+00:00\" \/>\n<meta property=\"article:modified_time\" content=\"2023-12-18T22:12:47+00:00\" \/>\n<meta property=\"og:image\" content=\"https:\/\/ardigitalnoticias.com\/wp-content\/uploads\/2023\/12\/411459916_754809173333947_1656815497338512329_n.jpg\" \/>\n\t<meta property=\"og:image:width\" content=\"2048\" \/>\n\t<meta property=\"og:image:height\" content=\"1227\" \/>\n\t<meta property=\"og:image:type\" content=\"image\/jpeg\" \/>\n<meta name=\"author\" content=\"ardigitalnoticias.com\" \/>\n<meta name=\"twitter:card\" content=\"summary_large_image\" \/>\n<meta name=\"twitter:label1\" content=\"Escrito por\" \/>\n\t<meta name=\"twitter:data1\" content=\"ardigitalnoticias.com\" \/>\n\t<meta name=\"twitter:label2\" content=\"Tiempo de lectura\" \/>\n\t<meta name=\"twitter:data2\" content=\"2 minutos\" \/>\n<script type=\"application\/ld+json\" class=\"yoast-schema-graph\">{\"@context\":\"https:\\\/\\\/schema.org\",\"@graph\":[{\"@type\":\"Article\",\"@id\":\"https:\\\/\\\/ardigitalnoticias.com\\\/index.php\\\/2023\\\/12\\\/17\\\/velaton-en-el-barrio-santa-isabel-homenaje-emotivo-a-las-victimas-del-tragico-incendio-en-neiva-huila\\\/#article\",\"isPartOf\":{\"@id\":\"https:\\\/\\\/ardigitalnoticias.com\\\/index.php\\\/2023\\\/12\\\/17\\\/velaton-en-el-barrio-santa-isabel-homenaje-emotivo-a-las-victimas-del-tragico-incendio-en-neiva-huila\\\/\"},\"author\":{\"name\":\"ardigitalnoticias.com\",\"@id\":\"https:\\\/\\\/ardigitalnoticias.com\\\/#\\\/schema\\\/person\\\/4d6f832eb727144069aa5231406bee31\"},\"headline\":\"VELAT\u00d3N EN EL BARRIO SANTA ISABEL, HOMENAJE EMOTIVO A LAS V\u00cdCTIMAS DEL TR\u00c1GICO INCENDIO EN NEIVA, HUILA\",\"datePublished\":\"2023-12-17T12:51:00+00:00\",\"dateModified\":\"2023-12-18T22:12:47+00:00\",\"mainEntityOfPage\":{\"@id\":\"https:\\\/\\\/ardigitalnoticias.com\\\/index.php\\\/2023\\\/12\\\/17\\\/velaton-en-el-barrio-santa-isabel-homenaje-emotivo-a-las-victimas-del-tragico-incendio-en-neiva-huila\\\/\"},\"wordCount\":187,\"commentCount\":0,\"publisher\":{\"@id\":\"https:\\\/\\\/ardigitalnoticias.com\\\/#organization\"},\"image\":{\"@id\":\"https:\\\/\\\/ardigitalnoticias.com\\\/index.php\\\/2023\\\/12\\\/17\\\/velaton-en-el-barrio-santa-isabel-homenaje-emotivo-a-las-victimas-del-tragico-incendio-en-neiva-huila\\\/#primaryimage\"},\"thumbnailUrl\":\"https:\\\/\\\/ardigitalnoticias.com\\\/wp-content\\\/uploads\\\/2023\\\/12\\\/411459916_754809173333947_1656815497338512329_n.jpg\",\"articleSection\":[\"Actualidad\",\"Norte\"],\"inLanguage\":\"es\",\"potentialAction\":[{\"@type\":\"CommentAction\",\"name\":\"Comment\",\"target\":[\"https:\\\/\\\/ardigitalnoticias.com\\\/index.php\\\/2023\\\/12\\\/17\\\/velaton-en-el-barrio-santa-isabel-homenaje-emotivo-a-las-victimas-del-tragico-incendio-en-neiva-huila\\\/#respond\"]}]},{\"@type\":\"WebPage\",\"@id\":\"https:\\\/\\\/ardigitalnoticias.com\\\/index.php\\\/2023\\\/12\\\/17\\\/velaton-en-el-barrio-santa-isabel-homenaje-emotivo-a-las-victimas-del-tragico-incendio-en-neiva-huila\\\/\",\"url\":\"https:\\\/\\\/ardigitalnoticias.com\\\/index.php\\\/2023\\\/12\\\/17\\\/velaton-en-el-barrio-santa-isabel-homenaje-emotivo-a-las-victimas-del-tragico-incendio-en-neiva-huila\\\/\",\"name\":\"VELAT\u00d3N EN EL BARRIO SANTA ISABEL, HOMENAJE EMOTIVO A LAS V\u00cdCTIMAS DEL TR\u00c1GICO INCENDIO EN NEIVA, HUILA - AR Digital Noticias\",\"isPartOf\":{\"@id\":\"https:\\\/\\\/ardigitalnoticias.com\\\/#website\"},\"primaryImageOfPage\":{\"@id\":\"https:\\\/\\\/ardigitalnoticias.com\\\/index.php\\\/2023\\\/12\\\/17\\\/velaton-en-el-barrio-santa-isabel-homenaje-emotivo-a-las-victimas-del-tragico-incendio-en-neiva-huila\\\/#primaryimage\"},\"image\":{\"@id\":\"https:\\\/\\\/ardigitalnoticias.com\\\/index.php\\\/2023\\\/12\\\/17\\\/velaton-en-el-barrio-santa-isabel-homenaje-emotivo-a-las-victimas-del-tragico-incendio-en-neiva-huila\\\/#primaryimage\"},\"thumbnailUrl\":\"https:\\\/\\\/ardigitalnoticias.com\\\/wp-content\\\/uploads\\\/2023\\\/12\\\/411459916_754809173333947_1656815497338512329_n.jpg\",\"datePublished\":\"2023-12-17T12:51:00+00:00\",\"dateModified\":\"2023-12-18T22:12:47+00:00\",\"breadcrumb\":{\"@id\":\"https:\\\/\\\/ardigitalnoticias.com\\\/index.php\\\/2023\\\/12\\\/17\\\/velaton-en-el-barrio-santa-isabel-homenaje-emotivo-a-las-victimas-del-tragico-incendio-en-neiva-huila\\\/#breadcrumb\"},\"inLanguage\":\"es\",\"potentialAction\":[{\"@type\":\"ReadAction\",\"target\":[\"https:\\\/\\\/ardigitalnoticias.com\\\/index.php\\\/2023\\\/12\\\/17\\\/velaton-en-el-barrio-santa-isabel-homenaje-emotivo-a-las-victimas-del-tragico-incendio-en-neiva-huila\\\/\"]}]},{\"@type\":\"ImageObject\",\"inLanguage\":\"es\",\"@id\":\"https:\\\/\\\/ardigitalnoticias.com\\\/index.php\\\/2023\\\/12\\\/17\\\/velaton-en-el-barrio-santa-isabel-homenaje-emotivo-a-las-victimas-del-tragico-incendio-en-neiva-huila\\\/#primaryimage\",\"url\":\"https:\\\/\\\/ardigitalnoticias.com\\\/wp-content\\\/uploads\\\/2023\\\/12\\\/411459916_754809173333947_1656815497338512329_n.jpg\",\"contentUrl\":\"https:\\\/\\\/ardigitalnoticias.com\\\/wp-content\\\/uploads\\\/2023\\\/12\\\/411459916_754809173333947_1656815497338512329_n.jpg\",\"width\":2048,\"height\":1227},{\"@type\":\"BreadcrumbList\",\"@id\":\"https:\\\/\\\/ardigitalnoticias.com\\\/index.php\\\/2023\\\/12\\\/17\\\/velaton-en-el-barrio-santa-isabel-homenaje-emotivo-a-las-victimas-del-tragico-incendio-en-neiva-huila\\\/#breadcrumb\",\"itemListElement\":[{\"@type\":\"ListItem\",\"position\":1,\"name\":\"Portada\",\"item\":\"https:\\\/\\\/ardigitalnoticias.com\\\/\"},{\"@type\":\"ListItem\",\"position\":2,\"name\":\"VELAT\u00d3N EN EL BARRIO SANTA ISABEL, HOMENAJE EMOTIVO A LAS V\u00cdCTIMAS DEL TR\u00c1GICO INCENDIO EN NEIVA, HUILA\"}]},{\"@type\":\"WebSite\",\"@id\":\"https:\\\/\\\/ardigitalnoticias.com\\\/#website\",\"url\":\"https:\\\/\\\/ardigitalnoticias.com\\\/\",\"name\":\"AR Digital Noticias\",\"description\":\"\",\"publisher\":{\"@id\":\"https:\\\/\\\/ardigitalnoticias.com\\\/#organization\"},\"potentialAction\":[{\"@type\":\"SearchAction\",\"target\":{\"@type\":\"EntryPoint\",\"urlTemplate\":\"https:\\\/\\\/ardigitalnoticias.com\\\/?s={search_term_string}\"},\"query-input\":{\"@type\":\"PropertyValueSpecification\",\"valueRequired\":true,\"valueName\":\"search_term_string\"}}],\"inLanguage\":\"es\"},{\"@type\":\"Organization\",\"@id\":\"https:\\\/\\\/ardigitalnoticias.com\\\/#organization\",\"name\":\"AR Digital Noticias\",\"url\":\"https:\\\/\\\/ardigitalnoticias.com\\\/\",\"logo\":{\"@type\":\"ImageObject\",\"inLanguage\":\"es\",\"@id\":\"https:\\\/\\\/ardigitalnoticias.com\\\/#\\\/schema\\\/logo\\\/image\\\/\",\"url\":\"https:\\\/\\\/ardigitalnoticias.com\\\/wp-content\\\/uploads\\\/2023\\\/11\\\/cropped-cropped-cropped-cropped-AR-Digital-Noticias-1.png\",\"contentUrl\":\"https:\\\/\\\/ardigitalnoticias.com\\\/wp-content\\\/uploads\\\/2023\\\/11\\\/cropped-cropped-cropped-cropped-AR-Digital-Noticias-1.png\",\"width\":972,\"height\":306,\"caption\":\"AR Digital Noticias\"},\"image\":{\"@id\":\"https:\\\/\\\/ardigitalnoticias.com\\\/#\\\/schema\\\/logo\\\/image\\\/\"}},{\"@type\":\"Person\",\"@id\":\"https:\\\/\\\/ardigitalnoticias.com\\\/#\\\/schema\\\/person\\\/4d6f832eb727144069aa5231406bee31\",\"name\":\"ardigitalnoticias.com\",\"image\":{\"@type\":\"ImageObject\",\"inLanguage\":\"es\",\"@id\":\"https:\\\/\\\/secure.gravatar.com\\\/avatar\\\/4777fdc30546e8e4ffc5a3fbcdaddaae052002d1d9cc417a1f9f76349f6f1ecd?s=96&d=mm&r=g\",\"url\":\"https:\\\/\\\/secure.gravatar.com\\\/avatar\\\/4777fdc30546e8e4ffc5a3fbcdaddaae052002d1d9cc417a1f9f76349f6f1ecd?s=96&d=mm&r=g\",\"contentUrl\":\"https:\\\/\\\/secure.gravatar.com\\\/avatar\\\/4777fdc30546e8e4ffc5a3fbcdaddaae052002d1d9cc417a1f9f76349f6f1ecd?s=96&d=mm&r=g\",\"caption\":\"ardigitalnoticias.com\"},\"sameAs\":[\"http:\\\/\\\/ardigitalnoticias.com\"],\"url\":\"https:\\\/\\\/ardigitalnoticias.com\\\/index.php\\\/author\\\/ardigitalnoticias-com\\\/\"}]}<\/script>\n<!-- \/ Yoast SEO plugin. -->","yoast_head_json":{"title":"VELAT\u00d3N EN EL BARRIO SANTA ISABEL, HOMENAJE EMOTIVO A LAS V\u00cdCTIMAS DEL TR\u00c1GICO INCENDIO EN NEIVA, HUILA - AR Digital Noticias","robots":{"index":"index","follow":"follow","max-snippet":"max-snippet:-1","max-image-preview":"max-image-preview:large","max-video-preview":"max-video-preview:-1"},"canonical":"https:\/\/ardigitalnoticias.com\/index.php\/2023\/12\/17\/velaton-en-el-barrio-santa-isabel-homenaje-emotivo-a-las-victimas-del-tragico-incendio-en-neiva-huila\/","og_locale":"es_ES","og_type":"article","og_title":"VELAT\u00d3N EN EL BARRIO SANTA ISABEL, HOMENAJE EMOTIVO A LAS V\u00cdCTIMAS DEL TR\u00c1GICO INCENDIO EN NEIVA, HUILA - AR Digital Noticias","og_description":"La oscura noche en el barrio Santa Isabel, al sur de Neiva, se ilumin\u00f3 con velas encendidas y corazones compungidos mientras la comunidad se un\u00eda en una emotiva velat\u00f3n. Este acto conmovedor sirvi\u00f3 como tributo a las ocho almas que perdieron la vida en el desgarrador incendio que asol\u00f3 la madrugada del viernes anterior. Familias [&hellip;]","og_url":"https:\/\/ardigitalnoticias.com\/index.php\/2023\/12\/17\/velaton-en-el-barrio-santa-isabel-homenaje-emotivo-a-las-victimas-del-tragico-incendio-en-neiva-huila\/","og_site_name":"AR Digital Noticias","article_published_time":"2023-12-17T12:51:00+00:00","article_modified_time":"2023-12-18T22:12:47+00:00","og_image":[{"width":2048,"height":1227,"url":"https:\/\/ardigitalnoticias.com\/wp-content\/uploads\/2023\/12\/411459916_754809173333947_1656815497338512329_n.jpg","type":"image\/jpeg"}],"author":"ardigitalnoticias.com","twitter_card":"summary_large_image","twitter_misc":{"Escrito por":"ardigitalnoticias.com","Tiempo de lectura":"2 minutos"},"schema":{"@context":"https:\/\/schema.org","@graph":[{"@type":"Article","@id":"https:\/\/ardigitalnoticias.com\/index.php\/2023\/12\/17\/velaton-en-el-barrio-santa-isabel-homenaje-emotivo-a-las-victimas-del-tragico-incendio-en-neiva-huila\/#article","isPartOf":{"@id":"https:\/\/ardigitalnoticias.com\/index.php\/2023\/12\/17\/velaton-en-el-barrio-santa-isabel-homenaje-emotivo-a-las-victimas-del-tragico-incendio-en-neiva-huila\/"},"author":{"name":"ardigitalnoticias.com","@id":"https:\/\/ardigitalnoticias.com\/#\/schema\/person\/4d6f832eb727144069aa5231406bee31"},"headline":"VELAT\u00d3N EN EL BARRIO SANTA ISABEL, HOMENAJE EMOTIVO A LAS V\u00cdCTIMAS DEL TR\u00c1GICO INCENDIO EN NEIVA, HUILA","datePublished":"2023-12-17T12:51:00+00:00","dateModified":"2023-12-18T22:12:47+00:00","mainEntityOfPage":{"@id":"https:\/\/ardigitalnoticias.com\/index.php\/2023\/12\/17\/velaton-en-el-barrio-santa-isabel-homenaje-emotivo-a-las-victimas-del-tragico-incendio-en-neiva-huila\/"},"wordCount":187,"commentCount":0,"publisher":{"@id":"https:\/\/ardigitalnoticias.com\/#organization"},"image":{"@id":"https:\/\/ardigitalnoticias.com\/index.php\/2023\/12\/17\/velaton-en-el-barrio-santa-isabel-homenaje-emotivo-a-las-victimas-del-tragico-incendio-en-neiva-huila\/#primaryimage"},"thumbnailUrl":"https:\/\/ardigitalnoticias.com\/wp-content\/uploads\/2023\/12\/411459916_754809173333947_1656815497338512329_n.jpg","articleSection":["Actualidad","Norte"],"inLanguage":"es","potentialAction":[{"@type":"CommentAction","name":"Comment","target":["https:\/\/ardigitalnoticias.com\/index.php\/2023\/12\/17\/velaton-en-el-barrio-santa-isabel-homenaje-emotivo-a-las-victimas-del-tragico-incendio-en-neiva-huila\/#respond"]}]},{"@type":"WebPage","@id":"https:\/\/ardigitalnoticias.com\/index.php\/2023\/12\/17\/velaton-en-el-barrio-santa-isabel-homenaje-emotivo-a-las-victimas-del-tragico-incendio-en-neiva-huila\/","url":"https:\/\/ardigitalnoticias.com\/index.php\/2023\/12\/17\/velaton-en-el-barrio-santa-isabel-homenaje-emotivo-a-las-victimas-del-tragico-incendio-en-neiva-huila\/","name":"VELAT\u00d3N EN EL BARRIO SANTA ISABEL, HOMENAJE EMOTIVO A LAS V\u00cdCTIMAS DEL TR\u00c1GICO INCENDIO EN NEIVA, HUILA - AR Digital Noticias","isPartOf":{"@id":"https:\/\/ardigitalnoticias.com\/#website"},"primaryImageOfPage":{"@id":"https:\/\/ardigitalnoticias.com\/index.php\/2023\/12\/17\/velaton-en-el-barrio-santa-isabel-homenaje-emotivo-a-las-victimas-del-tragico-incendio-en-neiva-huila\/#primaryimage"},"image":{"@id":"https:\/\/ardigitalnoticias.com\/index.php\/2023\/12\/17\/velaton-en-el-barrio-santa-isabel-homenaje-emotivo-a-las-victimas-del-tragico-incendio-en-neiva-huila\/#primaryimage"},"thumbnailUrl":"https:\/\/ardigitalnoticias.com\/wp-content\/uploads\/2023\/12\/411459916_754809173333947_1656815497338512329_n.jpg","datePublished":"2023-12-17T12:51:00+00:00","dateModified":"2023-12-18T22:12:47+00:00","breadcrumb":{"@id":"https:\/\/ardigitalnoticias.com\/index.php\/2023\/12\/17\/velaton-en-el-barrio-santa-isabel-homenaje-emotivo-a-las-victimas-del-tragico-incendio-en-neiva-huila\/#breadcrumb"},"inLanguage":"es","potentialAction":[{"@type":"ReadAction","target":["https:\/\/ardigitalnoticias.com\/index.php\/2023\/12\/17\/velaton-en-el-barrio-santa-isabel-homenaje-emotivo-a-las-victimas-del-tragico-incendio-en-neiva-huila\/"]}]},{"@type":"ImageObject","inLanguage":"es","@id":"https:\/\/ardigitalnoticias.com\/index.php\/2023\/12\/17\/velaton-en-el-barrio-santa-isabel-homenaje-emotivo-a-las-victimas-del-tragico-incendio-en-neiva-huila\/#primaryimage","url":"https:\/\/ardigitalnoticias.com\/wp-content\/uploads\/2023\/12\/411459916_754809173333947_1656815497338512329_n.jpg","contentUrl":"https:\/\/ardigitalnoticias.com\/wp-content\/uploads\/2023\/12\/411459916_754809173333947_1656815497338512329_n.jpg","width":2048,"height":1227},{"@type":"BreadcrumbList","@id":"https:\/\/ardigitalnoticias.com\/index.php\/2023\/12\/17\/velaton-en-el-barrio-santa-isabel-homenaje-emotivo-a-las-victimas-del-tragico-incendio-en-neiva-huila\/#breadcrumb","itemListElement":[{"@type":"ListItem","position":1,"name":"Portada","item":"https:\/\/ardigitalnoticias.com\/"},{"@type":"ListItem","position":2,"name":"VELAT\u00d3N EN EL BARRIO SANTA ISABEL, HOMENAJE EMOTIVO A LAS V\u00cdCTIMAS DEL TR\u00c1GICO INCENDIO EN NEIVA, HUILA"}]},{"@type":"WebSite","@id":"https:\/\/ardigitalnoticias.com\/#website","url":"https:\/\/ardigitalnoticias.com\/","name":"AR Digital Noticias","description":"","publisher":{"@id":"https:\/\/ardigitalnoticias.com\/#organization"},"potentialAction":[{"@type":"SearchAction","target":{"@type":"EntryPoint","urlTemplate":"https:\/\/ardigitalnoticias.com\/?s={search_term_string}"},"query-input":{"@type":"PropertyValueSpecification","valueRequired":true,"valueName":"search_term_string"}}],"inLanguage":"es"},{"@type":"Organization","@id":"https:\/\/ardigitalnoticias.com\/#organization","name":"AR Digital Noticias","url":"https:\/\/ardigitalnoticias.com\/","logo":{"@type":"ImageObject","inLanguage":"es","@id":"https:\/\/ardigitalnoticias.com\/#\/schema\/logo\/image\/","url":"https:\/\/ardigitalnoticias.com\/wp-content\/uploads\/2023\/11\/cropped-cropped-cropped-cropped-AR-Digital-Noticias-1.png","contentUrl":"https:\/\/ardigitalnoticias.com\/wp-content\/uploads\/2023\/11\/cropped-cropped-cropped-cropped-AR-Digital-Noticias-1.png","width":972,"height":306,"caption":"AR Digital Noticias"},"image":{"@id":"https:\/\/ardigitalnoticias.com\/#\/schema\/logo\/image\/"}},{"@type":"Person","@id":"https:\/\/ardigitalnoticias.com\/#\/schema\/person\/4d6f832eb727144069aa5231406bee31","name":"ardigitalnoticias.com","image":{"@type":"ImageObject","inLanguage":"es","@id":"https:\/\/secure.gravatar.com\/avatar\/4777fdc30546e8e4ffc5a3fbcdaddaae052002d1d9cc417a1f9f76349f6f1ecd?s=96&d=mm&r=g","url":"https:\/\/secure.gravatar.com\/avatar\/4777fdc30546e8e4ffc5a3fbcdaddaae052002d1d9cc417a1f9f76349f6f1ecd?s=96&d=mm&r=g","contentUrl":"https:\/\/secure.gravatar.com\/avatar\/4777fdc30546e8e4ffc5a3fbcdaddaae052002d1d9cc417a1f9f76349f6f1ecd?s=96&d=mm&r=g","caption":"ardigitalnoticias.com"},"sameAs":["http:\/\/ardigitalnoticias.com"],"url":"https:\/\/ardigitalnoticias.com\/index.php\/author\/ardigitalnoticias-com\/"}]}},"_links":{"self":[{"href":"https:\/\/ardigitalnoticias.com\/index.php\/wp-json\/wp\/v2\/posts\/1204","targetHints":{"allow":["GET"]}}],"collection":[{"href":"https:\/\/ardigitalnoticias.com\/index.php\/wp-json\/wp\/v2\/posts"}],"about":[{"href":"https:\/\/ardigitalnoticias.com\/index.php\/wp-json\/wp\/v2\/types\/post"}],"author":[{"embeddable":true,"href":"https:\/\/ardigitalnoticias.com\/index.php\/wp-json\/wp\/v2\/users\/1"}],"replies":[{"embeddable":true,"href":"https:\/\/ardigitalnoticias.com\/index.php\/wp-json\/wp\/v2\/comments?post=1204"}],"version-history":[{"count":1,"href":"https:\/\/ardigitalnoticias.com\/index.php\/wp-json\/wp\/v2\/posts\/1204\/revisions"}],"predecessor-version":[{"id":1208,"href":"https:\/\/ardigitalnoticias.com\/index.php\/wp-json\/wp\/v2\/posts\/1204\/revisions\/1208"}],"wp:featuredmedia":[{"embeddable":true,"href":"https:\/\/ardigitalnoticias.com\/index.php\/wp-json\/wp\/v2\/media\/1207"}],"wp:attachment":[{"href":"https:\/\/ardigitalnoticias.com\/index.php\/wp-json\/wp\/v2\/media?parent=1204"}],"wp:term":[{"taxonomy":"category","embeddable":true,"href":"https:\/\/ardigitalnoticias.com\/index.php\/wp-json\/wp\/v2\/categories?post=1204"},{"taxonomy":"post_tag","embeddable":true,"href":"https:\/\/ardigitalnoticias.com\/index.php\/wp-json\/wp\/v2\/tags?post=1204"}],"curies":[{"name":"wp","href":"https:\/\/api.w.org\/{rel}","templated":true}]}}