{"id":1167,"date":"2023-12-15T13:17:00","date_gmt":"2023-12-15T18:17:00","guid":{"rendered":"https:\/\/ardigitalnoticias.com\/?p=1167"},"modified":"2023-12-16T17:53:26","modified_gmt":"2023-12-16T22:53:26","slug":"joven-de-15-anos-entre-las-victimas-del-devastador-incendio","status":"publish","type":"post","link":"https:\/\/ardigitalnoticias.com\/index.php\/2023\/12\/15\/joven-de-15-anos-entre-las-victimas-del-devastador-incendio\/","title":{"rendered":"JOVEN DE 15 A\u00d1OS ENTRE LAS V\u00cdCTIMAS DEL DEVASTADOR INCENDIO"},"content":{"rendered":"\n<p>En Neiva, la familia S\u00e1nchez Guti\u00e9rrez llora la p\u00e9rdida de ocho seres queridos, incluida Lauren Michell Lizcano, una joven de 15 a\u00f1os que celebrar\u00eda su cumplea\u00f1os el pr\u00f3ximo 22 de diciembre. La tragedia, desencadenada por un incendio estructural en el barrio Santa Isabel, Comuna Seis, ha dejado a la comunidad consternada.<\/p>\n\n\n\n<p>Lauren Michell, una estudiante de noveno grado en el colegio Santa Librada, <a><\/a>ten\u00eda sue\u00f1os por cumplir. Su familia preparaba una fiesta para celebrar sus 15 a\u00f1os, pero el destino cruelmente les arrebat\u00f3 la oportunidad de festejar. \u00abEra una ni\u00f1a juiciosa, con planes y aspiraciones\u00bb, lament\u00f3 un familiar entre l\u00e1grimas.<\/p>\n\n\n\n<p>El siniestro ocurri\u00f3 alrededor de la 1:00 a.m., cobrando la vida de cuatro menores y cuatro adultos, todos v\u00edctimas de la asfixia causada por el denso humo. Las autoridades han identificado a las v\u00edctimas, cuyos nombres se suman a la lista de tristezas que deja este fat\u00eddico incidente.<\/p>\n\n\n\n<p>Laura Sof\u00eda Joven Murcia<\/p>\n\n\n\n<p>Orlando Mauricio S\u00e1nchez<\/p>\n\n\n\n<p>Mathius Andr\u00e9s Payares S\u00e1nchez<\/p>\n\n\n\n<p>Jos\u00e9 de Jes\u00fas Payares Villanueva Leidy Diana S\u00e1nchez Guti\u00e9rrez<\/p>\n\n\n\n<p>Brayan Andrey Lizcano S\u00e1nchez<\/p>\n\n\n\n<p>Marleny Guti\u00e9rrez Cardozo<\/p>\n\n\n\n<p>Adem\u00e1s de la p\u00e9rdida humana, el CTI y Bomberos est\u00e1n investigando las causas del incendio, mientras realizan una inspecci\u00f3n en la vivienda afectada. La presencia de cuatro motocicletas en el lugar a\u00f1ade complejidad a la pesquisa. Mientras la morgue del hospital universitario acoge los cuerpos, la comunidad se une en duelo, buscando respuestas y consuelo ante esta impactante tragedia que enluta a varias familias en Neiva.<\/p>\n\n\n\n<figure class=\"wp-block-image size-full\"><img loading=\"lazy\" decoding=\"async\" width=\"704\" height=\"378\" src=\"https:\/\/ardigitalnoticias.com\/wp-content\/uploads\/2023\/12\/411370811_753688040112727_8400310946454644010_n-copia.jpg\" alt=\"\" class=\"wp-image-1168\" srcset=\"https:\/\/ardigitalnoticias.com\/wp-content\/uploads\/2023\/12\/411370811_753688040112727_8400310946454644010_n-copia.jpg 704w, https:\/\/ardigitalnoticias.com\/wp-content\/uploads\/2023\/12\/411370811_753688040112727_8400310946454644010_n-copia-300x161.jpg 300w, https:\/\/ardigitalnoticias.com\/wp-content\/uploads\/2023\/12\/411370811_753688040112727_8400310946454644010_n-copia-18x10.jpg 18w, https:\/\/ardigitalnoticias.com\/wp-content\/uploads\/2023\/12\/411370811_753688040112727_8400310946454644010_n-copia-150x81.jpg 150w, https:\/\/ardigitalnoticias.com\/wp-content\/uploads\/2023\/12\/411370811_753688040112727_8400310946454644010_n-copia-696x374.jpg 696w\" sizes=\"auto, (max-width: 704px) 100vw, 704px\" \/><\/figure>\n","protected":false},"excerpt":{"rendered":"<p>En Neiva, la familia S\u00e1nchez Guti\u00e9rrez llora la p\u00e9rdida de ocho seres queridos, incluida Lauren Michell Lizcano, una joven de 15 a\u00f1os que celebrar\u00eda su cumplea\u00f1os el pr\u00f3ximo 22 de diciembre. La tragedia, desencadenada por un incendio estructural en el barrio Santa Isabel, Comuna Seis, ha dejado a la comunidad consternada. Lauren Michell, una estudiante [&hellip;]<\/p>\n","protected":false},"author":2,"featured_media":1169,"comment_status":"open","ping_status":"open","sticky":false,"template":"","format":"standard","meta":{"_acf_changed":false,"_joinchat":[],"footnotes":""},"categories":[26,19],"tags":[],"class_list":{"0":"post-1167","1":"post","2":"type-post","3":"status-publish","4":"format-standard","5":"has-post-thumbnail","7":"category-norte","8":"category-regional"},"acf":[],"yoast_head":"<!-- This site is optimized with the Yoast SEO plugin v27.4 - https:\/\/yoast.com\/product\/yoast-seo-wordpress\/ -->\n<title>JOVEN DE 15 A\u00d1OS ENTRE LAS V\u00cdCTIMAS DEL DEVASTADOR INCENDIO - AR Digital Noticias<\/title>\n<meta name=\"robots\" content=\"index, follow, max-snippet:-1, max-image-preview:large, max-video-preview:-1\" \/>\n<link rel=\"canonical\" href=\"https:\/\/ardigitalnoticias.com\/index.php\/2023\/12\/15\/joven-de-15-anos-entre-las-victimas-del-devastador-incendio\/\" \/>\n<meta property=\"og:locale\" content=\"es_ES\" \/>\n<meta property=\"og:type\" content=\"article\" \/>\n<meta property=\"og:title\" content=\"JOVEN DE 15 A\u00d1OS ENTRE LAS V\u00cdCTIMAS DEL DEVASTADOR INCENDIO - AR Digital Noticias\" \/>\n<meta property=\"og:description\" content=\"En Neiva, la familia S\u00e1nchez Guti\u00e9rrez llora la p\u00e9rdida de ocho seres queridos, incluida Lauren Michell Lizcano, una joven de 15 a\u00f1os que celebrar\u00eda su cumplea\u00f1os el pr\u00f3ximo 22 de diciembre. La tragedia, desencadenada por un incendio estructural en el barrio Santa Isabel, Comuna Seis, ha dejado a la comunidad consternada. Lauren Michell, una estudiante [&hellip;]\" \/>\n<meta property=\"og:url\" content=\"https:\/\/ardigitalnoticias.com\/index.php\/2023\/12\/15\/joven-de-15-anos-entre-las-victimas-del-devastador-incendio\/\" \/>\n<meta property=\"og:site_name\" content=\"AR Digital Noticias\" \/>\n<meta property=\"article:published_time\" content=\"2023-12-15T18:17:00+00:00\" \/>\n<meta property=\"article:modified_time\" content=\"2023-12-16T22:53:26+00:00\" \/>\n<meta property=\"og:image\" content=\"https:\/\/ardigitalnoticias.com\/wp-content\/uploads\/2023\/12\/411370811_753688040112727_8400310946454644010_n.jpg\" \/>\n\t<meta property=\"og:image:width\" content=\"704\" \/>\n\t<meta property=\"og:image:height\" content=\"541\" \/>\n\t<meta property=\"og:image:type\" content=\"image\/jpeg\" \/>\n<meta name=\"author\" content=\"AR Digital Noticias\" \/>\n<meta name=\"twitter:card\" content=\"summary_large_image\" \/>\n<meta name=\"twitter:label1\" content=\"Escrito por\" \/>\n\t<meta name=\"twitter:data1\" content=\"AR Digital Noticias\" \/>\n\t<meta name=\"twitter:label2\" content=\"Tiempo de lectura\" \/>\n\t<meta name=\"twitter:data2\" content=\"2 minutos\" \/>\n<script type=\"application\/ld+json\" class=\"yoast-schema-graph\">{\"@context\":\"https:\\\/\\\/schema.org\",\"@graph\":[{\"@type\":\"Article\",\"@id\":\"https:\\\/\\\/ardigitalnoticias.com\\\/index.php\\\/2023\\\/12\\\/15\\\/joven-de-15-anos-entre-las-victimas-del-devastador-incendio\\\/#article\",\"isPartOf\":{\"@id\":\"https:\\\/\\\/ardigitalnoticias.com\\\/index.php\\\/2023\\\/12\\\/15\\\/joven-de-15-anos-entre-las-victimas-del-devastador-incendio\\\/\"},\"author\":{\"name\":\"AR Digital Noticias\",\"@id\":\"https:\\\/\\\/ardigitalnoticias.com\\\/#\\\/schema\\\/person\\\/3f1b0a96e890d8cba89a76c7558a147c\"},\"headline\":\"JOVEN DE 15 A\u00d1OS ENTRE LAS V\u00cdCTIMAS DEL DEVASTADOR INCENDIO\",\"datePublished\":\"2023-12-15T18:17:00+00:00\",\"dateModified\":\"2023-12-16T22:53:26+00:00\",\"mainEntityOfPage\":{\"@id\":\"https:\\\/\\\/ardigitalnoticias.com\\\/index.php\\\/2023\\\/12\\\/15\\\/joven-de-15-anos-entre-las-victimas-del-devastador-incendio\\\/\"},\"wordCount\":278,\"commentCount\":0,\"publisher\":{\"@id\":\"https:\\\/\\\/ardigitalnoticias.com\\\/#organization\"},\"image\":{\"@id\":\"https:\\\/\\\/ardigitalnoticias.com\\\/index.php\\\/2023\\\/12\\\/15\\\/joven-de-15-anos-entre-las-victimas-del-devastador-incendio\\\/#primaryimage\"},\"thumbnailUrl\":\"https:\\\/\\\/ardigitalnoticias.com\\\/wp-content\\\/uploads\\\/2023\\\/12\\\/411370811_753688040112727_8400310946454644010_n.jpg\",\"articleSection\":[\"Norte\",\"Regional\"],\"inLanguage\":\"es\",\"potentialAction\":[{\"@type\":\"CommentAction\",\"name\":\"Comment\",\"target\":[\"https:\\\/\\\/ardigitalnoticias.com\\\/index.php\\\/2023\\\/12\\\/15\\\/joven-de-15-anos-entre-las-victimas-del-devastador-incendio\\\/#respond\"]}]},{\"@type\":\"WebPage\",\"@id\":\"https:\\\/\\\/ardigitalnoticias.com\\\/index.php\\\/2023\\\/12\\\/15\\\/joven-de-15-anos-entre-las-victimas-del-devastador-incendio\\\/\",\"url\":\"https:\\\/\\\/ardigitalnoticias.com\\\/index.php\\\/2023\\\/12\\\/15\\\/joven-de-15-anos-entre-las-victimas-del-devastador-incendio\\\/\",\"name\":\"JOVEN DE 15 A\u00d1OS ENTRE LAS V\u00cdCTIMAS DEL DEVASTADOR INCENDIO - AR Digital Noticias\",\"isPartOf\":{\"@id\":\"https:\\\/\\\/ardigitalnoticias.com\\\/#website\"},\"primaryImageOfPage\":{\"@id\":\"https:\\\/\\\/ardigitalnoticias.com\\\/index.php\\\/2023\\\/12\\\/15\\\/joven-de-15-anos-entre-las-victimas-del-devastador-incendio\\\/#primaryimage\"},\"image\":{\"@id\":\"https:\\\/\\\/ardigitalnoticias.com\\\/index.php\\\/2023\\\/12\\\/15\\\/joven-de-15-anos-entre-las-victimas-del-devastador-incendio\\\/#primaryimage\"},\"thumbnailUrl\":\"https:\\\/\\\/ardigitalnoticias.com\\\/wp-content\\\/uploads\\\/2023\\\/12\\\/411370811_753688040112727_8400310946454644010_n.jpg\",\"datePublished\":\"2023-12-15T18:17:00+00:00\",\"dateModified\":\"2023-12-16T22:53:26+00:00\",\"breadcrumb\":{\"@id\":\"https:\\\/\\\/ardigitalnoticias.com\\\/index.php\\\/2023\\\/12\\\/15\\\/joven-de-15-anos-entre-las-victimas-del-devastador-incendio\\\/#breadcrumb\"},\"inLanguage\":\"es\",\"potentialAction\":[{\"@type\":\"ReadAction\",\"target\":[\"https:\\\/\\\/ardigitalnoticias.com\\\/index.php\\\/2023\\\/12\\\/15\\\/joven-de-15-anos-entre-las-victimas-del-devastador-incendio\\\/\"]}]},{\"@type\":\"ImageObject\",\"inLanguage\":\"es\",\"@id\":\"https:\\\/\\\/ardigitalnoticias.com\\\/index.php\\\/2023\\\/12\\\/15\\\/joven-de-15-anos-entre-las-victimas-del-devastador-incendio\\\/#primaryimage\",\"url\":\"https:\\\/\\\/ardigitalnoticias.com\\\/wp-content\\\/uploads\\\/2023\\\/12\\\/411370811_753688040112727_8400310946454644010_n.jpg\",\"contentUrl\":\"https:\\\/\\\/ardigitalnoticias.com\\\/wp-content\\\/uploads\\\/2023\\\/12\\\/411370811_753688040112727_8400310946454644010_n.jpg\",\"width\":704,\"height\":541},{\"@type\":\"BreadcrumbList\",\"@id\":\"https:\\\/\\\/ardigitalnoticias.com\\\/index.php\\\/2023\\\/12\\\/15\\\/joven-de-15-anos-entre-las-victimas-del-devastador-incendio\\\/#breadcrumb\",\"itemListElement\":[{\"@type\":\"ListItem\",\"position\":1,\"name\":\"Portada\",\"item\":\"https:\\\/\\\/ardigitalnoticias.com\\\/\"},{\"@type\":\"ListItem\",\"position\":2,\"name\":\"JOVEN DE 15 A\u00d1OS ENTRE LAS V\u00cdCTIMAS DEL DEVASTADOR INCENDIO\"}]},{\"@type\":\"WebSite\",\"@id\":\"https:\\\/\\\/ardigitalnoticias.com\\\/#website\",\"url\":\"https:\\\/\\\/ardigitalnoticias.com\\\/\",\"name\":\"AR Digital Noticias\",\"description\":\"\",\"publisher\":{\"@id\":\"https:\\\/\\\/ardigitalnoticias.com\\\/#organization\"},\"potentialAction\":[{\"@type\":\"SearchAction\",\"target\":{\"@type\":\"EntryPoint\",\"urlTemplate\":\"https:\\\/\\\/ardigitalnoticias.com\\\/?s={search_term_string}\"},\"query-input\":{\"@type\":\"PropertyValueSpecification\",\"valueRequired\":true,\"valueName\":\"search_term_string\"}}],\"inLanguage\":\"es\"},{\"@type\":\"Organization\",\"@id\":\"https:\\\/\\\/ardigitalnoticias.com\\\/#organization\",\"name\":\"AR Digital Noticias\",\"url\":\"https:\\\/\\\/ardigitalnoticias.com\\\/\",\"logo\":{\"@type\":\"ImageObject\",\"inLanguage\":\"es\",\"@id\":\"https:\\\/\\\/ardigitalnoticias.com\\\/#\\\/schema\\\/logo\\\/image\\\/\",\"url\":\"https:\\\/\\\/ardigitalnoticias.com\\\/wp-content\\\/uploads\\\/2023\\\/11\\\/cropped-cropped-cropped-cropped-AR-Digital-Noticias-1.png\",\"contentUrl\":\"https:\\\/\\\/ardigitalnoticias.com\\\/wp-content\\\/uploads\\\/2023\\\/11\\\/cropped-cropped-cropped-cropped-AR-Digital-Noticias-1.png\",\"width\":972,\"height\":306,\"caption\":\"AR Digital Noticias\"},\"image\":{\"@id\":\"https:\\\/\\\/ardigitalnoticias.com\\\/#\\\/schema\\\/logo\\\/image\\\/\"}},{\"@type\":\"Person\",\"@id\":\"https:\\\/\\\/ardigitalnoticias.com\\\/#\\\/schema\\\/person\\\/3f1b0a96e890d8cba89a76c7558a147c\",\"name\":\"AR Digital Noticias\",\"image\":{\"@type\":\"ImageObject\",\"inLanguage\":\"es\",\"@id\":\"https:\\\/\\\/secure.gravatar.com\\\/avatar\\\/55d1acd2f9cac74c99f42fcb5090c2f994204a6f6c571cf4c3001ae692cb9b34?s=96&d=mm&r=g\",\"url\":\"https:\\\/\\\/secure.gravatar.com\\\/avatar\\\/55d1acd2f9cac74c99f42fcb5090c2f994204a6f6c571cf4c3001ae692cb9b34?s=96&d=mm&r=g\",\"contentUrl\":\"https:\\\/\\\/secure.gravatar.com\\\/avatar\\\/55d1acd2f9cac74c99f42fcb5090c2f994204a6f6c571cf4c3001ae692cb9b34?s=96&d=mm&r=g\",\"caption\":\"AR Digital Noticias\"},\"sameAs\":[\"http:\\\/\\\/ardigitalnoticias.com\"],\"url\":\"https:\\\/\\\/ardigitalnoticias.com\\\/index.php\\\/author\\\/editorial\\\/\"}]}<\/script>\n<!-- \/ Yoast SEO plugin. -->","yoast_head_json":{"title":"JOVEN DE 15 A\u00d1OS ENTRE LAS V\u00cdCTIMAS DEL DEVASTADOR INCENDIO - AR Digital Noticias","robots":{"index":"index","follow":"follow","max-snippet":"max-snippet:-1","max-image-preview":"max-image-preview:large","max-video-preview":"max-video-preview:-1"},"canonical":"https:\/\/ardigitalnoticias.com\/index.php\/2023\/12\/15\/joven-de-15-anos-entre-las-victimas-del-devastador-incendio\/","og_locale":"es_ES","og_type":"article","og_title":"JOVEN DE 15 A\u00d1OS ENTRE LAS V\u00cdCTIMAS DEL DEVASTADOR INCENDIO - AR Digital Noticias","og_description":"En Neiva, la familia S\u00e1nchez Guti\u00e9rrez llora la p\u00e9rdida de ocho seres queridos, incluida Lauren Michell Lizcano, una joven de 15 a\u00f1os que celebrar\u00eda su cumplea\u00f1os el pr\u00f3ximo 22 de diciembre. La tragedia, desencadenada por un incendio estructural en el barrio Santa Isabel, Comuna Seis, ha dejado a la comunidad consternada. Lauren Michell, una estudiante [&hellip;]","og_url":"https:\/\/ardigitalnoticias.com\/index.php\/2023\/12\/15\/joven-de-15-anos-entre-las-victimas-del-devastador-incendio\/","og_site_name":"AR Digital Noticias","article_published_time":"2023-12-15T18:17:00+00:00","article_modified_time":"2023-12-16T22:53:26+00:00","og_image":[{"width":704,"height":541,"url":"https:\/\/ardigitalnoticias.com\/wp-content\/uploads\/2023\/12\/411370811_753688040112727_8400310946454644010_n.jpg","type":"image\/jpeg"}],"author":"AR Digital Noticias","twitter_card":"summary_large_image","twitter_misc":{"Escrito por":"AR Digital Noticias","Tiempo de lectura":"2 minutos"},"schema":{"@context":"https:\/\/schema.org","@graph":[{"@type":"Article","@id":"https:\/\/ardigitalnoticias.com\/index.php\/2023\/12\/15\/joven-de-15-anos-entre-las-victimas-del-devastador-incendio\/#article","isPartOf":{"@id":"https:\/\/ardigitalnoticias.com\/index.php\/2023\/12\/15\/joven-de-15-anos-entre-las-victimas-del-devastador-incendio\/"},"author":{"name":"AR Digital Noticias","@id":"https:\/\/ardigitalnoticias.com\/#\/schema\/person\/3f1b0a96e890d8cba89a76c7558a147c"},"headline":"JOVEN DE 15 A\u00d1OS ENTRE LAS V\u00cdCTIMAS DEL DEVASTADOR INCENDIO","datePublished":"2023-12-15T18:17:00+00:00","dateModified":"2023-12-16T22:53:26+00:00","mainEntityOfPage":{"@id":"https:\/\/ardigitalnoticias.com\/index.php\/2023\/12\/15\/joven-de-15-anos-entre-las-victimas-del-devastador-incendio\/"},"wordCount":278,"commentCount":0,"publisher":{"@id":"https:\/\/ardigitalnoticias.com\/#organization"},"image":{"@id":"https:\/\/ardigitalnoticias.com\/index.php\/2023\/12\/15\/joven-de-15-anos-entre-las-victimas-del-devastador-incendio\/#primaryimage"},"thumbnailUrl":"https:\/\/ardigitalnoticias.com\/wp-content\/uploads\/2023\/12\/411370811_753688040112727_8400310946454644010_n.jpg","articleSection":["Norte","Regional"],"inLanguage":"es","potentialAction":[{"@type":"CommentAction","name":"Comment","target":["https:\/\/ardigitalnoticias.com\/index.php\/2023\/12\/15\/joven-de-15-anos-entre-las-victimas-del-devastador-incendio\/#respond"]}]},{"@type":"WebPage","@id":"https:\/\/ardigitalnoticias.com\/index.php\/2023\/12\/15\/joven-de-15-anos-entre-las-victimas-del-devastador-incendio\/","url":"https:\/\/ardigitalnoticias.com\/index.php\/2023\/12\/15\/joven-de-15-anos-entre-las-victimas-del-devastador-incendio\/","name":"JOVEN DE 15 A\u00d1OS ENTRE LAS V\u00cdCTIMAS DEL DEVASTADOR INCENDIO - AR Digital Noticias","isPartOf":{"@id":"https:\/\/ardigitalnoticias.com\/#website"},"primaryImageOfPage":{"@id":"https:\/\/ardigitalnoticias.com\/index.php\/2023\/12\/15\/joven-de-15-anos-entre-las-victimas-del-devastador-incendio\/#primaryimage"},"image":{"@id":"https:\/\/ardigitalnoticias.com\/index.php\/2023\/12\/15\/joven-de-15-anos-entre-las-victimas-del-devastador-incendio\/#primaryimage"},"thumbnailUrl":"https:\/\/ardigitalnoticias.com\/wp-content\/uploads\/2023\/12\/411370811_753688040112727_8400310946454644010_n.jpg","datePublished":"2023-12-15T18:17:00+00:00","dateModified":"2023-12-16T22:53:26+00:00","breadcrumb":{"@id":"https:\/\/ardigitalnoticias.com\/index.php\/2023\/12\/15\/joven-de-15-anos-entre-las-victimas-del-devastador-incendio\/#breadcrumb"},"inLanguage":"es","potentialAction":[{"@type":"ReadAction","target":["https:\/\/ardigitalnoticias.com\/index.php\/2023\/12\/15\/joven-de-15-anos-entre-las-victimas-del-devastador-incendio\/"]}]},{"@type":"ImageObject","inLanguage":"es","@id":"https:\/\/ardigitalnoticias.com\/index.php\/2023\/12\/15\/joven-de-15-anos-entre-las-victimas-del-devastador-incendio\/#primaryimage","url":"https:\/\/ardigitalnoticias.com\/wp-content\/uploads\/2023\/12\/411370811_753688040112727_8400310946454644010_n.jpg","contentUrl":"https:\/\/ardigitalnoticias.com\/wp-content\/uploads\/2023\/12\/411370811_753688040112727_8400310946454644010_n.jpg","width":704,"height":541},{"@type":"BreadcrumbList","@id":"https:\/\/ardigitalnoticias.com\/index.php\/2023\/12\/15\/joven-de-15-anos-entre-las-victimas-del-devastador-incendio\/#breadcrumb","itemListElement":[{"@type":"ListItem","position":1,"name":"Portada","item":"https:\/\/ardigitalnoticias.com\/"},{"@type":"ListItem","position":2,"name":"JOVEN DE 15 A\u00d1OS ENTRE LAS V\u00cdCTIMAS DEL DEVASTADOR INCENDIO"}]},{"@type":"WebSite","@id":"https:\/\/ardigitalnoticias.com\/#website","url":"https:\/\/ardigitalnoticias.com\/","name":"AR Digital Noticias","description":"","publisher":{"@id":"https:\/\/ardigitalnoticias.com\/#organization"},"potentialAction":[{"@type":"SearchAction","target":{"@type":"EntryPoint","urlTemplate":"https:\/\/ardigitalnoticias.com\/?s={search_term_string}"},"query-input":{"@type":"PropertyValueSpecification","valueRequired":true,"valueName":"search_term_string"}}],"inLanguage":"es"},{"@type":"Organization","@id":"https:\/\/ardigitalnoticias.com\/#organization","name":"AR Digital Noticias","url":"https:\/\/ardigitalnoticias.com\/","logo":{"@type":"ImageObject","inLanguage":"es","@id":"https:\/\/ardigitalnoticias.com\/#\/schema\/logo\/image\/","url":"https:\/\/ardigitalnoticias.com\/wp-content\/uploads\/2023\/11\/cropped-cropped-cropped-cropped-AR-Digital-Noticias-1.png","contentUrl":"https:\/\/ardigitalnoticias.com\/wp-content\/uploads\/2023\/11\/cropped-cropped-cropped-cropped-AR-Digital-Noticias-1.png","width":972,"height":306,"caption":"AR Digital Noticias"},"image":{"@id":"https:\/\/ardigitalnoticias.com\/#\/schema\/logo\/image\/"}},{"@type":"Person","@id":"https:\/\/ardigitalnoticias.com\/#\/schema\/person\/3f1b0a96e890d8cba89a76c7558a147c","name":"AR Digital Noticias","image":{"@type":"ImageObject","inLanguage":"es","@id":"https:\/\/secure.gravatar.com\/avatar\/55d1acd2f9cac74c99f42fcb5090c2f994204a6f6c571cf4c3001ae692cb9b34?s=96&d=mm&r=g","url":"https:\/\/secure.gravatar.com\/avatar\/55d1acd2f9cac74c99f42fcb5090c2f994204a6f6c571cf4c3001ae692cb9b34?s=96&d=mm&r=g","contentUrl":"https:\/\/secure.gravatar.com\/avatar\/55d1acd2f9cac74c99f42fcb5090c2f994204a6f6c571cf4c3001ae692cb9b34?s=96&d=mm&r=g","caption":"AR Digital Noticias"},"sameAs":["http:\/\/ardigitalnoticias.com"],"url":"https:\/\/ardigitalnoticias.com\/index.php\/author\/editorial\/"}]}},"_links":{"self":[{"href":"https:\/\/ardigitalnoticias.com\/index.php\/wp-json\/wp\/v2\/posts\/1167","targetHints":{"allow":["GET"]}}],"collection":[{"href":"https:\/\/ardigitalnoticias.com\/index.php\/wp-json\/wp\/v2\/posts"}],"about":[{"href":"https:\/\/ardigitalnoticias.com\/index.php\/wp-json\/wp\/v2\/types\/post"}],"author":[{"embeddable":true,"href":"https:\/\/ardigitalnoticias.com\/index.php\/wp-json\/wp\/v2\/users\/2"}],"replies":[{"embeddable":true,"href":"https:\/\/ardigitalnoticias.com\/index.php\/wp-json\/wp\/v2\/comments?post=1167"}],"version-history":[{"count":2,"href":"https:\/\/ardigitalnoticias.com\/index.php\/wp-json\/wp\/v2\/posts\/1167\/revisions"}],"predecessor-version":[{"id":1171,"href":"https:\/\/ardigitalnoticias.com\/index.php\/wp-json\/wp\/v2\/posts\/1167\/revisions\/1171"}],"wp:featuredmedia":[{"embeddable":true,"href":"https:\/\/ardigitalnoticias.com\/index.php\/wp-json\/wp\/v2\/media\/1169"}],"wp:attachment":[{"href":"https:\/\/ardigitalnoticias.com\/index.php\/wp-json\/wp\/v2\/media?parent=1167"}],"wp:term":[{"taxonomy":"category","embeddable":true,"href":"https:\/\/ardigitalnoticias.com\/index.php\/wp-json\/wp\/v2\/categories?post=1167"},{"taxonomy":"post_tag","embeddable":true,"href":"https:\/\/ardigitalnoticias.com\/index.php\/wp-json\/wp\/v2\/tags?post=1167"}],"curies":[{"name":"wp","href":"https:\/\/api.w.org\/{rel}","templated":true}]}}