{"id":1140,"date":"2023-12-13T13:00:00","date_gmt":"2023-12-13T18:00:00","guid":{"rendered":"https:\/\/ardigitalnoticias.com\/?p=1140"},"modified":"2023-12-16T18:13:14","modified_gmt":"2023-12-16T23:13:14","slug":"cayo-el-presunto-responsable-de-incendiar-un-bus-en-altamira-capturado-en-flagrancia-en-suaza-huila","status":"publish","type":"post","link":"https:\/\/ardigitalnoticias.com\/index.php\/2023\/12\/13\/cayo-el-presunto-responsable-de-incendiar-un-bus-en-altamira-capturado-en-flagrancia-en-suaza-huila\/","title":{"rendered":"CAY\u00d3 EL PRESUNTO RESPONSABLE DE INCENDIAR UN BUS EN ALTAMIRA, CAPTURADO EN FLAGRANCIA EN SUAZA, HUILA."},"content":{"rendered":"\n<p>El presunto autor material de la incineraci\u00f3n de un bus de transporte p\u00fablico en Altamira el pasado 05 de diciembre, fue capturado en flagrancia por las autoridades en Suaza, Huila. Este individuo, implicado en secuestro, hurto calificado, porte ilegal de armas de fuego, estafa y otros delitos, intent\u00f3 escapar, pero fue r\u00e1pidamente reducido por agentes <a><\/a>policiales.<\/p>\n\n\n\n<p>La colaboraci\u00f3n entre el GAULA y la Inteligencia de la Polic\u00eda del Huila fue crucial para ubicar al hombre. En una operaci\u00f3n que sorprendi\u00f3 al presunto responsable mientras realizaba una llamada extorsiva, se logr\u00f3 su detenci\u00f3n. El coronel William Javier Lara Avenda\u00f1o, comandante del departamento de Polic\u00eda Huila, destac\u00f3 la importancia de esta captura y el trabajo conjunto de las unidades de seguridad.<\/p>\n\n\n\n<p>El hombre conocido como &#8216;Andr\u00e9s&#8217;, enfrenta m\u00faltiples cargos en el Sistema Penal Oral Acusatorio, incluyendo secuestro simple, secuestro extorsivo, estafa, fuga de presos, hurto calificado, lesiones personales, alteraci\u00f3n de marcas de ganado y fabricaci\u00f3n, tr\u00e1fico y porte de armas de fuego. La captura se produjo mientras realizaba amenazas extorsivas exigiendo $50.000.000 millones de pesos a un gerente socio de una empresa de transporte del Huila.<\/p>\n\n\n\n<p>El capturado, ahora bajo medida de aseguramiento en un centro carcelario, enfrenta cargos por terrorismo y extorsi\u00f3n. El \u00e9xito de esta operaci\u00f3n resalta la confianza depositada por las v\u00edctimas en la Polic\u00eda Nacional, fundamental para la r\u00e1pida resoluci\u00f3n de este caso criminal.<\/p>\n\n\n\n<figure class=\"wp-block-embed aligncenter is-type-video is-provider-youtube wp-block-embed-youtube wp-embed-aspect-16-9 wp-has-aspect-ratio\"><div class=\"wp-block-embed__wrapper\">\n<iframe loading=\"lazy\" title=\"CAY\u00d3 EL PRESUNTO RESPONSABLE DE INCENDIAR UN BUS EN ALTAMIRA\" width=\"696\" height=\"392\" src=\"https:\/\/www.youtube.com\/embed\/suZp096bGYQ?feature=oembed\" frameborder=\"0\" allow=\"accelerometer; autoplay; clipboard-write; encrypted-media; gyroscope; picture-in-picture; web-share\" allowfullscreen><\/iframe>\n<\/div><\/figure>\n","protected":false},"excerpt":{"rendered":"<p>El presunto autor material de la incineraci\u00f3n de un bus de transporte p\u00fablico en Altamira el pasado 05 de diciembre, fue capturado en flagrancia por las autoridades en Suaza, Huila. Este individuo, implicado en secuestro, hurto calificado, porte ilegal de armas de fuego, estafa y otros delitos, intent\u00f3 escapar, pero fue r\u00e1pidamente reducido por agentes [&hellip;]<\/p>\n","protected":false},"author":1,"featured_media":1141,"comment_status":"open","ping_status":"open","sticky":false,"template":"","format":"standard","meta":{"_acf_changed":false,"_joinchat":[],"footnotes":""},"categories":[1,19],"tags":[],"class_list":{"0":"post-1140","1":"post","2":"type-post","3":"status-publish","4":"format-standard","5":"has-post-thumbnail","7":"category-actualidad","8":"category-regional"},"acf":[],"yoast_head":"<!-- This site is optimized with the Yoast SEO plugin v27.5 - https:\/\/yoast.com\/product\/yoast-seo-wordpress\/ -->\n<title>CAY\u00d3 EL PRESUNTO RESPONSABLE DE INCENDIAR UN BUS EN ALTAMIRA, CAPTURADO EN FLAGRANCIA EN SUAZA, HUILA. - AR Digital Noticias<\/title>\n<meta name=\"robots\" content=\"index, follow, max-snippet:-1, max-image-preview:large, max-video-preview:-1\" \/>\n<link rel=\"canonical\" href=\"https:\/\/ardigitalnoticias.com\/index.php\/2023\/12\/13\/cayo-el-presunto-responsable-de-incendiar-un-bus-en-altamira-capturado-en-flagrancia-en-suaza-huila\/\" \/>\n<meta property=\"og:locale\" content=\"es_ES\" \/>\n<meta property=\"og:type\" content=\"article\" \/>\n<meta property=\"og:title\" content=\"CAY\u00d3 EL PRESUNTO RESPONSABLE DE INCENDIAR UN BUS EN ALTAMIRA, CAPTURADO EN FLAGRANCIA EN SUAZA, HUILA. - AR Digital Noticias\" \/>\n<meta property=\"og:description\" content=\"El presunto autor material de la incineraci\u00f3n de un bus de transporte p\u00fablico en Altamira el pasado 05 de diciembre, fue capturado en flagrancia por las autoridades en Suaza, Huila. Este individuo, implicado en secuestro, hurto calificado, porte ilegal de armas de fuego, estafa y otros delitos, intent\u00f3 escapar, pero fue r\u00e1pidamente reducido por agentes [&hellip;]\" \/>\n<meta property=\"og:url\" content=\"https:\/\/ardigitalnoticias.com\/index.php\/2023\/12\/13\/cayo-el-presunto-responsable-de-incendiar-un-bus-en-altamira-capturado-en-flagrancia-en-suaza-huila\/\" \/>\n<meta property=\"og:site_name\" content=\"AR Digital Noticias\" \/>\n<meta property=\"article:published_time\" content=\"2023-12-13T18:00:00+00:00\" \/>\n<meta property=\"article:modified_time\" content=\"2023-12-16T23:13:14+00:00\" \/>\n<meta property=\"og:image\" content=\"https:\/\/ardigitalnoticias.com\/wp-content\/uploads\/2023\/12\/Captura-de-pantalla-1909.png\" \/>\n\t<meta property=\"og:image:width\" content=\"1000\" \/>\n\t<meta property=\"og:image:height\" content=\"721\" \/>\n\t<meta property=\"og:image:type\" content=\"image\/png\" \/>\n<meta name=\"author\" content=\"ardigitalnoticias.com\" \/>\n<meta name=\"twitter:card\" content=\"summary_large_image\" \/>\n<meta name=\"twitter:label1\" content=\"Escrito por\" \/>\n\t<meta name=\"twitter:data1\" content=\"ardigitalnoticias.com\" \/>\n\t<meta name=\"twitter:label2\" content=\"Tiempo de lectura\" \/>\n\t<meta name=\"twitter:data2\" content=\"2 minutos\" \/>\n<script type=\"application\/ld+json\" class=\"yoast-schema-graph\">{\"@context\":\"https:\\\/\\\/schema.org\",\"@graph\":[{\"@type\":\"Article\",\"@id\":\"https:\\\/\\\/ardigitalnoticias.com\\\/index.php\\\/2023\\\/12\\\/13\\\/cayo-el-presunto-responsable-de-incendiar-un-bus-en-altamira-capturado-en-flagrancia-en-suaza-huila\\\/#article\",\"isPartOf\":{\"@id\":\"https:\\\/\\\/ardigitalnoticias.com\\\/index.php\\\/2023\\\/12\\\/13\\\/cayo-el-presunto-responsable-de-incendiar-un-bus-en-altamira-capturado-en-flagrancia-en-suaza-huila\\\/\"},\"author\":{\"name\":\"ardigitalnoticias.com\",\"@id\":\"https:\\\/\\\/ardigitalnoticias.com\\\/#\\\/schema\\\/person\\\/4d6f832eb727144069aa5231406bee31\"},\"headline\":\"CAY\u00d3 EL PRESUNTO RESPONSABLE DE INCENDIAR UN BUS EN ALTAMIRA, CAPTURADO EN FLAGRANCIA EN SUAZA, HUILA.\",\"datePublished\":\"2023-12-13T18:00:00+00:00\",\"dateModified\":\"2023-12-16T23:13:14+00:00\",\"mainEntityOfPage\":{\"@id\":\"https:\\\/\\\/ardigitalnoticias.com\\\/index.php\\\/2023\\\/12\\\/13\\\/cayo-el-presunto-responsable-de-incendiar-un-bus-en-altamira-capturado-en-flagrancia-en-suaza-huila\\\/\"},\"wordCount\":267,\"commentCount\":0,\"publisher\":{\"@id\":\"https:\\\/\\\/ardigitalnoticias.com\\\/#organization\"},\"image\":{\"@id\":\"https:\\\/\\\/ardigitalnoticias.com\\\/index.php\\\/2023\\\/12\\\/13\\\/cayo-el-presunto-responsable-de-incendiar-un-bus-en-altamira-capturado-en-flagrancia-en-suaza-huila\\\/#primaryimage\"},\"thumbnailUrl\":\"https:\\\/\\\/ardigitalnoticias.com\\\/wp-content\\\/uploads\\\/2023\\\/12\\\/Captura-de-pantalla-1909.png\",\"articleSection\":[\"Actualidad\",\"Regional\"],\"inLanguage\":\"es\",\"potentialAction\":[{\"@type\":\"CommentAction\",\"name\":\"Comment\",\"target\":[\"https:\\\/\\\/ardigitalnoticias.com\\\/index.php\\\/2023\\\/12\\\/13\\\/cayo-el-presunto-responsable-de-incendiar-un-bus-en-altamira-capturado-en-flagrancia-en-suaza-huila\\\/#respond\"]}]},{\"@type\":\"WebPage\",\"@id\":\"https:\\\/\\\/ardigitalnoticias.com\\\/index.php\\\/2023\\\/12\\\/13\\\/cayo-el-presunto-responsable-de-incendiar-un-bus-en-altamira-capturado-en-flagrancia-en-suaza-huila\\\/\",\"url\":\"https:\\\/\\\/ardigitalnoticias.com\\\/index.php\\\/2023\\\/12\\\/13\\\/cayo-el-presunto-responsable-de-incendiar-un-bus-en-altamira-capturado-en-flagrancia-en-suaza-huila\\\/\",\"name\":\"CAY\u00d3 EL PRESUNTO RESPONSABLE DE INCENDIAR UN BUS EN ALTAMIRA, CAPTURADO EN FLAGRANCIA EN SUAZA, HUILA. - AR Digital Noticias\",\"isPartOf\":{\"@id\":\"https:\\\/\\\/ardigitalnoticias.com\\\/#website\"},\"primaryImageOfPage\":{\"@id\":\"https:\\\/\\\/ardigitalnoticias.com\\\/index.php\\\/2023\\\/12\\\/13\\\/cayo-el-presunto-responsable-de-incendiar-un-bus-en-altamira-capturado-en-flagrancia-en-suaza-huila\\\/#primaryimage\"},\"image\":{\"@id\":\"https:\\\/\\\/ardigitalnoticias.com\\\/index.php\\\/2023\\\/12\\\/13\\\/cayo-el-presunto-responsable-de-incendiar-un-bus-en-altamira-capturado-en-flagrancia-en-suaza-huila\\\/#primaryimage\"},\"thumbnailUrl\":\"https:\\\/\\\/ardigitalnoticias.com\\\/wp-content\\\/uploads\\\/2023\\\/12\\\/Captura-de-pantalla-1909.png\",\"datePublished\":\"2023-12-13T18:00:00+00:00\",\"dateModified\":\"2023-12-16T23:13:14+00:00\",\"breadcrumb\":{\"@id\":\"https:\\\/\\\/ardigitalnoticias.com\\\/index.php\\\/2023\\\/12\\\/13\\\/cayo-el-presunto-responsable-de-incendiar-un-bus-en-altamira-capturado-en-flagrancia-en-suaza-huila\\\/#breadcrumb\"},\"inLanguage\":\"es\",\"potentialAction\":[{\"@type\":\"ReadAction\",\"target\":[\"https:\\\/\\\/ardigitalnoticias.com\\\/index.php\\\/2023\\\/12\\\/13\\\/cayo-el-presunto-responsable-de-incendiar-un-bus-en-altamira-capturado-en-flagrancia-en-suaza-huila\\\/\"]}]},{\"@type\":\"ImageObject\",\"inLanguage\":\"es\",\"@id\":\"https:\\\/\\\/ardigitalnoticias.com\\\/index.php\\\/2023\\\/12\\\/13\\\/cayo-el-presunto-responsable-de-incendiar-un-bus-en-altamira-capturado-en-flagrancia-en-suaza-huila\\\/#primaryimage\",\"url\":\"https:\\\/\\\/ardigitalnoticias.com\\\/wp-content\\\/uploads\\\/2023\\\/12\\\/Captura-de-pantalla-1909.png\",\"contentUrl\":\"https:\\\/\\\/ardigitalnoticias.com\\\/wp-content\\\/uploads\\\/2023\\\/12\\\/Captura-de-pantalla-1909.png\",\"width\":1000,\"height\":721},{\"@type\":\"BreadcrumbList\",\"@id\":\"https:\\\/\\\/ardigitalnoticias.com\\\/index.php\\\/2023\\\/12\\\/13\\\/cayo-el-presunto-responsable-de-incendiar-un-bus-en-altamira-capturado-en-flagrancia-en-suaza-huila\\\/#breadcrumb\",\"itemListElement\":[{\"@type\":\"ListItem\",\"position\":1,\"name\":\"Portada\",\"item\":\"https:\\\/\\\/ardigitalnoticias.com\\\/\"},{\"@type\":\"ListItem\",\"position\":2,\"name\":\"CAY\u00d3 EL PRESUNTO RESPONSABLE DE INCENDIAR UN BUS EN ALTAMIRA, CAPTURADO EN FLAGRANCIA EN SUAZA, HUILA.\"}]},{\"@type\":\"WebSite\",\"@id\":\"https:\\\/\\\/ardigitalnoticias.com\\\/#website\",\"url\":\"https:\\\/\\\/ardigitalnoticias.com\\\/\",\"name\":\"AR Digital Noticias\",\"description\":\"\",\"publisher\":{\"@id\":\"https:\\\/\\\/ardigitalnoticias.com\\\/#organization\"},\"potentialAction\":[{\"@type\":\"SearchAction\",\"target\":{\"@type\":\"EntryPoint\",\"urlTemplate\":\"https:\\\/\\\/ardigitalnoticias.com\\\/?s={search_term_string}\"},\"query-input\":{\"@type\":\"PropertyValueSpecification\",\"valueRequired\":true,\"valueName\":\"search_term_string\"}}],\"inLanguage\":\"es\"},{\"@type\":\"Organization\",\"@id\":\"https:\\\/\\\/ardigitalnoticias.com\\\/#organization\",\"name\":\"AR Digital Noticias\",\"url\":\"https:\\\/\\\/ardigitalnoticias.com\\\/\",\"logo\":{\"@type\":\"ImageObject\",\"inLanguage\":\"es\",\"@id\":\"https:\\\/\\\/ardigitalnoticias.com\\\/#\\\/schema\\\/logo\\\/image\\\/\",\"url\":\"https:\\\/\\\/ardigitalnoticias.com\\\/wp-content\\\/uploads\\\/2023\\\/11\\\/cropped-cropped-cropped-cropped-AR-Digital-Noticias-1.png\",\"contentUrl\":\"https:\\\/\\\/ardigitalnoticias.com\\\/wp-content\\\/uploads\\\/2023\\\/11\\\/cropped-cropped-cropped-cropped-AR-Digital-Noticias-1.png\",\"width\":972,\"height\":306,\"caption\":\"AR Digital Noticias\"},\"image\":{\"@id\":\"https:\\\/\\\/ardigitalnoticias.com\\\/#\\\/schema\\\/logo\\\/image\\\/\"}},{\"@type\":\"Person\",\"@id\":\"https:\\\/\\\/ardigitalnoticias.com\\\/#\\\/schema\\\/person\\\/4d6f832eb727144069aa5231406bee31\",\"name\":\"ardigitalnoticias.com\",\"image\":{\"@type\":\"ImageObject\",\"inLanguage\":\"es\",\"@id\":\"https:\\\/\\\/secure.gravatar.com\\\/avatar\\\/4777fdc30546e8e4ffc5a3fbcdaddaae052002d1d9cc417a1f9f76349f6f1ecd?s=96&d=mm&r=g\",\"url\":\"https:\\\/\\\/secure.gravatar.com\\\/avatar\\\/4777fdc30546e8e4ffc5a3fbcdaddaae052002d1d9cc417a1f9f76349f6f1ecd?s=96&d=mm&r=g\",\"contentUrl\":\"https:\\\/\\\/secure.gravatar.com\\\/avatar\\\/4777fdc30546e8e4ffc5a3fbcdaddaae052002d1d9cc417a1f9f76349f6f1ecd?s=96&d=mm&r=g\",\"caption\":\"ardigitalnoticias.com\"},\"sameAs\":[\"http:\\\/\\\/ardigitalnoticias.com\"],\"url\":\"https:\\\/\\\/ardigitalnoticias.com\\\/index.php\\\/author\\\/ardigitalnoticias-com\\\/\"}]}<\/script>\n<!-- \/ Yoast SEO plugin. -->","yoast_head_json":{"title":"CAY\u00d3 EL PRESUNTO RESPONSABLE DE INCENDIAR UN BUS EN ALTAMIRA, CAPTURADO EN FLAGRANCIA EN SUAZA, HUILA. - AR Digital Noticias","robots":{"index":"index","follow":"follow","max-snippet":"max-snippet:-1","max-image-preview":"max-image-preview:large","max-video-preview":"max-video-preview:-1"},"canonical":"https:\/\/ardigitalnoticias.com\/index.php\/2023\/12\/13\/cayo-el-presunto-responsable-de-incendiar-un-bus-en-altamira-capturado-en-flagrancia-en-suaza-huila\/","og_locale":"es_ES","og_type":"article","og_title":"CAY\u00d3 EL PRESUNTO RESPONSABLE DE INCENDIAR UN BUS EN ALTAMIRA, CAPTURADO EN FLAGRANCIA EN SUAZA, HUILA. - AR Digital Noticias","og_description":"El presunto autor material de la incineraci\u00f3n de un bus de transporte p\u00fablico en Altamira el pasado 05 de diciembre, fue capturado en flagrancia por las autoridades en Suaza, Huila. Este individuo, implicado en secuestro, hurto calificado, porte ilegal de armas de fuego, estafa y otros delitos, intent\u00f3 escapar, pero fue r\u00e1pidamente reducido por agentes [&hellip;]","og_url":"https:\/\/ardigitalnoticias.com\/index.php\/2023\/12\/13\/cayo-el-presunto-responsable-de-incendiar-un-bus-en-altamira-capturado-en-flagrancia-en-suaza-huila\/","og_site_name":"AR Digital Noticias","article_published_time":"2023-12-13T18:00:00+00:00","article_modified_time":"2023-12-16T23:13:14+00:00","og_image":[{"width":1000,"height":721,"url":"https:\/\/ardigitalnoticias.com\/wp-content\/uploads\/2023\/12\/Captura-de-pantalla-1909.png","type":"image\/png"}],"author":"ardigitalnoticias.com","twitter_card":"summary_large_image","twitter_misc":{"Escrito por":"ardigitalnoticias.com","Tiempo de lectura":"2 minutos"},"schema":{"@context":"https:\/\/schema.org","@graph":[{"@type":"Article","@id":"https:\/\/ardigitalnoticias.com\/index.php\/2023\/12\/13\/cayo-el-presunto-responsable-de-incendiar-un-bus-en-altamira-capturado-en-flagrancia-en-suaza-huila\/#article","isPartOf":{"@id":"https:\/\/ardigitalnoticias.com\/index.php\/2023\/12\/13\/cayo-el-presunto-responsable-de-incendiar-un-bus-en-altamira-capturado-en-flagrancia-en-suaza-huila\/"},"author":{"name":"ardigitalnoticias.com","@id":"https:\/\/ardigitalnoticias.com\/#\/schema\/person\/4d6f832eb727144069aa5231406bee31"},"headline":"CAY\u00d3 EL PRESUNTO RESPONSABLE DE INCENDIAR UN BUS EN ALTAMIRA, CAPTURADO EN FLAGRANCIA EN SUAZA, HUILA.","datePublished":"2023-12-13T18:00:00+00:00","dateModified":"2023-12-16T23:13:14+00:00","mainEntityOfPage":{"@id":"https:\/\/ardigitalnoticias.com\/index.php\/2023\/12\/13\/cayo-el-presunto-responsable-de-incendiar-un-bus-en-altamira-capturado-en-flagrancia-en-suaza-huila\/"},"wordCount":267,"commentCount":0,"publisher":{"@id":"https:\/\/ardigitalnoticias.com\/#organization"},"image":{"@id":"https:\/\/ardigitalnoticias.com\/index.php\/2023\/12\/13\/cayo-el-presunto-responsable-de-incendiar-un-bus-en-altamira-capturado-en-flagrancia-en-suaza-huila\/#primaryimage"},"thumbnailUrl":"https:\/\/ardigitalnoticias.com\/wp-content\/uploads\/2023\/12\/Captura-de-pantalla-1909.png","articleSection":["Actualidad","Regional"],"inLanguage":"es","potentialAction":[{"@type":"CommentAction","name":"Comment","target":["https:\/\/ardigitalnoticias.com\/index.php\/2023\/12\/13\/cayo-el-presunto-responsable-de-incendiar-un-bus-en-altamira-capturado-en-flagrancia-en-suaza-huila\/#respond"]}]},{"@type":"WebPage","@id":"https:\/\/ardigitalnoticias.com\/index.php\/2023\/12\/13\/cayo-el-presunto-responsable-de-incendiar-un-bus-en-altamira-capturado-en-flagrancia-en-suaza-huila\/","url":"https:\/\/ardigitalnoticias.com\/index.php\/2023\/12\/13\/cayo-el-presunto-responsable-de-incendiar-un-bus-en-altamira-capturado-en-flagrancia-en-suaza-huila\/","name":"CAY\u00d3 EL PRESUNTO RESPONSABLE DE INCENDIAR UN BUS EN ALTAMIRA, CAPTURADO EN FLAGRANCIA EN SUAZA, HUILA. - AR Digital Noticias","isPartOf":{"@id":"https:\/\/ardigitalnoticias.com\/#website"},"primaryImageOfPage":{"@id":"https:\/\/ardigitalnoticias.com\/index.php\/2023\/12\/13\/cayo-el-presunto-responsable-de-incendiar-un-bus-en-altamira-capturado-en-flagrancia-en-suaza-huila\/#primaryimage"},"image":{"@id":"https:\/\/ardigitalnoticias.com\/index.php\/2023\/12\/13\/cayo-el-presunto-responsable-de-incendiar-un-bus-en-altamira-capturado-en-flagrancia-en-suaza-huila\/#primaryimage"},"thumbnailUrl":"https:\/\/ardigitalnoticias.com\/wp-content\/uploads\/2023\/12\/Captura-de-pantalla-1909.png","datePublished":"2023-12-13T18:00:00+00:00","dateModified":"2023-12-16T23:13:14+00:00","breadcrumb":{"@id":"https:\/\/ardigitalnoticias.com\/index.php\/2023\/12\/13\/cayo-el-presunto-responsable-de-incendiar-un-bus-en-altamira-capturado-en-flagrancia-en-suaza-huila\/#breadcrumb"},"inLanguage":"es","potentialAction":[{"@type":"ReadAction","target":["https:\/\/ardigitalnoticias.com\/index.php\/2023\/12\/13\/cayo-el-presunto-responsable-de-incendiar-un-bus-en-altamira-capturado-en-flagrancia-en-suaza-huila\/"]}]},{"@type":"ImageObject","inLanguage":"es","@id":"https:\/\/ardigitalnoticias.com\/index.php\/2023\/12\/13\/cayo-el-presunto-responsable-de-incendiar-un-bus-en-altamira-capturado-en-flagrancia-en-suaza-huila\/#primaryimage","url":"https:\/\/ardigitalnoticias.com\/wp-content\/uploads\/2023\/12\/Captura-de-pantalla-1909.png","contentUrl":"https:\/\/ardigitalnoticias.com\/wp-content\/uploads\/2023\/12\/Captura-de-pantalla-1909.png","width":1000,"height":721},{"@type":"BreadcrumbList","@id":"https:\/\/ardigitalnoticias.com\/index.php\/2023\/12\/13\/cayo-el-presunto-responsable-de-incendiar-un-bus-en-altamira-capturado-en-flagrancia-en-suaza-huila\/#breadcrumb","itemListElement":[{"@type":"ListItem","position":1,"name":"Portada","item":"https:\/\/ardigitalnoticias.com\/"},{"@type":"ListItem","position":2,"name":"CAY\u00d3 EL PRESUNTO RESPONSABLE DE INCENDIAR UN BUS EN ALTAMIRA, CAPTURADO EN FLAGRANCIA EN SUAZA, HUILA."}]},{"@type":"WebSite","@id":"https:\/\/ardigitalnoticias.com\/#website","url":"https:\/\/ardigitalnoticias.com\/","name":"AR Digital Noticias","description":"","publisher":{"@id":"https:\/\/ardigitalnoticias.com\/#organization"},"potentialAction":[{"@type":"SearchAction","target":{"@type":"EntryPoint","urlTemplate":"https:\/\/ardigitalnoticias.com\/?s={search_term_string}"},"query-input":{"@type":"PropertyValueSpecification","valueRequired":true,"valueName":"search_term_string"}}],"inLanguage":"es"},{"@type":"Organization","@id":"https:\/\/ardigitalnoticias.com\/#organization","name":"AR Digital Noticias","url":"https:\/\/ardigitalnoticias.com\/","logo":{"@type":"ImageObject","inLanguage":"es","@id":"https:\/\/ardigitalnoticias.com\/#\/schema\/logo\/image\/","url":"https:\/\/ardigitalnoticias.com\/wp-content\/uploads\/2023\/11\/cropped-cropped-cropped-cropped-AR-Digital-Noticias-1.png","contentUrl":"https:\/\/ardigitalnoticias.com\/wp-content\/uploads\/2023\/11\/cropped-cropped-cropped-cropped-AR-Digital-Noticias-1.png","width":972,"height":306,"caption":"AR Digital Noticias"},"image":{"@id":"https:\/\/ardigitalnoticias.com\/#\/schema\/logo\/image\/"}},{"@type":"Person","@id":"https:\/\/ardigitalnoticias.com\/#\/schema\/person\/4d6f832eb727144069aa5231406bee31","name":"ardigitalnoticias.com","image":{"@type":"ImageObject","inLanguage":"es","@id":"https:\/\/secure.gravatar.com\/avatar\/4777fdc30546e8e4ffc5a3fbcdaddaae052002d1d9cc417a1f9f76349f6f1ecd?s=96&d=mm&r=g","url":"https:\/\/secure.gravatar.com\/avatar\/4777fdc30546e8e4ffc5a3fbcdaddaae052002d1d9cc417a1f9f76349f6f1ecd?s=96&d=mm&r=g","contentUrl":"https:\/\/secure.gravatar.com\/avatar\/4777fdc30546e8e4ffc5a3fbcdaddaae052002d1d9cc417a1f9f76349f6f1ecd?s=96&d=mm&r=g","caption":"ardigitalnoticias.com"},"sameAs":["http:\/\/ardigitalnoticias.com"],"url":"https:\/\/ardigitalnoticias.com\/index.php\/author\/ardigitalnoticias-com\/"}]}},"_links":{"self":[{"href":"https:\/\/ardigitalnoticias.com\/index.php\/wp-json\/wp\/v2\/posts\/1140","targetHints":{"allow":["GET"]}}],"collection":[{"href":"https:\/\/ardigitalnoticias.com\/index.php\/wp-json\/wp\/v2\/posts"}],"about":[{"href":"https:\/\/ardigitalnoticias.com\/index.php\/wp-json\/wp\/v2\/types\/post"}],"author":[{"embeddable":true,"href":"https:\/\/ardigitalnoticias.com\/index.php\/wp-json\/wp\/v2\/users\/1"}],"replies":[{"embeddable":true,"href":"https:\/\/ardigitalnoticias.com\/index.php\/wp-json\/wp\/v2\/comments?post=1140"}],"version-history":[{"count":1,"href":"https:\/\/ardigitalnoticias.com\/index.php\/wp-json\/wp\/v2\/posts\/1140\/revisions"}],"predecessor-version":[{"id":1142,"href":"https:\/\/ardigitalnoticias.com\/index.php\/wp-json\/wp\/v2\/posts\/1140\/revisions\/1142"}],"wp:featuredmedia":[{"embeddable":true,"href":"https:\/\/ardigitalnoticias.com\/index.php\/wp-json\/wp\/v2\/media\/1141"}],"wp:attachment":[{"href":"https:\/\/ardigitalnoticias.com\/index.php\/wp-json\/wp\/v2\/media?parent=1140"}],"wp:term":[{"taxonomy":"category","embeddable":true,"href":"https:\/\/ardigitalnoticias.com\/index.php\/wp-json\/wp\/v2\/categories?post=1140"},{"taxonomy":"post_tag","embeddable":true,"href":"https:\/\/ardigitalnoticias.com\/index.php\/wp-json\/wp\/v2\/tags?post=1140"}],"curies":[{"name":"wp","href":"https:\/\/api.w.org\/{rel}","templated":true}]}}