{"id":1131,"date":"2023-12-13T08:42:00","date_gmt":"2023-12-13T13:42:00","guid":{"rendered":"https:\/\/ardigitalnoticias.com\/?p=1131"},"modified":"2023-12-13T13:44:40","modified_gmt":"2023-12-13T18:44:40","slug":"don-panelo-recibe-dura-sancion-de-12-anos-de-inhabilidad","status":"publish","type":"post","link":"https:\/\/ardigitalnoticias.com\/index.php\/2023\/12\/13\/don-panelo-recibe-dura-sancion-de-12-anos-de-inhabilidad\/","title":{"rendered":"DON PANELO RECIBE DURA SANCI\u00d3N DE 12 A\u00d1OS DE INHABILIDAD"},"content":{"rendered":"\n<p>En una decisi\u00f3n hist\u00f3rica, el exalcalde del municipio de Isnos, Rigoberto Rosero G\u00f3mez, conocido como &#8216;Don Panelo&#8217;, fue sancionado con doce a\u00f1os de inhabilidad para ocupar cualquier cargo p\u00fablico. La medida fue impuesta por Jhon Fredy Gualy Castro, procurador Provincial de Juzgamiento de Neiva, tras un exhaustivo an\u00e1lisis de pruebas documentales y testimoniales.<\/p>\n\n\n\n<p>La sanci\u00f3n, que incluye la destituci\u00f3n del <a><\/a>cargo, se bas\u00f3 en el uso indebido de un documento en blanco firmado por la entonces gerente del Hospital San Jos\u00e9 del municipio, Adriana Lizeth Le\u00f3n Ortiz. &#8216;Don Panelo&#8217; pretend\u00eda sacarla de su posici\u00f3n, pero la Procuradur\u00eda determin\u00f3 que dicho acto era irregular.<\/p>\n\n\n\n<p>La investigaci\u00f3n disciplinaria fue iniciada a ra\u00edz de la queja presentada por Juli\u00e1n Espa\u00f1a Mu\u00f1oz, quien cuestion\u00f3 la autenticidad de la renuncia de Adriana Lizeth Le\u00f3n Ortiz. Las declaraciones de la misma gerente y de Ruth Mildred Puentes Montenegro, quien asumi\u00f3 el cargo, resultaron esenciales para la sanci\u00f3n que recae sobre el exmandatario del partido Centro Democr\u00e1tico en la Capital Panelera del Huila.<\/p>\n","protected":false},"excerpt":{"rendered":"<p>En una decisi\u00f3n hist\u00f3rica, el exalcalde del municipio de Isnos, Rigoberto Rosero G\u00f3mez, conocido como &#8216;Don Panelo&#8217;, fue sancionado con doce a\u00f1os de inhabilidad para ocupar cualquier cargo p\u00fablico. La medida fue impuesta por Jhon Fredy Gualy Castro, procurador Provincial de Juzgamiento de Neiva, tras un exhaustivo an\u00e1lisis de pruebas documentales y testimoniales. La sanci\u00f3n, [&hellip;]<\/p>\n","protected":false},"author":1,"featured_media":1132,"comment_status":"open","ping_status":"open","sticky":false,"template":"","format":"standard","meta":{"_acf_changed":false,"_joinchat":[],"footnotes":""},"categories":[1,19],"tags":[],"class_list":{"0":"post-1131","1":"post","2":"type-post","3":"status-publish","4":"format-standard","5":"has-post-thumbnail","7":"category-actualidad","8":"category-regional"},"acf":[],"yoast_head":"<!-- This site is optimized with the Yoast SEO plugin v27.5 - https:\/\/yoast.com\/product\/yoast-seo-wordpress\/ -->\n<title>DON PANELO RECIBE DURA SANCI\u00d3N DE 12 A\u00d1OS DE INHABILIDAD - AR Digital Noticias<\/title>\n<meta name=\"robots\" content=\"index, follow, max-snippet:-1, max-image-preview:large, max-video-preview:-1\" \/>\n<link rel=\"canonical\" href=\"https:\/\/ardigitalnoticias.com\/index.php\/2023\/12\/13\/don-panelo-recibe-dura-sancion-de-12-anos-de-inhabilidad\/\" \/>\n<meta property=\"og:locale\" content=\"es_ES\" \/>\n<meta property=\"og:type\" content=\"article\" \/>\n<meta property=\"og:title\" content=\"DON PANELO RECIBE DURA SANCI\u00d3N DE 12 A\u00d1OS DE INHABILIDAD - AR Digital Noticias\" \/>\n<meta property=\"og:description\" content=\"En una decisi\u00f3n hist\u00f3rica, el exalcalde del municipio de Isnos, Rigoberto Rosero G\u00f3mez, conocido como &#8216;Don Panelo&#8217;, fue sancionado con doce a\u00f1os de inhabilidad para ocupar cualquier cargo p\u00fablico. La medida fue impuesta por Jhon Fredy Gualy Castro, procurador Provincial de Juzgamiento de Neiva, tras un exhaustivo an\u00e1lisis de pruebas documentales y testimoniales. La sanci\u00f3n, [&hellip;]\" \/>\n<meta property=\"og:url\" content=\"https:\/\/ardigitalnoticias.com\/index.php\/2023\/12\/13\/don-panelo-recibe-dura-sancion-de-12-anos-de-inhabilidad\/\" \/>\n<meta property=\"og:site_name\" content=\"AR Digital Noticias\" \/>\n<meta property=\"article:published_time\" content=\"2023-12-13T13:42:00+00:00\" \/>\n<meta property=\"article:modified_time\" content=\"2023-12-13T18:44:40+00:00\" \/>\n<meta property=\"og:image\" content=\"https:\/\/ardigitalnoticias.com\/wp-content\/uploads\/2023\/12\/410382482_752208896927308_5873873444984870739_n.jpg\" \/>\n\t<meta property=\"og:image:width\" content=\"960\" \/>\n\t<meta property=\"og:image:height\" content=\"684\" \/>\n\t<meta property=\"og:image:type\" content=\"image\/jpeg\" \/>\n<meta name=\"author\" content=\"ardigitalnoticias.com\" \/>\n<meta name=\"twitter:card\" content=\"summary_large_image\" \/>\n<meta name=\"twitter:label1\" content=\"Escrito por\" \/>\n\t<meta name=\"twitter:data1\" content=\"ardigitalnoticias.com\" \/>\n\t<meta name=\"twitter:label2\" content=\"Tiempo de lectura\" \/>\n\t<meta name=\"twitter:data2\" content=\"1 minuto\" \/>\n<script type=\"application\/ld+json\" class=\"yoast-schema-graph\">{\"@context\":\"https:\\\/\\\/schema.org\",\"@graph\":[{\"@type\":\"Article\",\"@id\":\"https:\\\/\\\/ardigitalnoticias.com\\\/index.php\\\/2023\\\/12\\\/13\\\/don-panelo-recibe-dura-sancion-de-12-anos-de-inhabilidad\\\/#article\",\"isPartOf\":{\"@id\":\"https:\\\/\\\/ardigitalnoticias.com\\\/index.php\\\/2023\\\/12\\\/13\\\/don-panelo-recibe-dura-sancion-de-12-anos-de-inhabilidad\\\/\"},\"author\":{\"name\":\"ardigitalnoticias.com\",\"@id\":\"https:\\\/\\\/ardigitalnoticias.com\\\/#\\\/schema\\\/person\\\/4d6f832eb727144069aa5231406bee31\"},\"headline\":\"DON PANELO RECIBE DURA SANCI\u00d3N DE 12 A\u00d1OS DE INHABILIDAD\",\"datePublished\":\"2023-12-13T13:42:00+00:00\",\"dateModified\":\"2023-12-13T18:44:40+00:00\",\"mainEntityOfPage\":{\"@id\":\"https:\\\/\\\/ardigitalnoticias.com\\\/index.php\\\/2023\\\/12\\\/13\\\/don-panelo-recibe-dura-sancion-de-12-anos-de-inhabilidad\\\/\"},\"wordCount\":197,\"commentCount\":0,\"publisher\":{\"@id\":\"https:\\\/\\\/ardigitalnoticias.com\\\/#organization\"},\"image\":{\"@id\":\"https:\\\/\\\/ardigitalnoticias.com\\\/index.php\\\/2023\\\/12\\\/13\\\/don-panelo-recibe-dura-sancion-de-12-anos-de-inhabilidad\\\/#primaryimage\"},\"thumbnailUrl\":\"https:\\\/\\\/ardigitalnoticias.com\\\/wp-content\\\/uploads\\\/2023\\\/12\\\/410382482_752208896927308_5873873444984870739_n.jpg\",\"articleSection\":[\"Actualidad\",\"Regional\"],\"inLanguage\":\"es\",\"potentialAction\":[{\"@type\":\"CommentAction\",\"name\":\"Comment\",\"target\":[\"https:\\\/\\\/ardigitalnoticias.com\\\/index.php\\\/2023\\\/12\\\/13\\\/don-panelo-recibe-dura-sancion-de-12-anos-de-inhabilidad\\\/#respond\"]}]},{\"@type\":\"WebPage\",\"@id\":\"https:\\\/\\\/ardigitalnoticias.com\\\/index.php\\\/2023\\\/12\\\/13\\\/don-panelo-recibe-dura-sancion-de-12-anos-de-inhabilidad\\\/\",\"url\":\"https:\\\/\\\/ardigitalnoticias.com\\\/index.php\\\/2023\\\/12\\\/13\\\/don-panelo-recibe-dura-sancion-de-12-anos-de-inhabilidad\\\/\",\"name\":\"DON PANELO RECIBE DURA SANCI\u00d3N DE 12 A\u00d1OS DE INHABILIDAD - AR Digital Noticias\",\"isPartOf\":{\"@id\":\"https:\\\/\\\/ardigitalnoticias.com\\\/#website\"},\"primaryImageOfPage\":{\"@id\":\"https:\\\/\\\/ardigitalnoticias.com\\\/index.php\\\/2023\\\/12\\\/13\\\/don-panelo-recibe-dura-sancion-de-12-anos-de-inhabilidad\\\/#primaryimage\"},\"image\":{\"@id\":\"https:\\\/\\\/ardigitalnoticias.com\\\/index.php\\\/2023\\\/12\\\/13\\\/don-panelo-recibe-dura-sancion-de-12-anos-de-inhabilidad\\\/#primaryimage\"},\"thumbnailUrl\":\"https:\\\/\\\/ardigitalnoticias.com\\\/wp-content\\\/uploads\\\/2023\\\/12\\\/410382482_752208896927308_5873873444984870739_n.jpg\",\"datePublished\":\"2023-12-13T13:42:00+00:00\",\"dateModified\":\"2023-12-13T18:44:40+00:00\",\"breadcrumb\":{\"@id\":\"https:\\\/\\\/ardigitalnoticias.com\\\/index.php\\\/2023\\\/12\\\/13\\\/don-panelo-recibe-dura-sancion-de-12-anos-de-inhabilidad\\\/#breadcrumb\"},\"inLanguage\":\"es\",\"potentialAction\":[{\"@type\":\"ReadAction\",\"target\":[\"https:\\\/\\\/ardigitalnoticias.com\\\/index.php\\\/2023\\\/12\\\/13\\\/don-panelo-recibe-dura-sancion-de-12-anos-de-inhabilidad\\\/\"]}]},{\"@type\":\"ImageObject\",\"inLanguage\":\"es\",\"@id\":\"https:\\\/\\\/ardigitalnoticias.com\\\/index.php\\\/2023\\\/12\\\/13\\\/don-panelo-recibe-dura-sancion-de-12-anos-de-inhabilidad\\\/#primaryimage\",\"url\":\"https:\\\/\\\/ardigitalnoticias.com\\\/wp-content\\\/uploads\\\/2023\\\/12\\\/410382482_752208896927308_5873873444984870739_n.jpg\",\"contentUrl\":\"https:\\\/\\\/ardigitalnoticias.com\\\/wp-content\\\/uploads\\\/2023\\\/12\\\/410382482_752208896927308_5873873444984870739_n.jpg\",\"width\":960,\"height\":684},{\"@type\":\"BreadcrumbList\",\"@id\":\"https:\\\/\\\/ardigitalnoticias.com\\\/index.php\\\/2023\\\/12\\\/13\\\/don-panelo-recibe-dura-sancion-de-12-anos-de-inhabilidad\\\/#breadcrumb\",\"itemListElement\":[{\"@type\":\"ListItem\",\"position\":1,\"name\":\"Portada\",\"item\":\"https:\\\/\\\/ardigitalnoticias.com\\\/\"},{\"@type\":\"ListItem\",\"position\":2,\"name\":\"DON PANELO RECIBE DURA SANCI\u00d3N DE 12 A\u00d1OS DE INHABILIDAD\"}]},{\"@type\":\"WebSite\",\"@id\":\"https:\\\/\\\/ardigitalnoticias.com\\\/#website\",\"url\":\"https:\\\/\\\/ardigitalnoticias.com\\\/\",\"name\":\"AR Digital Noticias\",\"description\":\"\",\"publisher\":{\"@id\":\"https:\\\/\\\/ardigitalnoticias.com\\\/#organization\"},\"potentialAction\":[{\"@type\":\"SearchAction\",\"target\":{\"@type\":\"EntryPoint\",\"urlTemplate\":\"https:\\\/\\\/ardigitalnoticias.com\\\/?s={search_term_string}\"},\"query-input\":{\"@type\":\"PropertyValueSpecification\",\"valueRequired\":true,\"valueName\":\"search_term_string\"}}],\"inLanguage\":\"es\"},{\"@type\":\"Organization\",\"@id\":\"https:\\\/\\\/ardigitalnoticias.com\\\/#organization\",\"name\":\"AR Digital Noticias\",\"url\":\"https:\\\/\\\/ardigitalnoticias.com\\\/\",\"logo\":{\"@type\":\"ImageObject\",\"inLanguage\":\"es\",\"@id\":\"https:\\\/\\\/ardigitalnoticias.com\\\/#\\\/schema\\\/logo\\\/image\\\/\",\"url\":\"https:\\\/\\\/ardigitalnoticias.com\\\/wp-content\\\/uploads\\\/2023\\\/11\\\/cropped-cropped-cropped-cropped-AR-Digital-Noticias-1.png\",\"contentUrl\":\"https:\\\/\\\/ardigitalnoticias.com\\\/wp-content\\\/uploads\\\/2023\\\/11\\\/cropped-cropped-cropped-cropped-AR-Digital-Noticias-1.png\",\"width\":972,\"height\":306,\"caption\":\"AR Digital Noticias\"},\"image\":{\"@id\":\"https:\\\/\\\/ardigitalnoticias.com\\\/#\\\/schema\\\/logo\\\/image\\\/\"}},{\"@type\":\"Person\",\"@id\":\"https:\\\/\\\/ardigitalnoticias.com\\\/#\\\/schema\\\/person\\\/4d6f832eb727144069aa5231406bee31\",\"name\":\"ardigitalnoticias.com\",\"image\":{\"@type\":\"ImageObject\",\"inLanguage\":\"es\",\"@id\":\"https:\\\/\\\/secure.gravatar.com\\\/avatar\\\/4777fdc30546e8e4ffc5a3fbcdaddaae052002d1d9cc417a1f9f76349f6f1ecd?s=96&d=mm&r=g\",\"url\":\"https:\\\/\\\/secure.gravatar.com\\\/avatar\\\/4777fdc30546e8e4ffc5a3fbcdaddaae052002d1d9cc417a1f9f76349f6f1ecd?s=96&d=mm&r=g\",\"contentUrl\":\"https:\\\/\\\/secure.gravatar.com\\\/avatar\\\/4777fdc30546e8e4ffc5a3fbcdaddaae052002d1d9cc417a1f9f76349f6f1ecd?s=96&d=mm&r=g\",\"caption\":\"ardigitalnoticias.com\"},\"sameAs\":[\"http:\\\/\\\/ardigitalnoticias.com\"],\"url\":\"https:\\\/\\\/ardigitalnoticias.com\\\/index.php\\\/author\\\/ardigitalnoticias-com\\\/\"}]}<\/script>\n<!-- \/ Yoast SEO plugin. -->","yoast_head_json":{"title":"DON PANELO RECIBE DURA SANCI\u00d3N DE 12 A\u00d1OS DE INHABILIDAD - AR Digital Noticias","robots":{"index":"index","follow":"follow","max-snippet":"max-snippet:-1","max-image-preview":"max-image-preview:large","max-video-preview":"max-video-preview:-1"},"canonical":"https:\/\/ardigitalnoticias.com\/index.php\/2023\/12\/13\/don-panelo-recibe-dura-sancion-de-12-anos-de-inhabilidad\/","og_locale":"es_ES","og_type":"article","og_title":"DON PANELO RECIBE DURA SANCI\u00d3N DE 12 A\u00d1OS DE INHABILIDAD - AR Digital Noticias","og_description":"En una decisi\u00f3n hist\u00f3rica, el exalcalde del municipio de Isnos, Rigoberto Rosero G\u00f3mez, conocido como &#8216;Don Panelo&#8217;, fue sancionado con doce a\u00f1os de inhabilidad para ocupar cualquier cargo p\u00fablico. La medida fue impuesta por Jhon Fredy Gualy Castro, procurador Provincial de Juzgamiento de Neiva, tras un exhaustivo an\u00e1lisis de pruebas documentales y testimoniales. La sanci\u00f3n, [&hellip;]","og_url":"https:\/\/ardigitalnoticias.com\/index.php\/2023\/12\/13\/don-panelo-recibe-dura-sancion-de-12-anos-de-inhabilidad\/","og_site_name":"AR Digital Noticias","article_published_time":"2023-12-13T13:42:00+00:00","article_modified_time":"2023-12-13T18:44:40+00:00","og_image":[{"width":960,"height":684,"url":"https:\/\/ardigitalnoticias.com\/wp-content\/uploads\/2023\/12\/410382482_752208896927308_5873873444984870739_n.jpg","type":"image\/jpeg"}],"author":"ardigitalnoticias.com","twitter_card":"summary_large_image","twitter_misc":{"Escrito por":"ardigitalnoticias.com","Tiempo de lectura":"1 minuto"},"schema":{"@context":"https:\/\/schema.org","@graph":[{"@type":"Article","@id":"https:\/\/ardigitalnoticias.com\/index.php\/2023\/12\/13\/don-panelo-recibe-dura-sancion-de-12-anos-de-inhabilidad\/#article","isPartOf":{"@id":"https:\/\/ardigitalnoticias.com\/index.php\/2023\/12\/13\/don-panelo-recibe-dura-sancion-de-12-anos-de-inhabilidad\/"},"author":{"name":"ardigitalnoticias.com","@id":"https:\/\/ardigitalnoticias.com\/#\/schema\/person\/4d6f832eb727144069aa5231406bee31"},"headline":"DON PANELO RECIBE DURA SANCI\u00d3N DE 12 A\u00d1OS DE INHABILIDAD","datePublished":"2023-12-13T13:42:00+00:00","dateModified":"2023-12-13T18:44:40+00:00","mainEntityOfPage":{"@id":"https:\/\/ardigitalnoticias.com\/index.php\/2023\/12\/13\/don-panelo-recibe-dura-sancion-de-12-anos-de-inhabilidad\/"},"wordCount":197,"commentCount":0,"publisher":{"@id":"https:\/\/ardigitalnoticias.com\/#organization"},"image":{"@id":"https:\/\/ardigitalnoticias.com\/index.php\/2023\/12\/13\/don-panelo-recibe-dura-sancion-de-12-anos-de-inhabilidad\/#primaryimage"},"thumbnailUrl":"https:\/\/ardigitalnoticias.com\/wp-content\/uploads\/2023\/12\/410382482_752208896927308_5873873444984870739_n.jpg","articleSection":["Actualidad","Regional"],"inLanguage":"es","potentialAction":[{"@type":"CommentAction","name":"Comment","target":["https:\/\/ardigitalnoticias.com\/index.php\/2023\/12\/13\/don-panelo-recibe-dura-sancion-de-12-anos-de-inhabilidad\/#respond"]}]},{"@type":"WebPage","@id":"https:\/\/ardigitalnoticias.com\/index.php\/2023\/12\/13\/don-panelo-recibe-dura-sancion-de-12-anos-de-inhabilidad\/","url":"https:\/\/ardigitalnoticias.com\/index.php\/2023\/12\/13\/don-panelo-recibe-dura-sancion-de-12-anos-de-inhabilidad\/","name":"DON PANELO RECIBE DURA SANCI\u00d3N DE 12 A\u00d1OS DE INHABILIDAD - AR Digital Noticias","isPartOf":{"@id":"https:\/\/ardigitalnoticias.com\/#website"},"primaryImageOfPage":{"@id":"https:\/\/ardigitalnoticias.com\/index.php\/2023\/12\/13\/don-panelo-recibe-dura-sancion-de-12-anos-de-inhabilidad\/#primaryimage"},"image":{"@id":"https:\/\/ardigitalnoticias.com\/index.php\/2023\/12\/13\/don-panelo-recibe-dura-sancion-de-12-anos-de-inhabilidad\/#primaryimage"},"thumbnailUrl":"https:\/\/ardigitalnoticias.com\/wp-content\/uploads\/2023\/12\/410382482_752208896927308_5873873444984870739_n.jpg","datePublished":"2023-12-13T13:42:00+00:00","dateModified":"2023-12-13T18:44:40+00:00","breadcrumb":{"@id":"https:\/\/ardigitalnoticias.com\/index.php\/2023\/12\/13\/don-panelo-recibe-dura-sancion-de-12-anos-de-inhabilidad\/#breadcrumb"},"inLanguage":"es","potentialAction":[{"@type":"ReadAction","target":["https:\/\/ardigitalnoticias.com\/index.php\/2023\/12\/13\/don-panelo-recibe-dura-sancion-de-12-anos-de-inhabilidad\/"]}]},{"@type":"ImageObject","inLanguage":"es","@id":"https:\/\/ardigitalnoticias.com\/index.php\/2023\/12\/13\/don-panelo-recibe-dura-sancion-de-12-anos-de-inhabilidad\/#primaryimage","url":"https:\/\/ardigitalnoticias.com\/wp-content\/uploads\/2023\/12\/410382482_752208896927308_5873873444984870739_n.jpg","contentUrl":"https:\/\/ardigitalnoticias.com\/wp-content\/uploads\/2023\/12\/410382482_752208896927308_5873873444984870739_n.jpg","width":960,"height":684},{"@type":"BreadcrumbList","@id":"https:\/\/ardigitalnoticias.com\/index.php\/2023\/12\/13\/don-panelo-recibe-dura-sancion-de-12-anos-de-inhabilidad\/#breadcrumb","itemListElement":[{"@type":"ListItem","position":1,"name":"Portada","item":"https:\/\/ardigitalnoticias.com\/"},{"@type":"ListItem","position":2,"name":"DON PANELO RECIBE DURA SANCI\u00d3N DE 12 A\u00d1OS DE INHABILIDAD"}]},{"@type":"WebSite","@id":"https:\/\/ardigitalnoticias.com\/#website","url":"https:\/\/ardigitalnoticias.com\/","name":"AR Digital Noticias","description":"","publisher":{"@id":"https:\/\/ardigitalnoticias.com\/#organization"},"potentialAction":[{"@type":"SearchAction","target":{"@type":"EntryPoint","urlTemplate":"https:\/\/ardigitalnoticias.com\/?s={search_term_string}"},"query-input":{"@type":"PropertyValueSpecification","valueRequired":true,"valueName":"search_term_string"}}],"inLanguage":"es"},{"@type":"Organization","@id":"https:\/\/ardigitalnoticias.com\/#organization","name":"AR Digital Noticias","url":"https:\/\/ardigitalnoticias.com\/","logo":{"@type":"ImageObject","inLanguage":"es","@id":"https:\/\/ardigitalnoticias.com\/#\/schema\/logo\/image\/","url":"https:\/\/ardigitalnoticias.com\/wp-content\/uploads\/2023\/11\/cropped-cropped-cropped-cropped-AR-Digital-Noticias-1.png","contentUrl":"https:\/\/ardigitalnoticias.com\/wp-content\/uploads\/2023\/11\/cropped-cropped-cropped-cropped-AR-Digital-Noticias-1.png","width":972,"height":306,"caption":"AR Digital Noticias"},"image":{"@id":"https:\/\/ardigitalnoticias.com\/#\/schema\/logo\/image\/"}},{"@type":"Person","@id":"https:\/\/ardigitalnoticias.com\/#\/schema\/person\/4d6f832eb727144069aa5231406bee31","name":"ardigitalnoticias.com","image":{"@type":"ImageObject","inLanguage":"es","@id":"https:\/\/secure.gravatar.com\/avatar\/4777fdc30546e8e4ffc5a3fbcdaddaae052002d1d9cc417a1f9f76349f6f1ecd?s=96&d=mm&r=g","url":"https:\/\/secure.gravatar.com\/avatar\/4777fdc30546e8e4ffc5a3fbcdaddaae052002d1d9cc417a1f9f76349f6f1ecd?s=96&d=mm&r=g","contentUrl":"https:\/\/secure.gravatar.com\/avatar\/4777fdc30546e8e4ffc5a3fbcdaddaae052002d1d9cc417a1f9f76349f6f1ecd?s=96&d=mm&r=g","caption":"ardigitalnoticias.com"},"sameAs":["http:\/\/ardigitalnoticias.com"],"url":"https:\/\/ardigitalnoticias.com\/index.php\/author\/ardigitalnoticias-com\/"}]}},"_links":{"self":[{"href":"https:\/\/ardigitalnoticias.com\/index.php\/wp-json\/wp\/v2\/posts\/1131","targetHints":{"allow":["GET"]}}],"collection":[{"href":"https:\/\/ardigitalnoticias.com\/index.php\/wp-json\/wp\/v2\/posts"}],"about":[{"href":"https:\/\/ardigitalnoticias.com\/index.php\/wp-json\/wp\/v2\/types\/post"}],"author":[{"embeddable":true,"href":"https:\/\/ardigitalnoticias.com\/index.php\/wp-json\/wp\/v2\/users\/1"}],"replies":[{"embeddable":true,"href":"https:\/\/ardigitalnoticias.com\/index.php\/wp-json\/wp\/v2\/comments?post=1131"}],"version-history":[{"count":1,"href":"https:\/\/ardigitalnoticias.com\/index.php\/wp-json\/wp\/v2\/posts\/1131\/revisions"}],"predecessor-version":[{"id":1133,"href":"https:\/\/ardigitalnoticias.com\/index.php\/wp-json\/wp\/v2\/posts\/1131\/revisions\/1133"}],"wp:featuredmedia":[{"embeddable":true,"href":"https:\/\/ardigitalnoticias.com\/index.php\/wp-json\/wp\/v2\/media\/1132"}],"wp:attachment":[{"href":"https:\/\/ardigitalnoticias.com\/index.php\/wp-json\/wp\/v2\/media?parent=1131"}],"wp:term":[{"taxonomy":"category","embeddable":true,"href":"https:\/\/ardigitalnoticias.com\/index.php\/wp-json\/wp\/v2\/categories?post=1131"},{"taxonomy":"post_tag","embeddable":true,"href":"https:\/\/ardigitalnoticias.com\/index.php\/wp-json\/wp\/v2\/tags?post=1131"}],"curies":[{"name":"wp","href":"https:\/\/api.w.org\/{rel}","templated":true}]}}