{"id":1114,"date":"2023-12-11T22:33:00","date_gmt":"2023-12-12T03:33:00","guid":{"rendered":"https:\/\/ardigitalnoticias.com\/?p=1114"},"modified":"2023-12-13T10:34:30","modified_gmt":"2023-12-13T15:34:30","slug":"destacada-condecoracion-al-medico-y-ex-candidato-a-la-alcaldia-de-garzon-fredy-murcia-torres","status":"publish","type":"post","link":"https:\/\/ardigitalnoticias.com\/index.php\/2023\/12\/11\/destacada-condecoracion-al-medico-y-ex-candidato-a-la-alcaldia-de-garzon-fredy-murcia-torres\/","title":{"rendered":"DESTACADA CONDECORACI\u00d3N AL M\u00c9DICO Y EX CANDIDATO A LA ALCALD\u00cdA DE GARZ\u00d3N FREDY MURCIA TORRES"},"content":{"rendered":"\n<p>En una emotiva ceremonia, la Polic\u00eda Metropolitana de Bogot\u00e1, encabezada por la distinguida Brigadier general Sandra Hern\u00e1ndez, en colaboraci\u00f3n con la alcald\u00eda local de los M\u00e1rtires y el referente de seguridad Dr. Hernando Espeleta, ha otorgado la condecoraci\u00f3n de Gran Oficial al Dr. Fredy Murcia Torres.<\/p>\n\n\n\n<p>Este reconocimiento, merecido por su arduo trabajo como m\u00e9dico y su contribuci\u00f3n significativa a la comunidad.<\/p>\n\n\n<div class=\"wp-block-image\">\n<figure class=\"aligncenter size-full\"><img loading=\"lazy\" decoding=\"async\" width=\"1000\" height=\"750\" src=\"https:\/\/ardigitalnoticias.com\/wp-content\/uploads\/2023\/12\/408169592_751348827013315_5491178025993739527_n-1.jpg\" alt=\"\" class=\"wp-image-1112\" srcset=\"https:\/\/ardigitalnoticias.com\/wp-content\/uploads\/2023\/12\/408169592_751348827013315_5491178025993739527_n-1.jpg 1000w, https:\/\/ardigitalnoticias.com\/wp-content\/uploads\/2023\/12\/408169592_751348827013315_5491178025993739527_n-1-300x225.jpg 300w, https:\/\/ardigitalnoticias.com\/wp-content\/uploads\/2023\/12\/408169592_751348827013315_5491178025993739527_n-1-768x576.jpg 768w, https:\/\/ardigitalnoticias.com\/wp-content\/uploads\/2023\/12\/408169592_751348827013315_5491178025993739527_n-1-16x12.jpg 16w, https:\/\/ardigitalnoticias.com\/wp-content\/uploads\/2023\/12\/408169592_751348827013315_5491178025993739527_n-1-150x113.jpg 150w, https:\/\/ardigitalnoticias.com\/wp-content\/uploads\/2023\/12\/408169592_751348827013315_5491178025993739527_n-1-696x522.jpg 696w\" sizes=\"auto, (max-width: 1000px) 100vw, 1000px\" \/><\/figure>\n<\/div>","protected":false},"excerpt":{"rendered":"<p>En una emotiva ceremonia, la Polic\u00eda Metropolitana de Bogot\u00e1, encabezada por la distinguida Brigadier general Sandra Hern\u00e1ndez, en colaboraci\u00f3n con la alcald\u00eda local de los M\u00e1rtires y el referente de seguridad Dr. Hernando Espeleta, ha otorgado la condecoraci\u00f3n de Gran Oficial al Dr. Fredy Murcia Torres. Este reconocimiento, merecido por su arduo trabajo como m\u00e9dico [&hellip;]<\/p>\n","protected":false},"author":1,"featured_media":1113,"comment_status":"open","ping_status":"open","sticky":false,"template":"","format":"standard","meta":{"_acf_changed":false,"_joinchat":[],"footnotes":""},"categories":[1],"tags":[],"class_list":{"0":"post-1114","1":"post","2":"type-post","3":"status-publish","4":"format-standard","5":"has-post-thumbnail","7":"category-actualidad"},"acf":[],"yoast_head":"<!-- This site is optimized with the Yoast SEO plugin v27.5 - https:\/\/yoast.com\/product\/yoast-seo-wordpress\/ -->\n<title>DESTACADA CONDECORACI\u00d3N AL M\u00c9DICO Y EX CANDIDATO A LA ALCALD\u00cdA DE GARZ\u00d3N FREDY MURCIA TORRES - AR Digital Noticias<\/title>\n<meta name=\"robots\" content=\"index, follow, max-snippet:-1, max-image-preview:large, max-video-preview:-1\" \/>\n<link rel=\"canonical\" href=\"https:\/\/ardigitalnoticias.com\/index.php\/2023\/12\/11\/destacada-condecoracion-al-medico-y-ex-candidato-a-la-alcaldia-de-garzon-fredy-murcia-torres\/\" \/>\n<meta property=\"og:locale\" content=\"es_ES\" \/>\n<meta property=\"og:type\" content=\"article\" \/>\n<meta property=\"og:title\" content=\"DESTACADA CONDECORACI\u00d3N AL M\u00c9DICO Y EX CANDIDATO A LA ALCALD\u00cdA DE GARZ\u00d3N FREDY MURCIA TORRES - AR Digital Noticias\" \/>\n<meta property=\"og:description\" content=\"En una emotiva ceremonia, la Polic\u00eda Metropolitana de Bogot\u00e1, encabezada por la distinguida Brigadier general Sandra Hern\u00e1ndez, en colaboraci\u00f3n con la alcald\u00eda local de los M\u00e1rtires y el referente de seguridad Dr. Hernando Espeleta, ha otorgado la condecoraci\u00f3n de Gran Oficial al Dr. Fredy Murcia Torres. Este reconocimiento, merecido por su arduo trabajo como m\u00e9dico [&hellip;]\" \/>\n<meta property=\"og:url\" content=\"https:\/\/ardigitalnoticias.com\/index.php\/2023\/12\/11\/destacada-condecoracion-al-medico-y-ex-candidato-a-la-alcaldia-de-garzon-fredy-murcia-torres\/\" \/>\n<meta property=\"og:site_name\" content=\"AR Digital Noticias\" \/>\n<meta property=\"article:published_time\" content=\"2023-12-12T03:33:00+00:00\" \/>\n<meta property=\"article:modified_time\" content=\"2023-12-13T15:34:30+00:00\" \/>\n<meta property=\"og:image\" content=\"https:\/\/ardigitalnoticias.com\/wp-content\/uploads\/2023\/12\/408869765_751348620346669_8874852809484972783_n-1.jpg\" \/>\n\t<meta property=\"og:image:width\" content=\"1000\" \/>\n\t<meta property=\"og:image:height\" content=\"750\" \/>\n\t<meta property=\"og:image:type\" content=\"image\/jpeg\" \/>\n<meta name=\"author\" content=\"ardigitalnoticias.com\" \/>\n<meta name=\"twitter:card\" content=\"summary_large_image\" \/>\n<meta name=\"twitter:label1\" content=\"Escrito por\" \/>\n\t<meta name=\"twitter:data1\" content=\"ardigitalnoticias.com\" \/>\n\t<meta name=\"twitter:label2\" content=\"Tiempo de lectura\" \/>\n\t<meta name=\"twitter:data2\" content=\"1 minuto\" \/>\n<script type=\"application\/ld+json\" class=\"yoast-schema-graph\">{\"@context\":\"https:\\\/\\\/schema.org\",\"@graph\":[{\"@type\":\"Article\",\"@id\":\"https:\\\/\\\/ardigitalnoticias.com\\\/index.php\\\/2023\\\/12\\\/11\\\/destacada-condecoracion-al-medico-y-ex-candidato-a-la-alcaldia-de-garzon-fredy-murcia-torres\\\/#article\",\"isPartOf\":{\"@id\":\"https:\\\/\\\/ardigitalnoticias.com\\\/index.php\\\/2023\\\/12\\\/11\\\/destacada-condecoracion-al-medico-y-ex-candidato-a-la-alcaldia-de-garzon-fredy-murcia-torres\\\/\"},\"author\":{\"name\":\"ardigitalnoticias.com\",\"@id\":\"https:\\\/\\\/ardigitalnoticias.com\\\/#\\\/schema\\\/person\\\/4d6f832eb727144069aa5231406bee31\"},\"headline\":\"DESTACADA CONDECORACI\u00d3N AL M\u00c9DICO Y EX CANDIDATO A LA ALCALD\u00cdA DE GARZ\u00d3N FREDY MURCIA TORRES\",\"datePublished\":\"2023-12-12T03:33:00+00:00\",\"dateModified\":\"2023-12-13T15:34:30+00:00\",\"mainEntityOfPage\":{\"@id\":\"https:\\\/\\\/ardigitalnoticias.com\\\/index.php\\\/2023\\\/12\\\/11\\\/destacada-condecoracion-al-medico-y-ex-candidato-a-la-alcaldia-de-garzon-fredy-murcia-torres\\\/\"},\"wordCount\":89,\"commentCount\":0,\"publisher\":{\"@id\":\"https:\\\/\\\/ardigitalnoticias.com\\\/#organization\"},\"image\":{\"@id\":\"https:\\\/\\\/ardigitalnoticias.com\\\/index.php\\\/2023\\\/12\\\/11\\\/destacada-condecoracion-al-medico-y-ex-candidato-a-la-alcaldia-de-garzon-fredy-murcia-torres\\\/#primaryimage\"},\"thumbnailUrl\":\"https:\\\/\\\/ardigitalnoticias.com\\\/wp-content\\\/uploads\\\/2023\\\/12\\\/408869765_751348620346669_8874852809484972783_n-1.jpg\",\"articleSection\":[\"Actualidad\"],\"inLanguage\":\"es\",\"potentialAction\":[{\"@type\":\"CommentAction\",\"name\":\"Comment\",\"target\":[\"https:\\\/\\\/ardigitalnoticias.com\\\/index.php\\\/2023\\\/12\\\/11\\\/destacada-condecoracion-al-medico-y-ex-candidato-a-la-alcaldia-de-garzon-fredy-murcia-torres\\\/#respond\"]}]},{\"@type\":\"WebPage\",\"@id\":\"https:\\\/\\\/ardigitalnoticias.com\\\/index.php\\\/2023\\\/12\\\/11\\\/destacada-condecoracion-al-medico-y-ex-candidato-a-la-alcaldia-de-garzon-fredy-murcia-torres\\\/\",\"url\":\"https:\\\/\\\/ardigitalnoticias.com\\\/index.php\\\/2023\\\/12\\\/11\\\/destacada-condecoracion-al-medico-y-ex-candidato-a-la-alcaldia-de-garzon-fredy-murcia-torres\\\/\",\"name\":\"DESTACADA CONDECORACI\u00d3N AL M\u00c9DICO Y EX CANDIDATO A LA ALCALD\u00cdA DE GARZ\u00d3N FREDY MURCIA TORRES - AR Digital Noticias\",\"isPartOf\":{\"@id\":\"https:\\\/\\\/ardigitalnoticias.com\\\/#website\"},\"primaryImageOfPage\":{\"@id\":\"https:\\\/\\\/ardigitalnoticias.com\\\/index.php\\\/2023\\\/12\\\/11\\\/destacada-condecoracion-al-medico-y-ex-candidato-a-la-alcaldia-de-garzon-fredy-murcia-torres\\\/#primaryimage\"},\"image\":{\"@id\":\"https:\\\/\\\/ardigitalnoticias.com\\\/index.php\\\/2023\\\/12\\\/11\\\/destacada-condecoracion-al-medico-y-ex-candidato-a-la-alcaldia-de-garzon-fredy-murcia-torres\\\/#primaryimage\"},\"thumbnailUrl\":\"https:\\\/\\\/ardigitalnoticias.com\\\/wp-content\\\/uploads\\\/2023\\\/12\\\/408869765_751348620346669_8874852809484972783_n-1.jpg\",\"datePublished\":\"2023-12-12T03:33:00+00:00\",\"dateModified\":\"2023-12-13T15:34:30+00:00\",\"breadcrumb\":{\"@id\":\"https:\\\/\\\/ardigitalnoticias.com\\\/index.php\\\/2023\\\/12\\\/11\\\/destacada-condecoracion-al-medico-y-ex-candidato-a-la-alcaldia-de-garzon-fredy-murcia-torres\\\/#breadcrumb\"},\"inLanguage\":\"es\",\"potentialAction\":[{\"@type\":\"ReadAction\",\"target\":[\"https:\\\/\\\/ardigitalnoticias.com\\\/index.php\\\/2023\\\/12\\\/11\\\/destacada-condecoracion-al-medico-y-ex-candidato-a-la-alcaldia-de-garzon-fredy-murcia-torres\\\/\"]}]},{\"@type\":\"ImageObject\",\"inLanguage\":\"es\",\"@id\":\"https:\\\/\\\/ardigitalnoticias.com\\\/index.php\\\/2023\\\/12\\\/11\\\/destacada-condecoracion-al-medico-y-ex-candidato-a-la-alcaldia-de-garzon-fredy-murcia-torres\\\/#primaryimage\",\"url\":\"https:\\\/\\\/ardigitalnoticias.com\\\/wp-content\\\/uploads\\\/2023\\\/12\\\/408869765_751348620346669_8874852809484972783_n-1.jpg\",\"contentUrl\":\"https:\\\/\\\/ardigitalnoticias.com\\\/wp-content\\\/uploads\\\/2023\\\/12\\\/408869765_751348620346669_8874852809484972783_n-1.jpg\",\"width\":1000,\"height\":750},{\"@type\":\"BreadcrumbList\",\"@id\":\"https:\\\/\\\/ardigitalnoticias.com\\\/index.php\\\/2023\\\/12\\\/11\\\/destacada-condecoracion-al-medico-y-ex-candidato-a-la-alcaldia-de-garzon-fredy-murcia-torres\\\/#breadcrumb\",\"itemListElement\":[{\"@type\":\"ListItem\",\"position\":1,\"name\":\"Portada\",\"item\":\"https:\\\/\\\/ardigitalnoticias.com\\\/\"},{\"@type\":\"ListItem\",\"position\":2,\"name\":\"DESTACADA CONDECORACI\u00d3N AL M\u00c9DICO Y EX CANDIDATO A LA ALCALD\u00cdA DE GARZ\u00d3N FREDY MURCIA TORRES\"}]},{\"@type\":\"WebSite\",\"@id\":\"https:\\\/\\\/ardigitalnoticias.com\\\/#website\",\"url\":\"https:\\\/\\\/ardigitalnoticias.com\\\/\",\"name\":\"AR Digital Noticias\",\"description\":\"\",\"publisher\":{\"@id\":\"https:\\\/\\\/ardigitalnoticias.com\\\/#organization\"},\"potentialAction\":[{\"@type\":\"SearchAction\",\"target\":{\"@type\":\"EntryPoint\",\"urlTemplate\":\"https:\\\/\\\/ardigitalnoticias.com\\\/?s={search_term_string}\"},\"query-input\":{\"@type\":\"PropertyValueSpecification\",\"valueRequired\":true,\"valueName\":\"search_term_string\"}}],\"inLanguage\":\"es\"},{\"@type\":\"Organization\",\"@id\":\"https:\\\/\\\/ardigitalnoticias.com\\\/#organization\",\"name\":\"AR Digital Noticias\",\"url\":\"https:\\\/\\\/ardigitalnoticias.com\\\/\",\"logo\":{\"@type\":\"ImageObject\",\"inLanguage\":\"es\",\"@id\":\"https:\\\/\\\/ardigitalnoticias.com\\\/#\\\/schema\\\/logo\\\/image\\\/\",\"url\":\"https:\\\/\\\/ardigitalnoticias.com\\\/wp-content\\\/uploads\\\/2023\\\/11\\\/cropped-cropped-cropped-cropped-AR-Digital-Noticias-1.png\",\"contentUrl\":\"https:\\\/\\\/ardigitalnoticias.com\\\/wp-content\\\/uploads\\\/2023\\\/11\\\/cropped-cropped-cropped-cropped-AR-Digital-Noticias-1.png\",\"width\":972,\"height\":306,\"caption\":\"AR Digital Noticias\"},\"image\":{\"@id\":\"https:\\\/\\\/ardigitalnoticias.com\\\/#\\\/schema\\\/logo\\\/image\\\/\"}},{\"@type\":\"Person\",\"@id\":\"https:\\\/\\\/ardigitalnoticias.com\\\/#\\\/schema\\\/person\\\/4d6f832eb727144069aa5231406bee31\",\"name\":\"ardigitalnoticias.com\",\"image\":{\"@type\":\"ImageObject\",\"inLanguage\":\"es\",\"@id\":\"https:\\\/\\\/secure.gravatar.com\\\/avatar\\\/4777fdc30546e8e4ffc5a3fbcdaddaae052002d1d9cc417a1f9f76349f6f1ecd?s=96&d=mm&r=g\",\"url\":\"https:\\\/\\\/secure.gravatar.com\\\/avatar\\\/4777fdc30546e8e4ffc5a3fbcdaddaae052002d1d9cc417a1f9f76349f6f1ecd?s=96&d=mm&r=g\",\"contentUrl\":\"https:\\\/\\\/secure.gravatar.com\\\/avatar\\\/4777fdc30546e8e4ffc5a3fbcdaddaae052002d1d9cc417a1f9f76349f6f1ecd?s=96&d=mm&r=g\",\"caption\":\"ardigitalnoticias.com\"},\"sameAs\":[\"http:\\\/\\\/ardigitalnoticias.com\"],\"url\":\"https:\\\/\\\/ardigitalnoticias.com\\\/index.php\\\/author\\\/ardigitalnoticias-com\\\/\"}]}<\/script>\n<!-- \/ Yoast SEO plugin. -->","yoast_head_json":{"title":"DESTACADA CONDECORACI\u00d3N AL M\u00c9DICO Y EX CANDIDATO A LA ALCALD\u00cdA DE GARZ\u00d3N FREDY MURCIA TORRES - AR Digital Noticias","robots":{"index":"index","follow":"follow","max-snippet":"max-snippet:-1","max-image-preview":"max-image-preview:large","max-video-preview":"max-video-preview:-1"},"canonical":"https:\/\/ardigitalnoticias.com\/index.php\/2023\/12\/11\/destacada-condecoracion-al-medico-y-ex-candidato-a-la-alcaldia-de-garzon-fredy-murcia-torres\/","og_locale":"es_ES","og_type":"article","og_title":"DESTACADA CONDECORACI\u00d3N AL M\u00c9DICO Y EX CANDIDATO A LA ALCALD\u00cdA DE GARZ\u00d3N FREDY MURCIA TORRES - AR Digital Noticias","og_description":"En una emotiva ceremonia, la Polic\u00eda Metropolitana de Bogot\u00e1, encabezada por la distinguida Brigadier general Sandra Hern\u00e1ndez, en colaboraci\u00f3n con la alcald\u00eda local de los M\u00e1rtires y el referente de seguridad Dr. Hernando Espeleta, ha otorgado la condecoraci\u00f3n de Gran Oficial al Dr. Fredy Murcia Torres. Este reconocimiento, merecido por su arduo trabajo como m\u00e9dico [&hellip;]","og_url":"https:\/\/ardigitalnoticias.com\/index.php\/2023\/12\/11\/destacada-condecoracion-al-medico-y-ex-candidato-a-la-alcaldia-de-garzon-fredy-murcia-torres\/","og_site_name":"AR Digital Noticias","article_published_time":"2023-12-12T03:33:00+00:00","article_modified_time":"2023-12-13T15:34:30+00:00","og_image":[{"width":1000,"height":750,"url":"https:\/\/ardigitalnoticias.com\/wp-content\/uploads\/2023\/12\/408869765_751348620346669_8874852809484972783_n-1.jpg","type":"image\/jpeg"}],"author":"ardigitalnoticias.com","twitter_card":"summary_large_image","twitter_misc":{"Escrito por":"ardigitalnoticias.com","Tiempo de lectura":"1 minuto"},"schema":{"@context":"https:\/\/schema.org","@graph":[{"@type":"Article","@id":"https:\/\/ardigitalnoticias.com\/index.php\/2023\/12\/11\/destacada-condecoracion-al-medico-y-ex-candidato-a-la-alcaldia-de-garzon-fredy-murcia-torres\/#article","isPartOf":{"@id":"https:\/\/ardigitalnoticias.com\/index.php\/2023\/12\/11\/destacada-condecoracion-al-medico-y-ex-candidato-a-la-alcaldia-de-garzon-fredy-murcia-torres\/"},"author":{"name":"ardigitalnoticias.com","@id":"https:\/\/ardigitalnoticias.com\/#\/schema\/person\/4d6f832eb727144069aa5231406bee31"},"headline":"DESTACADA CONDECORACI\u00d3N AL M\u00c9DICO Y EX CANDIDATO A LA ALCALD\u00cdA DE GARZ\u00d3N FREDY MURCIA TORRES","datePublished":"2023-12-12T03:33:00+00:00","dateModified":"2023-12-13T15:34:30+00:00","mainEntityOfPage":{"@id":"https:\/\/ardigitalnoticias.com\/index.php\/2023\/12\/11\/destacada-condecoracion-al-medico-y-ex-candidato-a-la-alcaldia-de-garzon-fredy-murcia-torres\/"},"wordCount":89,"commentCount":0,"publisher":{"@id":"https:\/\/ardigitalnoticias.com\/#organization"},"image":{"@id":"https:\/\/ardigitalnoticias.com\/index.php\/2023\/12\/11\/destacada-condecoracion-al-medico-y-ex-candidato-a-la-alcaldia-de-garzon-fredy-murcia-torres\/#primaryimage"},"thumbnailUrl":"https:\/\/ardigitalnoticias.com\/wp-content\/uploads\/2023\/12\/408869765_751348620346669_8874852809484972783_n-1.jpg","articleSection":["Actualidad"],"inLanguage":"es","potentialAction":[{"@type":"CommentAction","name":"Comment","target":["https:\/\/ardigitalnoticias.com\/index.php\/2023\/12\/11\/destacada-condecoracion-al-medico-y-ex-candidato-a-la-alcaldia-de-garzon-fredy-murcia-torres\/#respond"]}]},{"@type":"WebPage","@id":"https:\/\/ardigitalnoticias.com\/index.php\/2023\/12\/11\/destacada-condecoracion-al-medico-y-ex-candidato-a-la-alcaldia-de-garzon-fredy-murcia-torres\/","url":"https:\/\/ardigitalnoticias.com\/index.php\/2023\/12\/11\/destacada-condecoracion-al-medico-y-ex-candidato-a-la-alcaldia-de-garzon-fredy-murcia-torres\/","name":"DESTACADA CONDECORACI\u00d3N AL M\u00c9DICO Y EX CANDIDATO A LA ALCALD\u00cdA DE GARZ\u00d3N FREDY MURCIA TORRES - AR Digital Noticias","isPartOf":{"@id":"https:\/\/ardigitalnoticias.com\/#website"},"primaryImageOfPage":{"@id":"https:\/\/ardigitalnoticias.com\/index.php\/2023\/12\/11\/destacada-condecoracion-al-medico-y-ex-candidato-a-la-alcaldia-de-garzon-fredy-murcia-torres\/#primaryimage"},"image":{"@id":"https:\/\/ardigitalnoticias.com\/index.php\/2023\/12\/11\/destacada-condecoracion-al-medico-y-ex-candidato-a-la-alcaldia-de-garzon-fredy-murcia-torres\/#primaryimage"},"thumbnailUrl":"https:\/\/ardigitalnoticias.com\/wp-content\/uploads\/2023\/12\/408869765_751348620346669_8874852809484972783_n-1.jpg","datePublished":"2023-12-12T03:33:00+00:00","dateModified":"2023-12-13T15:34:30+00:00","breadcrumb":{"@id":"https:\/\/ardigitalnoticias.com\/index.php\/2023\/12\/11\/destacada-condecoracion-al-medico-y-ex-candidato-a-la-alcaldia-de-garzon-fredy-murcia-torres\/#breadcrumb"},"inLanguage":"es","potentialAction":[{"@type":"ReadAction","target":["https:\/\/ardigitalnoticias.com\/index.php\/2023\/12\/11\/destacada-condecoracion-al-medico-y-ex-candidato-a-la-alcaldia-de-garzon-fredy-murcia-torres\/"]}]},{"@type":"ImageObject","inLanguage":"es","@id":"https:\/\/ardigitalnoticias.com\/index.php\/2023\/12\/11\/destacada-condecoracion-al-medico-y-ex-candidato-a-la-alcaldia-de-garzon-fredy-murcia-torres\/#primaryimage","url":"https:\/\/ardigitalnoticias.com\/wp-content\/uploads\/2023\/12\/408869765_751348620346669_8874852809484972783_n-1.jpg","contentUrl":"https:\/\/ardigitalnoticias.com\/wp-content\/uploads\/2023\/12\/408869765_751348620346669_8874852809484972783_n-1.jpg","width":1000,"height":750},{"@type":"BreadcrumbList","@id":"https:\/\/ardigitalnoticias.com\/index.php\/2023\/12\/11\/destacada-condecoracion-al-medico-y-ex-candidato-a-la-alcaldia-de-garzon-fredy-murcia-torres\/#breadcrumb","itemListElement":[{"@type":"ListItem","position":1,"name":"Portada","item":"https:\/\/ardigitalnoticias.com\/"},{"@type":"ListItem","position":2,"name":"DESTACADA CONDECORACI\u00d3N AL M\u00c9DICO Y EX CANDIDATO A LA ALCALD\u00cdA DE GARZ\u00d3N FREDY MURCIA TORRES"}]},{"@type":"WebSite","@id":"https:\/\/ardigitalnoticias.com\/#website","url":"https:\/\/ardigitalnoticias.com\/","name":"AR Digital Noticias","description":"","publisher":{"@id":"https:\/\/ardigitalnoticias.com\/#organization"},"potentialAction":[{"@type":"SearchAction","target":{"@type":"EntryPoint","urlTemplate":"https:\/\/ardigitalnoticias.com\/?s={search_term_string}"},"query-input":{"@type":"PropertyValueSpecification","valueRequired":true,"valueName":"search_term_string"}}],"inLanguage":"es"},{"@type":"Organization","@id":"https:\/\/ardigitalnoticias.com\/#organization","name":"AR Digital Noticias","url":"https:\/\/ardigitalnoticias.com\/","logo":{"@type":"ImageObject","inLanguage":"es","@id":"https:\/\/ardigitalnoticias.com\/#\/schema\/logo\/image\/","url":"https:\/\/ardigitalnoticias.com\/wp-content\/uploads\/2023\/11\/cropped-cropped-cropped-cropped-AR-Digital-Noticias-1.png","contentUrl":"https:\/\/ardigitalnoticias.com\/wp-content\/uploads\/2023\/11\/cropped-cropped-cropped-cropped-AR-Digital-Noticias-1.png","width":972,"height":306,"caption":"AR Digital Noticias"},"image":{"@id":"https:\/\/ardigitalnoticias.com\/#\/schema\/logo\/image\/"}},{"@type":"Person","@id":"https:\/\/ardigitalnoticias.com\/#\/schema\/person\/4d6f832eb727144069aa5231406bee31","name":"ardigitalnoticias.com","image":{"@type":"ImageObject","inLanguage":"es","@id":"https:\/\/secure.gravatar.com\/avatar\/4777fdc30546e8e4ffc5a3fbcdaddaae052002d1d9cc417a1f9f76349f6f1ecd?s=96&d=mm&r=g","url":"https:\/\/secure.gravatar.com\/avatar\/4777fdc30546e8e4ffc5a3fbcdaddaae052002d1d9cc417a1f9f76349f6f1ecd?s=96&d=mm&r=g","contentUrl":"https:\/\/secure.gravatar.com\/avatar\/4777fdc30546e8e4ffc5a3fbcdaddaae052002d1d9cc417a1f9f76349f6f1ecd?s=96&d=mm&r=g","caption":"ardigitalnoticias.com"},"sameAs":["http:\/\/ardigitalnoticias.com"],"url":"https:\/\/ardigitalnoticias.com\/index.php\/author\/ardigitalnoticias-com\/"}]}},"_links":{"self":[{"href":"https:\/\/ardigitalnoticias.com\/index.php\/wp-json\/wp\/v2\/posts\/1114","targetHints":{"allow":["GET"]}}],"collection":[{"href":"https:\/\/ardigitalnoticias.com\/index.php\/wp-json\/wp\/v2\/posts"}],"about":[{"href":"https:\/\/ardigitalnoticias.com\/index.php\/wp-json\/wp\/v2\/types\/post"}],"author":[{"embeddable":true,"href":"https:\/\/ardigitalnoticias.com\/index.php\/wp-json\/wp\/v2\/users\/1"}],"replies":[{"embeddable":true,"href":"https:\/\/ardigitalnoticias.com\/index.php\/wp-json\/wp\/v2\/comments?post=1114"}],"version-history":[{"count":1,"href":"https:\/\/ardigitalnoticias.com\/index.php\/wp-json\/wp\/v2\/posts\/1114\/revisions"}],"predecessor-version":[{"id":1115,"href":"https:\/\/ardigitalnoticias.com\/index.php\/wp-json\/wp\/v2\/posts\/1114\/revisions\/1115"}],"wp:featuredmedia":[{"embeddable":true,"href":"https:\/\/ardigitalnoticias.com\/index.php\/wp-json\/wp\/v2\/media\/1113"}],"wp:attachment":[{"href":"https:\/\/ardigitalnoticias.com\/index.php\/wp-json\/wp\/v2\/media?parent=1114"}],"wp:term":[{"taxonomy":"category","embeddable":true,"href":"https:\/\/ardigitalnoticias.com\/index.php\/wp-json\/wp\/v2\/categories?post=1114"},{"taxonomy":"post_tag","embeddable":true,"href":"https:\/\/ardigitalnoticias.com\/index.php\/wp-json\/wp\/v2\/tags?post=1114"}],"curies":[{"name":"wp","href":"https:\/\/api.w.org\/{rel}","templated":true}]}}