{"id":1096,"date":"2023-12-11T13:33:00","date_gmt":"2023-12-11T18:33:00","guid":{"rendered":"https:\/\/ardigitalnoticias.com\/?p=1096"},"modified":"2023-12-13T10:03:09","modified_gmt":"2023-12-13T15:03:09","slug":"tragedia-en-neiva-enfermera-liri-rodriguez-en-estado-critico-tras-impactante-accidente-de-ambulancia","status":"publish","type":"post","link":"https:\/\/ardigitalnoticias.com\/index.php\/2023\/12\/11\/tragedia-en-neiva-enfermera-liri-rodriguez-en-estado-critico-tras-impactante-accidente-de-ambulancia\/","title":{"rendered":"TRAGEDIA EN NEIVA, ENFERMERA LIRI RODR\u00cdGUEZ EN ESTADO CR\u00cdTICO TRAS IMPACTANTE ACCIDENTE DE AMBULANCIA"},"content":{"rendered":"\n<p>La comunidad de Neiva se ve sacudida por la tr\u00e1gica noticia del accidente de la enfermera Liri Rodr\u00edguez, quien se encuentra en estado cr\u00edtico luego de un impactante suceso el pasado domingo. El accidente ocurri\u00f3 cerca del colegio Santa Librada, cuando la ambulancia en la que se desplazaba volc\u00f3, dejando a la profesional de la salud gravemente herida.<\/p>\n\n\n\n<p>Se <a><\/a>sospecha que el exceso de velocidad fue el factor clave que llev\u00f3 al conductor, Miguel \u00c1ngel Reyes, a perder el control, colisionar contra un \u00e1rbol y finalmente volcar la ambulancia. Un acto de solidaridad conmovedor se desat\u00f3 entre los ciudadanos, quienes unieron fuerzas para rescatar a Liri Rodr\u00edguez, atrapada bajo el veh\u00edculo que posteriormente se incendi\u00f3.<\/p>\n\n\n\n<p>Tanto Liri Rodr\u00edguez como Miguel \u00c1ngel Reyes fueron trasladados de inmediato al Hospital Universitario de Neiva, presentando heridas significativas. La comunidad aguarda con ansias noticias positivas sobre su estado de salud y se mantiene unida en la esperanza de una pronta recuperaci\u00f3n para estos h\u00e9roes de la salud que arriesgaron sus vidas en el cumplimiento de su deber.<\/p>\n\n\n<div class=\"wp-block-image\">\n<figure class=\"aligncenter size-full\"><img loading=\"lazy\" decoding=\"async\" width=\"1000\" height=\"750\" src=\"https:\/\/ardigitalnoticias.com\/wp-content\/uploads\/2023\/12\/406836860_751133180368213_5367038867060566678_n-1.jpg\" alt=\"\" class=\"wp-image-1094\" srcset=\"https:\/\/ardigitalnoticias.com\/wp-content\/uploads\/2023\/12\/406836860_751133180368213_5367038867060566678_n-1.jpg 1000w, https:\/\/ardigitalnoticias.com\/wp-content\/uploads\/2023\/12\/406836860_751133180368213_5367038867060566678_n-1-300x225.jpg 300w, https:\/\/ardigitalnoticias.com\/wp-content\/uploads\/2023\/12\/406836860_751133180368213_5367038867060566678_n-1-768x576.jpg 768w, https:\/\/ardigitalnoticias.com\/wp-content\/uploads\/2023\/12\/406836860_751133180368213_5367038867060566678_n-1-16x12.jpg 16w, https:\/\/ardigitalnoticias.com\/wp-content\/uploads\/2023\/12\/406836860_751133180368213_5367038867060566678_n-1-150x113.jpg 150w, https:\/\/ardigitalnoticias.com\/wp-content\/uploads\/2023\/12\/406836860_751133180368213_5367038867060566678_n-1-696x522.jpg 696w\" sizes=\"auto, (max-width: 1000px) 100vw, 1000px\" \/><\/figure>\n<\/div>","protected":false},"excerpt":{"rendered":"<p>La comunidad de Neiva se ve sacudida por la tr\u00e1gica noticia del accidente de la enfermera Liri Rodr\u00edguez, quien se encuentra en estado cr\u00edtico luego de un impactante suceso el pasado domingo. El accidente ocurri\u00f3 cerca del colegio Santa Librada, cuando la ambulancia en la que se desplazaba volc\u00f3, dejando a la profesional de la [&hellip;]<\/p>\n","protected":false},"author":1,"featured_media":1095,"comment_status":"open","ping_status":"open","sticky":false,"template":"","format":"standard","meta":{"_acf_changed":false,"_joinchat":[],"footnotes":""},"categories":[26,19],"tags":[],"class_list":{"0":"post-1096","1":"post","2":"type-post","3":"status-publish","4":"format-standard","5":"has-post-thumbnail","7":"category-norte","8":"category-regional"},"acf":[],"yoast_head":"<!-- This site is optimized with the Yoast SEO plugin v27.4 - https:\/\/yoast.com\/product\/yoast-seo-wordpress\/ -->\n<title>TRAGEDIA EN NEIVA, ENFERMERA LIRI RODR\u00cdGUEZ EN ESTADO CR\u00cdTICO TRAS IMPACTANTE ACCIDENTE DE AMBULANCIA - AR Digital Noticias<\/title>\n<meta name=\"robots\" content=\"index, follow, max-snippet:-1, max-image-preview:large, max-video-preview:-1\" \/>\n<link rel=\"canonical\" href=\"https:\/\/ardigitalnoticias.com\/index.php\/2023\/12\/11\/tragedia-en-neiva-enfermera-liri-rodriguez-en-estado-critico-tras-impactante-accidente-de-ambulancia\/\" \/>\n<meta property=\"og:locale\" content=\"es_ES\" \/>\n<meta property=\"og:type\" content=\"article\" \/>\n<meta property=\"og:title\" content=\"TRAGEDIA EN NEIVA, ENFERMERA LIRI RODR\u00cdGUEZ EN ESTADO CR\u00cdTICO TRAS IMPACTANTE ACCIDENTE DE AMBULANCIA - AR Digital Noticias\" \/>\n<meta property=\"og:description\" content=\"La comunidad de Neiva se ve sacudida por la tr\u00e1gica noticia del accidente de la enfermera Liri Rodr\u00edguez, quien se encuentra en estado cr\u00edtico luego de un impactante suceso el pasado domingo. El accidente ocurri\u00f3 cerca del colegio Santa Librada, cuando la ambulancia en la que se desplazaba volc\u00f3, dejando a la profesional de la [&hellip;]\" \/>\n<meta property=\"og:url\" content=\"https:\/\/ardigitalnoticias.com\/index.php\/2023\/12\/11\/tragedia-en-neiva-enfermera-liri-rodriguez-en-estado-critico-tras-impactante-accidente-de-ambulancia\/\" \/>\n<meta property=\"og:site_name\" content=\"AR Digital Noticias\" \/>\n<meta property=\"article:published_time\" content=\"2023-12-11T18:33:00+00:00\" \/>\n<meta property=\"article:modified_time\" content=\"2023-12-13T15:03:09+00:00\" \/>\n<meta property=\"og:image\" content=\"https:\/\/ardigitalnoticias.com\/wp-content\/uploads\/2023\/12\/406841518_751133210368210_5824415580874548608_n-1.jpg\" \/>\n\t<meta property=\"og:image:width\" content=\"1000\" \/>\n\t<meta property=\"og:image:height\" content=\"750\" \/>\n\t<meta property=\"og:image:type\" content=\"image\/jpeg\" \/>\n<meta name=\"author\" content=\"ardigitalnoticias.com\" \/>\n<meta name=\"twitter:card\" content=\"summary_large_image\" \/>\n<meta name=\"twitter:label1\" content=\"Escrito por\" \/>\n\t<meta name=\"twitter:data1\" content=\"ardigitalnoticias.com\" \/>\n\t<meta name=\"twitter:label2\" content=\"Tiempo de lectura\" \/>\n\t<meta name=\"twitter:data2\" content=\"1 minuto\" \/>\n<script type=\"application\/ld+json\" class=\"yoast-schema-graph\">{\"@context\":\"https:\\\/\\\/schema.org\",\"@graph\":[{\"@type\":\"Article\",\"@id\":\"https:\\\/\\\/ardigitalnoticias.com\\\/index.php\\\/2023\\\/12\\\/11\\\/tragedia-en-neiva-enfermera-liri-rodriguez-en-estado-critico-tras-impactante-accidente-de-ambulancia\\\/#article\",\"isPartOf\":{\"@id\":\"https:\\\/\\\/ardigitalnoticias.com\\\/index.php\\\/2023\\\/12\\\/11\\\/tragedia-en-neiva-enfermera-liri-rodriguez-en-estado-critico-tras-impactante-accidente-de-ambulancia\\\/\"},\"author\":{\"name\":\"ardigitalnoticias.com\",\"@id\":\"https:\\\/\\\/ardigitalnoticias.com\\\/#\\\/schema\\\/person\\\/4d6f832eb727144069aa5231406bee31\"},\"headline\":\"TRAGEDIA EN NEIVA, ENFERMERA LIRI RODR\u00cdGUEZ EN ESTADO CR\u00cdTICO TRAS IMPACTANTE ACCIDENTE DE AMBULANCIA\",\"datePublished\":\"2023-12-11T18:33:00+00:00\",\"dateModified\":\"2023-12-13T15:03:09+00:00\",\"mainEntityOfPage\":{\"@id\":\"https:\\\/\\\/ardigitalnoticias.com\\\/index.php\\\/2023\\\/12\\\/11\\\/tragedia-en-neiva-enfermera-liri-rodriguez-en-estado-critico-tras-impactante-accidente-de-ambulancia\\\/\"},\"wordCount\":197,\"commentCount\":0,\"publisher\":{\"@id\":\"https:\\\/\\\/ardigitalnoticias.com\\\/#organization\"},\"image\":{\"@id\":\"https:\\\/\\\/ardigitalnoticias.com\\\/index.php\\\/2023\\\/12\\\/11\\\/tragedia-en-neiva-enfermera-liri-rodriguez-en-estado-critico-tras-impactante-accidente-de-ambulancia\\\/#primaryimage\"},\"thumbnailUrl\":\"https:\\\/\\\/ardigitalnoticias.com\\\/wp-content\\\/uploads\\\/2023\\\/12\\\/406841518_751133210368210_5824415580874548608_n-1.jpg\",\"articleSection\":[\"Norte\",\"Regional\"],\"inLanguage\":\"es\",\"potentialAction\":[{\"@type\":\"CommentAction\",\"name\":\"Comment\",\"target\":[\"https:\\\/\\\/ardigitalnoticias.com\\\/index.php\\\/2023\\\/12\\\/11\\\/tragedia-en-neiva-enfermera-liri-rodriguez-en-estado-critico-tras-impactante-accidente-de-ambulancia\\\/#respond\"]}]},{\"@type\":\"WebPage\",\"@id\":\"https:\\\/\\\/ardigitalnoticias.com\\\/index.php\\\/2023\\\/12\\\/11\\\/tragedia-en-neiva-enfermera-liri-rodriguez-en-estado-critico-tras-impactante-accidente-de-ambulancia\\\/\",\"url\":\"https:\\\/\\\/ardigitalnoticias.com\\\/index.php\\\/2023\\\/12\\\/11\\\/tragedia-en-neiva-enfermera-liri-rodriguez-en-estado-critico-tras-impactante-accidente-de-ambulancia\\\/\",\"name\":\"TRAGEDIA EN NEIVA, ENFERMERA LIRI RODR\u00cdGUEZ EN ESTADO CR\u00cdTICO TRAS IMPACTANTE ACCIDENTE DE AMBULANCIA - AR Digital Noticias\",\"isPartOf\":{\"@id\":\"https:\\\/\\\/ardigitalnoticias.com\\\/#website\"},\"primaryImageOfPage\":{\"@id\":\"https:\\\/\\\/ardigitalnoticias.com\\\/index.php\\\/2023\\\/12\\\/11\\\/tragedia-en-neiva-enfermera-liri-rodriguez-en-estado-critico-tras-impactante-accidente-de-ambulancia\\\/#primaryimage\"},\"image\":{\"@id\":\"https:\\\/\\\/ardigitalnoticias.com\\\/index.php\\\/2023\\\/12\\\/11\\\/tragedia-en-neiva-enfermera-liri-rodriguez-en-estado-critico-tras-impactante-accidente-de-ambulancia\\\/#primaryimage\"},\"thumbnailUrl\":\"https:\\\/\\\/ardigitalnoticias.com\\\/wp-content\\\/uploads\\\/2023\\\/12\\\/406841518_751133210368210_5824415580874548608_n-1.jpg\",\"datePublished\":\"2023-12-11T18:33:00+00:00\",\"dateModified\":\"2023-12-13T15:03:09+00:00\",\"breadcrumb\":{\"@id\":\"https:\\\/\\\/ardigitalnoticias.com\\\/index.php\\\/2023\\\/12\\\/11\\\/tragedia-en-neiva-enfermera-liri-rodriguez-en-estado-critico-tras-impactante-accidente-de-ambulancia\\\/#breadcrumb\"},\"inLanguage\":\"es\",\"potentialAction\":[{\"@type\":\"ReadAction\",\"target\":[\"https:\\\/\\\/ardigitalnoticias.com\\\/index.php\\\/2023\\\/12\\\/11\\\/tragedia-en-neiva-enfermera-liri-rodriguez-en-estado-critico-tras-impactante-accidente-de-ambulancia\\\/\"]}]},{\"@type\":\"ImageObject\",\"inLanguage\":\"es\",\"@id\":\"https:\\\/\\\/ardigitalnoticias.com\\\/index.php\\\/2023\\\/12\\\/11\\\/tragedia-en-neiva-enfermera-liri-rodriguez-en-estado-critico-tras-impactante-accidente-de-ambulancia\\\/#primaryimage\",\"url\":\"https:\\\/\\\/ardigitalnoticias.com\\\/wp-content\\\/uploads\\\/2023\\\/12\\\/406841518_751133210368210_5824415580874548608_n-1.jpg\",\"contentUrl\":\"https:\\\/\\\/ardigitalnoticias.com\\\/wp-content\\\/uploads\\\/2023\\\/12\\\/406841518_751133210368210_5824415580874548608_n-1.jpg\",\"width\":1000,\"height\":750},{\"@type\":\"BreadcrumbList\",\"@id\":\"https:\\\/\\\/ardigitalnoticias.com\\\/index.php\\\/2023\\\/12\\\/11\\\/tragedia-en-neiva-enfermera-liri-rodriguez-en-estado-critico-tras-impactante-accidente-de-ambulancia\\\/#breadcrumb\",\"itemListElement\":[{\"@type\":\"ListItem\",\"position\":1,\"name\":\"Portada\",\"item\":\"https:\\\/\\\/ardigitalnoticias.com\\\/\"},{\"@type\":\"ListItem\",\"position\":2,\"name\":\"TRAGEDIA EN NEIVA, ENFERMERA LIRI RODR\u00cdGUEZ EN ESTADO CR\u00cdTICO TRAS IMPACTANTE ACCIDENTE DE AMBULANCIA\"}]},{\"@type\":\"WebSite\",\"@id\":\"https:\\\/\\\/ardigitalnoticias.com\\\/#website\",\"url\":\"https:\\\/\\\/ardigitalnoticias.com\\\/\",\"name\":\"AR Digital Noticias\",\"description\":\"\",\"publisher\":{\"@id\":\"https:\\\/\\\/ardigitalnoticias.com\\\/#organization\"},\"potentialAction\":[{\"@type\":\"SearchAction\",\"target\":{\"@type\":\"EntryPoint\",\"urlTemplate\":\"https:\\\/\\\/ardigitalnoticias.com\\\/?s={search_term_string}\"},\"query-input\":{\"@type\":\"PropertyValueSpecification\",\"valueRequired\":true,\"valueName\":\"search_term_string\"}}],\"inLanguage\":\"es\"},{\"@type\":\"Organization\",\"@id\":\"https:\\\/\\\/ardigitalnoticias.com\\\/#organization\",\"name\":\"AR Digital Noticias\",\"url\":\"https:\\\/\\\/ardigitalnoticias.com\\\/\",\"logo\":{\"@type\":\"ImageObject\",\"inLanguage\":\"es\",\"@id\":\"https:\\\/\\\/ardigitalnoticias.com\\\/#\\\/schema\\\/logo\\\/image\\\/\",\"url\":\"https:\\\/\\\/ardigitalnoticias.com\\\/wp-content\\\/uploads\\\/2023\\\/11\\\/cropped-cropped-cropped-cropped-AR-Digital-Noticias-1.png\",\"contentUrl\":\"https:\\\/\\\/ardigitalnoticias.com\\\/wp-content\\\/uploads\\\/2023\\\/11\\\/cropped-cropped-cropped-cropped-AR-Digital-Noticias-1.png\",\"width\":972,\"height\":306,\"caption\":\"AR Digital Noticias\"},\"image\":{\"@id\":\"https:\\\/\\\/ardigitalnoticias.com\\\/#\\\/schema\\\/logo\\\/image\\\/\"}},{\"@type\":\"Person\",\"@id\":\"https:\\\/\\\/ardigitalnoticias.com\\\/#\\\/schema\\\/person\\\/4d6f832eb727144069aa5231406bee31\",\"name\":\"ardigitalnoticias.com\",\"image\":{\"@type\":\"ImageObject\",\"inLanguage\":\"es\",\"@id\":\"https:\\\/\\\/secure.gravatar.com\\\/avatar\\\/4777fdc30546e8e4ffc5a3fbcdaddaae052002d1d9cc417a1f9f76349f6f1ecd?s=96&d=mm&r=g\",\"url\":\"https:\\\/\\\/secure.gravatar.com\\\/avatar\\\/4777fdc30546e8e4ffc5a3fbcdaddaae052002d1d9cc417a1f9f76349f6f1ecd?s=96&d=mm&r=g\",\"contentUrl\":\"https:\\\/\\\/secure.gravatar.com\\\/avatar\\\/4777fdc30546e8e4ffc5a3fbcdaddaae052002d1d9cc417a1f9f76349f6f1ecd?s=96&d=mm&r=g\",\"caption\":\"ardigitalnoticias.com\"},\"sameAs\":[\"http:\\\/\\\/ardigitalnoticias.com\"],\"url\":\"https:\\\/\\\/ardigitalnoticias.com\\\/index.php\\\/author\\\/ardigitalnoticias-com\\\/\"}]}<\/script>\n<!-- \/ Yoast SEO plugin. -->","yoast_head_json":{"title":"TRAGEDIA EN NEIVA, ENFERMERA LIRI RODR\u00cdGUEZ EN ESTADO CR\u00cdTICO TRAS IMPACTANTE ACCIDENTE DE AMBULANCIA - AR Digital Noticias","robots":{"index":"index","follow":"follow","max-snippet":"max-snippet:-1","max-image-preview":"max-image-preview:large","max-video-preview":"max-video-preview:-1"},"canonical":"https:\/\/ardigitalnoticias.com\/index.php\/2023\/12\/11\/tragedia-en-neiva-enfermera-liri-rodriguez-en-estado-critico-tras-impactante-accidente-de-ambulancia\/","og_locale":"es_ES","og_type":"article","og_title":"TRAGEDIA EN NEIVA, ENFERMERA LIRI RODR\u00cdGUEZ EN ESTADO CR\u00cdTICO TRAS IMPACTANTE ACCIDENTE DE AMBULANCIA - AR Digital Noticias","og_description":"La comunidad de Neiva se ve sacudida por la tr\u00e1gica noticia del accidente de la enfermera Liri Rodr\u00edguez, quien se encuentra en estado cr\u00edtico luego de un impactante suceso el pasado domingo. El accidente ocurri\u00f3 cerca del colegio Santa Librada, cuando la ambulancia en la que se desplazaba volc\u00f3, dejando a la profesional de la [&hellip;]","og_url":"https:\/\/ardigitalnoticias.com\/index.php\/2023\/12\/11\/tragedia-en-neiva-enfermera-liri-rodriguez-en-estado-critico-tras-impactante-accidente-de-ambulancia\/","og_site_name":"AR Digital Noticias","article_published_time":"2023-12-11T18:33:00+00:00","article_modified_time":"2023-12-13T15:03:09+00:00","og_image":[{"width":1000,"height":750,"url":"https:\/\/ardigitalnoticias.com\/wp-content\/uploads\/2023\/12\/406841518_751133210368210_5824415580874548608_n-1.jpg","type":"image\/jpeg"}],"author":"ardigitalnoticias.com","twitter_card":"summary_large_image","twitter_misc":{"Escrito por":"ardigitalnoticias.com","Tiempo de lectura":"1 minuto"},"schema":{"@context":"https:\/\/schema.org","@graph":[{"@type":"Article","@id":"https:\/\/ardigitalnoticias.com\/index.php\/2023\/12\/11\/tragedia-en-neiva-enfermera-liri-rodriguez-en-estado-critico-tras-impactante-accidente-de-ambulancia\/#article","isPartOf":{"@id":"https:\/\/ardigitalnoticias.com\/index.php\/2023\/12\/11\/tragedia-en-neiva-enfermera-liri-rodriguez-en-estado-critico-tras-impactante-accidente-de-ambulancia\/"},"author":{"name":"ardigitalnoticias.com","@id":"https:\/\/ardigitalnoticias.com\/#\/schema\/person\/4d6f832eb727144069aa5231406bee31"},"headline":"TRAGEDIA EN NEIVA, ENFERMERA LIRI RODR\u00cdGUEZ EN ESTADO CR\u00cdTICO TRAS IMPACTANTE ACCIDENTE DE AMBULANCIA","datePublished":"2023-12-11T18:33:00+00:00","dateModified":"2023-12-13T15:03:09+00:00","mainEntityOfPage":{"@id":"https:\/\/ardigitalnoticias.com\/index.php\/2023\/12\/11\/tragedia-en-neiva-enfermera-liri-rodriguez-en-estado-critico-tras-impactante-accidente-de-ambulancia\/"},"wordCount":197,"commentCount":0,"publisher":{"@id":"https:\/\/ardigitalnoticias.com\/#organization"},"image":{"@id":"https:\/\/ardigitalnoticias.com\/index.php\/2023\/12\/11\/tragedia-en-neiva-enfermera-liri-rodriguez-en-estado-critico-tras-impactante-accidente-de-ambulancia\/#primaryimage"},"thumbnailUrl":"https:\/\/ardigitalnoticias.com\/wp-content\/uploads\/2023\/12\/406841518_751133210368210_5824415580874548608_n-1.jpg","articleSection":["Norte","Regional"],"inLanguage":"es","potentialAction":[{"@type":"CommentAction","name":"Comment","target":["https:\/\/ardigitalnoticias.com\/index.php\/2023\/12\/11\/tragedia-en-neiva-enfermera-liri-rodriguez-en-estado-critico-tras-impactante-accidente-de-ambulancia\/#respond"]}]},{"@type":"WebPage","@id":"https:\/\/ardigitalnoticias.com\/index.php\/2023\/12\/11\/tragedia-en-neiva-enfermera-liri-rodriguez-en-estado-critico-tras-impactante-accidente-de-ambulancia\/","url":"https:\/\/ardigitalnoticias.com\/index.php\/2023\/12\/11\/tragedia-en-neiva-enfermera-liri-rodriguez-en-estado-critico-tras-impactante-accidente-de-ambulancia\/","name":"TRAGEDIA EN NEIVA, ENFERMERA LIRI RODR\u00cdGUEZ EN ESTADO CR\u00cdTICO TRAS IMPACTANTE ACCIDENTE DE AMBULANCIA - AR Digital Noticias","isPartOf":{"@id":"https:\/\/ardigitalnoticias.com\/#website"},"primaryImageOfPage":{"@id":"https:\/\/ardigitalnoticias.com\/index.php\/2023\/12\/11\/tragedia-en-neiva-enfermera-liri-rodriguez-en-estado-critico-tras-impactante-accidente-de-ambulancia\/#primaryimage"},"image":{"@id":"https:\/\/ardigitalnoticias.com\/index.php\/2023\/12\/11\/tragedia-en-neiva-enfermera-liri-rodriguez-en-estado-critico-tras-impactante-accidente-de-ambulancia\/#primaryimage"},"thumbnailUrl":"https:\/\/ardigitalnoticias.com\/wp-content\/uploads\/2023\/12\/406841518_751133210368210_5824415580874548608_n-1.jpg","datePublished":"2023-12-11T18:33:00+00:00","dateModified":"2023-12-13T15:03:09+00:00","breadcrumb":{"@id":"https:\/\/ardigitalnoticias.com\/index.php\/2023\/12\/11\/tragedia-en-neiva-enfermera-liri-rodriguez-en-estado-critico-tras-impactante-accidente-de-ambulancia\/#breadcrumb"},"inLanguage":"es","potentialAction":[{"@type":"ReadAction","target":["https:\/\/ardigitalnoticias.com\/index.php\/2023\/12\/11\/tragedia-en-neiva-enfermera-liri-rodriguez-en-estado-critico-tras-impactante-accidente-de-ambulancia\/"]}]},{"@type":"ImageObject","inLanguage":"es","@id":"https:\/\/ardigitalnoticias.com\/index.php\/2023\/12\/11\/tragedia-en-neiva-enfermera-liri-rodriguez-en-estado-critico-tras-impactante-accidente-de-ambulancia\/#primaryimage","url":"https:\/\/ardigitalnoticias.com\/wp-content\/uploads\/2023\/12\/406841518_751133210368210_5824415580874548608_n-1.jpg","contentUrl":"https:\/\/ardigitalnoticias.com\/wp-content\/uploads\/2023\/12\/406841518_751133210368210_5824415580874548608_n-1.jpg","width":1000,"height":750},{"@type":"BreadcrumbList","@id":"https:\/\/ardigitalnoticias.com\/index.php\/2023\/12\/11\/tragedia-en-neiva-enfermera-liri-rodriguez-en-estado-critico-tras-impactante-accidente-de-ambulancia\/#breadcrumb","itemListElement":[{"@type":"ListItem","position":1,"name":"Portada","item":"https:\/\/ardigitalnoticias.com\/"},{"@type":"ListItem","position":2,"name":"TRAGEDIA EN NEIVA, ENFERMERA LIRI RODR\u00cdGUEZ EN ESTADO CR\u00cdTICO TRAS IMPACTANTE ACCIDENTE DE AMBULANCIA"}]},{"@type":"WebSite","@id":"https:\/\/ardigitalnoticias.com\/#website","url":"https:\/\/ardigitalnoticias.com\/","name":"AR Digital Noticias","description":"","publisher":{"@id":"https:\/\/ardigitalnoticias.com\/#organization"},"potentialAction":[{"@type":"SearchAction","target":{"@type":"EntryPoint","urlTemplate":"https:\/\/ardigitalnoticias.com\/?s={search_term_string}"},"query-input":{"@type":"PropertyValueSpecification","valueRequired":true,"valueName":"search_term_string"}}],"inLanguage":"es"},{"@type":"Organization","@id":"https:\/\/ardigitalnoticias.com\/#organization","name":"AR Digital Noticias","url":"https:\/\/ardigitalnoticias.com\/","logo":{"@type":"ImageObject","inLanguage":"es","@id":"https:\/\/ardigitalnoticias.com\/#\/schema\/logo\/image\/","url":"https:\/\/ardigitalnoticias.com\/wp-content\/uploads\/2023\/11\/cropped-cropped-cropped-cropped-AR-Digital-Noticias-1.png","contentUrl":"https:\/\/ardigitalnoticias.com\/wp-content\/uploads\/2023\/11\/cropped-cropped-cropped-cropped-AR-Digital-Noticias-1.png","width":972,"height":306,"caption":"AR Digital Noticias"},"image":{"@id":"https:\/\/ardigitalnoticias.com\/#\/schema\/logo\/image\/"}},{"@type":"Person","@id":"https:\/\/ardigitalnoticias.com\/#\/schema\/person\/4d6f832eb727144069aa5231406bee31","name":"ardigitalnoticias.com","image":{"@type":"ImageObject","inLanguage":"es","@id":"https:\/\/secure.gravatar.com\/avatar\/4777fdc30546e8e4ffc5a3fbcdaddaae052002d1d9cc417a1f9f76349f6f1ecd?s=96&d=mm&r=g","url":"https:\/\/secure.gravatar.com\/avatar\/4777fdc30546e8e4ffc5a3fbcdaddaae052002d1d9cc417a1f9f76349f6f1ecd?s=96&d=mm&r=g","contentUrl":"https:\/\/secure.gravatar.com\/avatar\/4777fdc30546e8e4ffc5a3fbcdaddaae052002d1d9cc417a1f9f76349f6f1ecd?s=96&d=mm&r=g","caption":"ardigitalnoticias.com"},"sameAs":["http:\/\/ardigitalnoticias.com"],"url":"https:\/\/ardigitalnoticias.com\/index.php\/author\/ardigitalnoticias-com\/"}]}},"_links":{"self":[{"href":"https:\/\/ardigitalnoticias.com\/index.php\/wp-json\/wp\/v2\/posts\/1096","targetHints":{"allow":["GET"]}}],"collection":[{"href":"https:\/\/ardigitalnoticias.com\/index.php\/wp-json\/wp\/v2\/posts"}],"about":[{"href":"https:\/\/ardigitalnoticias.com\/index.php\/wp-json\/wp\/v2\/types\/post"}],"author":[{"embeddable":true,"href":"https:\/\/ardigitalnoticias.com\/index.php\/wp-json\/wp\/v2\/users\/1"}],"replies":[{"embeddable":true,"href":"https:\/\/ardigitalnoticias.com\/index.php\/wp-json\/wp\/v2\/comments?post=1096"}],"version-history":[{"count":2,"href":"https:\/\/ardigitalnoticias.com\/index.php\/wp-json\/wp\/v2\/posts\/1096\/revisions"}],"predecessor-version":[{"id":1098,"href":"https:\/\/ardigitalnoticias.com\/index.php\/wp-json\/wp\/v2\/posts\/1096\/revisions\/1098"}],"wp:featuredmedia":[{"embeddable":true,"href":"https:\/\/ardigitalnoticias.com\/index.php\/wp-json\/wp\/v2\/media\/1095"}],"wp:attachment":[{"href":"https:\/\/ardigitalnoticias.com\/index.php\/wp-json\/wp\/v2\/media?parent=1096"}],"wp:term":[{"taxonomy":"category","embeddable":true,"href":"https:\/\/ardigitalnoticias.com\/index.php\/wp-json\/wp\/v2\/categories?post=1096"},{"taxonomy":"post_tag","embeddable":true,"href":"https:\/\/ardigitalnoticias.com\/index.php\/wp-json\/wp\/v2\/tags?post=1096"}],"curies":[{"name":"wp","href":"https:\/\/api.w.org\/{rel}","templated":true}]}}