{"id":1074,"date":"2023-12-10T04:49:00","date_gmt":"2023-12-10T09:49:00","guid":{"rendered":"https:\/\/ardigitalnoticias.com\/?p=1074"},"modified":"2023-12-13T09:40:42","modified_gmt":"2023-12-13T14:40:42","slug":"coocentral-y-la-gobernacion-del-huila-fortalecen-vinculos-para-impulsar-el-desarrollo-agricola","status":"publish","type":"post","link":"https:\/\/ardigitalnoticias.com\/index.php\/2023\/12\/10\/coocentral-y-la-gobernacion-del-huila-fortalecen-vinculos-para-impulsar-el-desarrollo-agricola\/","title":{"rendered":"COOCENTRAL Y LA GOBERNACI\u00d3N DEL HUILA FORTALECEN V\u00cdNCULOS PARA IMPULSAR EL DESARROLLO AGR\u00cdCOLA"},"content":{"rendered":"\n<p>En un esfuerzo conjunto por potenciar el sector agr\u00edcola en el departamento del Huila, la <a href=\"https:\/\/www.facebook.com\/coocentral?__cft__[0]=AZUJDi8X1i2W8A3rNS46vCjfwrAiRwSki5M9-RKDdXQdHX0lK5WEIwecCZNAOcSZjYKcQqI9EzAqdzSENQjV_lDIIfxsUqCVs7bpna2hbnyGLWPzeTvSS1vNpbYvwmh0R0dvQBp2NVdCN5QtYXaEuYZKkd77g0r-GY2QgXlJggJk7Pc29rOKdoSVvS6NMaIgQss&amp;__tn__=-]K-R\">Cooperativa Central de Caficultores del Huila<\/a> (COOCENTRAL) y la Gobernaci\u00f3n del Huila, han consolidado alianzas estrat\u00e9gicas. Este acuerdo busca beneficiar directamente a los agricultores locales, brind\u00e1ndoles herramientas y recursos que fomenten un desarrollo sostenible en <a><\/a>sus actividades.<\/p>\n\n\n\n<p>Con el compromiso de fortalecer la cadena productiva, se espera que esta colaboraci\u00f3n resulte en mejoras significativas en la productividad, la calidad de los productos agr\u00edcolas y la rentabilidad para los agricultores huilenses. La sinergia entre COOCENTRAL y la Gobernaci\u00f3n, refleja un enfoque proactivo para abordar los desaf\u00edos y aprovechar las oportunidades que el sector agr\u00edcola presenta en la regi\u00f3n, promoviendo as\u00ed el crecimiento econ\u00f3mico y el bienestar de la comunidad.<\/p>\n\n\n\n<p><a href=\"https:\/\/www.facebook.com\/hashtag\/48a%C3%B1oscoocentral?__eep__=6&amp;__cft__[0]=AZUJDi8X1i2W8A3rNS46vCjfwrAiRwSki5M9-RKDdXQdHX0lK5WEIwecCZNAOcSZjYKcQqI9EzAqdzSENQjV_lDIIfxsUqCVs7bpna2hbnyGLWPzeTvSS1vNpbYvwmh0R0dvQBp2NVdCN5QtYXaEuYZKkd77g0r-GY2QgXlJggJk7Pc29rOKdoSVvS6NMaIgQss&amp;__tn__=*NK-R\">#48A\u00f1osCoocentral<\/a><\/p>\n\n\n\n<figure class=\"wp-block-gallery has-nested-images columns-default is-cropped wp-block-gallery-1 is-layout-flex wp-block-gallery-is-layout-flex\">\n<figure class=\"wp-block-image size-large\"><img loading=\"lazy\" decoding=\"async\" width=\"1000\" height=\"750\" data-id=\"1075\" src=\"https:\/\/ardigitalnoticias.com\/wp-content\/uploads\/2023\/12\/406476623_750322373782627_6470886121704162498_n-1.jpg\" alt=\"\" class=\"wp-image-1075\" srcset=\"https:\/\/ardigitalnoticias.com\/wp-content\/uploads\/2023\/12\/406476623_750322373782627_6470886121704162498_n-1.jpg 1000w, https:\/\/ardigitalnoticias.com\/wp-content\/uploads\/2023\/12\/406476623_750322373782627_6470886121704162498_n-1-300x225.jpg 300w, https:\/\/ardigitalnoticias.com\/wp-content\/uploads\/2023\/12\/406476623_750322373782627_6470886121704162498_n-1-768x576.jpg 768w, https:\/\/ardigitalnoticias.com\/wp-content\/uploads\/2023\/12\/406476623_750322373782627_6470886121704162498_n-1-16x12.jpg 16w, https:\/\/ardigitalnoticias.com\/wp-content\/uploads\/2023\/12\/406476623_750322373782627_6470886121704162498_n-1-150x113.jpg 150w, https:\/\/ardigitalnoticias.com\/wp-content\/uploads\/2023\/12\/406476623_750322373782627_6470886121704162498_n-1-696x522.jpg 696w\" sizes=\"auto, (max-width: 1000px) 100vw, 1000px\" \/><\/figure>\n\n\n\n<figure class=\"wp-block-image size-large\"><img loading=\"lazy\" decoding=\"async\" width=\"1000\" height=\"750\" data-id=\"1076\" src=\"https:\/\/ardigitalnoticias.com\/wp-content\/uploads\/2023\/12\/409506506_750322507115947_5871187222867547666_n-1.jpg\" alt=\"\" class=\"wp-image-1076\" srcset=\"https:\/\/ardigitalnoticias.com\/wp-content\/uploads\/2023\/12\/409506506_750322507115947_5871187222867547666_n-1.jpg 1000w, https:\/\/ardigitalnoticias.com\/wp-content\/uploads\/2023\/12\/409506506_750322507115947_5871187222867547666_n-1-300x225.jpg 300w, https:\/\/ardigitalnoticias.com\/wp-content\/uploads\/2023\/12\/409506506_750322507115947_5871187222867547666_n-1-768x576.jpg 768w, https:\/\/ardigitalnoticias.com\/wp-content\/uploads\/2023\/12\/409506506_750322507115947_5871187222867547666_n-1-16x12.jpg 16w, https:\/\/ardigitalnoticias.com\/wp-content\/uploads\/2023\/12\/409506506_750322507115947_5871187222867547666_n-1-150x113.jpg 150w, https:\/\/ardigitalnoticias.com\/wp-content\/uploads\/2023\/12\/409506506_750322507115947_5871187222867547666_n-1-696x522.jpg 696w\" sizes=\"auto, (max-width: 1000px) 100vw, 1000px\" \/><\/figure>\n<\/figure>\n","protected":false},"excerpt":{"rendered":"<p>En un esfuerzo conjunto por potenciar el sector agr\u00edcola en el departamento del Huila, la Cooperativa Central de Caficultores del Huila (COOCENTRAL) y la Gobernaci\u00f3n del Huila, han consolidado alianzas estrat\u00e9gicas. Este acuerdo busca beneficiar directamente a los agricultores locales, brind\u00e1ndoles herramientas y recursos que fomenten un desarrollo sostenible en sus actividades. Con el compromiso [&hellip;]<\/p>\n","protected":false},"author":1,"featured_media":1077,"comment_status":"open","ping_status":"open","sticky":false,"template":"","format":"standard","meta":{"_acf_changed":false,"_joinchat":[],"footnotes":""},"categories":[19],"tags":[],"class_list":{"0":"post-1074","1":"post","2":"type-post","3":"status-publish","4":"format-standard","5":"has-post-thumbnail","7":"category-regional"},"acf":[],"yoast_head":"<!-- This site is optimized with the Yoast SEO plugin v27.5 - https:\/\/yoast.com\/product\/yoast-seo-wordpress\/ -->\n<title>COOCENTRAL Y LA GOBERNACI\u00d3N DEL HUILA FORTALECEN V\u00cdNCULOS PARA IMPULSAR EL DESARROLLO AGR\u00cdCOLA - AR Digital Noticias<\/title>\n<meta name=\"robots\" content=\"index, follow, max-snippet:-1, max-image-preview:large, max-video-preview:-1\" \/>\n<link rel=\"canonical\" href=\"https:\/\/ardigitalnoticias.com\/index.php\/2023\/12\/10\/coocentral-y-la-gobernacion-del-huila-fortalecen-vinculos-para-impulsar-el-desarrollo-agricola\/\" \/>\n<meta property=\"og:locale\" content=\"es_ES\" \/>\n<meta property=\"og:type\" content=\"article\" \/>\n<meta property=\"og:title\" content=\"COOCENTRAL Y LA GOBERNACI\u00d3N DEL HUILA FORTALECEN V\u00cdNCULOS PARA IMPULSAR EL DESARROLLO AGR\u00cdCOLA - AR Digital Noticias\" \/>\n<meta property=\"og:description\" content=\"En un esfuerzo conjunto por potenciar el sector agr\u00edcola en el departamento del Huila, la Cooperativa Central de Caficultores del Huila (COOCENTRAL) y la Gobernaci\u00f3n del Huila, han consolidado alianzas estrat\u00e9gicas. Este acuerdo busca beneficiar directamente a los agricultores locales, brind\u00e1ndoles herramientas y recursos que fomenten un desarrollo sostenible en sus actividades. Con el compromiso [&hellip;]\" \/>\n<meta property=\"og:url\" content=\"https:\/\/ardigitalnoticias.com\/index.php\/2023\/12\/10\/coocentral-y-la-gobernacion-del-huila-fortalecen-vinculos-para-impulsar-el-desarrollo-agricola\/\" \/>\n<meta property=\"og:site_name\" content=\"AR Digital Noticias\" \/>\n<meta property=\"article:published_time\" content=\"2023-12-10T09:49:00+00:00\" \/>\n<meta property=\"article:modified_time\" content=\"2023-12-13T14:40:42+00:00\" \/>\n<meta property=\"og:image\" content=\"https:\/\/ardigitalnoticias.com\/wp-content\/uploads\/2023\/12\/406478525_750322477115950_2008574567623206182_n-1.jpg\" \/>\n\t<meta property=\"og:image:width\" content=\"1000\" \/>\n\t<meta property=\"og:image:height\" content=\"750\" \/>\n\t<meta property=\"og:image:type\" content=\"image\/jpeg\" \/>\n<meta name=\"author\" content=\"ardigitalnoticias.com\" \/>\n<meta name=\"twitter:card\" content=\"summary_large_image\" \/>\n<meta name=\"twitter:label1\" content=\"Escrito por\" \/>\n\t<meta name=\"twitter:data1\" content=\"ardigitalnoticias.com\" \/>\n\t<meta name=\"twitter:label2\" content=\"Tiempo de lectura\" \/>\n\t<meta name=\"twitter:data2\" content=\"1 minuto\" \/>\n<script type=\"application\/ld+json\" class=\"yoast-schema-graph\">{\"@context\":\"https:\\\/\\\/schema.org\",\"@graph\":[{\"@type\":\"Article\",\"@id\":\"https:\\\/\\\/ardigitalnoticias.com\\\/index.php\\\/2023\\\/12\\\/10\\\/coocentral-y-la-gobernacion-del-huila-fortalecen-vinculos-para-impulsar-el-desarrollo-agricola\\\/#article\",\"isPartOf\":{\"@id\":\"https:\\\/\\\/ardigitalnoticias.com\\\/index.php\\\/2023\\\/12\\\/10\\\/coocentral-y-la-gobernacion-del-huila-fortalecen-vinculos-para-impulsar-el-desarrollo-agricola\\\/\"},\"author\":{\"name\":\"ardigitalnoticias.com\",\"@id\":\"https:\\\/\\\/ardigitalnoticias.com\\\/#\\\/schema\\\/person\\\/4d6f832eb727144069aa5231406bee31\"},\"headline\":\"COOCENTRAL Y LA GOBERNACI\u00d3N DEL HUILA FORTALECEN V\u00cdNCULOS PARA IMPULSAR EL DESARROLLO AGR\u00cdCOLA\",\"datePublished\":\"2023-12-10T09:49:00+00:00\",\"dateModified\":\"2023-12-13T14:40:42+00:00\",\"mainEntityOfPage\":{\"@id\":\"https:\\\/\\\/ardigitalnoticias.com\\\/index.php\\\/2023\\\/12\\\/10\\\/coocentral-y-la-gobernacion-del-huila-fortalecen-vinculos-para-impulsar-el-desarrollo-agricola\\\/\"},\"wordCount\":152,\"commentCount\":0,\"publisher\":{\"@id\":\"https:\\\/\\\/ardigitalnoticias.com\\\/#organization\"},\"image\":{\"@id\":\"https:\\\/\\\/ardigitalnoticias.com\\\/index.php\\\/2023\\\/12\\\/10\\\/coocentral-y-la-gobernacion-del-huila-fortalecen-vinculos-para-impulsar-el-desarrollo-agricola\\\/#primaryimage\"},\"thumbnailUrl\":\"https:\\\/\\\/ardigitalnoticias.com\\\/wp-content\\\/uploads\\\/2023\\\/12\\\/406478525_750322477115950_2008574567623206182_n-1.jpg\",\"articleSection\":[\"Regional\"],\"inLanguage\":\"es\",\"potentialAction\":[{\"@type\":\"CommentAction\",\"name\":\"Comment\",\"target\":[\"https:\\\/\\\/ardigitalnoticias.com\\\/index.php\\\/2023\\\/12\\\/10\\\/coocentral-y-la-gobernacion-del-huila-fortalecen-vinculos-para-impulsar-el-desarrollo-agricola\\\/#respond\"]}]},{\"@type\":\"WebPage\",\"@id\":\"https:\\\/\\\/ardigitalnoticias.com\\\/index.php\\\/2023\\\/12\\\/10\\\/coocentral-y-la-gobernacion-del-huila-fortalecen-vinculos-para-impulsar-el-desarrollo-agricola\\\/\",\"url\":\"https:\\\/\\\/ardigitalnoticias.com\\\/index.php\\\/2023\\\/12\\\/10\\\/coocentral-y-la-gobernacion-del-huila-fortalecen-vinculos-para-impulsar-el-desarrollo-agricola\\\/\",\"name\":\"COOCENTRAL Y LA GOBERNACI\u00d3N DEL HUILA FORTALECEN V\u00cdNCULOS PARA IMPULSAR EL DESARROLLO AGR\u00cdCOLA - AR Digital Noticias\",\"isPartOf\":{\"@id\":\"https:\\\/\\\/ardigitalnoticias.com\\\/#website\"},\"primaryImageOfPage\":{\"@id\":\"https:\\\/\\\/ardigitalnoticias.com\\\/index.php\\\/2023\\\/12\\\/10\\\/coocentral-y-la-gobernacion-del-huila-fortalecen-vinculos-para-impulsar-el-desarrollo-agricola\\\/#primaryimage\"},\"image\":{\"@id\":\"https:\\\/\\\/ardigitalnoticias.com\\\/index.php\\\/2023\\\/12\\\/10\\\/coocentral-y-la-gobernacion-del-huila-fortalecen-vinculos-para-impulsar-el-desarrollo-agricola\\\/#primaryimage\"},\"thumbnailUrl\":\"https:\\\/\\\/ardigitalnoticias.com\\\/wp-content\\\/uploads\\\/2023\\\/12\\\/406478525_750322477115950_2008574567623206182_n-1.jpg\",\"datePublished\":\"2023-12-10T09:49:00+00:00\",\"dateModified\":\"2023-12-13T14:40:42+00:00\",\"breadcrumb\":{\"@id\":\"https:\\\/\\\/ardigitalnoticias.com\\\/index.php\\\/2023\\\/12\\\/10\\\/coocentral-y-la-gobernacion-del-huila-fortalecen-vinculos-para-impulsar-el-desarrollo-agricola\\\/#breadcrumb\"},\"inLanguage\":\"es\",\"potentialAction\":[{\"@type\":\"ReadAction\",\"target\":[\"https:\\\/\\\/ardigitalnoticias.com\\\/index.php\\\/2023\\\/12\\\/10\\\/coocentral-y-la-gobernacion-del-huila-fortalecen-vinculos-para-impulsar-el-desarrollo-agricola\\\/\"]}]},{\"@type\":\"ImageObject\",\"inLanguage\":\"es\",\"@id\":\"https:\\\/\\\/ardigitalnoticias.com\\\/index.php\\\/2023\\\/12\\\/10\\\/coocentral-y-la-gobernacion-del-huila-fortalecen-vinculos-para-impulsar-el-desarrollo-agricola\\\/#primaryimage\",\"url\":\"https:\\\/\\\/ardigitalnoticias.com\\\/wp-content\\\/uploads\\\/2023\\\/12\\\/406478525_750322477115950_2008574567623206182_n-1.jpg\",\"contentUrl\":\"https:\\\/\\\/ardigitalnoticias.com\\\/wp-content\\\/uploads\\\/2023\\\/12\\\/406478525_750322477115950_2008574567623206182_n-1.jpg\",\"width\":1000,\"height\":750},{\"@type\":\"BreadcrumbList\",\"@id\":\"https:\\\/\\\/ardigitalnoticias.com\\\/index.php\\\/2023\\\/12\\\/10\\\/coocentral-y-la-gobernacion-del-huila-fortalecen-vinculos-para-impulsar-el-desarrollo-agricola\\\/#breadcrumb\",\"itemListElement\":[{\"@type\":\"ListItem\",\"position\":1,\"name\":\"Portada\",\"item\":\"https:\\\/\\\/ardigitalnoticias.com\\\/\"},{\"@type\":\"ListItem\",\"position\":2,\"name\":\"COOCENTRAL Y LA GOBERNACI\u00d3N DEL HUILA FORTALECEN V\u00cdNCULOS PARA IMPULSAR EL DESARROLLO AGR\u00cdCOLA\"}]},{\"@type\":\"WebSite\",\"@id\":\"https:\\\/\\\/ardigitalnoticias.com\\\/#website\",\"url\":\"https:\\\/\\\/ardigitalnoticias.com\\\/\",\"name\":\"AR Digital Noticias\",\"description\":\"\",\"publisher\":{\"@id\":\"https:\\\/\\\/ardigitalnoticias.com\\\/#organization\"},\"potentialAction\":[{\"@type\":\"SearchAction\",\"target\":{\"@type\":\"EntryPoint\",\"urlTemplate\":\"https:\\\/\\\/ardigitalnoticias.com\\\/?s={search_term_string}\"},\"query-input\":{\"@type\":\"PropertyValueSpecification\",\"valueRequired\":true,\"valueName\":\"search_term_string\"}}],\"inLanguage\":\"es\"},{\"@type\":\"Organization\",\"@id\":\"https:\\\/\\\/ardigitalnoticias.com\\\/#organization\",\"name\":\"AR Digital Noticias\",\"url\":\"https:\\\/\\\/ardigitalnoticias.com\\\/\",\"logo\":{\"@type\":\"ImageObject\",\"inLanguage\":\"es\",\"@id\":\"https:\\\/\\\/ardigitalnoticias.com\\\/#\\\/schema\\\/logo\\\/image\\\/\",\"url\":\"https:\\\/\\\/ardigitalnoticias.com\\\/wp-content\\\/uploads\\\/2023\\\/11\\\/cropped-cropped-cropped-cropped-AR-Digital-Noticias-1.png\",\"contentUrl\":\"https:\\\/\\\/ardigitalnoticias.com\\\/wp-content\\\/uploads\\\/2023\\\/11\\\/cropped-cropped-cropped-cropped-AR-Digital-Noticias-1.png\",\"width\":972,\"height\":306,\"caption\":\"AR Digital Noticias\"},\"image\":{\"@id\":\"https:\\\/\\\/ardigitalnoticias.com\\\/#\\\/schema\\\/logo\\\/image\\\/\"}},{\"@type\":\"Person\",\"@id\":\"https:\\\/\\\/ardigitalnoticias.com\\\/#\\\/schema\\\/person\\\/4d6f832eb727144069aa5231406bee31\",\"name\":\"ardigitalnoticias.com\",\"image\":{\"@type\":\"ImageObject\",\"inLanguage\":\"es\",\"@id\":\"https:\\\/\\\/secure.gravatar.com\\\/avatar\\\/4777fdc30546e8e4ffc5a3fbcdaddaae052002d1d9cc417a1f9f76349f6f1ecd?s=96&d=mm&r=g\",\"url\":\"https:\\\/\\\/secure.gravatar.com\\\/avatar\\\/4777fdc30546e8e4ffc5a3fbcdaddaae052002d1d9cc417a1f9f76349f6f1ecd?s=96&d=mm&r=g\",\"contentUrl\":\"https:\\\/\\\/secure.gravatar.com\\\/avatar\\\/4777fdc30546e8e4ffc5a3fbcdaddaae052002d1d9cc417a1f9f76349f6f1ecd?s=96&d=mm&r=g\",\"caption\":\"ardigitalnoticias.com\"},\"sameAs\":[\"http:\\\/\\\/ardigitalnoticias.com\"],\"url\":\"https:\\\/\\\/ardigitalnoticias.com\\\/index.php\\\/author\\\/ardigitalnoticias-com\\\/\"}]}<\/script>\n<!-- \/ Yoast SEO plugin. -->","yoast_head_json":{"title":"COOCENTRAL Y LA GOBERNACI\u00d3N DEL HUILA FORTALECEN V\u00cdNCULOS PARA IMPULSAR EL DESARROLLO AGR\u00cdCOLA - AR Digital Noticias","robots":{"index":"index","follow":"follow","max-snippet":"max-snippet:-1","max-image-preview":"max-image-preview:large","max-video-preview":"max-video-preview:-1"},"canonical":"https:\/\/ardigitalnoticias.com\/index.php\/2023\/12\/10\/coocentral-y-la-gobernacion-del-huila-fortalecen-vinculos-para-impulsar-el-desarrollo-agricola\/","og_locale":"es_ES","og_type":"article","og_title":"COOCENTRAL Y LA GOBERNACI\u00d3N DEL HUILA FORTALECEN V\u00cdNCULOS PARA IMPULSAR EL DESARROLLO AGR\u00cdCOLA - AR Digital Noticias","og_description":"En un esfuerzo conjunto por potenciar el sector agr\u00edcola en el departamento del Huila, la Cooperativa Central de Caficultores del Huila (COOCENTRAL) y la Gobernaci\u00f3n del Huila, han consolidado alianzas estrat\u00e9gicas. Este acuerdo busca beneficiar directamente a los agricultores locales, brind\u00e1ndoles herramientas y recursos que fomenten un desarrollo sostenible en sus actividades. Con el compromiso [&hellip;]","og_url":"https:\/\/ardigitalnoticias.com\/index.php\/2023\/12\/10\/coocentral-y-la-gobernacion-del-huila-fortalecen-vinculos-para-impulsar-el-desarrollo-agricola\/","og_site_name":"AR Digital Noticias","article_published_time":"2023-12-10T09:49:00+00:00","article_modified_time":"2023-12-13T14:40:42+00:00","og_image":[{"width":1000,"height":750,"url":"https:\/\/ardigitalnoticias.com\/wp-content\/uploads\/2023\/12\/406478525_750322477115950_2008574567623206182_n-1.jpg","type":"image\/jpeg"}],"author":"ardigitalnoticias.com","twitter_card":"summary_large_image","twitter_misc":{"Escrito por":"ardigitalnoticias.com","Tiempo de lectura":"1 minuto"},"schema":{"@context":"https:\/\/schema.org","@graph":[{"@type":"Article","@id":"https:\/\/ardigitalnoticias.com\/index.php\/2023\/12\/10\/coocentral-y-la-gobernacion-del-huila-fortalecen-vinculos-para-impulsar-el-desarrollo-agricola\/#article","isPartOf":{"@id":"https:\/\/ardigitalnoticias.com\/index.php\/2023\/12\/10\/coocentral-y-la-gobernacion-del-huila-fortalecen-vinculos-para-impulsar-el-desarrollo-agricola\/"},"author":{"name":"ardigitalnoticias.com","@id":"https:\/\/ardigitalnoticias.com\/#\/schema\/person\/4d6f832eb727144069aa5231406bee31"},"headline":"COOCENTRAL Y LA GOBERNACI\u00d3N DEL HUILA FORTALECEN V\u00cdNCULOS PARA IMPULSAR EL DESARROLLO AGR\u00cdCOLA","datePublished":"2023-12-10T09:49:00+00:00","dateModified":"2023-12-13T14:40:42+00:00","mainEntityOfPage":{"@id":"https:\/\/ardigitalnoticias.com\/index.php\/2023\/12\/10\/coocentral-y-la-gobernacion-del-huila-fortalecen-vinculos-para-impulsar-el-desarrollo-agricola\/"},"wordCount":152,"commentCount":0,"publisher":{"@id":"https:\/\/ardigitalnoticias.com\/#organization"},"image":{"@id":"https:\/\/ardigitalnoticias.com\/index.php\/2023\/12\/10\/coocentral-y-la-gobernacion-del-huila-fortalecen-vinculos-para-impulsar-el-desarrollo-agricola\/#primaryimage"},"thumbnailUrl":"https:\/\/ardigitalnoticias.com\/wp-content\/uploads\/2023\/12\/406478525_750322477115950_2008574567623206182_n-1.jpg","articleSection":["Regional"],"inLanguage":"es","potentialAction":[{"@type":"CommentAction","name":"Comment","target":["https:\/\/ardigitalnoticias.com\/index.php\/2023\/12\/10\/coocentral-y-la-gobernacion-del-huila-fortalecen-vinculos-para-impulsar-el-desarrollo-agricola\/#respond"]}]},{"@type":"WebPage","@id":"https:\/\/ardigitalnoticias.com\/index.php\/2023\/12\/10\/coocentral-y-la-gobernacion-del-huila-fortalecen-vinculos-para-impulsar-el-desarrollo-agricola\/","url":"https:\/\/ardigitalnoticias.com\/index.php\/2023\/12\/10\/coocentral-y-la-gobernacion-del-huila-fortalecen-vinculos-para-impulsar-el-desarrollo-agricola\/","name":"COOCENTRAL Y LA GOBERNACI\u00d3N DEL HUILA FORTALECEN V\u00cdNCULOS PARA IMPULSAR EL DESARROLLO AGR\u00cdCOLA - AR Digital Noticias","isPartOf":{"@id":"https:\/\/ardigitalnoticias.com\/#website"},"primaryImageOfPage":{"@id":"https:\/\/ardigitalnoticias.com\/index.php\/2023\/12\/10\/coocentral-y-la-gobernacion-del-huila-fortalecen-vinculos-para-impulsar-el-desarrollo-agricola\/#primaryimage"},"image":{"@id":"https:\/\/ardigitalnoticias.com\/index.php\/2023\/12\/10\/coocentral-y-la-gobernacion-del-huila-fortalecen-vinculos-para-impulsar-el-desarrollo-agricola\/#primaryimage"},"thumbnailUrl":"https:\/\/ardigitalnoticias.com\/wp-content\/uploads\/2023\/12\/406478525_750322477115950_2008574567623206182_n-1.jpg","datePublished":"2023-12-10T09:49:00+00:00","dateModified":"2023-12-13T14:40:42+00:00","breadcrumb":{"@id":"https:\/\/ardigitalnoticias.com\/index.php\/2023\/12\/10\/coocentral-y-la-gobernacion-del-huila-fortalecen-vinculos-para-impulsar-el-desarrollo-agricola\/#breadcrumb"},"inLanguage":"es","potentialAction":[{"@type":"ReadAction","target":["https:\/\/ardigitalnoticias.com\/index.php\/2023\/12\/10\/coocentral-y-la-gobernacion-del-huila-fortalecen-vinculos-para-impulsar-el-desarrollo-agricola\/"]}]},{"@type":"ImageObject","inLanguage":"es","@id":"https:\/\/ardigitalnoticias.com\/index.php\/2023\/12\/10\/coocentral-y-la-gobernacion-del-huila-fortalecen-vinculos-para-impulsar-el-desarrollo-agricola\/#primaryimage","url":"https:\/\/ardigitalnoticias.com\/wp-content\/uploads\/2023\/12\/406478525_750322477115950_2008574567623206182_n-1.jpg","contentUrl":"https:\/\/ardigitalnoticias.com\/wp-content\/uploads\/2023\/12\/406478525_750322477115950_2008574567623206182_n-1.jpg","width":1000,"height":750},{"@type":"BreadcrumbList","@id":"https:\/\/ardigitalnoticias.com\/index.php\/2023\/12\/10\/coocentral-y-la-gobernacion-del-huila-fortalecen-vinculos-para-impulsar-el-desarrollo-agricola\/#breadcrumb","itemListElement":[{"@type":"ListItem","position":1,"name":"Portada","item":"https:\/\/ardigitalnoticias.com\/"},{"@type":"ListItem","position":2,"name":"COOCENTRAL Y LA GOBERNACI\u00d3N DEL HUILA FORTALECEN V\u00cdNCULOS PARA IMPULSAR EL DESARROLLO AGR\u00cdCOLA"}]},{"@type":"WebSite","@id":"https:\/\/ardigitalnoticias.com\/#website","url":"https:\/\/ardigitalnoticias.com\/","name":"AR Digital Noticias","description":"","publisher":{"@id":"https:\/\/ardigitalnoticias.com\/#organization"},"potentialAction":[{"@type":"SearchAction","target":{"@type":"EntryPoint","urlTemplate":"https:\/\/ardigitalnoticias.com\/?s={search_term_string}"},"query-input":{"@type":"PropertyValueSpecification","valueRequired":true,"valueName":"search_term_string"}}],"inLanguage":"es"},{"@type":"Organization","@id":"https:\/\/ardigitalnoticias.com\/#organization","name":"AR Digital Noticias","url":"https:\/\/ardigitalnoticias.com\/","logo":{"@type":"ImageObject","inLanguage":"es","@id":"https:\/\/ardigitalnoticias.com\/#\/schema\/logo\/image\/","url":"https:\/\/ardigitalnoticias.com\/wp-content\/uploads\/2023\/11\/cropped-cropped-cropped-cropped-AR-Digital-Noticias-1.png","contentUrl":"https:\/\/ardigitalnoticias.com\/wp-content\/uploads\/2023\/11\/cropped-cropped-cropped-cropped-AR-Digital-Noticias-1.png","width":972,"height":306,"caption":"AR Digital Noticias"},"image":{"@id":"https:\/\/ardigitalnoticias.com\/#\/schema\/logo\/image\/"}},{"@type":"Person","@id":"https:\/\/ardigitalnoticias.com\/#\/schema\/person\/4d6f832eb727144069aa5231406bee31","name":"ardigitalnoticias.com","image":{"@type":"ImageObject","inLanguage":"es","@id":"https:\/\/secure.gravatar.com\/avatar\/4777fdc30546e8e4ffc5a3fbcdaddaae052002d1d9cc417a1f9f76349f6f1ecd?s=96&d=mm&r=g","url":"https:\/\/secure.gravatar.com\/avatar\/4777fdc30546e8e4ffc5a3fbcdaddaae052002d1d9cc417a1f9f76349f6f1ecd?s=96&d=mm&r=g","contentUrl":"https:\/\/secure.gravatar.com\/avatar\/4777fdc30546e8e4ffc5a3fbcdaddaae052002d1d9cc417a1f9f76349f6f1ecd?s=96&d=mm&r=g","caption":"ardigitalnoticias.com"},"sameAs":["http:\/\/ardigitalnoticias.com"],"url":"https:\/\/ardigitalnoticias.com\/index.php\/author\/ardigitalnoticias-com\/"}]}},"_links":{"self":[{"href":"https:\/\/ardigitalnoticias.com\/index.php\/wp-json\/wp\/v2\/posts\/1074","targetHints":{"allow":["GET"]}}],"collection":[{"href":"https:\/\/ardigitalnoticias.com\/index.php\/wp-json\/wp\/v2\/posts"}],"about":[{"href":"https:\/\/ardigitalnoticias.com\/index.php\/wp-json\/wp\/v2\/types\/post"}],"author":[{"embeddable":true,"href":"https:\/\/ardigitalnoticias.com\/index.php\/wp-json\/wp\/v2\/users\/1"}],"replies":[{"embeddable":true,"href":"https:\/\/ardigitalnoticias.com\/index.php\/wp-json\/wp\/v2\/comments?post=1074"}],"version-history":[{"count":2,"href":"https:\/\/ardigitalnoticias.com\/index.php\/wp-json\/wp\/v2\/posts\/1074\/revisions"}],"predecessor-version":[{"id":1079,"href":"https:\/\/ardigitalnoticias.com\/index.php\/wp-json\/wp\/v2\/posts\/1074\/revisions\/1079"}],"wp:featuredmedia":[{"embeddable":true,"href":"https:\/\/ardigitalnoticias.com\/index.php\/wp-json\/wp\/v2\/media\/1077"}],"wp:attachment":[{"href":"https:\/\/ardigitalnoticias.com\/index.php\/wp-json\/wp\/v2\/media?parent=1074"}],"wp:term":[{"taxonomy":"category","embeddable":true,"href":"https:\/\/ardigitalnoticias.com\/index.php\/wp-json\/wp\/v2\/categories?post=1074"},{"taxonomy":"post_tag","embeddable":true,"href":"https:\/\/ardigitalnoticias.com\/index.php\/wp-json\/wp\/v2\/tags?post=1074"}],"curies":[{"name":"wp","href":"https:\/\/api.w.org\/{rel}","templated":true}]}}