{"id":1052,"date":"2023-12-08T21:43:54","date_gmt":"2023-12-09T02:43:54","guid":{"rendered":"https:\/\/ardigitalnoticias.com\/?p=1052"},"modified":"2023-12-12T21:47:54","modified_gmt":"2023-12-13T02:47:54","slug":"ministro-de-salud-guillermo-alfonso-jaramillo-afirma-su-compromiso-con-la-salud-y-las-inversiones-en-el-huila","status":"publish","type":"post","link":"https:\/\/ardigitalnoticias.com\/index.php\/2023\/12\/08\/ministro-de-salud-guillermo-alfonso-jaramillo-afirma-su-compromiso-con-la-salud-y-las-inversiones-en-el-huila\/","title":{"rendered":"MINISTRO DE SALUD GUILLERMO ALFONSO JARAMILLO AFIRMA SU COMPROMISO CON LA SALUD Y LAS INVERSIONES EN EL HUILA"},"content":{"rendered":"\n<p>En una visita destacada a los municipios de Pitalito, Garz\u00f3n y Neiva, el Ministro de Salud y Protecci\u00f3n Social, Guillermo Alfonso Jaramillo, expres\u00f3 su satisfacci\u00f3n por el impacto positivo que el sector hospitalario del Huila est\u00e1 teniendo en la atenci\u00f3n m\u00e9dica.<\/p>\n\n\n\n<p>En el municipio de Garz\u00f3n, el Ministro inspeccion\u00f3 de cerca el funcionamiento administrativo y las \u00e1reas de atenci\u00f3n, elogiando el servicio de la Empresa Social del Estado Mar\u00eda Auxiliadora.<\/p>\n\n\n\n<p>Ratificando el compromiso del gobierno, anunci\u00f3 la agilizaci\u00f3n de la segunda fase de la cl\u00ednica en Garz\u00f3n, junto con inversiones que superan los 12 mil millones de pesos. Adem\u00e1s, resalt\u00f3 la asignaci\u00f3n de recursos para proyectos prioritarios propuestos por la gerente Marcela Yanet Diaz Ramirez, abarcando \u00e1reas clave como dotaci\u00f3n y otros servicios esenciales.<\/p>\n\n\n\n<p>Con inversiones que superan los 100 mil millones de pesos en diversos municipios, como Garz\u00f3n, Pitalito, San Agust\u00edn, Campoalegre y Neiva, el Ministro subray\u00f3 la importancia de concretar obras reales en los pr\u00f3ximos 15 meses. Destacando la inversi\u00f3n significativa de m\u00e1s de 93 mil millones en el Hospital Departamental San Vicente de Pa\u00fal de Garz\u00f3n, Jaramillo reafirm\u00f3 el compromiso del Ministerio de Salud con la mejora continua de la infraestructura de salud en la regi\u00f3n.<\/p>\n\n\n\n<figure class=\"wp-block-gallery has-nested-images columns-default is-cropped wp-block-gallery-1 is-layout-flex wp-block-gallery-is-layout-flex\">\n<figure class=\"wp-block-image size-large\"><img loading=\"lazy\" decoding=\"async\" width=\"682\" height=\"1024\" data-id=\"1054\" src=\"https:\/\/ardigitalnoticias.com\/wp-content\/uploads\/2023\/12\/408109089_749229837225214_8583066709477457023_n-682x1024.jpg\" alt=\"\" class=\"wp-image-1054\" srcset=\"https:\/\/ardigitalnoticias.com\/wp-content\/uploads\/2023\/12\/408109089_749229837225214_8583066709477457023_n-682x1024.jpg 682w, https:\/\/ardigitalnoticias.com\/wp-content\/uploads\/2023\/12\/408109089_749229837225214_8583066709477457023_n-200x300.jpg 200w, https:\/\/ardigitalnoticias.com\/wp-content\/uploads\/2023\/12\/408109089_749229837225214_8583066709477457023_n-768x1153.jpg 768w, https:\/\/ardigitalnoticias.com\/wp-content\/uploads\/2023\/12\/408109089_749229837225214_8583066709477457023_n-1023x1536.jpg 1023w, https:\/\/ardigitalnoticias.com\/wp-content\/uploads\/2023\/12\/408109089_749229837225214_8583066709477457023_n-8x12.jpg 8w, https:\/\/ardigitalnoticias.com\/wp-content\/uploads\/2023\/12\/408109089_749229837225214_8583066709477457023_n-150x225.jpg 150w, https:\/\/ardigitalnoticias.com\/wp-content\/uploads\/2023\/12\/408109089_749229837225214_8583066709477457023_n-300x450.jpg 300w, https:\/\/ardigitalnoticias.com\/wp-content\/uploads\/2023\/12\/408109089_749229837225214_8583066709477457023_n-696x1045.jpg 696w, https:\/\/ardigitalnoticias.com\/wp-content\/uploads\/2023\/12\/408109089_749229837225214_8583066709477457023_n.jpg 1066w\" sizes=\"auto, (max-width: 682px) 100vw, 682px\" \/><\/figure>\n\n\n\n<figure class=\"wp-block-image size-large\"><img loading=\"lazy\" decoding=\"async\" width=\"1024\" height=\"682\" data-id=\"1053\" src=\"https:\/\/ardigitalnoticias.com\/wp-content\/uploads\/2023\/12\/408148889_749243600557171_4997753306554970586_n-1024x682.jpg\" alt=\"\" class=\"wp-image-1053\" srcset=\"https:\/\/ardigitalnoticias.com\/wp-content\/uploads\/2023\/12\/408148889_749243600557171_4997753306554970586_n-1024x682.jpg 1024w, https:\/\/ardigitalnoticias.com\/wp-content\/uploads\/2023\/12\/408148889_749243600557171_4997753306554970586_n-300x200.jpg 300w, https:\/\/ardigitalnoticias.com\/wp-content\/uploads\/2023\/12\/408148889_749243600557171_4997753306554970586_n-768x512.jpg 768w, https:\/\/ardigitalnoticias.com\/wp-content\/uploads\/2023\/12\/408148889_749243600557171_4997753306554970586_n-18x12.jpg 18w, https:\/\/ardigitalnoticias.com\/wp-content\/uploads\/2023\/12\/408148889_749243600557171_4997753306554970586_n-150x100.jpg 150w, https:\/\/ardigitalnoticias.com\/wp-content\/uploads\/2023\/12\/408148889_749243600557171_4997753306554970586_n-696x464.jpg 696w, https:\/\/ardigitalnoticias.com\/wp-content\/uploads\/2023\/12\/408148889_749243600557171_4997753306554970586_n-1068x711.jpg 1068w, https:\/\/ardigitalnoticias.com\/wp-content\/uploads\/2023\/12\/408148889_749243600557171_4997753306554970586_n.jpg 1081w\" sizes=\"auto, (max-width: 1024px) 100vw, 1024px\" \/><\/figure>\n<\/figure>\n","protected":false},"excerpt":{"rendered":"<p>En una visita destacada a los municipios de Pitalito, Garz\u00f3n y Neiva, el Ministro de Salud y Protecci\u00f3n Social, Guillermo Alfonso Jaramillo, expres\u00f3 su satisfacci\u00f3n por el impacto positivo que el sector hospitalario del Huila est\u00e1 teniendo en la atenci\u00f3n m\u00e9dica. En el municipio de Garz\u00f3n, el Ministro inspeccion\u00f3 de cerca el funcionamiento administrativo y [&hellip;]<\/p>\n","protected":false},"author":1,"featured_media":1055,"comment_status":"open","ping_status":"open","sticky":false,"template":"","format":"standard","meta":{"_acf_changed":false,"_joinchat":[],"footnotes":""},"categories":[1],"tags":[],"class_list":{"0":"post-1052","1":"post","2":"type-post","3":"status-publish","4":"format-standard","5":"has-post-thumbnail","7":"category-actualidad"},"acf":[],"yoast_head":"<!-- This site is optimized with the Yoast SEO plugin v27.5 - https:\/\/yoast.com\/product\/yoast-seo-wordpress\/ -->\n<title>MINISTRO DE SALUD GUILLERMO ALFONSO JARAMILLO AFIRMA SU COMPROMISO CON LA SALUD Y LAS INVERSIONES EN EL HUILA - AR Digital Noticias<\/title>\n<meta name=\"robots\" content=\"index, follow, max-snippet:-1, max-image-preview:large, max-video-preview:-1\" \/>\n<link rel=\"canonical\" href=\"https:\/\/ardigitalnoticias.com\/index.php\/2023\/12\/08\/ministro-de-salud-guillermo-alfonso-jaramillo-afirma-su-compromiso-con-la-salud-y-las-inversiones-en-el-huila\/\" \/>\n<meta property=\"og:locale\" content=\"es_ES\" \/>\n<meta property=\"og:type\" content=\"article\" \/>\n<meta property=\"og:title\" content=\"MINISTRO DE SALUD GUILLERMO ALFONSO JARAMILLO AFIRMA SU COMPROMISO CON LA SALUD Y LAS INVERSIONES EN EL HUILA - AR Digital Noticias\" \/>\n<meta property=\"og:description\" content=\"En una visita destacada a los municipios de Pitalito, Garz\u00f3n y Neiva, el Ministro de Salud y Protecci\u00f3n Social, Guillermo Alfonso Jaramillo, expres\u00f3 su satisfacci\u00f3n por el impacto positivo que el sector hospitalario del Huila est\u00e1 teniendo en la atenci\u00f3n m\u00e9dica. En el municipio de Garz\u00f3n, el Ministro inspeccion\u00f3 de cerca el funcionamiento administrativo y [&hellip;]\" \/>\n<meta property=\"og:url\" content=\"https:\/\/ardigitalnoticias.com\/index.php\/2023\/12\/08\/ministro-de-salud-guillermo-alfonso-jaramillo-afirma-su-compromiso-con-la-salud-y-las-inversiones-en-el-huila\/\" \/>\n<meta property=\"og:site_name\" content=\"AR Digital Noticias\" \/>\n<meta property=\"article:published_time\" content=\"2023-12-09T02:43:54+00:00\" \/>\n<meta property=\"article:modified_time\" content=\"2023-12-13T02:47:54+00:00\" \/>\n<meta property=\"og:image\" content=\"https:\/\/ardigitalnoticias.com\/wp-content\/uploads\/2023\/12\/408103807_749230043891860_4279043179733454851_n.jpg\" \/>\n\t<meta property=\"og:image:width\" content=\"1081\" \/>\n\t<meta property=\"og:image:height\" content=\"720\" \/>\n\t<meta property=\"og:image:type\" content=\"image\/jpeg\" \/>\n<meta name=\"author\" content=\"ardigitalnoticias.com\" \/>\n<meta name=\"twitter:card\" content=\"summary_large_image\" \/>\n<meta name=\"twitter:label1\" content=\"Escrito por\" \/>\n\t<meta name=\"twitter:data1\" content=\"ardigitalnoticias.com\" \/>\n\t<meta name=\"twitter:label2\" content=\"Tiempo de lectura\" \/>\n\t<meta name=\"twitter:data2\" content=\"2 minutos\" \/>\n<script type=\"application\/ld+json\" class=\"yoast-schema-graph\">{\"@context\":\"https:\\\/\\\/schema.org\",\"@graph\":[{\"@type\":\"Article\",\"@id\":\"https:\\\/\\\/ardigitalnoticias.com\\\/index.php\\\/2023\\\/12\\\/08\\\/ministro-de-salud-guillermo-alfonso-jaramillo-afirma-su-compromiso-con-la-salud-y-las-inversiones-en-el-huila\\\/#article\",\"isPartOf\":{\"@id\":\"https:\\\/\\\/ardigitalnoticias.com\\\/index.php\\\/2023\\\/12\\\/08\\\/ministro-de-salud-guillermo-alfonso-jaramillo-afirma-su-compromiso-con-la-salud-y-las-inversiones-en-el-huila\\\/\"},\"author\":{\"name\":\"ardigitalnoticias.com\",\"@id\":\"https:\\\/\\\/ardigitalnoticias.com\\\/#\\\/schema\\\/person\\\/4d6f832eb727144069aa5231406bee31\"},\"headline\":\"MINISTRO DE SALUD GUILLERMO ALFONSO JARAMILLO AFIRMA SU COMPROMISO CON LA SALUD Y LAS INVERSIONES EN EL HUILA\",\"datePublished\":\"2023-12-09T02:43:54+00:00\",\"dateModified\":\"2023-12-13T02:47:54+00:00\",\"mainEntityOfPage\":{\"@id\":\"https:\\\/\\\/ardigitalnoticias.com\\\/index.php\\\/2023\\\/12\\\/08\\\/ministro-de-salud-guillermo-alfonso-jaramillo-afirma-su-compromiso-con-la-salud-y-las-inversiones-en-el-huila\\\/\"},\"wordCount\":235,\"commentCount\":0,\"publisher\":{\"@id\":\"https:\\\/\\\/ardigitalnoticias.com\\\/#organization\"},\"image\":{\"@id\":\"https:\\\/\\\/ardigitalnoticias.com\\\/index.php\\\/2023\\\/12\\\/08\\\/ministro-de-salud-guillermo-alfonso-jaramillo-afirma-su-compromiso-con-la-salud-y-las-inversiones-en-el-huila\\\/#primaryimage\"},\"thumbnailUrl\":\"https:\\\/\\\/ardigitalnoticias.com\\\/wp-content\\\/uploads\\\/2023\\\/12\\\/408103807_749230043891860_4279043179733454851_n.jpg\",\"articleSection\":[\"Actualidad\"],\"inLanguage\":\"es\",\"potentialAction\":[{\"@type\":\"CommentAction\",\"name\":\"Comment\",\"target\":[\"https:\\\/\\\/ardigitalnoticias.com\\\/index.php\\\/2023\\\/12\\\/08\\\/ministro-de-salud-guillermo-alfonso-jaramillo-afirma-su-compromiso-con-la-salud-y-las-inversiones-en-el-huila\\\/#respond\"]}]},{\"@type\":\"WebPage\",\"@id\":\"https:\\\/\\\/ardigitalnoticias.com\\\/index.php\\\/2023\\\/12\\\/08\\\/ministro-de-salud-guillermo-alfonso-jaramillo-afirma-su-compromiso-con-la-salud-y-las-inversiones-en-el-huila\\\/\",\"url\":\"https:\\\/\\\/ardigitalnoticias.com\\\/index.php\\\/2023\\\/12\\\/08\\\/ministro-de-salud-guillermo-alfonso-jaramillo-afirma-su-compromiso-con-la-salud-y-las-inversiones-en-el-huila\\\/\",\"name\":\"MINISTRO DE SALUD GUILLERMO ALFONSO JARAMILLO AFIRMA SU COMPROMISO CON LA SALUD Y LAS INVERSIONES EN EL HUILA - AR Digital Noticias\",\"isPartOf\":{\"@id\":\"https:\\\/\\\/ardigitalnoticias.com\\\/#website\"},\"primaryImageOfPage\":{\"@id\":\"https:\\\/\\\/ardigitalnoticias.com\\\/index.php\\\/2023\\\/12\\\/08\\\/ministro-de-salud-guillermo-alfonso-jaramillo-afirma-su-compromiso-con-la-salud-y-las-inversiones-en-el-huila\\\/#primaryimage\"},\"image\":{\"@id\":\"https:\\\/\\\/ardigitalnoticias.com\\\/index.php\\\/2023\\\/12\\\/08\\\/ministro-de-salud-guillermo-alfonso-jaramillo-afirma-su-compromiso-con-la-salud-y-las-inversiones-en-el-huila\\\/#primaryimage\"},\"thumbnailUrl\":\"https:\\\/\\\/ardigitalnoticias.com\\\/wp-content\\\/uploads\\\/2023\\\/12\\\/408103807_749230043891860_4279043179733454851_n.jpg\",\"datePublished\":\"2023-12-09T02:43:54+00:00\",\"dateModified\":\"2023-12-13T02:47:54+00:00\",\"breadcrumb\":{\"@id\":\"https:\\\/\\\/ardigitalnoticias.com\\\/index.php\\\/2023\\\/12\\\/08\\\/ministro-de-salud-guillermo-alfonso-jaramillo-afirma-su-compromiso-con-la-salud-y-las-inversiones-en-el-huila\\\/#breadcrumb\"},\"inLanguage\":\"es\",\"potentialAction\":[{\"@type\":\"ReadAction\",\"target\":[\"https:\\\/\\\/ardigitalnoticias.com\\\/index.php\\\/2023\\\/12\\\/08\\\/ministro-de-salud-guillermo-alfonso-jaramillo-afirma-su-compromiso-con-la-salud-y-las-inversiones-en-el-huila\\\/\"]}]},{\"@type\":\"ImageObject\",\"inLanguage\":\"es\",\"@id\":\"https:\\\/\\\/ardigitalnoticias.com\\\/index.php\\\/2023\\\/12\\\/08\\\/ministro-de-salud-guillermo-alfonso-jaramillo-afirma-su-compromiso-con-la-salud-y-las-inversiones-en-el-huila\\\/#primaryimage\",\"url\":\"https:\\\/\\\/ardigitalnoticias.com\\\/wp-content\\\/uploads\\\/2023\\\/12\\\/408103807_749230043891860_4279043179733454851_n.jpg\",\"contentUrl\":\"https:\\\/\\\/ardigitalnoticias.com\\\/wp-content\\\/uploads\\\/2023\\\/12\\\/408103807_749230043891860_4279043179733454851_n.jpg\",\"width\":1081,\"height\":720},{\"@type\":\"BreadcrumbList\",\"@id\":\"https:\\\/\\\/ardigitalnoticias.com\\\/index.php\\\/2023\\\/12\\\/08\\\/ministro-de-salud-guillermo-alfonso-jaramillo-afirma-su-compromiso-con-la-salud-y-las-inversiones-en-el-huila\\\/#breadcrumb\",\"itemListElement\":[{\"@type\":\"ListItem\",\"position\":1,\"name\":\"Portada\",\"item\":\"https:\\\/\\\/ardigitalnoticias.com\\\/\"},{\"@type\":\"ListItem\",\"position\":2,\"name\":\"MINISTRO DE SALUD GUILLERMO ALFONSO JARAMILLO AFIRMA SU COMPROMISO CON LA SALUD Y LAS INVERSIONES EN EL HUILA\"}]},{\"@type\":\"WebSite\",\"@id\":\"https:\\\/\\\/ardigitalnoticias.com\\\/#website\",\"url\":\"https:\\\/\\\/ardigitalnoticias.com\\\/\",\"name\":\"AR Digital Noticias\",\"description\":\"\",\"publisher\":{\"@id\":\"https:\\\/\\\/ardigitalnoticias.com\\\/#organization\"},\"potentialAction\":[{\"@type\":\"SearchAction\",\"target\":{\"@type\":\"EntryPoint\",\"urlTemplate\":\"https:\\\/\\\/ardigitalnoticias.com\\\/?s={search_term_string}\"},\"query-input\":{\"@type\":\"PropertyValueSpecification\",\"valueRequired\":true,\"valueName\":\"search_term_string\"}}],\"inLanguage\":\"es\"},{\"@type\":\"Organization\",\"@id\":\"https:\\\/\\\/ardigitalnoticias.com\\\/#organization\",\"name\":\"AR Digital Noticias\",\"url\":\"https:\\\/\\\/ardigitalnoticias.com\\\/\",\"logo\":{\"@type\":\"ImageObject\",\"inLanguage\":\"es\",\"@id\":\"https:\\\/\\\/ardigitalnoticias.com\\\/#\\\/schema\\\/logo\\\/image\\\/\",\"url\":\"https:\\\/\\\/ardigitalnoticias.com\\\/wp-content\\\/uploads\\\/2023\\\/11\\\/cropped-cropped-cropped-cropped-AR-Digital-Noticias-1.png\",\"contentUrl\":\"https:\\\/\\\/ardigitalnoticias.com\\\/wp-content\\\/uploads\\\/2023\\\/11\\\/cropped-cropped-cropped-cropped-AR-Digital-Noticias-1.png\",\"width\":972,\"height\":306,\"caption\":\"AR Digital Noticias\"},\"image\":{\"@id\":\"https:\\\/\\\/ardigitalnoticias.com\\\/#\\\/schema\\\/logo\\\/image\\\/\"}},{\"@type\":\"Person\",\"@id\":\"https:\\\/\\\/ardigitalnoticias.com\\\/#\\\/schema\\\/person\\\/4d6f832eb727144069aa5231406bee31\",\"name\":\"ardigitalnoticias.com\",\"image\":{\"@type\":\"ImageObject\",\"inLanguage\":\"es\",\"@id\":\"https:\\\/\\\/secure.gravatar.com\\\/avatar\\\/4777fdc30546e8e4ffc5a3fbcdaddaae052002d1d9cc417a1f9f76349f6f1ecd?s=96&d=mm&r=g\",\"url\":\"https:\\\/\\\/secure.gravatar.com\\\/avatar\\\/4777fdc30546e8e4ffc5a3fbcdaddaae052002d1d9cc417a1f9f76349f6f1ecd?s=96&d=mm&r=g\",\"contentUrl\":\"https:\\\/\\\/secure.gravatar.com\\\/avatar\\\/4777fdc30546e8e4ffc5a3fbcdaddaae052002d1d9cc417a1f9f76349f6f1ecd?s=96&d=mm&r=g\",\"caption\":\"ardigitalnoticias.com\"},\"sameAs\":[\"http:\\\/\\\/ardigitalnoticias.com\"],\"url\":\"https:\\\/\\\/ardigitalnoticias.com\\\/index.php\\\/author\\\/ardigitalnoticias-com\\\/\"}]}<\/script>\n<!-- \/ Yoast SEO plugin. -->","yoast_head_json":{"title":"MINISTRO DE SALUD GUILLERMO ALFONSO JARAMILLO AFIRMA SU COMPROMISO CON LA SALUD Y LAS INVERSIONES EN EL HUILA - AR Digital Noticias","robots":{"index":"index","follow":"follow","max-snippet":"max-snippet:-1","max-image-preview":"max-image-preview:large","max-video-preview":"max-video-preview:-1"},"canonical":"https:\/\/ardigitalnoticias.com\/index.php\/2023\/12\/08\/ministro-de-salud-guillermo-alfonso-jaramillo-afirma-su-compromiso-con-la-salud-y-las-inversiones-en-el-huila\/","og_locale":"es_ES","og_type":"article","og_title":"MINISTRO DE SALUD GUILLERMO ALFONSO JARAMILLO AFIRMA SU COMPROMISO CON LA SALUD Y LAS INVERSIONES EN EL HUILA - AR Digital Noticias","og_description":"En una visita destacada a los municipios de Pitalito, Garz\u00f3n y Neiva, el Ministro de Salud y Protecci\u00f3n Social, Guillermo Alfonso Jaramillo, expres\u00f3 su satisfacci\u00f3n por el impacto positivo que el sector hospitalario del Huila est\u00e1 teniendo en la atenci\u00f3n m\u00e9dica. En el municipio de Garz\u00f3n, el Ministro inspeccion\u00f3 de cerca el funcionamiento administrativo y [&hellip;]","og_url":"https:\/\/ardigitalnoticias.com\/index.php\/2023\/12\/08\/ministro-de-salud-guillermo-alfonso-jaramillo-afirma-su-compromiso-con-la-salud-y-las-inversiones-en-el-huila\/","og_site_name":"AR Digital Noticias","article_published_time":"2023-12-09T02:43:54+00:00","article_modified_time":"2023-12-13T02:47:54+00:00","og_image":[{"width":1081,"height":720,"url":"https:\/\/ardigitalnoticias.com\/wp-content\/uploads\/2023\/12\/408103807_749230043891860_4279043179733454851_n.jpg","type":"image\/jpeg"}],"author":"ardigitalnoticias.com","twitter_card":"summary_large_image","twitter_misc":{"Escrito por":"ardigitalnoticias.com","Tiempo de lectura":"2 minutos"},"schema":{"@context":"https:\/\/schema.org","@graph":[{"@type":"Article","@id":"https:\/\/ardigitalnoticias.com\/index.php\/2023\/12\/08\/ministro-de-salud-guillermo-alfonso-jaramillo-afirma-su-compromiso-con-la-salud-y-las-inversiones-en-el-huila\/#article","isPartOf":{"@id":"https:\/\/ardigitalnoticias.com\/index.php\/2023\/12\/08\/ministro-de-salud-guillermo-alfonso-jaramillo-afirma-su-compromiso-con-la-salud-y-las-inversiones-en-el-huila\/"},"author":{"name":"ardigitalnoticias.com","@id":"https:\/\/ardigitalnoticias.com\/#\/schema\/person\/4d6f832eb727144069aa5231406bee31"},"headline":"MINISTRO DE SALUD GUILLERMO ALFONSO JARAMILLO AFIRMA SU COMPROMISO CON LA SALUD Y LAS INVERSIONES EN EL HUILA","datePublished":"2023-12-09T02:43:54+00:00","dateModified":"2023-12-13T02:47:54+00:00","mainEntityOfPage":{"@id":"https:\/\/ardigitalnoticias.com\/index.php\/2023\/12\/08\/ministro-de-salud-guillermo-alfonso-jaramillo-afirma-su-compromiso-con-la-salud-y-las-inversiones-en-el-huila\/"},"wordCount":235,"commentCount":0,"publisher":{"@id":"https:\/\/ardigitalnoticias.com\/#organization"},"image":{"@id":"https:\/\/ardigitalnoticias.com\/index.php\/2023\/12\/08\/ministro-de-salud-guillermo-alfonso-jaramillo-afirma-su-compromiso-con-la-salud-y-las-inversiones-en-el-huila\/#primaryimage"},"thumbnailUrl":"https:\/\/ardigitalnoticias.com\/wp-content\/uploads\/2023\/12\/408103807_749230043891860_4279043179733454851_n.jpg","articleSection":["Actualidad"],"inLanguage":"es","potentialAction":[{"@type":"CommentAction","name":"Comment","target":["https:\/\/ardigitalnoticias.com\/index.php\/2023\/12\/08\/ministro-de-salud-guillermo-alfonso-jaramillo-afirma-su-compromiso-con-la-salud-y-las-inversiones-en-el-huila\/#respond"]}]},{"@type":"WebPage","@id":"https:\/\/ardigitalnoticias.com\/index.php\/2023\/12\/08\/ministro-de-salud-guillermo-alfonso-jaramillo-afirma-su-compromiso-con-la-salud-y-las-inversiones-en-el-huila\/","url":"https:\/\/ardigitalnoticias.com\/index.php\/2023\/12\/08\/ministro-de-salud-guillermo-alfonso-jaramillo-afirma-su-compromiso-con-la-salud-y-las-inversiones-en-el-huila\/","name":"MINISTRO DE SALUD GUILLERMO ALFONSO JARAMILLO AFIRMA SU COMPROMISO CON LA SALUD Y LAS INVERSIONES EN EL HUILA - AR Digital Noticias","isPartOf":{"@id":"https:\/\/ardigitalnoticias.com\/#website"},"primaryImageOfPage":{"@id":"https:\/\/ardigitalnoticias.com\/index.php\/2023\/12\/08\/ministro-de-salud-guillermo-alfonso-jaramillo-afirma-su-compromiso-con-la-salud-y-las-inversiones-en-el-huila\/#primaryimage"},"image":{"@id":"https:\/\/ardigitalnoticias.com\/index.php\/2023\/12\/08\/ministro-de-salud-guillermo-alfonso-jaramillo-afirma-su-compromiso-con-la-salud-y-las-inversiones-en-el-huila\/#primaryimage"},"thumbnailUrl":"https:\/\/ardigitalnoticias.com\/wp-content\/uploads\/2023\/12\/408103807_749230043891860_4279043179733454851_n.jpg","datePublished":"2023-12-09T02:43:54+00:00","dateModified":"2023-12-13T02:47:54+00:00","breadcrumb":{"@id":"https:\/\/ardigitalnoticias.com\/index.php\/2023\/12\/08\/ministro-de-salud-guillermo-alfonso-jaramillo-afirma-su-compromiso-con-la-salud-y-las-inversiones-en-el-huila\/#breadcrumb"},"inLanguage":"es","potentialAction":[{"@type":"ReadAction","target":["https:\/\/ardigitalnoticias.com\/index.php\/2023\/12\/08\/ministro-de-salud-guillermo-alfonso-jaramillo-afirma-su-compromiso-con-la-salud-y-las-inversiones-en-el-huila\/"]}]},{"@type":"ImageObject","inLanguage":"es","@id":"https:\/\/ardigitalnoticias.com\/index.php\/2023\/12\/08\/ministro-de-salud-guillermo-alfonso-jaramillo-afirma-su-compromiso-con-la-salud-y-las-inversiones-en-el-huila\/#primaryimage","url":"https:\/\/ardigitalnoticias.com\/wp-content\/uploads\/2023\/12\/408103807_749230043891860_4279043179733454851_n.jpg","contentUrl":"https:\/\/ardigitalnoticias.com\/wp-content\/uploads\/2023\/12\/408103807_749230043891860_4279043179733454851_n.jpg","width":1081,"height":720},{"@type":"BreadcrumbList","@id":"https:\/\/ardigitalnoticias.com\/index.php\/2023\/12\/08\/ministro-de-salud-guillermo-alfonso-jaramillo-afirma-su-compromiso-con-la-salud-y-las-inversiones-en-el-huila\/#breadcrumb","itemListElement":[{"@type":"ListItem","position":1,"name":"Portada","item":"https:\/\/ardigitalnoticias.com\/"},{"@type":"ListItem","position":2,"name":"MINISTRO DE SALUD GUILLERMO ALFONSO JARAMILLO AFIRMA SU COMPROMISO CON LA SALUD Y LAS INVERSIONES EN EL HUILA"}]},{"@type":"WebSite","@id":"https:\/\/ardigitalnoticias.com\/#website","url":"https:\/\/ardigitalnoticias.com\/","name":"AR Digital Noticias","description":"","publisher":{"@id":"https:\/\/ardigitalnoticias.com\/#organization"},"potentialAction":[{"@type":"SearchAction","target":{"@type":"EntryPoint","urlTemplate":"https:\/\/ardigitalnoticias.com\/?s={search_term_string}"},"query-input":{"@type":"PropertyValueSpecification","valueRequired":true,"valueName":"search_term_string"}}],"inLanguage":"es"},{"@type":"Organization","@id":"https:\/\/ardigitalnoticias.com\/#organization","name":"AR Digital Noticias","url":"https:\/\/ardigitalnoticias.com\/","logo":{"@type":"ImageObject","inLanguage":"es","@id":"https:\/\/ardigitalnoticias.com\/#\/schema\/logo\/image\/","url":"https:\/\/ardigitalnoticias.com\/wp-content\/uploads\/2023\/11\/cropped-cropped-cropped-cropped-AR-Digital-Noticias-1.png","contentUrl":"https:\/\/ardigitalnoticias.com\/wp-content\/uploads\/2023\/11\/cropped-cropped-cropped-cropped-AR-Digital-Noticias-1.png","width":972,"height":306,"caption":"AR Digital Noticias"},"image":{"@id":"https:\/\/ardigitalnoticias.com\/#\/schema\/logo\/image\/"}},{"@type":"Person","@id":"https:\/\/ardigitalnoticias.com\/#\/schema\/person\/4d6f832eb727144069aa5231406bee31","name":"ardigitalnoticias.com","image":{"@type":"ImageObject","inLanguage":"es","@id":"https:\/\/secure.gravatar.com\/avatar\/4777fdc30546e8e4ffc5a3fbcdaddaae052002d1d9cc417a1f9f76349f6f1ecd?s=96&d=mm&r=g","url":"https:\/\/secure.gravatar.com\/avatar\/4777fdc30546e8e4ffc5a3fbcdaddaae052002d1d9cc417a1f9f76349f6f1ecd?s=96&d=mm&r=g","contentUrl":"https:\/\/secure.gravatar.com\/avatar\/4777fdc30546e8e4ffc5a3fbcdaddaae052002d1d9cc417a1f9f76349f6f1ecd?s=96&d=mm&r=g","caption":"ardigitalnoticias.com"},"sameAs":["http:\/\/ardigitalnoticias.com"],"url":"https:\/\/ardigitalnoticias.com\/index.php\/author\/ardigitalnoticias-com\/"}]}},"_links":{"self":[{"href":"https:\/\/ardigitalnoticias.com\/index.php\/wp-json\/wp\/v2\/posts\/1052","targetHints":{"allow":["GET"]}}],"collection":[{"href":"https:\/\/ardigitalnoticias.com\/index.php\/wp-json\/wp\/v2\/posts"}],"about":[{"href":"https:\/\/ardigitalnoticias.com\/index.php\/wp-json\/wp\/v2\/types\/post"}],"author":[{"embeddable":true,"href":"https:\/\/ardigitalnoticias.com\/index.php\/wp-json\/wp\/v2\/users\/1"}],"replies":[{"embeddable":true,"href":"https:\/\/ardigitalnoticias.com\/index.php\/wp-json\/wp\/v2\/comments?post=1052"}],"version-history":[{"count":2,"href":"https:\/\/ardigitalnoticias.com\/index.php\/wp-json\/wp\/v2\/posts\/1052\/revisions"}],"predecessor-version":[{"id":1057,"href":"https:\/\/ardigitalnoticias.com\/index.php\/wp-json\/wp\/v2\/posts\/1052\/revisions\/1057"}],"wp:featuredmedia":[{"embeddable":true,"href":"https:\/\/ardigitalnoticias.com\/index.php\/wp-json\/wp\/v2\/media\/1055"}],"wp:attachment":[{"href":"https:\/\/ardigitalnoticias.com\/index.php\/wp-json\/wp\/v2\/media?parent=1052"}],"wp:term":[{"taxonomy":"category","embeddable":true,"href":"https:\/\/ardigitalnoticias.com\/index.php\/wp-json\/wp\/v2\/categories?post=1052"},{"taxonomy":"post_tag","embeddable":true,"href":"https:\/\/ardigitalnoticias.com\/index.php\/wp-json\/wp\/v2\/tags?post=1052"}],"curies":[{"name":"wp","href":"https:\/\/api.w.org\/{rel}","templated":true}]}}