{"id":1030,"date":"2023-12-07T16:17:00","date_gmt":"2023-12-07T21:17:00","guid":{"rendered":"https:\/\/ardigitalnoticias.com\/?p=1030"},"modified":"2023-12-11T23:24:22","modified_gmt":"2023-12-12T04:24:22","slug":"amenaza-de-suicidio-en-puente-lata-en-la-ciudad-de-neiva-intervencion-de-autoridades-y-asistencia-psicologica","status":"publish","type":"post","link":"https:\/\/ardigitalnoticias.com\/index.php\/2023\/12\/07\/amenaza-de-suicidio-en-puente-lata-en-la-ciudad-de-neiva-intervencion-de-autoridades-y-asistencia-psicologica\/","title":{"rendered":"AMENAZA DE SUICIDIO EN PUENTE LATA EN LA CIUDAD DE NEIVA, INTERVENCI\u00d3N DE AUTORIDADES Y ASISTENCIA PSICOL\u00d3GICA"},"content":{"rendered":"\n<p>En un lamentable hecho, una joven ha amenazado con lanzarse desde el Puente Lata, ubicado sobre la Carrera 5 que cruza el R\u00edo Las Ceibas en Neiva. Las autoridades han respondido con prontitud, desplegando recursos para abordar la situaci\u00f3n delicada. M\u00e1s all\u00e1 de la respuesta inmediata, equipos especializados en salud mental han sido movilizados para <a><\/a>brindar apoyo psicol\u00f3gico a la joven, reconociendo la importancia de abordar no solo la emergencia f\u00edsica, sino tambi\u00e9n la dimensi\u00f3n emocional de la crisis.<\/p>\n\n\n\n<p>La intervenci\u00f3n coordinada de las autoridades locales no solo destaca la eficacia en la gesti\u00f3n de situaciones cr\u00edticas, sino que tambi\u00e9n resalta la sensibilidad hacia la salud mental de quienes enfrentan momentos dif\u00edciles. Este hecho subraya la necesidad continua de fortalecer los servicios de atenci\u00f3n psicol\u00f3gica y resalta la importancia de la colaboraci\u00f3n entre diversas instituciones para afrontar de manera integral las emergencias que afectan la salud mental de la comunidad.<\/p>\n","protected":false},"excerpt":{"rendered":"<p>En un lamentable hecho, una joven ha amenazado con lanzarse desde el Puente Lata, ubicado sobre la Carrera 5 que cruza el R\u00edo Las Ceibas en Neiva. Las autoridades han respondido con prontitud, desplegando recursos para abordar la situaci\u00f3n delicada. M\u00e1s all\u00e1 de la respuesta inmediata, equipos especializados en salud mental han sido movilizados para [&hellip;]<\/p>\n","protected":false},"author":1,"featured_media":1031,"comment_status":"open","ping_status":"open","sticky":false,"template":"","format":"standard","meta":{"_acf_changed":false,"_joinchat":[],"footnotes":""},"categories":[26],"tags":[],"class_list":{"0":"post-1030","1":"post","2":"type-post","3":"status-publish","4":"format-standard","5":"has-post-thumbnail","7":"category-norte"},"acf":[],"yoast_head":"<!-- This site is optimized with the Yoast SEO plugin v27.4 - https:\/\/yoast.com\/product\/yoast-seo-wordpress\/ -->\n<title>AMENAZA DE SUICIDIO EN PUENTE LATA EN LA CIUDAD DE NEIVA, INTERVENCI\u00d3N DE AUTORIDADES Y ASISTENCIA PSICOL\u00d3GICA - AR Digital Noticias<\/title>\n<meta name=\"robots\" content=\"index, follow, max-snippet:-1, max-image-preview:large, max-video-preview:-1\" \/>\n<link rel=\"canonical\" href=\"https:\/\/ardigitalnoticias.com\/index.php\/2023\/12\/07\/amenaza-de-suicidio-en-puente-lata-en-la-ciudad-de-neiva-intervencion-de-autoridades-y-asistencia-psicologica\/\" \/>\n<meta property=\"og:locale\" content=\"es_ES\" \/>\n<meta property=\"og:type\" content=\"article\" \/>\n<meta property=\"og:title\" content=\"AMENAZA DE SUICIDIO EN PUENTE LATA EN LA CIUDAD DE NEIVA, INTERVENCI\u00d3N DE AUTORIDADES Y ASISTENCIA PSICOL\u00d3GICA - AR Digital Noticias\" \/>\n<meta property=\"og:description\" content=\"En un lamentable hecho, una joven ha amenazado con lanzarse desde el Puente Lata, ubicado sobre la Carrera 5 que cruza el R\u00edo Las Ceibas en Neiva. Las autoridades han respondido con prontitud, desplegando recursos para abordar la situaci\u00f3n delicada. M\u00e1s all\u00e1 de la respuesta inmediata, equipos especializados en salud mental han sido movilizados para [&hellip;]\" \/>\n<meta property=\"og:url\" content=\"https:\/\/ardigitalnoticias.com\/index.php\/2023\/12\/07\/amenaza-de-suicidio-en-puente-lata-en-la-ciudad-de-neiva-intervencion-de-autoridades-y-asistencia-psicologica\/\" \/>\n<meta property=\"og:site_name\" content=\"AR Digital Noticias\" \/>\n<meta property=\"article:published_time\" content=\"2023-12-07T21:17:00+00:00\" \/>\n<meta property=\"article:modified_time\" content=\"2023-12-12T04:24:22+00:00\" \/>\n<meta property=\"og:image\" content=\"https:\/\/ardigitalnoticias.com\/wp-content\/uploads\/2023\/12\/406387246_745270407621157_3657913399072881528_n.jpg\" \/>\n\t<meta property=\"og:image:width\" content=\"1080\" \/>\n\t<meta property=\"og:image:height\" content=\"1080\" \/>\n\t<meta property=\"og:image:type\" content=\"image\/jpeg\" \/>\n<meta name=\"author\" content=\"ardigitalnoticias.com\" \/>\n<meta name=\"twitter:card\" content=\"summary_large_image\" \/>\n<meta name=\"twitter:label1\" content=\"Escrito por\" \/>\n\t<meta name=\"twitter:data1\" content=\"ardigitalnoticias.com\" \/>\n\t<meta name=\"twitter:label2\" content=\"Tiempo de lectura\" \/>\n\t<meta name=\"twitter:data2\" content=\"1 minuto\" \/>\n<script type=\"application\/ld+json\" class=\"yoast-schema-graph\">{\"@context\":\"https:\\\/\\\/schema.org\",\"@graph\":[{\"@type\":\"Article\",\"@id\":\"https:\\\/\\\/ardigitalnoticias.com\\\/index.php\\\/2023\\\/12\\\/07\\\/amenaza-de-suicidio-en-puente-lata-en-la-ciudad-de-neiva-intervencion-de-autoridades-y-asistencia-psicologica\\\/#article\",\"isPartOf\":{\"@id\":\"https:\\\/\\\/ardigitalnoticias.com\\\/index.php\\\/2023\\\/12\\\/07\\\/amenaza-de-suicidio-en-puente-lata-en-la-ciudad-de-neiva-intervencion-de-autoridades-y-asistencia-psicologica\\\/\"},\"author\":{\"name\":\"ardigitalnoticias.com\",\"@id\":\"https:\\\/\\\/ardigitalnoticias.com\\\/#\\\/schema\\\/person\\\/4d6f832eb727144069aa5231406bee31\"},\"headline\":\"AMENAZA DE SUICIDIO EN PUENTE LATA EN LA CIUDAD DE NEIVA, INTERVENCI\u00d3N DE AUTORIDADES Y ASISTENCIA PSICOL\u00d3GICA\",\"datePublished\":\"2023-12-07T21:17:00+00:00\",\"dateModified\":\"2023-12-12T04:24:22+00:00\",\"mainEntityOfPage\":{\"@id\":\"https:\\\/\\\/ardigitalnoticias.com\\\/index.php\\\/2023\\\/12\\\/07\\\/amenaza-de-suicidio-en-puente-lata-en-la-ciudad-de-neiva-intervencion-de-autoridades-y-asistencia-psicologica\\\/\"},\"wordCount\":183,\"commentCount\":0,\"publisher\":{\"@id\":\"https:\\\/\\\/ardigitalnoticias.com\\\/#organization\"},\"image\":{\"@id\":\"https:\\\/\\\/ardigitalnoticias.com\\\/index.php\\\/2023\\\/12\\\/07\\\/amenaza-de-suicidio-en-puente-lata-en-la-ciudad-de-neiva-intervencion-de-autoridades-y-asistencia-psicologica\\\/#primaryimage\"},\"thumbnailUrl\":\"https:\\\/\\\/ardigitalnoticias.com\\\/wp-content\\\/uploads\\\/2023\\\/12\\\/406387246_745270407621157_3657913399072881528_n.jpg\",\"articleSection\":[\"Norte\"],\"inLanguage\":\"es\",\"potentialAction\":[{\"@type\":\"CommentAction\",\"name\":\"Comment\",\"target\":[\"https:\\\/\\\/ardigitalnoticias.com\\\/index.php\\\/2023\\\/12\\\/07\\\/amenaza-de-suicidio-en-puente-lata-en-la-ciudad-de-neiva-intervencion-de-autoridades-y-asistencia-psicologica\\\/#respond\"]}]},{\"@type\":\"WebPage\",\"@id\":\"https:\\\/\\\/ardigitalnoticias.com\\\/index.php\\\/2023\\\/12\\\/07\\\/amenaza-de-suicidio-en-puente-lata-en-la-ciudad-de-neiva-intervencion-de-autoridades-y-asistencia-psicologica\\\/\",\"url\":\"https:\\\/\\\/ardigitalnoticias.com\\\/index.php\\\/2023\\\/12\\\/07\\\/amenaza-de-suicidio-en-puente-lata-en-la-ciudad-de-neiva-intervencion-de-autoridades-y-asistencia-psicologica\\\/\",\"name\":\"AMENAZA DE SUICIDIO EN PUENTE LATA EN LA CIUDAD DE NEIVA, INTERVENCI\u00d3N DE AUTORIDADES Y ASISTENCIA PSICOL\u00d3GICA - AR Digital Noticias\",\"isPartOf\":{\"@id\":\"https:\\\/\\\/ardigitalnoticias.com\\\/#website\"},\"primaryImageOfPage\":{\"@id\":\"https:\\\/\\\/ardigitalnoticias.com\\\/index.php\\\/2023\\\/12\\\/07\\\/amenaza-de-suicidio-en-puente-lata-en-la-ciudad-de-neiva-intervencion-de-autoridades-y-asistencia-psicologica\\\/#primaryimage\"},\"image\":{\"@id\":\"https:\\\/\\\/ardigitalnoticias.com\\\/index.php\\\/2023\\\/12\\\/07\\\/amenaza-de-suicidio-en-puente-lata-en-la-ciudad-de-neiva-intervencion-de-autoridades-y-asistencia-psicologica\\\/#primaryimage\"},\"thumbnailUrl\":\"https:\\\/\\\/ardigitalnoticias.com\\\/wp-content\\\/uploads\\\/2023\\\/12\\\/406387246_745270407621157_3657913399072881528_n.jpg\",\"datePublished\":\"2023-12-07T21:17:00+00:00\",\"dateModified\":\"2023-12-12T04:24:22+00:00\",\"breadcrumb\":{\"@id\":\"https:\\\/\\\/ardigitalnoticias.com\\\/index.php\\\/2023\\\/12\\\/07\\\/amenaza-de-suicidio-en-puente-lata-en-la-ciudad-de-neiva-intervencion-de-autoridades-y-asistencia-psicologica\\\/#breadcrumb\"},\"inLanguage\":\"es\",\"potentialAction\":[{\"@type\":\"ReadAction\",\"target\":[\"https:\\\/\\\/ardigitalnoticias.com\\\/index.php\\\/2023\\\/12\\\/07\\\/amenaza-de-suicidio-en-puente-lata-en-la-ciudad-de-neiva-intervencion-de-autoridades-y-asistencia-psicologica\\\/\"]}]},{\"@type\":\"ImageObject\",\"inLanguage\":\"es\",\"@id\":\"https:\\\/\\\/ardigitalnoticias.com\\\/index.php\\\/2023\\\/12\\\/07\\\/amenaza-de-suicidio-en-puente-lata-en-la-ciudad-de-neiva-intervencion-de-autoridades-y-asistencia-psicologica\\\/#primaryimage\",\"url\":\"https:\\\/\\\/ardigitalnoticias.com\\\/wp-content\\\/uploads\\\/2023\\\/12\\\/406387246_745270407621157_3657913399072881528_n.jpg\",\"contentUrl\":\"https:\\\/\\\/ardigitalnoticias.com\\\/wp-content\\\/uploads\\\/2023\\\/12\\\/406387246_745270407621157_3657913399072881528_n.jpg\",\"width\":1080,\"height\":1080},{\"@type\":\"BreadcrumbList\",\"@id\":\"https:\\\/\\\/ardigitalnoticias.com\\\/index.php\\\/2023\\\/12\\\/07\\\/amenaza-de-suicidio-en-puente-lata-en-la-ciudad-de-neiva-intervencion-de-autoridades-y-asistencia-psicologica\\\/#breadcrumb\",\"itemListElement\":[{\"@type\":\"ListItem\",\"position\":1,\"name\":\"Portada\",\"item\":\"https:\\\/\\\/ardigitalnoticias.com\\\/\"},{\"@type\":\"ListItem\",\"position\":2,\"name\":\"AMENAZA DE SUICIDIO EN PUENTE LATA EN LA CIUDAD DE NEIVA, INTERVENCI\u00d3N DE AUTORIDADES Y ASISTENCIA PSICOL\u00d3GICA\"}]},{\"@type\":\"WebSite\",\"@id\":\"https:\\\/\\\/ardigitalnoticias.com\\\/#website\",\"url\":\"https:\\\/\\\/ardigitalnoticias.com\\\/\",\"name\":\"AR Digital Noticias\",\"description\":\"\",\"publisher\":{\"@id\":\"https:\\\/\\\/ardigitalnoticias.com\\\/#organization\"},\"potentialAction\":[{\"@type\":\"SearchAction\",\"target\":{\"@type\":\"EntryPoint\",\"urlTemplate\":\"https:\\\/\\\/ardigitalnoticias.com\\\/?s={search_term_string}\"},\"query-input\":{\"@type\":\"PropertyValueSpecification\",\"valueRequired\":true,\"valueName\":\"search_term_string\"}}],\"inLanguage\":\"es\"},{\"@type\":\"Organization\",\"@id\":\"https:\\\/\\\/ardigitalnoticias.com\\\/#organization\",\"name\":\"AR Digital Noticias\",\"url\":\"https:\\\/\\\/ardigitalnoticias.com\\\/\",\"logo\":{\"@type\":\"ImageObject\",\"inLanguage\":\"es\",\"@id\":\"https:\\\/\\\/ardigitalnoticias.com\\\/#\\\/schema\\\/logo\\\/image\\\/\",\"url\":\"https:\\\/\\\/ardigitalnoticias.com\\\/wp-content\\\/uploads\\\/2023\\\/11\\\/cropped-cropped-cropped-cropped-AR-Digital-Noticias-1.png\",\"contentUrl\":\"https:\\\/\\\/ardigitalnoticias.com\\\/wp-content\\\/uploads\\\/2023\\\/11\\\/cropped-cropped-cropped-cropped-AR-Digital-Noticias-1.png\",\"width\":972,\"height\":306,\"caption\":\"AR Digital Noticias\"},\"image\":{\"@id\":\"https:\\\/\\\/ardigitalnoticias.com\\\/#\\\/schema\\\/logo\\\/image\\\/\"}},{\"@type\":\"Person\",\"@id\":\"https:\\\/\\\/ardigitalnoticias.com\\\/#\\\/schema\\\/person\\\/4d6f832eb727144069aa5231406bee31\",\"name\":\"ardigitalnoticias.com\",\"image\":{\"@type\":\"ImageObject\",\"inLanguage\":\"es\",\"@id\":\"https:\\\/\\\/secure.gravatar.com\\\/avatar\\\/4777fdc30546e8e4ffc5a3fbcdaddaae052002d1d9cc417a1f9f76349f6f1ecd?s=96&d=mm&r=g\",\"url\":\"https:\\\/\\\/secure.gravatar.com\\\/avatar\\\/4777fdc30546e8e4ffc5a3fbcdaddaae052002d1d9cc417a1f9f76349f6f1ecd?s=96&d=mm&r=g\",\"contentUrl\":\"https:\\\/\\\/secure.gravatar.com\\\/avatar\\\/4777fdc30546e8e4ffc5a3fbcdaddaae052002d1d9cc417a1f9f76349f6f1ecd?s=96&d=mm&r=g\",\"caption\":\"ardigitalnoticias.com\"},\"sameAs\":[\"http:\\\/\\\/ardigitalnoticias.com\"],\"url\":\"https:\\\/\\\/ardigitalnoticias.com\\\/index.php\\\/author\\\/ardigitalnoticias-com\\\/\"}]}<\/script>\n<!-- \/ Yoast SEO plugin. -->","yoast_head_json":{"title":"AMENAZA DE SUICIDIO EN PUENTE LATA EN LA CIUDAD DE NEIVA, INTERVENCI\u00d3N DE AUTORIDADES Y ASISTENCIA PSICOL\u00d3GICA - AR Digital Noticias","robots":{"index":"index","follow":"follow","max-snippet":"max-snippet:-1","max-image-preview":"max-image-preview:large","max-video-preview":"max-video-preview:-1"},"canonical":"https:\/\/ardigitalnoticias.com\/index.php\/2023\/12\/07\/amenaza-de-suicidio-en-puente-lata-en-la-ciudad-de-neiva-intervencion-de-autoridades-y-asistencia-psicologica\/","og_locale":"es_ES","og_type":"article","og_title":"AMENAZA DE SUICIDIO EN PUENTE LATA EN LA CIUDAD DE NEIVA, INTERVENCI\u00d3N DE AUTORIDADES Y ASISTENCIA PSICOL\u00d3GICA - AR Digital Noticias","og_description":"En un lamentable hecho, una joven ha amenazado con lanzarse desde el Puente Lata, ubicado sobre la Carrera 5 que cruza el R\u00edo Las Ceibas en Neiva. Las autoridades han respondido con prontitud, desplegando recursos para abordar la situaci\u00f3n delicada. M\u00e1s all\u00e1 de la respuesta inmediata, equipos especializados en salud mental han sido movilizados para [&hellip;]","og_url":"https:\/\/ardigitalnoticias.com\/index.php\/2023\/12\/07\/amenaza-de-suicidio-en-puente-lata-en-la-ciudad-de-neiva-intervencion-de-autoridades-y-asistencia-psicologica\/","og_site_name":"AR Digital Noticias","article_published_time":"2023-12-07T21:17:00+00:00","article_modified_time":"2023-12-12T04:24:22+00:00","og_image":[{"width":1080,"height":1080,"url":"https:\/\/ardigitalnoticias.com\/wp-content\/uploads\/2023\/12\/406387246_745270407621157_3657913399072881528_n.jpg","type":"image\/jpeg"}],"author":"ardigitalnoticias.com","twitter_card":"summary_large_image","twitter_misc":{"Escrito por":"ardigitalnoticias.com","Tiempo de lectura":"1 minuto"},"schema":{"@context":"https:\/\/schema.org","@graph":[{"@type":"Article","@id":"https:\/\/ardigitalnoticias.com\/index.php\/2023\/12\/07\/amenaza-de-suicidio-en-puente-lata-en-la-ciudad-de-neiva-intervencion-de-autoridades-y-asistencia-psicologica\/#article","isPartOf":{"@id":"https:\/\/ardigitalnoticias.com\/index.php\/2023\/12\/07\/amenaza-de-suicidio-en-puente-lata-en-la-ciudad-de-neiva-intervencion-de-autoridades-y-asistencia-psicologica\/"},"author":{"name":"ardigitalnoticias.com","@id":"https:\/\/ardigitalnoticias.com\/#\/schema\/person\/4d6f832eb727144069aa5231406bee31"},"headline":"AMENAZA DE SUICIDIO EN PUENTE LATA EN LA CIUDAD DE NEIVA, INTERVENCI\u00d3N DE AUTORIDADES Y ASISTENCIA PSICOL\u00d3GICA","datePublished":"2023-12-07T21:17:00+00:00","dateModified":"2023-12-12T04:24:22+00:00","mainEntityOfPage":{"@id":"https:\/\/ardigitalnoticias.com\/index.php\/2023\/12\/07\/amenaza-de-suicidio-en-puente-lata-en-la-ciudad-de-neiva-intervencion-de-autoridades-y-asistencia-psicologica\/"},"wordCount":183,"commentCount":0,"publisher":{"@id":"https:\/\/ardigitalnoticias.com\/#organization"},"image":{"@id":"https:\/\/ardigitalnoticias.com\/index.php\/2023\/12\/07\/amenaza-de-suicidio-en-puente-lata-en-la-ciudad-de-neiva-intervencion-de-autoridades-y-asistencia-psicologica\/#primaryimage"},"thumbnailUrl":"https:\/\/ardigitalnoticias.com\/wp-content\/uploads\/2023\/12\/406387246_745270407621157_3657913399072881528_n.jpg","articleSection":["Norte"],"inLanguage":"es","potentialAction":[{"@type":"CommentAction","name":"Comment","target":["https:\/\/ardigitalnoticias.com\/index.php\/2023\/12\/07\/amenaza-de-suicidio-en-puente-lata-en-la-ciudad-de-neiva-intervencion-de-autoridades-y-asistencia-psicologica\/#respond"]}]},{"@type":"WebPage","@id":"https:\/\/ardigitalnoticias.com\/index.php\/2023\/12\/07\/amenaza-de-suicidio-en-puente-lata-en-la-ciudad-de-neiva-intervencion-de-autoridades-y-asistencia-psicologica\/","url":"https:\/\/ardigitalnoticias.com\/index.php\/2023\/12\/07\/amenaza-de-suicidio-en-puente-lata-en-la-ciudad-de-neiva-intervencion-de-autoridades-y-asistencia-psicologica\/","name":"AMENAZA DE SUICIDIO EN PUENTE LATA EN LA CIUDAD DE NEIVA, INTERVENCI\u00d3N DE AUTORIDADES Y ASISTENCIA PSICOL\u00d3GICA - AR Digital Noticias","isPartOf":{"@id":"https:\/\/ardigitalnoticias.com\/#website"},"primaryImageOfPage":{"@id":"https:\/\/ardigitalnoticias.com\/index.php\/2023\/12\/07\/amenaza-de-suicidio-en-puente-lata-en-la-ciudad-de-neiva-intervencion-de-autoridades-y-asistencia-psicologica\/#primaryimage"},"image":{"@id":"https:\/\/ardigitalnoticias.com\/index.php\/2023\/12\/07\/amenaza-de-suicidio-en-puente-lata-en-la-ciudad-de-neiva-intervencion-de-autoridades-y-asistencia-psicologica\/#primaryimage"},"thumbnailUrl":"https:\/\/ardigitalnoticias.com\/wp-content\/uploads\/2023\/12\/406387246_745270407621157_3657913399072881528_n.jpg","datePublished":"2023-12-07T21:17:00+00:00","dateModified":"2023-12-12T04:24:22+00:00","breadcrumb":{"@id":"https:\/\/ardigitalnoticias.com\/index.php\/2023\/12\/07\/amenaza-de-suicidio-en-puente-lata-en-la-ciudad-de-neiva-intervencion-de-autoridades-y-asistencia-psicologica\/#breadcrumb"},"inLanguage":"es","potentialAction":[{"@type":"ReadAction","target":["https:\/\/ardigitalnoticias.com\/index.php\/2023\/12\/07\/amenaza-de-suicidio-en-puente-lata-en-la-ciudad-de-neiva-intervencion-de-autoridades-y-asistencia-psicologica\/"]}]},{"@type":"ImageObject","inLanguage":"es","@id":"https:\/\/ardigitalnoticias.com\/index.php\/2023\/12\/07\/amenaza-de-suicidio-en-puente-lata-en-la-ciudad-de-neiva-intervencion-de-autoridades-y-asistencia-psicologica\/#primaryimage","url":"https:\/\/ardigitalnoticias.com\/wp-content\/uploads\/2023\/12\/406387246_745270407621157_3657913399072881528_n.jpg","contentUrl":"https:\/\/ardigitalnoticias.com\/wp-content\/uploads\/2023\/12\/406387246_745270407621157_3657913399072881528_n.jpg","width":1080,"height":1080},{"@type":"BreadcrumbList","@id":"https:\/\/ardigitalnoticias.com\/index.php\/2023\/12\/07\/amenaza-de-suicidio-en-puente-lata-en-la-ciudad-de-neiva-intervencion-de-autoridades-y-asistencia-psicologica\/#breadcrumb","itemListElement":[{"@type":"ListItem","position":1,"name":"Portada","item":"https:\/\/ardigitalnoticias.com\/"},{"@type":"ListItem","position":2,"name":"AMENAZA DE SUICIDIO EN PUENTE LATA EN LA CIUDAD DE NEIVA, INTERVENCI\u00d3N DE AUTORIDADES Y ASISTENCIA PSICOL\u00d3GICA"}]},{"@type":"WebSite","@id":"https:\/\/ardigitalnoticias.com\/#website","url":"https:\/\/ardigitalnoticias.com\/","name":"AR Digital Noticias","description":"","publisher":{"@id":"https:\/\/ardigitalnoticias.com\/#organization"},"potentialAction":[{"@type":"SearchAction","target":{"@type":"EntryPoint","urlTemplate":"https:\/\/ardigitalnoticias.com\/?s={search_term_string}"},"query-input":{"@type":"PropertyValueSpecification","valueRequired":true,"valueName":"search_term_string"}}],"inLanguage":"es"},{"@type":"Organization","@id":"https:\/\/ardigitalnoticias.com\/#organization","name":"AR Digital Noticias","url":"https:\/\/ardigitalnoticias.com\/","logo":{"@type":"ImageObject","inLanguage":"es","@id":"https:\/\/ardigitalnoticias.com\/#\/schema\/logo\/image\/","url":"https:\/\/ardigitalnoticias.com\/wp-content\/uploads\/2023\/11\/cropped-cropped-cropped-cropped-AR-Digital-Noticias-1.png","contentUrl":"https:\/\/ardigitalnoticias.com\/wp-content\/uploads\/2023\/11\/cropped-cropped-cropped-cropped-AR-Digital-Noticias-1.png","width":972,"height":306,"caption":"AR Digital Noticias"},"image":{"@id":"https:\/\/ardigitalnoticias.com\/#\/schema\/logo\/image\/"}},{"@type":"Person","@id":"https:\/\/ardigitalnoticias.com\/#\/schema\/person\/4d6f832eb727144069aa5231406bee31","name":"ardigitalnoticias.com","image":{"@type":"ImageObject","inLanguage":"es","@id":"https:\/\/secure.gravatar.com\/avatar\/4777fdc30546e8e4ffc5a3fbcdaddaae052002d1d9cc417a1f9f76349f6f1ecd?s=96&d=mm&r=g","url":"https:\/\/secure.gravatar.com\/avatar\/4777fdc30546e8e4ffc5a3fbcdaddaae052002d1d9cc417a1f9f76349f6f1ecd?s=96&d=mm&r=g","contentUrl":"https:\/\/secure.gravatar.com\/avatar\/4777fdc30546e8e4ffc5a3fbcdaddaae052002d1d9cc417a1f9f76349f6f1ecd?s=96&d=mm&r=g","caption":"ardigitalnoticias.com"},"sameAs":["http:\/\/ardigitalnoticias.com"],"url":"https:\/\/ardigitalnoticias.com\/index.php\/author\/ardigitalnoticias-com\/"}]}},"_links":{"self":[{"href":"https:\/\/ardigitalnoticias.com\/index.php\/wp-json\/wp\/v2\/posts\/1030","targetHints":{"allow":["GET"]}}],"collection":[{"href":"https:\/\/ardigitalnoticias.com\/index.php\/wp-json\/wp\/v2\/posts"}],"about":[{"href":"https:\/\/ardigitalnoticias.com\/index.php\/wp-json\/wp\/v2\/types\/post"}],"author":[{"embeddable":true,"href":"https:\/\/ardigitalnoticias.com\/index.php\/wp-json\/wp\/v2\/users\/1"}],"replies":[{"embeddable":true,"href":"https:\/\/ardigitalnoticias.com\/index.php\/wp-json\/wp\/v2\/comments?post=1030"}],"version-history":[{"count":1,"href":"https:\/\/ardigitalnoticias.com\/index.php\/wp-json\/wp\/v2\/posts\/1030\/revisions"}],"predecessor-version":[{"id":1032,"href":"https:\/\/ardigitalnoticias.com\/index.php\/wp-json\/wp\/v2\/posts\/1030\/revisions\/1032"}],"wp:featuredmedia":[{"embeddable":true,"href":"https:\/\/ardigitalnoticias.com\/index.php\/wp-json\/wp\/v2\/media\/1031"}],"wp:attachment":[{"href":"https:\/\/ardigitalnoticias.com\/index.php\/wp-json\/wp\/v2\/media?parent=1030"}],"wp:term":[{"taxonomy":"category","embeddable":true,"href":"https:\/\/ardigitalnoticias.com\/index.php\/wp-json\/wp\/v2\/categories?post=1030"},{"taxonomy":"post_tag","embeddable":true,"href":"https:\/\/ardigitalnoticias.com\/index.php\/wp-json\/wp\/v2\/tags?post=1030"}],"curies":[{"name":"wp","href":"https:\/\/api.w.org\/{rel}","templated":true}]}}